{"id":78498,"date":"2022-05-27T11:57:02","date_gmt":"2022-05-27T14:57:02","guid":{"rendered":"https:\/\/www.informelitoral.com.ar\/?p=78498"},"modified":"2022-05-27T11:57:02","modified_gmt":"2022-05-27T14:57:02","slug":"motociclista-ingreso-a-la-guardia-medica-tras-chocar-con-un-utilitario","status":"publish","type":"post","link":"https:\/\/informelitoral.com.ar\/motociclista-ingreso-a-la-guardia-medica-tras-chocar-con-un-utilitario\/","title":{"rendered":"Motociclista ingres\u00f3 a la guardia m\u00e9dica tras chocar con un utilitario"},"content":{"rendered":"<p>A las 8:00 de este viernes, la fuerza de seguridad, inspectores de tr\u00e1nsito y el servicio de emergencia, acudieron hasta Moreno y Dr. So\u00f1ez de esta ciudad, donde momentos antes hab\u00edan impactado dos veh\u00edculos.<\/p>\n<p>Por razones que se tratan de establecer, una moto que era guiada por un joven de 22 a\u00f1os de edad, protagoniz\u00f3 el siniestro vial junto a un utilitario Berlingo, que se encontraba al mando de una mujer de 41 a\u00f1os, ambos radicados en Crespo.<\/p>\n<p>El conductor de la unidad de menor porte fue derivado en ambulancia al Hospital San Francisco de As\u00eds, donde se le realizan los ex\u00e1menes de rigor para determinar el car\u00e1cter de las lesiones, descart\u00e1ndose secuelas que impliquen riesgo de vida.<\/p>\n<p>Asimismo, una dotaci\u00f3n de la Guardia Urbana Municipal concretar\u00e1 la retenci\u00f3n preventiva de la moto en el lugar, habida cuenta de no portar seguro obligatorio, quedando la misma a disposici\u00f3n del Juzgado de Faltas.(<em>Estaci\u00f3n Plus Crespo<\/em>)<\/p>\n","protected":false},"excerpt":{"rendered":"<p>Ocurri\u00f3 en la intersecci\u00f3n de Moreno y Dr. So\u00f1ez. La unidad de menor porte fue retenida, ante la carencia de seguro obligatorio.<\/p>\n","protected":false},"author":8,"featured_media":78499,"comment_status":"open","ping_status":"open","sticky":false,"template":"","format":"standard","meta":{"fifu_image_url":"","fifu_image_alt":"","footnotes":""},"categories":[14],"tags":[304],"class_list":{"0":"post-78498","1":"post","2":"type-post","3":"status-publish","4":"format-standard","5":"has-post-thumbnail","7":"category-policiales","8":"tag-accidente-vial"},"yoast_head":"<title>Motociclista ingres\u00f3 a la guardia m\u00e9dica tras chocar con un utilitario - Informe Litoral<\/title>\n<meta name=\"robots\" content=\"index, follow, max-snippet:-1, max-image-preview:large, max-video-preview:-1\" \/>\n<link rel=\"canonical\" href=\"https:\/\/informelitoral.com.ar\/motociclista-ingreso-a-la-guardia-medica-tras-chocar-con-un-utilitario\/\" \/>\n<meta property=\"og:locale\" content=\"es_ES\" \/>\n<meta property=\"og:type\" content=\"article\" \/>\n<meta property=\"og:title\" content=\"Motociclista ingres\u00f3 a la guardia m\u00e9dica tras chocar con un utilitario - Informe Litoral\" \/>\n<meta property=\"og:description\" content=\"Ocurri\u00f3 en la intersecci\u00f3n de Moreno y Dr. So\u00f1ez. La unidad de menor porte fue retenida, ante la carencia de seguro obligatorio.\" \/>\n<meta property=\"og:url\" content=\"https:\/\/informelitoral.com.ar\/motociclista-ingreso-a-la-guardia-medica-tras-chocar-con-un-utilitario\/\" \/>\n<meta property=\"og:site_name\" content=\"Informe Litoral\" \/>\n<meta property=\"article:publisher\" content=\"https:\/\/www.facebook.com\/informelitoral\/\" \/>\n<meta property=\"article:published_time\" content=\"2022-05-27T14:57:02+00:00\" \/>\n<meta property=\"og:image\" content=\"https:\/\/informelitoral.com.ar\/%77%70%2d%63%6f%6e%74%65%6e%74\/uploads\/2022\/05\/accidente-crespo3.jpeg\" \/>\n\t<meta property=\"og:image:width\" content=\"1032\" \/>\n\t<meta property=\"og:image:height\" content=\"774\" \/>\n\t<meta property=\"og:image:type\" content=\"image\/jpeg\" \/>\n<meta name=\"author\" content=\"Sebastian\" \/>\n<meta name=\"twitter:card\" content=\"summary_large_image\" \/>\n<meta name=\"twitter:creator\" content=\"@InformeLitoral\" \/>\n<meta name=\"twitter:site\" content=\"@InformeLitoral\" \/>\n<meta name=\"twitter:label1\" content=\"Escrito por\" \/>\n\t<meta name=\"twitter:data1\" content=\"Sebastian\" \/>\n\t<meta name=\"twitter:label2\" content=\"Tiempo de lectura\" \/>\n\t<meta name=\"twitter:data2\" content=\"1 minuto\" \/>\n<script type=\"application\/ld+json\" class=\"yoast-schema-graph\">{\"@context\":\"https:\\\/\\\/schema.org\",\"@graph\":[{\"@type\":\"Article\",\"@id\":\"https:\\\/\\\/informelitoral.com.ar\\\/motociclista-ingreso-a-la-guardia-medica-tras-chocar-con-un-utilitario\\\/#article\",\"isPartOf\":{\"@id\":\"https:\\\/\\\/informelitoral.com.ar\\\/motociclista-ingreso-a-la-guardia-medica-tras-chocar-con-un-utilitario\\\/\"},\"author\":{\"name\":\"Sebastian\",\"@id\":\"https:\\\/\\\/informelitoral.com.ar\\\/#\\\/schema\\\/person\\\/f05f9f461677119578717524b127d6d5\"},\"headline\":\"Motociclista ingres\u00f3 a la guardia m\u00e9dica tras chocar con un utilitario\",\"datePublished\":\"2022-05-27T14:57:02+00:00\",\"mainEntityOfPage\":{\"@id\":\"https:\\\/\\\/informelitoral.com.ar\\\/motociclista-ingreso-a-la-guardia-medica-tras-chocar-con-un-utilitario\\\/\"},\"wordCount\":178,\"commentCount\":0,\"publisher\":{\"@id\":\"https:\\\/\\\/informelitoral.com.ar\\\/#organization\"},\"image\":{\"@id\":\"https:\\\/\\\/informelitoral.com.ar\\\/motociclista-ingreso-a-la-guardia-medica-tras-chocar-con-un-utilitario\\\/#primaryimage\"},\"thumbnailUrl\":\"https:\\\/\\\/informelitoral.com.ar\\\/%77%70%2d%63%6f%6e%74%65%6e%74\\\/uploads\\\/2022\\\/05\\\/accidente-crespo3.jpeg\",\"keywords\":[\"Accidente vial\"],\"articleSection\":[\"Policiales\"],\"inLanguage\":\"es\",\"potentialAction\":[{\"@type\":\"CommentAction\",\"name\":\"Comment\",\"target\":[\"https:\\\/\\\/informelitoral.com.ar\\\/motociclista-ingreso-a-la-guardia-medica-tras-chocar-con-un-utilitario\\\/#respond\"]}]},{\"@type\":\"WebPage\",\"@id\":\"https:\\\/\\\/informelitoral.com.ar\\\/motociclista-ingreso-a-la-guardia-medica-tras-chocar-con-un-utilitario\\\/\",\"url\":\"https:\\\/\\\/informelitoral.com.ar\\\/motociclista-ingreso-a-la-guardia-medica-tras-chocar-con-un-utilitario\\\/\",\"name\":\"Motociclista ingres\u00f3 a la guardia m\u00e9dica tras chocar con un utilitario - Informe Litoral\",\"isPartOf\":{\"@id\":\"https:\\\/\\\/informelitoral.com.ar\\\/#website\"},\"primaryImageOfPage\":{\"@id\":\"https:\\\/\\\/informelitoral.com.ar\\\/motociclista-ingreso-a-la-guardia-medica-tras-chocar-con-un-utilitario\\\/#primaryimage\"},\"image\":{\"@id\":\"https:\\\/\\\/informelitoral.com.ar\\\/motociclista-ingreso-a-la-guardia-medica-tras-chocar-con-un-utilitario\\\/#primaryimage\"},\"thumbnailUrl\":\"https:\\\/\\\/informelitoral.com.ar\\\/%77%70%2d%63%6f%6e%74%65%6e%74\\\/uploads\\\/2022\\\/05\\\/accidente-crespo3.jpeg\",\"datePublished\":\"2022-05-27T14:57:02+00:00\",\"breadcrumb\":{\"@id\":\"https:\\\/\\\/informelitoral.com.ar\\\/motociclista-ingreso-a-la-guardia-medica-tras-chocar-con-un-utilitario\\\/#breadcrumb\"},\"inLanguage\":\"es\",\"potentialAction\":[{\"@type\":\"ReadAction\",\"target\":[\"https:\\\/\\\/informelitoral.com.ar\\\/motociclista-ingreso-a-la-guardia-medica-tras-chocar-con-un-utilitario\\\/\"]}]},{\"@type\":\"ImageObject\",\"inLanguage\":\"es\",\"@id\":\"https:\\\/\\\/informelitoral.com.ar\\\/motociclista-ingreso-a-la-guardia-medica-tras-chocar-con-un-utilitario\\\/#primaryimage\",\"url\":\"https:\\\/\\\/informelitoral.com.ar\\\/%77%70%2d%63%6f%6e%74%65%6e%74\\\/uploads\\\/2022\\\/05\\\/accidente-crespo3.jpeg\",\"contentUrl\":\"https:\\\/\\\/informelitoral.com.ar\\\/%77%70%2d%63%6f%6e%74%65%6e%74\\\/uploads\\\/2022\\\/05\\\/accidente-crespo3.jpeg\",\"width\":1032,\"height\":774},{\"@type\":\"BreadcrumbList\",\"@id\":\"https:\\\/\\\/informelitoral.com.ar\\\/motociclista-ingreso-a-la-guardia-medica-tras-chocar-con-un-utilitario\\\/#breadcrumb\",\"itemListElement\":[{\"@type\":\"ListItem\",\"position\":1,\"name\":\"Portada\",\"item\":\"https:\\\/\\\/informelitoral.com.ar\\\/\"},{\"@type\":\"ListItem\",\"position\":2,\"name\":\"Motociclista ingres\u00f3 a la guardia m\u00e9dica tras chocar con un utilitario\"}]},{\"@type\":\"WebSite\",\"@id\":\"https:\\\/\\\/informelitoral.com.ar\\\/#website\",\"url\":\"https:\\\/\\\/informelitoral.com.ar\\\/\",\"name\":\"Informe Litoral\",\"description\":\"&quot;Nos informamos&quot; \",\"publisher\":{\"@id\":\"https:\\\/\\\/informelitoral.com.ar\\\/#organization\"},\"potentialAction\":[{\"@type\":\"SearchAction\",\"target\":{\"@type\":\"EntryPoint\",\"urlTemplate\":\"https:\\\/\\\/informelitoral.com.ar\\\/?s={search_term_string}\"},\"query-input\":{\"@type\":\"PropertyValueSpecification\",\"valueRequired\":true,\"valueName\":\"search_term_string\"}}],\"inLanguage\":\"es\"},{\"@type\":\"Organization\",\"@id\":\"https:\\\/\\\/informelitoral.com.ar\\\/#organization\",\"name\":\"Informe Litoral\",\"url\":\"https:\\\/\\\/informelitoral.com.ar\\\/\",\"logo\":{\"@type\":\"ImageObject\",\"inLanguage\":\"es\",\"@id\":\"https:\\\/\\\/informelitoral.com.ar\\\/#\\\/schema\\\/logo\\\/image\\\/\",\"url\":\"https:\\\/\\\/informelitoral.com.ar\\\/%77%70%2d%63%6f%6e%74%65%6e%74\\\/uploads\\\/2021\\\/01\\\/circulo.png\",\"contentUrl\":\"https:\\\/\\\/informelitoral.com.ar\\\/%77%70%2d%63%6f%6e%74%65%6e%74\\\/uploads\\\/2021\\\/01\\\/circulo.png\",\"width\":723,\"height\":731,\"caption\":\"Informe Litoral\"},\"image\":{\"@id\":\"https:\\\/\\\/informelitoral.com.ar\\\/#\\\/schema\\\/logo\\\/image\\\/\"},\"sameAs\":[\"https:\\\/\\\/www.facebook.com\\\/informelitoral\\\/\",\"https:\\\/\\\/x.com\\\/InformeLitoral\",\"https:\\\/\\\/www.instagram.com\\\/informelitoral\\\/\",\"https:\\\/\\\/www.youtube.com\\\/channel\\\/UCua4Qvz8Icb6MYqhoq9xLXw\"]},{\"@type\":\"Person\",\"@id\":\"https:\\\/\\\/informelitoral.com.ar\\\/#\\\/schema\\\/person\\\/f05f9f461677119578717524b127d6d5\",\"name\":\"Sebastian\",\"image\":{\"@type\":\"ImageObject\",\"inLanguage\":\"es\",\"@id\":\"https:\\\/\\\/secure.gravatar.com\\\/avatar\\\/b71bf7481d447dfb9583c7f2798e7cc64de6efb9067b74633ed8c31059a3bd82?s=96&d=mm&r=g\",\"url\":\"https:\\\/\\\/secure.gravatar.com\\\/avatar\\\/b71bf7481d447dfb9583c7f2798e7cc64de6efb9067b74633ed8c31059a3bd82?s=96&d=mm&r=g\",\"contentUrl\":\"https:\\\/\\\/secure.gravatar.com\\\/avatar\\\/b71bf7481d447dfb9583c7f2798e7cc64de6efb9067b74633ed8c31059a3bd82?s=96&d=mm&r=g\",\"caption\":\"Sebastian\"},\"url\":\"https:\\\/\\\/informelitoral.com.ar\\\/author\\\/sebastian\\\/\"}]}<\/script>","yoast_head_json":{"title":"Motociclista ingres\u00f3 a la guardia m\u00e9dica tras chocar con un utilitario - Informe Litoral","robots":{"index":"index","follow":"follow","max-snippet":"max-snippet:-1","max-image-preview":"max-image-preview:large","max-video-preview":"max-video-preview:-1"},"canonical":"https:\/\/informelitoral.com.ar\/motociclista-ingreso-a-la-guardia-medica-tras-chocar-con-un-utilitario\/","og_locale":"es_ES","og_type":"article","og_title":"Motociclista ingres\u00f3 a la guardia m\u00e9dica tras chocar con un utilitario - Informe Litoral","og_description":"Ocurri\u00f3 en la intersecci\u00f3n de Moreno y Dr. So\u00f1ez. La unidad de menor porte fue retenida, ante la carencia de seguro obligatorio.","og_url":"https:\/\/informelitoral.com.ar\/motociclista-ingreso-a-la-guardia-medica-tras-chocar-con-un-utilitario\/","og_site_name":"Informe Litoral","article_publisher":"https:\/\/www.facebook.com\/informelitoral\/","article_published_time":"2022-05-27T14:57:02+00:00","og_image":[{"width":1032,"height":774,"url":"https:\/\/informelitoral.com.ar\/%77%70%2d%63%6f%6e%74%65%6e%74\/uploads\/2022\/05\/accidente-crespo3.jpeg","type":"image\/jpeg"}],"author":"Sebastian","twitter_card":"summary_large_image","twitter_creator":"@InformeLitoral","twitter_site":"@InformeLitoral","twitter_misc":{"Escrito por":"Sebastian","Tiempo de lectura":"1 minuto"},"schema":{"@context":"https:\/\/schema.org","@graph":[{"@type":"Article","@id":"https:\/\/informelitoral.com.ar\/motociclista-ingreso-a-la-guardia-medica-tras-chocar-con-un-utilitario\/#article","isPartOf":{"@id":"https:\/\/informelitoral.com.ar\/motociclista-ingreso-a-la-guardia-medica-tras-chocar-con-un-utilitario\/"},"author":{"name":"Sebastian","@id":"https:\/\/informelitoral.com.ar\/#\/schema\/person\/f05f9f461677119578717524b127d6d5"},"headline":"Motociclista ingres\u00f3 a la guardia m\u00e9dica tras chocar con un utilitario","datePublished":"2022-05-27T14:57:02+00:00","mainEntityOfPage":{"@id":"https:\/\/informelitoral.com.ar\/motociclista-ingreso-a-la-guardia-medica-tras-chocar-con-un-utilitario\/"},"wordCount":178,"commentCount":0,"publisher":{"@id":"https:\/\/informelitoral.com.ar\/#organization"},"image":{"@id":"https:\/\/informelitoral.com.ar\/motociclista-ingreso-a-la-guardia-medica-tras-chocar-con-un-utilitario\/#primaryimage"},"thumbnailUrl":"https:\/\/informelitoral.com.ar\/%77%70%2d%63%6f%6e%74%65%6e%74\/uploads\/2022\/05\/accidente-crespo3.jpeg","keywords":["Accidente vial"],"articleSection":["Policiales"],"inLanguage":"es","potentialAction":[{"@type":"CommentAction","name":"Comment","target":["https:\/\/informelitoral.com.ar\/motociclista-ingreso-a-la-guardia-medica-tras-chocar-con-un-utilitario\/#respond"]}]},{"@type":"WebPage","@id":"https:\/\/informelitoral.com.ar\/motociclista-ingreso-a-la-guardia-medica-tras-chocar-con-un-utilitario\/","url":"https:\/\/informelitoral.com.ar\/motociclista-ingreso-a-la-guardia-medica-tras-chocar-con-un-utilitario\/","name":"Motociclista ingres\u00f3 a la guardia m\u00e9dica tras chocar con un utilitario - Informe Litoral","isPartOf":{"@id":"https:\/\/informelitoral.com.ar\/#website"},"primaryImageOfPage":{"@id":"https:\/\/informelitoral.com.ar\/motociclista-ingreso-a-la-guardia-medica-tras-chocar-con-un-utilitario\/#primaryimage"},"image":{"@id":"https:\/\/informelitoral.com.ar\/motociclista-ingreso-a-la-guardia-medica-tras-chocar-con-un-utilitario\/#primaryimage"},"thumbnailUrl":"https:\/\/informelitoral.com.ar\/%77%70%2d%63%6f%6e%74%65%6e%74\/uploads\/2022\/05\/accidente-crespo3.jpeg","datePublished":"2022-05-27T14:57:02+00:00","breadcrumb":{"@id":"https:\/\/informelitoral.com.ar\/motociclista-ingreso-a-la-guardia-medica-tras-chocar-con-un-utilitario\/#breadcrumb"},"inLanguage":"es","potentialAction":[{"@type":"ReadAction","target":["https:\/\/informelitoral.com.ar\/motociclista-ingreso-a-la-guardia-medica-tras-chocar-con-un-utilitario\/"]}]},{"@type":"ImageObject","inLanguage":"es","@id":"https:\/\/informelitoral.com.ar\/motociclista-ingreso-a-la-guardia-medica-tras-chocar-con-un-utilitario\/#primaryimage","url":"https:\/\/informelitoral.com.ar\/%77%70%2d%63%6f%6e%74%65%6e%74\/uploads\/2022\/05\/accidente-crespo3.jpeg","contentUrl":"https:\/\/informelitoral.com.ar\/%77%70%2d%63%6f%6e%74%65%6e%74\/uploads\/2022\/05\/accidente-crespo3.jpeg","width":1032,"height":774},{"@type":"BreadcrumbList","@id":"https:\/\/informelitoral.com.ar\/motociclista-ingreso-a-la-guardia-medica-tras-chocar-con-un-utilitario\/#breadcrumb","itemListElement":[{"@type":"ListItem","position":1,"name":"Portada","item":"https:\/\/informelitoral.com.ar\/"},{"@type":"ListItem","position":2,"name":"Motociclista ingres\u00f3 a la guardia m\u00e9dica tras chocar con un utilitario"}]},{"@type":"WebSite","@id":"https:\/\/informelitoral.com.ar\/#website","url":"https:\/\/informelitoral.com.ar\/","name":"Informe Litoral","description":"&quot;Nos informamos&quot; ","publisher":{"@id":"https:\/\/informelitoral.com.ar\/#organization"},"potentialAction":[{"@type":"SearchAction","target":{"@type":"EntryPoint","urlTemplate":"https:\/\/informelitoral.com.ar\/?s={search_term_string}"},"query-input":{"@type":"PropertyValueSpecification","valueRequired":true,"valueName":"search_term_string"}}],"inLanguage":"es"},{"@type":"Organization","@id":"https:\/\/informelitoral.com.ar\/#organization","name":"Informe Litoral","url":"https:\/\/informelitoral.com.ar\/","logo":{"@type":"ImageObject","inLanguage":"es","@id":"https:\/\/informelitoral.com.ar\/#\/schema\/logo\/image\/","url":"https:\/\/informelitoral.com.ar\/%77%70%2d%63%6f%6e%74%65%6e%74\/uploads\/2021\/01\/circulo.png","contentUrl":"https:\/\/informelitoral.com.ar\/%77%70%2d%63%6f%6e%74%65%6e%74\/uploads\/2021\/01\/circulo.png","width":723,"height":731,"caption":"Informe Litoral"},"image":{"@id":"https:\/\/informelitoral.com.ar\/#\/schema\/logo\/image\/"},"sameAs":["https:\/\/www.facebook.com\/informelitoral\/","https:\/\/x.com\/InformeLitoral","https:\/\/www.instagram.com\/informelitoral\/","https:\/\/www.youtube.com\/channel\/UCua4Qvz8Icb6MYqhoq9xLXw"]},{"@type":"Person","@id":"https:\/\/informelitoral.com.ar\/#\/schema\/person\/f05f9f461677119578717524b127d6d5","name":"Sebastian","image":{"@type":"ImageObject","inLanguage":"es","@id":"https:\/\/secure.gravatar.com\/avatar\/b71bf7481d447dfb9583c7f2798e7cc64de6efb9067b74633ed8c31059a3bd82?s=96&d=mm&r=g","url":"https:\/\/secure.gravatar.com\/avatar\/b71bf7481d447dfb9583c7f2798e7cc64de6efb9067b74633ed8c31059a3bd82?s=96&d=mm&r=g","contentUrl":"https:\/\/secure.gravatar.com\/avatar\/b71bf7481d447dfb9583c7f2798e7cc64de6efb9067b74633ed8c31059a3bd82?s=96&d=mm&r=g","caption":"Sebastian"},"url":"https:\/\/informelitoral.com.ar\/author\/sebastian\/"}]}},"_links":{"self":[{"href":"https:\/\/informelitoral.com.ar\/%77%70%2d%6a%73%6f%6e\/wp\/v2\/posts\/78498","targetHints":{"allow":["GET"]}}],"collection":[{"href":"https:\/\/informelitoral.com.ar\/%77%70%2d%6a%73%6f%6e\/wp\/v2\/posts"}],"about":[{"href":"https:\/\/informelitoral.com.ar\/%77%70%2d%6a%73%6f%6e\/wp\/v2\/types\/post"}],"author":[{"embeddable":true,"href":"https:\/\/informelitoral.com.ar\/%77%70%2d%6a%73%6f%6e\/wp\/v2\/users\/8"}],"replies":[{"embeddable":true,"href":"https:\/\/informelitoral.com.ar\/%77%70%2d%6a%73%6f%6e\/wp\/v2\/comments?post=78498"}],"version-history":[{"count":0,"href":"https:\/\/informelitoral.com.ar\/%77%70%2d%6a%73%6f%6e\/wp\/v2\/posts\/78498\/revisions"}],"wp:featuredmedia":[{"embeddable":true,"href":"https:\/\/informelitoral.com.ar\/%77%70%2d%6a%73%6f%6e\/wp\/v2\/media\/78499"}],"wp:attachment":[{"href":"https:\/\/informelitoral.com.ar\/%77%70%2d%6a%73%6f%6e\/wp\/v2\/media?parent=78498"}],"wp:term":[{"taxonomy":"category","embeddable":true,"href":"https:\/\/informelitoral.com.ar\/%77%70%2d%6a%73%6f%6e\/wp\/v2\/categories?post=78498"},{"taxonomy":"post_tag","embeddable":true,"href":"https:\/\/informelitoral.com.ar\/%77%70%2d%6a%73%6f%6e\/wp\/v2\/tags?post=78498"}],"curies":[{"name":"wp","href":"https:\/\/api.w.org\/{rel}","templated":true}]}}