{"id":78348,"date":"2022-05-25T19:52:26","date_gmt":"2022-05-25T22:52:26","guid":{"rendered":"https:\/\/www.informelitoral.com.ar\/?p=78348"},"modified":"2022-05-25T19:59:17","modified_gmt":"2022-05-25T22:59:17","slug":"lar-adquirio-la-planta-de-acopio-de-cereales-del-doll","status":"publish","type":"post","link":"https:\/\/informelitoral.com.ar\/lar-adquirio-la-planta-de-acopio-de-cereales-del-doll\/","title":{"rendered":"LAR adquiri\u00f3 la planta de acopio de cereales del Doll"},"content":{"rendered":"<p>El inmueble, ubicado sobre Ruta Provincial N\u00ba 11, en cercan\u00edas a Molino Doll, departamento Diamante, <span style=\"background-color: #ffff00;\"><strong>est\u00e1 compuesto por casi 10 hect\u00e1reas de superficie, una planta de acopio de cereales con una capacidad de 33.200 toneladas. Posee, adem\u00e1s, instalaciones de una estaci\u00f3n de servicio, con surtidores y tanques de almacenaje, oficinas y dep\u00f3sito.<\/strong><\/span><\/p>\n<p><a href=\"https:\/\/www.informelitoral.com.ar\/%77%70%2d%63%6f%6e%74%65%6e%74\/uploads\/2022\/05\/283713005_2859062801053789_6508258881730146979_n.jpg\"><img loading=\"lazy\" decoding=\"async\" class=\"aligncenter wp-image-78350 size-full\" src=\"https:\/\/www.informelitoral.com.ar\/%77%70%2d%63%6f%6e%74%65%6e%74\/uploads\/2022\/05\/283713005_2859062801053789_6508258881730146979_n.jpg\" alt=\"\" width=\"2048\" height=\"1365\" srcset=\"https:\/\/informelitoral.com.ar\/%77%70%2d%63%6f%6e%74%65%6e%74\/uploads\/2022\/05\/283713005_2859062801053789_6508258881730146979_n.jpg 2048w, https:\/\/informelitoral.com.ar\/%77%70%2d%63%6f%6e%74%65%6e%74\/uploads\/2022\/05\/283713005_2859062801053789_6508258881730146979_n-300x200.jpg 300w, https:\/\/informelitoral.com.ar\/%77%70%2d%63%6f%6e%74%65%6e%74\/uploads\/2022\/05\/283713005_2859062801053789_6508258881730146979_n-1024x683.jpg 1024w, https:\/\/informelitoral.com.ar\/%77%70%2d%63%6f%6e%74%65%6e%74\/uploads\/2022\/05\/283713005_2859062801053789_6508258881730146979_n-768x512.jpg 768w, https:\/\/informelitoral.com.ar\/%77%70%2d%63%6f%6e%74%65%6e%74\/uploads\/2022\/05\/283713005_2859062801053789_6508258881730146979_n-1536x1024.jpg 1536w, https:\/\/informelitoral.com.ar\/%77%70%2d%63%6f%6e%74%65%6e%74\/uploads\/2022\/05\/283713005_2859062801053789_6508258881730146979_n-696x464.jpg 696w, https:\/\/informelitoral.com.ar\/%77%70%2d%63%6f%6e%74%65%6e%74\/uploads\/2022\/05\/283713005_2859062801053789_6508258881730146979_n-1068x712.jpg 1068w, https:\/\/informelitoral.com.ar\/%77%70%2d%63%6f%6e%74%65%6e%74\/uploads\/2022\/05\/283713005_2859062801053789_6508258881730146979_n-1920x1280.jpg 1920w, https:\/\/informelitoral.com.ar\/%77%70%2d%63%6f%6e%74%65%6e%74\/uploads\/2022\/05\/283713005_2859062801053789_6508258881730146979_n-630x420.jpg 630w\" sizes=\"auto, (max-width: 2048px) 100vw, 2048px\" \/><\/a><\/p>\n<p>Esta operaci\u00f3n se desarroll\u00f3 luego de la aprobaci\u00f3n de los asociados expresada en la Asamblea Extraordinaria celebrada el pasado 19 de mayo, conforme a lo dispuesto en el Art\u00edculo N\u00ba 57 de los Estatutos Sociales de La Agr\u00edcola Regional Cooperativa Limitada.<\/p>\n<p><a href=\"https:\/\/www.informelitoral.com.ar\/%77%70%2d%63%6f%6e%74%65%6e%74\/uploads\/2022\/05\/283143708_2859062781053791_3975067972872341792_n.jpg\"><img loading=\"lazy\" decoding=\"async\" class=\"aligncenter wp-image-78351 size-full\" src=\"https:\/\/www.informelitoral.com.ar\/%77%70%2d%63%6f%6e%74%65%6e%74\/uploads\/2022\/05\/283143708_2859062781053791_3975067972872341792_n.jpg\" alt=\"\" width=\"2048\" height=\"1365\" srcset=\"https:\/\/informelitoral.com.ar\/%77%70%2d%63%6f%6e%74%65%6e%74\/uploads\/2022\/05\/283143708_2859062781053791_3975067972872341792_n.jpg 2048w, https:\/\/informelitoral.com.ar\/%77%70%2d%63%6f%6e%74%65%6e%74\/uploads\/2022\/05\/283143708_2859062781053791_3975067972872341792_n-300x200.jpg 300w, https:\/\/informelitoral.com.ar\/%77%70%2d%63%6f%6e%74%65%6e%74\/uploads\/2022\/05\/283143708_2859062781053791_3975067972872341792_n-1024x683.jpg 1024w, https:\/\/informelitoral.com.ar\/%77%70%2d%63%6f%6e%74%65%6e%74\/uploads\/2022\/05\/283143708_2859062781053791_3975067972872341792_n-768x512.jpg 768w, https:\/\/informelitoral.com.ar\/%77%70%2d%63%6f%6e%74%65%6e%74\/uploads\/2022\/05\/283143708_2859062781053791_3975067972872341792_n-1536x1024.jpg 1536w, https:\/\/informelitoral.com.ar\/%77%70%2d%63%6f%6e%74%65%6e%74\/uploads\/2022\/05\/283143708_2859062781053791_3975067972872341792_n-696x464.jpg 696w, https:\/\/informelitoral.com.ar\/%77%70%2d%63%6f%6e%74%65%6e%74\/uploads\/2022\/05\/283143708_2859062781053791_3975067972872341792_n-1068x712.jpg 1068w, https:\/\/informelitoral.com.ar\/%77%70%2d%63%6f%6e%74%65%6e%74\/uploads\/2022\/05\/283143708_2859062781053791_3975067972872341792_n-1920x1280.jpg 1920w, https:\/\/informelitoral.com.ar\/%77%70%2d%63%6f%6e%74%65%6e%74\/uploads\/2022\/05\/283143708_2859062781053791_3975067972872341792_n-630x420.jpg 630w\" sizes=\"auto, (max-width: 2048px) 100vw, 2048px\" \/><\/a><\/p>\n<p>El presidente de la entidad, <strong>Guillermo M\u00fcller<\/strong>, destac\u00f3 luego de la celebraci\u00f3n de acto asambleario que:<strong><em> \u201cEsta planta es una posibilidad de expansi\u00f3n para nuestra cooperativa. Es un punto estrat\u00e9gico en materia de comercializaci\u00f3n. Est\u00e1 ubicada en una zona muy productiva. Con esta incorporaci\u00f3n se abrir\u00e1n muchas puertas de negocio y posibilidades de desarrollo para nuestros asociados\u201d.<\/em><\/strong><\/p>\n","protected":false},"excerpt":{"rendered":"<p>Se firm\u00f3 la escritura por la adquisici\u00f3n de la planta de acopio de cereales emplazada sobre Ruta 11. \u00abUn nuevo paso que consolida nuestra Cooperativa ampliando las posibilidades de desarrollo y servicios para los asociados de la zona\u00bb, destacaron desde La Agr\u00edcola Regional.<\/p>\n","protected":false},"author":2,"featured_media":78349,"comment_status":"open","ping_status":"open","sticky":false,"template":"","format":"standard","meta":{"fifu_image_url":"","fifu_image_alt":"","footnotes":""},"categories":[10,1594],"tags":[137,208,3359,120],"class_list":{"0":"post-78348","1":"post","2":"type-post","3":"status-publish","4":"format-standard","5":"has-post-thumbnail","7":"category-campo","8":"category-economia","9":"tag-cooperativa","10":"tag-crespo","11":"tag-lar","12":"tag-produccion"},"yoast_head":"<title>LAR adquiri\u00f3 la planta de acopio de cereales del Doll - Informe Litoral<\/title>\n<meta name=\"robots\" content=\"index, follow, max-snippet:-1, max-image-preview:large, max-video-preview:-1\" \/>\n<link rel=\"canonical\" href=\"https:\/\/informelitoral.com.ar\/lar-adquirio-la-planta-de-acopio-de-cereales-del-doll\/\" \/>\n<meta property=\"og:locale\" content=\"es_ES\" \/>\n<meta property=\"og:type\" content=\"article\" \/>\n<meta property=\"og:title\" content=\"LAR adquiri\u00f3 la planta de acopio de cereales del Doll - Informe Litoral\" \/>\n<meta property=\"og:description\" content=\"Se firm\u00f3 la escritura por la adquisici\u00f3n de la planta de acopio de cereales emplazada sobre Ruta 11. &quot;Un nuevo paso que consolida nuestra Cooperativa ampliando las posibilidades de desarrollo y servicios para los asociados de la zona&quot;, destacaron desde La Agr\u00edcola Regional.\" \/>\n<meta property=\"og:url\" content=\"https:\/\/informelitoral.com.ar\/lar-adquirio-la-planta-de-acopio-de-cereales-del-doll\/\" \/>\n<meta property=\"og:site_name\" content=\"Informe Litoral\" \/>\n<meta property=\"article:publisher\" content=\"https:\/\/www.facebook.com\/informelitoral\/\" \/>\n<meta property=\"article:published_time\" content=\"2022-05-25T22:52:26+00:00\" \/>\n<meta property=\"article:modified_time\" content=\"2022-05-25T22:59:17+00:00\" \/>\n<meta property=\"og:image\" content=\"https:\/\/informelitoral.com.ar\/%77%70%2d%63%6f%6e%74%65%6e%74\/uploads\/2022\/05\/283606127_2859062747720461_866493417032215226_n.jpg\" \/>\n\t<meta property=\"og:image:width\" content=\"589\" \/>\n\t<meta property=\"og:image:height\" content=\"296\" \/>\n\t<meta property=\"og:image:type\" content=\"image\/jpeg\" \/>\n<meta name=\"author\" content=\"Gonzalo Schmidt\" \/>\n<meta name=\"twitter:card\" content=\"summary_large_image\" \/>\n<meta name=\"twitter:creator\" content=\"@InformeLitoral\" \/>\n<meta name=\"twitter:site\" content=\"@InformeLitoral\" \/>\n<meta name=\"twitter:label1\" content=\"Escrito por\" \/>\n\t<meta name=\"twitter:data1\" content=\"Gonzalo Schmidt\" \/>\n\t<meta name=\"twitter:label2\" content=\"Tiempo de lectura\" \/>\n\t<meta name=\"twitter:data2\" content=\"1 minuto\" \/>\n<script type=\"application\/ld+json\" class=\"yoast-schema-graph\">{\"@context\":\"https:\\\/\\\/schema.org\",\"@graph\":[{\"@type\":\"Article\",\"@id\":\"https:\\\/\\\/informelitoral.com.ar\\\/lar-adquirio-la-planta-de-acopio-de-cereales-del-doll\\\/#article\",\"isPartOf\":{\"@id\":\"https:\\\/\\\/informelitoral.com.ar\\\/lar-adquirio-la-planta-de-acopio-de-cereales-del-doll\\\/\"},\"author\":{\"name\":\"Gonzalo Schmidt\",\"@id\":\"https:\\\/\\\/informelitoral.com.ar\\\/#\\\/schema\\\/person\\\/b9d00407c836482871ef1d57bf8e3180\"},\"headline\":\"LAR adquiri\u00f3 la planta de acopio de cereales del Doll\",\"datePublished\":\"2022-05-25T22:52:26+00:00\",\"dateModified\":\"2022-05-25T22:59:17+00:00\",\"mainEntityOfPage\":{\"@id\":\"https:\\\/\\\/informelitoral.com.ar\\\/lar-adquirio-la-planta-de-acopio-de-cereales-del-doll\\\/\"},\"wordCount\":171,\"commentCount\":0,\"publisher\":{\"@id\":\"https:\\\/\\\/informelitoral.com.ar\\\/#organization\"},\"image\":{\"@id\":\"https:\\\/\\\/informelitoral.com.ar\\\/lar-adquirio-la-planta-de-acopio-de-cereales-del-doll\\\/#primaryimage\"},\"thumbnailUrl\":\"https:\\\/\\\/informelitoral.com.ar\\\/%77%70%2d%63%6f%6e%74%65%6e%74\\\/uploads\\\/2022\\\/05\\\/283606127_2859062747720461_866493417032215226_n.jpg\",\"keywords\":[\"Cooperativa\",\"Crespo\",\"LAR\",\"Producci\u00f3n\"],\"articleSection\":[\"Campo\",\"Econom\u00eda\"],\"inLanguage\":\"es\",\"potentialAction\":[{\"@type\":\"CommentAction\",\"name\":\"Comment\",\"target\":[\"https:\\\/\\\/informelitoral.com.ar\\\/lar-adquirio-la-planta-de-acopio-de-cereales-del-doll\\\/#respond\"]}]},{\"@type\":\"WebPage\",\"@id\":\"https:\\\/\\\/informelitoral.com.ar\\\/lar-adquirio-la-planta-de-acopio-de-cereales-del-doll\\\/\",\"url\":\"https:\\\/\\\/informelitoral.com.ar\\\/lar-adquirio-la-planta-de-acopio-de-cereales-del-doll\\\/\",\"name\":\"LAR adquiri\u00f3 la planta de acopio de cereales del Doll - Informe Litoral\",\"isPartOf\":{\"@id\":\"https:\\\/\\\/informelitoral.com.ar\\\/#website\"},\"primaryImageOfPage\":{\"@id\":\"https:\\\/\\\/informelitoral.com.ar\\\/lar-adquirio-la-planta-de-acopio-de-cereales-del-doll\\\/#primaryimage\"},\"image\":{\"@id\":\"https:\\\/\\\/informelitoral.com.ar\\\/lar-adquirio-la-planta-de-acopio-de-cereales-del-doll\\\/#primaryimage\"},\"thumbnailUrl\":\"https:\\\/\\\/informelitoral.com.ar\\\/%77%70%2d%63%6f%6e%74%65%6e%74\\\/uploads\\\/2022\\\/05\\\/283606127_2859062747720461_866493417032215226_n.jpg\",\"datePublished\":\"2022-05-25T22:52:26+00:00\",\"dateModified\":\"2022-05-25T22:59:17+00:00\",\"breadcrumb\":{\"@id\":\"https:\\\/\\\/informelitoral.com.ar\\\/lar-adquirio-la-planta-de-acopio-de-cereales-del-doll\\\/#breadcrumb\"},\"inLanguage\":\"es\",\"potentialAction\":[{\"@type\":\"ReadAction\",\"target\":[\"https:\\\/\\\/informelitoral.com.ar\\\/lar-adquirio-la-planta-de-acopio-de-cereales-del-doll\\\/\"]}]},{\"@type\":\"ImageObject\",\"inLanguage\":\"es\",\"@id\":\"https:\\\/\\\/informelitoral.com.ar\\\/lar-adquirio-la-planta-de-acopio-de-cereales-del-doll\\\/#primaryimage\",\"url\":\"https:\\\/\\\/informelitoral.com.ar\\\/%77%70%2d%63%6f%6e%74%65%6e%74\\\/uploads\\\/2022\\\/05\\\/283606127_2859062747720461_866493417032215226_n.jpg\",\"contentUrl\":\"https:\\\/\\\/informelitoral.com.ar\\\/%77%70%2d%63%6f%6e%74%65%6e%74\\\/uploads\\\/2022\\\/05\\\/283606127_2859062747720461_866493417032215226_n.jpg\",\"width\":589,\"height\":296},{\"@type\":\"BreadcrumbList\",\"@id\":\"https:\\\/\\\/informelitoral.com.ar\\\/lar-adquirio-la-planta-de-acopio-de-cereales-del-doll\\\/#breadcrumb\",\"itemListElement\":[{\"@type\":\"ListItem\",\"position\":1,\"name\":\"Portada\",\"item\":\"https:\\\/\\\/informelitoral.com.ar\\\/\"},{\"@type\":\"ListItem\",\"position\":2,\"name\":\"LAR adquiri\u00f3 la planta de acopio de cereales del Doll\"}]},{\"@type\":\"WebSite\",\"@id\":\"https:\\\/\\\/informelitoral.com.ar\\\/#website\",\"url\":\"https:\\\/\\\/informelitoral.com.ar\\\/\",\"name\":\"Informe Litoral\",\"description\":\"&quot;Nos informamos&quot; \",\"publisher\":{\"@id\":\"https:\\\/\\\/informelitoral.com.ar\\\/#organization\"},\"potentialAction\":[{\"@type\":\"SearchAction\",\"target\":{\"@type\":\"EntryPoint\",\"urlTemplate\":\"https:\\\/\\\/informelitoral.com.ar\\\/?s={search_term_string}\"},\"query-input\":{\"@type\":\"PropertyValueSpecification\",\"valueRequired\":true,\"valueName\":\"search_term_string\"}}],\"inLanguage\":\"es\"},{\"@type\":\"Organization\",\"@id\":\"https:\\\/\\\/informelitoral.com.ar\\\/#organization\",\"name\":\"Informe Litoral\",\"url\":\"https:\\\/\\\/informelitoral.com.ar\\\/\",\"logo\":{\"@type\":\"ImageObject\",\"inLanguage\":\"es\",\"@id\":\"https:\\\/\\\/informelitoral.com.ar\\\/#\\\/schema\\\/logo\\\/image\\\/\",\"url\":\"https:\\\/\\\/informelitoral.com.ar\\\/%77%70%2d%63%6f%6e%74%65%6e%74\\\/uploads\\\/2021\\\/01\\\/circulo.png\",\"contentUrl\":\"https:\\\/\\\/informelitoral.com.ar\\\/%77%70%2d%63%6f%6e%74%65%6e%74\\\/uploads\\\/2021\\\/01\\\/circulo.png\",\"width\":723,\"height\":731,\"caption\":\"Informe Litoral\"},\"image\":{\"@id\":\"https:\\\/\\\/informelitoral.com.ar\\\/#\\\/schema\\\/logo\\\/image\\\/\"},\"sameAs\":[\"https:\\\/\\\/www.facebook.com\\\/informelitoral\\\/\",\"https:\\\/\\\/x.com\\\/InformeLitoral\",\"https:\\\/\\\/www.instagram.com\\\/informelitoral\\\/\",\"https:\\\/\\\/www.youtube.com\\\/channel\\\/UCua4Qvz8Icb6MYqhoq9xLXw\"]},{\"@type\":\"Person\",\"@id\":\"https:\\\/\\\/informelitoral.com.ar\\\/#\\\/schema\\\/person\\\/b9d00407c836482871ef1d57bf8e3180\",\"name\":\"Gonzalo Schmidt\",\"image\":{\"@type\":\"ImageObject\",\"inLanguage\":\"es\",\"@id\":\"https:\\\/\\\/secure.gravatar.com\\\/avatar\\\/31a1a7b66ff2de83bd0e9fd79d026630d2d99e55e8bfe501287647b4fd9743de?s=96&d=mm&r=g\",\"url\":\"https:\\\/\\\/secure.gravatar.com\\\/avatar\\\/31a1a7b66ff2de83bd0e9fd79d026630d2d99e55e8bfe501287647b4fd9743de?s=96&d=mm&r=g\",\"contentUrl\":\"https:\\\/\\\/secure.gravatar.com\\\/avatar\\\/31a1a7b66ff2de83bd0e9fd79d026630d2d99e55e8bfe501287647b4fd9743de?s=96&d=mm&r=g\",\"caption\":\"Gonzalo Schmidt\"},\"description\":\"Sitio web de noticias de la provincia de Entre R\u00edos, Argentina. Informaci\u00f3n y entretenimiento. Informe Litoral, nos informamos.\",\"sameAs\":[\"http:\\\/\\\/www.isletasnoticias.com.ar\"],\"url\":\"https:\\\/\\\/informelitoral.com.ar\\\/author\\\/gonzalo\\\/\"}]}<\/script>","yoast_head_json":{"title":"LAR adquiri\u00f3 la planta de acopio de cereales del Doll - Informe Litoral","robots":{"index":"index","follow":"follow","max-snippet":"max-snippet:-1","max-image-preview":"max-image-preview:large","max-video-preview":"max-video-preview:-1"},"canonical":"https:\/\/informelitoral.com.ar\/lar-adquirio-la-planta-de-acopio-de-cereales-del-doll\/","og_locale":"es_ES","og_type":"article","og_title":"LAR adquiri\u00f3 la planta de acopio de cereales del Doll - Informe Litoral","og_description":"Se firm\u00f3 la escritura por la adquisici\u00f3n de la planta de acopio de cereales emplazada sobre Ruta 11. \"Un nuevo paso que consolida nuestra Cooperativa ampliando las posibilidades de desarrollo y servicios para los asociados de la zona\", destacaron desde La Agr\u00edcola Regional.","og_url":"https:\/\/informelitoral.com.ar\/lar-adquirio-la-planta-de-acopio-de-cereales-del-doll\/","og_site_name":"Informe Litoral","article_publisher":"https:\/\/www.facebook.com\/informelitoral\/","article_published_time":"2022-05-25T22:52:26+00:00","article_modified_time":"2022-05-25T22:59:17+00:00","og_image":[{"width":589,"height":296,"url":"https:\/\/informelitoral.com.ar\/%77%70%2d%63%6f%6e%74%65%6e%74\/uploads\/2022\/05\/283606127_2859062747720461_866493417032215226_n.jpg","type":"image\/jpeg"}],"author":"Gonzalo Schmidt","twitter_card":"summary_large_image","twitter_creator":"@InformeLitoral","twitter_site":"@InformeLitoral","twitter_misc":{"Escrito por":"Gonzalo Schmidt","Tiempo de lectura":"1 minuto"},"schema":{"@context":"https:\/\/schema.org","@graph":[{"@type":"Article","@id":"https:\/\/informelitoral.com.ar\/lar-adquirio-la-planta-de-acopio-de-cereales-del-doll\/#article","isPartOf":{"@id":"https:\/\/informelitoral.com.ar\/lar-adquirio-la-planta-de-acopio-de-cereales-del-doll\/"},"author":{"name":"Gonzalo Schmidt","@id":"https:\/\/informelitoral.com.ar\/#\/schema\/person\/b9d00407c836482871ef1d57bf8e3180"},"headline":"LAR adquiri\u00f3 la planta de acopio de cereales del Doll","datePublished":"2022-05-25T22:52:26+00:00","dateModified":"2022-05-25T22:59:17+00:00","mainEntityOfPage":{"@id":"https:\/\/informelitoral.com.ar\/lar-adquirio-la-planta-de-acopio-de-cereales-del-doll\/"},"wordCount":171,"commentCount":0,"publisher":{"@id":"https:\/\/informelitoral.com.ar\/#organization"},"image":{"@id":"https:\/\/informelitoral.com.ar\/lar-adquirio-la-planta-de-acopio-de-cereales-del-doll\/#primaryimage"},"thumbnailUrl":"https:\/\/informelitoral.com.ar\/%77%70%2d%63%6f%6e%74%65%6e%74\/uploads\/2022\/05\/283606127_2859062747720461_866493417032215226_n.jpg","keywords":["Cooperativa","Crespo","LAR","Producci\u00f3n"],"articleSection":["Campo","Econom\u00eda"],"inLanguage":"es","potentialAction":[{"@type":"CommentAction","name":"Comment","target":["https:\/\/informelitoral.com.ar\/lar-adquirio-la-planta-de-acopio-de-cereales-del-doll\/#respond"]}]},{"@type":"WebPage","@id":"https:\/\/informelitoral.com.ar\/lar-adquirio-la-planta-de-acopio-de-cereales-del-doll\/","url":"https:\/\/informelitoral.com.ar\/lar-adquirio-la-planta-de-acopio-de-cereales-del-doll\/","name":"LAR adquiri\u00f3 la planta de acopio de cereales del Doll - Informe Litoral","isPartOf":{"@id":"https:\/\/informelitoral.com.ar\/#website"},"primaryImageOfPage":{"@id":"https:\/\/informelitoral.com.ar\/lar-adquirio-la-planta-de-acopio-de-cereales-del-doll\/#primaryimage"},"image":{"@id":"https:\/\/informelitoral.com.ar\/lar-adquirio-la-planta-de-acopio-de-cereales-del-doll\/#primaryimage"},"thumbnailUrl":"https:\/\/informelitoral.com.ar\/%77%70%2d%63%6f%6e%74%65%6e%74\/uploads\/2022\/05\/283606127_2859062747720461_866493417032215226_n.jpg","datePublished":"2022-05-25T22:52:26+00:00","dateModified":"2022-05-25T22:59:17+00:00","breadcrumb":{"@id":"https:\/\/informelitoral.com.ar\/lar-adquirio-la-planta-de-acopio-de-cereales-del-doll\/#breadcrumb"},"inLanguage":"es","potentialAction":[{"@type":"ReadAction","target":["https:\/\/informelitoral.com.ar\/lar-adquirio-la-planta-de-acopio-de-cereales-del-doll\/"]}]},{"@type":"ImageObject","inLanguage":"es","@id":"https:\/\/informelitoral.com.ar\/lar-adquirio-la-planta-de-acopio-de-cereales-del-doll\/#primaryimage","url":"https:\/\/informelitoral.com.ar\/%77%70%2d%63%6f%6e%74%65%6e%74\/uploads\/2022\/05\/283606127_2859062747720461_866493417032215226_n.jpg","contentUrl":"https:\/\/informelitoral.com.ar\/%77%70%2d%63%6f%6e%74%65%6e%74\/uploads\/2022\/05\/283606127_2859062747720461_866493417032215226_n.jpg","width":589,"height":296},{"@type":"BreadcrumbList","@id":"https:\/\/informelitoral.com.ar\/lar-adquirio-la-planta-de-acopio-de-cereales-del-doll\/#breadcrumb","itemListElement":[{"@type":"ListItem","position":1,"name":"Portada","item":"https:\/\/informelitoral.com.ar\/"},{"@type":"ListItem","position":2,"name":"LAR adquiri\u00f3 la planta de acopio de cereales del Doll"}]},{"@type":"WebSite","@id":"https:\/\/informelitoral.com.ar\/#website","url":"https:\/\/informelitoral.com.ar\/","name":"Informe Litoral","description":"&quot;Nos informamos&quot; ","publisher":{"@id":"https:\/\/informelitoral.com.ar\/#organization"},"potentialAction":[{"@type":"SearchAction","target":{"@type":"EntryPoint","urlTemplate":"https:\/\/informelitoral.com.ar\/?s={search_term_string}"},"query-input":{"@type":"PropertyValueSpecification","valueRequired":true,"valueName":"search_term_string"}}],"inLanguage":"es"},{"@type":"Organization","@id":"https:\/\/informelitoral.com.ar\/#organization","name":"Informe Litoral","url":"https:\/\/informelitoral.com.ar\/","logo":{"@type":"ImageObject","inLanguage":"es","@id":"https:\/\/informelitoral.com.ar\/#\/schema\/logo\/image\/","url":"https:\/\/informelitoral.com.ar\/%77%70%2d%63%6f%6e%74%65%6e%74\/uploads\/2021\/01\/circulo.png","contentUrl":"https:\/\/informelitoral.com.ar\/%77%70%2d%63%6f%6e%74%65%6e%74\/uploads\/2021\/01\/circulo.png","width":723,"height":731,"caption":"Informe Litoral"},"image":{"@id":"https:\/\/informelitoral.com.ar\/#\/schema\/logo\/image\/"},"sameAs":["https:\/\/www.facebook.com\/informelitoral\/","https:\/\/x.com\/InformeLitoral","https:\/\/www.instagram.com\/informelitoral\/","https:\/\/www.youtube.com\/channel\/UCua4Qvz8Icb6MYqhoq9xLXw"]},{"@type":"Person","@id":"https:\/\/informelitoral.com.ar\/#\/schema\/person\/b9d00407c836482871ef1d57bf8e3180","name":"Gonzalo Schmidt","image":{"@type":"ImageObject","inLanguage":"es","@id":"https:\/\/secure.gravatar.com\/avatar\/31a1a7b66ff2de83bd0e9fd79d026630d2d99e55e8bfe501287647b4fd9743de?s=96&d=mm&r=g","url":"https:\/\/secure.gravatar.com\/avatar\/31a1a7b66ff2de83bd0e9fd79d026630d2d99e55e8bfe501287647b4fd9743de?s=96&d=mm&r=g","contentUrl":"https:\/\/secure.gravatar.com\/avatar\/31a1a7b66ff2de83bd0e9fd79d026630d2d99e55e8bfe501287647b4fd9743de?s=96&d=mm&r=g","caption":"Gonzalo Schmidt"},"description":"Sitio web de noticias de la provincia de Entre R\u00edos, Argentina. Informaci\u00f3n y entretenimiento. Informe Litoral, nos informamos.","sameAs":["http:\/\/www.isletasnoticias.com.ar"],"url":"https:\/\/informelitoral.com.ar\/author\/gonzalo\/"}]}},"_links":{"self":[{"href":"https:\/\/informelitoral.com.ar\/%77%70%2d%6a%73%6f%6e\/wp\/v2\/posts\/78348","targetHints":{"allow":["GET"]}}],"collection":[{"href":"https:\/\/informelitoral.com.ar\/%77%70%2d%6a%73%6f%6e\/wp\/v2\/posts"}],"about":[{"href":"https:\/\/informelitoral.com.ar\/%77%70%2d%6a%73%6f%6e\/wp\/v2\/types\/post"}],"author":[{"embeddable":true,"href":"https:\/\/informelitoral.com.ar\/%77%70%2d%6a%73%6f%6e\/wp\/v2\/users\/2"}],"replies":[{"embeddable":true,"href":"https:\/\/informelitoral.com.ar\/%77%70%2d%6a%73%6f%6e\/wp\/v2\/comments?post=78348"}],"version-history":[{"count":0,"href":"https:\/\/informelitoral.com.ar\/%77%70%2d%6a%73%6f%6e\/wp\/v2\/posts\/78348\/revisions"}],"wp:featuredmedia":[{"embeddable":true,"href":"https:\/\/informelitoral.com.ar\/%77%70%2d%6a%73%6f%6e\/wp\/v2\/media\/78349"}],"wp:attachment":[{"href":"https:\/\/informelitoral.com.ar\/%77%70%2d%6a%73%6f%6e\/wp\/v2\/media?parent=78348"}],"wp:term":[{"taxonomy":"category","embeddable":true,"href":"https:\/\/informelitoral.com.ar\/%77%70%2d%6a%73%6f%6e\/wp\/v2\/categories?post=78348"},{"taxonomy":"post_tag","embeddable":true,"href":"https:\/\/informelitoral.com.ar\/%77%70%2d%6a%73%6f%6e\/wp\/v2\/tags?post=78348"}],"curies":[{"name":"wp","href":"https:\/\/api.w.org\/{rel}","templated":true}]}}