{"id":78282,"date":"2022-05-25T08:51:30","date_gmt":"2022-05-25T11:51:30","guid":{"rendered":"https:\/\/www.informelitoral.com.ar\/?p=78282"},"modified":"2022-05-25T08:51:30","modified_gmt":"2022-05-25T11:51:30","slug":"productores-de-cerdo-volvieron-a-advertir-al-gobierno-por-el-aumento-de-las-importaciones","status":"publish","type":"post","link":"https:\/\/informelitoral.com.ar\/productores-de-cerdo-volvieron-a-advertir-al-gobierno-por-el-aumento-de-las-importaciones\/","title":{"rendered":"Productores de cerdo volvieron a advertir al Gobierno por el aumento de las importaciones"},"content":{"rendered":"<p><span class=\"has-inline-color has-black-color\">El sector porcino a nivel nacional advirti\u00f3 una vez m\u00e1s al Gobierno por las consecuencias que est\u00e1n generando las importaciones indiscriminadas de carne de cerdo. La nota fue enviada a los ministros Juli\u00e1n Dom\u00ednguez (Agricultura), Mart\u00edn Guzm\u00e1n (Econom\u00eda) y Mat\u00edas Kulfas (Desarrollo Productivo), a los efectos de solicitar que tomen las medidas pertinentes a su alcance para detener o al menos disminuir las importaciones de carne de cerdo.<\/span><\/p>\n<p><span class=\"has-inline-color has-black-color\">El texto lleva la firma de Adolfo Franke, como presidente de la Asociaci\u00f3n Argentina de Productores Porcinos (AAPP) y en nombre y representaci\u00f3n de la Federaci\u00f3n Porcina Argentina conformada por la C\u00e1mara de Productores Porcinos de Entre R\u00edos (Capper), la Asociaci\u00f3n de Productores Porcinos de la Provincia de Santa Fe (Apporsafe), la C\u00e1mara de Productores Porcinos de C\u00f3rdoba (Cappcor) la Confederaci\u00f3n Econ\u00f3mica de la Provincia de Buenos Aires (Cepba), Pormag y la PORMAG y el Grupo de Intercambio Tecnol\u00f3gico de Explotaciones Porcinas (Gitep).<\/span><\/p>\n<p><span class=\"has-inline-color has-black-color\">En la nota se indic\u00f3 que en el primer cuatrimestre de 2022 ingresaron a nuestro pa\u00eds unas 19.600 toneladas de cortes de carne porcina, lo que implica un aumento del 106% con respecto al mismo per\u00edodo de 2021 y un 210% con respecto a 2020. As\u00ed, las importaciones sumaron 49,7 millones de d\u00f3lares.<\/span><\/p>\n<p><span class=\"has-inline-color has-black-color\">El sector insisti\u00f3 en la necesidad de implementar licencias no autom\u00e1ticas para los cortes de bondiola y solomillo. \u201cEstas no se implementaron, siendo la \u00fanica respuesta en aquel momento, que las medidas que tomar\u00eda el BCRA morigerar\u00edan los ingresos. Los vol\u00famenes descriptos en el p\u00e1rrafo anterior demuestran que esto tampoco ocurri\u00f3\u201d, expresa el comunicado.<\/span><\/p>\n<p><span class=\"has-inline-color has-black-color\">Por otro lado, se plantea que actualmente hay un sobre stock de mercader\u00eda en c\u00e1maras que frena la normal provisi\u00f3n de los cerdos locales y provoca una consecuente baja de las cotizaciones que se le pagan a los productores. Este problema tiene un impacto magnificado en los medianos y peque\u00f1os productores. Asimismo, se remarc\u00f3 que en esta coyuntura tampoco mejor\u00f3 el valor de la carne de cerdo que abonan los consumidores, que de por s\u00ed es altamente competitiva con la carne vacuna.<\/span><\/p>\n<p><span class=\"has-inline-color has-black-color\">En ese sentido, se solicit\u00f3 a las autoridades nacionales que se tomen medidas urgentes y moment\u00e1neas para disminuir la cantidad importada y permitir la colocaci\u00f3n de la producci\u00f3n local a precios justos que hagan viable la subsistencia de los productores, en especial los medianos y peque\u00f1os.<\/span><\/p>\n","protected":false},"excerpt":{"rendered":"<p>A trav\u00e9s de una nota, que lleva la firma de la C\u00e1mara de Productores Porcinos de Entre R\u00edos, se advirti\u00f3 por el impacto que tiene en el sector el incremento de los cortes de cerdo importados, que alcanz\u00f3 el 106% interanual.<\/p>\n","protected":false},"author":8,"featured_media":78283,"comment_status":"open","ping_status":"open","sticky":false,"template":"","format":"standard","meta":{"fifu_image_url":"","fifu_image_alt":"","footnotes":""},"categories":[10],"tags":[3656,3655],"class_list":{"0":"post-78282","1":"post","2":"type-post","3":"status-publish","4":"format-standard","5":"has-post-thumbnail","7":"category-campo","8":"tag-aumento-de-importacion","9":"tag-productores-porcino"},"yoast_head":"<title>Productores de cerdo volvieron a advertir al Gobierno por el aumento de las importaciones - Informe Litoral<\/title>\n<meta name=\"robots\" content=\"index, follow, max-snippet:-1, max-image-preview:large, max-video-preview:-1\" \/>\n<link rel=\"canonical\" href=\"https:\/\/informelitoral.com.ar\/productores-de-cerdo-volvieron-a-advertir-al-gobierno-por-el-aumento-de-las-importaciones\/\" \/>\n<meta property=\"og:locale\" content=\"es_ES\" \/>\n<meta property=\"og:type\" content=\"article\" \/>\n<meta property=\"og:title\" content=\"Productores de cerdo volvieron a advertir al Gobierno por el aumento de las importaciones - Informe Litoral\" \/>\n<meta property=\"og:description\" content=\"A trav\u00e9s de una nota, que lleva la firma de la C\u00e1mara de Productores Porcinos de Entre R\u00edos, se advirti\u00f3 por el impacto que tiene en el sector el incremento de los cortes de cerdo importados, que alcanz\u00f3 el 106% interanual.\" \/>\n<meta property=\"og:url\" content=\"https:\/\/informelitoral.com.ar\/productores-de-cerdo-volvieron-a-advertir-al-gobierno-por-el-aumento-de-las-importaciones\/\" \/>\n<meta property=\"og:site_name\" content=\"Informe Litoral\" \/>\n<meta property=\"article:publisher\" content=\"https:\/\/www.facebook.com\/informelitoral\/\" \/>\n<meta property=\"article:published_time\" content=\"2022-05-25T11:51:30+00:00\" \/>\n<meta property=\"og:image\" content=\"https:\/\/informelitoral.com.ar\/%77%70%2d%63%6f%6e%74%65%6e%74\/uploads\/2022\/05\/1602945754_097110_1602946059_noticia_normal_recorte1.jpg\" \/>\n\t<meta property=\"og:image:width\" content=\"720\" \/>\n\t<meta property=\"og:image:height\" content=\"405\" \/>\n\t<meta property=\"og:image:type\" content=\"image\/jpeg\" \/>\n<meta name=\"author\" content=\"Sebastian\" \/>\n<meta name=\"twitter:card\" content=\"summary_large_image\" \/>\n<meta name=\"twitter:creator\" content=\"@InformeLitoral\" \/>\n<meta name=\"twitter:site\" content=\"@InformeLitoral\" \/>\n<meta name=\"twitter:label1\" content=\"Escrito por\" \/>\n\t<meta name=\"twitter:data1\" content=\"Sebastian\" \/>\n\t<meta name=\"twitter:label2\" content=\"Tiempo de lectura\" \/>\n\t<meta name=\"twitter:data2\" content=\"2 minutos\" \/>\n<script type=\"application\/ld+json\" class=\"yoast-schema-graph\">{\"@context\":\"https:\\\/\\\/schema.org\",\"@graph\":[{\"@type\":\"Article\",\"@id\":\"https:\\\/\\\/informelitoral.com.ar\\\/productores-de-cerdo-volvieron-a-advertir-al-gobierno-por-el-aumento-de-las-importaciones\\\/#article\",\"isPartOf\":{\"@id\":\"https:\\\/\\\/informelitoral.com.ar\\\/productores-de-cerdo-volvieron-a-advertir-al-gobierno-por-el-aumento-de-las-importaciones\\\/\"},\"author\":{\"name\":\"Sebastian\",\"@id\":\"https:\\\/\\\/informelitoral.com.ar\\\/#\\\/schema\\\/person\\\/f05f9f461677119578717524b127d6d5\"},\"headline\":\"Productores de cerdo volvieron a advertir al Gobierno por el aumento de las importaciones\",\"datePublished\":\"2022-05-25T11:51:30+00:00\",\"mainEntityOfPage\":{\"@id\":\"https:\\\/\\\/informelitoral.com.ar\\\/productores-de-cerdo-volvieron-a-advertir-al-gobierno-por-el-aumento-de-las-importaciones\\\/\"},\"wordCount\":428,\"commentCount\":0,\"publisher\":{\"@id\":\"https:\\\/\\\/informelitoral.com.ar\\\/#organization\"},\"image\":{\"@id\":\"https:\\\/\\\/informelitoral.com.ar\\\/productores-de-cerdo-volvieron-a-advertir-al-gobierno-por-el-aumento-de-las-importaciones\\\/#primaryimage\"},\"thumbnailUrl\":\"https:\\\/\\\/informelitoral.com.ar\\\/%77%70%2d%63%6f%6e%74%65%6e%74\\\/uploads\\\/2022\\\/05\\\/1602945754_097110_1602946059_noticia_normal_recorte1.jpg\",\"keywords\":[\"Aumento de importaci\u00f3n\",\"Productores Porcino\"],\"articleSection\":[\"Campo\"],\"inLanguage\":\"es\",\"potentialAction\":[{\"@type\":\"CommentAction\",\"name\":\"Comment\",\"target\":[\"https:\\\/\\\/informelitoral.com.ar\\\/productores-de-cerdo-volvieron-a-advertir-al-gobierno-por-el-aumento-de-las-importaciones\\\/#respond\"]}]},{\"@type\":\"WebPage\",\"@id\":\"https:\\\/\\\/informelitoral.com.ar\\\/productores-de-cerdo-volvieron-a-advertir-al-gobierno-por-el-aumento-de-las-importaciones\\\/\",\"url\":\"https:\\\/\\\/informelitoral.com.ar\\\/productores-de-cerdo-volvieron-a-advertir-al-gobierno-por-el-aumento-de-las-importaciones\\\/\",\"name\":\"Productores de cerdo volvieron a advertir al Gobierno por el aumento de las importaciones - Informe Litoral\",\"isPartOf\":{\"@id\":\"https:\\\/\\\/informelitoral.com.ar\\\/#website\"},\"primaryImageOfPage\":{\"@id\":\"https:\\\/\\\/informelitoral.com.ar\\\/productores-de-cerdo-volvieron-a-advertir-al-gobierno-por-el-aumento-de-las-importaciones\\\/#primaryimage\"},\"image\":{\"@id\":\"https:\\\/\\\/informelitoral.com.ar\\\/productores-de-cerdo-volvieron-a-advertir-al-gobierno-por-el-aumento-de-las-importaciones\\\/#primaryimage\"},\"thumbnailUrl\":\"https:\\\/\\\/informelitoral.com.ar\\\/%77%70%2d%63%6f%6e%74%65%6e%74\\\/uploads\\\/2022\\\/05\\\/1602945754_097110_1602946059_noticia_normal_recorte1.jpg\",\"datePublished\":\"2022-05-25T11:51:30+00:00\",\"breadcrumb\":{\"@id\":\"https:\\\/\\\/informelitoral.com.ar\\\/productores-de-cerdo-volvieron-a-advertir-al-gobierno-por-el-aumento-de-las-importaciones\\\/#breadcrumb\"},\"inLanguage\":\"es\",\"potentialAction\":[{\"@type\":\"ReadAction\",\"target\":[\"https:\\\/\\\/informelitoral.com.ar\\\/productores-de-cerdo-volvieron-a-advertir-al-gobierno-por-el-aumento-de-las-importaciones\\\/\"]}]},{\"@type\":\"ImageObject\",\"inLanguage\":\"es\",\"@id\":\"https:\\\/\\\/informelitoral.com.ar\\\/productores-de-cerdo-volvieron-a-advertir-al-gobierno-por-el-aumento-de-las-importaciones\\\/#primaryimage\",\"url\":\"https:\\\/\\\/informelitoral.com.ar\\\/%77%70%2d%63%6f%6e%74%65%6e%74\\\/uploads\\\/2022\\\/05\\\/1602945754_097110_1602946059_noticia_normal_recorte1.jpg\",\"contentUrl\":\"https:\\\/\\\/informelitoral.com.ar\\\/%77%70%2d%63%6f%6e%74%65%6e%74\\\/uploads\\\/2022\\\/05\\\/1602945754_097110_1602946059_noticia_normal_recorte1.jpg\",\"width\":720,\"height\":405},{\"@type\":\"BreadcrumbList\",\"@id\":\"https:\\\/\\\/informelitoral.com.ar\\\/productores-de-cerdo-volvieron-a-advertir-al-gobierno-por-el-aumento-de-las-importaciones\\\/#breadcrumb\",\"itemListElement\":[{\"@type\":\"ListItem\",\"position\":1,\"name\":\"Portada\",\"item\":\"https:\\\/\\\/informelitoral.com.ar\\\/\"},{\"@type\":\"ListItem\",\"position\":2,\"name\":\"Productores de cerdo volvieron a advertir al Gobierno por el aumento de las importaciones\"}]},{\"@type\":\"WebSite\",\"@id\":\"https:\\\/\\\/informelitoral.com.ar\\\/#website\",\"url\":\"https:\\\/\\\/informelitoral.com.ar\\\/\",\"name\":\"Informe Litoral\",\"description\":\"&quot;Nos informamos&quot; \",\"publisher\":{\"@id\":\"https:\\\/\\\/informelitoral.com.ar\\\/#organization\"},\"potentialAction\":[{\"@type\":\"SearchAction\",\"target\":{\"@type\":\"EntryPoint\",\"urlTemplate\":\"https:\\\/\\\/informelitoral.com.ar\\\/?s={search_term_string}\"},\"query-input\":{\"@type\":\"PropertyValueSpecification\",\"valueRequired\":true,\"valueName\":\"search_term_string\"}}],\"inLanguage\":\"es\"},{\"@type\":\"Organization\",\"@id\":\"https:\\\/\\\/informelitoral.com.ar\\\/#organization\",\"name\":\"Informe Litoral\",\"url\":\"https:\\\/\\\/informelitoral.com.ar\\\/\",\"logo\":{\"@type\":\"ImageObject\",\"inLanguage\":\"es\",\"@id\":\"https:\\\/\\\/informelitoral.com.ar\\\/#\\\/schema\\\/logo\\\/image\\\/\",\"url\":\"https:\\\/\\\/informelitoral.com.ar\\\/%77%70%2d%63%6f%6e%74%65%6e%74\\\/uploads\\\/2021\\\/01\\\/circulo.png\",\"contentUrl\":\"https:\\\/\\\/informelitoral.com.ar\\\/%77%70%2d%63%6f%6e%74%65%6e%74\\\/uploads\\\/2021\\\/01\\\/circulo.png\",\"width\":723,\"height\":731,\"caption\":\"Informe Litoral\"},\"image\":{\"@id\":\"https:\\\/\\\/informelitoral.com.ar\\\/#\\\/schema\\\/logo\\\/image\\\/\"},\"sameAs\":[\"https:\\\/\\\/www.facebook.com\\\/informelitoral\\\/\",\"https:\\\/\\\/x.com\\\/InformeLitoral\",\"https:\\\/\\\/www.instagram.com\\\/informelitoral\\\/\",\"https:\\\/\\\/www.youtube.com\\\/channel\\\/UCua4Qvz8Icb6MYqhoq9xLXw\"]},{\"@type\":\"Person\",\"@id\":\"https:\\\/\\\/informelitoral.com.ar\\\/#\\\/schema\\\/person\\\/f05f9f461677119578717524b127d6d5\",\"name\":\"Sebastian\",\"image\":{\"@type\":\"ImageObject\",\"inLanguage\":\"es\",\"@id\":\"https:\\\/\\\/secure.gravatar.com\\\/avatar\\\/b71bf7481d447dfb9583c7f2798e7cc64de6efb9067b74633ed8c31059a3bd82?s=96&d=mm&r=g\",\"url\":\"https:\\\/\\\/secure.gravatar.com\\\/avatar\\\/b71bf7481d447dfb9583c7f2798e7cc64de6efb9067b74633ed8c31059a3bd82?s=96&d=mm&r=g\",\"contentUrl\":\"https:\\\/\\\/secure.gravatar.com\\\/avatar\\\/b71bf7481d447dfb9583c7f2798e7cc64de6efb9067b74633ed8c31059a3bd82?s=96&d=mm&r=g\",\"caption\":\"Sebastian\"},\"url\":\"https:\\\/\\\/informelitoral.com.ar\\\/author\\\/sebastian\\\/\"}]}<\/script>","yoast_head_json":{"title":"Productores de cerdo volvieron a advertir al Gobierno por el aumento de las importaciones - Informe Litoral","robots":{"index":"index","follow":"follow","max-snippet":"max-snippet:-1","max-image-preview":"max-image-preview:large","max-video-preview":"max-video-preview:-1"},"canonical":"https:\/\/informelitoral.com.ar\/productores-de-cerdo-volvieron-a-advertir-al-gobierno-por-el-aumento-de-las-importaciones\/","og_locale":"es_ES","og_type":"article","og_title":"Productores de cerdo volvieron a advertir al Gobierno por el aumento de las importaciones - Informe Litoral","og_description":"A trav\u00e9s de una nota, que lleva la firma de la C\u00e1mara de Productores Porcinos de Entre R\u00edos, se advirti\u00f3 por el impacto que tiene en el sector el incremento de los cortes de cerdo importados, que alcanz\u00f3 el 106% interanual.","og_url":"https:\/\/informelitoral.com.ar\/productores-de-cerdo-volvieron-a-advertir-al-gobierno-por-el-aumento-de-las-importaciones\/","og_site_name":"Informe Litoral","article_publisher":"https:\/\/www.facebook.com\/informelitoral\/","article_published_time":"2022-05-25T11:51:30+00:00","og_image":[{"width":720,"height":405,"url":"https:\/\/informelitoral.com.ar\/%77%70%2d%63%6f%6e%74%65%6e%74\/uploads\/2022\/05\/1602945754_097110_1602946059_noticia_normal_recorte1.jpg","type":"image\/jpeg"}],"author":"Sebastian","twitter_card":"summary_large_image","twitter_creator":"@InformeLitoral","twitter_site":"@InformeLitoral","twitter_misc":{"Escrito por":"Sebastian","Tiempo de lectura":"2 minutos"},"schema":{"@context":"https:\/\/schema.org","@graph":[{"@type":"Article","@id":"https:\/\/informelitoral.com.ar\/productores-de-cerdo-volvieron-a-advertir-al-gobierno-por-el-aumento-de-las-importaciones\/#article","isPartOf":{"@id":"https:\/\/informelitoral.com.ar\/productores-de-cerdo-volvieron-a-advertir-al-gobierno-por-el-aumento-de-las-importaciones\/"},"author":{"name":"Sebastian","@id":"https:\/\/informelitoral.com.ar\/#\/schema\/person\/f05f9f461677119578717524b127d6d5"},"headline":"Productores de cerdo volvieron a advertir al Gobierno por el aumento de las importaciones","datePublished":"2022-05-25T11:51:30+00:00","mainEntityOfPage":{"@id":"https:\/\/informelitoral.com.ar\/productores-de-cerdo-volvieron-a-advertir-al-gobierno-por-el-aumento-de-las-importaciones\/"},"wordCount":428,"commentCount":0,"publisher":{"@id":"https:\/\/informelitoral.com.ar\/#organization"},"image":{"@id":"https:\/\/informelitoral.com.ar\/productores-de-cerdo-volvieron-a-advertir-al-gobierno-por-el-aumento-de-las-importaciones\/#primaryimage"},"thumbnailUrl":"https:\/\/informelitoral.com.ar\/%77%70%2d%63%6f%6e%74%65%6e%74\/uploads\/2022\/05\/1602945754_097110_1602946059_noticia_normal_recorte1.jpg","keywords":["Aumento de importaci\u00f3n","Productores Porcino"],"articleSection":["Campo"],"inLanguage":"es","potentialAction":[{"@type":"CommentAction","name":"Comment","target":["https:\/\/informelitoral.com.ar\/productores-de-cerdo-volvieron-a-advertir-al-gobierno-por-el-aumento-de-las-importaciones\/#respond"]}]},{"@type":"WebPage","@id":"https:\/\/informelitoral.com.ar\/productores-de-cerdo-volvieron-a-advertir-al-gobierno-por-el-aumento-de-las-importaciones\/","url":"https:\/\/informelitoral.com.ar\/productores-de-cerdo-volvieron-a-advertir-al-gobierno-por-el-aumento-de-las-importaciones\/","name":"Productores de cerdo volvieron a advertir al Gobierno por el aumento de las importaciones - Informe Litoral","isPartOf":{"@id":"https:\/\/informelitoral.com.ar\/#website"},"primaryImageOfPage":{"@id":"https:\/\/informelitoral.com.ar\/productores-de-cerdo-volvieron-a-advertir-al-gobierno-por-el-aumento-de-las-importaciones\/#primaryimage"},"image":{"@id":"https:\/\/informelitoral.com.ar\/productores-de-cerdo-volvieron-a-advertir-al-gobierno-por-el-aumento-de-las-importaciones\/#primaryimage"},"thumbnailUrl":"https:\/\/informelitoral.com.ar\/%77%70%2d%63%6f%6e%74%65%6e%74\/uploads\/2022\/05\/1602945754_097110_1602946059_noticia_normal_recorte1.jpg","datePublished":"2022-05-25T11:51:30+00:00","breadcrumb":{"@id":"https:\/\/informelitoral.com.ar\/productores-de-cerdo-volvieron-a-advertir-al-gobierno-por-el-aumento-de-las-importaciones\/#breadcrumb"},"inLanguage":"es","potentialAction":[{"@type":"ReadAction","target":["https:\/\/informelitoral.com.ar\/productores-de-cerdo-volvieron-a-advertir-al-gobierno-por-el-aumento-de-las-importaciones\/"]}]},{"@type":"ImageObject","inLanguage":"es","@id":"https:\/\/informelitoral.com.ar\/productores-de-cerdo-volvieron-a-advertir-al-gobierno-por-el-aumento-de-las-importaciones\/#primaryimage","url":"https:\/\/informelitoral.com.ar\/%77%70%2d%63%6f%6e%74%65%6e%74\/uploads\/2022\/05\/1602945754_097110_1602946059_noticia_normal_recorte1.jpg","contentUrl":"https:\/\/informelitoral.com.ar\/%77%70%2d%63%6f%6e%74%65%6e%74\/uploads\/2022\/05\/1602945754_097110_1602946059_noticia_normal_recorte1.jpg","width":720,"height":405},{"@type":"BreadcrumbList","@id":"https:\/\/informelitoral.com.ar\/productores-de-cerdo-volvieron-a-advertir-al-gobierno-por-el-aumento-de-las-importaciones\/#breadcrumb","itemListElement":[{"@type":"ListItem","position":1,"name":"Portada","item":"https:\/\/informelitoral.com.ar\/"},{"@type":"ListItem","position":2,"name":"Productores de cerdo volvieron a advertir al Gobierno por el aumento de las importaciones"}]},{"@type":"WebSite","@id":"https:\/\/informelitoral.com.ar\/#website","url":"https:\/\/informelitoral.com.ar\/","name":"Informe Litoral","description":"&quot;Nos informamos&quot; ","publisher":{"@id":"https:\/\/informelitoral.com.ar\/#organization"},"potentialAction":[{"@type":"SearchAction","target":{"@type":"EntryPoint","urlTemplate":"https:\/\/informelitoral.com.ar\/?s={search_term_string}"},"query-input":{"@type":"PropertyValueSpecification","valueRequired":true,"valueName":"search_term_string"}}],"inLanguage":"es"},{"@type":"Organization","@id":"https:\/\/informelitoral.com.ar\/#organization","name":"Informe Litoral","url":"https:\/\/informelitoral.com.ar\/","logo":{"@type":"ImageObject","inLanguage":"es","@id":"https:\/\/informelitoral.com.ar\/#\/schema\/logo\/image\/","url":"https:\/\/informelitoral.com.ar\/%77%70%2d%63%6f%6e%74%65%6e%74\/uploads\/2021\/01\/circulo.png","contentUrl":"https:\/\/informelitoral.com.ar\/%77%70%2d%63%6f%6e%74%65%6e%74\/uploads\/2021\/01\/circulo.png","width":723,"height":731,"caption":"Informe Litoral"},"image":{"@id":"https:\/\/informelitoral.com.ar\/#\/schema\/logo\/image\/"},"sameAs":["https:\/\/www.facebook.com\/informelitoral\/","https:\/\/x.com\/InformeLitoral","https:\/\/www.instagram.com\/informelitoral\/","https:\/\/www.youtube.com\/channel\/UCua4Qvz8Icb6MYqhoq9xLXw"]},{"@type":"Person","@id":"https:\/\/informelitoral.com.ar\/#\/schema\/person\/f05f9f461677119578717524b127d6d5","name":"Sebastian","image":{"@type":"ImageObject","inLanguage":"es","@id":"https:\/\/secure.gravatar.com\/avatar\/b71bf7481d447dfb9583c7f2798e7cc64de6efb9067b74633ed8c31059a3bd82?s=96&d=mm&r=g","url":"https:\/\/secure.gravatar.com\/avatar\/b71bf7481d447dfb9583c7f2798e7cc64de6efb9067b74633ed8c31059a3bd82?s=96&d=mm&r=g","contentUrl":"https:\/\/secure.gravatar.com\/avatar\/b71bf7481d447dfb9583c7f2798e7cc64de6efb9067b74633ed8c31059a3bd82?s=96&d=mm&r=g","caption":"Sebastian"},"url":"https:\/\/informelitoral.com.ar\/author\/sebastian\/"}]}},"_links":{"self":[{"href":"https:\/\/informelitoral.com.ar\/%77%70%2d%6a%73%6f%6e\/wp\/v2\/posts\/78282","targetHints":{"allow":["GET"]}}],"collection":[{"href":"https:\/\/informelitoral.com.ar\/%77%70%2d%6a%73%6f%6e\/wp\/v2\/posts"}],"about":[{"href":"https:\/\/informelitoral.com.ar\/%77%70%2d%6a%73%6f%6e\/wp\/v2\/types\/post"}],"author":[{"embeddable":true,"href":"https:\/\/informelitoral.com.ar\/%77%70%2d%6a%73%6f%6e\/wp\/v2\/users\/8"}],"replies":[{"embeddable":true,"href":"https:\/\/informelitoral.com.ar\/%77%70%2d%6a%73%6f%6e\/wp\/v2\/comments?post=78282"}],"version-history":[{"count":0,"href":"https:\/\/informelitoral.com.ar\/%77%70%2d%6a%73%6f%6e\/wp\/v2\/posts\/78282\/revisions"}],"wp:featuredmedia":[{"embeddable":true,"href":"https:\/\/informelitoral.com.ar\/%77%70%2d%6a%73%6f%6e\/wp\/v2\/media\/78283"}],"wp:attachment":[{"href":"https:\/\/informelitoral.com.ar\/%77%70%2d%6a%73%6f%6e\/wp\/v2\/media?parent=78282"}],"wp:term":[{"taxonomy":"category","embeddable":true,"href":"https:\/\/informelitoral.com.ar\/%77%70%2d%6a%73%6f%6e\/wp\/v2\/categories?post=78282"},{"taxonomy":"post_tag","embeddable":true,"href":"https:\/\/informelitoral.com.ar\/%77%70%2d%6a%73%6f%6e\/wp\/v2\/tags?post=78282"}],"curies":[{"name":"wp","href":"https:\/\/api.w.org\/{rel}","templated":true}]}}