{"id":78271,"date":"2022-05-25T08:25:46","date_gmt":"2022-05-25T11:25:46","guid":{"rendered":"https:\/\/www.informelitoral.com.ar\/?p=78271"},"modified":"2022-05-25T08:59:47","modified_gmt":"2022-05-25T11:59:47","slug":"una-moto-fue-chocada-de-atras-por-un-auto-en-el-semaforo","status":"publish","type":"post","link":"https:\/\/informelitoral.com.ar\/una-moto-fue-chocada-de-atras-por-un-auto-en-el-semaforo\/","title":{"rendered":"Paran\u00e1: Una moto fue chocada de atr\u00e1s por un auto, en el sem\u00e1foro"},"content":{"rendered":"<p>Ricardo, de 69 a\u00f1os, se trasladaba en su moto Honda XR 125 cc., junto a su esposa. Frenaron en el carril norte- sur, para doblar hacia su izquierda, por calle Marcos Sartre, con el gui\u00f1o puesto, cuando fueron \u201cembestidos de atr\u00e1s por un auto\u201d.<\/p>\n<p>El hecho se registr\u00f3 pasada la hora 20 de este mi\u00e9rcoles. \u201cDice que no me vio (la conductora del auto) porque estaba lloviendo, pero no es as\u00ed. Ya hab\u00eda parado la lluvia. Yo estaba parado, reci\u00e9n apenitas me hab\u00eda movido. Cuando me choc\u00f3 se me cay\u00f3 la moto encima\u201d, relat\u00f3 el hombre.<br \/>\nLa esposa del conductor de la moto fue trasladada inmediatamente al Hospital San Mart\u00edn. Su esposo desconoc\u00eda por el momento, el estado de salud de la mujer.<\/p>\n<p>Asimismo el hombre manifest\u00f3 que sent\u00eda dolor en la rodilla y cont\u00f3 que tras los tr\u00e1mites de rigor en el lugar, iba a dirigirse al hospital para su atenci\u00f3n.<\/p>\n<p>Los dos llevaban casco.<\/p>\n<p>\u201cDonde sentimos el impacto, nos tir\u00f3 hacia adelante, nos empuj\u00f3 el envi\u00f3n del auto. Despacito no ha venido\u201d, opin\u00f3 el motociclista.(<em>Elonce<\/em>)<\/p>\n","protected":false},"excerpt":{"rendered":"<p>El hecho ocurri\u00f3 en intersecci\u00f3n de calle Feliciano y Avenida Ram\u00edrez, en el carril norte- sur. \u201cLa conductora del auto dijo que no me vio\u201d<\/p>\n","protected":false},"author":8,"featured_media":0,"comment_status":"open","ping_status":"open","sticky":false,"template":"","format":"standard","meta":{"fifu_image_url":"","fifu_image_alt":"","footnotes":""},"categories":[14],"tags":[304],"class_list":{"0":"post-78271","1":"post","2":"type-post","3":"status-publish","4":"format-standard","6":"category-policiales","7":"tag-accidente-vial"},"yoast_head":"<title>Paran\u00e1: Una moto fue chocada de atr\u00e1s por un auto, en el sem\u00e1foro - Informe Litoral<\/title>\n<meta name=\"robots\" content=\"index, follow, max-snippet:-1, max-image-preview:large, max-video-preview:-1\" \/>\n<link rel=\"canonical\" href=\"https:\/\/informelitoral.com.ar\/una-moto-fue-chocada-de-atras-por-un-auto-en-el-semaforo\/\" \/>\n<meta property=\"og:locale\" content=\"es_ES\" \/>\n<meta property=\"og:type\" content=\"article\" \/>\n<meta property=\"og:title\" content=\"Paran\u00e1: Una moto fue chocada de atr\u00e1s por un auto, en el sem\u00e1foro - Informe Litoral\" \/>\n<meta property=\"og:description\" content=\"El hecho ocurri\u00f3 en intersecci\u00f3n de calle Feliciano y Avenida Ram\u00edrez, en el carril norte- sur. \u201cLa conductora del auto dijo que no me vio\u201d\" \/>\n<meta property=\"og:url\" content=\"https:\/\/informelitoral.com.ar\/una-moto-fue-chocada-de-atras-por-un-auto-en-el-semaforo\/\" \/>\n<meta property=\"og:site_name\" content=\"Informe Litoral\" \/>\n<meta property=\"article:publisher\" content=\"https:\/\/www.facebook.com\/informelitoral\/\" \/>\n<meta property=\"article:published_time\" content=\"2022-05-25T11:25:46+00:00\" \/>\n<meta property=\"article:modified_time\" content=\"2022-05-25T11:59:47+00:00\" \/>\n<meta name=\"author\" content=\"Sebastian\" \/>\n<meta name=\"twitter:card\" content=\"summary_large_image\" \/>\n<meta name=\"twitter:creator\" content=\"@InformeLitoral\" \/>\n<meta name=\"twitter:site\" content=\"@InformeLitoral\" \/>\n<meta name=\"twitter:label1\" content=\"Escrito por\" \/>\n\t<meta name=\"twitter:data1\" content=\"Sebastian\" \/>\n\t<meta name=\"twitter:label2\" content=\"Tiempo de lectura\" \/>\n\t<meta name=\"twitter:data2\" content=\"1 minuto\" \/>\n<script type=\"application\/ld+json\" class=\"yoast-schema-graph\">{\"@context\":\"https:\\\/\\\/schema.org\",\"@graph\":[{\"@type\":\"Article\",\"@id\":\"https:\\\/\\\/informelitoral.com.ar\\\/una-moto-fue-chocada-de-atras-por-un-auto-en-el-semaforo\\\/#article\",\"isPartOf\":{\"@id\":\"https:\\\/\\\/informelitoral.com.ar\\\/una-moto-fue-chocada-de-atras-por-un-auto-en-el-semaforo\\\/\"},\"author\":{\"name\":\"Sebastian\",\"@id\":\"https:\\\/\\\/informelitoral.com.ar\\\/#\\\/schema\\\/person\\\/f05f9f461677119578717524b127d6d5\"},\"headline\":\"Paran\u00e1: Una moto fue chocada de atr\u00e1s por un auto, en el sem\u00e1foro\",\"datePublished\":\"2022-05-25T11:25:46+00:00\",\"dateModified\":\"2022-05-25T11:59:47+00:00\",\"mainEntityOfPage\":{\"@id\":\"https:\\\/\\\/informelitoral.com.ar\\\/una-moto-fue-chocada-de-atras-por-un-auto-en-el-semaforo\\\/\"},\"wordCount\":203,\"commentCount\":0,\"publisher\":{\"@id\":\"https:\\\/\\\/informelitoral.com.ar\\\/#organization\"},\"keywords\":[\"Accidente vial\"],\"articleSection\":[\"Policiales\"],\"inLanguage\":\"es\",\"potentialAction\":[{\"@type\":\"CommentAction\",\"name\":\"Comment\",\"target\":[\"https:\\\/\\\/informelitoral.com.ar\\\/una-moto-fue-chocada-de-atras-por-un-auto-en-el-semaforo\\\/#respond\"]}]},{\"@type\":\"WebPage\",\"@id\":\"https:\\\/\\\/informelitoral.com.ar\\\/una-moto-fue-chocada-de-atras-por-un-auto-en-el-semaforo\\\/\",\"url\":\"https:\\\/\\\/informelitoral.com.ar\\\/una-moto-fue-chocada-de-atras-por-un-auto-en-el-semaforo\\\/\",\"name\":\"Paran\u00e1: Una moto fue chocada de atr\u00e1s por un auto, en el sem\u00e1foro - Informe Litoral\",\"isPartOf\":{\"@id\":\"https:\\\/\\\/informelitoral.com.ar\\\/#website\"},\"datePublished\":\"2022-05-25T11:25:46+00:00\",\"dateModified\":\"2022-05-25T11:59:47+00:00\",\"breadcrumb\":{\"@id\":\"https:\\\/\\\/informelitoral.com.ar\\\/una-moto-fue-chocada-de-atras-por-un-auto-en-el-semaforo\\\/#breadcrumb\"},\"inLanguage\":\"es\",\"potentialAction\":[{\"@type\":\"ReadAction\",\"target\":[\"https:\\\/\\\/informelitoral.com.ar\\\/una-moto-fue-chocada-de-atras-por-un-auto-en-el-semaforo\\\/\"]}]},{\"@type\":\"BreadcrumbList\",\"@id\":\"https:\\\/\\\/informelitoral.com.ar\\\/una-moto-fue-chocada-de-atras-por-un-auto-en-el-semaforo\\\/#breadcrumb\",\"itemListElement\":[{\"@type\":\"ListItem\",\"position\":1,\"name\":\"Portada\",\"item\":\"https:\\\/\\\/informelitoral.com.ar\\\/\"},{\"@type\":\"ListItem\",\"position\":2,\"name\":\"Paran\u00e1: Una moto fue chocada de atr\u00e1s por un auto, en el sem\u00e1foro\"}]},{\"@type\":\"WebSite\",\"@id\":\"https:\\\/\\\/informelitoral.com.ar\\\/#website\",\"url\":\"https:\\\/\\\/informelitoral.com.ar\\\/\",\"name\":\"Informe Litoral\",\"description\":\"&quot;Nos informamos&quot; \",\"publisher\":{\"@id\":\"https:\\\/\\\/informelitoral.com.ar\\\/#organization\"},\"potentialAction\":[{\"@type\":\"SearchAction\",\"target\":{\"@type\":\"EntryPoint\",\"urlTemplate\":\"https:\\\/\\\/informelitoral.com.ar\\\/?s={search_term_string}\"},\"query-input\":{\"@type\":\"PropertyValueSpecification\",\"valueRequired\":true,\"valueName\":\"search_term_string\"}}],\"inLanguage\":\"es\"},{\"@type\":\"Organization\",\"@id\":\"https:\\\/\\\/informelitoral.com.ar\\\/#organization\",\"name\":\"Informe Litoral\",\"url\":\"https:\\\/\\\/informelitoral.com.ar\\\/\",\"logo\":{\"@type\":\"ImageObject\",\"inLanguage\":\"es\",\"@id\":\"https:\\\/\\\/informelitoral.com.ar\\\/#\\\/schema\\\/logo\\\/image\\\/\",\"url\":\"https:\\\/\\\/informelitoral.com.ar\\\/%77%70%2d%63%6f%6e%74%65%6e%74\\\/uploads\\\/2021\\\/01\\\/circulo.png\",\"contentUrl\":\"https:\\\/\\\/informelitoral.com.ar\\\/%77%70%2d%63%6f%6e%74%65%6e%74\\\/uploads\\\/2021\\\/01\\\/circulo.png\",\"width\":723,\"height\":731,\"caption\":\"Informe Litoral\"},\"image\":{\"@id\":\"https:\\\/\\\/informelitoral.com.ar\\\/#\\\/schema\\\/logo\\\/image\\\/\"},\"sameAs\":[\"https:\\\/\\\/www.facebook.com\\\/informelitoral\\\/\",\"https:\\\/\\\/x.com\\\/InformeLitoral\",\"https:\\\/\\\/www.instagram.com\\\/informelitoral\\\/\",\"https:\\\/\\\/www.youtube.com\\\/channel\\\/UCua4Qvz8Icb6MYqhoq9xLXw\"]},{\"@type\":\"Person\",\"@id\":\"https:\\\/\\\/informelitoral.com.ar\\\/#\\\/schema\\\/person\\\/f05f9f461677119578717524b127d6d5\",\"name\":\"Sebastian\",\"image\":{\"@type\":\"ImageObject\",\"inLanguage\":\"es\",\"@id\":\"https:\\\/\\\/secure.gravatar.com\\\/avatar\\\/b71bf7481d447dfb9583c7f2798e7cc64de6efb9067b74633ed8c31059a3bd82?s=96&d=mm&r=g\",\"url\":\"https:\\\/\\\/secure.gravatar.com\\\/avatar\\\/b71bf7481d447dfb9583c7f2798e7cc64de6efb9067b74633ed8c31059a3bd82?s=96&d=mm&r=g\",\"contentUrl\":\"https:\\\/\\\/secure.gravatar.com\\\/avatar\\\/b71bf7481d447dfb9583c7f2798e7cc64de6efb9067b74633ed8c31059a3bd82?s=96&d=mm&r=g\",\"caption\":\"Sebastian\"},\"url\":\"https:\\\/\\\/informelitoral.com.ar\\\/author\\\/sebastian\\\/\"}]}<\/script>","yoast_head_json":{"title":"Paran\u00e1: Una moto fue chocada de atr\u00e1s por un auto, en el sem\u00e1foro - Informe Litoral","robots":{"index":"index","follow":"follow","max-snippet":"max-snippet:-1","max-image-preview":"max-image-preview:large","max-video-preview":"max-video-preview:-1"},"canonical":"https:\/\/informelitoral.com.ar\/una-moto-fue-chocada-de-atras-por-un-auto-en-el-semaforo\/","og_locale":"es_ES","og_type":"article","og_title":"Paran\u00e1: Una moto fue chocada de atr\u00e1s por un auto, en el sem\u00e1foro - Informe Litoral","og_description":"El hecho ocurri\u00f3 en intersecci\u00f3n de calle Feliciano y Avenida Ram\u00edrez, en el carril norte- sur. \u201cLa conductora del auto dijo que no me vio\u201d","og_url":"https:\/\/informelitoral.com.ar\/una-moto-fue-chocada-de-atras-por-un-auto-en-el-semaforo\/","og_site_name":"Informe Litoral","article_publisher":"https:\/\/www.facebook.com\/informelitoral\/","article_published_time":"2022-05-25T11:25:46+00:00","article_modified_time":"2022-05-25T11:59:47+00:00","author":"Sebastian","twitter_card":"summary_large_image","twitter_creator":"@InformeLitoral","twitter_site":"@InformeLitoral","twitter_misc":{"Escrito por":"Sebastian","Tiempo de lectura":"1 minuto"},"schema":{"@context":"https:\/\/schema.org","@graph":[{"@type":"Article","@id":"https:\/\/informelitoral.com.ar\/una-moto-fue-chocada-de-atras-por-un-auto-en-el-semaforo\/#article","isPartOf":{"@id":"https:\/\/informelitoral.com.ar\/una-moto-fue-chocada-de-atras-por-un-auto-en-el-semaforo\/"},"author":{"name":"Sebastian","@id":"https:\/\/informelitoral.com.ar\/#\/schema\/person\/f05f9f461677119578717524b127d6d5"},"headline":"Paran\u00e1: Una moto fue chocada de atr\u00e1s por un auto, en el sem\u00e1foro","datePublished":"2022-05-25T11:25:46+00:00","dateModified":"2022-05-25T11:59:47+00:00","mainEntityOfPage":{"@id":"https:\/\/informelitoral.com.ar\/una-moto-fue-chocada-de-atras-por-un-auto-en-el-semaforo\/"},"wordCount":203,"commentCount":0,"publisher":{"@id":"https:\/\/informelitoral.com.ar\/#organization"},"keywords":["Accidente vial"],"articleSection":["Policiales"],"inLanguage":"es","potentialAction":[{"@type":"CommentAction","name":"Comment","target":["https:\/\/informelitoral.com.ar\/una-moto-fue-chocada-de-atras-por-un-auto-en-el-semaforo\/#respond"]}]},{"@type":"WebPage","@id":"https:\/\/informelitoral.com.ar\/una-moto-fue-chocada-de-atras-por-un-auto-en-el-semaforo\/","url":"https:\/\/informelitoral.com.ar\/una-moto-fue-chocada-de-atras-por-un-auto-en-el-semaforo\/","name":"Paran\u00e1: Una moto fue chocada de atr\u00e1s por un auto, en el sem\u00e1foro - Informe Litoral","isPartOf":{"@id":"https:\/\/informelitoral.com.ar\/#website"},"datePublished":"2022-05-25T11:25:46+00:00","dateModified":"2022-05-25T11:59:47+00:00","breadcrumb":{"@id":"https:\/\/informelitoral.com.ar\/una-moto-fue-chocada-de-atras-por-un-auto-en-el-semaforo\/#breadcrumb"},"inLanguage":"es","potentialAction":[{"@type":"ReadAction","target":["https:\/\/informelitoral.com.ar\/una-moto-fue-chocada-de-atras-por-un-auto-en-el-semaforo\/"]}]},{"@type":"BreadcrumbList","@id":"https:\/\/informelitoral.com.ar\/una-moto-fue-chocada-de-atras-por-un-auto-en-el-semaforo\/#breadcrumb","itemListElement":[{"@type":"ListItem","position":1,"name":"Portada","item":"https:\/\/informelitoral.com.ar\/"},{"@type":"ListItem","position":2,"name":"Paran\u00e1: Una moto fue chocada de atr\u00e1s por un auto, en el sem\u00e1foro"}]},{"@type":"WebSite","@id":"https:\/\/informelitoral.com.ar\/#website","url":"https:\/\/informelitoral.com.ar\/","name":"Informe Litoral","description":"&quot;Nos informamos&quot; ","publisher":{"@id":"https:\/\/informelitoral.com.ar\/#organization"},"potentialAction":[{"@type":"SearchAction","target":{"@type":"EntryPoint","urlTemplate":"https:\/\/informelitoral.com.ar\/?s={search_term_string}"},"query-input":{"@type":"PropertyValueSpecification","valueRequired":true,"valueName":"search_term_string"}}],"inLanguage":"es"},{"@type":"Organization","@id":"https:\/\/informelitoral.com.ar\/#organization","name":"Informe Litoral","url":"https:\/\/informelitoral.com.ar\/","logo":{"@type":"ImageObject","inLanguage":"es","@id":"https:\/\/informelitoral.com.ar\/#\/schema\/logo\/image\/","url":"https:\/\/informelitoral.com.ar\/%77%70%2d%63%6f%6e%74%65%6e%74\/uploads\/2021\/01\/circulo.png","contentUrl":"https:\/\/informelitoral.com.ar\/%77%70%2d%63%6f%6e%74%65%6e%74\/uploads\/2021\/01\/circulo.png","width":723,"height":731,"caption":"Informe Litoral"},"image":{"@id":"https:\/\/informelitoral.com.ar\/#\/schema\/logo\/image\/"},"sameAs":["https:\/\/www.facebook.com\/informelitoral\/","https:\/\/x.com\/InformeLitoral","https:\/\/www.instagram.com\/informelitoral\/","https:\/\/www.youtube.com\/channel\/UCua4Qvz8Icb6MYqhoq9xLXw"]},{"@type":"Person","@id":"https:\/\/informelitoral.com.ar\/#\/schema\/person\/f05f9f461677119578717524b127d6d5","name":"Sebastian","image":{"@type":"ImageObject","inLanguage":"es","@id":"https:\/\/secure.gravatar.com\/avatar\/b71bf7481d447dfb9583c7f2798e7cc64de6efb9067b74633ed8c31059a3bd82?s=96&d=mm&r=g","url":"https:\/\/secure.gravatar.com\/avatar\/b71bf7481d447dfb9583c7f2798e7cc64de6efb9067b74633ed8c31059a3bd82?s=96&d=mm&r=g","contentUrl":"https:\/\/secure.gravatar.com\/avatar\/b71bf7481d447dfb9583c7f2798e7cc64de6efb9067b74633ed8c31059a3bd82?s=96&d=mm&r=g","caption":"Sebastian"},"url":"https:\/\/informelitoral.com.ar\/author\/sebastian\/"}]}},"_links":{"self":[{"href":"https:\/\/informelitoral.com.ar\/%77%70%2d%6a%73%6f%6e\/wp\/v2\/posts\/78271","targetHints":{"allow":["GET"]}}],"collection":[{"href":"https:\/\/informelitoral.com.ar\/%77%70%2d%6a%73%6f%6e\/wp\/v2\/posts"}],"about":[{"href":"https:\/\/informelitoral.com.ar\/%77%70%2d%6a%73%6f%6e\/wp\/v2\/types\/post"}],"author":[{"embeddable":true,"href":"https:\/\/informelitoral.com.ar\/%77%70%2d%6a%73%6f%6e\/wp\/v2\/users\/8"}],"replies":[{"embeddable":true,"href":"https:\/\/informelitoral.com.ar\/%77%70%2d%6a%73%6f%6e\/wp\/v2\/comments?post=78271"}],"version-history":[{"count":0,"href":"https:\/\/informelitoral.com.ar\/%77%70%2d%6a%73%6f%6e\/wp\/v2\/posts\/78271\/revisions"}],"wp:attachment":[{"href":"https:\/\/informelitoral.com.ar\/%77%70%2d%6a%73%6f%6e\/wp\/v2\/media?parent=78271"}],"wp:term":[{"taxonomy":"category","embeddable":true,"href":"https:\/\/informelitoral.com.ar\/%77%70%2d%6a%73%6f%6e\/wp\/v2\/categories?post=78271"},{"taxonomy":"post_tag","embeddable":true,"href":"https:\/\/informelitoral.com.ar\/%77%70%2d%6a%73%6f%6e\/wp\/v2\/tags?post=78271"}],"curies":[{"name":"wp","href":"https:\/\/api.w.org\/{rel}","templated":true}]}}