{"id":78030,"date":"2022-05-20T13:23:27","date_gmt":"2022-05-20T16:23:27","guid":{"rendered":"https:\/\/www.informelitoral.com.ar\/?p=78030"},"modified":"2022-05-20T13:23:27","modified_gmt":"2022-05-20T16:23:27","slug":"el-ministro-de-agricultura-dijo-que-no-habra-suba-de-retenciones","status":"publish","type":"post","link":"https:\/\/informelitoral.com.ar\/el-ministro-de-agricultura-dijo-que-no-habra-suba-de-retenciones\/","title":{"rendered":"El ministro de Agricultura dijo que no habr\u00e1 suba de retenciones"},"content":{"rendered":"<p class=\"paragraph\">Tras las declaraciones de hoy a la ma\u00f1ana del presidente de la Naci\u00f3n,\u00a0<b>Alberto Fern\u00e1ndez<\/b>, donde plante\u00f3 que le pedir\u00eda al Congreso que acompa\u00f1e un aumento de retenciones para frenar la inflaci\u00f3n y desacoplar los precios internacionales de los locales,\u00a0<mark class=\"hl_yellow\"><b>el ministro de Agricultura, Juli\u00e1n Dom\u00ednguez, se pronunci\u00f3 desde su cuenta personal de Twitter.<\/b><\/mark><\/p>\n<p class=\"paragraph\">\u201cAntes de presentar el Plan GanAr en C\u00f3rdoba, habl\u00e9 con\u00a0@alferdez,\u00a0@JuanManzurOK\u00a0y@gabicerru.\u00a0<b>Desde que asum\u00ed, la preocupaci\u00f3n del Presidente es el aumento de los alimentos para las y los argentinos. De ninguna manera se van aumentar las retenciones ni enviar un proyecto de ley\u201d.<\/b><\/p>\n<div class=\"inline ad-wrapper\">\n<div class=\"dfpAd display_inline_block ad_margin_wrapper\">\n<div id=\"infobae\/economia\/campo\/nota\/inline\" class=\"infobae\/economia\/campo\/nota\/inline arcad\" data-google-query-id=\"CJ7Wt5e97vcCFU4zuQYdmYIL9Q\">\n<div id=\"google_ads_iframe_\/1058609\/infobae\/economia\/campo\/nota\/inline_0__container__\"><iframe id=\"google_ads_iframe_\/1058609\/infobae\/economia\/campo\/nota\/inline_0\" tabindex=\"0\" title=\"3rd party ad content\" role=\"region\" name=\"google_ads_iframe_\/1058609\/infobae\/economia\/campo\/nota\/inline_0\" width=\"1\" height=\"1\" frameborder=\"0\" marginwidth=\"0\" marginheight=\"0\" scrolling=\"no\" aria-label=\"Advertisement\" data-google-container-id=\"5\" data-load-complete=\"true\" data-mce-fragment=\"1\"><\/iframe><\/div>\n<\/div>\n<\/div>\n<\/div>\n<p class=\"paragraph\">Por estas horas, el ministro se encuentra en la provincia de C\u00f3rdoba para presentar el plan ganadero que impulsa la cartera agropecuaria para aumentar la producci\u00f3n de carne, de la mano de mayor financiamiento para el sector productivo. Desde twitter Dom\u00ednguez sali\u00f3 a enviar un mensaje al campo, que tras las declaraciones de Alberto Fern\u00e1ndez sali\u00f3 a cuestionar las mismas, profundizando las diferencias que hay entre las partes.<\/p>\n<p class=\"paragraph\">\u201c<b>Necesitamos desacoplar los precios internos de los externos. El instrumento con el que se hace eso m\u00e1s f\u00e1cilmente son las retenciones. Ahora, las retenciones son un tema legislativo y necesito que el Congreso entienda el problema y llegado el caso acompa\u00f1e una decisi\u00f3n de esa naturaleza<\/b>\u201d, asegur\u00f3 el jefe de Estado en di\u00e1logo con el periodista Ernesto Tenembaum en\u00a0<i>radio Con Vos.<\/i><\/p>\n<p class=\"paragraph\">El mandatario habl\u00f3 de las dificultades pol\u00edticas que enfrenta el Gobierno para realizar un aumento de retenciones. Por un lado -plante\u00f3- \u201cmucha gente del campo interpreta que es una medida\u201d en contra del sector. Por el otro, la oposici\u00f3n podr\u00eda aprovechar la discusi\u00f3n para sacar r\u00e9dito pol\u00edtico.<\/p>\n<p class=\"paragraph\"><b>Rechazo<\/b><\/p>\n<p class=\"paragraph\">Desde diversos sectores de la diferencia del campo salieron a cuestionar las expresiones del presidente. La m\u00e1xima autoridad de la Sociedad Rural Argentina,\u00a0<b>Nicol\u00e1s Pino<\/b>, dijo que el planteo de Alberto Fern\u00e1ndez \u201ces algo decepcionante e indigna\u201d. Adem\u00e1s, sostuvo que\u00a0<b>\u201cel cobro de retenciones en nuestro pa\u00eds no tiene una ley que las avale<\/b>. Nosotros, desde la Rural, presentamos un recurso de amparo en la justicia\u201d. Hay que recordar que el pasado 31 de diciembre vencieron las facultades que ten\u00eda el Poder Ejecutivo de modificar el actual esquema de retenciones. Como dichas facultades no fueron extendidas porque la C\u00e1mara de Diputados rechaz\u00f3 por mayor\u00eda el presupuesto del presente a\u00f1o, desde el campo sostienen que el cobro del impuesto \u201ces ilegal\u201d.<\/p>\n<p class=\"paragraph\">Por otro lado, desde Coninagro, otra de las entidades de la Mesa de Enlace, precisaron que \u201c<b>hemos manifestado enf\u00e1ticamente nuestra postura indeclinable de estar en contra de las retenciones. Proponemos debatir y acordar alternativas, por ejemplo, en revisar qu\u00e9 al\u00edcuota se puede aplicar a trav\u00e9s del impuesto a las ganancias.<\/b> Estamos convencidos de que el sendero adecuado es pensar en m\u00e1s producci\u00f3n y empleo para nuestra Argentina. Las retenciones son competencia del Congreso y deben expedirse los legisladores\u201d. Y adem\u00e1s plantearon la necesidad de debatir una reforma tributaria integral.(<em>Infobae<\/em>)<\/p>\n","protected":false},"excerpt":{"rendered":"<p>Alberto Fern\u00e1ndez le pidi\u00f3 esta ma\u00f1ana una suba de retenciones al Congreso. Ahora Juli\u00e1n Dom\u00ednguez dice que la iniciativa no forma parte de los planes del Gobierno<\/p>\n","protected":false},"author":8,"featured_media":78031,"comment_status":"open","ping_status":"open","sticky":false,"template":"","format":"standard","meta":{"fifu_image_url":"","fifu_image_alt":"","footnotes":""},"categories":[10],"tags":[2456,1699,157],"class_list":{"0":"post-78030","1":"post","2":"type-post","3":"status-publish","4":"format-standard","5":"has-post-thumbnail","7":"category-campo","8":"tag-julian-dominguez","9":"tag-ministro-de-agricultura","10":"tag-retenciones"},"yoast_head":"<title>El ministro de Agricultura dijo que no habr\u00e1 suba de retenciones - Informe Litoral<\/title>\n<meta name=\"robots\" content=\"index, follow, max-snippet:-1, max-image-preview:large, max-video-preview:-1\" \/>\n<link rel=\"canonical\" href=\"https:\/\/informelitoral.com.ar\/el-ministro-de-agricultura-dijo-que-no-habra-suba-de-retenciones\/\" \/>\n<meta property=\"og:locale\" content=\"es_ES\" \/>\n<meta property=\"og:type\" content=\"article\" \/>\n<meta property=\"og:title\" content=\"El ministro de Agricultura dijo que no habr\u00e1 suba de retenciones - Informe Litoral\" \/>\n<meta property=\"og:description\" content=\"Alberto Fern\u00e1ndez le pidi\u00f3 esta ma\u00f1ana una suba de retenciones al Congreso. Ahora Juli\u00e1n Dom\u00ednguez dice que la iniciativa no forma parte de los planes del Gobierno\" \/>\n<meta property=\"og:url\" content=\"https:\/\/informelitoral.com.ar\/el-ministro-de-agricultura-dijo-que-no-habra-suba-de-retenciones\/\" \/>\n<meta property=\"og:site_name\" content=\"Informe Litoral\" \/>\n<meta property=\"article:publisher\" content=\"https:\/\/www.facebook.com\/informelitoral\/\" \/>\n<meta property=\"article:published_time\" content=\"2022-05-20T16:23:27+00:00\" \/>\n<meta property=\"og:image\" content=\"https:\/\/informelitoral.com.ar\/%77%70%2d%63%6f%6e%74%65%6e%74\/uploads\/2022\/05\/screenhunter-197-sep-21-0900-195913.jpg\" \/>\n\t<meta property=\"og:image:width\" content=\"620\" \/>\n\t<meta property=\"og:image:height\" content=\"375\" \/>\n\t<meta property=\"og:image:type\" content=\"image\/jpeg\" \/>\n<meta name=\"author\" content=\"Sebastian\" \/>\n<meta name=\"twitter:card\" content=\"summary_large_image\" \/>\n<meta name=\"twitter:creator\" content=\"@InformeLitoral\" \/>\n<meta name=\"twitter:site\" content=\"@InformeLitoral\" \/>\n<meta name=\"twitter:label1\" content=\"Escrito por\" \/>\n\t<meta name=\"twitter:data1\" content=\"Sebastian\" \/>\n\t<meta name=\"twitter:label2\" content=\"Tiempo de lectura\" \/>\n\t<meta name=\"twitter:data2\" content=\"3 minutos\" \/>\n<script type=\"application\/ld+json\" class=\"yoast-schema-graph\">{\"@context\":\"https:\\\/\\\/schema.org\",\"@graph\":[{\"@type\":\"Article\",\"@id\":\"https:\\\/\\\/informelitoral.com.ar\\\/el-ministro-de-agricultura-dijo-que-no-habra-suba-de-retenciones\\\/#article\",\"isPartOf\":{\"@id\":\"https:\\\/\\\/informelitoral.com.ar\\\/el-ministro-de-agricultura-dijo-que-no-habra-suba-de-retenciones\\\/\"},\"author\":{\"name\":\"Sebastian\",\"@id\":\"https:\\\/\\\/informelitoral.com.ar\\\/#\\\/schema\\\/person\\\/f05f9f461677119578717524b127d6d5\"},\"headline\":\"El ministro de Agricultura dijo que no habr\u00e1 suba de retenciones\",\"datePublished\":\"2022-05-20T16:23:27+00:00\",\"mainEntityOfPage\":{\"@id\":\"https:\\\/\\\/informelitoral.com.ar\\\/el-ministro-de-agricultura-dijo-que-no-habra-suba-de-retenciones\\\/\"},\"wordCount\":539,\"commentCount\":0,\"publisher\":{\"@id\":\"https:\\\/\\\/informelitoral.com.ar\\\/#organization\"},\"image\":{\"@id\":\"https:\\\/\\\/informelitoral.com.ar\\\/el-ministro-de-agricultura-dijo-que-no-habra-suba-de-retenciones\\\/#primaryimage\"},\"thumbnailUrl\":\"https:\\\/\\\/informelitoral.com.ar\\\/%77%70%2d%63%6f%6e%74%65%6e%74\\\/uploads\\\/2022\\\/05\\\/screenhunter-197-sep-21-0900-195913.jpg\",\"keywords\":[\"Juli\u00e1n Dom\u00ednguez\",\"Ministro de Agricultura\",\"Retenciones\"],\"articleSection\":[\"Campo\"],\"inLanguage\":\"es\",\"potentialAction\":[{\"@type\":\"CommentAction\",\"name\":\"Comment\",\"target\":[\"https:\\\/\\\/informelitoral.com.ar\\\/el-ministro-de-agricultura-dijo-que-no-habra-suba-de-retenciones\\\/#respond\"]}]},{\"@type\":\"WebPage\",\"@id\":\"https:\\\/\\\/informelitoral.com.ar\\\/el-ministro-de-agricultura-dijo-que-no-habra-suba-de-retenciones\\\/\",\"url\":\"https:\\\/\\\/informelitoral.com.ar\\\/el-ministro-de-agricultura-dijo-que-no-habra-suba-de-retenciones\\\/\",\"name\":\"El ministro de Agricultura dijo que no habr\u00e1 suba de retenciones - Informe Litoral\",\"isPartOf\":{\"@id\":\"https:\\\/\\\/informelitoral.com.ar\\\/#website\"},\"primaryImageOfPage\":{\"@id\":\"https:\\\/\\\/informelitoral.com.ar\\\/el-ministro-de-agricultura-dijo-que-no-habra-suba-de-retenciones\\\/#primaryimage\"},\"image\":{\"@id\":\"https:\\\/\\\/informelitoral.com.ar\\\/el-ministro-de-agricultura-dijo-que-no-habra-suba-de-retenciones\\\/#primaryimage\"},\"thumbnailUrl\":\"https:\\\/\\\/informelitoral.com.ar\\\/%77%70%2d%63%6f%6e%74%65%6e%74\\\/uploads\\\/2022\\\/05\\\/screenhunter-197-sep-21-0900-195913.jpg\",\"datePublished\":\"2022-05-20T16:23:27+00:00\",\"breadcrumb\":{\"@id\":\"https:\\\/\\\/informelitoral.com.ar\\\/el-ministro-de-agricultura-dijo-que-no-habra-suba-de-retenciones\\\/#breadcrumb\"},\"inLanguage\":\"es\",\"potentialAction\":[{\"@type\":\"ReadAction\",\"target\":[\"https:\\\/\\\/informelitoral.com.ar\\\/el-ministro-de-agricultura-dijo-que-no-habra-suba-de-retenciones\\\/\"]}]},{\"@type\":\"ImageObject\",\"inLanguage\":\"es\",\"@id\":\"https:\\\/\\\/informelitoral.com.ar\\\/el-ministro-de-agricultura-dijo-que-no-habra-suba-de-retenciones\\\/#primaryimage\",\"url\":\"https:\\\/\\\/informelitoral.com.ar\\\/%77%70%2d%63%6f%6e%74%65%6e%74\\\/uploads\\\/2022\\\/05\\\/screenhunter-197-sep-21-0900-195913.jpg\",\"contentUrl\":\"https:\\\/\\\/informelitoral.com.ar\\\/%77%70%2d%63%6f%6e%74%65%6e%74\\\/uploads\\\/2022\\\/05\\\/screenhunter-197-sep-21-0900-195913.jpg\",\"width\":620,\"height\":375},{\"@type\":\"BreadcrumbList\",\"@id\":\"https:\\\/\\\/informelitoral.com.ar\\\/el-ministro-de-agricultura-dijo-que-no-habra-suba-de-retenciones\\\/#breadcrumb\",\"itemListElement\":[{\"@type\":\"ListItem\",\"position\":1,\"name\":\"Portada\",\"item\":\"https:\\\/\\\/informelitoral.com.ar\\\/\"},{\"@type\":\"ListItem\",\"position\":2,\"name\":\"El ministro de Agricultura dijo que no habr\u00e1 suba de retenciones\"}]},{\"@type\":\"WebSite\",\"@id\":\"https:\\\/\\\/informelitoral.com.ar\\\/#website\",\"url\":\"https:\\\/\\\/informelitoral.com.ar\\\/\",\"name\":\"Informe Litoral\",\"description\":\"&quot;Nos informamos&quot; \",\"publisher\":{\"@id\":\"https:\\\/\\\/informelitoral.com.ar\\\/#organization\"},\"potentialAction\":[{\"@type\":\"SearchAction\",\"target\":{\"@type\":\"EntryPoint\",\"urlTemplate\":\"https:\\\/\\\/informelitoral.com.ar\\\/?s={search_term_string}\"},\"query-input\":{\"@type\":\"PropertyValueSpecification\",\"valueRequired\":true,\"valueName\":\"search_term_string\"}}],\"inLanguage\":\"es\"},{\"@type\":\"Organization\",\"@id\":\"https:\\\/\\\/informelitoral.com.ar\\\/#organization\",\"name\":\"Informe Litoral\",\"url\":\"https:\\\/\\\/informelitoral.com.ar\\\/\",\"logo\":{\"@type\":\"ImageObject\",\"inLanguage\":\"es\",\"@id\":\"https:\\\/\\\/informelitoral.com.ar\\\/#\\\/schema\\\/logo\\\/image\\\/\",\"url\":\"https:\\\/\\\/informelitoral.com.ar\\\/%77%70%2d%63%6f%6e%74%65%6e%74\\\/uploads\\\/2021\\\/01\\\/circulo.png\",\"contentUrl\":\"https:\\\/\\\/informelitoral.com.ar\\\/%77%70%2d%63%6f%6e%74%65%6e%74\\\/uploads\\\/2021\\\/01\\\/circulo.png\",\"width\":723,\"height\":731,\"caption\":\"Informe Litoral\"},\"image\":{\"@id\":\"https:\\\/\\\/informelitoral.com.ar\\\/#\\\/schema\\\/logo\\\/image\\\/\"},\"sameAs\":[\"https:\\\/\\\/www.facebook.com\\\/informelitoral\\\/\",\"https:\\\/\\\/x.com\\\/InformeLitoral\",\"https:\\\/\\\/www.instagram.com\\\/informelitoral\\\/\",\"https:\\\/\\\/www.youtube.com\\\/channel\\\/UCua4Qvz8Icb6MYqhoq9xLXw\"]},{\"@type\":\"Person\",\"@id\":\"https:\\\/\\\/informelitoral.com.ar\\\/#\\\/schema\\\/person\\\/f05f9f461677119578717524b127d6d5\",\"name\":\"Sebastian\",\"image\":{\"@type\":\"ImageObject\",\"inLanguage\":\"es\",\"@id\":\"https:\\\/\\\/secure.gravatar.com\\\/avatar\\\/b71bf7481d447dfb9583c7f2798e7cc64de6efb9067b74633ed8c31059a3bd82?s=96&d=mm&r=g\",\"url\":\"https:\\\/\\\/secure.gravatar.com\\\/avatar\\\/b71bf7481d447dfb9583c7f2798e7cc64de6efb9067b74633ed8c31059a3bd82?s=96&d=mm&r=g\",\"contentUrl\":\"https:\\\/\\\/secure.gravatar.com\\\/avatar\\\/b71bf7481d447dfb9583c7f2798e7cc64de6efb9067b74633ed8c31059a3bd82?s=96&d=mm&r=g\",\"caption\":\"Sebastian\"},\"url\":\"https:\\\/\\\/informelitoral.com.ar\\\/author\\\/sebastian\\\/\"}]}<\/script>","yoast_head_json":{"title":"El ministro de Agricultura dijo que no habr\u00e1 suba de retenciones - Informe Litoral","robots":{"index":"index","follow":"follow","max-snippet":"max-snippet:-1","max-image-preview":"max-image-preview:large","max-video-preview":"max-video-preview:-1"},"canonical":"https:\/\/informelitoral.com.ar\/el-ministro-de-agricultura-dijo-que-no-habra-suba-de-retenciones\/","og_locale":"es_ES","og_type":"article","og_title":"El ministro de Agricultura dijo que no habr\u00e1 suba de retenciones - Informe Litoral","og_description":"Alberto Fern\u00e1ndez le pidi\u00f3 esta ma\u00f1ana una suba de retenciones al Congreso. Ahora Juli\u00e1n Dom\u00ednguez dice que la iniciativa no forma parte de los planes del Gobierno","og_url":"https:\/\/informelitoral.com.ar\/el-ministro-de-agricultura-dijo-que-no-habra-suba-de-retenciones\/","og_site_name":"Informe Litoral","article_publisher":"https:\/\/www.facebook.com\/informelitoral\/","article_published_time":"2022-05-20T16:23:27+00:00","og_image":[{"width":620,"height":375,"url":"https:\/\/informelitoral.com.ar\/%77%70%2d%63%6f%6e%74%65%6e%74\/uploads\/2022\/05\/screenhunter-197-sep-21-0900-195913.jpg","type":"image\/jpeg"}],"author":"Sebastian","twitter_card":"summary_large_image","twitter_creator":"@InformeLitoral","twitter_site":"@InformeLitoral","twitter_misc":{"Escrito por":"Sebastian","Tiempo de lectura":"3 minutos"},"schema":{"@context":"https:\/\/schema.org","@graph":[{"@type":"Article","@id":"https:\/\/informelitoral.com.ar\/el-ministro-de-agricultura-dijo-que-no-habra-suba-de-retenciones\/#article","isPartOf":{"@id":"https:\/\/informelitoral.com.ar\/el-ministro-de-agricultura-dijo-que-no-habra-suba-de-retenciones\/"},"author":{"name":"Sebastian","@id":"https:\/\/informelitoral.com.ar\/#\/schema\/person\/f05f9f461677119578717524b127d6d5"},"headline":"El ministro de Agricultura dijo que no habr\u00e1 suba de retenciones","datePublished":"2022-05-20T16:23:27+00:00","mainEntityOfPage":{"@id":"https:\/\/informelitoral.com.ar\/el-ministro-de-agricultura-dijo-que-no-habra-suba-de-retenciones\/"},"wordCount":539,"commentCount":0,"publisher":{"@id":"https:\/\/informelitoral.com.ar\/#organization"},"image":{"@id":"https:\/\/informelitoral.com.ar\/el-ministro-de-agricultura-dijo-que-no-habra-suba-de-retenciones\/#primaryimage"},"thumbnailUrl":"https:\/\/informelitoral.com.ar\/%77%70%2d%63%6f%6e%74%65%6e%74\/uploads\/2022\/05\/screenhunter-197-sep-21-0900-195913.jpg","keywords":["Juli\u00e1n Dom\u00ednguez","Ministro de Agricultura","Retenciones"],"articleSection":["Campo"],"inLanguage":"es","potentialAction":[{"@type":"CommentAction","name":"Comment","target":["https:\/\/informelitoral.com.ar\/el-ministro-de-agricultura-dijo-que-no-habra-suba-de-retenciones\/#respond"]}]},{"@type":"WebPage","@id":"https:\/\/informelitoral.com.ar\/el-ministro-de-agricultura-dijo-que-no-habra-suba-de-retenciones\/","url":"https:\/\/informelitoral.com.ar\/el-ministro-de-agricultura-dijo-que-no-habra-suba-de-retenciones\/","name":"El ministro de Agricultura dijo que no habr\u00e1 suba de retenciones - Informe Litoral","isPartOf":{"@id":"https:\/\/informelitoral.com.ar\/#website"},"primaryImageOfPage":{"@id":"https:\/\/informelitoral.com.ar\/el-ministro-de-agricultura-dijo-que-no-habra-suba-de-retenciones\/#primaryimage"},"image":{"@id":"https:\/\/informelitoral.com.ar\/el-ministro-de-agricultura-dijo-que-no-habra-suba-de-retenciones\/#primaryimage"},"thumbnailUrl":"https:\/\/informelitoral.com.ar\/%77%70%2d%63%6f%6e%74%65%6e%74\/uploads\/2022\/05\/screenhunter-197-sep-21-0900-195913.jpg","datePublished":"2022-05-20T16:23:27+00:00","breadcrumb":{"@id":"https:\/\/informelitoral.com.ar\/el-ministro-de-agricultura-dijo-que-no-habra-suba-de-retenciones\/#breadcrumb"},"inLanguage":"es","potentialAction":[{"@type":"ReadAction","target":["https:\/\/informelitoral.com.ar\/el-ministro-de-agricultura-dijo-que-no-habra-suba-de-retenciones\/"]}]},{"@type":"ImageObject","inLanguage":"es","@id":"https:\/\/informelitoral.com.ar\/el-ministro-de-agricultura-dijo-que-no-habra-suba-de-retenciones\/#primaryimage","url":"https:\/\/informelitoral.com.ar\/%77%70%2d%63%6f%6e%74%65%6e%74\/uploads\/2022\/05\/screenhunter-197-sep-21-0900-195913.jpg","contentUrl":"https:\/\/informelitoral.com.ar\/%77%70%2d%63%6f%6e%74%65%6e%74\/uploads\/2022\/05\/screenhunter-197-sep-21-0900-195913.jpg","width":620,"height":375},{"@type":"BreadcrumbList","@id":"https:\/\/informelitoral.com.ar\/el-ministro-de-agricultura-dijo-que-no-habra-suba-de-retenciones\/#breadcrumb","itemListElement":[{"@type":"ListItem","position":1,"name":"Portada","item":"https:\/\/informelitoral.com.ar\/"},{"@type":"ListItem","position":2,"name":"El ministro de Agricultura dijo que no habr\u00e1 suba de retenciones"}]},{"@type":"WebSite","@id":"https:\/\/informelitoral.com.ar\/#website","url":"https:\/\/informelitoral.com.ar\/","name":"Informe Litoral","description":"&quot;Nos informamos&quot; ","publisher":{"@id":"https:\/\/informelitoral.com.ar\/#organization"},"potentialAction":[{"@type":"SearchAction","target":{"@type":"EntryPoint","urlTemplate":"https:\/\/informelitoral.com.ar\/?s={search_term_string}"},"query-input":{"@type":"PropertyValueSpecification","valueRequired":true,"valueName":"search_term_string"}}],"inLanguage":"es"},{"@type":"Organization","@id":"https:\/\/informelitoral.com.ar\/#organization","name":"Informe Litoral","url":"https:\/\/informelitoral.com.ar\/","logo":{"@type":"ImageObject","inLanguage":"es","@id":"https:\/\/informelitoral.com.ar\/#\/schema\/logo\/image\/","url":"https:\/\/informelitoral.com.ar\/%77%70%2d%63%6f%6e%74%65%6e%74\/uploads\/2021\/01\/circulo.png","contentUrl":"https:\/\/informelitoral.com.ar\/%77%70%2d%63%6f%6e%74%65%6e%74\/uploads\/2021\/01\/circulo.png","width":723,"height":731,"caption":"Informe Litoral"},"image":{"@id":"https:\/\/informelitoral.com.ar\/#\/schema\/logo\/image\/"},"sameAs":["https:\/\/www.facebook.com\/informelitoral\/","https:\/\/x.com\/InformeLitoral","https:\/\/www.instagram.com\/informelitoral\/","https:\/\/www.youtube.com\/channel\/UCua4Qvz8Icb6MYqhoq9xLXw"]},{"@type":"Person","@id":"https:\/\/informelitoral.com.ar\/#\/schema\/person\/f05f9f461677119578717524b127d6d5","name":"Sebastian","image":{"@type":"ImageObject","inLanguage":"es","@id":"https:\/\/secure.gravatar.com\/avatar\/b71bf7481d447dfb9583c7f2798e7cc64de6efb9067b74633ed8c31059a3bd82?s=96&d=mm&r=g","url":"https:\/\/secure.gravatar.com\/avatar\/b71bf7481d447dfb9583c7f2798e7cc64de6efb9067b74633ed8c31059a3bd82?s=96&d=mm&r=g","contentUrl":"https:\/\/secure.gravatar.com\/avatar\/b71bf7481d447dfb9583c7f2798e7cc64de6efb9067b74633ed8c31059a3bd82?s=96&d=mm&r=g","caption":"Sebastian"},"url":"https:\/\/informelitoral.com.ar\/author\/sebastian\/"}]}},"_links":{"self":[{"href":"https:\/\/informelitoral.com.ar\/%77%70%2d%6a%73%6f%6e\/wp\/v2\/posts\/78030","targetHints":{"allow":["GET"]}}],"collection":[{"href":"https:\/\/informelitoral.com.ar\/%77%70%2d%6a%73%6f%6e\/wp\/v2\/posts"}],"about":[{"href":"https:\/\/informelitoral.com.ar\/%77%70%2d%6a%73%6f%6e\/wp\/v2\/types\/post"}],"author":[{"embeddable":true,"href":"https:\/\/informelitoral.com.ar\/%77%70%2d%6a%73%6f%6e\/wp\/v2\/users\/8"}],"replies":[{"embeddable":true,"href":"https:\/\/informelitoral.com.ar\/%77%70%2d%6a%73%6f%6e\/wp\/v2\/comments?post=78030"}],"version-history":[{"count":0,"href":"https:\/\/informelitoral.com.ar\/%77%70%2d%6a%73%6f%6e\/wp\/v2\/posts\/78030\/revisions"}],"wp:featuredmedia":[{"embeddable":true,"href":"https:\/\/informelitoral.com.ar\/%77%70%2d%6a%73%6f%6e\/wp\/v2\/media\/78031"}],"wp:attachment":[{"href":"https:\/\/informelitoral.com.ar\/%77%70%2d%6a%73%6f%6e\/wp\/v2\/media?parent=78030"}],"wp:term":[{"taxonomy":"category","embeddable":true,"href":"https:\/\/informelitoral.com.ar\/%77%70%2d%6a%73%6f%6e\/wp\/v2\/categories?post=78030"},{"taxonomy":"post_tag","embeddable":true,"href":"https:\/\/informelitoral.com.ar\/%77%70%2d%6a%73%6f%6e\/wp\/v2\/tags?post=78030"}],"curies":[{"name":"wp","href":"https:\/\/api.w.org\/{rel}","templated":true}]}}