{"id":77947,"date":"2022-05-19T13:18:38","date_gmt":"2022-05-19T16:18:38","guid":{"rendered":"https:\/\/www.informelitoral.com.ar\/?p=77947"},"modified":"2022-05-19T13:18:38","modified_gmt":"2022-05-19T16:18:38","slug":"la-provincia-aumento-codigos-salariales-de-la-carrera-administrativa-estatal","status":"publish","type":"post","link":"https:\/\/informelitoral.com.ar\/la-provincia-aumento-codigos-salariales-de-la-carrera-administrativa-estatal\/","title":{"rendered":"La provincia aument\u00f3 c\u00f3digos salariales de la carrera administrativa estatal"},"content":{"rendered":"<p>De esta manera, la provincia avanza en pedidos que han realizado los gremios de los trabajadores del Estado. Se equiparan adicionales, se incrementar\u00e1n los montos de los contratos de obra y se elongar\u00e1n tramos de las distintas jerarqu\u00edas de la carrera administrativa.<\/p>\n<p>En el encuentro participaron junto a Labriola y su equipo, V\u00edctor Sartori y Julio Luj\u00e1n, en representaci\u00f3n de la Asociaci\u00f3n de Trabajadores del Estado (ATE); y Carina Dom\u00ednguez y Cristina Melgarejo, por la Uni\u00f3n del Personal Civil de la Naci\u00f3n (Upcn), entre otros integrantes de la comisi\u00f3n directiva.<\/p>\n<p>Al respecto, el secretario de Hacienda se\u00f1al\u00f3 que \u00abfue una reuni\u00f3n t\u00e9cnica en la cual conforme se acordara oportunamente algunas disposiciones son retroactivas al mes de marzo, y tienen que ver con el mejoramiento de la carrera administrativa de los empleados p\u00fablicos\u00bb.<\/p>\n<p>Seg\u00fan precis\u00f3, se incrementan distintos c\u00f3digos, como el 130, el 206 y otros que \u201cest\u00e1n en funci\u00f3n de la carrera administrativa, con el objetivo de elongar los tramos que tienen que ver con las distintas jerarqu\u00edas que est\u00e1n dentro de la carrera\u00bb.<\/p>\n<p>Adem\u00e1s, se\u00f1al\u00f3 que \u201cse concretar\u00e1n mejoras referidas a los montos m\u00ednimos de los contratos de obra, con lo cual se ver\u00e1 beneficiado el personal que no forma parte de la planta permanente\u00bb.<\/p>\n<p>El funcionario destac\u00f3 la metodolog\u00eda de trabajo que se viene llevando a cabo, consistente en reuniones t\u00e9cnicas, como resultado de las cuales, \u00abde acuerdo a los pedidos de los gremios y a los an\u00e1lisis que realizamos nosotros de la posibilidad presupuestaria y financiera, se est\u00e1n dando respuestas\u00bb.<\/p>\n<p>\u00abLo que se ha visto es que en realidad en el mejoramiento que hubo en estos \u00faltimos a\u00f1os en el salario m\u00ednimo de los empleados se ha producido un achatamiento de la carrera administrativa que con este acuerdo que se ha conseguido con los gremios se intenta corregir\u00bb, subray\u00f3.<\/p>\n<p>Por su parte, el secretario de Organizaci\u00f3n de ATE, V\u00edctor Sartori, coment\u00f3 que en la reuni\u00f3n \u00abse confirm\u00f3 lo que ya hab\u00edamos acordado el 28 de abril y se nos hizo entrega de los decretos que plasmaban esos acuerdos\u00bb. \u201cHab\u00edamos pedido la equiparaci\u00f3n de adicionales, sobre todo para que llegue al personal que menos cobra; y con benepl\u00e1cito hemos logrado concluir esto\u00bb, se\u00f1al\u00f3.<\/p>\n<p>\u201cLo m\u00e1s importante es que va a ser una suma que va a llegar al bolsillo de los compa\u00f1eros\u201d, dijo el gremialista en relaci\u00f3n a aumento de los c\u00f3digos y precis\u00f3 que ser\u00e1 a partir de junio. Por otro lado, indic\u00f3 que \u201cse logr\u00f3 acordar tambi\u00e9n el incremento del salario que se paga a los contratados de obra, a 57.000 pesos a partir del mes de marzo; y a 68.000 pesos a partir del mes de agosto\u201d.<\/p>\n<p>Adem\u00e1s, respecto a los c\u00f3digos que se han ajustado, precis\u00f3 que son el 130, que \u201ces un c\u00f3digo que se utiliza actualmente como para ir haciendo una peque\u00f1a elongaci\u00f3n de lo que es el escalaf\u00f3n; y el c\u00f3digo 206 que es el de las jefaturas, de las responsabilidades de la funci\u00f3n\u201d.<\/p>\n","protected":false},"excerpt":{"rendered":"<p>En el marco de la paritaria estatal, se desarroll\u00f3 este jueves una reuni\u00f3n t\u00e9cnica donde el secretario de Hacienda, Gustavo Labriola, entreg\u00f3 a los gremios ATE y Upcn los decretos que incrementan ciertos c\u00f3digos que hacen a la carrera administrativa, as\u00ed como el monto de los contratos de obra.<\/p>\n","protected":false},"author":8,"featured_media":77948,"comment_status":"open","ping_status":"open","sticky":false,"template":"","format":"standard","meta":{"fifu_image_url":"","fifu_image_alt":"","footnotes":""},"categories":[6],"tags":[155,3634],"class_list":{"0":"post-77947","1":"post","2":"type-post","3":"status-publish","4":"format-standard","5":"has-post-thumbnail","7":"category-entre-rios","8":"tag-aumentos","9":"tag-codigo-salarial"},"yoast_head":"<title>La provincia aument\u00f3 c\u00f3digos salariales de la carrera administrativa estatal - Informe Litoral<\/title>\n<meta name=\"robots\" content=\"index, follow, max-snippet:-1, max-image-preview:large, max-video-preview:-1\" \/>\n<link rel=\"canonical\" href=\"https:\/\/informelitoral.com.ar\/la-provincia-aumento-codigos-salariales-de-la-carrera-administrativa-estatal\/\" \/>\n<meta property=\"og:locale\" content=\"es_ES\" \/>\n<meta property=\"og:type\" content=\"article\" \/>\n<meta property=\"og:title\" content=\"La provincia aument\u00f3 c\u00f3digos salariales de la carrera administrativa estatal - Informe Litoral\" \/>\n<meta property=\"og:description\" content=\"En el marco de la paritaria estatal, se desarroll\u00f3 este jueves una reuni\u00f3n t\u00e9cnica donde el secretario de Hacienda, Gustavo Labriola, entreg\u00f3 a los gremios ATE y Upcn los decretos que incrementan ciertos c\u00f3digos que hacen a la carrera administrativa, as\u00ed como el monto de los contratos de obra.\" \/>\n<meta property=\"og:url\" content=\"https:\/\/informelitoral.com.ar\/la-provincia-aumento-codigos-salariales-de-la-carrera-administrativa-estatal\/\" \/>\n<meta property=\"og:site_name\" content=\"Informe Litoral\" \/>\n<meta property=\"article:publisher\" content=\"https:\/\/www.facebook.com\/informelitoral\/\" \/>\n<meta property=\"article:published_time\" content=\"2022-05-19T16:18:38+00:00\" \/>\n<meta property=\"og:image\" content=\"https:\/\/informelitoral.com.ar\/%77%70%2d%63%6f%6e%74%65%6e%74\/uploads\/2022\/05\/p_1652974637.jpeg\" \/>\n\t<meta property=\"og:image:width\" content=\"1920\" \/>\n\t<meta property=\"og:image:height\" content=\"800\" \/>\n\t<meta property=\"og:image:type\" content=\"image\/jpeg\" \/>\n<meta name=\"author\" content=\"Sebastian\" \/>\n<meta name=\"twitter:card\" content=\"summary_large_image\" \/>\n<meta name=\"twitter:creator\" content=\"@InformeLitoral\" \/>\n<meta name=\"twitter:site\" content=\"@InformeLitoral\" \/>\n<meta name=\"twitter:label1\" content=\"Escrito por\" \/>\n\t<meta name=\"twitter:data1\" content=\"Sebastian\" \/>\n\t<meta name=\"twitter:label2\" content=\"Tiempo de lectura\" \/>\n\t<meta name=\"twitter:data2\" content=\"3 minutos\" \/>\n<script type=\"application\/ld+json\" class=\"yoast-schema-graph\">{\"@context\":\"https:\\\/\\\/schema.org\",\"@graph\":[{\"@type\":\"Article\",\"@id\":\"https:\\\/\\\/informelitoral.com.ar\\\/la-provincia-aumento-codigos-salariales-de-la-carrera-administrativa-estatal\\\/#article\",\"isPartOf\":{\"@id\":\"https:\\\/\\\/informelitoral.com.ar\\\/la-provincia-aumento-codigos-salariales-de-la-carrera-administrativa-estatal\\\/\"},\"author\":{\"name\":\"Sebastian\",\"@id\":\"https:\\\/\\\/informelitoral.com.ar\\\/#\\\/schema\\\/person\\\/f05f9f461677119578717524b127d6d5\"},\"headline\":\"La provincia aument\u00f3 c\u00f3digos salariales de la carrera administrativa estatal\",\"datePublished\":\"2022-05-19T16:18:38+00:00\",\"mainEntityOfPage\":{\"@id\":\"https:\\\/\\\/informelitoral.com.ar\\\/la-provincia-aumento-codigos-salariales-de-la-carrera-administrativa-estatal\\\/\"},\"wordCount\":549,\"commentCount\":0,\"publisher\":{\"@id\":\"https:\\\/\\\/informelitoral.com.ar\\\/#organization\"},\"image\":{\"@id\":\"https:\\\/\\\/informelitoral.com.ar\\\/la-provincia-aumento-codigos-salariales-de-la-carrera-administrativa-estatal\\\/#primaryimage\"},\"thumbnailUrl\":\"https:\\\/\\\/informelitoral.com.ar\\\/%77%70%2d%63%6f%6e%74%65%6e%74\\\/uploads\\\/2022\\\/05\\\/p_1652974637.jpeg\",\"keywords\":[\"Aumentos\",\"C\u00f3digo salarial\"],\"articleSection\":[\"Entre R\u00edos\"],\"inLanguage\":\"es\",\"potentialAction\":[{\"@type\":\"CommentAction\",\"name\":\"Comment\",\"target\":[\"https:\\\/\\\/informelitoral.com.ar\\\/la-provincia-aumento-codigos-salariales-de-la-carrera-administrativa-estatal\\\/#respond\"]}]},{\"@type\":\"WebPage\",\"@id\":\"https:\\\/\\\/informelitoral.com.ar\\\/la-provincia-aumento-codigos-salariales-de-la-carrera-administrativa-estatal\\\/\",\"url\":\"https:\\\/\\\/informelitoral.com.ar\\\/la-provincia-aumento-codigos-salariales-de-la-carrera-administrativa-estatal\\\/\",\"name\":\"La provincia aument\u00f3 c\u00f3digos salariales de la carrera administrativa estatal - Informe Litoral\",\"isPartOf\":{\"@id\":\"https:\\\/\\\/informelitoral.com.ar\\\/#website\"},\"primaryImageOfPage\":{\"@id\":\"https:\\\/\\\/informelitoral.com.ar\\\/la-provincia-aumento-codigos-salariales-de-la-carrera-administrativa-estatal\\\/#primaryimage\"},\"image\":{\"@id\":\"https:\\\/\\\/informelitoral.com.ar\\\/la-provincia-aumento-codigos-salariales-de-la-carrera-administrativa-estatal\\\/#primaryimage\"},\"thumbnailUrl\":\"https:\\\/\\\/informelitoral.com.ar\\\/%77%70%2d%63%6f%6e%74%65%6e%74\\\/uploads\\\/2022\\\/05\\\/p_1652974637.jpeg\",\"datePublished\":\"2022-05-19T16:18:38+00:00\",\"breadcrumb\":{\"@id\":\"https:\\\/\\\/informelitoral.com.ar\\\/la-provincia-aumento-codigos-salariales-de-la-carrera-administrativa-estatal\\\/#breadcrumb\"},\"inLanguage\":\"es\",\"potentialAction\":[{\"@type\":\"ReadAction\",\"target\":[\"https:\\\/\\\/informelitoral.com.ar\\\/la-provincia-aumento-codigos-salariales-de-la-carrera-administrativa-estatal\\\/\"]}]},{\"@type\":\"ImageObject\",\"inLanguage\":\"es\",\"@id\":\"https:\\\/\\\/informelitoral.com.ar\\\/la-provincia-aumento-codigos-salariales-de-la-carrera-administrativa-estatal\\\/#primaryimage\",\"url\":\"https:\\\/\\\/informelitoral.com.ar\\\/%77%70%2d%63%6f%6e%74%65%6e%74\\\/uploads\\\/2022\\\/05\\\/p_1652974637.jpeg\",\"contentUrl\":\"https:\\\/\\\/informelitoral.com.ar\\\/%77%70%2d%63%6f%6e%74%65%6e%74\\\/uploads\\\/2022\\\/05\\\/p_1652974637.jpeg\",\"width\":1920,\"height\":800},{\"@type\":\"BreadcrumbList\",\"@id\":\"https:\\\/\\\/informelitoral.com.ar\\\/la-provincia-aumento-codigos-salariales-de-la-carrera-administrativa-estatal\\\/#breadcrumb\",\"itemListElement\":[{\"@type\":\"ListItem\",\"position\":1,\"name\":\"Portada\",\"item\":\"https:\\\/\\\/informelitoral.com.ar\\\/\"},{\"@type\":\"ListItem\",\"position\":2,\"name\":\"La provincia aument\u00f3 c\u00f3digos salariales de la carrera administrativa estatal\"}]},{\"@type\":\"WebSite\",\"@id\":\"https:\\\/\\\/informelitoral.com.ar\\\/#website\",\"url\":\"https:\\\/\\\/informelitoral.com.ar\\\/\",\"name\":\"Informe Litoral\",\"description\":\"&quot;Nos informamos&quot; \",\"publisher\":{\"@id\":\"https:\\\/\\\/informelitoral.com.ar\\\/#organization\"},\"potentialAction\":[{\"@type\":\"SearchAction\",\"target\":{\"@type\":\"EntryPoint\",\"urlTemplate\":\"https:\\\/\\\/informelitoral.com.ar\\\/?s={search_term_string}\"},\"query-input\":{\"@type\":\"PropertyValueSpecification\",\"valueRequired\":true,\"valueName\":\"search_term_string\"}}],\"inLanguage\":\"es\"},{\"@type\":\"Organization\",\"@id\":\"https:\\\/\\\/informelitoral.com.ar\\\/#organization\",\"name\":\"Informe Litoral\",\"url\":\"https:\\\/\\\/informelitoral.com.ar\\\/\",\"logo\":{\"@type\":\"ImageObject\",\"inLanguage\":\"es\",\"@id\":\"https:\\\/\\\/informelitoral.com.ar\\\/#\\\/schema\\\/logo\\\/image\\\/\",\"url\":\"https:\\\/\\\/informelitoral.com.ar\\\/%77%70%2d%63%6f%6e%74%65%6e%74\\\/uploads\\\/2021\\\/01\\\/circulo.png\",\"contentUrl\":\"https:\\\/\\\/informelitoral.com.ar\\\/%77%70%2d%63%6f%6e%74%65%6e%74\\\/uploads\\\/2021\\\/01\\\/circulo.png\",\"width\":723,\"height\":731,\"caption\":\"Informe Litoral\"},\"image\":{\"@id\":\"https:\\\/\\\/informelitoral.com.ar\\\/#\\\/schema\\\/logo\\\/image\\\/\"},\"sameAs\":[\"https:\\\/\\\/www.facebook.com\\\/informelitoral\\\/\",\"https:\\\/\\\/x.com\\\/InformeLitoral\",\"https:\\\/\\\/www.instagram.com\\\/informelitoral\\\/\",\"https:\\\/\\\/www.youtube.com\\\/channel\\\/UCua4Qvz8Icb6MYqhoq9xLXw\"]},{\"@type\":\"Person\",\"@id\":\"https:\\\/\\\/informelitoral.com.ar\\\/#\\\/schema\\\/person\\\/f05f9f461677119578717524b127d6d5\",\"name\":\"Sebastian\",\"image\":{\"@type\":\"ImageObject\",\"inLanguage\":\"es\",\"@id\":\"https:\\\/\\\/secure.gravatar.com\\\/avatar\\\/b71bf7481d447dfb9583c7f2798e7cc64de6efb9067b74633ed8c31059a3bd82?s=96&d=mm&r=g\",\"url\":\"https:\\\/\\\/secure.gravatar.com\\\/avatar\\\/b71bf7481d447dfb9583c7f2798e7cc64de6efb9067b74633ed8c31059a3bd82?s=96&d=mm&r=g\",\"contentUrl\":\"https:\\\/\\\/secure.gravatar.com\\\/avatar\\\/b71bf7481d447dfb9583c7f2798e7cc64de6efb9067b74633ed8c31059a3bd82?s=96&d=mm&r=g\",\"caption\":\"Sebastian\"},\"url\":\"https:\\\/\\\/informelitoral.com.ar\\\/author\\\/sebastian\\\/\"}]}<\/script>","yoast_head_json":{"title":"La provincia aument\u00f3 c\u00f3digos salariales de la carrera administrativa estatal - Informe Litoral","robots":{"index":"index","follow":"follow","max-snippet":"max-snippet:-1","max-image-preview":"max-image-preview:large","max-video-preview":"max-video-preview:-1"},"canonical":"https:\/\/informelitoral.com.ar\/la-provincia-aumento-codigos-salariales-de-la-carrera-administrativa-estatal\/","og_locale":"es_ES","og_type":"article","og_title":"La provincia aument\u00f3 c\u00f3digos salariales de la carrera administrativa estatal - Informe Litoral","og_description":"En el marco de la paritaria estatal, se desarroll\u00f3 este jueves una reuni\u00f3n t\u00e9cnica donde el secretario de Hacienda, Gustavo Labriola, entreg\u00f3 a los gremios ATE y Upcn los decretos que incrementan ciertos c\u00f3digos que hacen a la carrera administrativa, as\u00ed como el monto de los contratos de obra.","og_url":"https:\/\/informelitoral.com.ar\/la-provincia-aumento-codigos-salariales-de-la-carrera-administrativa-estatal\/","og_site_name":"Informe Litoral","article_publisher":"https:\/\/www.facebook.com\/informelitoral\/","article_published_time":"2022-05-19T16:18:38+00:00","og_image":[{"width":1920,"height":800,"url":"https:\/\/informelitoral.com.ar\/%77%70%2d%63%6f%6e%74%65%6e%74\/uploads\/2022\/05\/p_1652974637.jpeg","type":"image\/jpeg"}],"author":"Sebastian","twitter_card":"summary_large_image","twitter_creator":"@InformeLitoral","twitter_site":"@InformeLitoral","twitter_misc":{"Escrito por":"Sebastian","Tiempo de lectura":"3 minutos"},"schema":{"@context":"https:\/\/schema.org","@graph":[{"@type":"Article","@id":"https:\/\/informelitoral.com.ar\/la-provincia-aumento-codigos-salariales-de-la-carrera-administrativa-estatal\/#article","isPartOf":{"@id":"https:\/\/informelitoral.com.ar\/la-provincia-aumento-codigos-salariales-de-la-carrera-administrativa-estatal\/"},"author":{"name":"Sebastian","@id":"https:\/\/informelitoral.com.ar\/#\/schema\/person\/f05f9f461677119578717524b127d6d5"},"headline":"La provincia aument\u00f3 c\u00f3digos salariales de la carrera administrativa estatal","datePublished":"2022-05-19T16:18:38+00:00","mainEntityOfPage":{"@id":"https:\/\/informelitoral.com.ar\/la-provincia-aumento-codigos-salariales-de-la-carrera-administrativa-estatal\/"},"wordCount":549,"commentCount":0,"publisher":{"@id":"https:\/\/informelitoral.com.ar\/#organization"},"image":{"@id":"https:\/\/informelitoral.com.ar\/la-provincia-aumento-codigos-salariales-de-la-carrera-administrativa-estatal\/#primaryimage"},"thumbnailUrl":"https:\/\/informelitoral.com.ar\/%77%70%2d%63%6f%6e%74%65%6e%74\/uploads\/2022\/05\/p_1652974637.jpeg","keywords":["Aumentos","C\u00f3digo salarial"],"articleSection":["Entre R\u00edos"],"inLanguage":"es","potentialAction":[{"@type":"CommentAction","name":"Comment","target":["https:\/\/informelitoral.com.ar\/la-provincia-aumento-codigos-salariales-de-la-carrera-administrativa-estatal\/#respond"]}]},{"@type":"WebPage","@id":"https:\/\/informelitoral.com.ar\/la-provincia-aumento-codigos-salariales-de-la-carrera-administrativa-estatal\/","url":"https:\/\/informelitoral.com.ar\/la-provincia-aumento-codigos-salariales-de-la-carrera-administrativa-estatal\/","name":"La provincia aument\u00f3 c\u00f3digos salariales de la carrera administrativa estatal - Informe Litoral","isPartOf":{"@id":"https:\/\/informelitoral.com.ar\/#website"},"primaryImageOfPage":{"@id":"https:\/\/informelitoral.com.ar\/la-provincia-aumento-codigos-salariales-de-la-carrera-administrativa-estatal\/#primaryimage"},"image":{"@id":"https:\/\/informelitoral.com.ar\/la-provincia-aumento-codigos-salariales-de-la-carrera-administrativa-estatal\/#primaryimage"},"thumbnailUrl":"https:\/\/informelitoral.com.ar\/%77%70%2d%63%6f%6e%74%65%6e%74\/uploads\/2022\/05\/p_1652974637.jpeg","datePublished":"2022-05-19T16:18:38+00:00","breadcrumb":{"@id":"https:\/\/informelitoral.com.ar\/la-provincia-aumento-codigos-salariales-de-la-carrera-administrativa-estatal\/#breadcrumb"},"inLanguage":"es","potentialAction":[{"@type":"ReadAction","target":["https:\/\/informelitoral.com.ar\/la-provincia-aumento-codigos-salariales-de-la-carrera-administrativa-estatal\/"]}]},{"@type":"ImageObject","inLanguage":"es","@id":"https:\/\/informelitoral.com.ar\/la-provincia-aumento-codigos-salariales-de-la-carrera-administrativa-estatal\/#primaryimage","url":"https:\/\/informelitoral.com.ar\/%77%70%2d%63%6f%6e%74%65%6e%74\/uploads\/2022\/05\/p_1652974637.jpeg","contentUrl":"https:\/\/informelitoral.com.ar\/%77%70%2d%63%6f%6e%74%65%6e%74\/uploads\/2022\/05\/p_1652974637.jpeg","width":1920,"height":800},{"@type":"BreadcrumbList","@id":"https:\/\/informelitoral.com.ar\/la-provincia-aumento-codigos-salariales-de-la-carrera-administrativa-estatal\/#breadcrumb","itemListElement":[{"@type":"ListItem","position":1,"name":"Portada","item":"https:\/\/informelitoral.com.ar\/"},{"@type":"ListItem","position":2,"name":"La provincia aument\u00f3 c\u00f3digos salariales de la carrera administrativa estatal"}]},{"@type":"WebSite","@id":"https:\/\/informelitoral.com.ar\/#website","url":"https:\/\/informelitoral.com.ar\/","name":"Informe Litoral","description":"&quot;Nos informamos&quot; ","publisher":{"@id":"https:\/\/informelitoral.com.ar\/#organization"},"potentialAction":[{"@type":"SearchAction","target":{"@type":"EntryPoint","urlTemplate":"https:\/\/informelitoral.com.ar\/?s={search_term_string}"},"query-input":{"@type":"PropertyValueSpecification","valueRequired":true,"valueName":"search_term_string"}}],"inLanguage":"es"},{"@type":"Organization","@id":"https:\/\/informelitoral.com.ar\/#organization","name":"Informe Litoral","url":"https:\/\/informelitoral.com.ar\/","logo":{"@type":"ImageObject","inLanguage":"es","@id":"https:\/\/informelitoral.com.ar\/#\/schema\/logo\/image\/","url":"https:\/\/informelitoral.com.ar\/%77%70%2d%63%6f%6e%74%65%6e%74\/uploads\/2021\/01\/circulo.png","contentUrl":"https:\/\/informelitoral.com.ar\/%77%70%2d%63%6f%6e%74%65%6e%74\/uploads\/2021\/01\/circulo.png","width":723,"height":731,"caption":"Informe Litoral"},"image":{"@id":"https:\/\/informelitoral.com.ar\/#\/schema\/logo\/image\/"},"sameAs":["https:\/\/www.facebook.com\/informelitoral\/","https:\/\/x.com\/InformeLitoral","https:\/\/www.instagram.com\/informelitoral\/","https:\/\/www.youtube.com\/channel\/UCua4Qvz8Icb6MYqhoq9xLXw"]},{"@type":"Person","@id":"https:\/\/informelitoral.com.ar\/#\/schema\/person\/f05f9f461677119578717524b127d6d5","name":"Sebastian","image":{"@type":"ImageObject","inLanguage":"es","@id":"https:\/\/secure.gravatar.com\/avatar\/b71bf7481d447dfb9583c7f2798e7cc64de6efb9067b74633ed8c31059a3bd82?s=96&d=mm&r=g","url":"https:\/\/secure.gravatar.com\/avatar\/b71bf7481d447dfb9583c7f2798e7cc64de6efb9067b74633ed8c31059a3bd82?s=96&d=mm&r=g","contentUrl":"https:\/\/secure.gravatar.com\/avatar\/b71bf7481d447dfb9583c7f2798e7cc64de6efb9067b74633ed8c31059a3bd82?s=96&d=mm&r=g","caption":"Sebastian"},"url":"https:\/\/informelitoral.com.ar\/author\/sebastian\/"}]}},"_links":{"self":[{"href":"https:\/\/informelitoral.com.ar\/%77%70%2d%6a%73%6f%6e\/wp\/v2\/posts\/77947","targetHints":{"allow":["GET"]}}],"collection":[{"href":"https:\/\/informelitoral.com.ar\/%77%70%2d%6a%73%6f%6e\/wp\/v2\/posts"}],"about":[{"href":"https:\/\/informelitoral.com.ar\/%77%70%2d%6a%73%6f%6e\/wp\/v2\/types\/post"}],"author":[{"embeddable":true,"href":"https:\/\/informelitoral.com.ar\/%77%70%2d%6a%73%6f%6e\/wp\/v2\/users\/8"}],"replies":[{"embeddable":true,"href":"https:\/\/informelitoral.com.ar\/%77%70%2d%6a%73%6f%6e\/wp\/v2\/comments?post=77947"}],"version-history":[{"count":0,"href":"https:\/\/informelitoral.com.ar\/%77%70%2d%6a%73%6f%6e\/wp\/v2\/posts\/77947\/revisions"}],"wp:featuredmedia":[{"embeddable":true,"href":"https:\/\/informelitoral.com.ar\/%77%70%2d%6a%73%6f%6e\/wp\/v2\/media\/77948"}],"wp:attachment":[{"href":"https:\/\/informelitoral.com.ar\/%77%70%2d%6a%73%6f%6e\/wp\/v2\/media?parent=77947"}],"wp:term":[{"taxonomy":"category","embeddable":true,"href":"https:\/\/informelitoral.com.ar\/%77%70%2d%6a%73%6f%6e\/wp\/v2\/categories?post=77947"},{"taxonomy":"post_tag","embeddable":true,"href":"https:\/\/informelitoral.com.ar\/%77%70%2d%6a%73%6f%6e\/wp\/v2\/tags?post=77947"}],"curies":[{"name":"wp","href":"https:\/\/api.w.org\/{rel}","templated":true}]}}