{"id":77850,"date":"2022-05-17T20:16:26","date_gmt":"2022-05-17T23:16:26","guid":{"rendered":"https:\/\/www.informelitoral.com.ar\/?p=77850"},"modified":"2022-05-17T20:16:26","modified_gmt":"2022-05-17T23:16:26","slug":"personal-policial-recupero-placas-del-cementerio-evangelico-de-general-ramirez","status":"publish","type":"post","link":"https:\/\/informelitoral.com.ar\/personal-policial-recupero-placas-del-cementerio-evangelico-de-general-ramirez\/","title":{"rendered":"Personal policial recuper\u00f3 placas del Cementerio Evang\u00e9lico de General Ram\u00edrez"},"content":{"rendered":"<p>En t\u00e9rminos materiales y a\u00fan en el mercado informal, el metal de las placas de cementerio tiene poco valor monetario. Sin embargo, la actitud es repudiable por lo que implican a nivel sentimental. Afortunadamente, el reciente secuestro repara el da\u00f1o oportunamente causado a familiares y allegados de quienes descansan en el Cementerio Evang\u00e9lico, ubicado en Ruta 12 y Echag\u00fce, de General Ram\u00edrez.<\/p>\n<p>El jefe de Comisar\u00eda Ram\u00edrez, comisario <strong>Luis Arias<\/strong>, expres\u00f3:\u00a0\u00abEn horas de la noche de este lunes, se recibi\u00f3 un llamado telef\u00f3nico de un vecino, quien daba cuenta que personas sospechosas hab\u00edan ingresado a un campo, por calle Echag\u00fce y Samuel M\u00fcller. Esos terrenos -descampados y sin medidas de seguridad-, est\u00e1n a unos 500 metros aproximadamente del cementerio, por lo que se acudi\u00f3 de inmediato, ya que se hab\u00eda alertado precisamente a la gente de la zona de que nos hicieran saber la presencia de personas extra\u00f1as. Un transe\u00fante indic\u00f3 a la dotaci\u00f3n que dos masculinos j\u00f3venes, andaban merodeando el lugar, por lo que recorri\u00f3 el campo. A pocos metros, se visualizaron dos mochilas abiertas, pudiendo apreciarse que conten\u00edan placas tipo recordatorias\u00bb.<\/p>\n<p>Se trataba de efectos coincidentes con los buscados desde el jueves \u00faltimo, cuando se recepcion\u00f3 una denuncia por la faltante de las placas de metales varios, conforme lo relatado por el encargado del cementerio.<\/p>\n<p>\u00abSi bien y pese a los rastrillajes, no se encontr\u00f3 a los sospechosos, no se descarta que tengan relaci\u00f3n directa con el hecho investigado\u00bb, sostuvo Arias y agreg\u00f3: \u00abTienen un peso considerable, pudiendo tratarse que las llevaban en la modalidad de hormiga. Se lograron encontrar 19 placas, las cuales por disposici\u00f3n de la Fiscal de Turno, previo reconocimiento fueron entregadas al encargado del camposanto denunciante\u00bb, dijo a <strong><em>Informe Litoral.<\/em><\/strong><\/p>\n<p>El robo contin\u00faa en etapa de investigaci\u00f3n en cuanto a la autor\u00eda, destac\u00e1ndose que qued\u00f3 materialmente esclarecido.<\/p>\n","protected":false},"excerpt":{"rendered":"<p>Hab\u00edan ingresado por un campo lindero. Se recuperaron 19 placas pero los sospechosos lograron escapar. Se tratar\u00eda de dos j\u00f3venes adultos. <\/p>\n","protected":false},"author":2,"featured_media":77851,"comment_status":"open","ping_status":"open","sticky":false,"template":"","format":"standard","meta":{"fifu_image_url":"","fifu_image_alt":"","footnotes":""},"categories":[14],"tags":[358,27],"class_list":{"0":"post-77850","1":"post","2":"type-post","3":"status-publish","4":"format-standard","5":"has-post-thumbnail","7":"category-policiales","8":"tag-comisaria-ramirez","9":"tag-ramirez"},"yoast_head":"<title>Personal policial recuper\u00f3 placas del Cementerio Evang\u00e9lico de General Ram\u00edrez - Informe Litoral<\/title>\n<meta name=\"robots\" content=\"index, follow, max-snippet:-1, max-image-preview:large, max-video-preview:-1\" \/>\n<link rel=\"canonical\" href=\"https:\/\/informelitoral.com.ar\/personal-policial-recupero-placas-del-cementerio-evangelico-de-general-ramirez\/\" \/>\n<meta property=\"og:locale\" content=\"es_ES\" \/>\n<meta property=\"og:type\" content=\"article\" \/>\n<meta property=\"og:title\" content=\"Personal policial recuper\u00f3 placas del Cementerio Evang\u00e9lico de General Ram\u00edrez - Informe Litoral\" \/>\n<meta property=\"og:description\" content=\"Hab\u00edan ingresado por un campo lindero. Se recuperaron 19 placas pero los sospechosos lograron escapar. Se tratar\u00eda de dos j\u00f3venes adultos.\" \/>\n<meta property=\"og:url\" content=\"https:\/\/informelitoral.com.ar\/personal-policial-recupero-placas-del-cementerio-evangelico-de-general-ramirez\/\" \/>\n<meta property=\"og:site_name\" content=\"Informe Litoral\" \/>\n<meta property=\"article:publisher\" content=\"https:\/\/www.facebook.com\/informelitoral\/\" \/>\n<meta property=\"article:published_time\" content=\"2022-05-17T23:16:26+00:00\" \/>\n<meta property=\"og:image\" content=\"https:\/\/informelitoral.com.ar\/%77%70%2d%63%6f%6e%74%65%6e%74\/uploads\/2022\/05\/0f325ca5-1063-43f1-8559-44c66aec235b.jpg\" \/>\n\t<meta property=\"og:image:width\" content=\"1600\" \/>\n\t<meta property=\"og:image:height\" content=\"1187\" \/>\n\t<meta property=\"og:image:type\" content=\"image\/jpeg\" \/>\n<meta name=\"author\" content=\"Gonzalo Schmidt\" \/>\n<meta name=\"twitter:card\" content=\"summary_large_image\" \/>\n<meta name=\"twitter:creator\" content=\"@InformeLitoral\" \/>\n<meta name=\"twitter:site\" content=\"@InformeLitoral\" \/>\n<meta name=\"twitter:label1\" content=\"Escrito por\" \/>\n\t<meta name=\"twitter:data1\" content=\"Gonzalo Schmidt\" \/>\n\t<meta name=\"twitter:label2\" content=\"Tiempo de lectura\" \/>\n\t<meta name=\"twitter:data2\" content=\"2 minutos\" \/>\n<script type=\"application\/ld+json\" class=\"yoast-schema-graph\">{\"@context\":\"https:\\\/\\\/schema.org\",\"@graph\":[{\"@type\":\"Article\",\"@id\":\"https:\\\/\\\/informelitoral.com.ar\\\/personal-policial-recupero-placas-del-cementerio-evangelico-de-general-ramirez\\\/#article\",\"isPartOf\":{\"@id\":\"https:\\\/\\\/informelitoral.com.ar\\\/personal-policial-recupero-placas-del-cementerio-evangelico-de-general-ramirez\\\/\"},\"author\":{\"name\":\"Gonzalo Schmidt\",\"@id\":\"https:\\\/\\\/informelitoral.com.ar\\\/#\\\/schema\\\/person\\\/b9d00407c836482871ef1d57bf8e3180\"},\"headline\":\"Personal policial recuper\u00f3 placas del Cementerio Evang\u00e9lico de General Ram\u00edrez\",\"datePublished\":\"2022-05-17T23:16:26+00:00\",\"mainEntityOfPage\":{\"@id\":\"https:\\\/\\\/informelitoral.com.ar\\\/personal-policial-recupero-placas-del-cementerio-evangelico-de-general-ramirez\\\/\"},\"wordCount\":338,\"commentCount\":0,\"publisher\":{\"@id\":\"https:\\\/\\\/informelitoral.com.ar\\\/#organization\"},\"image\":{\"@id\":\"https:\\\/\\\/informelitoral.com.ar\\\/personal-policial-recupero-placas-del-cementerio-evangelico-de-general-ramirez\\\/#primaryimage\"},\"thumbnailUrl\":\"https:\\\/\\\/informelitoral.com.ar\\\/%77%70%2d%63%6f%6e%74%65%6e%74\\\/uploads\\\/2022\\\/05\\\/0f325ca5-1063-43f1-8559-44c66aec235b.jpg\",\"keywords\":[\"Comisar\u00eda Ram\u00edrez\",\"Ram\u00edrez\"],\"articleSection\":[\"Policiales\"],\"inLanguage\":\"es\",\"potentialAction\":[{\"@type\":\"CommentAction\",\"name\":\"Comment\",\"target\":[\"https:\\\/\\\/informelitoral.com.ar\\\/personal-policial-recupero-placas-del-cementerio-evangelico-de-general-ramirez\\\/#respond\"]}]},{\"@type\":\"WebPage\",\"@id\":\"https:\\\/\\\/informelitoral.com.ar\\\/personal-policial-recupero-placas-del-cementerio-evangelico-de-general-ramirez\\\/\",\"url\":\"https:\\\/\\\/informelitoral.com.ar\\\/personal-policial-recupero-placas-del-cementerio-evangelico-de-general-ramirez\\\/\",\"name\":\"Personal policial recuper\u00f3 placas del Cementerio Evang\u00e9lico de General Ram\u00edrez - Informe Litoral\",\"isPartOf\":{\"@id\":\"https:\\\/\\\/informelitoral.com.ar\\\/#website\"},\"primaryImageOfPage\":{\"@id\":\"https:\\\/\\\/informelitoral.com.ar\\\/personal-policial-recupero-placas-del-cementerio-evangelico-de-general-ramirez\\\/#primaryimage\"},\"image\":{\"@id\":\"https:\\\/\\\/informelitoral.com.ar\\\/personal-policial-recupero-placas-del-cementerio-evangelico-de-general-ramirez\\\/#primaryimage\"},\"thumbnailUrl\":\"https:\\\/\\\/informelitoral.com.ar\\\/%77%70%2d%63%6f%6e%74%65%6e%74\\\/uploads\\\/2022\\\/05\\\/0f325ca5-1063-43f1-8559-44c66aec235b.jpg\",\"datePublished\":\"2022-05-17T23:16:26+00:00\",\"breadcrumb\":{\"@id\":\"https:\\\/\\\/informelitoral.com.ar\\\/personal-policial-recupero-placas-del-cementerio-evangelico-de-general-ramirez\\\/#breadcrumb\"},\"inLanguage\":\"es\",\"potentialAction\":[{\"@type\":\"ReadAction\",\"target\":[\"https:\\\/\\\/informelitoral.com.ar\\\/personal-policial-recupero-placas-del-cementerio-evangelico-de-general-ramirez\\\/\"]}]},{\"@type\":\"ImageObject\",\"inLanguage\":\"es\",\"@id\":\"https:\\\/\\\/informelitoral.com.ar\\\/personal-policial-recupero-placas-del-cementerio-evangelico-de-general-ramirez\\\/#primaryimage\",\"url\":\"https:\\\/\\\/informelitoral.com.ar\\\/%77%70%2d%63%6f%6e%74%65%6e%74\\\/uploads\\\/2022\\\/05\\\/0f325ca5-1063-43f1-8559-44c66aec235b.jpg\",\"contentUrl\":\"https:\\\/\\\/informelitoral.com.ar\\\/%77%70%2d%63%6f%6e%74%65%6e%74\\\/uploads\\\/2022\\\/05\\\/0f325ca5-1063-43f1-8559-44c66aec235b.jpg\",\"width\":1600,\"height\":1187},{\"@type\":\"BreadcrumbList\",\"@id\":\"https:\\\/\\\/informelitoral.com.ar\\\/personal-policial-recupero-placas-del-cementerio-evangelico-de-general-ramirez\\\/#breadcrumb\",\"itemListElement\":[{\"@type\":\"ListItem\",\"position\":1,\"name\":\"Portada\",\"item\":\"https:\\\/\\\/informelitoral.com.ar\\\/\"},{\"@type\":\"ListItem\",\"position\":2,\"name\":\"Personal policial recuper\u00f3 placas del Cementerio Evang\u00e9lico de General Ram\u00edrez\"}]},{\"@type\":\"WebSite\",\"@id\":\"https:\\\/\\\/informelitoral.com.ar\\\/#website\",\"url\":\"https:\\\/\\\/informelitoral.com.ar\\\/\",\"name\":\"Informe Litoral\",\"description\":\"&quot;Nos informamos&quot; \",\"publisher\":{\"@id\":\"https:\\\/\\\/informelitoral.com.ar\\\/#organization\"},\"potentialAction\":[{\"@type\":\"SearchAction\",\"target\":{\"@type\":\"EntryPoint\",\"urlTemplate\":\"https:\\\/\\\/informelitoral.com.ar\\\/?s={search_term_string}\"},\"query-input\":{\"@type\":\"PropertyValueSpecification\",\"valueRequired\":true,\"valueName\":\"search_term_string\"}}],\"inLanguage\":\"es\"},{\"@type\":\"Organization\",\"@id\":\"https:\\\/\\\/informelitoral.com.ar\\\/#organization\",\"name\":\"Informe Litoral\",\"url\":\"https:\\\/\\\/informelitoral.com.ar\\\/\",\"logo\":{\"@type\":\"ImageObject\",\"inLanguage\":\"es\",\"@id\":\"https:\\\/\\\/informelitoral.com.ar\\\/#\\\/schema\\\/logo\\\/image\\\/\",\"url\":\"https:\\\/\\\/informelitoral.com.ar\\\/%77%70%2d%63%6f%6e%74%65%6e%74\\\/uploads\\\/2021\\\/01\\\/circulo.png\",\"contentUrl\":\"https:\\\/\\\/informelitoral.com.ar\\\/%77%70%2d%63%6f%6e%74%65%6e%74\\\/uploads\\\/2021\\\/01\\\/circulo.png\",\"width\":723,\"height\":731,\"caption\":\"Informe Litoral\"},\"image\":{\"@id\":\"https:\\\/\\\/informelitoral.com.ar\\\/#\\\/schema\\\/logo\\\/image\\\/\"},\"sameAs\":[\"https:\\\/\\\/www.facebook.com\\\/informelitoral\\\/\",\"https:\\\/\\\/x.com\\\/InformeLitoral\",\"https:\\\/\\\/www.instagram.com\\\/informelitoral\\\/\",\"https:\\\/\\\/www.youtube.com\\\/channel\\\/UCua4Qvz8Icb6MYqhoq9xLXw\"]},{\"@type\":\"Person\",\"@id\":\"https:\\\/\\\/informelitoral.com.ar\\\/#\\\/schema\\\/person\\\/b9d00407c836482871ef1d57bf8e3180\",\"name\":\"Gonzalo Schmidt\",\"image\":{\"@type\":\"ImageObject\",\"inLanguage\":\"es\",\"@id\":\"https:\\\/\\\/secure.gravatar.com\\\/avatar\\\/31a1a7b66ff2de83bd0e9fd79d026630d2d99e55e8bfe501287647b4fd9743de?s=96&d=mm&r=g\",\"url\":\"https:\\\/\\\/secure.gravatar.com\\\/avatar\\\/31a1a7b66ff2de83bd0e9fd79d026630d2d99e55e8bfe501287647b4fd9743de?s=96&d=mm&r=g\",\"contentUrl\":\"https:\\\/\\\/secure.gravatar.com\\\/avatar\\\/31a1a7b66ff2de83bd0e9fd79d026630d2d99e55e8bfe501287647b4fd9743de?s=96&d=mm&r=g\",\"caption\":\"Gonzalo Schmidt\"},\"description\":\"Sitio web de noticias de la provincia de Entre R\u00edos, Argentina. Informaci\u00f3n y entretenimiento. Informe Litoral, nos informamos.\",\"sameAs\":[\"http:\\\/\\\/www.isletasnoticias.com.ar\"],\"url\":\"https:\\\/\\\/informelitoral.com.ar\\\/author\\\/gonzalo\\\/\"}]}<\/script>","yoast_head_json":{"title":"Personal policial recuper\u00f3 placas del Cementerio Evang\u00e9lico de General Ram\u00edrez - Informe Litoral","robots":{"index":"index","follow":"follow","max-snippet":"max-snippet:-1","max-image-preview":"max-image-preview:large","max-video-preview":"max-video-preview:-1"},"canonical":"https:\/\/informelitoral.com.ar\/personal-policial-recupero-placas-del-cementerio-evangelico-de-general-ramirez\/","og_locale":"es_ES","og_type":"article","og_title":"Personal policial recuper\u00f3 placas del Cementerio Evang\u00e9lico de General Ram\u00edrez - Informe Litoral","og_description":"Hab\u00edan ingresado por un campo lindero. Se recuperaron 19 placas pero los sospechosos lograron escapar. Se tratar\u00eda de dos j\u00f3venes adultos.","og_url":"https:\/\/informelitoral.com.ar\/personal-policial-recupero-placas-del-cementerio-evangelico-de-general-ramirez\/","og_site_name":"Informe Litoral","article_publisher":"https:\/\/www.facebook.com\/informelitoral\/","article_published_time":"2022-05-17T23:16:26+00:00","og_image":[{"width":1600,"height":1187,"url":"https:\/\/informelitoral.com.ar\/%77%70%2d%63%6f%6e%74%65%6e%74\/uploads\/2022\/05\/0f325ca5-1063-43f1-8559-44c66aec235b.jpg","type":"image\/jpeg"}],"author":"Gonzalo Schmidt","twitter_card":"summary_large_image","twitter_creator":"@InformeLitoral","twitter_site":"@InformeLitoral","twitter_misc":{"Escrito por":"Gonzalo Schmidt","Tiempo de lectura":"2 minutos"},"schema":{"@context":"https:\/\/schema.org","@graph":[{"@type":"Article","@id":"https:\/\/informelitoral.com.ar\/personal-policial-recupero-placas-del-cementerio-evangelico-de-general-ramirez\/#article","isPartOf":{"@id":"https:\/\/informelitoral.com.ar\/personal-policial-recupero-placas-del-cementerio-evangelico-de-general-ramirez\/"},"author":{"name":"Gonzalo Schmidt","@id":"https:\/\/informelitoral.com.ar\/#\/schema\/person\/b9d00407c836482871ef1d57bf8e3180"},"headline":"Personal policial recuper\u00f3 placas del Cementerio Evang\u00e9lico de General Ram\u00edrez","datePublished":"2022-05-17T23:16:26+00:00","mainEntityOfPage":{"@id":"https:\/\/informelitoral.com.ar\/personal-policial-recupero-placas-del-cementerio-evangelico-de-general-ramirez\/"},"wordCount":338,"commentCount":0,"publisher":{"@id":"https:\/\/informelitoral.com.ar\/#organization"},"image":{"@id":"https:\/\/informelitoral.com.ar\/personal-policial-recupero-placas-del-cementerio-evangelico-de-general-ramirez\/#primaryimage"},"thumbnailUrl":"https:\/\/informelitoral.com.ar\/%77%70%2d%63%6f%6e%74%65%6e%74\/uploads\/2022\/05\/0f325ca5-1063-43f1-8559-44c66aec235b.jpg","keywords":["Comisar\u00eda Ram\u00edrez","Ram\u00edrez"],"articleSection":["Policiales"],"inLanguage":"es","potentialAction":[{"@type":"CommentAction","name":"Comment","target":["https:\/\/informelitoral.com.ar\/personal-policial-recupero-placas-del-cementerio-evangelico-de-general-ramirez\/#respond"]}]},{"@type":"WebPage","@id":"https:\/\/informelitoral.com.ar\/personal-policial-recupero-placas-del-cementerio-evangelico-de-general-ramirez\/","url":"https:\/\/informelitoral.com.ar\/personal-policial-recupero-placas-del-cementerio-evangelico-de-general-ramirez\/","name":"Personal policial recuper\u00f3 placas del Cementerio Evang\u00e9lico de General Ram\u00edrez - Informe Litoral","isPartOf":{"@id":"https:\/\/informelitoral.com.ar\/#website"},"primaryImageOfPage":{"@id":"https:\/\/informelitoral.com.ar\/personal-policial-recupero-placas-del-cementerio-evangelico-de-general-ramirez\/#primaryimage"},"image":{"@id":"https:\/\/informelitoral.com.ar\/personal-policial-recupero-placas-del-cementerio-evangelico-de-general-ramirez\/#primaryimage"},"thumbnailUrl":"https:\/\/informelitoral.com.ar\/%77%70%2d%63%6f%6e%74%65%6e%74\/uploads\/2022\/05\/0f325ca5-1063-43f1-8559-44c66aec235b.jpg","datePublished":"2022-05-17T23:16:26+00:00","breadcrumb":{"@id":"https:\/\/informelitoral.com.ar\/personal-policial-recupero-placas-del-cementerio-evangelico-de-general-ramirez\/#breadcrumb"},"inLanguage":"es","potentialAction":[{"@type":"ReadAction","target":["https:\/\/informelitoral.com.ar\/personal-policial-recupero-placas-del-cementerio-evangelico-de-general-ramirez\/"]}]},{"@type":"ImageObject","inLanguage":"es","@id":"https:\/\/informelitoral.com.ar\/personal-policial-recupero-placas-del-cementerio-evangelico-de-general-ramirez\/#primaryimage","url":"https:\/\/informelitoral.com.ar\/%77%70%2d%63%6f%6e%74%65%6e%74\/uploads\/2022\/05\/0f325ca5-1063-43f1-8559-44c66aec235b.jpg","contentUrl":"https:\/\/informelitoral.com.ar\/%77%70%2d%63%6f%6e%74%65%6e%74\/uploads\/2022\/05\/0f325ca5-1063-43f1-8559-44c66aec235b.jpg","width":1600,"height":1187},{"@type":"BreadcrumbList","@id":"https:\/\/informelitoral.com.ar\/personal-policial-recupero-placas-del-cementerio-evangelico-de-general-ramirez\/#breadcrumb","itemListElement":[{"@type":"ListItem","position":1,"name":"Portada","item":"https:\/\/informelitoral.com.ar\/"},{"@type":"ListItem","position":2,"name":"Personal policial recuper\u00f3 placas del Cementerio Evang\u00e9lico de General Ram\u00edrez"}]},{"@type":"WebSite","@id":"https:\/\/informelitoral.com.ar\/#website","url":"https:\/\/informelitoral.com.ar\/","name":"Informe Litoral","description":"&quot;Nos informamos&quot; ","publisher":{"@id":"https:\/\/informelitoral.com.ar\/#organization"},"potentialAction":[{"@type":"SearchAction","target":{"@type":"EntryPoint","urlTemplate":"https:\/\/informelitoral.com.ar\/?s={search_term_string}"},"query-input":{"@type":"PropertyValueSpecification","valueRequired":true,"valueName":"search_term_string"}}],"inLanguage":"es"},{"@type":"Organization","@id":"https:\/\/informelitoral.com.ar\/#organization","name":"Informe Litoral","url":"https:\/\/informelitoral.com.ar\/","logo":{"@type":"ImageObject","inLanguage":"es","@id":"https:\/\/informelitoral.com.ar\/#\/schema\/logo\/image\/","url":"https:\/\/informelitoral.com.ar\/%77%70%2d%63%6f%6e%74%65%6e%74\/uploads\/2021\/01\/circulo.png","contentUrl":"https:\/\/informelitoral.com.ar\/%77%70%2d%63%6f%6e%74%65%6e%74\/uploads\/2021\/01\/circulo.png","width":723,"height":731,"caption":"Informe Litoral"},"image":{"@id":"https:\/\/informelitoral.com.ar\/#\/schema\/logo\/image\/"},"sameAs":["https:\/\/www.facebook.com\/informelitoral\/","https:\/\/x.com\/InformeLitoral","https:\/\/www.instagram.com\/informelitoral\/","https:\/\/www.youtube.com\/channel\/UCua4Qvz8Icb6MYqhoq9xLXw"]},{"@type":"Person","@id":"https:\/\/informelitoral.com.ar\/#\/schema\/person\/b9d00407c836482871ef1d57bf8e3180","name":"Gonzalo Schmidt","image":{"@type":"ImageObject","inLanguage":"es","@id":"https:\/\/secure.gravatar.com\/avatar\/31a1a7b66ff2de83bd0e9fd79d026630d2d99e55e8bfe501287647b4fd9743de?s=96&d=mm&r=g","url":"https:\/\/secure.gravatar.com\/avatar\/31a1a7b66ff2de83bd0e9fd79d026630d2d99e55e8bfe501287647b4fd9743de?s=96&d=mm&r=g","contentUrl":"https:\/\/secure.gravatar.com\/avatar\/31a1a7b66ff2de83bd0e9fd79d026630d2d99e55e8bfe501287647b4fd9743de?s=96&d=mm&r=g","caption":"Gonzalo Schmidt"},"description":"Sitio web de noticias de la provincia de Entre R\u00edos, Argentina. Informaci\u00f3n y entretenimiento. Informe Litoral, nos informamos.","sameAs":["http:\/\/www.isletasnoticias.com.ar"],"url":"https:\/\/informelitoral.com.ar\/author\/gonzalo\/"}]}},"_links":{"self":[{"href":"https:\/\/informelitoral.com.ar\/%77%70%2d%6a%73%6f%6e\/wp\/v2\/posts\/77850","targetHints":{"allow":["GET"]}}],"collection":[{"href":"https:\/\/informelitoral.com.ar\/%77%70%2d%6a%73%6f%6e\/wp\/v2\/posts"}],"about":[{"href":"https:\/\/informelitoral.com.ar\/%77%70%2d%6a%73%6f%6e\/wp\/v2\/types\/post"}],"author":[{"embeddable":true,"href":"https:\/\/informelitoral.com.ar\/%77%70%2d%6a%73%6f%6e\/wp\/v2\/users\/2"}],"replies":[{"embeddable":true,"href":"https:\/\/informelitoral.com.ar\/%77%70%2d%6a%73%6f%6e\/wp\/v2\/comments?post=77850"}],"version-history":[{"count":0,"href":"https:\/\/informelitoral.com.ar\/%77%70%2d%6a%73%6f%6e\/wp\/v2\/posts\/77850\/revisions"}],"wp:featuredmedia":[{"embeddable":true,"href":"https:\/\/informelitoral.com.ar\/%77%70%2d%6a%73%6f%6e\/wp\/v2\/media\/77851"}],"wp:attachment":[{"href":"https:\/\/informelitoral.com.ar\/%77%70%2d%6a%73%6f%6e\/wp\/v2\/media?parent=77850"}],"wp:term":[{"taxonomy":"category","embeddable":true,"href":"https:\/\/informelitoral.com.ar\/%77%70%2d%6a%73%6f%6e\/wp\/v2\/categories?post=77850"},{"taxonomy":"post_tag","embeddable":true,"href":"https:\/\/informelitoral.com.ar\/%77%70%2d%6a%73%6f%6e\/wp\/v2\/tags?post=77850"}],"curies":[{"name":"wp","href":"https:\/\/api.w.org\/{rel}","templated":true}]}}