{"id":77834,"date":"2022-05-17T19:28:12","date_gmt":"2022-05-17T22:28:12","guid":{"rendered":"https:\/\/www.informelitoral.com.ar\/?p=77834"},"modified":"2022-05-17T19:41:07","modified_gmt":"2022-05-17T22:41:07","slug":"cooperativa-la-ganadera-celebro-sus-70-anos-con-la-inauguracion-del-salon-cooperacion","status":"publish","type":"post","link":"https:\/\/informelitoral.com.ar\/cooperativa-la-ganadera-celebro-sus-70-anos-con-la-inauguracion-del-salon-cooperacion\/","title":{"rendered":"Cooperativa La Ganadera celebr\u00f3 sus 70 a\u00f1os con la inauguraci\u00f3n del Sal\u00f3n Cooperaci\u00f3n"},"content":{"rendered":"<p><strong>Cooperativa La Ganadera de General Ram\u00edrez<\/strong> <strong>Limitada<\/strong> cumpli\u00f3 70 a\u00f1os el pasado domingo 15 de mayo. La celebraci\u00f3n incluy\u00f3 la <strong>inauguraci\u00f3n del Sal\u00f3n Cooperaci\u00f3n,<\/strong> que la entidad construy\u00f3 para brindar un mejor \u00e1mbito a los j\u00f3venes y las familias de los productores asociados.<\/p>\n<p><a href=\"https:\/\/www.informelitoral.com.ar\/%77%70%2d%63%6f%6e%74%65%6e%74\/uploads\/2022\/05\/c1bee803-ba9b-4a31-a661-196932c72f6a.jpg\"><img loading=\"lazy\" decoding=\"async\" class=\"aligncenter wp-image-77844 size-full\" src=\"https:\/\/www.informelitoral.com.ar\/%77%70%2d%63%6f%6e%74%65%6e%74\/uploads\/2022\/05\/c1bee803-ba9b-4a31-a661-196932c72f6a.jpg\" alt=\"\" width=\"1600\" height=\"1200\" srcset=\"https:\/\/informelitoral.com.ar\/%77%70%2d%63%6f%6e%74%65%6e%74\/uploads\/2022\/05\/c1bee803-ba9b-4a31-a661-196932c72f6a.jpg 1600w, https:\/\/informelitoral.com.ar\/%77%70%2d%63%6f%6e%74%65%6e%74\/uploads\/2022\/05\/c1bee803-ba9b-4a31-a661-196932c72f6a-300x225.jpg 300w, https:\/\/informelitoral.com.ar\/%77%70%2d%63%6f%6e%74%65%6e%74\/uploads\/2022\/05\/c1bee803-ba9b-4a31-a661-196932c72f6a-1024x768.jpg 1024w, https:\/\/informelitoral.com.ar\/%77%70%2d%63%6f%6e%74%65%6e%74\/uploads\/2022\/05\/c1bee803-ba9b-4a31-a661-196932c72f6a-768x576.jpg 768w, https:\/\/informelitoral.com.ar\/%77%70%2d%63%6f%6e%74%65%6e%74\/uploads\/2022\/05\/c1bee803-ba9b-4a31-a661-196932c72f6a-1536x1152.jpg 1536w, https:\/\/informelitoral.com.ar\/%77%70%2d%63%6f%6e%74%65%6e%74\/uploads\/2022\/05\/c1bee803-ba9b-4a31-a661-196932c72f6a-696x522.jpg 696w, https:\/\/informelitoral.com.ar\/%77%70%2d%63%6f%6e%74%65%6e%74\/uploads\/2022\/05\/c1bee803-ba9b-4a31-a661-196932c72f6a-1068x801.jpg 1068w, https:\/\/informelitoral.com.ar\/%77%70%2d%63%6f%6e%74%65%6e%74\/uploads\/2022\/05\/c1bee803-ba9b-4a31-a661-196932c72f6a-560x420.jpg 560w, https:\/\/informelitoral.com.ar\/%77%70%2d%63%6f%6e%74%65%6e%74\/uploads\/2022\/05\/c1bee803-ba9b-4a31-a661-196932c72f6a-80x60.jpg 80w, https:\/\/informelitoral.com.ar\/%77%70%2d%63%6f%6e%74%65%6e%74\/uploads\/2022\/05\/c1bee803-ba9b-4a31-a661-196932c72f6a-265x198.jpg 265w\" sizes=\"auto, (max-width: 1600px) 100vw, 1600px\" \/><\/a><\/p>\n<p>\u201cUno se siente orgulloso de lo hecho, la entidad es una referencia en la regi\u00f3n, un basti\u00f3n de defensa de los productores asociados. Los fundadores que se reunieron para comercializar mejor su hacienda dieron los primeros pasos y nosotros los fuimos siguiendo para impulsar el trabajo de los peque\u00f1os productores en especial\u201d, expres\u00f3 <strong>Fabi\u00e1n Leichner<\/strong>, actual presidente de la cooperativa ramirense.<\/p>\n<p><a href=\"https:\/\/www.informelitoral.com.ar\/%77%70%2d%63%6f%6e%74%65%6e%74\/uploads\/2022\/05\/9681496f-e408-42e7-ba6a-47be9bef37ab.jpg\"><img loading=\"lazy\" decoding=\"async\" class=\"aligncenter wp-image-77843 size-full\" src=\"https:\/\/www.informelitoral.com.ar\/%77%70%2d%63%6f%6e%74%65%6e%74\/uploads\/2022\/05\/9681496f-e408-42e7-ba6a-47be9bef37ab.jpg\" alt=\"\" width=\"1600\" height=\"1200\" srcset=\"https:\/\/informelitoral.com.ar\/%77%70%2d%63%6f%6e%74%65%6e%74\/uploads\/2022\/05\/9681496f-e408-42e7-ba6a-47be9bef37ab.jpg 1600w, https:\/\/informelitoral.com.ar\/%77%70%2d%63%6f%6e%74%65%6e%74\/uploads\/2022\/05\/9681496f-e408-42e7-ba6a-47be9bef37ab-300x225.jpg 300w, https:\/\/informelitoral.com.ar\/%77%70%2d%63%6f%6e%74%65%6e%74\/uploads\/2022\/05\/9681496f-e408-42e7-ba6a-47be9bef37ab-1024x768.jpg 1024w, https:\/\/informelitoral.com.ar\/%77%70%2d%63%6f%6e%74%65%6e%74\/uploads\/2022\/05\/9681496f-e408-42e7-ba6a-47be9bef37ab-768x576.jpg 768w, https:\/\/informelitoral.com.ar\/%77%70%2d%63%6f%6e%74%65%6e%74\/uploads\/2022\/05\/9681496f-e408-42e7-ba6a-47be9bef37ab-1536x1152.jpg 1536w, https:\/\/informelitoral.com.ar\/%77%70%2d%63%6f%6e%74%65%6e%74\/uploads\/2022\/05\/9681496f-e408-42e7-ba6a-47be9bef37ab-696x522.jpg 696w, https:\/\/informelitoral.com.ar\/%77%70%2d%63%6f%6e%74%65%6e%74\/uploads\/2022\/05\/9681496f-e408-42e7-ba6a-47be9bef37ab-1068x801.jpg 1068w, https:\/\/informelitoral.com.ar\/%77%70%2d%63%6f%6e%74%65%6e%74\/uploads\/2022\/05\/9681496f-e408-42e7-ba6a-47be9bef37ab-560x420.jpg 560w, https:\/\/informelitoral.com.ar\/%77%70%2d%63%6f%6e%74%65%6e%74\/uploads\/2022\/05\/9681496f-e408-42e7-ba6a-47be9bef37ab-80x60.jpg 80w, https:\/\/informelitoral.com.ar\/%77%70%2d%63%6f%6e%74%65%6e%74\/uploads\/2022\/05\/9681496f-e408-42e7-ba6a-47be9bef37ab-265x198.jpg 265w\" sizes=\"auto, (max-width: 1600px) 100vw, 1600px\" \/><\/a><\/p>\n<p>En ese contexto precis\u00f3: \u201cYo vengo del \u00e1rea juventud de la cooperativa y este sal\u00f3n que ahora estamos inaugurando cuenta con un espacio para que se formen los dirigentes del futuro. El desaf\u00edo del cooperativismo es seguir en la defensa del sector, tan castigado desde lo clim\u00e1tico a veces y desde lo pol\u00edtico tambi\u00e9n. Uno, como dirigente trabaja para que evolucione su entidad junto a su comunidad\u201d.<\/p>\n<div id='gallery-1' class='gallery galleryid-77834 gallery-columns-3 gallery-size-thumbnail'><figure class='gallery-item'>\n\t\t\t<div class='gallery-icon landscape'>\n\t\t\t\t<a href='https:\/\/informelitoral.com.ar\/cooperativa-la-ganadera-celebro-sus-70-anos-con-la-inauguracion-del-salon-cooperacion\/c7fc0810-70fa-4fd4-8f2f-5c626c005f44\/'><img loading=\"lazy\" decoding=\"async\" width=\"150\" height=\"150\" src=\"https:\/\/informelitoral.com.ar\/%77%70%2d%63%6f%6e%74%65%6e%74\/uploads\/2022\/05\/c7fc0810-70fa-4fd4-8f2f-5c626c005f44-150x150.jpg\" class=\"attachment-thumbnail size-thumbnail\" alt=\"\" \/><\/a>\n\t\t\t<\/div><\/figure><figure class='gallery-item'>\n\t\t\t<div class='gallery-icon landscape'>\n\t\t\t\t<a href='https:\/\/informelitoral.com.ar\/cooperativa-la-ganadera-celebro-sus-70-anos-con-la-inauguracion-del-salon-cooperacion\/87bf3387-069d-4539-accc-767fc6862d0d\/'><img loading=\"lazy\" decoding=\"async\" width=\"150\" height=\"150\" src=\"https:\/\/informelitoral.com.ar\/%77%70%2d%63%6f%6e%74%65%6e%74\/uploads\/2022\/05\/87bf3387-069d-4539-accc-767fc6862d0d-150x150.jpg\" class=\"attachment-thumbnail size-thumbnail\" alt=\"\" \/><\/a>\n\t\t\t<\/div><\/figure><figure class='gallery-item'>\n\t\t\t<div class='gallery-icon landscape'>\n\t\t\t\t<a href='https:\/\/informelitoral.com.ar\/cooperativa-la-ganadera-celebro-sus-70-anos-con-la-inauguracion-del-salon-cooperacion\/7f3f9b44-0c2e-408c-92d6-5a15a27b9ea0\/'><img loading=\"lazy\" decoding=\"async\" width=\"150\" height=\"150\" src=\"https:\/\/informelitoral.com.ar\/%77%70%2d%63%6f%6e%74%65%6e%74\/uploads\/2022\/05\/7f3f9b44-0c2e-408c-92d6-5a15a27b9ea0-150x150.jpg\" class=\"attachment-thumbnail size-thumbnail\" alt=\"\" \/><\/a>\n\t\t\t<\/div><\/figure><figure class='gallery-item'>\n\t\t\t<div class='gallery-icon landscape'>\n\t\t\t\t<a href='https:\/\/informelitoral.com.ar\/cooperativa-la-ganadera-celebro-sus-70-anos-con-la-inauguracion-del-salon-cooperacion\/3ce950c5-1c8a-44a2-b5cc-ed0c25e3e004\/'><img loading=\"lazy\" decoding=\"async\" width=\"150\" height=\"150\" src=\"https:\/\/informelitoral.com.ar\/%77%70%2d%63%6f%6e%74%65%6e%74\/uploads\/2022\/05\/3ce950c5-1c8a-44a2-b5cc-ed0c25e3e004-150x150.jpg\" class=\"attachment-thumbnail size-thumbnail\" alt=\"\" \/><\/a>\n\t\t\t<\/div><\/figure>\n\t\t<\/div>\n\n<p>Leichner puso en valor lo hecho al determinar: \u201cMe imagino un escenario futuro de crecimiento. Todo est\u00e1 en la gente joven y la capacidad de renovaci\u00f3n e innovaci\u00f3n\u201d.<\/p>\n<h3><b>Breve rese\u00f1a<\/b><\/h3>\n<p>El primer local de Remates Feria data de 1953, cuando la Asamblea de fecha 2 de febrero de 1953 autoriz\u00f3 al Consejo de Administraci\u00f3n la adquisici\u00f3n de 15 hect\u00e1reas de campo sobre el camino Ram\u00edrez-Diamante, distante pocos metros de la ciudad. All\u00ed el d\u00eda 9 de abril de 1953 se realiz\u00f3 el primer remate de hacienda, fecha que se conmemora anualmente como Remate Aniversario.<\/p>\n<p>El 22 de abril de 1971 se inauguraron las actuales instalaciones de remates generales en Ram\u00edrez.<\/p>\n<p>Los asociados de la cooperativa aprobaron el 2 de septiembre de 1980 la compra de una planta de silos ubicada en la calle Rep\u00fablica de Entre R\u00edos 492, inici\u00e1ndose all\u00ed el acopio de cereales y oleaginosas, su comercializaci\u00f3n y posteriormente la cobertura de distintos servicios relacionados con este sector.<\/p>\n<p>Asoci\u00e1ndose con otras cooperativas se constituy\u00f3 la sociedad Molino Harinero de Ram\u00edrez SA dedicado a la molienda de trigo para harina y subproductos.<\/p>\n<p>El 8 de noviembre de 1996 se inaugur\u00f3 en Tres Esquinas, departamento Victoria, otra planta de silos de 12.000 toneladas de capacidad. Posteriormente, en julio de 1998, se inici\u00f3 la construcci\u00f3n de la planta de silos (Planta 4) de 24.200 toneladas iniciales de capacidad, en el predio anexo a Feria de Remates de Hacienda en Ram\u00edrez, que posteriormente se ampl\u00eda en 10.000 toneladas. Se adquiere el predio de la Feria de Remates de la ex Cooperativa La Entrerriana de Nogoy\u00e1 Limitada.<\/p>\n<p>En el predio de Planta 4, dando cumplimiento a disposiciones de una Ordenanza Municipal, se construy\u00f3 un galp\u00f3n para agroqu\u00edmicos y semillas fuera del radio urbano, se instalan tanques dep\u00f3sitos de gasoil (agrom\u00f3vil) en las distintas plantas de silos.<\/p>\n<p>Otra de las necesidades de los productores ganaderos se hace realidad: con la provisi\u00f3n de productos y servicios veterinarios a partir del mes de febrero de 2005.<\/p>\n<h3><b>Autoridades<\/b><\/h3>\n<h3>El actual Consejo de Administraci\u00f3n de Cooperativa La Ganadera General Ram\u00edrez Agropecuaria, de Consumo y Provisi\u00f3n de Servicios P\u00fablicos Limitada se conforma de la siguiente manera:<br \/>\nPresidente: <strong>Fabi\u00e1n Ariel Leichner<\/strong><br \/>\nVicepresidente: <strong>Diego Iv\u00e1n E. Brauer<\/strong><br \/>\nSecretario: <strong>Rub\u00e9n Oscar Leichner<\/strong><br \/>\nPro-Secretario: <strong>Luis Alcides Folmer<\/strong><br \/>\nTesorero: <strong>Ra\u00fal Gerardo Eichman<\/strong><br \/>\nPro-Tesorero: <strong>Ernesto Pedro Washinger<\/strong><br \/>\nVocal Titular 1\u00b0: <strong>Gonzalo \u00c1lvarez Maldonado<\/strong><br \/>\nVocal Titular 2\u00b0: <strong>Ger\u00f3nimo Silvestre Gareis<\/strong><br \/>\nVocal Titular 3\u00b0:<strong> Eduardo Victorio Cavallo<\/strong><br \/>\nVocal Suplente 1\u00b0: <strong>Abel Bernab\u00e9 Eichmann<\/strong><br \/>\nVocal Suplente 2\u00b0: <strong>Sergio Daniel M\u00fcller<\/strong><br \/>\nVocal Suplente 3\u00b0: <strong>Hugo Ram\u00f3n Keiner<\/strong><br \/>\nSindico Titular:\u00a0<b>Dar\u00edo Ariel Pauer<\/b><br \/>\nSindico Suplente: <strong>Osvaldo Anibal Barsanti<\/strong><\/h3>\n","protected":false},"excerpt":{"rendered":"<p>El acto se desarroll\u00f3 el lunes y participaron autoridades de la cooperativa, de entidades provinciales y del municipio. \u201cMe imagino un escenario futuro de crecimiento\u00bb, asegur\u00f3 el presidente, Fabi\u00e1n Leichner. <\/p>\n","protected":false},"author":2,"featured_media":77846,"comment_status":"open","ping_status":"open","sticky":false,"template":"","format":"standard","meta":{"fifu_image_url":"","fifu_image_alt":"","footnotes":""},"categories":[10],"tags":[320,137,55,27],"class_list":{"0":"post-77834","1":"post","2":"type-post","3":"status-publish","4":"format-standard","5":"has-post-thumbnail","7":"category-campo","8":"tag-aniversario","9":"tag-cooperativa","10":"tag-la-ganadera","11":"tag-ramirez"},"yoast_head":"<title>Cooperativa La Ganadera celebr\u00f3 sus 70 a\u00f1os con la inauguraci\u00f3n del Sal\u00f3n Cooperaci\u00f3n - Informe Litoral<\/title>\n<meta name=\"robots\" content=\"index, follow, max-snippet:-1, max-image-preview:large, max-video-preview:-1\" \/>\n<link rel=\"canonical\" href=\"https:\/\/informelitoral.com.ar\/cooperativa-la-ganadera-celebro-sus-70-anos-con-la-inauguracion-del-salon-cooperacion\/\" \/>\n<meta property=\"og:locale\" content=\"es_ES\" \/>\n<meta property=\"og:type\" content=\"article\" \/>\n<meta property=\"og:title\" content=\"Cooperativa La Ganadera celebr\u00f3 sus 70 a\u00f1os con la inauguraci\u00f3n del Sal\u00f3n Cooperaci\u00f3n - Informe Litoral\" \/>\n<meta property=\"og:description\" content=\"El acto se desarroll\u00f3 el lunes y participaron autoridades de la cooperativa, de entidades provinciales y del municipio. \u201cMe imagino un escenario futuro de crecimiento&quot;, asegur\u00f3 el presidente, Fabi\u00e1n Leichner.\" \/>\n<meta property=\"og:url\" content=\"https:\/\/informelitoral.com.ar\/cooperativa-la-ganadera-celebro-sus-70-anos-con-la-inauguracion-del-salon-cooperacion\/\" \/>\n<meta property=\"og:site_name\" content=\"Informe Litoral\" \/>\n<meta property=\"article:publisher\" content=\"https:\/\/www.facebook.com\/informelitoral\/\" \/>\n<meta property=\"article:published_time\" content=\"2022-05-17T22:28:12+00:00\" \/>\n<meta property=\"article:modified_time\" content=\"2022-05-17T22:41:07+00:00\" \/>\n<meta property=\"og:image\" content=\"https:\/\/informelitoral.com.ar\/%77%70%2d%63%6f%6e%74%65%6e%74\/uploads\/2022\/05\/dacff719-004d-40b8-9cc2-bda0c34251ff.jpg\" \/>\n\t<meta property=\"og:image:width\" content=\"1600\" \/>\n\t<meta property=\"og:image:height\" content=\"1200\" \/>\n\t<meta property=\"og:image:type\" content=\"image\/jpeg\" \/>\n<meta name=\"author\" content=\"Gonzalo Schmidt\" \/>\n<meta name=\"twitter:card\" content=\"summary_large_image\" \/>\n<meta name=\"twitter:creator\" content=\"@InformeLitoral\" \/>\n<meta name=\"twitter:site\" content=\"@InformeLitoral\" \/>\n<meta name=\"twitter:label1\" content=\"Escrito por\" \/>\n\t<meta name=\"twitter:data1\" content=\"Gonzalo Schmidt\" \/>\n\t<meta name=\"twitter:label2\" content=\"Tiempo de lectura\" \/>\n\t<meta name=\"twitter:data2\" content=\"3 minutos\" \/>\n<script type=\"application\/ld+json\" class=\"yoast-schema-graph\">{\"@context\":\"https:\\\/\\\/schema.org\",\"@graph\":[{\"@type\":\"Article\",\"@id\":\"https:\\\/\\\/informelitoral.com.ar\\\/cooperativa-la-ganadera-celebro-sus-70-anos-con-la-inauguracion-del-salon-cooperacion\\\/#article\",\"isPartOf\":{\"@id\":\"https:\\\/\\\/informelitoral.com.ar\\\/cooperativa-la-ganadera-celebro-sus-70-anos-con-la-inauguracion-del-salon-cooperacion\\\/\"},\"author\":{\"name\":\"Gonzalo Schmidt\",\"@id\":\"https:\\\/\\\/informelitoral.com.ar\\\/#\\\/schema\\\/person\\\/b9d00407c836482871ef1d57bf8e3180\"},\"headline\":\"Cooperativa La Ganadera celebr\u00f3 sus 70 a\u00f1os con la inauguraci\u00f3n del Sal\u00f3n Cooperaci\u00f3n\",\"datePublished\":\"2022-05-17T22:28:12+00:00\",\"dateModified\":\"2022-05-17T22:41:07+00:00\",\"mainEntityOfPage\":{\"@id\":\"https:\\\/\\\/informelitoral.com.ar\\\/cooperativa-la-ganadera-celebro-sus-70-anos-con-la-inauguracion-del-salon-cooperacion\\\/\"},\"wordCount\":639,\"commentCount\":0,\"publisher\":{\"@id\":\"https:\\\/\\\/informelitoral.com.ar\\\/#organization\"},\"image\":{\"@id\":\"https:\\\/\\\/informelitoral.com.ar\\\/cooperativa-la-ganadera-celebro-sus-70-anos-con-la-inauguracion-del-salon-cooperacion\\\/#primaryimage\"},\"thumbnailUrl\":\"https:\\\/\\\/informelitoral.com.ar\\\/%77%70%2d%63%6f%6e%74%65%6e%74\\\/uploads\\\/2022\\\/05\\\/dacff719-004d-40b8-9cc2-bda0c34251ff.jpg\",\"keywords\":[\"Aniversario\",\"Cooperativa\",\"La Ganadera\",\"Ram\u00edrez\"],\"articleSection\":[\"Campo\"],\"inLanguage\":\"es\",\"potentialAction\":[{\"@type\":\"CommentAction\",\"name\":\"Comment\",\"target\":[\"https:\\\/\\\/informelitoral.com.ar\\\/cooperativa-la-ganadera-celebro-sus-70-anos-con-la-inauguracion-del-salon-cooperacion\\\/#respond\"]}]},{\"@type\":\"WebPage\",\"@id\":\"https:\\\/\\\/informelitoral.com.ar\\\/cooperativa-la-ganadera-celebro-sus-70-anos-con-la-inauguracion-del-salon-cooperacion\\\/\",\"url\":\"https:\\\/\\\/informelitoral.com.ar\\\/cooperativa-la-ganadera-celebro-sus-70-anos-con-la-inauguracion-del-salon-cooperacion\\\/\",\"name\":\"Cooperativa La Ganadera celebr\u00f3 sus 70 a\u00f1os con la inauguraci\u00f3n del Sal\u00f3n Cooperaci\u00f3n - Informe Litoral\",\"isPartOf\":{\"@id\":\"https:\\\/\\\/informelitoral.com.ar\\\/#website\"},\"primaryImageOfPage\":{\"@id\":\"https:\\\/\\\/informelitoral.com.ar\\\/cooperativa-la-ganadera-celebro-sus-70-anos-con-la-inauguracion-del-salon-cooperacion\\\/#primaryimage\"},\"image\":{\"@id\":\"https:\\\/\\\/informelitoral.com.ar\\\/cooperativa-la-ganadera-celebro-sus-70-anos-con-la-inauguracion-del-salon-cooperacion\\\/#primaryimage\"},\"thumbnailUrl\":\"https:\\\/\\\/informelitoral.com.ar\\\/%77%70%2d%63%6f%6e%74%65%6e%74\\\/uploads\\\/2022\\\/05\\\/dacff719-004d-40b8-9cc2-bda0c34251ff.jpg\",\"datePublished\":\"2022-05-17T22:28:12+00:00\",\"dateModified\":\"2022-05-17T22:41:07+00:00\",\"breadcrumb\":{\"@id\":\"https:\\\/\\\/informelitoral.com.ar\\\/cooperativa-la-ganadera-celebro-sus-70-anos-con-la-inauguracion-del-salon-cooperacion\\\/#breadcrumb\"},\"inLanguage\":\"es\",\"potentialAction\":[{\"@type\":\"ReadAction\",\"target\":[\"https:\\\/\\\/informelitoral.com.ar\\\/cooperativa-la-ganadera-celebro-sus-70-anos-con-la-inauguracion-del-salon-cooperacion\\\/\"]}]},{\"@type\":\"ImageObject\",\"inLanguage\":\"es\",\"@id\":\"https:\\\/\\\/informelitoral.com.ar\\\/cooperativa-la-ganadera-celebro-sus-70-anos-con-la-inauguracion-del-salon-cooperacion\\\/#primaryimage\",\"url\":\"https:\\\/\\\/informelitoral.com.ar\\\/%77%70%2d%63%6f%6e%74%65%6e%74\\\/uploads\\\/2022\\\/05\\\/dacff719-004d-40b8-9cc2-bda0c34251ff.jpg\",\"contentUrl\":\"https:\\\/\\\/informelitoral.com.ar\\\/%77%70%2d%63%6f%6e%74%65%6e%74\\\/uploads\\\/2022\\\/05\\\/dacff719-004d-40b8-9cc2-bda0c34251ff.jpg\",\"width\":1600,\"height\":1200},{\"@type\":\"BreadcrumbList\",\"@id\":\"https:\\\/\\\/informelitoral.com.ar\\\/cooperativa-la-ganadera-celebro-sus-70-anos-con-la-inauguracion-del-salon-cooperacion\\\/#breadcrumb\",\"itemListElement\":[{\"@type\":\"ListItem\",\"position\":1,\"name\":\"Portada\",\"item\":\"https:\\\/\\\/informelitoral.com.ar\\\/\"},{\"@type\":\"ListItem\",\"position\":2,\"name\":\"Cooperativa La Ganadera celebr\u00f3 sus 70 a\u00f1os con la inauguraci\u00f3n del Sal\u00f3n Cooperaci\u00f3n\"}]},{\"@type\":\"WebSite\",\"@id\":\"https:\\\/\\\/informelitoral.com.ar\\\/#website\",\"url\":\"https:\\\/\\\/informelitoral.com.ar\\\/\",\"name\":\"Informe Litoral\",\"description\":\"&quot;Nos informamos&quot; \",\"publisher\":{\"@id\":\"https:\\\/\\\/informelitoral.com.ar\\\/#organization\"},\"potentialAction\":[{\"@type\":\"SearchAction\",\"target\":{\"@type\":\"EntryPoint\",\"urlTemplate\":\"https:\\\/\\\/informelitoral.com.ar\\\/?s={search_term_string}\"},\"query-input\":{\"@type\":\"PropertyValueSpecification\",\"valueRequired\":true,\"valueName\":\"search_term_string\"}}],\"inLanguage\":\"es\"},{\"@type\":\"Organization\",\"@id\":\"https:\\\/\\\/informelitoral.com.ar\\\/#organization\",\"name\":\"Informe Litoral\",\"url\":\"https:\\\/\\\/informelitoral.com.ar\\\/\",\"logo\":{\"@type\":\"ImageObject\",\"inLanguage\":\"es\",\"@id\":\"https:\\\/\\\/informelitoral.com.ar\\\/#\\\/schema\\\/logo\\\/image\\\/\",\"url\":\"https:\\\/\\\/informelitoral.com.ar\\\/%77%70%2d%63%6f%6e%74%65%6e%74\\\/uploads\\\/2021\\\/01\\\/circulo.png\",\"contentUrl\":\"https:\\\/\\\/informelitoral.com.ar\\\/%77%70%2d%63%6f%6e%74%65%6e%74\\\/uploads\\\/2021\\\/01\\\/circulo.png\",\"width\":723,\"height\":731,\"caption\":\"Informe Litoral\"},\"image\":{\"@id\":\"https:\\\/\\\/informelitoral.com.ar\\\/#\\\/schema\\\/logo\\\/image\\\/\"},\"sameAs\":[\"https:\\\/\\\/www.facebook.com\\\/informelitoral\\\/\",\"https:\\\/\\\/x.com\\\/InformeLitoral\",\"https:\\\/\\\/www.instagram.com\\\/informelitoral\\\/\",\"https:\\\/\\\/www.youtube.com\\\/channel\\\/UCua4Qvz8Icb6MYqhoq9xLXw\"]},{\"@type\":\"Person\",\"@id\":\"https:\\\/\\\/informelitoral.com.ar\\\/#\\\/schema\\\/person\\\/b9d00407c836482871ef1d57bf8e3180\",\"name\":\"Gonzalo Schmidt\",\"image\":{\"@type\":\"ImageObject\",\"inLanguage\":\"es\",\"@id\":\"https:\\\/\\\/secure.gravatar.com\\\/avatar\\\/31a1a7b66ff2de83bd0e9fd79d026630d2d99e55e8bfe501287647b4fd9743de?s=96&d=mm&r=g\",\"url\":\"https:\\\/\\\/secure.gravatar.com\\\/avatar\\\/31a1a7b66ff2de83bd0e9fd79d026630d2d99e55e8bfe501287647b4fd9743de?s=96&d=mm&r=g\",\"contentUrl\":\"https:\\\/\\\/secure.gravatar.com\\\/avatar\\\/31a1a7b66ff2de83bd0e9fd79d026630d2d99e55e8bfe501287647b4fd9743de?s=96&d=mm&r=g\",\"caption\":\"Gonzalo Schmidt\"},\"description\":\"Sitio web de noticias de la provincia de Entre R\u00edos, Argentina. Informaci\u00f3n y entretenimiento. Informe Litoral, nos informamos.\",\"sameAs\":[\"http:\\\/\\\/www.isletasnoticias.com.ar\"],\"url\":\"https:\\\/\\\/informelitoral.com.ar\\\/author\\\/gonzalo\\\/\"}]}<\/script>","yoast_head_json":{"title":"Cooperativa La Ganadera celebr\u00f3 sus 70 a\u00f1os con la inauguraci\u00f3n del Sal\u00f3n Cooperaci\u00f3n - Informe Litoral","robots":{"index":"index","follow":"follow","max-snippet":"max-snippet:-1","max-image-preview":"max-image-preview:large","max-video-preview":"max-video-preview:-1"},"canonical":"https:\/\/informelitoral.com.ar\/cooperativa-la-ganadera-celebro-sus-70-anos-con-la-inauguracion-del-salon-cooperacion\/","og_locale":"es_ES","og_type":"article","og_title":"Cooperativa La Ganadera celebr\u00f3 sus 70 a\u00f1os con la inauguraci\u00f3n del Sal\u00f3n Cooperaci\u00f3n - Informe Litoral","og_description":"El acto se desarroll\u00f3 el lunes y participaron autoridades de la cooperativa, de entidades provinciales y del municipio. \u201cMe imagino un escenario futuro de crecimiento\", asegur\u00f3 el presidente, Fabi\u00e1n Leichner.","og_url":"https:\/\/informelitoral.com.ar\/cooperativa-la-ganadera-celebro-sus-70-anos-con-la-inauguracion-del-salon-cooperacion\/","og_site_name":"Informe Litoral","article_publisher":"https:\/\/www.facebook.com\/informelitoral\/","article_published_time":"2022-05-17T22:28:12+00:00","article_modified_time":"2022-05-17T22:41:07+00:00","og_image":[{"width":1600,"height":1200,"url":"https:\/\/informelitoral.com.ar\/%77%70%2d%63%6f%6e%74%65%6e%74\/uploads\/2022\/05\/dacff719-004d-40b8-9cc2-bda0c34251ff.jpg","type":"image\/jpeg"}],"author":"Gonzalo Schmidt","twitter_card":"summary_large_image","twitter_creator":"@InformeLitoral","twitter_site":"@InformeLitoral","twitter_misc":{"Escrito por":"Gonzalo Schmidt","Tiempo de lectura":"3 minutos"},"schema":{"@context":"https:\/\/schema.org","@graph":[{"@type":"Article","@id":"https:\/\/informelitoral.com.ar\/cooperativa-la-ganadera-celebro-sus-70-anos-con-la-inauguracion-del-salon-cooperacion\/#article","isPartOf":{"@id":"https:\/\/informelitoral.com.ar\/cooperativa-la-ganadera-celebro-sus-70-anos-con-la-inauguracion-del-salon-cooperacion\/"},"author":{"name":"Gonzalo Schmidt","@id":"https:\/\/informelitoral.com.ar\/#\/schema\/person\/b9d00407c836482871ef1d57bf8e3180"},"headline":"Cooperativa La Ganadera celebr\u00f3 sus 70 a\u00f1os con la inauguraci\u00f3n del Sal\u00f3n Cooperaci\u00f3n","datePublished":"2022-05-17T22:28:12+00:00","dateModified":"2022-05-17T22:41:07+00:00","mainEntityOfPage":{"@id":"https:\/\/informelitoral.com.ar\/cooperativa-la-ganadera-celebro-sus-70-anos-con-la-inauguracion-del-salon-cooperacion\/"},"wordCount":639,"commentCount":0,"publisher":{"@id":"https:\/\/informelitoral.com.ar\/#organization"},"image":{"@id":"https:\/\/informelitoral.com.ar\/cooperativa-la-ganadera-celebro-sus-70-anos-con-la-inauguracion-del-salon-cooperacion\/#primaryimage"},"thumbnailUrl":"https:\/\/informelitoral.com.ar\/%77%70%2d%63%6f%6e%74%65%6e%74\/uploads\/2022\/05\/dacff719-004d-40b8-9cc2-bda0c34251ff.jpg","keywords":["Aniversario","Cooperativa","La Ganadera","Ram\u00edrez"],"articleSection":["Campo"],"inLanguage":"es","potentialAction":[{"@type":"CommentAction","name":"Comment","target":["https:\/\/informelitoral.com.ar\/cooperativa-la-ganadera-celebro-sus-70-anos-con-la-inauguracion-del-salon-cooperacion\/#respond"]}]},{"@type":"WebPage","@id":"https:\/\/informelitoral.com.ar\/cooperativa-la-ganadera-celebro-sus-70-anos-con-la-inauguracion-del-salon-cooperacion\/","url":"https:\/\/informelitoral.com.ar\/cooperativa-la-ganadera-celebro-sus-70-anos-con-la-inauguracion-del-salon-cooperacion\/","name":"Cooperativa La Ganadera celebr\u00f3 sus 70 a\u00f1os con la inauguraci\u00f3n del Sal\u00f3n Cooperaci\u00f3n - Informe Litoral","isPartOf":{"@id":"https:\/\/informelitoral.com.ar\/#website"},"primaryImageOfPage":{"@id":"https:\/\/informelitoral.com.ar\/cooperativa-la-ganadera-celebro-sus-70-anos-con-la-inauguracion-del-salon-cooperacion\/#primaryimage"},"image":{"@id":"https:\/\/informelitoral.com.ar\/cooperativa-la-ganadera-celebro-sus-70-anos-con-la-inauguracion-del-salon-cooperacion\/#primaryimage"},"thumbnailUrl":"https:\/\/informelitoral.com.ar\/%77%70%2d%63%6f%6e%74%65%6e%74\/uploads\/2022\/05\/dacff719-004d-40b8-9cc2-bda0c34251ff.jpg","datePublished":"2022-05-17T22:28:12+00:00","dateModified":"2022-05-17T22:41:07+00:00","breadcrumb":{"@id":"https:\/\/informelitoral.com.ar\/cooperativa-la-ganadera-celebro-sus-70-anos-con-la-inauguracion-del-salon-cooperacion\/#breadcrumb"},"inLanguage":"es","potentialAction":[{"@type":"ReadAction","target":["https:\/\/informelitoral.com.ar\/cooperativa-la-ganadera-celebro-sus-70-anos-con-la-inauguracion-del-salon-cooperacion\/"]}]},{"@type":"ImageObject","inLanguage":"es","@id":"https:\/\/informelitoral.com.ar\/cooperativa-la-ganadera-celebro-sus-70-anos-con-la-inauguracion-del-salon-cooperacion\/#primaryimage","url":"https:\/\/informelitoral.com.ar\/%77%70%2d%63%6f%6e%74%65%6e%74\/uploads\/2022\/05\/dacff719-004d-40b8-9cc2-bda0c34251ff.jpg","contentUrl":"https:\/\/informelitoral.com.ar\/%77%70%2d%63%6f%6e%74%65%6e%74\/uploads\/2022\/05\/dacff719-004d-40b8-9cc2-bda0c34251ff.jpg","width":1600,"height":1200},{"@type":"BreadcrumbList","@id":"https:\/\/informelitoral.com.ar\/cooperativa-la-ganadera-celebro-sus-70-anos-con-la-inauguracion-del-salon-cooperacion\/#breadcrumb","itemListElement":[{"@type":"ListItem","position":1,"name":"Portada","item":"https:\/\/informelitoral.com.ar\/"},{"@type":"ListItem","position":2,"name":"Cooperativa La Ganadera celebr\u00f3 sus 70 a\u00f1os con la inauguraci\u00f3n del Sal\u00f3n Cooperaci\u00f3n"}]},{"@type":"WebSite","@id":"https:\/\/informelitoral.com.ar\/#website","url":"https:\/\/informelitoral.com.ar\/","name":"Informe Litoral","description":"&quot;Nos informamos&quot; ","publisher":{"@id":"https:\/\/informelitoral.com.ar\/#organization"},"potentialAction":[{"@type":"SearchAction","target":{"@type":"EntryPoint","urlTemplate":"https:\/\/informelitoral.com.ar\/?s={search_term_string}"},"query-input":{"@type":"PropertyValueSpecification","valueRequired":true,"valueName":"search_term_string"}}],"inLanguage":"es"},{"@type":"Organization","@id":"https:\/\/informelitoral.com.ar\/#organization","name":"Informe Litoral","url":"https:\/\/informelitoral.com.ar\/","logo":{"@type":"ImageObject","inLanguage":"es","@id":"https:\/\/informelitoral.com.ar\/#\/schema\/logo\/image\/","url":"https:\/\/informelitoral.com.ar\/%77%70%2d%63%6f%6e%74%65%6e%74\/uploads\/2021\/01\/circulo.png","contentUrl":"https:\/\/informelitoral.com.ar\/%77%70%2d%63%6f%6e%74%65%6e%74\/uploads\/2021\/01\/circulo.png","width":723,"height":731,"caption":"Informe Litoral"},"image":{"@id":"https:\/\/informelitoral.com.ar\/#\/schema\/logo\/image\/"},"sameAs":["https:\/\/www.facebook.com\/informelitoral\/","https:\/\/x.com\/InformeLitoral","https:\/\/www.instagram.com\/informelitoral\/","https:\/\/www.youtube.com\/channel\/UCua4Qvz8Icb6MYqhoq9xLXw"]},{"@type":"Person","@id":"https:\/\/informelitoral.com.ar\/#\/schema\/person\/b9d00407c836482871ef1d57bf8e3180","name":"Gonzalo Schmidt","image":{"@type":"ImageObject","inLanguage":"es","@id":"https:\/\/secure.gravatar.com\/avatar\/31a1a7b66ff2de83bd0e9fd79d026630d2d99e55e8bfe501287647b4fd9743de?s=96&d=mm&r=g","url":"https:\/\/secure.gravatar.com\/avatar\/31a1a7b66ff2de83bd0e9fd79d026630d2d99e55e8bfe501287647b4fd9743de?s=96&d=mm&r=g","contentUrl":"https:\/\/secure.gravatar.com\/avatar\/31a1a7b66ff2de83bd0e9fd79d026630d2d99e55e8bfe501287647b4fd9743de?s=96&d=mm&r=g","caption":"Gonzalo Schmidt"},"description":"Sitio web de noticias de la provincia de Entre R\u00edos, Argentina. Informaci\u00f3n y entretenimiento. Informe Litoral, nos informamos.","sameAs":["http:\/\/www.isletasnoticias.com.ar"],"url":"https:\/\/informelitoral.com.ar\/author\/gonzalo\/"}]}},"_links":{"self":[{"href":"https:\/\/informelitoral.com.ar\/%77%70%2d%6a%73%6f%6e\/wp\/v2\/posts\/77834","targetHints":{"allow":["GET"]}}],"collection":[{"href":"https:\/\/informelitoral.com.ar\/%77%70%2d%6a%73%6f%6e\/wp\/v2\/posts"}],"about":[{"href":"https:\/\/informelitoral.com.ar\/%77%70%2d%6a%73%6f%6e\/wp\/v2\/types\/post"}],"author":[{"embeddable":true,"href":"https:\/\/informelitoral.com.ar\/%77%70%2d%6a%73%6f%6e\/wp\/v2\/users\/2"}],"replies":[{"embeddable":true,"href":"https:\/\/informelitoral.com.ar\/%77%70%2d%6a%73%6f%6e\/wp\/v2\/comments?post=77834"}],"version-history":[{"count":0,"href":"https:\/\/informelitoral.com.ar\/%77%70%2d%6a%73%6f%6e\/wp\/v2\/posts\/77834\/revisions"}],"wp:featuredmedia":[{"embeddable":true,"href":"https:\/\/informelitoral.com.ar\/%77%70%2d%6a%73%6f%6e\/wp\/v2\/media\/77846"}],"wp:attachment":[{"href":"https:\/\/informelitoral.com.ar\/%77%70%2d%6a%73%6f%6e\/wp\/v2\/media?parent=77834"}],"wp:term":[{"taxonomy":"category","embeddable":true,"href":"https:\/\/informelitoral.com.ar\/%77%70%2d%6a%73%6f%6e\/wp\/v2\/categories?post=77834"},{"taxonomy":"post_tag","embeddable":true,"href":"https:\/\/informelitoral.com.ar\/%77%70%2d%6a%73%6f%6e\/wp\/v2\/tags?post=77834"}],"curies":[{"name":"wp","href":"https:\/\/api.w.org\/{rel}","templated":true}]}}