{"id":77755,"date":"2022-05-16T21:40:05","date_gmt":"2022-05-17T00:40:05","guid":{"rendered":"https:\/\/www.informelitoral.com.ar\/?p=77755"},"modified":"2022-05-16T21:40:05","modified_gmt":"2022-05-17T00:40:05","slug":"tristeza-en-general-ramirez-tras-el-tragico-accidente-en-la-ruta-12","status":"publish","type":"post","link":"https:\/\/informelitoral.com.ar\/tristeza-en-general-ramirez-tras-el-tragico-accidente-en-la-ruta-12\/","title":{"rendered":"Tristeza en General Ram\u00edrez tras el tr\u00e1gico accidente en la Ruta 12"},"content":{"rendered":"<p><b>Ivo Dan Max Herdel, de 24 a\u00f1os, y Griselda Eberhardt, de 42, perdieron la vida este fin de semana como consecuencia de un choque frontal sobre Ruta 12,<\/b> a la altura de la rotonda de Crespo. Ambas v\u00edctimas fatales eran oriundas de General Ram\u00edrez, por lo que la tragedia vial impact\u00f3 con fuerza en la localidad.<\/p>\n<p><b>Herdel ten\u00eda tan solo 24 a\u00f1os y toda una vida por delante<\/b>; fueron sus amigos los que utilizaron las redes sociales para despedirlos con desconsolados mensajes, entre estos, el piloto Ayrton Londero.<\/p>\n<figure class=\"embed\"><img decoding=\"async\" title=\"\" src=\"https:\/\/elonce-media.elonce.com\/fotos-nuevo\/2022\/05\/16\/o_1652712974.jpg\" alt=\"\" width=\"640\" \/><\/figure>\n<p><b>Eberhardt, en tanto, era madre de dos hijos peque\u00f1os y reconocida en la comunidad<\/b>\u00a0por sus actividades en el Club Atl\u00e9tico y Deportivo Roma donde se desempe\u00f1aba como secretaria.<\/p>\n<p>\u201cEl Club Deportivo Nobleza acompa\u00f1a a familiares y al Club Atl\u00e9tico y Deportivo Roma ante el fallecimiento de su secretaria Griselda Eberhardt. Que brille para Griselda la luz que no tiene fin\u201d, fue el mensaje que poste\u00f3 la entidad deportiva.<\/p>\n<figure class=\"embed\"><img decoding=\"async\" title=\"\" src=\"https:\/\/elonce-media.elonce.com\/fotos-nuevo\/2022\/05\/16\/o_1652713061.jpg\" alt=\"\" width=\"640\" \/><\/figure>\n<p>La comunidad educativa de la Escuela N\u00ba 57, Maestro L Cardozo tambi\u00e9n hizo llegar sus condolencias y acompa\u00f1\u00f3 en el dolor a familiares y amigos del joven Ivo Dan Max Herdel, quien fuera ex alumno de la instituci\u00f3n; como as\u00ed tambi\u00e9n a la familia de Griselda Eberhardt. \u201cQue en Paz descansen y Brille para Ellos la Luz que no tiene fin\u201d, se\u00f1alaron a trav\u00e9s de un comunicado.<\/p>\n<div class=\"embed\">\n<div class=\"inner-art\">\n<div class=\"clear\"><\/div>\n<\/div>\n<\/div>\n<p><i>Elonce\u00a0<\/i>rescat\u00f3 un mensaje que dej\u00f3 una vecina para despedir a las dos v\u00edctimas del tr\u00e1gico accidente, al que titul\u00f3:\u00a0<b>\u201cAl golpe m\u00e1s duro lo da la muerte\u201d:<\/b><\/p>\n<p><i>El dolor de todos es grande, y no hay palabras que brinden consuelo en estos momentos, solo podemos hacerles sentir que los apreciamos mucho&#8230;ellos hoy necesitan de cada uno de nosotros.<\/p>\n<p>La familia necesita nuestras oraciones. Elev\u00e9moslas a Dios para que les brinde consuelo en estos momentos tan dif\u00edciles.<\/p>\n<p>Dios conoce el dolor que produce la muerte, pues \u00e9l vio morir a su propio Hijo clavado en la cruz. Dios derrama l\u00e1grimas con los que lloran la partida de un ser querido. Dios recibe en sus brazos a los que parten\u2026 a su vez abraza fuerte y consuela a los que quedan.<\/p>\n<p>La muerte es un trago amargo, pero solamente es ausentarse del cuerpo mortal para presentarse al Se\u00f1or.<\/i><\/p>\n<figure class=\"embed\"><img decoding=\"async\" title=\"\" src=\"https:\/\/elonce-media.elonce.com\/fotos-nuevo\/2022\/05\/16\/o_1652713376.jpg\" alt=\"\" width=\"640\" \/><\/figure>\n<p><i>Hoy recib\u00ed estas palabras las que comparto con ustedes en donde Estela dice: Querida Amalia, hoy me falta la luz, estoy sumergida en un valle de tinieblas, por m\u00e1s que quiero no encuentro consuelo, me acuerdo de vos en todo momento, mi nieto mayor Dios se lo llev\u00f3 a su lado, un terrible accidente.<\/p>\n<p>Jes\u00fas dice: \u201cYo soy la resurrecci\u00f3n y la vida. El que cree en mi vivir\u00e1, aunque muera; y todo el que vive y cree en m\u00ed no morir\u00e1 jam\u00e1s \u00bfCrees esto? (Juan 11:25-26)<\/p>\n<p>Tambi\u00e9n leemos en (Romanos 14,8): \u201cSi vivimos, para el Se\u00f1or vivimos; y si morimos, para el Se\u00f1or morimos. De manera que, tanto en la vida como en la muerte, del Se\u00f1or somos.<\/p>\n<p>Recib\u00ed de mi amiga esta foto la cual comparto con ustedes, pues este es su deseo&#8230;<\/p>\n<p>Oremos por todos los que lloran en este d\u00eda la partida de un ser querido\u2026Estela nos necesita y la familia de Griselda tambi\u00e9n.<\/i><\/p>\n<p><b>Motor a metros del auto, droga incautada y m\u00e1s detalles<\/b><\/p>\n<p>Colisionaron un Toyota Corolla conducido por un joven de 24 a\u00f1os de edad y oriundo de General Ram\u00edrez; y un Ford Focus en el que viajaba una pareja -un hombre de 44 a\u00f1os y una mujer de 42-, tambi\u00e9n radicados en la misma localidad.<\/p>\n<p>Como consecuencia del siniestro, que se registr\u00f3 alrededor de las 23 de este s\u00e1bado, se lament\u00f3 la p\u00e9rdida de la vida de la mujer de 42 a\u00f1os, que viajaba como acompa\u00f1ante del autom\u00f3vil Focus, y la del conductor del Corolla, de 24 a\u00f1os. De acuerdo a los datos a los que accedi\u00f3 Elonce, las v\u00edctimas fueron identificadas como Griselda Eberhardt e Ivo Dan Max Herdel, ambos de la localidad de General Ram\u00edrez.<\/p>\n<figure class=\"embed\"><img decoding=\"async\" title=\"\" src=\"https:\/\/elonce-media.elonce.com\/fotos-nuevo\/2022\/05\/15\/o_1652609679.jpg\" alt=\"\" width=\"640\" \/><\/figure>\n<p>En tanto, el conductor del Ford Focus, Sergio Rolando Gross, de 44 a\u00f1os, debi\u00f3 ser trasladado a Cl\u00ednica Parque de Crespo con lesiones leves; tras la mejor\u00eda de algunas heridas de menor consideraci\u00f3n, sumado a los buenos resultados obtenidos en la pr\u00e1ctica de estudios complejos, amerit\u00f3 que fuera dado de alta.<\/p>\n<p>En tanto, en el lugar del accidente, tambi\u00e9n intervino personal de Toxicolog\u00eda, ya que se detect\u00f3 en el Toyota un frasco de vidrio con restos de Cannabis Sativa. \u201cSe practicaron los reactivos de campo y se procedi\u00f3 al secuestro de 25 gramos de dicho resto vegetal\u00bb. <em>(Con informaci\u00f3n de Elonce.com)<\/em><\/p>\n","protected":false},"excerpt":{"rendered":"<p>Familiares, amigos e instituciones relacionadas con las dos v\u00edctimas fatales se expresaron a trav\u00e9s de las redes sociales. Ivo Dan Max Herdel, de 24 a\u00f1os, y Griselda Eberhardt, de 42, perdieron la vida en un choque cerca de Crespo.<\/p>\n","protected":false},"author":2,"featured_media":77756,"comment_status":"open","ping_status":"open","sticky":false,"template":"","format":"standard","meta":{"fifu_image_url":"","fifu_image_alt":"","footnotes":""},"categories":[14],"tags":[2978,304,556,27,305],"class_list":{"0":"post-77755","1":"post","2":"type-post","3":"status-publish","4":"format-standard","5":"has-post-thumbnail","7":"category-policiales","8":"tag-accidente-de-transito","9":"tag-accidente-vial","10":"tag-general-ramirez","11":"tag-ramirez","12":"tag-ruta-12"},"yoast_head":"<title>Tristeza en General Ram\u00edrez tras el tr\u00e1gico accidente en la Ruta 12 - Informe Litoral<\/title>\n<meta name=\"robots\" content=\"index, follow, max-snippet:-1, max-image-preview:large, max-video-preview:-1\" \/>\n<link rel=\"canonical\" href=\"https:\/\/informelitoral.com.ar\/tristeza-en-general-ramirez-tras-el-tragico-accidente-en-la-ruta-12\/\" \/>\n<meta property=\"og:locale\" content=\"es_ES\" \/>\n<meta property=\"og:type\" content=\"article\" \/>\n<meta property=\"og:title\" content=\"Tristeza en General Ram\u00edrez tras el tr\u00e1gico accidente en la Ruta 12 - Informe Litoral\" \/>\n<meta property=\"og:description\" content=\"Familiares, amigos e instituciones relacionadas con las dos v\u00edctimas fatales se expresaron a trav\u00e9s de las redes sociales. Ivo Dan Max Herdel, de 24 a\u00f1os, y Griselda Eberhardt, de 42, perdieron la vida en un choque cerca de Crespo.\" \/>\n<meta property=\"og:url\" content=\"https:\/\/informelitoral.com.ar\/tristeza-en-general-ramirez-tras-el-tragico-accidente-en-la-ruta-12\/\" \/>\n<meta property=\"og:site_name\" content=\"Informe Litoral\" \/>\n<meta property=\"article:publisher\" content=\"https:\/\/www.facebook.com\/informelitoral\/\" \/>\n<meta property=\"article:published_time\" content=\"2022-05-17T00:40:05+00:00\" \/>\n<meta property=\"og:image\" content=\"https:\/\/informelitoral.com.ar\/%77%70%2d%63%6f%6e%74%65%6e%74\/uploads\/2022\/05\/o_1652712356.jpg\" \/>\n\t<meta property=\"og:image:width\" content=\"800\" \/>\n\t<meta property=\"og:image:height\" content=\"450\" \/>\n\t<meta property=\"og:image:type\" content=\"image\/jpeg\" \/>\n<meta name=\"author\" content=\"Gonzalo Schmidt\" \/>\n<meta name=\"twitter:card\" content=\"summary_large_image\" \/>\n<meta name=\"twitter:creator\" content=\"@InformeLitoral\" \/>\n<meta name=\"twitter:site\" content=\"@InformeLitoral\" \/>\n<meta name=\"twitter:label1\" content=\"Escrito por\" \/>\n\t<meta name=\"twitter:data1\" content=\"Gonzalo Schmidt\" \/>\n\t<meta name=\"twitter:label2\" content=\"Tiempo de lectura\" \/>\n\t<meta name=\"twitter:data2\" content=\"4 minutos\" \/>\n<script type=\"application\/ld+json\" class=\"yoast-schema-graph\">{\"@context\":\"https:\\\/\\\/schema.org\",\"@graph\":[{\"@type\":\"Article\",\"@id\":\"https:\\\/\\\/informelitoral.com.ar\\\/tristeza-en-general-ramirez-tras-el-tragico-accidente-en-la-ruta-12\\\/#article\",\"isPartOf\":{\"@id\":\"https:\\\/\\\/informelitoral.com.ar\\\/tristeza-en-general-ramirez-tras-el-tragico-accidente-en-la-ruta-12\\\/\"},\"author\":{\"name\":\"Gonzalo Schmidt\",\"@id\":\"https:\\\/\\\/informelitoral.com.ar\\\/#\\\/schema\\\/person\\\/b9d00407c836482871ef1d57bf8e3180\"},\"headline\":\"Tristeza en General Ram\u00edrez tras el tr\u00e1gico accidente en la Ruta 12\",\"datePublished\":\"2022-05-17T00:40:05+00:00\",\"mainEntityOfPage\":{\"@id\":\"https:\\\/\\\/informelitoral.com.ar\\\/tristeza-en-general-ramirez-tras-el-tragico-accidente-en-la-ruta-12\\\/\"},\"wordCount\":812,\"commentCount\":0,\"publisher\":{\"@id\":\"https:\\\/\\\/informelitoral.com.ar\\\/#organization\"},\"image\":{\"@id\":\"https:\\\/\\\/informelitoral.com.ar\\\/tristeza-en-general-ramirez-tras-el-tragico-accidente-en-la-ruta-12\\\/#primaryimage\"},\"thumbnailUrl\":\"https:\\\/\\\/informelitoral.com.ar\\\/%77%70%2d%63%6f%6e%74%65%6e%74\\\/uploads\\\/2022\\\/05\\\/o_1652712356.jpg\",\"keywords\":[\"Accidente de tr\u00e1nsito\",\"Accidente vial\",\"General Ram\u00edrez\",\"Ram\u00edrez\",\"Ruta 12\"],\"articleSection\":[\"Policiales\"],\"inLanguage\":\"es\",\"potentialAction\":[{\"@type\":\"CommentAction\",\"name\":\"Comment\",\"target\":[\"https:\\\/\\\/informelitoral.com.ar\\\/tristeza-en-general-ramirez-tras-el-tragico-accidente-en-la-ruta-12\\\/#respond\"]}]},{\"@type\":\"WebPage\",\"@id\":\"https:\\\/\\\/informelitoral.com.ar\\\/tristeza-en-general-ramirez-tras-el-tragico-accidente-en-la-ruta-12\\\/\",\"url\":\"https:\\\/\\\/informelitoral.com.ar\\\/tristeza-en-general-ramirez-tras-el-tragico-accidente-en-la-ruta-12\\\/\",\"name\":\"Tristeza en General Ram\u00edrez tras el tr\u00e1gico accidente en la Ruta 12 - Informe Litoral\",\"isPartOf\":{\"@id\":\"https:\\\/\\\/informelitoral.com.ar\\\/#website\"},\"primaryImageOfPage\":{\"@id\":\"https:\\\/\\\/informelitoral.com.ar\\\/tristeza-en-general-ramirez-tras-el-tragico-accidente-en-la-ruta-12\\\/#primaryimage\"},\"image\":{\"@id\":\"https:\\\/\\\/informelitoral.com.ar\\\/tristeza-en-general-ramirez-tras-el-tragico-accidente-en-la-ruta-12\\\/#primaryimage\"},\"thumbnailUrl\":\"https:\\\/\\\/informelitoral.com.ar\\\/%77%70%2d%63%6f%6e%74%65%6e%74\\\/uploads\\\/2022\\\/05\\\/o_1652712356.jpg\",\"datePublished\":\"2022-05-17T00:40:05+00:00\",\"breadcrumb\":{\"@id\":\"https:\\\/\\\/informelitoral.com.ar\\\/tristeza-en-general-ramirez-tras-el-tragico-accidente-en-la-ruta-12\\\/#breadcrumb\"},\"inLanguage\":\"es\",\"potentialAction\":[{\"@type\":\"ReadAction\",\"target\":[\"https:\\\/\\\/informelitoral.com.ar\\\/tristeza-en-general-ramirez-tras-el-tragico-accidente-en-la-ruta-12\\\/\"]}]},{\"@type\":\"ImageObject\",\"inLanguage\":\"es\",\"@id\":\"https:\\\/\\\/informelitoral.com.ar\\\/tristeza-en-general-ramirez-tras-el-tragico-accidente-en-la-ruta-12\\\/#primaryimage\",\"url\":\"https:\\\/\\\/informelitoral.com.ar\\\/%77%70%2d%63%6f%6e%74%65%6e%74\\\/uploads\\\/2022\\\/05\\\/o_1652712356.jpg\",\"contentUrl\":\"https:\\\/\\\/informelitoral.com.ar\\\/%77%70%2d%63%6f%6e%74%65%6e%74\\\/uploads\\\/2022\\\/05\\\/o_1652712356.jpg\",\"width\":800,\"height\":450},{\"@type\":\"BreadcrumbList\",\"@id\":\"https:\\\/\\\/informelitoral.com.ar\\\/tristeza-en-general-ramirez-tras-el-tragico-accidente-en-la-ruta-12\\\/#breadcrumb\",\"itemListElement\":[{\"@type\":\"ListItem\",\"position\":1,\"name\":\"Portada\",\"item\":\"https:\\\/\\\/informelitoral.com.ar\\\/\"},{\"@type\":\"ListItem\",\"position\":2,\"name\":\"Tristeza en General Ram\u00edrez tras el tr\u00e1gico accidente en la Ruta 12\"}]},{\"@type\":\"WebSite\",\"@id\":\"https:\\\/\\\/informelitoral.com.ar\\\/#website\",\"url\":\"https:\\\/\\\/informelitoral.com.ar\\\/\",\"name\":\"Informe Litoral\",\"description\":\"&quot;Nos informamos&quot; \",\"publisher\":{\"@id\":\"https:\\\/\\\/informelitoral.com.ar\\\/#organization\"},\"potentialAction\":[{\"@type\":\"SearchAction\",\"target\":{\"@type\":\"EntryPoint\",\"urlTemplate\":\"https:\\\/\\\/informelitoral.com.ar\\\/?s={search_term_string}\"},\"query-input\":{\"@type\":\"PropertyValueSpecification\",\"valueRequired\":true,\"valueName\":\"search_term_string\"}}],\"inLanguage\":\"es\"},{\"@type\":\"Organization\",\"@id\":\"https:\\\/\\\/informelitoral.com.ar\\\/#organization\",\"name\":\"Informe Litoral\",\"url\":\"https:\\\/\\\/informelitoral.com.ar\\\/\",\"logo\":{\"@type\":\"ImageObject\",\"inLanguage\":\"es\",\"@id\":\"https:\\\/\\\/informelitoral.com.ar\\\/#\\\/schema\\\/logo\\\/image\\\/\",\"url\":\"https:\\\/\\\/informelitoral.com.ar\\\/%77%70%2d%63%6f%6e%74%65%6e%74\\\/uploads\\\/2021\\\/01\\\/circulo.png\",\"contentUrl\":\"https:\\\/\\\/informelitoral.com.ar\\\/%77%70%2d%63%6f%6e%74%65%6e%74\\\/uploads\\\/2021\\\/01\\\/circulo.png\",\"width\":723,\"height\":731,\"caption\":\"Informe Litoral\"},\"image\":{\"@id\":\"https:\\\/\\\/informelitoral.com.ar\\\/#\\\/schema\\\/logo\\\/image\\\/\"},\"sameAs\":[\"https:\\\/\\\/www.facebook.com\\\/informelitoral\\\/\",\"https:\\\/\\\/x.com\\\/InformeLitoral\",\"https:\\\/\\\/www.instagram.com\\\/informelitoral\\\/\",\"https:\\\/\\\/www.youtube.com\\\/channel\\\/UCua4Qvz8Icb6MYqhoq9xLXw\"]},{\"@type\":\"Person\",\"@id\":\"https:\\\/\\\/informelitoral.com.ar\\\/#\\\/schema\\\/person\\\/b9d00407c836482871ef1d57bf8e3180\",\"name\":\"Gonzalo Schmidt\",\"image\":{\"@type\":\"ImageObject\",\"inLanguage\":\"es\",\"@id\":\"https:\\\/\\\/secure.gravatar.com\\\/avatar\\\/31a1a7b66ff2de83bd0e9fd79d026630d2d99e55e8bfe501287647b4fd9743de?s=96&d=mm&r=g\",\"url\":\"https:\\\/\\\/secure.gravatar.com\\\/avatar\\\/31a1a7b66ff2de83bd0e9fd79d026630d2d99e55e8bfe501287647b4fd9743de?s=96&d=mm&r=g\",\"contentUrl\":\"https:\\\/\\\/secure.gravatar.com\\\/avatar\\\/31a1a7b66ff2de83bd0e9fd79d026630d2d99e55e8bfe501287647b4fd9743de?s=96&d=mm&r=g\",\"caption\":\"Gonzalo Schmidt\"},\"description\":\"Sitio web de noticias de la provincia de Entre R\u00edos, Argentina. Informaci\u00f3n y entretenimiento. Informe Litoral, nos informamos.\",\"sameAs\":[\"http:\\\/\\\/www.isletasnoticias.com.ar\"],\"url\":\"https:\\\/\\\/informelitoral.com.ar\\\/author\\\/gonzalo\\\/\"}]}<\/script>","yoast_head_json":{"title":"Tristeza en General Ram\u00edrez tras el tr\u00e1gico accidente en la Ruta 12 - Informe Litoral","robots":{"index":"index","follow":"follow","max-snippet":"max-snippet:-1","max-image-preview":"max-image-preview:large","max-video-preview":"max-video-preview:-1"},"canonical":"https:\/\/informelitoral.com.ar\/tristeza-en-general-ramirez-tras-el-tragico-accidente-en-la-ruta-12\/","og_locale":"es_ES","og_type":"article","og_title":"Tristeza en General Ram\u00edrez tras el tr\u00e1gico accidente en la Ruta 12 - Informe Litoral","og_description":"Familiares, amigos e instituciones relacionadas con las dos v\u00edctimas fatales se expresaron a trav\u00e9s de las redes sociales. Ivo Dan Max Herdel, de 24 a\u00f1os, y Griselda Eberhardt, de 42, perdieron la vida en un choque cerca de Crespo.","og_url":"https:\/\/informelitoral.com.ar\/tristeza-en-general-ramirez-tras-el-tragico-accidente-en-la-ruta-12\/","og_site_name":"Informe Litoral","article_publisher":"https:\/\/www.facebook.com\/informelitoral\/","article_published_time":"2022-05-17T00:40:05+00:00","og_image":[{"width":800,"height":450,"url":"https:\/\/informelitoral.com.ar\/%77%70%2d%63%6f%6e%74%65%6e%74\/uploads\/2022\/05\/o_1652712356.jpg","type":"image\/jpeg"}],"author":"Gonzalo Schmidt","twitter_card":"summary_large_image","twitter_creator":"@InformeLitoral","twitter_site":"@InformeLitoral","twitter_misc":{"Escrito por":"Gonzalo Schmidt","Tiempo de lectura":"4 minutos"},"schema":{"@context":"https:\/\/schema.org","@graph":[{"@type":"Article","@id":"https:\/\/informelitoral.com.ar\/tristeza-en-general-ramirez-tras-el-tragico-accidente-en-la-ruta-12\/#article","isPartOf":{"@id":"https:\/\/informelitoral.com.ar\/tristeza-en-general-ramirez-tras-el-tragico-accidente-en-la-ruta-12\/"},"author":{"name":"Gonzalo Schmidt","@id":"https:\/\/informelitoral.com.ar\/#\/schema\/person\/b9d00407c836482871ef1d57bf8e3180"},"headline":"Tristeza en General Ram\u00edrez tras el tr\u00e1gico accidente en la Ruta 12","datePublished":"2022-05-17T00:40:05+00:00","mainEntityOfPage":{"@id":"https:\/\/informelitoral.com.ar\/tristeza-en-general-ramirez-tras-el-tragico-accidente-en-la-ruta-12\/"},"wordCount":812,"commentCount":0,"publisher":{"@id":"https:\/\/informelitoral.com.ar\/#organization"},"image":{"@id":"https:\/\/informelitoral.com.ar\/tristeza-en-general-ramirez-tras-el-tragico-accidente-en-la-ruta-12\/#primaryimage"},"thumbnailUrl":"https:\/\/informelitoral.com.ar\/%77%70%2d%63%6f%6e%74%65%6e%74\/uploads\/2022\/05\/o_1652712356.jpg","keywords":["Accidente de tr\u00e1nsito","Accidente vial","General Ram\u00edrez","Ram\u00edrez","Ruta 12"],"articleSection":["Policiales"],"inLanguage":"es","potentialAction":[{"@type":"CommentAction","name":"Comment","target":["https:\/\/informelitoral.com.ar\/tristeza-en-general-ramirez-tras-el-tragico-accidente-en-la-ruta-12\/#respond"]}]},{"@type":"WebPage","@id":"https:\/\/informelitoral.com.ar\/tristeza-en-general-ramirez-tras-el-tragico-accidente-en-la-ruta-12\/","url":"https:\/\/informelitoral.com.ar\/tristeza-en-general-ramirez-tras-el-tragico-accidente-en-la-ruta-12\/","name":"Tristeza en General Ram\u00edrez tras el tr\u00e1gico accidente en la Ruta 12 - Informe Litoral","isPartOf":{"@id":"https:\/\/informelitoral.com.ar\/#website"},"primaryImageOfPage":{"@id":"https:\/\/informelitoral.com.ar\/tristeza-en-general-ramirez-tras-el-tragico-accidente-en-la-ruta-12\/#primaryimage"},"image":{"@id":"https:\/\/informelitoral.com.ar\/tristeza-en-general-ramirez-tras-el-tragico-accidente-en-la-ruta-12\/#primaryimage"},"thumbnailUrl":"https:\/\/informelitoral.com.ar\/%77%70%2d%63%6f%6e%74%65%6e%74\/uploads\/2022\/05\/o_1652712356.jpg","datePublished":"2022-05-17T00:40:05+00:00","breadcrumb":{"@id":"https:\/\/informelitoral.com.ar\/tristeza-en-general-ramirez-tras-el-tragico-accidente-en-la-ruta-12\/#breadcrumb"},"inLanguage":"es","potentialAction":[{"@type":"ReadAction","target":["https:\/\/informelitoral.com.ar\/tristeza-en-general-ramirez-tras-el-tragico-accidente-en-la-ruta-12\/"]}]},{"@type":"ImageObject","inLanguage":"es","@id":"https:\/\/informelitoral.com.ar\/tristeza-en-general-ramirez-tras-el-tragico-accidente-en-la-ruta-12\/#primaryimage","url":"https:\/\/informelitoral.com.ar\/%77%70%2d%63%6f%6e%74%65%6e%74\/uploads\/2022\/05\/o_1652712356.jpg","contentUrl":"https:\/\/informelitoral.com.ar\/%77%70%2d%63%6f%6e%74%65%6e%74\/uploads\/2022\/05\/o_1652712356.jpg","width":800,"height":450},{"@type":"BreadcrumbList","@id":"https:\/\/informelitoral.com.ar\/tristeza-en-general-ramirez-tras-el-tragico-accidente-en-la-ruta-12\/#breadcrumb","itemListElement":[{"@type":"ListItem","position":1,"name":"Portada","item":"https:\/\/informelitoral.com.ar\/"},{"@type":"ListItem","position":2,"name":"Tristeza en General Ram\u00edrez tras el tr\u00e1gico accidente en la Ruta 12"}]},{"@type":"WebSite","@id":"https:\/\/informelitoral.com.ar\/#website","url":"https:\/\/informelitoral.com.ar\/","name":"Informe Litoral","description":"&quot;Nos informamos&quot; ","publisher":{"@id":"https:\/\/informelitoral.com.ar\/#organization"},"potentialAction":[{"@type":"SearchAction","target":{"@type":"EntryPoint","urlTemplate":"https:\/\/informelitoral.com.ar\/?s={search_term_string}"},"query-input":{"@type":"PropertyValueSpecification","valueRequired":true,"valueName":"search_term_string"}}],"inLanguage":"es"},{"@type":"Organization","@id":"https:\/\/informelitoral.com.ar\/#organization","name":"Informe Litoral","url":"https:\/\/informelitoral.com.ar\/","logo":{"@type":"ImageObject","inLanguage":"es","@id":"https:\/\/informelitoral.com.ar\/#\/schema\/logo\/image\/","url":"https:\/\/informelitoral.com.ar\/%77%70%2d%63%6f%6e%74%65%6e%74\/uploads\/2021\/01\/circulo.png","contentUrl":"https:\/\/informelitoral.com.ar\/%77%70%2d%63%6f%6e%74%65%6e%74\/uploads\/2021\/01\/circulo.png","width":723,"height":731,"caption":"Informe Litoral"},"image":{"@id":"https:\/\/informelitoral.com.ar\/#\/schema\/logo\/image\/"},"sameAs":["https:\/\/www.facebook.com\/informelitoral\/","https:\/\/x.com\/InformeLitoral","https:\/\/www.instagram.com\/informelitoral\/","https:\/\/www.youtube.com\/channel\/UCua4Qvz8Icb6MYqhoq9xLXw"]},{"@type":"Person","@id":"https:\/\/informelitoral.com.ar\/#\/schema\/person\/b9d00407c836482871ef1d57bf8e3180","name":"Gonzalo Schmidt","image":{"@type":"ImageObject","inLanguage":"es","@id":"https:\/\/secure.gravatar.com\/avatar\/31a1a7b66ff2de83bd0e9fd79d026630d2d99e55e8bfe501287647b4fd9743de?s=96&d=mm&r=g","url":"https:\/\/secure.gravatar.com\/avatar\/31a1a7b66ff2de83bd0e9fd79d026630d2d99e55e8bfe501287647b4fd9743de?s=96&d=mm&r=g","contentUrl":"https:\/\/secure.gravatar.com\/avatar\/31a1a7b66ff2de83bd0e9fd79d026630d2d99e55e8bfe501287647b4fd9743de?s=96&d=mm&r=g","caption":"Gonzalo Schmidt"},"description":"Sitio web de noticias de la provincia de Entre R\u00edos, Argentina. Informaci\u00f3n y entretenimiento. Informe Litoral, nos informamos.","sameAs":["http:\/\/www.isletasnoticias.com.ar"],"url":"https:\/\/informelitoral.com.ar\/author\/gonzalo\/"}]}},"_links":{"self":[{"href":"https:\/\/informelitoral.com.ar\/%77%70%2d%6a%73%6f%6e\/wp\/v2\/posts\/77755","targetHints":{"allow":["GET"]}}],"collection":[{"href":"https:\/\/informelitoral.com.ar\/%77%70%2d%6a%73%6f%6e\/wp\/v2\/posts"}],"about":[{"href":"https:\/\/informelitoral.com.ar\/%77%70%2d%6a%73%6f%6e\/wp\/v2\/types\/post"}],"author":[{"embeddable":true,"href":"https:\/\/informelitoral.com.ar\/%77%70%2d%6a%73%6f%6e\/wp\/v2\/users\/2"}],"replies":[{"embeddable":true,"href":"https:\/\/informelitoral.com.ar\/%77%70%2d%6a%73%6f%6e\/wp\/v2\/comments?post=77755"}],"version-history":[{"count":0,"href":"https:\/\/informelitoral.com.ar\/%77%70%2d%6a%73%6f%6e\/wp\/v2\/posts\/77755\/revisions"}],"wp:featuredmedia":[{"embeddable":true,"href":"https:\/\/informelitoral.com.ar\/%77%70%2d%6a%73%6f%6e\/wp\/v2\/media\/77756"}],"wp:attachment":[{"href":"https:\/\/informelitoral.com.ar\/%77%70%2d%6a%73%6f%6e\/wp\/v2\/media?parent=77755"}],"wp:term":[{"taxonomy":"category","embeddable":true,"href":"https:\/\/informelitoral.com.ar\/%77%70%2d%6a%73%6f%6e\/wp\/v2\/categories?post=77755"},{"taxonomy":"post_tag","embeddable":true,"href":"https:\/\/informelitoral.com.ar\/%77%70%2d%6a%73%6f%6e\/wp\/v2\/tags?post=77755"}],"curies":[{"name":"wp","href":"https:\/\/api.w.org\/{rel}","templated":true}]}}