{"id":77706,"date":"2022-05-16T11:32:56","date_gmt":"2022-05-16T14:32:56","guid":{"rendered":"https:\/\/www.informelitoral.com.ar\/?p=77706"},"modified":"2022-05-16T11:32:56","modified_gmt":"2022-05-16T14:32:56","slug":"la-faena-y-el-consumo-de-pollo-aumentaron-53-y-64-durante-el-primer-bimestre","status":"publish","type":"post","link":"https:\/\/informelitoral.com.ar\/la-faena-y-el-consumo-de-pollo-aumentaron-53-y-64-durante-el-primer-bimestre\/","title":{"rendered":"La faena y el consumo de pollo aumentaron 5,3% y 6,4% durante el primer bimestre"},"content":{"rendered":"<p class=\"paragraph\">La\u00a0<b>faena de pollos se increment\u00f3 un 5,3%<\/b>\u00a0interanual durante el primer bimestre del 2022, en un contexto de una fuerte demanda interna, la cual experiment\u00f3 un alza del 6,4%. De esta manera, el sector retom\u00f3 la tendencia positiva de la actividad,\u00a0<b>tras haber tenido una merma del 2,2% durante el a\u00f1o pasado<\/b>.<\/p>\n<p class=\"paragraph\">El dato fue reportado por el Instituto de Estudios sobre la Realidad Argentina y Latinoamericana (IERAL) de la\u00a0<b>Fundaci\u00f3n Mediterr\u00e1nea<\/b>, en base a datos de la Direcci\u00f3n de Porcinos, Aves de Granja y No Tradicionales del\u00a0<b>Ministerio de Agricultura, Ganader\u00eda y Pesca\u00a0<\/b>de la Naci\u00f3n.<\/p>\n<p class=\"paragraph\">Sin embargo, este instituto advirti\u00f3 que\u00a0<b>la suba del 15%, que tuvo el pollo durante el mes pasado, podr\u00eda frenar este aumento<\/b>\u00a0de la producci\u00f3n y el consumo. Aunque, inclusive con este repunte,\u00a0<b>la carne av\u00edcola a\u00fan se encuentra, en valores reales, m\u00e1s barata que en el primer bimestre del a\u00f1o pasado.<\/b><\/p>\n<div id=\"hybs-mslot-3040-1\" class=\"hybs-mslot\"><\/div>\n<p class=\"paragraph\">Las principales variaciones positivas se dieron en las provincias de\u00a0<b>Buenos Aires (14,6%), C\u00f3rdoba (7,5%) y R\u00edo Negro, (3,8%)<\/b>. Mientras que\u00a0<b>Entre R\u00edos, donde se concentra m\u00e1s del 50% de la faena, tuvo una baja del 3,6%<\/b>, por lo que amortigu\u00f3 la tasa de suba a nivel nacional. Mientras que en\u00a0<b>Santa Fe tambi\u00e9n se registr\u00f3 una baja del 2,6%<\/b>.<\/p>\n<h4 class=\"font--primary\"><strong>Cuesti\u00f3n de precios<\/strong><\/h4>\n<p class=\"paragraph\">El relevamiento detall\u00f3 que la demanda de pollos fue impulsada por\u00a0<b>la ca\u00edda, en t\u00e9rminos reales, del precio en el mostrador, que impuls\u00f3 al consumo dom\u00e9stico<\/b>\u00a0en la primera mitad del a\u00f1o anterior. A su vez, ese escenario sigui\u00f3 en el primer bimestre de 2022, con un\u00a0<b>repunte del 6,4%<\/b>.<\/p>\n<p class=\"paragraph\">Asimismo, el informe remarc\u00f3 que, durante los \u00faltimos 12 meses,\u00a0<b>esta carne destinada al mercado interno se increment\u00f3 un 32% en t\u00e9rminos nominales, por lo que en valores reales, es decir ajustado por inflaci\u00f3n, se abarat\u00f3 un 10%<\/b>.<\/p>\n<p class=\"paragraph\">Este fen\u00f3meno\u00a0<b>impact\u00f3 positivamente en los incentivos para consumirlo y producirlo durante el 2021<\/b>, aunque no fue suficiente para que se iguale a la demanda del 2020, al descender de 46,3 a 45,6 kilos anuales per c\u00e1pita.<\/p>\n<h4 class=\"font--primary\"><strong>La demanda de carne vacuna sigue en baja<\/strong><\/h4>\n<p class=\"paragraph\">Pero mientras el pollo escala entre la preferencia de los argentinos, la carne vacuna experimenta una\u00a0tendencia opuesta.(<em>TN<\/em>)<\/p>\n<p>&nbsp;<\/p>\n","protected":false},"excerpt":{"rendered":"<p>El IERAL de la Fundaci\u00f3n Mediterr\u00e1nea se\u00f1al\u00f3 que, durante enero y febrero, se retom\u00f3 la tendencia positiva del mercado de carne aviar tras la ca\u00edda del 2,2% que se produjo durante el 2021.<\/p>\n","protected":false},"author":8,"featured_media":77707,"comment_status":"open","ping_status":"open","sticky":false,"template":"","format":"standard","meta":{"fifu_image_url":"","fifu_image_alt":"","footnotes":""},"categories":[10],"tags":[393,3621],"class_list":{"0":"post-77706","1":"post","2":"type-post","3":"status-publish","4":"format-standard","5":"has-post-thumbnail","7":"category-campo","8":"tag-consumo","9":"tag-pollo"},"yoast_head":"<title>La faena y el consumo de pollo aumentaron 5,3% y 6,4% durante el primer bimestre - Informe Litoral<\/title>\n<meta name=\"robots\" content=\"index, follow, max-snippet:-1, max-image-preview:large, max-video-preview:-1\" \/>\n<link rel=\"canonical\" href=\"https:\/\/informelitoral.com.ar\/la-faena-y-el-consumo-de-pollo-aumentaron-53-y-64-durante-el-primer-bimestre\/\" \/>\n<meta property=\"og:locale\" content=\"es_ES\" \/>\n<meta property=\"og:type\" content=\"article\" \/>\n<meta property=\"og:title\" content=\"La faena y el consumo de pollo aumentaron 5,3% y 6,4% durante el primer bimestre - Informe Litoral\" \/>\n<meta property=\"og:description\" content=\"El IERAL de la Fundaci\u00f3n Mediterr\u00e1nea se\u00f1al\u00f3 que, durante enero y febrero, se retom\u00f3 la tendencia positiva del mercado de carne aviar tras la ca\u00edda del 2,2% que se produjo durante el 2021.\" \/>\n<meta property=\"og:url\" content=\"https:\/\/informelitoral.com.ar\/la-faena-y-el-consumo-de-pollo-aumentaron-53-y-64-durante-el-primer-bimestre\/\" \/>\n<meta property=\"og:site_name\" content=\"Informe Litoral\" \/>\n<meta property=\"article:publisher\" content=\"https:\/\/www.facebook.com\/informelitoral\/\" \/>\n<meta property=\"article:published_time\" content=\"2022-05-16T14:32:56+00:00\" \/>\n<meta property=\"og:image\" content=\"https:\/\/informelitoral.com.ar\/%77%70%2d%63%6f%6e%74%65%6e%74\/uploads\/2022\/05\/3NZTS5KYWRHKJKVYCY254KQYUE.jpg\" \/>\n\t<meta property=\"og:image:width\" content=\"1016\" \/>\n\t<meta property=\"og:image:height\" content=\"720\" \/>\n\t<meta property=\"og:image:type\" content=\"image\/jpeg\" \/>\n<meta name=\"author\" content=\"Sebastian\" \/>\n<meta name=\"twitter:card\" content=\"summary_large_image\" \/>\n<meta name=\"twitter:creator\" content=\"@InformeLitoral\" \/>\n<meta name=\"twitter:site\" content=\"@InformeLitoral\" \/>\n<meta name=\"twitter:label1\" content=\"Escrito por\" \/>\n\t<meta name=\"twitter:data1\" content=\"Sebastian\" \/>\n\t<meta name=\"twitter:label2\" content=\"Tiempo de lectura\" \/>\n\t<meta name=\"twitter:data2\" content=\"2 minutos\" \/>\n<script type=\"application\/ld+json\" class=\"yoast-schema-graph\">{\"@context\":\"https:\\\/\\\/schema.org\",\"@graph\":[{\"@type\":\"Article\",\"@id\":\"https:\\\/\\\/informelitoral.com.ar\\\/la-faena-y-el-consumo-de-pollo-aumentaron-53-y-64-durante-el-primer-bimestre\\\/#article\",\"isPartOf\":{\"@id\":\"https:\\\/\\\/informelitoral.com.ar\\\/la-faena-y-el-consumo-de-pollo-aumentaron-53-y-64-durante-el-primer-bimestre\\\/\"},\"author\":{\"name\":\"Sebastian\",\"@id\":\"https:\\\/\\\/informelitoral.com.ar\\\/#\\\/schema\\\/person\\\/f05f9f461677119578717524b127d6d5\"},\"headline\":\"La faena y el consumo de pollo aumentaron 5,3% y 6,4% durante el primer bimestre\",\"datePublished\":\"2022-05-16T14:32:56+00:00\",\"mainEntityOfPage\":{\"@id\":\"https:\\\/\\\/informelitoral.com.ar\\\/la-faena-y-el-consumo-de-pollo-aumentaron-53-y-64-durante-el-primer-bimestre\\\/\"},\"wordCount\":385,\"commentCount\":0,\"publisher\":{\"@id\":\"https:\\\/\\\/informelitoral.com.ar\\\/#organization\"},\"image\":{\"@id\":\"https:\\\/\\\/informelitoral.com.ar\\\/la-faena-y-el-consumo-de-pollo-aumentaron-53-y-64-durante-el-primer-bimestre\\\/#primaryimage\"},\"thumbnailUrl\":\"https:\\\/\\\/informelitoral.com.ar\\\/%77%70%2d%63%6f%6e%74%65%6e%74\\\/uploads\\\/2022\\\/05\\\/3NZTS5KYWRHKJKVYCY254KQYUE.jpg\",\"keywords\":[\"Consumo\",\"Pollo\"],\"articleSection\":[\"Campo\"],\"inLanguage\":\"es\",\"potentialAction\":[{\"@type\":\"CommentAction\",\"name\":\"Comment\",\"target\":[\"https:\\\/\\\/informelitoral.com.ar\\\/la-faena-y-el-consumo-de-pollo-aumentaron-53-y-64-durante-el-primer-bimestre\\\/#respond\"]}]},{\"@type\":\"WebPage\",\"@id\":\"https:\\\/\\\/informelitoral.com.ar\\\/la-faena-y-el-consumo-de-pollo-aumentaron-53-y-64-durante-el-primer-bimestre\\\/\",\"url\":\"https:\\\/\\\/informelitoral.com.ar\\\/la-faena-y-el-consumo-de-pollo-aumentaron-53-y-64-durante-el-primer-bimestre\\\/\",\"name\":\"La faena y el consumo de pollo aumentaron 5,3% y 6,4% durante el primer bimestre - Informe Litoral\",\"isPartOf\":{\"@id\":\"https:\\\/\\\/informelitoral.com.ar\\\/#website\"},\"primaryImageOfPage\":{\"@id\":\"https:\\\/\\\/informelitoral.com.ar\\\/la-faena-y-el-consumo-de-pollo-aumentaron-53-y-64-durante-el-primer-bimestre\\\/#primaryimage\"},\"image\":{\"@id\":\"https:\\\/\\\/informelitoral.com.ar\\\/la-faena-y-el-consumo-de-pollo-aumentaron-53-y-64-durante-el-primer-bimestre\\\/#primaryimage\"},\"thumbnailUrl\":\"https:\\\/\\\/informelitoral.com.ar\\\/%77%70%2d%63%6f%6e%74%65%6e%74\\\/uploads\\\/2022\\\/05\\\/3NZTS5KYWRHKJKVYCY254KQYUE.jpg\",\"datePublished\":\"2022-05-16T14:32:56+00:00\",\"breadcrumb\":{\"@id\":\"https:\\\/\\\/informelitoral.com.ar\\\/la-faena-y-el-consumo-de-pollo-aumentaron-53-y-64-durante-el-primer-bimestre\\\/#breadcrumb\"},\"inLanguage\":\"es\",\"potentialAction\":[{\"@type\":\"ReadAction\",\"target\":[\"https:\\\/\\\/informelitoral.com.ar\\\/la-faena-y-el-consumo-de-pollo-aumentaron-53-y-64-durante-el-primer-bimestre\\\/\"]}]},{\"@type\":\"ImageObject\",\"inLanguage\":\"es\",\"@id\":\"https:\\\/\\\/informelitoral.com.ar\\\/la-faena-y-el-consumo-de-pollo-aumentaron-53-y-64-durante-el-primer-bimestre\\\/#primaryimage\",\"url\":\"https:\\\/\\\/informelitoral.com.ar\\\/%77%70%2d%63%6f%6e%74%65%6e%74\\\/uploads\\\/2022\\\/05\\\/3NZTS5KYWRHKJKVYCY254KQYUE.jpg\",\"contentUrl\":\"https:\\\/\\\/informelitoral.com.ar\\\/%77%70%2d%63%6f%6e%74%65%6e%74\\\/uploads\\\/2022\\\/05\\\/3NZTS5KYWRHKJKVYCY254KQYUE.jpg\",\"width\":1016,\"height\":720},{\"@type\":\"BreadcrumbList\",\"@id\":\"https:\\\/\\\/informelitoral.com.ar\\\/la-faena-y-el-consumo-de-pollo-aumentaron-53-y-64-durante-el-primer-bimestre\\\/#breadcrumb\",\"itemListElement\":[{\"@type\":\"ListItem\",\"position\":1,\"name\":\"Portada\",\"item\":\"https:\\\/\\\/informelitoral.com.ar\\\/\"},{\"@type\":\"ListItem\",\"position\":2,\"name\":\"La faena y el consumo de pollo aumentaron 5,3% y 6,4% durante el primer bimestre\"}]},{\"@type\":\"WebSite\",\"@id\":\"https:\\\/\\\/informelitoral.com.ar\\\/#website\",\"url\":\"https:\\\/\\\/informelitoral.com.ar\\\/\",\"name\":\"Informe Litoral\",\"description\":\"&quot;Nos informamos&quot; \",\"publisher\":{\"@id\":\"https:\\\/\\\/informelitoral.com.ar\\\/#organization\"},\"potentialAction\":[{\"@type\":\"SearchAction\",\"target\":{\"@type\":\"EntryPoint\",\"urlTemplate\":\"https:\\\/\\\/informelitoral.com.ar\\\/?s={search_term_string}\"},\"query-input\":{\"@type\":\"PropertyValueSpecification\",\"valueRequired\":true,\"valueName\":\"search_term_string\"}}],\"inLanguage\":\"es\"},{\"@type\":\"Organization\",\"@id\":\"https:\\\/\\\/informelitoral.com.ar\\\/#organization\",\"name\":\"Informe Litoral\",\"url\":\"https:\\\/\\\/informelitoral.com.ar\\\/\",\"logo\":{\"@type\":\"ImageObject\",\"inLanguage\":\"es\",\"@id\":\"https:\\\/\\\/informelitoral.com.ar\\\/#\\\/schema\\\/logo\\\/image\\\/\",\"url\":\"https:\\\/\\\/informelitoral.com.ar\\\/%77%70%2d%63%6f%6e%74%65%6e%74\\\/uploads\\\/2021\\\/01\\\/circulo.png\",\"contentUrl\":\"https:\\\/\\\/informelitoral.com.ar\\\/%77%70%2d%63%6f%6e%74%65%6e%74\\\/uploads\\\/2021\\\/01\\\/circulo.png\",\"width\":723,\"height\":731,\"caption\":\"Informe Litoral\"},\"image\":{\"@id\":\"https:\\\/\\\/informelitoral.com.ar\\\/#\\\/schema\\\/logo\\\/image\\\/\"},\"sameAs\":[\"https:\\\/\\\/www.facebook.com\\\/informelitoral\\\/\",\"https:\\\/\\\/x.com\\\/InformeLitoral\",\"https:\\\/\\\/www.instagram.com\\\/informelitoral\\\/\",\"https:\\\/\\\/www.youtube.com\\\/channel\\\/UCua4Qvz8Icb6MYqhoq9xLXw\"]},{\"@type\":\"Person\",\"@id\":\"https:\\\/\\\/informelitoral.com.ar\\\/#\\\/schema\\\/person\\\/f05f9f461677119578717524b127d6d5\",\"name\":\"Sebastian\",\"image\":{\"@type\":\"ImageObject\",\"inLanguage\":\"es\",\"@id\":\"https:\\\/\\\/secure.gravatar.com\\\/avatar\\\/b71bf7481d447dfb9583c7f2798e7cc64de6efb9067b74633ed8c31059a3bd82?s=96&d=mm&r=g\",\"url\":\"https:\\\/\\\/secure.gravatar.com\\\/avatar\\\/b71bf7481d447dfb9583c7f2798e7cc64de6efb9067b74633ed8c31059a3bd82?s=96&d=mm&r=g\",\"contentUrl\":\"https:\\\/\\\/secure.gravatar.com\\\/avatar\\\/b71bf7481d447dfb9583c7f2798e7cc64de6efb9067b74633ed8c31059a3bd82?s=96&d=mm&r=g\",\"caption\":\"Sebastian\"},\"url\":\"https:\\\/\\\/informelitoral.com.ar\\\/author\\\/sebastian\\\/\"}]}<\/script>","yoast_head_json":{"title":"La faena y el consumo de pollo aumentaron 5,3% y 6,4% durante el primer bimestre - Informe Litoral","robots":{"index":"index","follow":"follow","max-snippet":"max-snippet:-1","max-image-preview":"max-image-preview:large","max-video-preview":"max-video-preview:-1"},"canonical":"https:\/\/informelitoral.com.ar\/la-faena-y-el-consumo-de-pollo-aumentaron-53-y-64-durante-el-primer-bimestre\/","og_locale":"es_ES","og_type":"article","og_title":"La faena y el consumo de pollo aumentaron 5,3% y 6,4% durante el primer bimestre - Informe Litoral","og_description":"El IERAL de la Fundaci\u00f3n Mediterr\u00e1nea se\u00f1al\u00f3 que, durante enero y febrero, se retom\u00f3 la tendencia positiva del mercado de carne aviar tras la ca\u00edda del 2,2% que se produjo durante el 2021.","og_url":"https:\/\/informelitoral.com.ar\/la-faena-y-el-consumo-de-pollo-aumentaron-53-y-64-durante-el-primer-bimestre\/","og_site_name":"Informe Litoral","article_publisher":"https:\/\/www.facebook.com\/informelitoral\/","article_published_time":"2022-05-16T14:32:56+00:00","og_image":[{"width":1016,"height":720,"url":"https:\/\/informelitoral.com.ar\/%77%70%2d%63%6f%6e%74%65%6e%74\/uploads\/2022\/05\/3NZTS5KYWRHKJKVYCY254KQYUE.jpg","type":"image\/jpeg"}],"author":"Sebastian","twitter_card":"summary_large_image","twitter_creator":"@InformeLitoral","twitter_site":"@InformeLitoral","twitter_misc":{"Escrito por":"Sebastian","Tiempo de lectura":"2 minutos"},"schema":{"@context":"https:\/\/schema.org","@graph":[{"@type":"Article","@id":"https:\/\/informelitoral.com.ar\/la-faena-y-el-consumo-de-pollo-aumentaron-53-y-64-durante-el-primer-bimestre\/#article","isPartOf":{"@id":"https:\/\/informelitoral.com.ar\/la-faena-y-el-consumo-de-pollo-aumentaron-53-y-64-durante-el-primer-bimestre\/"},"author":{"name":"Sebastian","@id":"https:\/\/informelitoral.com.ar\/#\/schema\/person\/f05f9f461677119578717524b127d6d5"},"headline":"La faena y el consumo de pollo aumentaron 5,3% y 6,4% durante el primer bimestre","datePublished":"2022-05-16T14:32:56+00:00","mainEntityOfPage":{"@id":"https:\/\/informelitoral.com.ar\/la-faena-y-el-consumo-de-pollo-aumentaron-53-y-64-durante-el-primer-bimestre\/"},"wordCount":385,"commentCount":0,"publisher":{"@id":"https:\/\/informelitoral.com.ar\/#organization"},"image":{"@id":"https:\/\/informelitoral.com.ar\/la-faena-y-el-consumo-de-pollo-aumentaron-53-y-64-durante-el-primer-bimestre\/#primaryimage"},"thumbnailUrl":"https:\/\/informelitoral.com.ar\/%77%70%2d%63%6f%6e%74%65%6e%74\/uploads\/2022\/05\/3NZTS5KYWRHKJKVYCY254KQYUE.jpg","keywords":["Consumo","Pollo"],"articleSection":["Campo"],"inLanguage":"es","potentialAction":[{"@type":"CommentAction","name":"Comment","target":["https:\/\/informelitoral.com.ar\/la-faena-y-el-consumo-de-pollo-aumentaron-53-y-64-durante-el-primer-bimestre\/#respond"]}]},{"@type":"WebPage","@id":"https:\/\/informelitoral.com.ar\/la-faena-y-el-consumo-de-pollo-aumentaron-53-y-64-durante-el-primer-bimestre\/","url":"https:\/\/informelitoral.com.ar\/la-faena-y-el-consumo-de-pollo-aumentaron-53-y-64-durante-el-primer-bimestre\/","name":"La faena y el consumo de pollo aumentaron 5,3% y 6,4% durante el primer bimestre - Informe Litoral","isPartOf":{"@id":"https:\/\/informelitoral.com.ar\/#website"},"primaryImageOfPage":{"@id":"https:\/\/informelitoral.com.ar\/la-faena-y-el-consumo-de-pollo-aumentaron-53-y-64-durante-el-primer-bimestre\/#primaryimage"},"image":{"@id":"https:\/\/informelitoral.com.ar\/la-faena-y-el-consumo-de-pollo-aumentaron-53-y-64-durante-el-primer-bimestre\/#primaryimage"},"thumbnailUrl":"https:\/\/informelitoral.com.ar\/%77%70%2d%63%6f%6e%74%65%6e%74\/uploads\/2022\/05\/3NZTS5KYWRHKJKVYCY254KQYUE.jpg","datePublished":"2022-05-16T14:32:56+00:00","breadcrumb":{"@id":"https:\/\/informelitoral.com.ar\/la-faena-y-el-consumo-de-pollo-aumentaron-53-y-64-durante-el-primer-bimestre\/#breadcrumb"},"inLanguage":"es","potentialAction":[{"@type":"ReadAction","target":["https:\/\/informelitoral.com.ar\/la-faena-y-el-consumo-de-pollo-aumentaron-53-y-64-durante-el-primer-bimestre\/"]}]},{"@type":"ImageObject","inLanguage":"es","@id":"https:\/\/informelitoral.com.ar\/la-faena-y-el-consumo-de-pollo-aumentaron-53-y-64-durante-el-primer-bimestre\/#primaryimage","url":"https:\/\/informelitoral.com.ar\/%77%70%2d%63%6f%6e%74%65%6e%74\/uploads\/2022\/05\/3NZTS5KYWRHKJKVYCY254KQYUE.jpg","contentUrl":"https:\/\/informelitoral.com.ar\/%77%70%2d%63%6f%6e%74%65%6e%74\/uploads\/2022\/05\/3NZTS5KYWRHKJKVYCY254KQYUE.jpg","width":1016,"height":720},{"@type":"BreadcrumbList","@id":"https:\/\/informelitoral.com.ar\/la-faena-y-el-consumo-de-pollo-aumentaron-53-y-64-durante-el-primer-bimestre\/#breadcrumb","itemListElement":[{"@type":"ListItem","position":1,"name":"Portada","item":"https:\/\/informelitoral.com.ar\/"},{"@type":"ListItem","position":2,"name":"La faena y el consumo de pollo aumentaron 5,3% y 6,4% durante el primer bimestre"}]},{"@type":"WebSite","@id":"https:\/\/informelitoral.com.ar\/#website","url":"https:\/\/informelitoral.com.ar\/","name":"Informe Litoral","description":"&quot;Nos informamos&quot; ","publisher":{"@id":"https:\/\/informelitoral.com.ar\/#organization"},"potentialAction":[{"@type":"SearchAction","target":{"@type":"EntryPoint","urlTemplate":"https:\/\/informelitoral.com.ar\/?s={search_term_string}"},"query-input":{"@type":"PropertyValueSpecification","valueRequired":true,"valueName":"search_term_string"}}],"inLanguage":"es"},{"@type":"Organization","@id":"https:\/\/informelitoral.com.ar\/#organization","name":"Informe Litoral","url":"https:\/\/informelitoral.com.ar\/","logo":{"@type":"ImageObject","inLanguage":"es","@id":"https:\/\/informelitoral.com.ar\/#\/schema\/logo\/image\/","url":"https:\/\/informelitoral.com.ar\/%77%70%2d%63%6f%6e%74%65%6e%74\/uploads\/2021\/01\/circulo.png","contentUrl":"https:\/\/informelitoral.com.ar\/%77%70%2d%63%6f%6e%74%65%6e%74\/uploads\/2021\/01\/circulo.png","width":723,"height":731,"caption":"Informe Litoral"},"image":{"@id":"https:\/\/informelitoral.com.ar\/#\/schema\/logo\/image\/"},"sameAs":["https:\/\/www.facebook.com\/informelitoral\/","https:\/\/x.com\/InformeLitoral","https:\/\/www.instagram.com\/informelitoral\/","https:\/\/www.youtube.com\/channel\/UCua4Qvz8Icb6MYqhoq9xLXw"]},{"@type":"Person","@id":"https:\/\/informelitoral.com.ar\/#\/schema\/person\/f05f9f461677119578717524b127d6d5","name":"Sebastian","image":{"@type":"ImageObject","inLanguage":"es","@id":"https:\/\/secure.gravatar.com\/avatar\/b71bf7481d447dfb9583c7f2798e7cc64de6efb9067b74633ed8c31059a3bd82?s=96&d=mm&r=g","url":"https:\/\/secure.gravatar.com\/avatar\/b71bf7481d447dfb9583c7f2798e7cc64de6efb9067b74633ed8c31059a3bd82?s=96&d=mm&r=g","contentUrl":"https:\/\/secure.gravatar.com\/avatar\/b71bf7481d447dfb9583c7f2798e7cc64de6efb9067b74633ed8c31059a3bd82?s=96&d=mm&r=g","caption":"Sebastian"},"url":"https:\/\/informelitoral.com.ar\/author\/sebastian\/"}]}},"_links":{"self":[{"href":"https:\/\/informelitoral.com.ar\/%77%70%2d%6a%73%6f%6e\/wp\/v2\/posts\/77706","targetHints":{"allow":["GET"]}}],"collection":[{"href":"https:\/\/informelitoral.com.ar\/%77%70%2d%6a%73%6f%6e\/wp\/v2\/posts"}],"about":[{"href":"https:\/\/informelitoral.com.ar\/%77%70%2d%6a%73%6f%6e\/wp\/v2\/types\/post"}],"author":[{"embeddable":true,"href":"https:\/\/informelitoral.com.ar\/%77%70%2d%6a%73%6f%6e\/wp\/v2\/users\/8"}],"replies":[{"embeddable":true,"href":"https:\/\/informelitoral.com.ar\/%77%70%2d%6a%73%6f%6e\/wp\/v2\/comments?post=77706"}],"version-history":[{"count":0,"href":"https:\/\/informelitoral.com.ar\/%77%70%2d%6a%73%6f%6e\/wp\/v2\/posts\/77706\/revisions"}],"wp:featuredmedia":[{"embeddable":true,"href":"https:\/\/informelitoral.com.ar\/%77%70%2d%6a%73%6f%6e\/wp\/v2\/media\/77707"}],"wp:attachment":[{"href":"https:\/\/informelitoral.com.ar\/%77%70%2d%6a%73%6f%6e\/wp\/v2\/media?parent=77706"}],"wp:term":[{"taxonomy":"category","embeddable":true,"href":"https:\/\/informelitoral.com.ar\/%77%70%2d%6a%73%6f%6e\/wp\/v2\/categories?post=77706"},{"taxonomy":"post_tag","embeddable":true,"href":"https:\/\/informelitoral.com.ar\/%77%70%2d%6a%73%6f%6e\/wp\/v2\/tags?post=77706"}],"curies":[{"name":"wp","href":"https:\/\/api.w.org\/{rel}","templated":true}]}}