{"id":77701,"date":"2022-05-16T10:35:17","date_gmt":"2022-05-16T13:35:17","guid":{"rendered":"https:\/\/www.informelitoral.com.ar\/?p=77701"},"modified":"2022-05-16T16:53:29","modified_gmt":"2022-05-16T19:53:29","slug":"avanza-la-primera-revision-del-programa-que-firmo-argentina-con-el-fmi","status":"publish","type":"post","link":"https:\/\/informelitoral.com.ar\/avanza-la-primera-revision-del-programa-que-firmo-argentina-con-el-fmi\/","title":{"rendered":"Avanza la primera revisi\u00f3n del programa que firm\u00f3 Argentina con el FMI"},"content":{"rendered":"<p>Argentina y el FMI ingresaron en la etapa final de las reuniones para la concreci\u00f3n de la primera revisi\u00f3n del programa con el organismo multilateral suscripto en marzo \u00faltimo para refinanciar la deuda de 45.000 millones de d\u00f3lares tomada durante el Gobierno de Mauricio Macri.<\/p>\n<p>Desde ambas partes anticiparon la posibilidad de que se concreten cambios en determinados puntos, aunque no en las metas fundamentales del acuerdo.<\/p>\n<p>El jueves, el presidente Alberto Fern\u00e1ndez -durante un contacto que mantuvo con la prensa en Par\u00eds, en el marco de la gira europea que abarc\u00f3 tambi\u00e9n a Espa\u00f1a y Alemania- anticip\u00f3 que el acuerdo alcanzado a fines de marzo con el organismo multilateral contendr\u00e1 cambios en virtud de la guerra desatada entre Rusia y Ucrania, que est\u00e1 impactando en la econom\u00eda global.<\/p>\n<p>Fern\u00e1ndez dijo que si el Fondo Monetario Internacional tom\u00f3 la decisi\u00f3n de revisar los acuerdos firmados con distintos pa\u00edses, en funci\u00f3n de las consecuencias de la guerra, esto tambi\u00e9n \u00abser\u00e1 aplicable\u00bb para la Argentina.<\/p>\n<p>\u00abEl FMI ya ha dicho que hay que revisar los acuerdos porque la econom\u00eda se alter\u00f3 significativamente\u00bb con la guerra en Ucrania y \u00absi es una decisi\u00f3n, una idea del Fondo, tambi\u00e9n ser\u00e1 aplicable a nosotros\u00bb, sostuvo el Presidente.<\/p>\n<p>\u00abTenemos que ver exactamente c\u00f3mo es la repercusi\u00f3n de los efectos de la guerra en Argentina. El primer indicio, muy negativo, es el \u00edndice de la inflaci\u00f3n\u00bb, asever\u00f3 Fern\u00e1ndez en relaci\u00f3n al indicador macro econ\u00f3mico que si bien no constituye una meta primaria en el acuerdo con el FMI, puede condicionar su implementaci\u00f3n.<\/p>\n<p>De esta forma, el jefe del Estado no descart\u00f3 la posibilidad de revisar algunos puntos del acuerdo.<\/p>\n<p>Al ser consultado sobre esta cuesti\u00f3n, sostuvo que \u00abcuando llegue el momento, entiendo que el Fondo lo propiciar\u00e1 como la ha dicho p\u00fablicamente\u00bb, y destac\u00f3 que el Ministerio de Econom\u00eda tiene \u00abdi\u00e1logo permanente\u00bb con el organismo multilateral.<\/p>\n<p>En este sentido, hay, por otro lado, un nuevo Fondo de Resiliencia y Sustentabilidad del FMI, vigente desde el 1 de mayo, del que la Argentina podr\u00eda beneficiarse mejorando las condiciones crediticias en los plazos, si bien el alcance es acotado para el pa\u00eds, ya que el monto del que podr\u00eda disponer es de apenas 1300 millones de d\u00f3lares.<\/p>\n<p>La semana pasada, cuando el Indec inform\u00f3 que la inflaci\u00f3n de abril fue del 6%, los funcionarios del Ministerio de Econom\u00eda y del Banco Central continuaron con las reuniones virtuales que vienen manteniendo con el staff del FMI, encabezado por Julie Kozack, subdirectora del departamento del Hemisferio Occidental, y Luis Cubeddu, jefe de la misi\u00f3n para Argentina, para la concreci\u00f3n de la primera revisi\u00f3n del acuerdo.<\/p>\n<p>El aval del organismo a la revisi\u00f3n permitir\u00e1 gatillar un desembolso de 4.100 millones de d\u00f3lares, necesario para pagar los vencimientos de junio pr\u00f3ximo.<\/p>\n<p>Estos encuentros continuar\u00e1n durante las pr\u00f3ximas semanas, y la recomendaci\u00f3n final del staff del organismo al Directorio con el ok para liberar el desembolso podr\u00eda darse incluso en los primeros d\u00edas de junio.<\/p>\n<p>Las reuniones por la primera revisi\u00f3n comenzaron a mediados de abril, durante la cumbre de Primavera conjunta del FMI y el Banco Mundial en Washington.<\/p>\n<p>Desde ambos lados explicaron que las reuniones se est\u00e1n dando desde la \u00abvirtualidad\u00bb y que la pandemia cambi\u00f3 la l\u00f3gica de las tradicionales revisiones, que ten\u00edan un principio y fin, con visita presencial.<\/p>\n<p>Los analistas no ven mayores complicaciones para dar por aprobada la primera revisi\u00f3n &#8211; las metas exigibles de d\u00e9ficit, reservas, y financiamiento del BCRA al Tesoro ser\u00edan cumplidas-, si bien advierten que a medida que avance el a\u00f1o el logro de los objetivos podr\u00eda complicarse en base a las metas establecidas en el programa firmado en marzo.<\/p>\n<p>Hay economistas que observan que, dado el contexto internacional y los costos de la energ\u00eda, podr\u00eda tonarse muy dif\u00edcil cumplir con la meta de d\u00e9ficit fiscal (2,5%) establecido en el acuerdo, entre otras cuestiones.<\/p>\n","protected":false},"excerpt":{"rendered":"<p>Desde ambas partes anticiparon la posibilidad de que se concreten cambios en determinados puntos, aunque no en las metas fundamentales del acuerdo.<\/p>\n","protected":false},"author":8,"featured_media":77702,"comment_status":"open","ping_status":"open","sticky":false,"template":"","format":"standard","meta":{"fifu_image_url":"","fifu_image_alt":"","footnotes":""},"categories":[16],"tags":[3109,1311],"class_list":{"0":"post-77701","1":"post","2":"type-post","3":"status-publish","4":"format-standard","5":"has-post-thumbnail","7":"category-politi","8":"tag-acuerdo-fmi","9":"tag-alberto-fernandez"},"yoast_head":"<title>Avanza la primera revisi\u00f3n del programa que firm\u00f3 Argentina con el FMI - Informe Litoral<\/title>\n<meta name=\"robots\" content=\"index, follow, max-snippet:-1, max-image-preview:large, max-video-preview:-1\" \/>\n<link rel=\"canonical\" href=\"https:\/\/informelitoral.com.ar\/avanza-la-primera-revision-del-programa-que-firmo-argentina-con-el-fmi\/\" \/>\n<meta property=\"og:locale\" content=\"es_ES\" \/>\n<meta property=\"og:type\" content=\"article\" \/>\n<meta property=\"og:title\" content=\"Avanza la primera revisi\u00f3n del programa que firm\u00f3 Argentina con el FMI - Informe Litoral\" \/>\n<meta property=\"og:description\" content=\"Desde ambas partes anticiparon la posibilidad de que se concreten cambios en determinados puntos, aunque no en las metas fundamentales del acuerdo.\" \/>\n<meta property=\"og:url\" content=\"https:\/\/informelitoral.com.ar\/avanza-la-primera-revision-del-programa-que-firmo-argentina-con-el-fmi\/\" \/>\n<meta property=\"og:site_name\" content=\"Informe Litoral\" \/>\n<meta property=\"article:publisher\" content=\"https:\/\/www.facebook.com\/informelitoral\/\" \/>\n<meta property=\"article:published_time\" content=\"2022-05-16T13:35:17+00:00\" \/>\n<meta property=\"article:modified_time\" content=\"2022-05-16T19:53:29+00:00\" \/>\n<meta property=\"og:image\" content=\"https:\/\/informelitoral.com.ar\/%77%70%2d%63%6f%6e%74%65%6e%74\/uploads\/2022\/05\/1010x567_alberto-fernandez-martin-guzman-411771-135921.jpg\" \/>\n\t<meta property=\"og:image:width\" content=\"1010\" \/>\n\t<meta property=\"og:image:height\" content=\"567\" \/>\n\t<meta property=\"og:image:type\" content=\"image\/jpeg\" \/>\n<meta name=\"author\" content=\"Sebastian\" \/>\n<meta name=\"twitter:card\" content=\"summary_large_image\" \/>\n<meta name=\"twitter:creator\" content=\"@InformeLitoral\" \/>\n<meta name=\"twitter:site\" content=\"@InformeLitoral\" \/>\n<meta name=\"twitter:label1\" content=\"Escrito por\" \/>\n\t<meta name=\"twitter:data1\" content=\"Sebastian\" \/>\n\t<meta name=\"twitter:label2\" content=\"Tiempo de lectura\" \/>\n\t<meta name=\"twitter:data2\" content=\"3 minutos\" \/>\n<script type=\"application\/ld+json\" class=\"yoast-schema-graph\">{\"@context\":\"https:\\\/\\\/schema.org\",\"@graph\":[{\"@type\":\"Article\",\"@id\":\"https:\\\/\\\/informelitoral.com.ar\\\/avanza-la-primera-revision-del-programa-que-firmo-argentina-con-el-fmi\\\/#article\",\"isPartOf\":{\"@id\":\"https:\\\/\\\/informelitoral.com.ar\\\/avanza-la-primera-revision-del-programa-que-firmo-argentina-con-el-fmi\\\/\"},\"author\":{\"name\":\"Sebastian\",\"@id\":\"https:\\\/\\\/informelitoral.com.ar\\\/#\\\/schema\\\/person\\\/f05f9f461677119578717524b127d6d5\"},\"headline\":\"Avanza la primera revisi\u00f3n del programa que firm\u00f3 Argentina con el FMI\",\"datePublished\":\"2022-05-16T13:35:17+00:00\",\"dateModified\":\"2022-05-16T19:53:29+00:00\",\"mainEntityOfPage\":{\"@id\":\"https:\\\/\\\/informelitoral.com.ar\\\/avanza-la-primera-revision-del-programa-que-firmo-argentina-con-el-fmi\\\/\"},\"wordCount\":704,\"commentCount\":0,\"publisher\":{\"@id\":\"https:\\\/\\\/informelitoral.com.ar\\\/#organization\"},\"image\":{\"@id\":\"https:\\\/\\\/informelitoral.com.ar\\\/avanza-la-primera-revision-del-programa-que-firmo-argentina-con-el-fmi\\\/#primaryimage\"},\"thumbnailUrl\":\"https:\\\/\\\/informelitoral.com.ar\\\/%77%70%2d%63%6f%6e%74%65%6e%74\\\/uploads\\\/2022\\\/05\\\/1010x567_alberto-fernandez-martin-guzman-411771-135921.jpg\",\"keywords\":[\"Acuerdo FMI\",\"Alberto Fern\u00e1ndez\"],\"articleSection\":[\"Politica\"],\"inLanguage\":\"es\",\"potentialAction\":[{\"@type\":\"CommentAction\",\"name\":\"Comment\",\"target\":[\"https:\\\/\\\/informelitoral.com.ar\\\/avanza-la-primera-revision-del-programa-que-firmo-argentina-con-el-fmi\\\/#respond\"]}]},{\"@type\":\"WebPage\",\"@id\":\"https:\\\/\\\/informelitoral.com.ar\\\/avanza-la-primera-revision-del-programa-que-firmo-argentina-con-el-fmi\\\/\",\"url\":\"https:\\\/\\\/informelitoral.com.ar\\\/avanza-la-primera-revision-del-programa-que-firmo-argentina-con-el-fmi\\\/\",\"name\":\"Avanza la primera revisi\u00f3n del programa que firm\u00f3 Argentina con el FMI - Informe Litoral\",\"isPartOf\":{\"@id\":\"https:\\\/\\\/informelitoral.com.ar\\\/#website\"},\"primaryImageOfPage\":{\"@id\":\"https:\\\/\\\/informelitoral.com.ar\\\/avanza-la-primera-revision-del-programa-que-firmo-argentina-con-el-fmi\\\/#primaryimage\"},\"image\":{\"@id\":\"https:\\\/\\\/informelitoral.com.ar\\\/avanza-la-primera-revision-del-programa-que-firmo-argentina-con-el-fmi\\\/#primaryimage\"},\"thumbnailUrl\":\"https:\\\/\\\/informelitoral.com.ar\\\/%77%70%2d%63%6f%6e%74%65%6e%74\\\/uploads\\\/2022\\\/05\\\/1010x567_alberto-fernandez-martin-guzman-411771-135921.jpg\",\"datePublished\":\"2022-05-16T13:35:17+00:00\",\"dateModified\":\"2022-05-16T19:53:29+00:00\",\"breadcrumb\":{\"@id\":\"https:\\\/\\\/informelitoral.com.ar\\\/avanza-la-primera-revision-del-programa-que-firmo-argentina-con-el-fmi\\\/#breadcrumb\"},\"inLanguage\":\"es\",\"potentialAction\":[{\"@type\":\"ReadAction\",\"target\":[\"https:\\\/\\\/informelitoral.com.ar\\\/avanza-la-primera-revision-del-programa-que-firmo-argentina-con-el-fmi\\\/\"]}]},{\"@type\":\"ImageObject\",\"inLanguage\":\"es\",\"@id\":\"https:\\\/\\\/informelitoral.com.ar\\\/avanza-la-primera-revision-del-programa-que-firmo-argentina-con-el-fmi\\\/#primaryimage\",\"url\":\"https:\\\/\\\/informelitoral.com.ar\\\/%77%70%2d%63%6f%6e%74%65%6e%74\\\/uploads\\\/2022\\\/05\\\/1010x567_alberto-fernandez-martin-guzman-411771-135921.jpg\",\"contentUrl\":\"https:\\\/\\\/informelitoral.com.ar\\\/%77%70%2d%63%6f%6e%74%65%6e%74\\\/uploads\\\/2022\\\/05\\\/1010x567_alberto-fernandez-martin-guzman-411771-135921.jpg\",\"width\":1010,\"height\":567},{\"@type\":\"BreadcrumbList\",\"@id\":\"https:\\\/\\\/informelitoral.com.ar\\\/avanza-la-primera-revision-del-programa-que-firmo-argentina-con-el-fmi\\\/#breadcrumb\",\"itemListElement\":[{\"@type\":\"ListItem\",\"position\":1,\"name\":\"Portada\",\"item\":\"https:\\\/\\\/informelitoral.com.ar\\\/\"},{\"@type\":\"ListItem\",\"position\":2,\"name\":\"Avanza la primera revisi\u00f3n del programa que firm\u00f3 Argentina con el FMI\"}]},{\"@type\":\"WebSite\",\"@id\":\"https:\\\/\\\/informelitoral.com.ar\\\/#website\",\"url\":\"https:\\\/\\\/informelitoral.com.ar\\\/\",\"name\":\"Informe Litoral\",\"description\":\"&quot;Nos informamos&quot; \",\"publisher\":{\"@id\":\"https:\\\/\\\/informelitoral.com.ar\\\/#organization\"},\"potentialAction\":[{\"@type\":\"SearchAction\",\"target\":{\"@type\":\"EntryPoint\",\"urlTemplate\":\"https:\\\/\\\/informelitoral.com.ar\\\/?s={search_term_string}\"},\"query-input\":{\"@type\":\"PropertyValueSpecification\",\"valueRequired\":true,\"valueName\":\"search_term_string\"}}],\"inLanguage\":\"es\"},{\"@type\":\"Organization\",\"@id\":\"https:\\\/\\\/informelitoral.com.ar\\\/#organization\",\"name\":\"Informe Litoral\",\"url\":\"https:\\\/\\\/informelitoral.com.ar\\\/\",\"logo\":{\"@type\":\"ImageObject\",\"inLanguage\":\"es\",\"@id\":\"https:\\\/\\\/informelitoral.com.ar\\\/#\\\/schema\\\/logo\\\/image\\\/\",\"url\":\"https:\\\/\\\/informelitoral.com.ar\\\/%77%70%2d%63%6f%6e%74%65%6e%74\\\/uploads\\\/2021\\\/01\\\/circulo.png\",\"contentUrl\":\"https:\\\/\\\/informelitoral.com.ar\\\/%77%70%2d%63%6f%6e%74%65%6e%74\\\/uploads\\\/2021\\\/01\\\/circulo.png\",\"width\":723,\"height\":731,\"caption\":\"Informe Litoral\"},\"image\":{\"@id\":\"https:\\\/\\\/informelitoral.com.ar\\\/#\\\/schema\\\/logo\\\/image\\\/\"},\"sameAs\":[\"https:\\\/\\\/www.facebook.com\\\/informelitoral\\\/\",\"https:\\\/\\\/x.com\\\/InformeLitoral\",\"https:\\\/\\\/www.instagram.com\\\/informelitoral\\\/\",\"https:\\\/\\\/www.youtube.com\\\/channel\\\/UCua4Qvz8Icb6MYqhoq9xLXw\"]},{\"@type\":\"Person\",\"@id\":\"https:\\\/\\\/informelitoral.com.ar\\\/#\\\/schema\\\/person\\\/f05f9f461677119578717524b127d6d5\",\"name\":\"Sebastian\",\"image\":{\"@type\":\"ImageObject\",\"inLanguage\":\"es\",\"@id\":\"https:\\\/\\\/secure.gravatar.com\\\/avatar\\\/b71bf7481d447dfb9583c7f2798e7cc64de6efb9067b74633ed8c31059a3bd82?s=96&d=mm&r=g\",\"url\":\"https:\\\/\\\/secure.gravatar.com\\\/avatar\\\/b71bf7481d447dfb9583c7f2798e7cc64de6efb9067b74633ed8c31059a3bd82?s=96&d=mm&r=g\",\"contentUrl\":\"https:\\\/\\\/secure.gravatar.com\\\/avatar\\\/b71bf7481d447dfb9583c7f2798e7cc64de6efb9067b74633ed8c31059a3bd82?s=96&d=mm&r=g\",\"caption\":\"Sebastian\"},\"url\":\"https:\\\/\\\/informelitoral.com.ar\\\/author\\\/sebastian\\\/\"}]}<\/script>","yoast_head_json":{"title":"Avanza la primera revisi\u00f3n del programa que firm\u00f3 Argentina con el FMI - Informe Litoral","robots":{"index":"index","follow":"follow","max-snippet":"max-snippet:-1","max-image-preview":"max-image-preview:large","max-video-preview":"max-video-preview:-1"},"canonical":"https:\/\/informelitoral.com.ar\/avanza-la-primera-revision-del-programa-que-firmo-argentina-con-el-fmi\/","og_locale":"es_ES","og_type":"article","og_title":"Avanza la primera revisi\u00f3n del programa que firm\u00f3 Argentina con el FMI - Informe Litoral","og_description":"Desde ambas partes anticiparon la posibilidad de que se concreten cambios en determinados puntos, aunque no en las metas fundamentales del acuerdo.","og_url":"https:\/\/informelitoral.com.ar\/avanza-la-primera-revision-del-programa-que-firmo-argentina-con-el-fmi\/","og_site_name":"Informe Litoral","article_publisher":"https:\/\/www.facebook.com\/informelitoral\/","article_published_time":"2022-05-16T13:35:17+00:00","article_modified_time":"2022-05-16T19:53:29+00:00","og_image":[{"width":1010,"height":567,"url":"https:\/\/informelitoral.com.ar\/%77%70%2d%63%6f%6e%74%65%6e%74\/uploads\/2022\/05\/1010x567_alberto-fernandez-martin-guzman-411771-135921.jpg","type":"image\/jpeg"}],"author":"Sebastian","twitter_card":"summary_large_image","twitter_creator":"@InformeLitoral","twitter_site":"@InformeLitoral","twitter_misc":{"Escrito por":"Sebastian","Tiempo de lectura":"3 minutos"},"schema":{"@context":"https:\/\/schema.org","@graph":[{"@type":"Article","@id":"https:\/\/informelitoral.com.ar\/avanza-la-primera-revision-del-programa-que-firmo-argentina-con-el-fmi\/#article","isPartOf":{"@id":"https:\/\/informelitoral.com.ar\/avanza-la-primera-revision-del-programa-que-firmo-argentina-con-el-fmi\/"},"author":{"name":"Sebastian","@id":"https:\/\/informelitoral.com.ar\/#\/schema\/person\/f05f9f461677119578717524b127d6d5"},"headline":"Avanza la primera revisi\u00f3n del programa que firm\u00f3 Argentina con el FMI","datePublished":"2022-05-16T13:35:17+00:00","dateModified":"2022-05-16T19:53:29+00:00","mainEntityOfPage":{"@id":"https:\/\/informelitoral.com.ar\/avanza-la-primera-revision-del-programa-que-firmo-argentina-con-el-fmi\/"},"wordCount":704,"commentCount":0,"publisher":{"@id":"https:\/\/informelitoral.com.ar\/#organization"},"image":{"@id":"https:\/\/informelitoral.com.ar\/avanza-la-primera-revision-del-programa-que-firmo-argentina-con-el-fmi\/#primaryimage"},"thumbnailUrl":"https:\/\/informelitoral.com.ar\/%77%70%2d%63%6f%6e%74%65%6e%74\/uploads\/2022\/05\/1010x567_alberto-fernandez-martin-guzman-411771-135921.jpg","keywords":["Acuerdo FMI","Alberto Fern\u00e1ndez"],"articleSection":["Politica"],"inLanguage":"es","potentialAction":[{"@type":"CommentAction","name":"Comment","target":["https:\/\/informelitoral.com.ar\/avanza-la-primera-revision-del-programa-que-firmo-argentina-con-el-fmi\/#respond"]}]},{"@type":"WebPage","@id":"https:\/\/informelitoral.com.ar\/avanza-la-primera-revision-del-programa-que-firmo-argentina-con-el-fmi\/","url":"https:\/\/informelitoral.com.ar\/avanza-la-primera-revision-del-programa-que-firmo-argentina-con-el-fmi\/","name":"Avanza la primera revisi\u00f3n del programa que firm\u00f3 Argentina con el FMI - Informe Litoral","isPartOf":{"@id":"https:\/\/informelitoral.com.ar\/#website"},"primaryImageOfPage":{"@id":"https:\/\/informelitoral.com.ar\/avanza-la-primera-revision-del-programa-que-firmo-argentina-con-el-fmi\/#primaryimage"},"image":{"@id":"https:\/\/informelitoral.com.ar\/avanza-la-primera-revision-del-programa-que-firmo-argentina-con-el-fmi\/#primaryimage"},"thumbnailUrl":"https:\/\/informelitoral.com.ar\/%77%70%2d%63%6f%6e%74%65%6e%74\/uploads\/2022\/05\/1010x567_alberto-fernandez-martin-guzman-411771-135921.jpg","datePublished":"2022-05-16T13:35:17+00:00","dateModified":"2022-05-16T19:53:29+00:00","breadcrumb":{"@id":"https:\/\/informelitoral.com.ar\/avanza-la-primera-revision-del-programa-que-firmo-argentina-con-el-fmi\/#breadcrumb"},"inLanguage":"es","potentialAction":[{"@type":"ReadAction","target":["https:\/\/informelitoral.com.ar\/avanza-la-primera-revision-del-programa-que-firmo-argentina-con-el-fmi\/"]}]},{"@type":"ImageObject","inLanguage":"es","@id":"https:\/\/informelitoral.com.ar\/avanza-la-primera-revision-del-programa-que-firmo-argentina-con-el-fmi\/#primaryimage","url":"https:\/\/informelitoral.com.ar\/%77%70%2d%63%6f%6e%74%65%6e%74\/uploads\/2022\/05\/1010x567_alberto-fernandez-martin-guzman-411771-135921.jpg","contentUrl":"https:\/\/informelitoral.com.ar\/%77%70%2d%63%6f%6e%74%65%6e%74\/uploads\/2022\/05\/1010x567_alberto-fernandez-martin-guzman-411771-135921.jpg","width":1010,"height":567},{"@type":"BreadcrumbList","@id":"https:\/\/informelitoral.com.ar\/avanza-la-primera-revision-del-programa-que-firmo-argentina-con-el-fmi\/#breadcrumb","itemListElement":[{"@type":"ListItem","position":1,"name":"Portada","item":"https:\/\/informelitoral.com.ar\/"},{"@type":"ListItem","position":2,"name":"Avanza la primera revisi\u00f3n del programa que firm\u00f3 Argentina con el FMI"}]},{"@type":"WebSite","@id":"https:\/\/informelitoral.com.ar\/#website","url":"https:\/\/informelitoral.com.ar\/","name":"Informe Litoral","description":"&quot;Nos informamos&quot; ","publisher":{"@id":"https:\/\/informelitoral.com.ar\/#organization"},"potentialAction":[{"@type":"SearchAction","target":{"@type":"EntryPoint","urlTemplate":"https:\/\/informelitoral.com.ar\/?s={search_term_string}"},"query-input":{"@type":"PropertyValueSpecification","valueRequired":true,"valueName":"search_term_string"}}],"inLanguage":"es"},{"@type":"Organization","@id":"https:\/\/informelitoral.com.ar\/#organization","name":"Informe Litoral","url":"https:\/\/informelitoral.com.ar\/","logo":{"@type":"ImageObject","inLanguage":"es","@id":"https:\/\/informelitoral.com.ar\/#\/schema\/logo\/image\/","url":"https:\/\/informelitoral.com.ar\/%77%70%2d%63%6f%6e%74%65%6e%74\/uploads\/2021\/01\/circulo.png","contentUrl":"https:\/\/informelitoral.com.ar\/%77%70%2d%63%6f%6e%74%65%6e%74\/uploads\/2021\/01\/circulo.png","width":723,"height":731,"caption":"Informe Litoral"},"image":{"@id":"https:\/\/informelitoral.com.ar\/#\/schema\/logo\/image\/"},"sameAs":["https:\/\/www.facebook.com\/informelitoral\/","https:\/\/x.com\/InformeLitoral","https:\/\/www.instagram.com\/informelitoral\/","https:\/\/www.youtube.com\/channel\/UCua4Qvz8Icb6MYqhoq9xLXw"]},{"@type":"Person","@id":"https:\/\/informelitoral.com.ar\/#\/schema\/person\/f05f9f461677119578717524b127d6d5","name":"Sebastian","image":{"@type":"ImageObject","inLanguage":"es","@id":"https:\/\/secure.gravatar.com\/avatar\/b71bf7481d447dfb9583c7f2798e7cc64de6efb9067b74633ed8c31059a3bd82?s=96&d=mm&r=g","url":"https:\/\/secure.gravatar.com\/avatar\/b71bf7481d447dfb9583c7f2798e7cc64de6efb9067b74633ed8c31059a3bd82?s=96&d=mm&r=g","contentUrl":"https:\/\/secure.gravatar.com\/avatar\/b71bf7481d447dfb9583c7f2798e7cc64de6efb9067b74633ed8c31059a3bd82?s=96&d=mm&r=g","caption":"Sebastian"},"url":"https:\/\/informelitoral.com.ar\/author\/sebastian\/"}]}},"_links":{"self":[{"href":"https:\/\/informelitoral.com.ar\/%77%70%2d%6a%73%6f%6e\/wp\/v2\/posts\/77701","targetHints":{"allow":["GET"]}}],"collection":[{"href":"https:\/\/informelitoral.com.ar\/%77%70%2d%6a%73%6f%6e\/wp\/v2\/posts"}],"about":[{"href":"https:\/\/informelitoral.com.ar\/%77%70%2d%6a%73%6f%6e\/wp\/v2\/types\/post"}],"author":[{"embeddable":true,"href":"https:\/\/informelitoral.com.ar\/%77%70%2d%6a%73%6f%6e\/wp\/v2\/users\/8"}],"replies":[{"embeddable":true,"href":"https:\/\/informelitoral.com.ar\/%77%70%2d%6a%73%6f%6e\/wp\/v2\/comments?post=77701"}],"version-history":[{"count":0,"href":"https:\/\/informelitoral.com.ar\/%77%70%2d%6a%73%6f%6e\/wp\/v2\/posts\/77701\/revisions"}],"wp:featuredmedia":[{"embeddable":true,"href":"https:\/\/informelitoral.com.ar\/%77%70%2d%6a%73%6f%6e\/wp\/v2\/media\/77702"}],"wp:attachment":[{"href":"https:\/\/informelitoral.com.ar\/%77%70%2d%6a%73%6f%6e\/wp\/v2\/media?parent=77701"}],"wp:term":[{"taxonomy":"category","embeddable":true,"href":"https:\/\/informelitoral.com.ar\/%77%70%2d%6a%73%6f%6e\/wp\/v2\/categories?post=77701"},{"taxonomy":"post_tag","embeddable":true,"href":"https:\/\/informelitoral.com.ar\/%77%70%2d%6a%73%6f%6e\/wp\/v2\/tags?post=77701"}],"curies":[{"name":"wp","href":"https:\/\/api.w.org\/{rel}","templated":true}]}}