{"id":77598,"date":"2022-05-13T08:32:43","date_gmt":"2022-05-13T11:32:43","guid":{"rendered":"https:\/\/www.informelitoral.com.ar\/?p=77598"},"modified":"2022-05-13T08:32:43","modified_gmt":"2022-05-13T11:32:43","slug":"bordet-firmo-un-convenio-con-nacion-para-el-fomento-de-exportaciones-y-sustitucion-de-importaciones","status":"publish","type":"post","link":"https:\/\/informelitoral.com.ar\/bordet-firmo-un-convenio-con-nacion-para-el-fomento-de-exportaciones-y-sustitucion-de-importaciones\/","title":{"rendered":"Bordet firm\u00f3 un convenio con Naci\u00f3n para el fomento de exportaciones y sustituci\u00f3n de importaciones"},"content":{"rendered":"<p>En la oportunidad se firm\u00f3 un convenio entre el gobierno nacional y provincial para la implementaci\u00f3n de una l\u00ednea de fomento de exportaciones por un monto total de 2.000 millones de pesos que estar\u00e1 destinada a Pymes de los sectores industrial, agroindustrial, porcino av\u00edcola y cultivo de econom\u00edas regionales con perfil exportador y para la implementaci\u00f3n de una l\u00ednea de sustituci\u00f3n de importaciones que cuenta con un monto total de 1.000 millones de pesos que se destinar\u00e1n a Pymes de los sectores autopartistas, laboratorios, minerias, fitosanitarios, petroleo, gas y quimica fina.<\/p>\n<p>\u00abPoder tener hoy esta reuni\u00f3n de trabajo aqu\u00ed en la ciudad de Paran\u00e1 con una agenda important\u00edsima que marca el ritmo de las exportaciones que tiene Entre R\u00edos con Estados Unidos\u201d, dijo el mandatario entrerriano.<\/p>\n<p>En ese marco coment\u00f3 que estuvo hablando con el Jefe de ministros, Juan Manzur, la semana pasada y esta semana \u201cpara poder implementar l\u00edneas de cr\u00e9dito que hoy se anunciaron para sectores productivos que generan divisas en cuanto a las exportaciones que realizan\u201d, indic\u00f3.<\/p>\n<p>\u201cHoy en nuestra agenda tenemos una reuni\u00f3n con todas c\u00e1maras, la Uni\u00f3n Industrial, con distintos sectores de la producci\u00f3n para poder conversar y, fundamentalmente, fijar bases para incrementar nuestras exportaciones, principalmente a Estados Unidos, pero tambi\u00e9n a otros destinos del mundo donde Entre R\u00edos exporta sus productos\u201d, se\u00f1al\u00f3.<\/p>\n<p>P\u00e1rrafo seguido, subray\u00f3 el hecho de poder trabajar con el gobierno Nacional en este sentido, \u201cresulta muy importante para la provincia, tener este acompa\u00f1amiento permanente del presidente de la Naci\u00f3n y del Jefe de gabinete de ministros, Juan Manzur\u201d, dijo y mencion\u00f3 que con el embajador Jorge Arg\u00fcello durante la pandemia mantuvimos varias reuniones virtuales, \u201cpara poder ir resolviendo temas puntales que se nos presentaban y tambi\u00e9n para aprovechar las oportunidades que se generan en aumentar nuestros saldo exportables a Estados Unidos\u201d.<\/p>\n<p>Por eso, \u201cla reuni\u00f3n que llevamos a cabo hoy es un corolario de varias anteriores que hemos tenido y ahora con la presencialidad poder tener mano a mano con los distintos sectores la posibilidad de plantear dificultades como en el caso citr\u00edcola que hace m\u00e1s de 20 a\u00f1os que se est\u00e1 queriendo ingresar a Estados Unidos y hay barreras para arancelar y distintos lobbies en aquel pa\u00eds\u201d, dijo y acot\u00f3 que \u201cEl embajador lo conoce perfectamente bien y lo hemos venido conversando y tenemos avances en ese sentido. As\u00ed que estaremos reunidos tambi\u00e9n con este sector que genera de manera directa pr\u00e1cticamente 25.000 puestos de trabajo en la provincia y de manera indirecta muchos m\u00e1s\u201d.<\/p>\n<p>Por \u00faltimo agradeci\u00f3 a todos los empresarios, a los de la Uni\u00f3n industrial, y a los productores \u201cque hoy se han dado cita ac\u00e1 para poder seguir avanzando en este camino que nos convoca para generar mayor riqueza en la provincia y tambi\u00e9n incrementar los niveles de empleo formal en la provincia de Entre R\u00edos\u201d, concluy\u00f3.<\/p>\n<p>Acompa\u00f1aron, la vicegobernadora Laura Stratta; el ministro de Producci\u00f3n, Turismo y Desarrollo Econ\u00f3mico, Juan Jos\u00e9 Bahillo; la ministra de Gobierno y Justicia, Rosario Romero; el secretario de Industria, Econom\u00eda del Conocimiento y Gesti\u00f3n Comercial Externa, Ariel Schale; el titular del Ente Nacional de Obras H\u00eddricas de Saneamiento (Enohsa), Enrique Cresto; el intendente de Paran\u00e1, Ad\u00e1n Bahl; el presidente de la honorable C\u00e1mara de Diputados, Angel Giano; y representantes de c\u00e1maras, empresas, cooperativas, legisladores provinciales y municipales.<\/p>\n<p><b>Seguir avanzando<\/b><br \/>\nPor su parte, Juan Manzur, dijo que la reuni\u00f3n tiene \u201cla idea de concretar esto que ya ven\u00eda trabajando el gobernador Gustavo Bordet, tanto con el embajador como con parte del equipo a nivel nacional. Esto tiene que ver con generar las condiciones para la inversi\u00f3n y favorecer todo lo que es la producci\u00f3n e incrementar el trabajo. Estos son los pilares centrales de la propuesta y de esta actividad que hoy se va a llevar adelante\u201d, precis\u00f3.<\/p>\n<p>\u201cEsto es la argentina que queremos y la Argentina con el cual estamos trabajando todos los d\u00edas\u201d, subray\u00f3 y detall\u00f3: \u201cArgentina viene exportando vol\u00famenes importantes, el desempleo ha mejorado, hay crecimiento en la Argentina. El a\u00f1o pasado tuvimos un crecimiento importante pero esto hay que sostenerlo y para eso hay que generar las condiciones\u201d.<\/p>\n<p>Y agreg\u00f3: Por eso hoy en una provincia como Entre R\u00edos, muy bien gobernada por Gustavo Bordet y con un potencial tremendo es este encuentro, para con todos los empresarios en forma conjunta generar los acuerdos necesarios para seguir avanzando\u201d.<\/p>\n<p>\u201cEstamos muy entusiasmados con esta iniciativa y esto tiene que ver b\u00e1sicamente con producci\u00f3n y m\u00e1s trabajo para Entre R\u00edos\u201d, concluy\u00f3 el Jefe de Ministros Juan Manzur.<\/p>\n<p><b>Encuentro importante<\/b><br \/>\nEn tanto, el embajador de Argentina en Estados Unidos, Jorge Arg\u00fcello, dijo que para \u00e9l es \u00abuna satisfacci\u00f3n\u201d volver a la provincia de Entre R\u00edos. \u201cPorque he estado presente virtualmente en muchas charlas con mi equipo desde la Embajada Argentina en Washington con el gobernador Bordet y su gabinete explorando las distintas alternativas que tenemos por delante\u00bb, precis\u00f3.<\/p>\n<p>En ese marco, detall\u00f3: \u00abvamos a hablar de arroz, de c\u00edtricos, de producci\u00f3n industrial y vamos a hablar del modo de encontrar los nuevos nichos de exportaci\u00f3n que la provincia de Entre R\u00edos tiene por delante\u00bb.<\/p>\n<p>Dicho eso, anticip\u00f3 que \u00abestamos trabajando en la visita del gobernador y su equipo a los Estados Unidos para tomar contacto de modo personal y directo en los pr\u00f3ximos meses con importadores, con autoridades de distintas \u00e1reas del gobierno de los Estados Unidos a los efectos de potenciar la capacidad exportadora de la provincia de Entre R\u00edos en los Estados Unidos.<\/p>\n<p>Tras ello, dijo que \u00abla posibilidad es inmensa y lo m\u00e1s importante de todo, lo que hace falta ,adem\u00e1s de aptitud que la provincia la tiene, es la actitud del gobierno de la provincia que est\u00e1 completamente convencido y embarcado en la tarea de potenciar y multiplicar la capacidad exportadora de la provincia\u201d, resalt\u00f3.<\/p>\n<p>Dicho eso menciono que el producto en el que tienen la perspectiva puesta para el ingreso al mercado de Estados Unidos \u201ces en el ingreso de los c\u00edtricos entrerrianos\u201d. \u201cNo hay ninguna raz\u00f3n, salvo la acci\u00f3n de lobbies con la que estamos en una compulsa permanente en Estados Unidos para que naranjas y mandarinas del otro lado del r\u00edo ingresen al mercado de los Estados Unidos y no ingresen los de este lado del rio. Evidentemente se trata ah\u00ed de una barrera no arancelaria que protege los intereses de la producci\u00f3n local en violaci\u00f3n de las normas de comercio\u201d, finaliz\u00f3.<\/p>\n<p>Durante el evento que se desarroll\u00f3 en el Centro Provincial de Convenciones de Paran\u00e1, el mandatario entrerriano y el intendente de Paran\u00e1, Ad\u00e1n Bahl, entregaron al jefe de gabinete de ministros de la Naci\u00f3n Juan Manzur, y al embajador de Argentina en Estados Unidos, Jorge Arg\u00fcello el decreto de hu\u00e9sped de honor .<\/p>\n","protected":false},"excerpt":{"rendered":"<p>El gobernador Gustavo Bordet, encabez\u00f3 este jueves junto al Jefe de Gabinete de Ministros de la Naci\u00f3n, Juan Manzur, un encuentro de trabajo con el Embajador Argentino en Estados Unidos, Jorge Arg\u00fcello y empresarios entrerrianos.<\/p>\n","protected":false},"author":8,"featured_media":77599,"comment_status":"open","ping_status":"open","sticky":false,"template":"","format":"standard","meta":{"fifu_image_url":"","fifu_image_alt":"","footnotes":""},"categories":[6],"tags":[167,227],"class_list":{"0":"post-77598","1":"post","2":"type-post","3":"status-publish","4":"format-standard","5":"has-post-thumbnail","7":"category-entre-rios","8":"tag-gustavo-bordet","9":"tag-importaciones"},"yoast_head":"<title>Bordet firm\u00f3 un convenio con Naci\u00f3n para el fomento de exportaciones y sustituci\u00f3n de importaciones - Informe Litoral<\/title>\n<meta name=\"robots\" content=\"index, follow, max-snippet:-1, max-image-preview:large, max-video-preview:-1\" \/>\n<link rel=\"canonical\" href=\"https:\/\/informelitoral.com.ar\/bordet-firmo-un-convenio-con-nacion-para-el-fomento-de-exportaciones-y-sustitucion-de-importaciones\/\" \/>\n<meta property=\"og:locale\" content=\"es_ES\" \/>\n<meta property=\"og:type\" content=\"article\" \/>\n<meta property=\"og:title\" content=\"Bordet firm\u00f3 un convenio con Naci\u00f3n para el fomento de exportaciones y sustituci\u00f3n de importaciones - Informe Litoral\" \/>\n<meta property=\"og:description\" content=\"El gobernador Gustavo Bordet, encabez\u00f3 este jueves junto al Jefe de Gabinete de Ministros de la Naci\u00f3n, Juan Manzur, un encuentro de trabajo con el Embajador Argentino en Estados Unidos, Jorge Arg\u00fcello y empresarios entrerrianos.\" \/>\n<meta property=\"og:url\" content=\"https:\/\/informelitoral.com.ar\/bordet-firmo-un-convenio-con-nacion-para-el-fomento-de-exportaciones-y-sustitucion-de-importaciones\/\" \/>\n<meta property=\"og:site_name\" content=\"Informe Litoral\" \/>\n<meta property=\"article:publisher\" content=\"https:\/\/www.facebook.com\/informelitoral\/\" \/>\n<meta property=\"article:published_time\" content=\"2022-05-13T11:32:43+00:00\" \/>\n<meta property=\"og:image\" content=\"https:\/\/informelitoral.com.ar\/%77%70%2d%63%6f%6e%74%65%6e%74\/uploads\/2022\/05\/p_1652399595.jpg\" \/>\n\t<meta property=\"og:image:width\" content=\"1920\" \/>\n\t<meta property=\"og:image:height\" content=\"800\" \/>\n\t<meta property=\"og:image:type\" content=\"image\/jpeg\" \/>\n<meta name=\"author\" content=\"Sebastian\" \/>\n<meta name=\"twitter:card\" content=\"summary_large_image\" \/>\n<meta name=\"twitter:creator\" content=\"@InformeLitoral\" \/>\n<meta name=\"twitter:site\" content=\"@InformeLitoral\" \/>\n<meta name=\"twitter:label1\" content=\"Escrito por\" \/>\n\t<meta name=\"twitter:data1\" content=\"Sebastian\" \/>\n\t<meta name=\"twitter:label2\" content=\"Tiempo de lectura\" \/>\n\t<meta name=\"twitter:data2\" content=\"6 minutos\" \/>\n<script type=\"application\/ld+json\" class=\"yoast-schema-graph\">{\"@context\":\"https:\\\/\\\/schema.org\",\"@graph\":[{\"@type\":\"Article\",\"@id\":\"https:\\\/\\\/informelitoral.com.ar\\\/bordet-firmo-un-convenio-con-nacion-para-el-fomento-de-exportaciones-y-sustitucion-de-importaciones\\\/#article\",\"isPartOf\":{\"@id\":\"https:\\\/\\\/informelitoral.com.ar\\\/bordet-firmo-un-convenio-con-nacion-para-el-fomento-de-exportaciones-y-sustitucion-de-importaciones\\\/\"},\"author\":{\"name\":\"Sebastian\",\"@id\":\"https:\\\/\\\/informelitoral.com.ar\\\/#\\\/schema\\\/person\\\/f05f9f461677119578717524b127d6d5\"},\"headline\":\"Bordet firm\u00f3 un convenio con Naci\u00f3n para el fomento de exportaciones y sustituci\u00f3n de importaciones\",\"datePublished\":\"2022-05-13T11:32:43+00:00\",\"mainEntityOfPage\":{\"@id\":\"https:\\\/\\\/informelitoral.com.ar\\\/bordet-firmo-un-convenio-con-nacion-para-el-fomento-de-exportaciones-y-sustitucion-de-importaciones\\\/\"},\"wordCount\":1202,\"commentCount\":0,\"publisher\":{\"@id\":\"https:\\\/\\\/informelitoral.com.ar\\\/#organization\"},\"image\":{\"@id\":\"https:\\\/\\\/informelitoral.com.ar\\\/bordet-firmo-un-convenio-con-nacion-para-el-fomento-de-exportaciones-y-sustitucion-de-importaciones\\\/#primaryimage\"},\"thumbnailUrl\":\"https:\\\/\\\/informelitoral.com.ar\\\/%77%70%2d%63%6f%6e%74%65%6e%74\\\/uploads\\\/2022\\\/05\\\/p_1652399595.jpg\",\"keywords\":[\"Gustavo Bordet\",\"Importaciones\"],\"articleSection\":[\"Entre R\u00edos\"],\"inLanguage\":\"es\",\"potentialAction\":[{\"@type\":\"CommentAction\",\"name\":\"Comment\",\"target\":[\"https:\\\/\\\/informelitoral.com.ar\\\/bordet-firmo-un-convenio-con-nacion-para-el-fomento-de-exportaciones-y-sustitucion-de-importaciones\\\/#respond\"]}]},{\"@type\":\"WebPage\",\"@id\":\"https:\\\/\\\/informelitoral.com.ar\\\/bordet-firmo-un-convenio-con-nacion-para-el-fomento-de-exportaciones-y-sustitucion-de-importaciones\\\/\",\"url\":\"https:\\\/\\\/informelitoral.com.ar\\\/bordet-firmo-un-convenio-con-nacion-para-el-fomento-de-exportaciones-y-sustitucion-de-importaciones\\\/\",\"name\":\"Bordet firm\u00f3 un convenio con Naci\u00f3n para el fomento de exportaciones y sustituci\u00f3n de importaciones - Informe Litoral\",\"isPartOf\":{\"@id\":\"https:\\\/\\\/informelitoral.com.ar\\\/#website\"},\"primaryImageOfPage\":{\"@id\":\"https:\\\/\\\/informelitoral.com.ar\\\/bordet-firmo-un-convenio-con-nacion-para-el-fomento-de-exportaciones-y-sustitucion-de-importaciones\\\/#primaryimage\"},\"image\":{\"@id\":\"https:\\\/\\\/informelitoral.com.ar\\\/bordet-firmo-un-convenio-con-nacion-para-el-fomento-de-exportaciones-y-sustitucion-de-importaciones\\\/#primaryimage\"},\"thumbnailUrl\":\"https:\\\/\\\/informelitoral.com.ar\\\/%77%70%2d%63%6f%6e%74%65%6e%74\\\/uploads\\\/2022\\\/05\\\/p_1652399595.jpg\",\"datePublished\":\"2022-05-13T11:32:43+00:00\",\"breadcrumb\":{\"@id\":\"https:\\\/\\\/informelitoral.com.ar\\\/bordet-firmo-un-convenio-con-nacion-para-el-fomento-de-exportaciones-y-sustitucion-de-importaciones\\\/#breadcrumb\"},\"inLanguage\":\"es\",\"potentialAction\":[{\"@type\":\"ReadAction\",\"target\":[\"https:\\\/\\\/informelitoral.com.ar\\\/bordet-firmo-un-convenio-con-nacion-para-el-fomento-de-exportaciones-y-sustitucion-de-importaciones\\\/\"]}]},{\"@type\":\"ImageObject\",\"inLanguage\":\"es\",\"@id\":\"https:\\\/\\\/informelitoral.com.ar\\\/bordet-firmo-un-convenio-con-nacion-para-el-fomento-de-exportaciones-y-sustitucion-de-importaciones\\\/#primaryimage\",\"url\":\"https:\\\/\\\/informelitoral.com.ar\\\/%77%70%2d%63%6f%6e%74%65%6e%74\\\/uploads\\\/2022\\\/05\\\/p_1652399595.jpg\",\"contentUrl\":\"https:\\\/\\\/informelitoral.com.ar\\\/%77%70%2d%63%6f%6e%74%65%6e%74\\\/uploads\\\/2022\\\/05\\\/p_1652399595.jpg\",\"width\":1920,\"height\":800},{\"@type\":\"BreadcrumbList\",\"@id\":\"https:\\\/\\\/informelitoral.com.ar\\\/bordet-firmo-un-convenio-con-nacion-para-el-fomento-de-exportaciones-y-sustitucion-de-importaciones\\\/#breadcrumb\",\"itemListElement\":[{\"@type\":\"ListItem\",\"position\":1,\"name\":\"Portada\",\"item\":\"https:\\\/\\\/informelitoral.com.ar\\\/\"},{\"@type\":\"ListItem\",\"position\":2,\"name\":\"Bordet firm\u00f3 un convenio con Naci\u00f3n para el fomento de exportaciones y sustituci\u00f3n de importaciones\"}]},{\"@type\":\"WebSite\",\"@id\":\"https:\\\/\\\/informelitoral.com.ar\\\/#website\",\"url\":\"https:\\\/\\\/informelitoral.com.ar\\\/\",\"name\":\"Informe Litoral\",\"description\":\"&quot;Nos informamos&quot; \",\"publisher\":{\"@id\":\"https:\\\/\\\/informelitoral.com.ar\\\/#organization\"},\"potentialAction\":[{\"@type\":\"SearchAction\",\"target\":{\"@type\":\"EntryPoint\",\"urlTemplate\":\"https:\\\/\\\/informelitoral.com.ar\\\/?s={search_term_string}\"},\"query-input\":{\"@type\":\"PropertyValueSpecification\",\"valueRequired\":true,\"valueName\":\"search_term_string\"}}],\"inLanguage\":\"es\"},{\"@type\":\"Organization\",\"@id\":\"https:\\\/\\\/informelitoral.com.ar\\\/#organization\",\"name\":\"Informe Litoral\",\"url\":\"https:\\\/\\\/informelitoral.com.ar\\\/\",\"logo\":{\"@type\":\"ImageObject\",\"inLanguage\":\"es\",\"@id\":\"https:\\\/\\\/informelitoral.com.ar\\\/#\\\/schema\\\/logo\\\/image\\\/\",\"url\":\"https:\\\/\\\/informelitoral.com.ar\\\/%77%70%2d%63%6f%6e%74%65%6e%74\\\/uploads\\\/2021\\\/01\\\/circulo.png\",\"contentUrl\":\"https:\\\/\\\/informelitoral.com.ar\\\/%77%70%2d%63%6f%6e%74%65%6e%74\\\/uploads\\\/2021\\\/01\\\/circulo.png\",\"width\":723,\"height\":731,\"caption\":\"Informe Litoral\"},\"image\":{\"@id\":\"https:\\\/\\\/informelitoral.com.ar\\\/#\\\/schema\\\/logo\\\/image\\\/\"},\"sameAs\":[\"https:\\\/\\\/www.facebook.com\\\/informelitoral\\\/\",\"https:\\\/\\\/x.com\\\/InformeLitoral\",\"https:\\\/\\\/www.instagram.com\\\/informelitoral\\\/\",\"https:\\\/\\\/www.youtube.com\\\/channel\\\/UCua4Qvz8Icb6MYqhoq9xLXw\"]},{\"@type\":\"Person\",\"@id\":\"https:\\\/\\\/informelitoral.com.ar\\\/#\\\/schema\\\/person\\\/f05f9f461677119578717524b127d6d5\",\"name\":\"Sebastian\",\"image\":{\"@type\":\"ImageObject\",\"inLanguage\":\"es\",\"@id\":\"https:\\\/\\\/secure.gravatar.com\\\/avatar\\\/b71bf7481d447dfb9583c7f2798e7cc64de6efb9067b74633ed8c31059a3bd82?s=96&d=mm&r=g\",\"url\":\"https:\\\/\\\/secure.gravatar.com\\\/avatar\\\/b71bf7481d447dfb9583c7f2798e7cc64de6efb9067b74633ed8c31059a3bd82?s=96&d=mm&r=g\",\"contentUrl\":\"https:\\\/\\\/secure.gravatar.com\\\/avatar\\\/b71bf7481d447dfb9583c7f2798e7cc64de6efb9067b74633ed8c31059a3bd82?s=96&d=mm&r=g\",\"caption\":\"Sebastian\"},\"url\":\"https:\\\/\\\/informelitoral.com.ar\\\/author\\\/sebastian\\\/\"}]}<\/script>","yoast_head_json":{"title":"Bordet firm\u00f3 un convenio con Naci\u00f3n para el fomento de exportaciones y sustituci\u00f3n de importaciones - Informe Litoral","robots":{"index":"index","follow":"follow","max-snippet":"max-snippet:-1","max-image-preview":"max-image-preview:large","max-video-preview":"max-video-preview:-1"},"canonical":"https:\/\/informelitoral.com.ar\/bordet-firmo-un-convenio-con-nacion-para-el-fomento-de-exportaciones-y-sustitucion-de-importaciones\/","og_locale":"es_ES","og_type":"article","og_title":"Bordet firm\u00f3 un convenio con Naci\u00f3n para el fomento de exportaciones y sustituci\u00f3n de importaciones - Informe Litoral","og_description":"El gobernador Gustavo Bordet, encabez\u00f3 este jueves junto al Jefe de Gabinete de Ministros de la Naci\u00f3n, Juan Manzur, un encuentro de trabajo con el Embajador Argentino en Estados Unidos, Jorge Arg\u00fcello y empresarios entrerrianos.","og_url":"https:\/\/informelitoral.com.ar\/bordet-firmo-un-convenio-con-nacion-para-el-fomento-de-exportaciones-y-sustitucion-de-importaciones\/","og_site_name":"Informe Litoral","article_publisher":"https:\/\/www.facebook.com\/informelitoral\/","article_published_time":"2022-05-13T11:32:43+00:00","og_image":[{"width":1920,"height":800,"url":"https:\/\/informelitoral.com.ar\/%77%70%2d%63%6f%6e%74%65%6e%74\/uploads\/2022\/05\/p_1652399595.jpg","type":"image\/jpeg"}],"author":"Sebastian","twitter_card":"summary_large_image","twitter_creator":"@InformeLitoral","twitter_site":"@InformeLitoral","twitter_misc":{"Escrito por":"Sebastian","Tiempo de lectura":"6 minutos"},"schema":{"@context":"https:\/\/schema.org","@graph":[{"@type":"Article","@id":"https:\/\/informelitoral.com.ar\/bordet-firmo-un-convenio-con-nacion-para-el-fomento-de-exportaciones-y-sustitucion-de-importaciones\/#article","isPartOf":{"@id":"https:\/\/informelitoral.com.ar\/bordet-firmo-un-convenio-con-nacion-para-el-fomento-de-exportaciones-y-sustitucion-de-importaciones\/"},"author":{"name":"Sebastian","@id":"https:\/\/informelitoral.com.ar\/#\/schema\/person\/f05f9f461677119578717524b127d6d5"},"headline":"Bordet firm\u00f3 un convenio con Naci\u00f3n para el fomento de exportaciones y sustituci\u00f3n de importaciones","datePublished":"2022-05-13T11:32:43+00:00","mainEntityOfPage":{"@id":"https:\/\/informelitoral.com.ar\/bordet-firmo-un-convenio-con-nacion-para-el-fomento-de-exportaciones-y-sustitucion-de-importaciones\/"},"wordCount":1202,"commentCount":0,"publisher":{"@id":"https:\/\/informelitoral.com.ar\/#organization"},"image":{"@id":"https:\/\/informelitoral.com.ar\/bordet-firmo-un-convenio-con-nacion-para-el-fomento-de-exportaciones-y-sustitucion-de-importaciones\/#primaryimage"},"thumbnailUrl":"https:\/\/informelitoral.com.ar\/%77%70%2d%63%6f%6e%74%65%6e%74\/uploads\/2022\/05\/p_1652399595.jpg","keywords":["Gustavo Bordet","Importaciones"],"articleSection":["Entre R\u00edos"],"inLanguage":"es","potentialAction":[{"@type":"CommentAction","name":"Comment","target":["https:\/\/informelitoral.com.ar\/bordet-firmo-un-convenio-con-nacion-para-el-fomento-de-exportaciones-y-sustitucion-de-importaciones\/#respond"]}]},{"@type":"WebPage","@id":"https:\/\/informelitoral.com.ar\/bordet-firmo-un-convenio-con-nacion-para-el-fomento-de-exportaciones-y-sustitucion-de-importaciones\/","url":"https:\/\/informelitoral.com.ar\/bordet-firmo-un-convenio-con-nacion-para-el-fomento-de-exportaciones-y-sustitucion-de-importaciones\/","name":"Bordet firm\u00f3 un convenio con Naci\u00f3n para el fomento de exportaciones y sustituci\u00f3n de importaciones - Informe Litoral","isPartOf":{"@id":"https:\/\/informelitoral.com.ar\/#website"},"primaryImageOfPage":{"@id":"https:\/\/informelitoral.com.ar\/bordet-firmo-un-convenio-con-nacion-para-el-fomento-de-exportaciones-y-sustitucion-de-importaciones\/#primaryimage"},"image":{"@id":"https:\/\/informelitoral.com.ar\/bordet-firmo-un-convenio-con-nacion-para-el-fomento-de-exportaciones-y-sustitucion-de-importaciones\/#primaryimage"},"thumbnailUrl":"https:\/\/informelitoral.com.ar\/%77%70%2d%63%6f%6e%74%65%6e%74\/uploads\/2022\/05\/p_1652399595.jpg","datePublished":"2022-05-13T11:32:43+00:00","breadcrumb":{"@id":"https:\/\/informelitoral.com.ar\/bordet-firmo-un-convenio-con-nacion-para-el-fomento-de-exportaciones-y-sustitucion-de-importaciones\/#breadcrumb"},"inLanguage":"es","potentialAction":[{"@type":"ReadAction","target":["https:\/\/informelitoral.com.ar\/bordet-firmo-un-convenio-con-nacion-para-el-fomento-de-exportaciones-y-sustitucion-de-importaciones\/"]}]},{"@type":"ImageObject","inLanguage":"es","@id":"https:\/\/informelitoral.com.ar\/bordet-firmo-un-convenio-con-nacion-para-el-fomento-de-exportaciones-y-sustitucion-de-importaciones\/#primaryimage","url":"https:\/\/informelitoral.com.ar\/%77%70%2d%63%6f%6e%74%65%6e%74\/uploads\/2022\/05\/p_1652399595.jpg","contentUrl":"https:\/\/informelitoral.com.ar\/%77%70%2d%63%6f%6e%74%65%6e%74\/uploads\/2022\/05\/p_1652399595.jpg","width":1920,"height":800},{"@type":"BreadcrumbList","@id":"https:\/\/informelitoral.com.ar\/bordet-firmo-un-convenio-con-nacion-para-el-fomento-de-exportaciones-y-sustitucion-de-importaciones\/#breadcrumb","itemListElement":[{"@type":"ListItem","position":1,"name":"Portada","item":"https:\/\/informelitoral.com.ar\/"},{"@type":"ListItem","position":2,"name":"Bordet firm\u00f3 un convenio con Naci\u00f3n para el fomento de exportaciones y sustituci\u00f3n de importaciones"}]},{"@type":"WebSite","@id":"https:\/\/informelitoral.com.ar\/#website","url":"https:\/\/informelitoral.com.ar\/","name":"Informe Litoral","description":"&quot;Nos informamos&quot; ","publisher":{"@id":"https:\/\/informelitoral.com.ar\/#organization"},"potentialAction":[{"@type":"SearchAction","target":{"@type":"EntryPoint","urlTemplate":"https:\/\/informelitoral.com.ar\/?s={search_term_string}"},"query-input":{"@type":"PropertyValueSpecification","valueRequired":true,"valueName":"search_term_string"}}],"inLanguage":"es"},{"@type":"Organization","@id":"https:\/\/informelitoral.com.ar\/#organization","name":"Informe Litoral","url":"https:\/\/informelitoral.com.ar\/","logo":{"@type":"ImageObject","inLanguage":"es","@id":"https:\/\/informelitoral.com.ar\/#\/schema\/logo\/image\/","url":"https:\/\/informelitoral.com.ar\/%77%70%2d%63%6f%6e%74%65%6e%74\/uploads\/2021\/01\/circulo.png","contentUrl":"https:\/\/informelitoral.com.ar\/%77%70%2d%63%6f%6e%74%65%6e%74\/uploads\/2021\/01\/circulo.png","width":723,"height":731,"caption":"Informe Litoral"},"image":{"@id":"https:\/\/informelitoral.com.ar\/#\/schema\/logo\/image\/"},"sameAs":["https:\/\/www.facebook.com\/informelitoral\/","https:\/\/x.com\/InformeLitoral","https:\/\/www.instagram.com\/informelitoral\/","https:\/\/www.youtube.com\/channel\/UCua4Qvz8Icb6MYqhoq9xLXw"]},{"@type":"Person","@id":"https:\/\/informelitoral.com.ar\/#\/schema\/person\/f05f9f461677119578717524b127d6d5","name":"Sebastian","image":{"@type":"ImageObject","inLanguage":"es","@id":"https:\/\/secure.gravatar.com\/avatar\/b71bf7481d447dfb9583c7f2798e7cc64de6efb9067b74633ed8c31059a3bd82?s=96&d=mm&r=g","url":"https:\/\/secure.gravatar.com\/avatar\/b71bf7481d447dfb9583c7f2798e7cc64de6efb9067b74633ed8c31059a3bd82?s=96&d=mm&r=g","contentUrl":"https:\/\/secure.gravatar.com\/avatar\/b71bf7481d447dfb9583c7f2798e7cc64de6efb9067b74633ed8c31059a3bd82?s=96&d=mm&r=g","caption":"Sebastian"},"url":"https:\/\/informelitoral.com.ar\/author\/sebastian\/"}]}},"_links":{"self":[{"href":"https:\/\/informelitoral.com.ar\/%77%70%2d%6a%73%6f%6e\/wp\/v2\/posts\/77598","targetHints":{"allow":["GET"]}}],"collection":[{"href":"https:\/\/informelitoral.com.ar\/%77%70%2d%6a%73%6f%6e\/wp\/v2\/posts"}],"about":[{"href":"https:\/\/informelitoral.com.ar\/%77%70%2d%6a%73%6f%6e\/wp\/v2\/types\/post"}],"author":[{"embeddable":true,"href":"https:\/\/informelitoral.com.ar\/%77%70%2d%6a%73%6f%6e\/wp\/v2\/users\/8"}],"replies":[{"embeddable":true,"href":"https:\/\/informelitoral.com.ar\/%77%70%2d%6a%73%6f%6e\/wp\/v2\/comments?post=77598"}],"version-history":[{"count":0,"href":"https:\/\/informelitoral.com.ar\/%77%70%2d%6a%73%6f%6e\/wp\/v2\/posts\/77598\/revisions"}],"wp:featuredmedia":[{"embeddable":true,"href":"https:\/\/informelitoral.com.ar\/%77%70%2d%6a%73%6f%6e\/wp\/v2\/media\/77599"}],"wp:attachment":[{"href":"https:\/\/informelitoral.com.ar\/%77%70%2d%6a%73%6f%6e\/wp\/v2\/media?parent=77598"}],"wp:term":[{"taxonomy":"category","embeddable":true,"href":"https:\/\/informelitoral.com.ar\/%77%70%2d%6a%73%6f%6e\/wp\/v2\/categories?post=77598"},{"taxonomy":"post_tag","embeddable":true,"href":"https:\/\/informelitoral.com.ar\/%77%70%2d%6a%73%6f%6e\/wp\/v2\/tags?post=77598"}],"curies":[{"name":"wp","href":"https:\/\/api.w.org\/{rel}","templated":true}]}}