{"id":77550,"date":"2022-05-12T09:03:53","date_gmt":"2022-05-12T12:03:53","guid":{"rendered":"https:\/\/www.informelitoral.com.ar\/?p=77550"},"modified":"2022-05-12T09:03:53","modified_gmt":"2022-05-12T12:03:53","slug":"en-el-inicio-de-a-todo-trigo-el-gobierno-lanzo-un-plan-para-llegar-a-25-millones-de-toneladas-del-cereal","status":"publish","type":"post","link":"https:\/\/informelitoral.com.ar\/en-el-inicio-de-a-todo-trigo-el-gobierno-lanzo-un-plan-para-llegar-a-25-millones-de-toneladas-del-cereal\/","title":{"rendered":"En el inicio de A Todo Trigo, el Gobierno lanz\u00f3 un plan para llegar a 25 millones de toneladas del cereal"},"content":{"rendered":"<p>El\u00a0<strong>Ministerio de Agricultura, Ganader\u00eda y Pesca de la Naci\u00f3n<\/strong>\u00a0lanz\u00f3 este jueves el\u00a0<strong>\u201cPlan Argentina 25 MT\u201d<\/strong>, a trav\u00e9s de una\u00a0<strong>resoluci\u00f3n publicada en el Bolet\u00edn Oficial<\/strong>.<\/p>\n<p>Se trata de una\u00a0<strong>iniciativa que apunta a alcanzar un volumen de producci\u00f3n de 25 millones de toneladas del cereal<\/strong>, una cifra nunca lograda en la historia argentina \u2013<strong>el r\u00e9cord de la \u00faltima campa\u00f1a fue de 22,1 millones<\/strong>\u2013, para conseguir tambi\u00e9n otros hitos:<\/p>\n<ul>\n<li>Que\u00a0<strong>se industrialicen y transformen en harinas<\/strong>, para consumo interno y exportaci\u00f3n,<strong>\u00a09 millones de toneladas<\/strong>\u00a0(actualmente son 7,5 millones, con una capacidad instalada de la industria molinera de 12 millones)<\/li>\n<li>Que\u00a0<strong>se exporten como granos 16 millones de toneladas<\/strong>\u00a0(el r\u00e9cord es de 13 millones y el promedio de los \u00faltimos a\u00f1os ronda los 12,2 millones).<\/li>\n<\/ul>\n<p>Para el Gobierno, es una oportunidad de seguir haciendo crecer una cadena que hoy\u00a0<strong>abastece a nivel mundial a 46 pa\u00edses<\/strong>\u00a0y que\u00a0<strong>involucra a alrededor de 38.000 productores<\/strong>\u00a0a nivel nacional.<\/p>\n<h4><strong>EL TRIGO Y LAS BRECHAS PRODUCTIVAS<\/strong><\/h4>\n<p>En este marco, el Plan 25 MT \u2013que\u00a0<strong>tendr\u00e1 una duraci\u00f3n inicial de tres a\u00f1os (prorrogables)<\/strong>\u2013 incluye la creaci\u00f3n de un\u00a0<strong>programa denominado \u201cCerrando Brechas Productivas\u201d<\/strong>.<\/p>\n<p>Esa es la apuesta para incrementar la producci\u00f3n:\u00a0<strong>acercar los pisos de rendimiento a los techos<\/strong>, por medio de la incorporaci\u00f3n de tecnolog\u00eda y de mejoras gen\u00e9ticas.<\/p>\n<p>\u201c<strong>Existe un potencial de crecimiento en la producci\u00f3n vinculado al cierre de las denominadas brechas productivas<\/strong>\u00a0entre los segmentos m\u00e1s y menos tecnificados. Una de estas herramientas es el\u00a0<strong>asesoramiento a los segmentos menos tecnificados<\/strong>\u00a0para acortar estas brechas\u201d, se\u00f1ala el texto normativo.<\/p>\n<p>Y agrega: \u201cEl mejoramiento gen\u00e9tico del trigo es llevado adelante en su mayor parte por empresas y cooperativas nacionales de larga trayectoria por lo que\u00a0<strong>resulta necesario promover su actividad en pos de un desarrollo productivo respetuoso del ambiente<\/strong>. En consonancia con ello, es necesario promover el<strong>\u00a0lanzamiento de variedades de mayor potencial, sanidad y adaptaci\u00f3n<\/strong>\u201d.(<em>Infocampo<\/em>)<\/p>\n","protected":false},"excerpt":{"rendered":"<p>Se denomina \u201cPlan Argentina 25 MT\u201d y apunta adem\u00e1s a aumentar a 9 millones de toneladas el volumen que se industrializa y a 16 millones de toneladas la cifra que se exporta.<\/p>\n","protected":false},"author":8,"featured_media":77551,"comment_status":"open","ping_status":"open","sticky":false,"template":"","format":"standard","meta":{"fifu_image_url":"","fifu_image_alt":"","footnotes":""},"categories":[10],"tags":[2140,339],"class_list":{"0":"post-77550","1":"post","2":"type-post","3":"status-publish","4":"format-standard","5":"has-post-thumbnail","7":"category-campo","8":"tag-plan","9":"tag-trigo"},"yoast_head":"<title>En el inicio de A Todo Trigo, el Gobierno lanz\u00f3 un plan para llegar a 25 millones de toneladas del cereal - Informe Litoral<\/title>\n<meta name=\"robots\" content=\"index, follow, max-snippet:-1, max-image-preview:large, max-video-preview:-1\" \/>\n<link rel=\"canonical\" href=\"https:\/\/informelitoral.com.ar\/en-el-inicio-de-a-todo-trigo-el-gobierno-lanzo-un-plan-para-llegar-a-25-millones-de-toneladas-del-cereal\/\" \/>\n<meta property=\"og:locale\" content=\"es_ES\" \/>\n<meta property=\"og:type\" content=\"article\" \/>\n<meta property=\"og:title\" content=\"En el inicio de A Todo Trigo, el Gobierno lanz\u00f3 un plan para llegar a 25 millones de toneladas del cereal - Informe Litoral\" \/>\n<meta property=\"og:description\" content=\"Se denomina \u201cPlan Argentina 25 MT\u201d y apunta adem\u00e1s a aumentar a 9 millones de toneladas el volumen que se industrializa y a 16 millones de toneladas la cifra que se exporta.\" \/>\n<meta property=\"og:url\" content=\"https:\/\/informelitoral.com.ar\/en-el-inicio-de-a-todo-trigo-el-gobierno-lanzo-un-plan-para-llegar-a-25-millones-de-toneladas-del-cereal\/\" \/>\n<meta property=\"og:site_name\" content=\"Informe Litoral\" \/>\n<meta property=\"article:publisher\" content=\"https:\/\/www.facebook.com\/informelitoral\/\" \/>\n<meta property=\"article:published_time\" content=\"2022-05-12T12:03:53+00:00\" \/>\n<meta property=\"og:image\" content=\"https:\/\/informelitoral.com.ar\/%77%70%2d%63%6f%6e%74%65%6e%74\/uploads\/2022\/05\/soja-cosechadora-1-696x392-1.jpg\" \/>\n\t<meta property=\"og:image:width\" content=\"696\" \/>\n\t<meta property=\"og:image:height\" content=\"392\" \/>\n\t<meta property=\"og:image:type\" content=\"image\/jpeg\" \/>\n<meta name=\"author\" content=\"Sebastian\" \/>\n<meta name=\"twitter:card\" content=\"summary_large_image\" \/>\n<meta name=\"twitter:creator\" content=\"@InformeLitoral\" \/>\n<meta name=\"twitter:site\" content=\"@InformeLitoral\" \/>\n<meta name=\"twitter:label1\" content=\"Escrito por\" \/>\n\t<meta name=\"twitter:data1\" content=\"Sebastian\" \/>\n\t<meta name=\"twitter:label2\" content=\"Tiempo de lectura\" \/>\n\t<meta name=\"twitter:data2\" content=\"2 minutos\" \/>\n<script type=\"application\/ld+json\" class=\"yoast-schema-graph\">{\"@context\":\"https:\\\/\\\/schema.org\",\"@graph\":[{\"@type\":\"Article\",\"@id\":\"https:\\\/\\\/informelitoral.com.ar\\\/en-el-inicio-de-a-todo-trigo-el-gobierno-lanzo-un-plan-para-llegar-a-25-millones-de-toneladas-del-cereal\\\/#article\",\"isPartOf\":{\"@id\":\"https:\\\/\\\/informelitoral.com.ar\\\/en-el-inicio-de-a-todo-trigo-el-gobierno-lanzo-un-plan-para-llegar-a-25-millones-de-toneladas-del-cereal\\\/\"},\"author\":{\"name\":\"Sebastian\",\"@id\":\"https:\\\/\\\/informelitoral.com.ar\\\/#\\\/schema\\\/person\\\/f05f9f461677119578717524b127d6d5\"},\"headline\":\"En el inicio de A Todo Trigo, el Gobierno lanz\u00f3 un plan para llegar a 25 millones de toneladas del cereal\",\"datePublished\":\"2022-05-12T12:03:53+00:00\",\"mainEntityOfPage\":{\"@id\":\"https:\\\/\\\/informelitoral.com.ar\\\/en-el-inicio-de-a-todo-trigo-el-gobierno-lanzo-un-plan-para-llegar-a-25-millones-de-toneladas-del-cereal\\\/\"},\"wordCount\":352,\"commentCount\":0,\"publisher\":{\"@id\":\"https:\\\/\\\/informelitoral.com.ar\\\/#organization\"},\"image\":{\"@id\":\"https:\\\/\\\/informelitoral.com.ar\\\/en-el-inicio-de-a-todo-trigo-el-gobierno-lanzo-un-plan-para-llegar-a-25-millones-de-toneladas-del-cereal\\\/#primaryimage\"},\"thumbnailUrl\":\"https:\\\/\\\/informelitoral.com.ar\\\/%77%70%2d%63%6f%6e%74%65%6e%74\\\/uploads\\\/2022\\\/05\\\/soja-cosechadora-1-696x392-1.jpg\",\"keywords\":[\"Plan\",\"Trigo\"],\"articleSection\":[\"Campo\"],\"inLanguage\":\"es\",\"potentialAction\":[{\"@type\":\"CommentAction\",\"name\":\"Comment\",\"target\":[\"https:\\\/\\\/informelitoral.com.ar\\\/en-el-inicio-de-a-todo-trigo-el-gobierno-lanzo-un-plan-para-llegar-a-25-millones-de-toneladas-del-cereal\\\/#respond\"]}]},{\"@type\":\"WebPage\",\"@id\":\"https:\\\/\\\/informelitoral.com.ar\\\/en-el-inicio-de-a-todo-trigo-el-gobierno-lanzo-un-plan-para-llegar-a-25-millones-de-toneladas-del-cereal\\\/\",\"url\":\"https:\\\/\\\/informelitoral.com.ar\\\/en-el-inicio-de-a-todo-trigo-el-gobierno-lanzo-un-plan-para-llegar-a-25-millones-de-toneladas-del-cereal\\\/\",\"name\":\"En el inicio de A Todo Trigo, el Gobierno lanz\u00f3 un plan para llegar a 25 millones de toneladas del cereal - Informe Litoral\",\"isPartOf\":{\"@id\":\"https:\\\/\\\/informelitoral.com.ar\\\/#website\"},\"primaryImageOfPage\":{\"@id\":\"https:\\\/\\\/informelitoral.com.ar\\\/en-el-inicio-de-a-todo-trigo-el-gobierno-lanzo-un-plan-para-llegar-a-25-millones-de-toneladas-del-cereal\\\/#primaryimage\"},\"image\":{\"@id\":\"https:\\\/\\\/informelitoral.com.ar\\\/en-el-inicio-de-a-todo-trigo-el-gobierno-lanzo-un-plan-para-llegar-a-25-millones-de-toneladas-del-cereal\\\/#primaryimage\"},\"thumbnailUrl\":\"https:\\\/\\\/informelitoral.com.ar\\\/%77%70%2d%63%6f%6e%74%65%6e%74\\\/uploads\\\/2022\\\/05\\\/soja-cosechadora-1-696x392-1.jpg\",\"datePublished\":\"2022-05-12T12:03:53+00:00\",\"breadcrumb\":{\"@id\":\"https:\\\/\\\/informelitoral.com.ar\\\/en-el-inicio-de-a-todo-trigo-el-gobierno-lanzo-un-plan-para-llegar-a-25-millones-de-toneladas-del-cereal\\\/#breadcrumb\"},\"inLanguage\":\"es\",\"potentialAction\":[{\"@type\":\"ReadAction\",\"target\":[\"https:\\\/\\\/informelitoral.com.ar\\\/en-el-inicio-de-a-todo-trigo-el-gobierno-lanzo-un-plan-para-llegar-a-25-millones-de-toneladas-del-cereal\\\/\"]}]},{\"@type\":\"ImageObject\",\"inLanguage\":\"es\",\"@id\":\"https:\\\/\\\/informelitoral.com.ar\\\/en-el-inicio-de-a-todo-trigo-el-gobierno-lanzo-un-plan-para-llegar-a-25-millones-de-toneladas-del-cereal\\\/#primaryimage\",\"url\":\"https:\\\/\\\/informelitoral.com.ar\\\/%77%70%2d%63%6f%6e%74%65%6e%74\\\/uploads\\\/2022\\\/05\\\/soja-cosechadora-1-696x392-1.jpg\",\"contentUrl\":\"https:\\\/\\\/informelitoral.com.ar\\\/%77%70%2d%63%6f%6e%74%65%6e%74\\\/uploads\\\/2022\\\/05\\\/soja-cosechadora-1-696x392-1.jpg\",\"width\":696,\"height\":392},{\"@type\":\"BreadcrumbList\",\"@id\":\"https:\\\/\\\/informelitoral.com.ar\\\/en-el-inicio-de-a-todo-trigo-el-gobierno-lanzo-un-plan-para-llegar-a-25-millones-de-toneladas-del-cereal\\\/#breadcrumb\",\"itemListElement\":[{\"@type\":\"ListItem\",\"position\":1,\"name\":\"Portada\",\"item\":\"https:\\\/\\\/informelitoral.com.ar\\\/\"},{\"@type\":\"ListItem\",\"position\":2,\"name\":\"En el inicio de A Todo Trigo, el Gobierno lanz\u00f3 un plan para llegar a 25 millones de toneladas del cereal\"}]},{\"@type\":\"WebSite\",\"@id\":\"https:\\\/\\\/informelitoral.com.ar\\\/#website\",\"url\":\"https:\\\/\\\/informelitoral.com.ar\\\/\",\"name\":\"Informe Litoral\",\"description\":\"&quot;Nos informamos&quot; \",\"publisher\":{\"@id\":\"https:\\\/\\\/informelitoral.com.ar\\\/#organization\"},\"potentialAction\":[{\"@type\":\"SearchAction\",\"target\":{\"@type\":\"EntryPoint\",\"urlTemplate\":\"https:\\\/\\\/informelitoral.com.ar\\\/?s={search_term_string}\"},\"query-input\":{\"@type\":\"PropertyValueSpecification\",\"valueRequired\":true,\"valueName\":\"search_term_string\"}}],\"inLanguage\":\"es\"},{\"@type\":\"Organization\",\"@id\":\"https:\\\/\\\/informelitoral.com.ar\\\/#organization\",\"name\":\"Informe Litoral\",\"url\":\"https:\\\/\\\/informelitoral.com.ar\\\/\",\"logo\":{\"@type\":\"ImageObject\",\"inLanguage\":\"es\",\"@id\":\"https:\\\/\\\/informelitoral.com.ar\\\/#\\\/schema\\\/logo\\\/image\\\/\",\"url\":\"https:\\\/\\\/informelitoral.com.ar\\\/%77%70%2d%63%6f%6e%74%65%6e%74\\\/uploads\\\/2021\\\/01\\\/circulo.png\",\"contentUrl\":\"https:\\\/\\\/informelitoral.com.ar\\\/%77%70%2d%63%6f%6e%74%65%6e%74\\\/uploads\\\/2021\\\/01\\\/circulo.png\",\"width\":723,\"height\":731,\"caption\":\"Informe Litoral\"},\"image\":{\"@id\":\"https:\\\/\\\/informelitoral.com.ar\\\/#\\\/schema\\\/logo\\\/image\\\/\"},\"sameAs\":[\"https:\\\/\\\/www.facebook.com\\\/informelitoral\\\/\",\"https:\\\/\\\/x.com\\\/InformeLitoral\",\"https:\\\/\\\/www.instagram.com\\\/informelitoral\\\/\",\"https:\\\/\\\/www.youtube.com\\\/channel\\\/UCua4Qvz8Icb6MYqhoq9xLXw\"]},{\"@type\":\"Person\",\"@id\":\"https:\\\/\\\/informelitoral.com.ar\\\/#\\\/schema\\\/person\\\/f05f9f461677119578717524b127d6d5\",\"name\":\"Sebastian\",\"image\":{\"@type\":\"ImageObject\",\"inLanguage\":\"es\",\"@id\":\"https:\\\/\\\/secure.gravatar.com\\\/avatar\\\/b71bf7481d447dfb9583c7f2798e7cc64de6efb9067b74633ed8c31059a3bd82?s=96&d=mm&r=g\",\"url\":\"https:\\\/\\\/secure.gravatar.com\\\/avatar\\\/b71bf7481d447dfb9583c7f2798e7cc64de6efb9067b74633ed8c31059a3bd82?s=96&d=mm&r=g\",\"contentUrl\":\"https:\\\/\\\/secure.gravatar.com\\\/avatar\\\/b71bf7481d447dfb9583c7f2798e7cc64de6efb9067b74633ed8c31059a3bd82?s=96&d=mm&r=g\",\"caption\":\"Sebastian\"},\"url\":\"https:\\\/\\\/informelitoral.com.ar\\\/author\\\/sebastian\\\/\"}]}<\/script>","yoast_head_json":{"title":"En el inicio de A Todo Trigo, el Gobierno lanz\u00f3 un plan para llegar a 25 millones de toneladas del cereal - Informe Litoral","robots":{"index":"index","follow":"follow","max-snippet":"max-snippet:-1","max-image-preview":"max-image-preview:large","max-video-preview":"max-video-preview:-1"},"canonical":"https:\/\/informelitoral.com.ar\/en-el-inicio-de-a-todo-trigo-el-gobierno-lanzo-un-plan-para-llegar-a-25-millones-de-toneladas-del-cereal\/","og_locale":"es_ES","og_type":"article","og_title":"En el inicio de A Todo Trigo, el Gobierno lanz\u00f3 un plan para llegar a 25 millones de toneladas del cereal - Informe Litoral","og_description":"Se denomina \u201cPlan Argentina 25 MT\u201d y apunta adem\u00e1s a aumentar a 9 millones de toneladas el volumen que se industrializa y a 16 millones de toneladas la cifra que se exporta.","og_url":"https:\/\/informelitoral.com.ar\/en-el-inicio-de-a-todo-trigo-el-gobierno-lanzo-un-plan-para-llegar-a-25-millones-de-toneladas-del-cereal\/","og_site_name":"Informe Litoral","article_publisher":"https:\/\/www.facebook.com\/informelitoral\/","article_published_time":"2022-05-12T12:03:53+00:00","og_image":[{"width":696,"height":392,"url":"https:\/\/informelitoral.com.ar\/%77%70%2d%63%6f%6e%74%65%6e%74\/uploads\/2022\/05\/soja-cosechadora-1-696x392-1.jpg","type":"image\/jpeg"}],"author":"Sebastian","twitter_card":"summary_large_image","twitter_creator":"@InformeLitoral","twitter_site":"@InformeLitoral","twitter_misc":{"Escrito por":"Sebastian","Tiempo de lectura":"2 minutos"},"schema":{"@context":"https:\/\/schema.org","@graph":[{"@type":"Article","@id":"https:\/\/informelitoral.com.ar\/en-el-inicio-de-a-todo-trigo-el-gobierno-lanzo-un-plan-para-llegar-a-25-millones-de-toneladas-del-cereal\/#article","isPartOf":{"@id":"https:\/\/informelitoral.com.ar\/en-el-inicio-de-a-todo-trigo-el-gobierno-lanzo-un-plan-para-llegar-a-25-millones-de-toneladas-del-cereal\/"},"author":{"name":"Sebastian","@id":"https:\/\/informelitoral.com.ar\/#\/schema\/person\/f05f9f461677119578717524b127d6d5"},"headline":"En el inicio de A Todo Trigo, el Gobierno lanz\u00f3 un plan para llegar a 25 millones de toneladas del cereal","datePublished":"2022-05-12T12:03:53+00:00","mainEntityOfPage":{"@id":"https:\/\/informelitoral.com.ar\/en-el-inicio-de-a-todo-trigo-el-gobierno-lanzo-un-plan-para-llegar-a-25-millones-de-toneladas-del-cereal\/"},"wordCount":352,"commentCount":0,"publisher":{"@id":"https:\/\/informelitoral.com.ar\/#organization"},"image":{"@id":"https:\/\/informelitoral.com.ar\/en-el-inicio-de-a-todo-trigo-el-gobierno-lanzo-un-plan-para-llegar-a-25-millones-de-toneladas-del-cereal\/#primaryimage"},"thumbnailUrl":"https:\/\/informelitoral.com.ar\/%77%70%2d%63%6f%6e%74%65%6e%74\/uploads\/2022\/05\/soja-cosechadora-1-696x392-1.jpg","keywords":["Plan","Trigo"],"articleSection":["Campo"],"inLanguage":"es","potentialAction":[{"@type":"CommentAction","name":"Comment","target":["https:\/\/informelitoral.com.ar\/en-el-inicio-de-a-todo-trigo-el-gobierno-lanzo-un-plan-para-llegar-a-25-millones-de-toneladas-del-cereal\/#respond"]}]},{"@type":"WebPage","@id":"https:\/\/informelitoral.com.ar\/en-el-inicio-de-a-todo-trigo-el-gobierno-lanzo-un-plan-para-llegar-a-25-millones-de-toneladas-del-cereal\/","url":"https:\/\/informelitoral.com.ar\/en-el-inicio-de-a-todo-trigo-el-gobierno-lanzo-un-plan-para-llegar-a-25-millones-de-toneladas-del-cereal\/","name":"En el inicio de A Todo Trigo, el Gobierno lanz\u00f3 un plan para llegar a 25 millones de toneladas del cereal - Informe Litoral","isPartOf":{"@id":"https:\/\/informelitoral.com.ar\/#website"},"primaryImageOfPage":{"@id":"https:\/\/informelitoral.com.ar\/en-el-inicio-de-a-todo-trigo-el-gobierno-lanzo-un-plan-para-llegar-a-25-millones-de-toneladas-del-cereal\/#primaryimage"},"image":{"@id":"https:\/\/informelitoral.com.ar\/en-el-inicio-de-a-todo-trigo-el-gobierno-lanzo-un-plan-para-llegar-a-25-millones-de-toneladas-del-cereal\/#primaryimage"},"thumbnailUrl":"https:\/\/informelitoral.com.ar\/%77%70%2d%63%6f%6e%74%65%6e%74\/uploads\/2022\/05\/soja-cosechadora-1-696x392-1.jpg","datePublished":"2022-05-12T12:03:53+00:00","breadcrumb":{"@id":"https:\/\/informelitoral.com.ar\/en-el-inicio-de-a-todo-trigo-el-gobierno-lanzo-un-plan-para-llegar-a-25-millones-de-toneladas-del-cereal\/#breadcrumb"},"inLanguage":"es","potentialAction":[{"@type":"ReadAction","target":["https:\/\/informelitoral.com.ar\/en-el-inicio-de-a-todo-trigo-el-gobierno-lanzo-un-plan-para-llegar-a-25-millones-de-toneladas-del-cereal\/"]}]},{"@type":"ImageObject","inLanguage":"es","@id":"https:\/\/informelitoral.com.ar\/en-el-inicio-de-a-todo-trigo-el-gobierno-lanzo-un-plan-para-llegar-a-25-millones-de-toneladas-del-cereal\/#primaryimage","url":"https:\/\/informelitoral.com.ar\/%77%70%2d%63%6f%6e%74%65%6e%74\/uploads\/2022\/05\/soja-cosechadora-1-696x392-1.jpg","contentUrl":"https:\/\/informelitoral.com.ar\/%77%70%2d%63%6f%6e%74%65%6e%74\/uploads\/2022\/05\/soja-cosechadora-1-696x392-1.jpg","width":696,"height":392},{"@type":"BreadcrumbList","@id":"https:\/\/informelitoral.com.ar\/en-el-inicio-de-a-todo-trigo-el-gobierno-lanzo-un-plan-para-llegar-a-25-millones-de-toneladas-del-cereal\/#breadcrumb","itemListElement":[{"@type":"ListItem","position":1,"name":"Portada","item":"https:\/\/informelitoral.com.ar\/"},{"@type":"ListItem","position":2,"name":"En el inicio de A Todo Trigo, el Gobierno lanz\u00f3 un plan para llegar a 25 millones de toneladas del cereal"}]},{"@type":"WebSite","@id":"https:\/\/informelitoral.com.ar\/#website","url":"https:\/\/informelitoral.com.ar\/","name":"Informe Litoral","description":"&quot;Nos informamos&quot; ","publisher":{"@id":"https:\/\/informelitoral.com.ar\/#organization"},"potentialAction":[{"@type":"SearchAction","target":{"@type":"EntryPoint","urlTemplate":"https:\/\/informelitoral.com.ar\/?s={search_term_string}"},"query-input":{"@type":"PropertyValueSpecification","valueRequired":true,"valueName":"search_term_string"}}],"inLanguage":"es"},{"@type":"Organization","@id":"https:\/\/informelitoral.com.ar\/#organization","name":"Informe Litoral","url":"https:\/\/informelitoral.com.ar\/","logo":{"@type":"ImageObject","inLanguage":"es","@id":"https:\/\/informelitoral.com.ar\/#\/schema\/logo\/image\/","url":"https:\/\/informelitoral.com.ar\/%77%70%2d%63%6f%6e%74%65%6e%74\/uploads\/2021\/01\/circulo.png","contentUrl":"https:\/\/informelitoral.com.ar\/%77%70%2d%63%6f%6e%74%65%6e%74\/uploads\/2021\/01\/circulo.png","width":723,"height":731,"caption":"Informe Litoral"},"image":{"@id":"https:\/\/informelitoral.com.ar\/#\/schema\/logo\/image\/"},"sameAs":["https:\/\/www.facebook.com\/informelitoral\/","https:\/\/x.com\/InformeLitoral","https:\/\/www.instagram.com\/informelitoral\/","https:\/\/www.youtube.com\/channel\/UCua4Qvz8Icb6MYqhoq9xLXw"]},{"@type":"Person","@id":"https:\/\/informelitoral.com.ar\/#\/schema\/person\/f05f9f461677119578717524b127d6d5","name":"Sebastian","image":{"@type":"ImageObject","inLanguage":"es","@id":"https:\/\/secure.gravatar.com\/avatar\/b71bf7481d447dfb9583c7f2798e7cc64de6efb9067b74633ed8c31059a3bd82?s=96&d=mm&r=g","url":"https:\/\/secure.gravatar.com\/avatar\/b71bf7481d447dfb9583c7f2798e7cc64de6efb9067b74633ed8c31059a3bd82?s=96&d=mm&r=g","contentUrl":"https:\/\/secure.gravatar.com\/avatar\/b71bf7481d447dfb9583c7f2798e7cc64de6efb9067b74633ed8c31059a3bd82?s=96&d=mm&r=g","caption":"Sebastian"},"url":"https:\/\/informelitoral.com.ar\/author\/sebastian\/"}]}},"_links":{"self":[{"href":"https:\/\/informelitoral.com.ar\/%77%70%2d%6a%73%6f%6e\/wp\/v2\/posts\/77550","targetHints":{"allow":["GET"]}}],"collection":[{"href":"https:\/\/informelitoral.com.ar\/%77%70%2d%6a%73%6f%6e\/wp\/v2\/posts"}],"about":[{"href":"https:\/\/informelitoral.com.ar\/%77%70%2d%6a%73%6f%6e\/wp\/v2\/types\/post"}],"author":[{"embeddable":true,"href":"https:\/\/informelitoral.com.ar\/%77%70%2d%6a%73%6f%6e\/wp\/v2\/users\/8"}],"replies":[{"embeddable":true,"href":"https:\/\/informelitoral.com.ar\/%77%70%2d%6a%73%6f%6e\/wp\/v2\/comments?post=77550"}],"version-history":[{"count":0,"href":"https:\/\/informelitoral.com.ar\/%77%70%2d%6a%73%6f%6e\/wp\/v2\/posts\/77550\/revisions"}],"wp:featuredmedia":[{"embeddable":true,"href":"https:\/\/informelitoral.com.ar\/%77%70%2d%6a%73%6f%6e\/wp\/v2\/media\/77551"}],"wp:attachment":[{"href":"https:\/\/informelitoral.com.ar\/%77%70%2d%6a%73%6f%6e\/wp\/v2\/media?parent=77550"}],"wp:term":[{"taxonomy":"category","embeddable":true,"href":"https:\/\/informelitoral.com.ar\/%77%70%2d%6a%73%6f%6e\/wp\/v2\/categories?post=77550"},{"taxonomy":"post_tag","embeddable":true,"href":"https:\/\/informelitoral.com.ar\/%77%70%2d%6a%73%6f%6e\/wp\/v2\/tags?post=77550"}],"curies":[{"name":"wp","href":"https:\/\/api.w.org\/{rel}","templated":true}]}}