{"id":77401,"date":"2022-05-10T10:03:56","date_gmt":"2022-05-10T13:03:56","guid":{"rendered":"https:\/\/www.informelitoral.com.ar\/?p=77401"},"modified":"2022-05-10T10:03:56","modified_gmt":"2022-05-10T13:03:56","slug":"detuvieron-a-ladron-que-robo-valiosa-mercaderia-y-dinero-de-un-local-comercial","status":"publish","type":"post","link":"https:\/\/informelitoral.com.ar\/detuvieron-a-ladron-que-robo-valiosa-mercaderia-y-dinero-de-un-local-comercial\/","title":{"rendered":"Detuvieron a ladr\u00f3n que rob\u00f3 valiosa mercader\u00eda y dinero de un local comercial"},"content":{"rendered":"<p>Un individuo con elementos de dudosa procedencia llam\u00f3 la atenci\u00f3n de los efectivos de un m\u00f3vil policial de la Divisi\u00f3n 911 y Video Vigilancia que se encontraba realizando recorridas preventivas en la zona del cementerio municipal de Paran\u00e1, en calle Espa\u00f1a y cortada Larroque, en horas de la madrugada de este martes.<\/p>\n<p>Seg\u00fan se indic\u00f3, cuando los uniformados descendieron para identificarlo, se confirm\u00f3 que se trataba de un sujeto mayor de edad y domiciliado en el barrio Paran\u00e1 XVI, el cual llevaba consigo un parlante NEO NV-WSP510 en su respectiva caja con control y cable cargador, una notebook Lenovo gris, un tel\u00e9fono celular Motorola con funda color negra, un celular Samsung de color azul, un celular Iphone de color azul con una cinta blanca pegada en la parte trasera con datos de una persona, una campera de algod\u00f3n de color negra con la inscripci\u00f3n \u00abWifi m.TK y 9.280 pesos en billetes de distinta nominaci\u00f3n.<\/p>\n<p>Ante esta circunstancia, otro m\u00f3vil policial que se hab\u00eda abocado a la b\u00fasqueda del lugar donde se habr\u00eda perpetrado el il\u00edcito inform\u00f3 que en calle Libertad hab\u00eda localizado un local de reparaciones de celulares con la puerta forzada.<\/p>\n<p>En el lugar se hizo presente el damnificado, quien realiza la denuncia.<\/p>\n<p>Comunicado a la Fiscal en turno, se dispuso que el detenido sea trasladado y alojado en Alcaid\u00eda de Tribunales, los elementos sean secuestrados y posteriormente entregados al damnificado, previo reconocimiento de los mismos.(<em>Elonce<\/em>)<\/p>\n","protected":false},"excerpt":{"rendered":"<p>El sujeto ten\u00eda celulares, una notebook, un parlante y $9.280 en billetes de distinta nominaci\u00f3n; fue atrapado por un m\u00f3vil policial que realizaba recorridas de prevenci\u00f3n. El ladr\u00f3n qued\u00f3 alojado en Alcaid\u00eda de Tribunales.<\/p>\n","protected":false},"author":8,"featured_media":77403,"comment_status":"open","ping_status":"open","sticky":false,"template":"","format":"standard","meta":{"fifu_image_url":"","fifu_image_alt":"","footnotes":""},"categories":[14],"tags":[3028,307],"class_list":{"0":"post-77401","1":"post","2":"type-post","3":"status-publish","4":"format-standard","5":"has-post-thumbnail","7":"category-policiales","8":"tag-delincuente","9":"tag-detenido"},"yoast_head":"<title>Detuvieron a ladr\u00f3n que rob\u00f3 valiosa mercader\u00eda y dinero de un local comercial - Informe Litoral<\/title>\n<meta name=\"robots\" content=\"index, follow, max-snippet:-1, max-image-preview:large, max-video-preview:-1\" \/>\n<link rel=\"canonical\" href=\"https:\/\/informelitoral.com.ar\/detuvieron-a-ladron-que-robo-valiosa-mercaderia-y-dinero-de-un-local-comercial\/\" \/>\n<meta property=\"og:locale\" content=\"es_ES\" \/>\n<meta property=\"og:type\" content=\"article\" \/>\n<meta property=\"og:title\" content=\"Detuvieron a ladr\u00f3n que rob\u00f3 valiosa mercader\u00eda y dinero de un local comercial - Informe Litoral\" \/>\n<meta property=\"og:description\" content=\"El sujeto ten\u00eda celulares, una notebook, un parlante y $9.280 en billetes de distinta nominaci\u00f3n; fue atrapado por un m\u00f3vil policial que realizaba recorridas de prevenci\u00f3n. El ladr\u00f3n qued\u00f3 alojado en Alcaid\u00eda de Tribunales.\" \/>\n<meta property=\"og:url\" content=\"https:\/\/informelitoral.com.ar\/detuvieron-a-ladron-que-robo-valiosa-mercaderia-y-dinero-de-un-local-comercial\/\" \/>\n<meta property=\"og:site_name\" content=\"Informe Litoral\" \/>\n<meta property=\"article:publisher\" content=\"https:\/\/www.facebook.com\/informelitoral\/\" \/>\n<meta property=\"article:published_time\" content=\"2022-05-10T13:03:56+00:00\" \/>\n<meta property=\"og:image\" content=\"https:\/\/informelitoral.com.ar\/%77%70%2d%63%6f%6e%74%65%6e%74\/uploads\/2022\/05\/o_1652183346.jpg\" \/>\n\t<meta property=\"og:image:width\" content=\"800\" \/>\n\t<meta property=\"og:image:height\" content=\"450\" \/>\n\t<meta property=\"og:image:type\" content=\"image\/jpeg\" \/>\n<meta name=\"author\" content=\"Sebastian\" \/>\n<meta name=\"twitter:card\" content=\"summary_large_image\" \/>\n<meta name=\"twitter:creator\" content=\"@InformeLitoral\" \/>\n<meta name=\"twitter:site\" content=\"@InformeLitoral\" \/>\n<meta name=\"twitter:label1\" content=\"Escrito por\" \/>\n\t<meta name=\"twitter:data1\" content=\"Sebastian\" \/>\n\t<meta name=\"twitter:label2\" content=\"Tiempo de lectura\" \/>\n\t<meta name=\"twitter:data2\" content=\"1 minuto\" \/>\n<script type=\"application\/ld+json\" class=\"yoast-schema-graph\">{\"@context\":\"https:\\\/\\\/schema.org\",\"@graph\":[{\"@type\":\"Article\",\"@id\":\"https:\\\/\\\/informelitoral.com.ar\\\/detuvieron-a-ladron-que-robo-valiosa-mercaderia-y-dinero-de-un-local-comercial\\\/#article\",\"isPartOf\":{\"@id\":\"https:\\\/\\\/informelitoral.com.ar\\\/detuvieron-a-ladron-que-robo-valiosa-mercaderia-y-dinero-de-un-local-comercial\\\/\"},\"author\":{\"name\":\"Sebastian\",\"@id\":\"https:\\\/\\\/informelitoral.com.ar\\\/#\\\/schema\\\/person\\\/f05f9f461677119578717524b127d6d5\"},\"headline\":\"Detuvieron a ladr\u00f3n que rob\u00f3 valiosa mercader\u00eda y dinero de un local comercial\",\"datePublished\":\"2022-05-10T13:03:56+00:00\",\"mainEntityOfPage\":{\"@id\":\"https:\\\/\\\/informelitoral.com.ar\\\/detuvieron-a-ladron-que-robo-valiosa-mercaderia-y-dinero-de-un-local-comercial\\\/\"},\"wordCount\":268,\"commentCount\":0,\"publisher\":{\"@id\":\"https:\\\/\\\/informelitoral.com.ar\\\/#organization\"},\"image\":{\"@id\":\"https:\\\/\\\/informelitoral.com.ar\\\/detuvieron-a-ladron-que-robo-valiosa-mercaderia-y-dinero-de-un-local-comercial\\\/#primaryimage\"},\"thumbnailUrl\":\"https:\\\/\\\/informelitoral.com.ar\\\/%77%70%2d%63%6f%6e%74%65%6e%74\\\/uploads\\\/2022\\\/05\\\/o_1652183346.jpg\",\"keywords\":[\"Delincuente\",\"Detenido\"],\"articleSection\":[\"Policiales\"],\"inLanguage\":\"es\",\"potentialAction\":[{\"@type\":\"CommentAction\",\"name\":\"Comment\",\"target\":[\"https:\\\/\\\/informelitoral.com.ar\\\/detuvieron-a-ladron-que-robo-valiosa-mercaderia-y-dinero-de-un-local-comercial\\\/#respond\"]}]},{\"@type\":\"WebPage\",\"@id\":\"https:\\\/\\\/informelitoral.com.ar\\\/detuvieron-a-ladron-que-robo-valiosa-mercaderia-y-dinero-de-un-local-comercial\\\/\",\"url\":\"https:\\\/\\\/informelitoral.com.ar\\\/detuvieron-a-ladron-que-robo-valiosa-mercaderia-y-dinero-de-un-local-comercial\\\/\",\"name\":\"Detuvieron a ladr\u00f3n que rob\u00f3 valiosa mercader\u00eda y dinero de un local comercial - Informe Litoral\",\"isPartOf\":{\"@id\":\"https:\\\/\\\/informelitoral.com.ar\\\/#website\"},\"primaryImageOfPage\":{\"@id\":\"https:\\\/\\\/informelitoral.com.ar\\\/detuvieron-a-ladron-que-robo-valiosa-mercaderia-y-dinero-de-un-local-comercial\\\/#primaryimage\"},\"image\":{\"@id\":\"https:\\\/\\\/informelitoral.com.ar\\\/detuvieron-a-ladron-que-robo-valiosa-mercaderia-y-dinero-de-un-local-comercial\\\/#primaryimage\"},\"thumbnailUrl\":\"https:\\\/\\\/informelitoral.com.ar\\\/%77%70%2d%63%6f%6e%74%65%6e%74\\\/uploads\\\/2022\\\/05\\\/o_1652183346.jpg\",\"datePublished\":\"2022-05-10T13:03:56+00:00\",\"breadcrumb\":{\"@id\":\"https:\\\/\\\/informelitoral.com.ar\\\/detuvieron-a-ladron-que-robo-valiosa-mercaderia-y-dinero-de-un-local-comercial\\\/#breadcrumb\"},\"inLanguage\":\"es\",\"potentialAction\":[{\"@type\":\"ReadAction\",\"target\":[\"https:\\\/\\\/informelitoral.com.ar\\\/detuvieron-a-ladron-que-robo-valiosa-mercaderia-y-dinero-de-un-local-comercial\\\/\"]}]},{\"@type\":\"ImageObject\",\"inLanguage\":\"es\",\"@id\":\"https:\\\/\\\/informelitoral.com.ar\\\/detuvieron-a-ladron-que-robo-valiosa-mercaderia-y-dinero-de-un-local-comercial\\\/#primaryimage\",\"url\":\"https:\\\/\\\/informelitoral.com.ar\\\/%77%70%2d%63%6f%6e%74%65%6e%74\\\/uploads\\\/2022\\\/05\\\/o_1652183346.jpg\",\"contentUrl\":\"https:\\\/\\\/informelitoral.com.ar\\\/%77%70%2d%63%6f%6e%74%65%6e%74\\\/uploads\\\/2022\\\/05\\\/o_1652183346.jpg\",\"width\":800,\"height\":450},{\"@type\":\"BreadcrumbList\",\"@id\":\"https:\\\/\\\/informelitoral.com.ar\\\/detuvieron-a-ladron-que-robo-valiosa-mercaderia-y-dinero-de-un-local-comercial\\\/#breadcrumb\",\"itemListElement\":[{\"@type\":\"ListItem\",\"position\":1,\"name\":\"Portada\",\"item\":\"https:\\\/\\\/informelitoral.com.ar\\\/\"},{\"@type\":\"ListItem\",\"position\":2,\"name\":\"Detuvieron a ladr\u00f3n que rob\u00f3 valiosa mercader\u00eda y dinero de un local comercial\"}]},{\"@type\":\"WebSite\",\"@id\":\"https:\\\/\\\/informelitoral.com.ar\\\/#website\",\"url\":\"https:\\\/\\\/informelitoral.com.ar\\\/\",\"name\":\"Informe Litoral\",\"description\":\"&quot;Nos informamos&quot; \",\"publisher\":{\"@id\":\"https:\\\/\\\/informelitoral.com.ar\\\/#organization\"},\"potentialAction\":[{\"@type\":\"SearchAction\",\"target\":{\"@type\":\"EntryPoint\",\"urlTemplate\":\"https:\\\/\\\/informelitoral.com.ar\\\/?s={search_term_string}\"},\"query-input\":{\"@type\":\"PropertyValueSpecification\",\"valueRequired\":true,\"valueName\":\"search_term_string\"}}],\"inLanguage\":\"es\"},{\"@type\":\"Organization\",\"@id\":\"https:\\\/\\\/informelitoral.com.ar\\\/#organization\",\"name\":\"Informe Litoral\",\"url\":\"https:\\\/\\\/informelitoral.com.ar\\\/\",\"logo\":{\"@type\":\"ImageObject\",\"inLanguage\":\"es\",\"@id\":\"https:\\\/\\\/informelitoral.com.ar\\\/#\\\/schema\\\/logo\\\/image\\\/\",\"url\":\"https:\\\/\\\/informelitoral.com.ar\\\/%77%70%2d%63%6f%6e%74%65%6e%74\\\/uploads\\\/2021\\\/01\\\/circulo.png\",\"contentUrl\":\"https:\\\/\\\/informelitoral.com.ar\\\/%77%70%2d%63%6f%6e%74%65%6e%74\\\/uploads\\\/2021\\\/01\\\/circulo.png\",\"width\":723,\"height\":731,\"caption\":\"Informe Litoral\"},\"image\":{\"@id\":\"https:\\\/\\\/informelitoral.com.ar\\\/#\\\/schema\\\/logo\\\/image\\\/\"},\"sameAs\":[\"https:\\\/\\\/www.facebook.com\\\/informelitoral\\\/\",\"https:\\\/\\\/x.com\\\/InformeLitoral\",\"https:\\\/\\\/www.instagram.com\\\/informelitoral\\\/\",\"https:\\\/\\\/www.youtube.com\\\/channel\\\/UCua4Qvz8Icb6MYqhoq9xLXw\"]},{\"@type\":\"Person\",\"@id\":\"https:\\\/\\\/informelitoral.com.ar\\\/#\\\/schema\\\/person\\\/f05f9f461677119578717524b127d6d5\",\"name\":\"Sebastian\",\"image\":{\"@type\":\"ImageObject\",\"inLanguage\":\"es\",\"@id\":\"https:\\\/\\\/secure.gravatar.com\\\/avatar\\\/b71bf7481d447dfb9583c7f2798e7cc64de6efb9067b74633ed8c31059a3bd82?s=96&d=mm&r=g\",\"url\":\"https:\\\/\\\/secure.gravatar.com\\\/avatar\\\/b71bf7481d447dfb9583c7f2798e7cc64de6efb9067b74633ed8c31059a3bd82?s=96&d=mm&r=g\",\"contentUrl\":\"https:\\\/\\\/secure.gravatar.com\\\/avatar\\\/b71bf7481d447dfb9583c7f2798e7cc64de6efb9067b74633ed8c31059a3bd82?s=96&d=mm&r=g\",\"caption\":\"Sebastian\"},\"url\":\"https:\\\/\\\/informelitoral.com.ar\\\/author\\\/sebastian\\\/\"}]}<\/script>","yoast_head_json":{"title":"Detuvieron a ladr\u00f3n que rob\u00f3 valiosa mercader\u00eda y dinero de un local comercial - Informe Litoral","robots":{"index":"index","follow":"follow","max-snippet":"max-snippet:-1","max-image-preview":"max-image-preview:large","max-video-preview":"max-video-preview:-1"},"canonical":"https:\/\/informelitoral.com.ar\/detuvieron-a-ladron-que-robo-valiosa-mercaderia-y-dinero-de-un-local-comercial\/","og_locale":"es_ES","og_type":"article","og_title":"Detuvieron a ladr\u00f3n que rob\u00f3 valiosa mercader\u00eda y dinero de un local comercial - Informe Litoral","og_description":"El sujeto ten\u00eda celulares, una notebook, un parlante y $9.280 en billetes de distinta nominaci\u00f3n; fue atrapado por un m\u00f3vil policial que realizaba recorridas de prevenci\u00f3n. El ladr\u00f3n qued\u00f3 alojado en Alcaid\u00eda de Tribunales.","og_url":"https:\/\/informelitoral.com.ar\/detuvieron-a-ladron-que-robo-valiosa-mercaderia-y-dinero-de-un-local-comercial\/","og_site_name":"Informe Litoral","article_publisher":"https:\/\/www.facebook.com\/informelitoral\/","article_published_time":"2022-05-10T13:03:56+00:00","og_image":[{"width":800,"height":450,"url":"https:\/\/informelitoral.com.ar\/%77%70%2d%63%6f%6e%74%65%6e%74\/uploads\/2022\/05\/o_1652183346.jpg","type":"image\/jpeg"}],"author":"Sebastian","twitter_card":"summary_large_image","twitter_creator":"@InformeLitoral","twitter_site":"@InformeLitoral","twitter_misc":{"Escrito por":"Sebastian","Tiempo de lectura":"1 minuto"},"schema":{"@context":"https:\/\/schema.org","@graph":[{"@type":"Article","@id":"https:\/\/informelitoral.com.ar\/detuvieron-a-ladron-que-robo-valiosa-mercaderia-y-dinero-de-un-local-comercial\/#article","isPartOf":{"@id":"https:\/\/informelitoral.com.ar\/detuvieron-a-ladron-que-robo-valiosa-mercaderia-y-dinero-de-un-local-comercial\/"},"author":{"name":"Sebastian","@id":"https:\/\/informelitoral.com.ar\/#\/schema\/person\/f05f9f461677119578717524b127d6d5"},"headline":"Detuvieron a ladr\u00f3n que rob\u00f3 valiosa mercader\u00eda y dinero de un local comercial","datePublished":"2022-05-10T13:03:56+00:00","mainEntityOfPage":{"@id":"https:\/\/informelitoral.com.ar\/detuvieron-a-ladron-que-robo-valiosa-mercaderia-y-dinero-de-un-local-comercial\/"},"wordCount":268,"commentCount":0,"publisher":{"@id":"https:\/\/informelitoral.com.ar\/#organization"},"image":{"@id":"https:\/\/informelitoral.com.ar\/detuvieron-a-ladron-que-robo-valiosa-mercaderia-y-dinero-de-un-local-comercial\/#primaryimage"},"thumbnailUrl":"https:\/\/informelitoral.com.ar\/%77%70%2d%63%6f%6e%74%65%6e%74\/uploads\/2022\/05\/o_1652183346.jpg","keywords":["Delincuente","Detenido"],"articleSection":["Policiales"],"inLanguage":"es","potentialAction":[{"@type":"CommentAction","name":"Comment","target":["https:\/\/informelitoral.com.ar\/detuvieron-a-ladron-que-robo-valiosa-mercaderia-y-dinero-de-un-local-comercial\/#respond"]}]},{"@type":"WebPage","@id":"https:\/\/informelitoral.com.ar\/detuvieron-a-ladron-que-robo-valiosa-mercaderia-y-dinero-de-un-local-comercial\/","url":"https:\/\/informelitoral.com.ar\/detuvieron-a-ladron-que-robo-valiosa-mercaderia-y-dinero-de-un-local-comercial\/","name":"Detuvieron a ladr\u00f3n que rob\u00f3 valiosa mercader\u00eda y dinero de un local comercial - Informe Litoral","isPartOf":{"@id":"https:\/\/informelitoral.com.ar\/#website"},"primaryImageOfPage":{"@id":"https:\/\/informelitoral.com.ar\/detuvieron-a-ladron-que-robo-valiosa-mercaderia-y-dinero-de-un-local-comercial\/#primaryimage"},"image":{"@id":"https:\/\/informelitoral.com.ar\/detuvieron-a-ladron-que-robo-valiosa-mercaderia-y-dinero-de-un-local-comercial\/#primaryimage"},"thumbnailUrl":"https:\/\/informelitoral.com.ar\/%77%70%2d%63%6f%6e%74%65%6e%74\/uploads\/2022\/05\/o_1652183346.jpg","datePublished":"2022-05-10T13:03:56+00:00","breadcrumb":{"@id":"https:\/\/informelitoral.com.ar\/detuvieron-a-ladron-que-robo-valiosa-mercaderia-y-dinero-de-un-local-comercial\/#breadcrumb"},"inLanguage":"es","potentialAction":[{"@type":"ReadAction","target":["https:\/\/informelitoral.com.ar\/detuvieron-a-ladron-que-robo-valiosa-mercaderia-y-dinero-de-un-local-comercial\/"]}]},{"@type":"ImageObject","inLanguage":"es","@id":"https:\/\/informelitoral.com.ar\/detuvieron-a-ladron-que-robo-valiosa-mercaderia-y-dinero-de-un-local-comercial\/#primaryimage","url":"https:\/\/informelitoral.com.ar\/%77%70%2d%63%6f%6e%74%65%6e%74\/uploads\/2022\/05\/o_1652183346.jpg","contentUrl":"https:\/\/informelitoral.com.ar\/%77%70%2d%63%6f%6e%74%65%6e%74\/uploads\/2022\/05\/o_1652183346.jpg","width":800,"height":450},{"@type":"BreadcrumbList","@id":"https:\/\/informelitoral.com.ar\/detuvieron-a-ladron-que-robo-valiosa-mercaderia-y-dinero-de-un-local-comercial\/#breadcrumb","itemListElement":[{"@type":"ListItem","position":1,"name":"Portada","item":"https:\/\/informelitoral.com.ar\/"},{"@type":"ListItem","position":2,"name":"Detuvieron a ladr\u00f3n que rob\u00f3 valiosa mercader\u00eda y dinero de un local comercial"}]},{"@type":"WebSite","@id":"https:\/\/informelitoral.com.ar\/#website","url":"https:\/\/informelitoral.com.ar\/","name":"Informe Litoral","description":"&quot;Nos informamos&quot; ","publisher":{"@id":"https:\/\/informelitoral.com.ar\/#organization"},"potentialAction":[{"@type":"SearchAction","target":{"@type":"EntryPoint","urlTemplate":"https:\/\/informelitoral.com.ar\/?s={search_term_string}"},"query-input":{"@type":"PropertyValueSpecification","valueRequired":true,"valueName":"search_term_string"}}],"inLanguage":"es"},{"@type":"Organization","@id":"https:\/\/informelitoral.com.ar\/#organization","name":"Informe Litoral","url":"https:\/\/informelitoral.com.ar\/","logo":{"@type":"ImageObject","inLanguage":"es","@id":"https:\/\/informelitoral.com.ar\/#\/schema\/logo\/image\/","url":"https:\/\/informelitoral.com.ar\/%77%70%2d%63%6f%6e%74%65%6e%74\/uploads\/2021\/01\/circulo.png","contentUrl":"https:\/\/informelitoral.com.ar\/%77%70%2d%63%6f%6e%74%65%6e%74\/uploads\/2021\/01\/circulo.png","width":723,"height":731,"caption":"Informe Litoral"},"image":{"@id":"https:\/\/informelitoral.com.ar\/#\/schema\/logo\/image\/"},"sameAs":["https:\/\/www.facebook.com\/informelitoral\/","https:\/\/x.com\/InformeLitoral","https:\/\/www.instagram.com\/informelitoral\/","https:\/\/www.youtube.com\/channel\/UCua4Qvz8Icb6MYqhoq9xLXw"]},{"@type":"Person","@id":"https:\/\/informelitoral.com.ar\/#\/schema\/person\/f05f9f461677119578717524b127d6d5","name":"Sebastian","image":{"@type":"ImageObject","inLanguage":"es","@id":"https:\/\/secure.gravatar.com\/avatar\/b71bf7481d447dfb9583c7f2798e7cc64de6efb9067b74633ed8c31059a3bd82?s=96&d=mm&r=g","url":"https:\/\/secure.gravatar.com\/avatar\/b71bf7481d447dfb9583c7f2798e7cc64de6efb9067b74633ed8c31059a3bd82?s=96&d=mm&r=g","contentUrl":"https:\/\/secure.gravatar.com\/avatar\/b71bf7481d447dfb9583c7f2798e7cc64de6efb9067b74633ed8c31059a3bd82?s=96&d=mm&r=g","caption":"Sebastian"},"url":"https:\/\/informelitoral.com.ar\/author\/sebastian\/"}]}},"_links":{"self":[{"href":"https:\/\/informelitoral.com.ar\/%77%70%2d%6a%73%6f%6e\/wp\/v2\/posts\/77401","targetHints":{"allow":["GET"]}}],"collection":[{"href":"https:\/\/informelitoral.com.ar\/%77%70%2d%6a%73%6f%6e\/wp\/v2\/posts"}],"about":[{"href":"https:\/\/informelitoral.com.ar\/%77%70%2d%6a%73%6f%6e\/wp\/v2\/types\/post"}],"author":[{"embeddable":true,"href":"https:\/\/informelitoral.com.ar\/%77%70%2d%6a%73%6f%6e\/wp\/v2\/users\/8"}],"replies":[{"embeddable":true,"href":"https:\/\/informelitoral.com.ar\/%77%70%2d%6a%73%6f%6e\/wp\/v2\/comments?post=77401"}],"version-history":[{"count":0,"href":"https:\/\/informelitoral.com.ar\/%77%70%2d%6a%73%6f%6e\/wp\/v2\/posts\/77401\/revisions"}],"wp:featuredmedia":[{"embeddable":true,"href":"https:\/\/informelitoral.com.ar\/%77%70%2d%6a%73%6f%6e\/wp\/v2\/media\/77403"}],"wp:attachment":[{"href":"https:\/\/informelitoral.com.ar\/%77%70%2d%6a%73%6f%6e\/wp\/v2\/media?parent=77401"}],"wp:term":[{"taxonomy":"category","embeddable":true,"href":"https:\/\/informelitoral.com.ar\/%77%70%2d%6a%73%6f%6e\/wp\/v2\/categories?post=77401"},{"taxonomy":"post_tag","embeddable":true,"href":"https:\/\/informelitoral.com.ar\/%77%70%2d%6a%73%6f%6e\/wp\/v2\/tags?post=77401"}],"curies":[{"name":"wp","href":"https:\/\/api.w.org\/{rel}","templated":true}]}}