{"id":7735,"date":"2014-08-03T23:53:55","date_gmt":"2014-08-04T02:53:55","guid":{"rendered":"http:\/\/www.isletasnoticias.com.ar\/?p=7735"},"modified":"2014-08-04T00:00:40","modified_gmt":"2014-08-04T03:00:40","slug":"isletas-desde-la-junta-de-gobierno-trabajan-en-caminos-vecinales","status":"publish","type":"post","link":"https:\/\/informelitoral.com.ar\/isletas-desde-la-junta-de-gobierno-trabajan-en-caminos-vecinales\/","title":{"rendered":"Isletas: desde la Junta de Gobierno trabajan en caminos vecinales"},"content":{"rendered":"<p><strong>Ante la repentina ausencia de la Zonal Diamante de la Direcci\u00f3n Provincial de Vialidad, desde la comuna local, encararon algunos trabajos con recursos propios. \u00abCunetado y colocaci\u00f3n de broza en pasos cr\u00edticos\u00bb, son las tareas que realizaron.<\/strong><\/p>\n<figure id=\"attachment_7736\" aria-describedby=\"caption-attachment-7736\" style=\"width: 960px\" class=\"wp-caption aligncenter\"><a href=\"http:\/\/www.isletasnoticias.com.ar\/%77%70%2d%63%6f%6e%74%65%6e%74\/uploads\/2014\/08\/1082153_528425323957481_1155391574_n.jpg\"><img loading=\"lazy\" decoding=\"async\" class=\"wp-image-7736 size-full\" src=\"http:\/\/www.isletasnoticias.com.ar\/%77%70%2d%63%6f%6e%74%65%6e%74\/uploads\/2014\/08\/1082153_528425323957481_1155391574_n.jpg\" alt=\"1082153_528425323957481_1155391574_n\" width=\"960\" height=\"720\" srcset=\"https:\/\/informelitoral.com.ar\/%77%70%2d%63%6f%6e%74%65%6e%74\/uploads\/2014\/08\/1082153_528425323957481_1155391574_n.jpg 960w, https:\/\/informelitoral.com.ar\/%77%70%2d%63%6f%6e%74%65%6e%74\/uploads\/2014\/08\/1082153_528425323957481_1155391574_n-300x225.jpg 300w\" sizes=\"auto, (max-width: 960px) 100vw, 960px\" \/><\/a><figcaption id=\"caption-attachment-7736\" class=\"wp-caption-text\">Con el tractor de la Junta de Gobierno realizaron trabajos en caminos.<\/figcaption><\/figure>\n<p>Si bien a fines del a\u00f1o pasado y hasta hace pocos meses, en la localidad hubo una importante presencia de las m\u00e1quinas de la Zonal Diamante de la Direcci\u00f3n Provincial de Vialidad, que hicieron destacados trabajos, repentinamente desde hace m\u00e1s de dos meses, las motoniveladoras no volvieron a aparecer.<\/p>\n<p><a href=\"http:\/\/www.isletasnoticias.com.ar\/%77%70%2d%63%6f%6e%74%65%6e%74\/uploads\/2014\/08\/10585216_528424793957534_578025629_n.jpg\"><img loading=\"lazy\" decoding=\"async\" class=\"alignleft wp-image-7738 size-medium\" src=\"http:\/\/www.isletasnoticias.com.ar\/%77%70%2d%63%6f%6e%74%65%6e%74\/uploads\/2014\/08\/10585216_528424793957534_578025629_n-300x199.jpg\" alt=\"10585216_528424793957534_578025629_n\" width=\"300\" height=\"199\" srcset=\"https:\/\/informelitoral.com.ar\/%77%70%2d%63%6f%6e%74%65%6e%74\/uploads\/2014\/08\/10585216_528424793957534_578025629_n-300x199.jpg 300w, https:\/\/informelitoral.com.ar\/%77%70%2d%63%6f%6e%74%65%6e%74\/uploads\/2014\/08\/10585216_528424793957534_578025629_n.jpg 960w\" sizes=\"auto, (max-width: 300px) 100vw, 300px\" \/><\/a>Este ser\u00eda el motivo por el cual desde la Junta de Gobierno local decidieron encarar algunos trabajos con mano de obra y recursos propios.<\/p>\n<p>En este sentido, en las \u00faltimas semanas, se realizaron tareas en caminos vecinales, que consistieron en el\u00a0\u00abcunetado en lugares de vertiente y arreglo en pasos cr\u00edticos con broza. Todos estos trabajos, se realizaron con recursos propios\u00bb, indicaron desde la comuna en un texto enviado a <strong><em>IN.\u00a0<\/em><\/strong><\/p>\n<p>No obstante, aclararon que \u00abde esta manera colaboramos con Vialidad, para el mantenimiento de los caminos, muy necesarios para sacar la producci\u00f3n\u00bb.<\/p>\n<p><a href=\"http:\/\/www.isletasnoticias.com.ar\/%77%70%2d%63%6f%6e%74%65%6e%74\/uploads\/2014\/08\/10577628_528425147290832_1468415294_n.jpg\"><img loading=\"lazy\" decoding=\"async\" class=\"alignleft wp-image-7739 size-medium\" src=\"http:\/\/www.isletasnoticias.com.ar\/%77%70%2d%63%6f%6e%74%65%6e%74\/uploads\/2014\/08\/10577628_528425147290832_1468415294_n-300x199.jpg\" alt=\"10577628_528425147290832_1468415294_n\" width=\"300\" height=\"199\" srcset=\"https:\/\/informelitoral.com.ar\/%77%70%2d%63%6f%6e%74%65%6e%74\/uploads\/2014\/08\/10577628_528425147290832_1468415294_n-300x199.jpg 300w, https:\/\/informelitoral.com.ar\/%77%70%2d%63%6f%6e%74%65%6e%74\/uploads\/2014\/08\/10577628_528425147290832_1468415294_n.jpg 960w\" sizes=\"auto, (max-width: 300px) 100vw, 300px\" \/><\/a>Seg\u00fan pudo conocer este Sitio extraoficialmente, las demandas de las autoridades locales ante la delegaci\u00f3n departamental de la repartici\u00f3n provincial, no habr\u00edan sido escuchadas \u00faltimanente, pero no es el \u00fanico caso, ya que desde otras localidades del departamento, valoran la gesti\u00f3n de Sergio Urribarri y sus ministros, aunque solicitan mayores respuestas en materia vial.<a href=\"http:\/\/www.isletasnoticias.com.ar\/%77%70%2d%63%6f%6e%74%65%6e%74\/uploads\/2014\/08\/10592037_528424437290903_2077268295_n.jpg\"><img loading=\"lazy\" decoding=\"async\" class=\"alignleft wp-image-7737 size-medium\" src=\"http:\/\/www.isletasnoticias.com.ar\/%77%70%2d%63%6f%6e%74%65%6e%74\/uploads\/2014\/08\/10592037_528424437290903_2077268295_n-300x199.jpg\" alt=\"10592037_528424437290903_2077268295_n\" width=\"300\" height=\"199\" srcset=\"https:\/\/informelitoral.com.ar\/%77%70%2d%63%6f%6e%74%65%6e%74\/uploads\/2014\/08\/10592037_528424437290903_2077268295_n-300x199.jpg 300w, https:\/\/informelitoral.com.ar\/%77%70%2d%63%6f%6e%74%65%6e%74\/uploads\/2014\/08\/10592037_528424437290903_2077268295_n.jpg 960w\" sizes=\"auto, (max-width: 300px) 100vw, 300px\" \/><\/a><\/p>\n","protected":false},"excerpt":{"rendered":"<p>Ante la repentina ausencia de la Zonal Diamante de la Direcci&oacute;n Provincial de Vialidad, desde la comuna local, encararon algunos trabajos con recursos propios. &laquo;Cunetado y colocaci&oacute;n de broza en pasos cr&iacute;ticos&raquo;, son las tareas que realizaron. Si bien a fines del a&ntilde;o pasado y hasta hace pocos meses, en la localidad hubo una importante [&hellip;]<\/p>\n","protected":false},"author":2,"featured_media":0,"comment_status":"open","ping_status":"open","sticky":false,"template":"","format":"standard","meta":{"fifu_image_url":"","fifu_image_alt":"","footnotes":""},"categories":[4,16],"tags":[],"class_list":{"0":"post-7735","1":"post","2":"type-post","3":"status-publish","4":"format-standard","6":"category-locales","7":"category-politi"},"yoast_head":"<title>Isletas: desde la Junta de Gobierno trabajan en caminos vecinales - Informe Litoral<\/title>\n<meta name=\"robots\" content=\"index, follow, max-snippet:-1, max-image-preview:large, max-video-preview:-1\" \/>\n<link rel=\"canonical\" href=\"https:\/\/informelitoral.com.ar\/isletas-desde-la-junta-de-gobierno-trabajan-en-caminos-vecinales\/\" \/>\n<meta property=\"og:locale\" content=\"es_ES\" \/>\n<meta property=\"og:type\" content=\"article\" \/>\n<meta property=\"og:title\" content=\"Isletas: desde la Junta de Gobierno trabajan en caminos vecinales - Informe Litoral\" \/>\n<meta property=\"og:description\" content=\"Ante la repentina ausencia de la Zonal Diamante de la Direcci&oacute;n Provincial de Vialidad, desde la comuna local, encararon algunos trabajos con recursos propios. &laquo;Cunetado y colocaci&oacute;n de broza en pasos cr&iacute;ticos&raquo;, son las tareas que realizaron. Si bien a fines del a&ntilde;o pasado y hasta hace pocos meses, en la localidad hubo una importante [&hellip;]\" \/>\n<meta property=\"og:url\" content=\"https:\/\/informelitoral.com.ar\/isletas-desde-la-junta-de-gobierno-trabajan-en-caminos-vecinales\/\" \/>\n<meta property=\"og:site_name\" content=\"Informe Litoral\" \/>\n<meta property=\"article:publisher\" content=\"https:\/\/www.facebook.com\/informelitoral\/\" \/>\n<meta property=\"article:published_time\" content=\"2014-08-04T02:53:55+00:00\" \/>\n<meta property=\"article:modified_time\" content=\"2014-08-04T03:00:40+00:00\" \/>\n<meta property=\"og:image\" content=\"https:\/\/informelitoral.com.ar\/%77%70%2d%63%6f%6e%74%65%6e%74\/uploads\/2014\/08\/1082153_528425323957481_1155391574_n.jpg\" \/>\n\t<meta property=\"og:image:width\" content=\"960\" \/>\n\t<meta property=\"og:image:height\" content=\"720\" \/>\n\t<meta property=\"og:image:type\" content=\"image\/jpeg\" \/>\n<meta name=\"author\" content=\"Gonzalo Schmidt\" \/>\n<meta name=\"twitter:card\" content=\"summary_large_image\" \/>\n<meta name=\"twitter:creator\" content=\"@InformeLitoral\" \/>\n<meta name=\"twitter:site\" content=\"@InformeLitoral\" \/>\n<meta name=\"twitter:label1\" content=\"Escrito por\" \/>\n\t<meta name=\"twitter:data1\" content=\"Gonzalo Schmidt\" \/>\n\t<meta name=\"twitter:label2\" content=\"Tiempo de lectura\" \/>\n\t<meta name=\"twitter:data2\" content=\"1 minuto\" \/>\n<script type=\"application\/ld+json\" class=\"yoast-schema-graph\">{\"@context\":\"https:\\\/\\\/schema.org\",\"@graph\":[{\"@type\":\"Article\",\"@id\":\"https:\\\/\\\/informelitoral.com.ar\\\/isletas-desde-la-junta-de-gobierno-trabajan-en-caminos-vecinales\\\/#article\",\"isPartOf\":{\"@id\":\"https:\\\/\\\/informelitoral.com.ar\\\/isletas-desde-la-junta-de-gobierno-trabajan-en-caminos-vecinales\\\/\"},\"author\":{\"name\":\"Gonzalo Schmidt\",\"@id\":\"https:\\\/\\\/informelitoral.com.ar\\\/#\\\/schema\\\/person\\\/b9d00407c836482871ef1d57bf8e3180\"},\"headline\":\"Isletas: desde la Junta de Gobierno trabajan en caminos vecinales\",\"datePublished\":\"2014-08-04T02:53:55+00:00\",\"dateModified\":\"2014-08-04T03:00:40+00:00\",\"mainEntityOfPage\":{\"@id\":\"https:\\\/\\\/informelitoral.com.ar\\\/isletas-desde-la-junta-de-gobierno-trabajan-en-caminos-vecinales\\\/\"},\"wordCount\":277,\"commentCount\":0,\"publisher\":{\"@id\":\"https:\\\/\\\/informelitoral.com.ar\\\/#organization\"},\"image\":{\"@id\":\"https:\\\/\\\/informelitoral.com.ar\\\/isletas-desde-la-junta-de-gobierno-trabajan-en-caminos-vecinales\\\/#primaryimage\"},\"thumbnailUrl\":\"http:\\\/\\\/www.isletasnoticias.com.ar\\\/%77%70%2d%63%6f%6e%74%65%6e%74\\\/uploads\\\/2014\\\/08\\\/1082153_528425323957481_1155391574_n.jpg\",\"articleSection\":[\"Isletas\",\"Politica\"],\"inLanguage\":\"es\",\"potentialAction\":[{\"@type\":\"CommentAction\",\"name\":\"Comment\",\"target\":[\"https:\\\/\\\/informelitoral.com.ar\\\/isletas-desde-la-junta-de-gobierno-trabajan-en-caminos-vecinales\\\/#respond\"]}]},{\"@type\":\"WebPage\",\"@id\":\"https:\\\/\\\/informelitoral.com.ar\\\/isletas-desde-la-junta-de-gobierno-trabajan-en-caminos-vecinales\\\/\",\"url\":\"https:\\\/\\\/informelitoral.com.ar\\\/isletas-desde-la-junta-de-gobierno-trabajan-en-caminos-vecinales\\\/\",\"name\":\"Isletas: desde la Junta de Gobierno trabajan en caminos vecinales - Informe Litoral\",\"isPartOf\":{\"@id\":\"https:\\\/\\\/informelitoral.com.ar\\\/#website\"},\"primaryImageOfPage\":{\"@id\":\"https:\\\/\\\/informelitoral.com.ar\\\/isletas-desde-la-junta-de-gobierno-trabajan-en-caminos-vecinales\\\/#primaryimage\"},\"image\":{\"@id\":\"https:\\\/\\\/informelitoral.com.ar\\\/isletas-desde-la-junta-de-gobierno-trabajan-en-caminos-vecinales\\\/#primaryimage\"},\"thumbnailUrl\":\"http:\\\/\\\/www.isletasnoticias.com.ar\\\/%77%70%2d%63%6f%6e%74%65%6e%74\\\/uploads\\\/2014\\\/08\\\/1082153_528425323957481_1155391574_n.jpg\",\"datePublished\":\"2014-08-04T02:53:55+00:00\",\"dateModified\":\"2014-08-04T03:00:40+00:00\",\"breadcrumb\":{\"@id\":\"https:\\\/\\\/informelitoral.com.ar\\\/isletas-desde-la-junta-de-gobierno-trabajan-en-caminos-vecinales\\\/#breadcrumb\"},\"inLanguage\":\"es\",\"potentialAction\":[{\"@type\":\"ReadAction\",\"target\":[\"https:\\\/\\\/informelitoral.com.ar\\\/isletas-desde-la-junta-de-gobierno-trabajan-en-caminos-vecinales\\\/\"]}]},{\"@type\":\"ImageObject\",\"inLanguage\":\"es\",\"@id\":\"https:\\\/\\\/informelitoral.com.ar\\\/isletas-desde-la-junta-de-gobierno-trabajan-en-caminos-vecinales\\\/#primaryimage\",\"url\":\"http:\\\/\\\/www.isletasnoticias.com.ar\\\/%77%70%2d%63%6f%6e%74%65%6e%74\\\/uploads\\\/2014\\\/08\\\/1082153_528425323957481_1155391574_n.jpg\",\"contentUrl\":\"http:\\\/\\\/www.isletasnoticias.com.ar\\\/%77%70%2d%63%6f%6e%74%65%6e%74\\\/uploads\\\/2014\\\/08\\\/1082153_528425323957481_1155391574_n.jpg\"},{\"@type\":\"BreadcrumbList\",\"@id\":\"https:\\\/\\\/informelitoral.com.ar\\\/isletas-desde-la-junta-de-gobierno-trabajan-en-caminos-vecinales\\\/#breadcrumb\",\"itemListElement\":[{\"@type\":\"ListItem\",\"position\":1,\"name\":\"Portada\",\"item\":\"https:\\\/\\\/informelitoral.com.ar\\\/\"},{\"@type\":\"ListItem\",\"position\":2,\"name\":\"Isletas: desde la Junta de Gobierno trabajan en caminos vecinales\"}]},{\"@type\":\"WebSite\",\"@id\":\"https:\\\/\\\/informelitoral.com.ar\\\/#website\",\"url\":\"https:\\\/\\\/informelitoral.com.ar\\\/\",\"name\":\"Informe Litoral\",\"description\":\"&quot;Nos informamos&quot; \",\"publisher\":{\"@id\":\"https:\\\/\\\/informelitoral.com.ar\\\/#organization\"},\"potentialAction\":[{\"@type\":\"SearchAction\",\"target\":{\"@type\":\"EntryPoint\",\"urlTemplate\":\"https:\\\/\\\/informelitoral.com.ar\\\/?s={search_term_string}\"},\"query-input\":{\"@type\":\"PropertyValueSpecification\",\"valueRequired\":true,\"valueName\":\"search_term_string\"}}],\"inLanguage\":\"es\"},{\"@type\":\"Organization\",\"@id\":\"https:\\\/\\\/informelitoral.com.ar\\\/#organization\",\"name\":\"Informe Litoral\",\"url\":\"https:\\\/\\\/informelitoral.com.ar\\\/\",\"logo\":{\"@type\":\"ImageObject\",\"inLanguage\":\"es\",\"@id\":\"https:\\\/\\\/informelitoral.com.ar\\\/#\\\/schema\\\/logo\\\/image\\\/\",\"url\":\"https:\\\/\\\/informelitoral.com.ar\\\/%77%70%2d%63%6f%6e%74%65%6e%74\\\/uploads\\\/2021\\\/01\\\/circulo.png\",\"contentUrl\":\"https:\\\/\\\/informelitoral.com.ar\\\/%77%70%2d%63%6f%6e%74%65%6e%74\\\/uploads\\\/2021\\\/01\\\/circulo.png\",\"width\":723,\"height\":731,\"caption\":\"Informe Litoral\"},\"image\":{\"@id\":\"https:\\\/\\\/informelitoral.com.ar\\\/#\\\/schema\\\/logo\\\/image\\\/\"},\"sameAs\":[\"https:\\\/\\\/www.facebook.com\\\/informelitoral\\\/\",\"https:\\\/\\\/x.com\\\/InformeLitoral\",\"https:\\\/\\\/www.instagram.com\\\/informelitoral\\\/\",\"https:\\\/\\\/www.youtube.com\\\/channel\\\/UCua4Qvz8Icb6MYqhoq9xLXw\"]},{\"@type\":\"Person\",\"@id\":\"https:\\\/\\\/informelitoral.com.ar\\\/#\\\/schema\\\/person\\\/b9d00407c836482871ef1d57bf8e3180\",\"name\":\"Gonzalo Schmidt\",\"image\":{\"@type\":\"ImageObject\",\"inLanguage\":\"es\",\"@id\":\"https:\\\/\\\/secure.gravatar.com\\\/avatar\\\/31a1a7b66ff2de83bd0e9fd79d026630d2d99e55e8bfe501287647b4fd9743de?s=96&d=mm&r=g\",\"url\":\"https:\\\/\\\/secure.gravatar.com\\\/avatar\\\/31a1a7b66ff2de83bd0e9fd79d026630d2d99e55e8bfe501287647b4fd9743de?s=96&d=mm&r=g\",\"contentUrl\":\"https:\\\/\\\/secure.gravatar.com\\\/avatar\\\/31a1a7b66ff2de83bd0e9fd79d026630d2d99e55e8bfe501287647b4fd9743de?s=96&d=mm&r=g\",\"caption\":\"Gonzalo Schmidt\"},\"description\":\"Sitio web de noticias de la provincia de Entre R\u00edos, Argentina. Informaci\u00f3n y entretenimiento. Informe Litoral, nos informamos.\",\"sameAs\":[\"http:\\\/\\\/www.isletasnoticias.com.ar\"],\"url\":\"https:\\\/\\\/informelitoral.com.ar\\\/author\\\/gonzalo\\\/\"}]}<\/script>","yoast_head_json":{"title":"Isletas: desde la Junta de Gobierno trabajan en caminos vecinales - Informe Litoral","robots":{"index":"index","follow":"follow","max-snippet":"max-snippet:-1","max-image-preview":"max-image-preview:large","max-video-preview":"max-video-preview:-1"},"canonical":"https:\/\/informelitoral.com.ar\/isletas-desde-la-junta-de-gobierno-trabajan-en-caminos-vecinales\/","og_locale":"es_ES","og_type":"article","og_title":"Isletas: desde la Junta de Gobierno trabajan en caminos vecinales - Informe Litoral","og_description":"Ante la repentina ausencia de la Zonal Diamante de la Direcci&oacute;n Provincial de Vialidad, desde la comuna local, encararon algunos trabajos con recursos propios. &laquo;Cunetado y colocaci&oacute;n de broza en pasos cr&iacute;ticos&raquo;, son las tareas que realizaron. Si bien a fines del a&ntilde;o pasado y hasta hace pocos meses, en la localidad hubo una importante [&hellip;]","og_url":"https:\/\/informelitoral.com.ar\/isletas-desde-la-junta-de-gobierno-trabajan-en-caminos-vecinales\/","og_site_name":"Informe Litoral","article_publisher":"https:\/\/www.facebook.com\/informelitoral\/","article_published_time":"2014-08-04T02:53:55+00:00","article_modified_time":"2014-08-04T03:00:40+00:00","og_image":[{"width":960,"height":720,"url":"https:\/\/informelitoral.com.ar\/%77%70%2d%63%6f%6e%74%65%6e%74\/uploads\/2014\/08\/1082153_528425323957481_1155391574_n.jpg","type":"image\/jpeg"}],"author":"Gonzalo Schmidt","twitter_card":"summary_large_image","twitter_creator":"@InformeLitoral","twitter_site":"@InformeLitoral","twitter_misc":{"Escrito por":"Gonzalo Schmidt","Tiempo de lectura":"1 minuto"},"schema":{"@context":"https:\/\/schema.org","@graph":[{"@type":"Article","@id":"https:\/\/informelitoral.com.ar\/isletas-desde-la-junta-de-gobierno-trabajan-en-caminos-vecinales\/#article","isPartOf":{"@id":"https:\/\/informelitoral.com.ar\/isletas-desde-la-junta-de-gobierno-trabajan-en-caminos-vecinales\/"},"author":{"name":"Gonzalo Schmidt","@id":"https:\/\/informelitoral.com.ar\/#\/schema\/person\/b9d00407c836482871ef1d57bf8e3180"},"headline":"Isletas: desde la Junta de Gobierno trabajan en caminos vecinales","datePublished":"2014-08-04T02:53:55+00:00","dateModified":"2014-08-04T03:00:40+00:00","mainEntityOfPage":{"@id":"https:\/\/informelitoral.com.ar\/isletas-desde-la-junta-de-gobierno-trabajan-en-caminos-vecinales\/"},"wordCount":277,"commentCount":0,"publisher":{"@id":"https:\/\/informelitoral.com.ar\/#organization"},"image":{"@id":"https:\/\/informelitoral.com.ar\/isletas-desde-la-junta-de-gobierno-trabajan-en-caminos-vecinales\/#primaryimage"},"thumbnailUrl":"http:\/\/www.isletasnoticias.com.ar\/%77%70%2d%63%6f%6e%74%65%6e%74\/uploads\/2014\/08\/1082153_528425323957481_1155391574_n.jpg","articleSection":["Isletas","Politica"],"inLanguage":"es","potentialAction":[{"@type":"CommentAction","name":"Comment","target":["https:\/\/informelitoral.com.ar\/isletas-desde-la-junta-de-gobierno-trabajan-en-caminos-vecinales\/#respond"]}]},{"@type":"WebPage","@id":"https:\/\/informelitoral.com.ar\/isletas-desde-la-junta-de-gobierno-trabajan-en-caminos-vecinales\/","url":"https:\/\/informelitoral.com.ar\/isletas-desde-la-junta-de-gobierno-trabajan-en-caminos-vecinales\/","name":"Isletas: desde la Junta de Gobierno trabajan en caminos vecinales - Informe Litoral","isPartOf":{"@id":"https:\/\/informelitoral.com.ar\/#website"},"primaryImageOfPage":{"@id":"https:\/\/informelitoral.com.ar\/isletas-desde-la-junta-de-gobierno-trabajan-en-caminos-vecinales\/#primaryimage"},"image":{"@id":"https:\/\/informelitoral.com.ar\/isletas-desde-la-junta-de-gobierno-trabajan-en-caminos-vecinales\/#primaryimage"},"thumbnailUrl":"http:\/\/www.isletasnoticias.com.ar\/%77%70%2d%63%6f%6e%74%65%6e%74\/uploads\/2014\/08\/1082153_528425323957481_1155391574_n.jpg","datePublished":"2014-08-04T02:53:55+00:00","dateModified":"2014-08-04T03:00:40+00:00","breadcrumb":{"@id":"https:\/\/informelitoral.com.ar\/isletas-desde-la-junta-de-gobierno-trabajan-en-caminos-vecinales\/#breadcrumb"},"inLanguage":"es","potentialAction":[{"@type":"ReadAction","target":["https:\/\/informelitoral.com.ar\/isletas-desde-la-junta-de-gobierno-trabajan-en-caminos-vecinales\/"]}]},{"@type":"ImageObject","inLanguage":"es","@id":"https:\/\/informelitoral.com.ar\/isletas-desde-la-junta-de-gobierno-trabajan-en-caminos-vecinales\/#primaryimage","url":"http:\/\/www.isletasnoticias.com.ar\/%77%70%2d%63%6f%6e%74%65%6e%74\/uploads\/2014\/08\/1082153_528425323957481_1155391574_n.jpg","contentUrl":"http:\/\/www.isletasnoticias.com.ar\/%77%70%2d%63%6f%6e%74%65%6e%74\/uploads\/2014\/08\/1082153_528425323957481_1155391574_n.jpg"},{"@type":"BreadcrumbList","@id":"https:\/\/informelitoral.com.ar\/isletas-desde-la-junta-de-gobierno-trabajan-en-caminos-vecinales\/#breadcrumb","itemListElement":[{"@type":"ListItem","position":1,"name":"Portada","item":"https:\/\/informelitoral.com.ar\/"},{"@type":"ListItem","position":2,"name":"Isletas: desde la Junta de Gobierno trabajan en caminos vecinales"}]},{"@type":"WebSite","@id":"https:\/\/informelitoral.com.ar\/#website","url":"https:\/\/informelitoral.com.ar\/","name":"Informe Litoral","description":"&quot;Nos informamos&quot; ","publisher":{"@id":"https:\/\/informelitoral.com.ar\/#organization"},"potentialAction":[{"@type":"SearchAction","target":{"@type":"EntryPoint","urlTemplate":"https:\/\/informelitoral.com.ar\/?s={search_term_string}"},"query-input":{"@type":"PropertyValueSpecification","valueRequired":true,"valueName":"search_term_string"}}],"inLanguage":"es"},{"@type":"Organization","@id":"https:\/\/informelitoral.com.ar\/#organization","name":"Informe Litoral","url":"https:\/\/informelitoral.com.ar\/","logo":{"@type":"ImageObject","inLanguage":"es","@id":"https:\/\/informelitoral.com.ar\/#\/schema\/logo\/image\/","url":"https:\/\/informelitoral.com.ar\/%77%70%2d%63%6f%6e%74%65%6e%74\/uploads\/2021\/01\/circulo.png","contentUrl":"https:\/\/informelitoral.com.ar\/%77%70%2d%63%6f%6e%74%65%6e%74\/uploads\/2021\/01\/circulo.png","width":723,"height":731,"caption":"Informe Litoral"},"image":{"@id":"https:\/\/informelitoral.com.ar\/#\/schema\/logo\/image\/"},"sameAs":["https:\/\/www.facebook.com\/informelitoral\/","https:\/\/x.com\/InformeLitoral","https:\/\/www.instagram.com\/informelitoral\/","https:\/\/www.youtube.com\/channel\/UCua4Qvz8Icb6MYqhoq9xLXw"]},{"@type":"Person","@id":"https:\/\/informelitoral.com.ar\/#\/schema\/person\/b9d00407c836482871ef1d57bf8e3180","name":"Gonzalo Schmidt","image":{"@type":"ImageObject","inLanguage":"es","@id":"https:\/\/secure.gravatar.com\/avatar\/31a1a7b66ff2de83bd0e9fd79d026630d2d99e55e8bfe501287647b4fd9743de?s=96&d=mm&r=g","url":"https:\/\/secure.gravatar.com\/avatar\/31a1a7b66ff2de83bd0e9fd79d026630d2d99e55e8bfe501287647b4fd9743de?s=96&d=mm&r=g","contentUrl":"https:\/\/secure.gravatar.com\/avatar\/31a1a7b66ff2de83bd0e9fd79d026630d2d99e55e8bfe501287647b4fd9743de?s=96&d=mm&r=g","caption":"Gonzalo Schmidt"},"description":"Sitio web de noticias de la provincia de Entre R\u00edos, Argentina. Informaci\u00f3n y entretenimiento. Informe Litoral, nos informamos.","sameAs":["http:\/\/www.isletasnoticias.com.ar"],"url":"https:\/\/informelitoral.com.ar\/author\/gonzalo\/"}]}},"_links":{"self":[{"href":"https:\/\/informelitoral.com.ar\/%77%70%2d%6a%73%6f%6e\/wp\/v2\/posts\/7735","targetHints":{"allow":["GET"]}}],"collection":[{"href":"https:\/\/informelitoral.com.ar\/%77%70%2d%6a%73%6f%6e\/wp\/v2\/posts"}],"about":[{"href":"https:\/\/informelitoral.com.ar\/%77%70%2d%6a%73%6f%6e\/wp\/v2\/types\/post"}],"author":[{"embeddable":true,"href":"https:\/\/informelitoral.com.ar\/%77%70%2d%6a%73%6f%6e\/wp\/v2\/users\/2"}],"replies":[{"embeddable":true,"href":"https:\/\/informelitoral.com.ar\/%77%70%2d%6a%73%6f%6e\/wp\/v2\/comments?post=7735"}],"version-history":[{"count":0,"href":"https:\/\/informelitoral.com.ar\/%77%70%2d%6a%73%6f%6e\/wp\/v2\/posts\/7735\/revisions"}],"wp:attachment":[{"href":"https:\/\/informelitoral.com.ar\/%77%70%2d%6a%73%6f%6e\/wp\/v2\/media?parent=7735"}],"wp:term":[{"taxonomy":"category","embeddable":true,"href":"https:\/\/informelitoral.com.ar\/%77%70%2d%6a%73%6f%6e\/wp\/v2\/categories?post=7735"},{"taxonomy":"post_tag","embeddable":true,"href":"https:\/\/informelitoral.com.ar\/%77%70%2d%6a%73%6f%6e\/wp\/v2\/tags?post=7735"}],"curies":[{"name":"wp","href":"https:\/\/api.w.org\/{rel}","templated":true}]}}