{"id":77320,"date":"2022-05-09T10:06:25","date_gmt":"2022-05-09T13:06:25","guid":{"rendered":"https:\/\/www.informelitoral.com.ar\/?p=77320"},"modified":"2022-05-09T10:06:25","modified_gmt":"2022-05-09T13:06:25","slug":"horas-claves-en-la-definicion-del-cronograma-de-los-cuartos-de-final-de-la-copa-de-la-liga","status":"publish","type":"post","link":"https:\/\/informelitoral.com.ar\/horas-claves-en-la-definicion-del-cronograma-de-los-cuartos-de-final-de-la-copa-de-la-liga\/","title":{"rendered":"Horas claves en la definici\u00f3n del cronograma de los cuartos de final de la Copa de la Liga"},"content":{"rendered":"<p>A 24 horas de la fecha pautada para el comienzo de los cuartos de final de la\u00a0<b>Copa de la Liga Profesional<\/b>, a\u00fan no hay precisiones respecto del cronograma que tendr\u00e1 esta instancia. Se trata de una\u00a0situaci\u00f3n ins\u00f3lita que se desat\u00f3 una vez que se definieron los cruces de esta fase decisiva del certamen. Los apretados calendarios de los distintos equipos en el plano nacional e internacional, y los reparos que ponen los organismos de Seguridad son los factores que han desatado la discusi\u00f3n.<\/p>\n<p class=\"paragraph\">Se espera que este lunes a las 14 haya una\u00a0<b>reuni\u00f3n entre las autoridades de la Liga Profesional y de los organismos de Seguridad,<\/b>\u00a0aunque no se descarta que se pueda producir un encuentro virtual un rato antes con el objetivo de clarificar la situaci\u00f3n lo antes posible.<\/p>\n<h4 class=\"font--primary\"><strong>Los ejes de la pol\u00e9mica<\/strong><\/h4>\n<p class=\"paragraph\">\u201cEsperemos que no nos hagan jugar el d\u00eda martes, ser\u00eda un desprop\u00f3sito, una falta de sentido com\u00fan\u201d, dijo este domingo por la tarde\u00a0<b>Sebasti\u00e1n Beccacece<\/b>, entrenador de Defensa Justicia, al terminar el partido que su equipo le gan\u00f3 por 1-0 a Patronato de Paran\u00e1.<\/p>\n<p class=\"paragraph\">La programaci\u00f3n original establec\u00eda que el Halc\u00f3n deb\u00eda visitar el martes a\u00a0<b>Boca\u00a0<\/b>en la Bombonera. Sin embargo, la dirigencia del club de Florencio Varela puso el grito en el cielo debido a que entienden que estar\u00edan en desventaja deportiva respecto a su rival (Boca jug\u00f3 el s\u00e1bado ante Tigre y llegar\u00eda m\u00e1s descansado).<\/p>\n<p class=\"paragraph\">La propuesta de los clubes fue la de pasar este partido para el mi\u00e9rcoles, pero\u00a0<b>los encargados de Seguridad se negaron<\/b>\u00a0ya que ese d\u00eda tambi\u00e9n juegan River-Tigre en el Monumental. El Millonario tampoco quiere adelantar su enfrentamiento para el martes porque tambi\u00e9n jug\u00f3 el domingo, ante Platense.<\/p>\n<p class=\"paragraph\">Tambi\u00e9n se manej\u00f3 la alternativa de mover todo un d\u00eda y que los cotejos sean mi\u00e9rcoles y jueves, pero las semifinales est\u00e1n programadas para el s\u00e1bado. \u00bfPor qu\u00e9 no juegan las semis el domingo? El siguiente martes, Boca juega por la Copa Libertadores ante Corinthians. Tambi\u00e9n Estudiantes de La Plata tiene un compromiso ese d\u00eda ante Bragantino en Brasil.<\/p>\n<p class=\"paragraph\">En caso de que no haya modificaciones en el calendario, algunas versiones indican que<b>\u00a0Defensa y Justicia ha amenazado con no presentarse a jugar los cuartos de final.\u00a0<\/b>Ser\u00eda una decisi\u00f3n demasiado arriesgada para el Halc\u00f3n, aunque se espera que las negociaciones puedan llegar a buen puerto en las pr\u00f3ximas horas.<\/p>\n<h4 class=\"font--primary\"><strong>C\u00f3mo quedaron los cruces de cuartos de final<\/strong><\/h4>\n<ul class=\"ul__list list\">\n<li class=\"list__item\">Racing &#8211; Aldosivi (martes a las 18.30 en el Cilindro de Avellaneda)<\/li>\n<li class=\"list__item\">Boca &#8211; Defensa y Justicia (martes a las 21.30 en la Bombonera)<\/li>\n<li class=\"list__item\">Estudiantes de La Plata &#8211; Argentinos Juniors (mi\u00e9rcoles a las 18.30)<\/li>\n<li class=\"list__item\">River &#8211; Tigre (mi\u00e9rcoles a las 21.30 en el estadio Monumental)(<em>TN<\/em>)<\/li>\n<\/ul>\n","protected":false},"excerpt":{"rendered":"<p>Se intensifican las conversaciones para acordar la organizaci\u00f3n de los partidos, que deber\u00edan empezar a disputarse ma\u00f1ana.<\/p>\n","protected":false},"author":8,"featured_media":77321,"comment_status":"open","ping_status":"open","sticky":false,"template":"","format":"standard","meta":{"fifu_image_url":"","fifu_image_alt":"","footnotes":""},"categories":[13],"tags":[2868],"class_list":{"0":"post-77320","1":"post","2":"type-post","3":"status-publish","4":"format-standard","5":"has-post-thumbnail","7":"category-deportes","8":"tag-copa-de-la-liga"},"yoast_head":"<title>Horas claves en la definici\u00f3n del cronograma de los cuartos de final de la Copa de la Liga - Informe Litoral<\/title>\n<meta name=\"robots\" content=\"index, follow, max-snippet:-1, max-image-preview:large, max-video-preview:-1\" \/>\n<link rel=\"canonical\" href=\"https:\/\/informelitoral.com.ar\/horas-claves-en-la-definicion-del-cronograma-de-los-cuartos-de-final-de-la-copa-de-la-liga\/\" \/>\n<meta property=\"og:locale\" content=\"es_ES\" \/>\n<meta property=\"og:type\" content=\"article\" \/>\n<meta property=\"og:title\" content=\"Horas claves en la definici\u00f3n del cronograma de los cuartos de final de la Copa de la Liga - Informe Litoral\" \/>\n<meta property=\"og:description\" content=\"Se intensifican las conversaciones para acordar la organizaci\u00f3n de los partidos, que deber\u00edan empezar a disputarse ma\u00f1ana.\" \/>\n<meta property=\"og:url\" content=\"https:\/\/informelitoral.com.ar\/horas-claves-en-la-definicion-del-cronograma-de-los-cuartos-de-final-de-la-copa-de-la-liga\/\" \/>\n<meta property=\"og:site_name\" content=\"Informe Litoral\" \/>\n<meta property=\"article:publisher\" content=\"https:\/\/www.facebook.com\/informelitoral\/\" \/>\n<meta property=\"article:published_time\" content=\"2022-05-09T13:06:25+00:00\" \/>\n<meta property=\"og:image\" content=\"https:\/\/informelitoral.com.ar\/%77%70%2d%63%6f%6e%74%65%6e%74\/uploads\/2022\/05\/16445087104512.jpg\" \/>\n\t<meta property=\"og:image:width\" content=\"1980\" \/>\n\t<meta property=\"og:image:height\" content=\"1114\" \/>\n\t<meta property=\"og:image:type\" content=\"image\/jpeg\" \/>\n<meta name=\"author\" content=\"Sebastian\" \/>\n<meta name=\"twitter:card\" content=\"summary_large_image\" \/>\n<meta name=\"twitter:creator\" content=\"@InformeLitoral\" \/>\n<meta name=\"twitter:site\" content=\"@InformeLitoral\" \/>\n<meta name=\"twitter:label1\" content=\"Escrito por\" \/>\n\t<meta name=\"twitter:data1\" content=\"Sebastian\" \/>\n\t<meta name=\"twitter:label2\" content=\"Tiempo de lectura\" \/>\n\t<meta name=\"twitter:data2\" content=\"2 minutos\" \/>\n<script type=\"application\/ld+json\" class=\"yoast-schema-graph\">{\"@context\":\"https:\\\/\\\/schema.org\",\"@graph\":[{\"@type\":\"Article\",\"@id\":\"https:\\\/\\\/informelitoral.com.ar\\\/horas-claves-en-la-definicion-del-cronograma-de-los-cuartos-de-final-de-la-copa-de-la-liga\\\/#article\",\"isPartOf\":{\"@id\":\"https:\\\/\\\/informelitoral.com.ar\\\/horas-claves-en-la-definicion-del-cronograma-de-los-cuartos-de-final-de-la-copa-de-la-liga\\\/\"},\"author\":{\"name\":\"Sebastian\",\"@id\":\"https:\\\/\\\/informelitoral.com.ar\\\/#\\\/schema\\\/person\\\/f05f9f461677119578717524b127d6d5\"},\"headline\":\"Horas claves en la definici\u00f3n del cronograma de los cuartos de final de la Copa de la Liga\",\"datePublished\":\"2022-05-09T13:06:25+00:00\",\"mainEntityOfPage\":{\"@id\":\"https:\\\/\\\/informelitoral.com.ar\\\/horas-claves-en-la-definicion-del-cronograma-de-los-cuartos-de-final-de-la-copa-de-la-liga\\\/\"},\"wordCount\":500,\"commentCount\":0,\"publisher\":{\"@id\":\"https:\\\/\\\/informelitoral.com.ar\\\/#organization\"},\"image\":{\"@id\":\"https:\\\/\\\/informelitoral.com.ar\\\/horas-claves-en-la-definicion-del-cronograma-de-los-cuartos-de-final-de-la-copa-de-la-liga\\\/#primaryimage\"},\"thumbnailUrl\":\"https:\\\/\\\/informelitoral.com.ar\\\/%77%70%2d%63%6f%6e%74%65%6e%74\\\/uploads\\\/2022\\\/05\\\/16445087104512.jpg\",\"keywords\":[\"Copa de la liga\"],\"articleSection\":[\"Deportes\"],\"inLanguage\":\"es\",\"potentialAction\":[{\"@type\":\"CommentAction\",\"name\":\"Comment\",\"target\":[\"https:\\\/\\\/informelitoral.com.ar\\\/horas-claves-en-la-definicion-del-cronograma-de-los-cuartos-de-final-de-la-copa-de-la-liga\\\/#respond\"]}]},{\"@type\":\"WebPage\",\"@id\":\"https:\\\/\\\/informelitoral.com.ar\\\/horas-claves-en-la-definicion-del-cronograma-de-los-cuartos-de-final-de-la-copa-de-la-liga\\\/\",\"url\":\"https:\\\/\\\/informelitoral.com.ar\\\/horas-claves-en-la-definicion-del-cronograma-de-los-cuartos-de-final-de-la-copa-de-la-liga\\\/\",\"name\":\"Horas claves en la definici\u00f3n del cronograma de los cuartos de final de la Copa de la Liga - Informe Litoral\",\"isPartOf\":{\"@id\":\"https:\\\/\\\/informelitoral.com.ar\\\/#website\"},\"primaryImageOfPage\":{\"@id\":\"https:\\\/\\\/informelitoral.com.ar\\\/horas-claves-en-la-definicion-del-cronograma-de-los-cuartos-de-final-de-la-copa-de-la-liga\\\/#primaryimage\"},\"image\":{\"@id\":\"https:\\\/\\\/informelitoral.com.ar\\\/horas-claves-en-la-definicion-del-cronograma-de-los-cuartos-de-final-de-la-copa-de-la-liga\\\/#primaryimage\"},\"thumbnailUrl\":\"https:\\\/\\\/informelitoral.com.ar\\\/%77%70%2d%63%6f%6e%74%65%6e%74\\\/uploads\\\/2022\\\/05\\\/16445087104512.jpg\",\"datePublished\":\"2022-05-09T13:06:25+00:00\",\"breadcrumb\":{\"@id\":\"https:\\\/\\\/informelitoral.com.ar\\\/horas-claves-en-la-definicion-del-cronograma-de-los-cuartos-de-final-de-la-copa-de-la-liga\\\/#breadcrumb\"},\"inLanguage\":\"es\",\"potentialAction\":[{\"@type\":\"ReadAction\",\"target\":[\"https:\\\/\\\/informelitoral.com.ar\\\/horas-claves-en-la-definicion-del-cronograma-de-los-cuartos-de-final-de-la-copa-de-la-liga\\\/\"]}]},{\"@type\":\"ImageObject\",\"inLanguage\":\"es\",\"@id\":\"https:\\\/\\\/informelitoral.com.ar\\\/horas-claves-en-la-definicion-del-cronograma-de-los-cuartos-de-final-de-la-copa-de-la-liga\\\/#primaryimage\",\"url\":\"https:\\\/\\\/informelitoral.com.ar\\\/%77%70%2d%63%6f%6e%74%65%6e%74\\\/uploads\\\/2022\\\/05\\\/16445087104512.jpg\",\"contentUrl\":\"https:\\\/\\\/informelitoral.com.ar\\\/%77%70%2d%63%6f%6e%74%65%6e%74\\\/uploads\\\/2022\\\/05\\\/16445087104512.jpg\",\"width\":1980,\"height\":1114},{\"@type\":\"BreadcrumbList\",\"@id\":\"https:\\\/\\\/informelitoral.com.ar\\\/horas-claves-en-la-definicion-del-cronograma-de-los-cuartos-de-final-de-la-copa-de-la-liga\\\/#breadcrumb\",\"itemListElement\":[{\"@type\":\"ListItem\",\"position\":1,\"name\":\"Portada\",\"item\":\"https:\\\/\\\/informelitoral.com.ar\\\/\"},{\"@type\":\"ListItem\",\"position\":2,\"name\":\"Horas claves en la definici\u00f3n del cronograma de los cuartos de final de la Copa de la Liga\"}]},{\"@type\":\"WebSite\",\"@id\":\"https:\\\/\\\/informelitoral.com.ar\\\/#website\",\"url\":\"https:\\\/\\\/informelitoral.com.ar\\\/\",\"name\":\"Informe Litoral\",\"description\":\"&quot;Nos informamos&quot; \",\"publisher\":{\"@id\":\"https:\\\/\\\/informelitoral.com.ar\\\/#organization\"},\"potentialAction\":[{\"@type\":\"SearchAction\",\"target\":{\"@type\":\"EntryPoint\",\"urlTemplate\":\"https:\\\/\\\/informelitoral.com.ar\\\/?s={search_term_string}\"},\"query-input\":{\"@type\":\"PropertyValueSpecification\",\"valueRequired\":true,\"valueName\":\"search_term_string\"}}],\"inLanguage\":\"es\"},{\"@type\":\"Organization\",\"@id\":\"https:\\\/\\\/informelitoral.com.ar\\\/#organization\",\"name\":\"Informe Litoral\",\"url\":\"https:\\\/\\\/informelitoral.com.ar\\\/\",\"logo\":{\"@type\":\"ImageObject\",\"inLanguage\":\"es\",\"@id\":\"https:\\\/\\\/informelitoral.com.ar\\\/#\\\/schema\\\/logo\\\/image\\\/\",\"url\":\"https:\\\/\\\/informelitoral.com.ar\\\/%77%70%2d%63%6f%6e%74%65%6e%74\\\/uploads\\\/2021\\\/01\\\/circulo.png\",\"contentUrl\":\"https:\\\/\\\/informelitoral.com.ar\\\/%77%70%2d%63%6f%6e%74%65%6e%74\\\/uploads\\\/2021\\\/01\\\/circulo.png\",\"width\":723,\"height\":731,\"caption\":\"Informe Litoral\"},\"image\":{\"@id\":\"https:\\\/\\\/informelitoral.com.ar\\\/#\\\/schema\\\/logo\\\/image\\\/\"},\"sameAs\":[\"https:\\\/\\\/www.facebook.com\\\/informelitoral\\\/\",\"https:\\\/\\\/x.com\\\/InformeLitoral\",\"https:\\\/\\\/www.instagram.com\\\/informelitoral\\\/\",\"https:\\\/\\\/www.youtube.com\\\/channel\\\/UCua4Qvz8Icb6MYqhoq9xLXw\"]},{\"@type\":\"Person\",\"@id\":\"https:\\\/\\\/informelitoral.com.ar\\\/#\\\/schema\\\/person\\\/f05f9f461677119578717524b127d6d5\",\"name\":\"Sebastian\",\"image\":{\"@type\":\"ImageObject\",\"inLanguage\":\"es\",\"@id\":\"https:\\\/\\\/secure.gravatar.com\\\/avatar\\\/b71bf7481d447dfb9583c7f2798e7cc64de6efb9067b74633ed8c31059a3bd82?s=96&d=mm&r=g\",\"url\":\"https:\\\/\\\/secure.gravatar.com\\\/avatar\\\/b71bf7481d447dfb9583c7f2798e7cc64de6efb9067b74633ed8c31059a3bd82?s=96&d=mm&r=g\",\"contentUrl\":\"https:\\\/\\\/secure.gravatar.com\\\/avatar\\\/b71bf7481d447dfb9583c7f2798e7cc64de6efb9067b74633ed8c31059a3bd82?s=96&d=mm&r=g\",\"caption\":\"Sebastian\"},\"url\":\"https:\\\/\\\/informelitoral.com.ar\\\/author\\\/sebastian\\\/\"}]}<\/script>","yoast_head_json":{"title":"Horas claves en la definici\u00f3n del cronograma de los cuartos de final de la Copa de la Liga - Informe Litoral","robots":{"index":"index","follow":"follow","max-snippet":"max-snippet:-1","max-image-preview":"max-image-preview:large","max-video-preview":"max-video-preview:-1"},"canonical":"https:\/\/informelitoral.com.ar\/horas-claves-en-la-definicion-del-cronograma-de-los-cuartos-de-final-de-la-copa-de-la-liga\/","og_locale":"es_ES","og_type":"article","og_title":"Horas claves en la definici\u00f3n del cronograma de los cuartos de final de la Copa de la Liga - Informe Litoral","og_description":"Se intensifican las conversaciones para acordar la organizaci\u00f3n de los partidos, que deber\u00edan empezar a disputarse ma\u00f1ana.","og_url":"https:\/\/informelitoral.com.ar\/horas-claves-en-la-definicion-del-cronograma-de-los-cuartos-de-final-de-la-copa-de-la-liga\/","og_site_name":"Informe Litoral","article_publisher":"https:\/\/www.facebook.com\/informelitoral\/","article_published_time":"2022-05-09T13:06:25+00:00","og_image":[{"width":1980,"height":1114,"url":"https:\/\/informelitoral.com.ar\/%77%70%2d%63%6f%6e%74%65%6e%74\/uploads\/2022\/05\/16445087104512.jpg","type":"image\/jpeg"}],"author":"Sebastian","twitter_card":"summary_large_image","twitter_creator":"@InformeLitoral","twitter_site":"@InformeLitoral","twitter_misc":{"Escrito por":"Sebastian","Tiempo de lectura":"2 minutos"},"schema":{"@context":"https:\/\/schema.org","@graph":[{"@type":"Article","@id":"https:\/\/informelitoral.com.ar\/horas-claves-en-la-definicion-del-cronograma-de-los-cuartos-de-final-de-la-copa-de-la-liga\/#article","isPartOf":{"@id":"https:\/\/informelitoral.com.ar\/horas-claves-en-la-definicion-del-cronograma-de-los-cuartos-de-final-de-la-copa-de-la-liga\/"},"author":{"name":"Sebastian","@id":"https:\/\/informelitoral.com.ar\/#\/schema\/person\/f05f9f461677119578717524b127d6d5"},"headline":"Horas claves en la definici\u00f3n del cronograma de los cuartos de final de la Copa de la Liga","datePublished":"2022-05-09T13:06:25+00:00","mainEntityOfPage":{"@id":"https:\/\/informelitoral.com.ar\/horas-claves-en-la-definicion-del-cronograma-de-los-cuartos-de-final-de-la-copa-de-la-liga\/"},"wordCount":500,"commentCount":0,"publisher":{"@id":"https:\/\/informelitoral.com.ar\/#organization"},"image":{"@id":"https:\/\/informelitoral.com.ar\/horas-claves-en-la-definicion-del-cronograma-de-los-cuartos-de-final-de-la-copa-de-la-liga\/#primaryimage"},"thumbnailUrl":"https:\/\/informelitoral.com.ar\/%77%70%2d%63%6f%6e%74%65%6e%74\/uploads\/2022\/05\/16445087104512.jpg","keywords":["Copa de la liga"],"articleSection":["Deportes"],"inLanguage":"es","potentialAction":[{"@type":"CommentAction","name":"Comment","target":["https:\/\/informelitoral.com.ar\/horas-claves-en-la-definicion-del-cronograma-de-los-cuartos-de-final-de-la-copa-de-la-liga\/#respond"]}]},{"@type":"WebPage","@id":"https:\/\/informelitoral.com.ar\/horas-claves-en-la-definicion-del-cronograma-de-los-cuartos-de-final-de-la-copa-de-la-liga\/","url":"https:\/\/informelitoral.com.ar\/horas-claves-en-la-definicion-del-cronograma-de-los-cuartos-de-final-de-la-copa-de-la-liga\/","name":"Horas claves en la definici\u00f3n del cronograma de los cuartos de final de la Copa de la Liga - Informe Litoral","isPartOf":{"@id":"https:\/\/informelitoral.com.ar\/#website"},"primaryImageOfPage":{"@id":"https:\/\/informelitoral.com.ar\/horas-claves-en-la-definicion-del-cronograma-de-los-cuartos-de-final-de-la-copa-de-la-liga\/#primaryimage"},"image":{"@id":"https:\/\/informelitoral.com.ar\/horas-claves-en-la-definicion-del-cronograma-de-los-cuartos-de-final-de-la-copa-de-la-liga\/#primaryimage"},"thumbnailUrl":"https:\/\/informelitoral.com.ar\/%77%70%2d%63%6f%6e%74%65%6e%74\/uploads\/2022\/05\/16445087104512.jpg","datePublished":"2022-05-09T13:06:25+00:00","breadcrumb":{"@id":"https:\/\/informelitoral.com.ar\/horas-claves-en-la-definicion-del-cronograma-de-los-cuartos-de-final-de-la-copa-de-la-liga\/#breadcrumb"},"inLanguage":"es","potentialAction":[{"@type":"ReadAction","target":["https:\/\/informelitoral.com.ar\/horas-claves-en-la-definicion-del-cronograma-de-los-cuartos-de-final-de-la-copa-de-la-liga\/"]}]},{"@type":"ImageObject","inLanguage":"es","@id":"https:\/\/informelitoral.com.ar\/horas-claves-en-la-definicion-del-cronograma-de-los-cuartos-de-final-de-la-copa-de-la-liga\/#primaryimage","url":"https:\/\/informelitoral.com.ar\/%77%70%2d%63%6f%6e%74%65%6e%74\/uploads\/2022\/05\/16445087104512.jpg","contentUrl":"https:\/\/informelitoral.com.ar\/%77%70%2d%63%6f%6e%74%65%6e%74\/uploads\/2022\/05\/16445087104512.jpg","width":1980,"height":1114},{"@type":"BreadcrumbList","@id":"https:\/\/informelitoral.com.ar\/horas-claves-en-la-definicion-del-cronograma-de-los-cuartos-de-final-de-la-copa-de-la-liga\/#breadcrumb","itemListElement":[{"@type":"ListItem","position":1,"name":"Portada","item":"https:\/\/informelitoral.com.ar\/"},{"@type":"ListItem","position":2,"name":"Horas claves en la definici\u00f3n del cronograma de los cuartos de final de la Copa de la Liga"}]},{"@type":"WebSite","@id":"https:\/\/informelitoral.com.ar\/#website","url":"https:\/\/informelitoral.com.ar\/","name":"Informe Litoral","description":"&quot;Nos informamos&quot; ","publisher":{"@id":"https:\/\/informelitoral.com.ar\/#organization"},"potentialAction":[{"@type":"SearchAction","target":{"@type":"EntryPoint","urlTemplate":"https:\/\/informelitoral.com.ar\/?s={search_term_string}"},"query-input":{"@type":"PropertyValueSpecification","valueRequired":true,"valueName":"search_term_string"}}],"inLanguage":"es"},{"@type":"Organization","@id":"https:\/\/informelitoral.com.ar\/#organization","name":"Informe Litoral","url":"https:\/\/informelitoral.com.ar\/","logo":{"@type":"ImageObject","inLanguage":"es","@id":"https:\/\/informelitoral.com.ar\/#\/schema\/logo\/image\/","url":"https:\/\/informelitoral.com.ar\/%77%70%2d%63%6f%6e%74%65%6e%74\/uploads\/2021\/01\/circulo.png","contentUrl":"https:\/\/informelitoral.com.ar\/%77%70%2d%63%6f%6e%74%65%6e%74\/uploads\/2021\/01\/circulo.png","width":723,"height":731,"caption":"Informe Litoral"},"image":{"@id":"https:\/\/informelitoral.com.ar\/#\/schema\/logo\/image\/"},"sameAs":["https:\/\/www.facebook.com\/informelitoral\/","https:\/\/x.com\/InformeLitoral","https:\/\/www.instagram.com\/informelitoral\/","https:\/\/www.youtube.com\/channel\/UCua4Qvz8Icb6MYqhoq9xLXw"]},{"@type":"Person","@id":"https:\/\/informelitoral.com.ar\/#\/schema\/person\/f05f9f461677119578717524b127d6d5","name":"Sebastian","image":{"@type":"ImageObject","inLanguage":"es","@id":"https:\/\/secure.gravatar.com\/avatar\/b71bf7481d447dfb9583c7f2798e7cc64de6efb9067b74633ed8c31059a3bd82?s=96&d=mm&r=g","url":"https:\/\/secure.gravatar.com\/avatar\/b71bf7481d447dfb9583c7f2798e7cc64de6efb9067b74633ed8c31059a3bd82?s=96&d=mm&r=g","contentUrl":"https:\/\/secure.gravatar.com\/avatar\/b71bf7481d447dfb9583c7f2798e7cc64de6efb9067b74633ed8c31059a3bd82?s=96&d=mm&r=g","caption":"Sebastian"},"url":"https:\/\/informelitoral.com.ar\/author\/sebastian\/"}]}},"_links":{"self":[{"href":"https:\/\/informelitoral.com.ar\/%77%70%2d%6a%73%6f%6e\/wp\/v2\/posts\/77320","targetHints":{"allow":["GET"]}}],"collection":[{"href":"https:\/\/informelitoral.com.ar\/%77%70%2d%6a%73%6f%6e\/wp\/v2\/posts"}],"about":[{"href":"https:\/\/informelitoral.com.ar\/%77%70%2d%6a%73%6f%6e\/wp\/v2\/types\/post"}],"author":[{"embeddable":true,"href":"https:\/\/informelitoral.com.ar\/%77%70%2d%6a%73%6f%6e\/wp\/v2\/users\/8"}],"replies":[{"embeddable":true,"href":"https:\/\/informelitoral.com.ar\/%77%70%2d%6a%73%6f%6e\/wp\/v2\/comments?post=77320"}],"version-history":[{"count":0,"href":"https:\/\/informelitoral.com.ar\/%77%70%2d%6a%73%6f%6e\/wp\/v2\/posts\/77320\/revisions"}],"wp:featuredmedia":[{"embeddable":true,"href":"https:\/\/informelitoral.com.ar\/%77%70%2d%6a%73%6f%6e\/wp\/v2\/media\/77321"}],"wp:attachment":[{"href":"https:\/\/informelitoral.com.ar\/%77%70%2d%6a%73%6f%6e\/wp\/v2\/media?parent=77320"}],"wp:term":[{"taxonomy":"category","embeddable":true,"href":"https:\/\/informelitoral.com.ar\/%77%70%2d%6a%73%6f%6e\/wp\/v2\/categories?post=77320"},{"taxonomy":"post_tag","embeddable":true,"href":"https:\/\/informelitoral.com.ar\/%77%70%2d%6a%73%6f%6e\/wp\/v2\/tags?post=77320"}],"curies":[{"name":"wp","href":"https:\/\/api.w.org\/{rel}","templated":true}]}}