{"id":77314,"date":"2022-05-09T09:34:53","date_gmt":"2022-05-09T12:34:53","guid":{"rendered":"https:\/\/www.informelitoral.com.ar\/?p=77314"},"modified":"2022-05-09T09:34:53","modified_gmt":"2022-05-09T12:34:53","slug":"productores-entrerrianos-tendran-a-disposicion-una-linea-especial-de-financiamiento","status":"publish","type":"post","link":"https:\/\/informelitoral.com.ar\/productores-entrerrianos-tendran-a-disposicion-una-linea-especial-de-financiamiento\/","title":{"rendered":"Productores entrerrianos tendr\u00e1n a disposici\u00f3n una l\u00ednea especial de financiamiento"},"content":{"rendered":"<p>El mandatario ratific\u00f3 \u00absu compromiso de apoyar al hombre y a la mujer que trabaja en el campo de sol a sol. Ejecutamos las obras que hagan falta y articulamos entre la actividad privada y lo p\u00fablico para encontrar un camino que d\u00e9 a Entre R\u00edos, con todas sus econom\u00edas regionales, una proyecci\u00f3n de generaci\u00f3n de empleo y desarrollo econ\u00f3mico\u00bb.<\/p>\n<p>Bordet estuvo en el predio de la Sociedad Rural de la ciudad de Nogoy\u00e1, lugar en el que se hace una nueva edici\u00f3n de la Expo Provincial Leche y del Jersey Entrerriana 2022. All\u00ed, recorri\u00f3 los stands de expositores y caba\u00f1eros junto con el intendente de Nogoy\u00e1, Rafael Cavagna; el ministro de Producci\u00f3n, Turismo y Desarrollo Econ\u00f3mico, Juan Jos\u00e9 Bahillo; y la presidenta de la Fundaci\u00f3n Iapser, Mariel \u00c1vila. En la oportunidad, entreg\u00f3 aportes por 5.000.000 de pesos a 28 productores tamberos de los departamento Tala, Paran\u00e1 y La Paz que se destinar\u00e1n a cubrir gastos que demandan las labores de siembra y mejoramiento de pastura, y otro para el municipio para cubrir gastos de la organizaci\u00f3n de esta nueva edici\u00f3n de la expo.<\/p>\n<p>Al respecto, el mandatario entendi\u00f3 que \u00abtener esta Expo fortalece una econom\u00eda regional como la lecher\u00eda que viene creciendo en Entre R\u00edos, que tiene un proceso de industrializaci\u00f3n que le agrega valor, con plantas como las de Nogoy\u00e1 de primer nivel, y todo lo que lleva la industria de l\u00e1cteos\u00bb.<\/p>\n<p>Dicho esto, insisti\u00f3 al decir que \u00abla producci\u00f3n entrerriana crece d\u00eda a d\u00eda, y desde el Estado tenemos de obligaci\u00f3n de apoyar, estar al lado y generar los consensos necesarios para ejecutar las mejores acciones de gobierno que favorezcan y propendan el desarrollo de sector l\u00e1cteo y de toda la producci\u00f3n\u00bb.<\/p>\n<p>Detall\u00f3 luego que en la provincia \u00abse trabaja con l\u00edneas de cr\u00e9ditos con tasas claramente negativas. La pr\u00f3xima semana se pondr\u00e1 en marcha una l\u00ednea de cr\u00e9ditos por 800 millones de pesos a trav\u00e9s de agente financiero de la provincia, el banco Nuevo Bersa, y con apoyo del gobierno nacional, el subsidio de tasas por parte de la provincia y la participaci\u00f3n del Consejo Federal de Inversiones (CFI) para otorgar cr\u00e9ditos destinados al capital de trabajo, la incorporaci\u00f3n de maquinarias y herramientas, que puedan incrementar l\u00edneas producci\u00f3n, crear nuevas o comprar ganado. Son muy positivos estos cr\u00e9ditos porque tienen tasa cero el primer a\u00f1o, 10 puntos el segundo a\u00f1o y un tiene un subsidio importante con tasas negativas por debajo de la inflaci\u00f3n. La provincia subsidia en 17 puntos la tasa que hoy tiene el mercado. Esto posibilita que varias econom\u00edas regionales, entre ellas, el sector lechero y tambero, puedan hacer uso de estos cr\u00e9ditos. Es una buena oportunidad para nuestros productores, y tambi\u00e9n estamos comprometiendo 300 millones de pesos m\u00e1s en este sentido\u00bb, adelant\u00f3.<\/p>\n<p>Tambi\u00e9n acompa\u00f1aron al mandatario el titular de Vialidad Nacional Distrito Entre R\u00edos, Daniel Koch; el director Nacional de Lecher\u00eda, Arturo Videla; la senadora provincial Flavia Maidana y el diputado provincial y presidente del interbloque de Cambiemos, Gustavo Cusinato; el secretario de Industria, Fernando Caviglia, entre otros.<\/p>\n<p>Consultado por medios locales, el mandatario defini\u00f3 como \u00abmuy importante\u00bb la cuenca lechera en la provincia porque \u00ablogra autoabastecer a Entre R\u00edos y porque hay un proceso de industrializaci\u00f3n, de valor agregado, de industrias como La Sibila en Nogoy\u00e1, entre otras, que trabajan con derivados de leche\u00bb. En ese sentido, entendi\u00f3 que \u00abes importante sostener nuestras cuencas lecheras, los 804 tambos que tiene la provincia y poder darles apoyo a trav\u00e9s de cr\u00e9ditos\u00bb, y record\u00f3 que uno de los primeros reclamos al inicio del sector fue del sector. \u00abDesde entonces empezamos a entablar un relaci\u00f3n de di\u00e1logo, de construcci\u00f3n de consensos y la b\u00fasqueda com\u00fan de soluciones\u00bb, subray\u00f3.<\/p>\n<p>Durante la visita, el gobernador recibi\u00f3 una nota de la Sociedad Rural de Nogoy\u00e1, se comprometi\u00f3 a hacer una devoluci\u00f3n y conformar una mesa de trabajo en una agenda que considere aspectos a los que el gobierno provincial se pueda comprometer para su soluci\u00f3n. \u00abAc\u00e1 no hay soluciones que sean m\u00e1gicas ni nadie tiene la virtud de solucionar las cosas por s\u00ed solo. Hay que trabajar en el conjunto y articular. Mi gesti\u00f3n tiene toda la predisposici\u00f3n para hacerlo, poder generar los m\u00e1s amplios consensos y ejecutar las acciones de gobierno que pueda dar las soluciones que el sector y, en general, el campo entrerriano requiere\u00bb, manifest\u00f3.<\/p>\n<p>En ese marco, sostuvo que \u00abel hecho de estar aqu\u00ed significa renovar un compromiso con todos nuestros productores del sector tambero para trabajar en conjunto con el gobierno provincial y los municipios, en este caso Nogoy\u00e1. Tambi\u00e9n hacerlo con el gobierno nacional y el apoyo que el Consejo Federal de Inversiones siempre da para este tipo de muestras, hace que podamos desarrollar m\u00faltiples actividades\u00bb, asegur\u00f3.<\/p>\n<p>Caminos<br \/>\nEn otro tramo, se refiri\u00f3 al estado de los caminos de la zona. \u00abEs un problema que tiene larga data, pero no le esquivamos a la responsabilidad. En 2021 se gestion\u00f3 ante la Corporaci\u00f3n Andina de Fomento un cr\u00e9dito de 40 millones de d\u00f3lares para recuperar en la zona los caminos viales, y muy pronto se estar\u00e1 generando la licitaci\u00f3n para abarcar estos caminos, y priorizamos algunos sistemas de producci\u00f3n, sobre todo, la producci\u00f3n de tambos porque son productos perecederos y la producci\u00f3n av\u00edcola que tambi\u00e9n necesita evacuar r\u00e1pidamente la producci\u00f3n. Con esos criterios determinamos un mapa en los que se desarrollar\u00e1n trabajos de arreglo y mantenimiento por cinco a\u00f1os de los caminos. Este es el cr\u00e9dito que toma la provincia y nos dar\u00e1 la posibilidad de recuperar nuestros caminos rurales\u00bb.<\/p>\n<p>Escuelas agrot\u00e9cnicas<br \/>\nEn otro orden, Bordet apunt\u00f3 que \u00ablas escuelas t\u00e9cnicas y agrot\u00e9cnicas para la gesti\u00f3n son claves. En realidad, hemos dise\u00f1ado un programa para creaci\u00f3n de nuevas escuelas t\u00e9cnicas y agrot\u00e9cnicas para generar refacciones importantes en todas las escuelas de este tipo porque es lo que encuentra salida laboral aplicada. Pero en el caso de las escuelas agrot\u00e9cnicas, en una provincia de Entre R\u00edos que tiene una muy buena distribuci\u00f3n demogr\u00e1fica y donde todav\u00eda hay mucha ruralidad, la educaci\u00f3n agrot\u00e9cnica es clave porque los chicos y las chicas que egresan despu\u00e9s aplican sus conocimientos en los sistemas productivos que est\u00e1n en el campo entrerriano. Esto mantiene la ruralidad y hace que muchos hijos de productores no tengan que ir a buscar otros horizontes a las grandes ciudades y puedan encontrarlos en su lugar de origen. De ah\u00ed el compromiso de trabajar fuertemente en generar las condiciones \u00f3ptimas para nuestras escuelas agrot\u00e9cnicas\u00bb, insisti\u00f3.<\/p>\n<p>Trabajo en conjunto<br \/>\nPor su parte, el intendente Cavagna sostuvo que \u00abya lo hemos demostrado que el trabajo en conjunto da sus resultados, y nuevamente los gobiernos nacional, provincial y local apuesta, en este caso, al sector l\u00e1cteo\u00bb.<\/p>\n<p>\u00abAgradezco en nombre de la ciudad de Nogoy\u00e1 la presencia del gobernador y su equipo, y seguramente en el octavo a\u00f1o, el \u00faltimo que nos toque de ambas gestiones, pondremos toda la carne en el asado para que la Expo Provincial de la Leche siga generando oportunidades. Nuestra disposici\u00f3n para trabajar en conjunto\u00bb, dijo el intendente radical que tambi\u00e9n mencion\u00f3 el aporte del Consejo Federal de Inversiones (CFI)<\/p>\n<p>Datos y pol\u00edticas p\u00fablicas<br \/>\nA la lecher\u00eda entrerriana la integran 804 peque\u00f1os y medianos tamberos, y representan el 7,7 por ciento de los que hay en Argentina. Al pa\u00eds le aportan el 3,6 por ciento de la producci\u00f3n nacional. La provincia cuenta con 61 usinas que representan el 6 por ciento de las existentes en el pa\u00eds, y seg\u00fan datos de 2021, hay 30 industrias en Entre R\u00edos que reciben leche de 552 tamberos.<br \/>\nEl gobierno provincial conduce la Mesa Lechera desde donde se gestionan las pol\u00edticas p\u00fablicas. Se destinaron poco m\u00e1s de 82 millones de pesos en financiamiento para el sector, de los cuales 49 millones de pesos provienen del Consejo Federal de Inversiones y beneficiaron a productores de Paran\u00e1, Tala, Nogoy\u00e1, Diamante y Gualeguaych\u00fa.<\/p>\n<p>En tanto, 23 millones fueron entregados a usinas a trav\u00e9s de un convenio que la provincia mantiene con el banco Bersa. Asimismo, se entregaron 14 cr\u00e9ditos por 8,6 millones de pesos en cr\u00e9ditos rotatorios a valor producto para mejoras de manejo y tecnolog\u00eda que benefici\u00f3 a productores de Lucas Gonz\u00e1lez, Viale, Mar\u00eda Grande, Aldea San Rafael, Segu\u00ed, Aldea Salto, Hern\u00e1ndez, Isletas, Colonia Merou.<\/p>\n<p>A esto se suman l\u00edneas que se ejecutar\u00e1n este a\u00f1o como capacitaciones en industrias l\u00e1cteas, cr\u00e9ditos rotativos para tambos queser\u00eda para fortalecer las unidades productivas de la agricultura familiar; nuevas herramientas t\u00e9cnicas y financieras para que el productor pueda mejorar su establecimiento.<\/p>\n<p>Asimismo, la Mesa T\u00e9cnica de Tambo e Industria se re\u00fane cada mes con la participaci\u00f3n de representantes de todos los sectores. En ese espacio se gestionan programas y certificaciones conjuntas. Se suma el proyecto relacionado al pasteurizado de leche para queser\u00edas para peque\u00f1os tambos queser\u00eda de la provincia por 2 millones de peso, y el de Buenas Pr\u00e1cticas Lecheras y el de Gesti\u00f3n Integral de los Riesgos en el Sistema Agroindustrial Rural (Girsar) Iniciativas de Investigaci\u00f3n y Validaci\u00f3n de Tecnolog\u00edas.<\/p>\n<p>Perfil del sector primario<br \/>\nA la lecher\u00eda entrerriana la integran 804 peque\u00f1os y medianos tamberos, y representan el 7,7 por ciento de los que hay en Argentina. Al pa\u00eds le aportan el 3,6 por ciento de la producci\u00f3n nacional, con la caracter\u00edstica de tener un promedio de 101 vacas por unidad productiva.<br \/>\nEl stock de lecheras entrerrianas es de 89.753 cabezas, 5,2 por ciento de las existencias bovinas de Argentina. El 69 por ciento de los tambos est\u00e1n dentro del Sistema Integrado de Gesti\u00f3n de la Lecher\u00eda Argentina que paga por calidad, con una producci\u00f3n que super\u00f3 sensiblemente los 400 millones de litros de leche durante 2021.<\/p>\n","protected":false},"excerpt":{"rendered":"<p>La provincia tendr\u00e1 disponible la semana pr\u00f3xima el financiamiento por 800 millones de pesos para capital de trabajo destinado al sector productivo. As\u00ed lo hizo saber este s\u00e1bado el gobernador Gustavo Bordet en Nogoy\u00e1 durante su visita a la XVIII Expo Provincial Leche y IX Jersey Entrerriana 2022.<\/p>\n","protected":false},"author":8,"featured_media":77315,"comment_status":"open","ping_status":"open","sticky":false,"template":"","format":"standard","meta":{"fifu_image_url":"","fifu_image_alt":"","footnotes":""},"categories":[10],"tags":[3602,811,167],"class_list":{"0":"post-77314","1":"post","2":"type-post","3":"status-publish","4":"format-standard","5":"has-post-thumbnail","7":"category-campo","8":"tag-expo-de-la-leche","9":"tag-financiamiento","10":"tag-gustavo-bordet"},"yoast_head":"<title>Productores entrerrianos tendr\u00e1n a disposici\u00f3n una l\u00ednea especial de financiamiento - Informe Litoral<\/title>\n<meta name=\"robots\" content=\"index, follow, max-snippet:-1, max-image-preview:large, max-video-preview:-1\" \/>\n<link rel=\"canonical\" href=\"https:\/\/informelitoral.com.ar\/productores-entrerrianos-tendran-a-disposicion-una-linea-especial-de-financiamiento\/\" \/>\n<meta property=\"og:locale\" content=\"es_ES\" \/>\n<meta property=\"og:type\" content=\"article\" \/>\n<meta property=\"og:title\" content=\"Productores entrerrianos tendr\u00e1n a disposici\u00f3n una l\u00ednea especial de financiamiento - Informe Litoral\" \/>\n<meta property=\"og:description\" content=\"La provincia tendr\u00e1 disponible la semana pr\u00f3xima el financiamiento por 800 millones de pesos para capital de trabajo destinado al sector productivo. As\u00ed lo hizo saber este s\u00e1bado el gobernador Gustavo Bordet en Nogoy\u00e1 durante su visita a la XVIII Expo Provincial Leche y IX Jersey Entrerriana 2022.\" \/>\n<meta property=\"og:url\" content=\"https:\/\/informelitoral.com.ar\/productores-entrerrianos-tendran-a-disposicion-una-linea-especial-de-financiamiento\/\" \/>\n<meta property=\"og:site_name\" content=\"Informe Litoral\" \/>\n<meta property=\"article:publisher\" content=\"https:\/\/www.facebook.com\/informelitoral\/\" \/>\n<meta property=\"article:published_time\" content=\"2022-05-09T12:34:53+00:00\" \/>\n<meta property=\"og:image\" content=\"https:\/\/informelitoral.com.ar\/%77%70%2d%63%6f%6e%74%65%6e%74\/uploads\/2022\/05\/p_1651952382.jpg\" \/>\n\t<meta property=\"og:image:width\" content=\"1920\" \/>\n\t<meta property=\"og:image:height\" content=\"800\" \/>\n\t<meta property=\"og:image:type\" content=\"image\/jpeg\" \/>\n<meta name=\"author\" content=\"Sebastian\" \/>\n<meta name=\"twitter:card\" content=\"summary_large_image\" \/>\n<meta name=\"twitter:creator\" content=\"@InformeLitoral\" \/>\n<meta name=\"twitter:site\" content=\"@InformeLitoral\" \/>\n<meta name=\"twitter:label1\" content=\"Escrito por\" \/>\n\t<meta name=\"twitter:data1\" content=\"Sebastian\" \/>\n\t<meta name=\"twitter:label2\" content=\"Tiempo de lectura\" \/>\n\t<meta name=\"twitter:data2\" content=\"9 minutos\" \/>\n<script type=\"application\/ld+json\" class=\"yoast-schema-graph\">{\"@context\":\"https:\\\/\\\/schema.org\",\"@graph\":[{\"@type\":\"Article\",\"@id\":\"https:\\\/\\\/informelitoral.com.ar\\\/productores-entrerrianos-tendran-a-disposicion-una-linea-especial-de-financiamiento\\\/#article\",\"isPartOf\":{\"@id\":\"https:\\\/\\\/informelitoral.com.ar\\\/productores-entrerrianos-tendran-a-disposicion-una-linea-especial-de-financiamiento\\\/\"},\"author\":{\"name\":\"Sebastian\",\"@id\":\"https:\\\/\\\/informelitoral.com.ar\\\/#\\\/schema\\\/person\\\/f05f9f461677119578717524b127d6d5\"},\"headline\":\"Productores entrerrianos tendr\u00e1n a disposici\u00f3n una l\u00ednea especial de financiamiento\",\"datePublished\":\"2022-05-09T12:34:53+00:00\",\"mainEntityOfPage\":{\"@id\":\"https:\\\/\\\/informelitoral.com.ar\\\/productores-entrerrianos-tendran-a-disposicion-una-linea-especial-de-financiamiento\\\/\"},\"wordCount\":1722,\"commentCount\":0,\"publisher\":{\"@id\":\"https:\\\/\\\/informelitoral.com.ar\\\/#organization\"},\"image\":{\"@id\":\"https:\\\/\\\/informelitoral.com.ar\\\/productores-entrerrianos-tendran-a-disposicion-una-linea-especial-de-financiamiento\\\/#primaryimage\"},\"thumbnailUrl\":\"https:\\\/\\\/informelitoral.com.ar\\\/%77%70%2d%63%6f%6e%74%65%6e%74\\\/uploads\\\/2022\\\/05\\\/p_1651952382.jpg\",\"keywords\":[\"Expo de la leche\",\"Financiamiento\",\"Gustavo Bordet\"],\"articleSection\":[\"Campo\"],\"inLanguage\":\"es\",\"potentialAction\":[{\"@type\":\"CommentAction\",\"name\":\"Comment\",\"target\":[\"https:\\\/\\\/informelitoral.com.ar\\\/productores-entrerrianos-tendran-a-disposicion-una-linea-especial-de-financiamiento\\\/#respond\"]}]},{\"@type\":\"WebPage\",\"@id\":\"https:\\\/\\\/informelitoral.com.ar\\\/productores-entrerrianos-tendran-a-disposicion-una-linea-especial-de-financiamiento\\\/\",\"url\":\"https:\\\/\\\/informelitoral.com.ar\\\/productores-entrerrianos-tendran-a-disposicion-una-linea-especial-de-financiamiento\\\/\",\"name\":\"Productores entrerrianos tendr\u00e1n a disposici\u00f3n una l\u00ednea especial de financiamiento - Informe Litoral\",\"isPartOf\":{\"@id\":\"https:\\\/\\\/informelitoral.com.ar\\\/#website\"},\"primaryImageOfPage\":{\"@id\":\"https:\\\/\\\/informelitoral.com.ar\\\/productores-entrerrianos-tendran-a-disposicion-una-linea-especial-de-financiamiento\\\/#primaryimage\"},\"image\":{\"@id\":\"https:\\\/\\\/informelitoral.com.ar\\\/productores-entrerrianos-tendran-a-disposicion-una-linea-especial-de-financiamiento\\\/#primaryimage\"},\"thumbnailUrl\":\"https:\\\/\\\/informelitoral.com.ar\\\/%77%70%2d%63%6f%6e%74%65%6e%74\\\/uploads\\\/2022\\\/05\\\/p_1651952382.jpg\",\"datePublished\":\"2022-05-09T12:34:53+00:00\",\"breadcrumb\":{\"@id\":\"https:\\\/\\\/informelitoral.com.ar\\\/productores-entrerrianos-tendran-a-disposicion-una-linea-especial-de-financiamiento\\\/#breadcrumb\"},\"inLanguage\":\"es\",\"potentialAction\":[{\"@type\":\"ReadAction\",\"target\":[\"https:\\\/\\\/informelitoral.com.ar\\\/productores-entrerrianos-tendran-a-disposicion-una-linea-especial-de-financiamiento\\\/\"]}]},{\"@type\":\"ImageObject\",\"inLanguage\":\"es\",\"@id\":\"https:\\\/\\\/informelitoral.com.ar\\\/productores-entrerrianos-tendran-a-disposicion-una-linea-especial-de-financiamiento\\\/#primaryimage\",\"url\":\"https:\\\/\\\/informelitoral.com.ar\\\/%77%70%2d%63%6f%6e%74%65%6e%74\\\/uploads\\\/2022\\\/05\\\/p_1651952382.jpg\",\"contentUrl\":\"https:\\\/\\\/informelitoral.com.ar\\\/%77%70%2d%63%6f%6e%74%65%6e%74\\\/uploads\\\/2022\\\/05\\\/p_1651952382.jpg\",\"width\":1920,\"height\":800},{\"@type\":\"BreadcrumbList\",\"@id\":\"https:\\\/\\\/informelitoral.com.ar\\\/productores-entrerrianos-tendran-a-disposicion-una-linea-especial-de-financiamiento\\\/#breadcrumb\",\"itemListElement\":[{\"@type\":\"ListItem\",\"position\":1,\"name\":\"Portada\",\"item\":\"https:\\\/\\\/informelitoral.com.ar\\\/\"},{\"@type\":\"ListItem\",\"position\":2,\"name\":\"Productores entrerrianos tendr\u00e1n a disposici\u00f3n una l\u00ednea especial de financiamiento\"}]},{\"@type\":\"WebSite\",\"@id\":\"https:\\\/\\\/informelitoral.com.ar\\\/#website\",\"url\":\"https:\\\/\\\/informelitoral.com.ar\\\/\",\"name\":\"Informe Litoral\",\"description\":\"&quot;Nos informamos&quot; \",\"publisher\":{\"@id\":\"https:\\\/\\\/informelitoral.com.ar\\\/#organization\"},\"potentialAction\":[{\"@type\":\"SearchAction\",\"target\":{\"@type\":\"EntryPoint\",\"urlTemplate\":\"https:\\\/\\\/informelitoral.com.ar\\\/?s={search_term_string}\"},\"query-input\":{\"@type\":\"PropertyValueSpecification\",\"valueRequired\":true,\"valueName\":\"search_term_string\"}}],\"inLanguage\":\"es\"},{\"@type\":\"Organization\",\"@id\":\"https:\\\/\\\/informelitoral.com.ar\\\/#organization\",\"name\":\"Informe Litoral\",\"url\":\"https:\\\/\\\/informelitoral.com.ar\\\/\",\"logo\":{\"@type\":\"ImageObject\",\"inLanguage\":\"es\",\"@id\":\"https:\\\/\\\/informelitoral.com.ar\\\/#\\\/schema\\\/logo\\\/image\\\/\",\"url\":\"https:\\\/\\\/informelitoral.com.ar\\\/%77%70%2d%63%6f%6e%74%65%6e%74\\\/uploads\\\/2021\\\/01\\\/circulo.png\",\"contentUrl\":\"https:\\\/\\\/informelitoral.com.ar\\\/%77%70%2d%63%6f%6e%74%65%6e%74\\\/uploads\\\/2021\\\/01\\\/circulo.png\",\"width\":723,\"height\":731,\"caption\":\"Informe Litoral\"},\"image\":{\"@id\":\"https:\\\/\\\/informelitoral.com.ar\\\/#\\\/schema\\\/logo\\\/image\\\/\"},\"sameAs\":[\"https:\\\/\\\/www.facebook.com\\\/informelitoral\\\/\",\"https:\\\/\\\/x.com\\\/InformeLitoral\",\"https:\\\/\\\/www.instagram.com\\\/informelitoral\\\/\",\"https:\\\/\\\/www.youtube.com\\\/channel\\\/UCua4Qvz8Icb6MYqhoq9xLXw\"]},{\"@type\":\"Person\",\"@id\":\"https:\\\/\\\/informelitoral.com.ar\\\/#\\\/schema\\\/person\\\/f05f9f461677119578717524b127d6d5\",\"name\":\"Sebastian\",\"image\":{\"@type\":\"ImageObject\",\"inLanguage\":\"es\",\"@id\":\"https:\\\/\\\/secure.gravatar.com\\\/avatar\\\/b71bf7481d447dfb9583c7f2798e7cc64de6efb9067b74633ed8c31059a3bd82?s=96&d=mm&r=g\",\"url\":\"https:\\\/\\\/secure.gravatar.com\\\/avatar\\\/b71bf7481d447dfb9583c7f2798e7cc64de6efb9067b74633ed8c31059a3bd82?s=96&d=mm&r=g\",\"contentUrl\":\"https:\\\/\\\/secure.gravatar.com\\\/avatar\\\/b71bf7481d447dfb9583c7f2798e7cc64de6efb9067b74633ed8c31059a3bd82?s=96&d=mm&r=g\",\"caption\":\"Sebastian\"},\"url\":\"https:\\\/\\\/informelitoral.com.ar\\\/author\\\/sebastian\\\/\"}]}<\/script>","yoast_head_json":{"title":"Productores entrerrianos tendr\u00e1n a disposici\u00f3n una l\u00ednea especial de financiamiento - Informe Litoral","robots":{"index":"index","follow":"follow","max-snippet":"max-snippet:-1","max-image-preview":"max-image-preview:large","max-video-preview":"max-video-preview:-1"},"canonical":"https:\/\/informelitoral.com.ar\/productores-entrerrianos-tendran-a-disposicion-una-linea-especial-de-financiamiento\/","og_locale":"es_ES","og_type":"article","og_title":"Productores entrerrianos tendr\u00e1n a disposici\u00f3n una l\u00ednea especial de financiamiento - Informe Litoral","og_description":"La provincia tendr\u00e1 disponible la semana pr\u00f3xima el financiamiento por 800 millones de pesos para capital de trabajo destinado al sector productivo. As\u00ed lo hizo saber este s\u00e1bado el gobernador Gustavo Bordet en Nogoy\u00e1 durante su visita a la XVIII Expo Provincial Leche y IX Jersey Entrerriana 2022.","og_url":"https:\/\/informelitoral.com.ar\/productores-entrerrianos-tendran-a-disposicion-una-linea-especial-de-financiamiento\/","og_site_name":"Informe Litoral","article_publisher":"https:\/\/www.facebook.com\/informelitoral\/","article_published_time":"2022-05-09T12:34:53+00:00","og_image":[{"width":1920,"height":800,"url":"https:\/\/informelitoral.com.ar\/%77%70%2d%63%6f%6e%74%65%6e%74\/uploads\/2022\/05\/p_1651952382.jpg","type":"image\/jpeg"}],"author":"Sebastian","twitter_card":"summary_large_image","twitter_creator":"@InformeLitoral","twitter_site":"@InformeLitoral","twitter_misc":{"Escrito por":"Sebastian","Tiempo de lectura":"9 minutos"},"schema":{"@context":"https:\/\/schema.org","@graph":[{"@type":"Article","@id":"https:\/\/informelitoral.com.ar\/productores-entrerrianos-tendran-a-disposicion-una-linea-especial-de-financiamiento\/#article","isPartOf":{"@id":"https:\/\/informelitoral.com.ar\/productores-entrerrianos-tendran-a-disposicion-una-linea-especial-de-financiamiento\/"},"author":{"name":"Sebastian","@id":"https:\/\/informelitoral.com.ar\/#\/schema\/person\/f05f9f461677119578717524b127d6d5"},"headline":"Productores entrerrianos tendr\u00e1n a disposici\u00f3n una l\u00ednea especial de financiamiento","datePublished":"2022-05-09T12:34:53+00:00","mainEntityOfPage":{"@id":"https:\/\/informelitoral.com.ar\/productores-entrerrianos-tendran-a-disposicion-una-linea-especial-de-financiamiento\/"},"wordCount":1722,"commentCount":0,"publisher":{"@id":"https:\/\/informelitoral.com.ar\/#organization"},"image":{"@id":"https:\/\/informelitoral.com.ar\/productores-entrerrianos-tendran-a-disposicion-una-linea-especial-de-financiamiento\/#primaryimage"},"thumbnailUrl":"https:\/\/informelitoral.com.ar\/%77%70%2d%63%6f%6e%74%65%6e%74\/uploads\/2022\/05\/p_1651952382.jpg","keywords":["Expo de la leche","Financiamiento","Gustavo Bordet"],"articleSection":["Campo"],"inLanguage":"es","potentialAction":[{"@type":"CommentAction","name":"Comment","target":["https:\/\/informelitoral.com.ar\/productores-entrerrianos-tendran-a-disposicion-una-linea-especial-de-financiamiento\/#respond"]}]},{"@type":"WebPage","@id":"https:\/\/informelitoral.com.ar\/productores-entrerrianos-tendran-a-disposicion-una-linea-especial-de-financiamiento\/","url":"https:\/\/informelitoral.com.ar\/productores-entrerrianos-tendran-a-disposicion-una-linea-especial-de-financiamiento\/","name":"Productores entrerrianos tendr\u00e1n a disposici\u00f3n una l\u00ednea especial de financiamiento - Informe Litoral","isPartOf":{"@id":"https:\/\/informelitoral.com.ar\/#website"},"primaryImageOfPage":{"@id":"https:\/\/informelitoral.com.ar\/productores-entrerrianos-tendran-a-disposicion-una-linea-especial-de-financiamiento\/#primaryimage"},"image":{"@id":"https:\/\/informelitoral.com.ar\/productores-entrerrianos-tendran-a-disposicion-una-linea-especial-de-financiamiento\/#primaryimage"},"thumbnailUrl":"https:\/\/informelitoral.com.ar\/%77%70%2d%63%6f%6e%74%65%6e%74\/uploads\/2022\/05\/p_1651952382.jpg","datePublished":"2022-05-09T12:34:53+00:00","breadcrumb":{"@id":"https:\/\/informelitoral.com.ar\/productores-entrerrianos-tendran-a-disposicion-una-linea-especial-de-financiamiento\/#breadcrumb"},"inLanguage":"es","potentialAction":[{"@type":"ReadAction","target":["https:\/\/informelitoral.com.ar\/productores-entrerrianos-tendran-a-disposicion-una-linea-especial-de-financiamiento\/"]}]},{"@type":"ImageObject","inLanguage":"es","@id":"https:\/\/informelitoral.com.ar\/productores-entrerrianos-tendran-a-disposicion-una-linea-especial-de-financiamiento\/#primaryimage","url":"https:\/\/informelitoral.com.ar\/%77%70%2d%63%6f%6e%74%65%6e%74\/uploads\/2022\/05\/p_1651952382.jpg","contentUrl":"https:\/\/informelitoral.com.ar\/%77%70%2d%63%6f%6e%74%65%6e%74\/uploads\/2022\/05\/p_1651952382.jpg","width":1920,"height":800},{"@type":"BreadcrumbList","@id":"https:\/\/informelitoral.com.ar\/productores-entrerrianos-tendran-a-disposicion-una-linea-especial-de-financiamiento\/#breadcrumb","itemListElement":[{"@type":"ListItem","position":1,"name":"Portada","item":"https:\/\/informelitoral.com.ar\/"},{"@type":"ListItem","position":2,"name":"Productores entrerrianos tendr\u00e1n a disposici\u00f3n una l\u00ednea especial de financiamiento"}]},{"@type":"WebSite","@id":"https:\/\/informelitoral.com.ar\/#website","url":"https:\/\/informelitoral.com.ar\/","name":"Informe Litoral","description":"&quot;Nos informamos&quot; ","publisher":{"@id":"https:\/\/informelitoral.com.ar\/#organization"},"potentialAction":[{"@type":"SearchAction","target":{"@type":"EntryPoint","urlTemplate":"https:\/\/informelitoral.com.ar\/?s={search_term_string}"},"query-input":{"@type":"PropertyValueSpecification","valueRequired":true,"valueName":"search_term_string"}}],"inLanguage":"es"},{"@type":"Organization","@id":"https:\/\/informelitoral.com.ar\/#organization","name":"Informe Litoral","url":"https:\/\/informelitoral.com.ar\/","logo":{"@type":"ImageObject","inLanguage":"es","@id":"https:\/\/informelitoral.com.ar\/#\/schema\/logo\/image\/","url":"https:\/\/informelitoral.com.ar\/%77%70%2d%63%6f%6e%74%65%6e%74\/uploads\/2021\/01\/circulo.png","contentUrl":"https:\/\/informelitoral.com.ar\/%77%70%2d%63%6f%6e%74%65%6e%74\/uploads\/2021\/01\/circulo.png","width":723,"height":731,"caption":"Informe Litoral"},"image":{"@id":"https:\/\/informelitoral.com.ar\/#\/schema\/logo\/image\/"},"sameAs":["https:\/\/www.facebook.com\/informelitoral\/","https:\/\/x.com\/InformeLitoral","https:\/\/www.instagram.com\/informelitoral\/","https:\/\/www.youtube.com\/channel\/UCua4Qvz8Icb6MYqhoq9xLXw"]},{"@type":"Person","@id":"https:\/\/informelitoral.com.ar\/#\/schema\/person\/f05f9f461677119578717524b127d6d5","name":"Sebastian","image":{"@type":"ImageObject","inLanguage":"es","@id":"https:\/\/secure.gravatar.com\/avatar\/b71bf7481d447dfb9583c7f2798e7cc64de6efb9067b74633ed8c31059a3bd82?s=96&d=mm&r=g","url":"https:\/\/secure.gravatar.com\/avatar\/b71bf7481d447dfb9583c7f2798e7cc64de6efb9067b74633ed8c31059a3bd82?s=96&d=mm&r=g","contentUrl":"https:\/\/secure.gravatar.com\/avatar\/b71bf7481d447dfb9583c7f2798e7cc64de6efb9067b74633ed8c31059a3bd82?s=96&d=mm&r=g","caption":"Sebastian"},"url":"https:\/\/informelitoral.com.ar\/author\/sebastian\/"}]}},"_links":{"self":[{"href":"https:\/\/informelitoral.com.ar\/%77%70%2d%6a%73%6f%6e\/wp\/v2\/posts\/77314","targetHints":{"allow":["GET"]}}],"collection":[{"href":"https:\/\/informelitoral.com.ar\/%77%70%2d%6a%73%6f%6e\/wp\/v2\/posts"}],"about":[{"href":"https:\/\/informelitoral.com.ar\/%77%70%2d%6a%73%6f%6e\/wp\/v2\/types\/post"}],"author":[{"embeddable":true,"href":"https:\/\/informelitoral.com.ar\/%77%70%2d%6a%73%6f%6e\/wp\/v2\/users\/8"}],"replies":[{"embeddable":true,"href":"https:\/\/informelitoral.com.ar\/%77%70%2d%6a%73%6f%6e\/wp\/v2\/comments?post=77314"}],"version-history":[{"count":0,"href":"https:\/\/informelitoral.com.ar\/%77%70%2d%6a%73%6f%6e\/wp\/v2\/posts\/77314\/revisions"}],"wp:featuredmedia":[{"embeddable":true,"href":"https:\/\/informelitoral.com.ar\/%77%70%2d%6a%73%6f%6e\/wp\/v2\/media\/77315"}],"wp:attachment":[{"href":"https:\/\/informelitoral.com.ar\/%77%70%2d%6a%73%6f%6e\/wp\/v2\/media?parent=77314"}],"wp:term":[{"taxonomy":"category","embeddable":true,"href":"https:\/\/informelitoral.com.ar\/%77%70%2d%6a%73%6f%6e\/wp\/v2\/categories?post=77314"},{"taxonomy":"post_tag","embeddable":true,"href":"https:\/\/informelitoral.com.ar\/%77%70%2d%6a%73%6f%6e\/wp\/v2\/tags?post=77314"}],"curies":[{"name":"wp","href":"https:\/\/api.w.org\/{rel}","templated":true}]}}