{"id":77257,"date":"2022-05-06T14:10:07","date_gmt":"2022-05-06T17:10:07","guid":{"rendered":"https:\/\/www.informelitoral.com.ar\/?p=77257"},"modified":"2022-05-06T15:02:43","modified_gmt":"2022-05-06T18:02:43","slug":"el-bcra-abre-el-cepo-para-algunos-medicamentos-e-insumos-farmaceuticos","status":"publish","type":"post","link":"https:\/\/informelitoral.com.ar\/el-bcra-abre-el-cepo-para-algunos-medicamentos-e-insumos-farmaceuticos\/","title":{"rendered":"El BCRA abre el cepo para algunos medicamentos e insumos farmac\u00e9uticos"},"content":{"rendered":"<p class=\"paragraph\">El\u00a0<b>Banco Central<\/b>\u00a0(BCRA) decidi\u00f3\u00a0<b>aflojar el cepo<\/b>\u00a0cambiario para\u00a0algunos insumos farmac\u00e9uticos\u00a0y de diagn\u00f3stico. Semanas atr\u00e1s, tanto laboratorios como\u00a0el sector de reactivos\u00a0hab\u00edan alertado por los\u00a0<b>faltantes<\/b>\u00a0de material m\u00e9dico que pod\u00edan\u00a0<b>complicar la prestaci\u00f3n de servicios de salud\u00a0<\/b>en los pr\u00f3ximos meses.<\/p>\n<p class=\"paragraph\">Luego de varios reclamos de las c\u00e1maras sectoriales ante el Ministerio de Salud y el BCRA, finalmente este jueves la autoridad monetaria dispuso\u00a0<b>exceptuar de los requisitos<\/b>\u00a0para acceder a d\u00f3lar oficial para pagar las importaciones sobre productos farmac\u00e9uticos y\/o insumos, en la medida que sean utilizados para\u00a0<b>elaboraci\u00f3n local<\/b>.<\/p>\n<p>As\u00ed, ya\u00a0<b>no estar\u00e1n sujetas al cupo de importaciones incremental<\/b>\u00a0en relaci\u00f3n con a\u00f1os previos (que establec\u00eda un tope de d\u00f3lares para 2022 equivalente al 105% de lo que hab\u00edan importado en 2021 o al 170% de las compras al exterior realizadas en 2020).<\/p>\n<p class=\"paragraph\">Tampoco tendr\u00e1n que pedir financiamiento a 180 para poder realizar esas importaciones al tipo de cambio oficial, tal como establec\u00edan las normas previas. Por el contrario, tendr\u00e1n\u00a0<b>acceso \u201ca la vista\u201d al mercado oficial de cambios<\/b>, luego de presentar una declaraci\u00f3n jurada firmada ante su banco en la que afirmen que los productos se usar\u00e1n en la<b>\u00a0fabricaci\u00f3n local<\/b>\u00a0de medicamentos.<\/p>\n<h4 class=\"font--primary\"><strong>Qu\u00e9 medicamentos ingresar\u00e1n al pa\u00eds sin trabas cambiarias<\/strong><\/h4>\n<p class=\"paragraph\">La flexibilizaci\u00f3n no abarca a cualquier producto, sino a un listado de\u00a0<b>27 posiciones arancelarias<\/b>\u00a0de la nomenclatura com\u00fan del Mercosur. Fundamentalmente, se trata de<b>\u00a0insumos farmac\u00e9uticos.\u00a0<\/b>Seg\u00fan el listado que figura en la Comunicaci\u00f3n \u201cA\u201d 7507, algunos de los productos liberados son:<\/p>\n<div id=\"hybs-mslot-3040-2\" class=\"hybs-mslot\"><\/div>\n<ul class=\"ul__list list\">\n<li class=\"list__item\"><b>Sangre<\/b>\u00a0humana; sangre animal preparada para usos terap\u00e9uticos, profil\u00e1cticos o de diagn\u00f3stico;\u00a0<b>sueros<\/b>\u00a0con anticuerpos.<\/li>\n<li class=\"list__item\"><b>Vacunas<\/b>, toxinas, cultivos de microorganismos (excepto las levaduras) y cultivos de c\u00e9lulas.<\/li>\n<li class=\"list__item\"><b>Medicamentos<\/b>\u00a0(acondicionados o no para la venta minorista) que contengan penicilina o sus derivados.<\/li>\n<li class=\"list__item\"><b>Antibi\u00f3ticos<\/b>\u00a0con penicilinas y sus derivados.<\/li>\n<li class=\"list__item\"><b>Insulina<\/b>.<\/li>\n<li class=\"list__item\">Provitaminas y\u00a0<b>vitaminas<\/b>, naturales o reproducidas sint\u00e9ticamente.<\/li>\n<li class=\"list__item\"><b>Gl\u00e1ndulas<\/b>\u00a0y dem\u00e1s\u00a0<b>\u00f3rganos<\/b>\u00a0para usos tratamientos m\u00e9dicos.<\/li>\n<li class=\"list__item\"><b>Heparina<\/b>.<\/li>\n<\/ul>\n<p class=\"paragraph\">Los laboratorios obtuvieron una liberaci\u00f3n m\u00e1s importante para la importaci\u00f3n de insumos que los\u00a0<b>reactivos de diagn\u00f3stico<\/b>. Entre las posiciones arancelarias que este \u00faltimo sector hab\u00eda sugerido al BCRA para que liberara, solamente una se incluy\u00f3 en la comunicaci\u00f3n publicada este jueves (la que hace referencia a sangre, sueros con anticuerpos y vacunas, entre otros productos).<\/p>\n<p class=\"paragraph\">Por el contrario,\u00a0<b>el sector seguir\u00e1 esperando<\/b>\u00a0por la apertura del comercio exterior para la compra de:<\/p>\n<ul class=\"ul__list list\">\n<li class=\"list__item\">Medios de\u00a0<b>cultivo<\/b>\u00a0preparados para el desarrollo o mantenimiento de microorganismos (incluidos los virus y organismos similares) o de c\u00e9lulas vegetales, humanas o animales.<\/li>\n<li class=\"list__item\">Reactivos de diagn\u00f3stico para la\u00a0<b>separaci\u00f3n de c\u00e9lulas<\/b>\u00a0para uso en trasplantes.<\/li>\n<li class=\"list__item\">Tubuladuras para\u00a0<b>trasplantes<\/b>.<\/li>\n<\/ul>\n","protected":false},"excerpt":{"rendered":"<p>Tanto los laboratorios como el sector que importa reactivos de diagn\u00f3stico m\u00e9dico hab\u00edan denunciado trabas a la importaci\u00f3n que pon\u00edan el peligro el abastecimiento en los pr\u00f3ximos meses. El Banco central y el Ministerio de Salud decidieron hacer caso al pedido y flexibilizaron la normativa cambiaria.<\/p>\n","protected":false},"author":8,"featured_media":77258,"comment_status":"open","ping_status":"open","sticky":false,"template":"","format":"standard","meta":{"fifu_image_url":"","fifu_image_alt":"","footnotes":""},"categories":[1594],"tags":[1472,2162,103],"class_list":{"0":"post-77257","1":"post","2":"type-post","3":"status-publish","4":"format-standard","5":"has-post-thumbnail","7":"category-economia","8":"tag-bcra","9":"tag-cepo","10":"tag-medicamentos"},"yoast_head":"<title>El BCRA abre el cepo para algunos medicamentos e insumos farmac\u00e9uticos - Informe Litoral<\/title>\n<meta name=\"robots\" content=\"index, follow, max-snippet:-1, max-image-preview:large, max-video-preview:-1\" \/>\n<link rel=\"canonical\" href=\"https:\/\/informelitoral.com.ar\/el-bcra-abre-el-cepo-para-algunos-medicamentos-e-insumos-farmaceuticos\/\" \/>\n<meta property=\"og:locale\" content=\"es_ES\" \/>\n<meta property=\"og:type\" content=\"article\" \/>\n<meta property=\"og:title\" content=\"El BCRA abre el cepo para algunos medicamentos e insumos farmac\u00e9uticos - Informe Litoral\" \/>\n<meta property=\"og:description\" content=\"Tanto los laboratorios como el sector que importa reactivos de diagn\u00f3stico m\u00e9dico hab\u00edan denunciado trabas a la importaci\u00f3n que pon\u00edan el peligro el abastecimiento en los pr\u00f3ximos meses. El Banco central y el Ministerio de Salud decidieron hacer caso al pedido y flexibilizaron la normativa cambiaria.\" \/>\n<meta property=\"og:url\" content=\"https:\/\/informelitoral.com.ar\/el-bcra-abre-el-cepo-para-algunos-medicamentos-e-insumos-farmaceuticos\/\" \/>\n<meta property=\"og:site_name\" content=\"Informe Litoral\" \/>\n<meta property=\"article:publisher\" content=\"https:\/\/www.facebook.com\/informelitoral\/\" \/>\n<meta property=\"article:published_time\" content=\"2022-05-06T17:10:07+00:00\" \/>\n<meta property=\"article:modified_time\" content=\"2022-05-06T18:02:43+00:00\" \/>\n<meta property=\"og:image\" content=\"https:\/\/informelitoral.com.ar\/%77%70%2d%63%6f%6e%74%65%6e%74\/uploads\/2022\/05\/medicamentos-foto-freepik_15_1000x564.png\" \/>\n\t<meta property=\"og:image:width\" content=\"1000\" \/>\n\t<meta property=\"og:image:height\" content=\"564\" \/>\n\t<meta property=\"og:image:type\" content=\"image\/png\" \/>\n<meta name=\"author\" content=\"Sebastian\" \/>\n<meta name=\"twitter:card\" content=\"summary_large_image\" \/>\n<meta name=\"twitter:creator\" content=\"@InformeLitoral\" \/>\n<meta name=\"twitter:site\" content=\"@InformeLitoral\" \/>\n<meta name=\"twitter:label1\" content=\"Escrito por\" \/>\n\t<meta name=\"twitter:data1\" content=\"Sebastian\" \/>\n\t<meta name=\"twitter:label2\" content=\"Tiempo de lectura\" \/>\n\t<meta name=\"twitter:data2\" content=\"2 minutos\" \/>\n<script type=\"application\/ld+json\" class=\"yoast-schema-graph\">{\"@context\":\"https:\\\/\\\/schema.org\",\"@graph\":[{\"@type\":\"Article\",\"@id\":\"https:\\\/\\\/informelitoral.com.ar\\\/el-bcra-abre-el-cepo-para-algunos-medicamentos-e-insumos-farmaceuticos\\\/#article\",\"isPartOf\":{\"@id\":\"https:\\\/\\\/informelitoral.com.ar\\\/el-bcra-abre-el-cepo-para-algunos-medicamentos-e-insumos-farmaceuticos\\\/\"},\"author\":{\"name\":\"Sebastian\",\"@id\":\"https:\\\/\\\/informelitoral.com.ar\\\/#\\\/schema\\\/person\\\/f05f9f461677119578717524b127d6d5\"},\"headline\":\"El BCRA abre el cepo para algunos medicamentos e insumos farmac\u00e9uticos\",\"datePublished\":\"2022-05-06T17:10:07+00:00\",\"dateModified\":\"2022-05-06T18:02:43+00:00\",\"mainEntityOfPage\":{\"@id\":\"https:\\\/\\\/informelitoral.com.ar\\\/el-bcra-abre-el-cepo-para-algunos-medicamentos-e-insumos-farmaceuticos\\\/\"},\"wordCount\":483,\"commentCount\":0,\"publisher\":{\"@id\":\"https:\\\/\\\/informelitoral.com.ar\\\/#organization\"},\"image\":{\"@id\":\"https:\\\/\\\/informelitoral.com.ar\\\/el-bcra-abre-el-cepo-para-algunos-medicamentos-e-insumos-farmaceuticos\\\/#primaryimage\"},\"thumbnailUrl\":\"https:\\\/\\\/informelitoral.com.ar\\\/%77%70%2d%63%6f%6e%74%65%6e%74\\\/uploads\\\/2022\\\/05\\\/medicamentos-foto-freepik_15_1000x564.png\",\"keywords\":[\"BCRA\",\"Cepo\",\"Medicamentos\"],\"articleSection\":[\"Econom\u00eda\"],\"inLanguage\":\"es\",\"potentialAction\":[{\"@type\":\"CommentAction\",\"name\":\"Comment\",\"target\":[\"https:\\\/\\\/informelitoral.com.ar\\\/el-bcra-abre-el-cepo-para-algunos-medicamentos-e-insumos-farmaceuticos\\\/#respond\"]}]},{\"@type\":\"WebPage\",\"@id\":\"https:\\\/\\\/informelitoral.com.ar\\\/el-bcra-abre-el-cepo-para-algunos-medicamentos-e-insumos-farmaceuticos\\\/\",\"url\":\"https:\\\/\\\/informelitoral.com.ar\\\/el-bcra-abre-el-cepo-para-algunos-medicamentos-e-insumos-farmaceuticos\\\/\",\"name\":\"El BCRA abre el cepo para algunos medicamentos e insumos farmac\u00e9uticos - Informe Litoral\",\"isPartOf\":{\"@id\":\"https:\\\/\\\/informelitoral.com.ar\\\/#website\"},\"primaryImageOfPage\":{\"@id\":\"https:\\\/\\\/informelitoral.com.ar\\\/el-bcra-abre-el-cepo-para-algunos-medicamentos-e-insumos-farmaceuticos\\\/#primaryimage\"},\"image\":{\"@id\":\"https:\\\/\\\/informelitoral.com.ar\\\/el-bcra-abre-el-cepo-para-algunos-medicamentos-e-insumos-farmaceuticos\\\/#primaryimage\"},\"thumbnailUrl\":\"https:\\\/\\\/informelitoral.com.ar\\\/%77%70%2d%63%6f%6e%74%65%6e%74\\\/uploads\\\/2022\\\/05\\\/medicamentos-foto-freepik_15_1000x564.png\",\"datePublished\":\"2022-05-06T17:10:07+00:00\",\"dateModified\":\"2022-05-06T18:02:43+00:00\",\"breadcrumb\":{\"@id\":\"https:\\\/\\\/informelitoral.com.ar\\\/el-bcra-abre-el-cepo-para-algunos-medicamentos-e-insumos-farmaceuticos\\\/#breadcrumb\"},\"inLanguage\":\"es\",\"potentialAction\":[{\"@type\":\"ReadAction\",\"target\":[\"https:\\\/\\\/informelitoral.com.ar\\\/el-bcra-abre-el-cepo-para-algunos-medicamentos-e-insumos-farmaceuticos\\\/\"]}]},{\"@type\":\"ImageObject\",\"inLanguage\":\"es\",\"@id\":\"https:\\\/\\\/informelitoral.com.ar\\\/el-bcra-abre-el-cepo-para-algunos-medicamentos-e-insumos-farmaceuticos\\\/#primaryimage\",\"url\":\"https:\\\/\\\/informelitoral.com.ar\\\/%77%70%2d%63%6f%6e%74%65%6e%74\\\/uploads\\\/2022\\\/05\\\/medicamentos-foto-freepik_15_1000x564.png\",\"contentUrl\":\"https:\\\/\\\/informelitoral.com.ar\\\/%77%70%2d%63%6f%6e%74%65%6e%74\\\/uploads\\\/2022\\\/05\\\/medicamentos-foto-freepik_15_1000x564.png\",\"width\":1000,\"height\":564},{\"@type\":\"BreadcrumbList\",\"@id\":\"https:\\\/\\\/informelitoral.com.ar\\\/el-bcra-abre-el-cepo-para-algunos-medicamentos-e-insumos-farmaceuticos\\\/#breadcrumb\",\"itemListElement\":[{\"@type\":\"ListItem\",\"position\":1,\"name\":\"Portada\",\"item\":\"https:\\\/\\\/informelitoral.com.ar\\\/\"},{\"@type\":\"ListItem\",\"position\":2,\"name\":\"El BCRA abre el cepo para algunos medicamentos e insumos farmac\u00e9uticos\"}]},{\"@type\":\"WebSite\",\"@id\":\"https:\\\/\\\/informelitoral.com.ar\\\/#website\",\"url\":\"https:\\\/\\\/informelitoral.com.ar\\\/\",\"name\":\"Informe Litoral\",\"description\":\"&quot;Nos informamos&quot; \",\"publisher\":{\"@id\":\"https:\\\/\\\/informelitoral.com.ar\\\/#organization\"},\"potentialAction\":[{\"@type\":\"SearchAction\",\"target\":{\"@type\":\"EntryPoint\",\"urlTemplate\":\"https:\\\/\\\/informelitoral.com.ar\\\/?s={search_term_string}\"},\"query-input\":{\"@type\":\"PropertyValueSpecification\",\"valueRequired\":true,\"valueName\":\"search_term_string\"}}],\"inLanguage\":\"es\"},{\"@type\":\"Organization\",\"@id\":\"https:\\\/\\\/informelitoral.com.ar\\\/#organization\",\"name\":\"Informe Litoral\",\"url\":\"https:\\\/\\\/informelitoral.com.ar\\\/\",\"logo\":{\"@type\":\"ImageObject\",\"inLanguage\":\"es\",\"@id\":\"https:\\\/\\\/informelitoral.com.ar\\\/#\\\/schema\\\/logo\\\/image\\\/\",\"url\":\"https:\\\/\\\/informelitoral.com.ar\\\/%77%70%2d%63%6f%6e%74%65%6e%74\\\/uploads\\\/2021\\\/01\\\/circulo.png\",\"contentUrl\":\"https:\\\/\\\/informelitoral.com.ar\\\/%77%70%2d%63%6f%6e%74%65%6e%74\\\/uploads\\\/2021\\\/01\\\/circulo.png\",\"width\":723,\"height\":731,\"caption\":\"Informe Litoral\"},\"image\":{\"@id\":\"https:\\\/\\\/informelitoral.com.ar\\\/#\\\/schema\\\/logo\\\/image\\\/\"},\"sameAs\":[\"https:\\\/\\\/www.facebook.com\\\/informelitoral\\\/\",\"https:\\\/\\\/x.com\\\/InformeLitoral\",\"https:\\\/\\\/www.instagram.com\\\/informelitoral\\\/\",\"https:\\\/\\\/www.youtube.com\\\/channel\\\/UCua4Qvz8Icb6MYqhoq9xLXw\"]},{\"@type\":\"Person\",\"@id\":\"https:\\\/\\\/informelitoral.com.ar\\\/#\\\/schema\\\/person\\\/f05f9f461677119578717524b127d6d5\",\"name\":\"Sebastian\",\"image\":{\"@type\":\"ImageObject\",\"inLanguage\":\"es\",\"@id\":\"https:\\\/\\\/secure.gravatar.com\\\/avatar\\\/b71bf7481d447dfb9583c7f2798e7cc64de6efb9067b74633ed8c31059a3bd82?s=96&d=mm&r=g\",\"url\":\"https:\\\/\\\/secure.gravatar.com\\\/avatar\\\/b71bf7481d447dfb9583c7f2798e7cc64de6efb9067b74633ed8c31059a3bd82?s=96&d=mm&r=g\",\"contentUrl\":\"https:\\\/\\\/secure.gravatar.com\\\/avatar\\\/b71bf7481d447dfb9583c7f2798e7cc64de6efb9067b74633ed8c31059a3bd82?s=96&d=mm&r=g\",\"caption\":\"Sebastian\"},\"url\":\"https:\\\/\\\/informelitoral.com.ar\\\/author\\\/sebastian\\\/\"}]}<\/script>","yoast_head_json":{"title":"El BCRA abre el cepo para algunos medicamentos e insumos farmac\u00e9uticos - Informe Litoral","robots":{"index":"index","follow":"follow","max-snippet":"max-snippet:-1","max-image-preview":"max-image-preview:large","max-video-preview":"max-video-preview:-1"},"canonical":"https:\/\/informelitoral.com.ar\/el-bcra-abre-el-cepo-para-algunos-medicamentos-e-insumos-farmaceuticos\/","og_locale":"es_ES","og_type":"article","og_title":"El BCRA abre el cepo para algunos medicamentos e insumos farmac\u00e9uticos - Informe Litoral","og_description":"Tanto los laboratorios como el sector que importa reactivos de diagn\u00f3stico m\u00e9dico hab\u00edan denunciado trabas a la importaci\u00f3n que pon\u00edan el peligro el abastecimiento en los pr\u00f3ximos meses. El Banco central y el Ministerio de Salud decidieron hacer caso al pedido y flexibilizaron la normativa cambiaria.","og_url":"https:\/\/informelitoral.com.ar\/el-bcra-abre-el-cepo-para-algunos-medicamentos-e-insumos-farmaceuticos\/","og_site_name":"Informe Litoral","article_publisher":"https:\/\/www.facebook.com\/informelitoral\/","article_published_time":"2022-05-06T17:10:07+00:00","article_modified_time":"2022-05-06T18:02:43+00:00","og_image":[{"width":1000,"height":564,"url":"https:\/\/informelitoral.com.ar\/%77%70%2d%63%6f%6e%74%65%6e%74\/uploads\/2022\/05\/medicamentos-foto-freepik_15_1000x564.png","type":"image\/png"}],"author":"Sebastian","twitter_card":"summary_large_image","twitter_creator":"@InformeLitoral","twitter_site":"@InformeLitoral","twitter_misc":{"Escrito por":"Sebastian","Tiempo de lectura":"2 minutos"},"schema":{"@context":"https:\/\/schema.org","@graph":[{"@type":"Article","@id":"https:\/\/informelitoral.com.ar\/el-bcra-abre-el-cepo-para-algunos-medicamentos-e-insumos-farmaceuticos\/#article","isPartOf":{"@id":"https:\/\/informelitoral.com.ar\/el-bcra-abre-el-cepo-para-algunos-medicamentos-e-insumos-farmaceuticos\/"},"author":{"name":"Sebastian","@id":"https:\/\/informelitoral.com.ar\/#\/schema\/person\/f05f9f461677119578717524b127d6d5"},"headline":"El BCRA abre el cepo para algunos medicamentos e insumos farmac\u00e9uticos","datePublished":"2022-05-06T17:10:07+00:00","dateModified":"2022-05-06T18:02:43+00:00","mainEntityOfPage":{"@id":"https:\/\/informelitoral.com.ar\/el-bcra-abre-el-cepo-para-algunos-medicamentos-e-insumos-farmaceuticos\/"},"wordCount":483,"commentCount":0,"publisher":{"@id":"https:\/\/informelitoral.com.ar\/#organization"},"image":{"@id":"https:\/\/informelitoral.com.ar\/el-bcra-abre-el-cepo-para-algunos-medicamentos-e-insumos-farmaceuticos\/#primaryimage"},"thumbnailUrl":"https:\/\/informelitoral.com.ar\/%77%70%2d%63%6f%6e%74%65%6e%74\/uploads\/2022\/05\/medicamentos-foto-freepik_15_1000x564.png","keywords":["BCRA","Cepo","Medicamentos"],"articleSection":["Econom\u00eda"],"inLanguage":"es","potentialAction":[{"@type":"CommentAction","name":"Comment","target":["https:\/\/informelitoral.com.ar\/el-bcra-abre-el-cepo-para-algunos-medicamentos-e-insumos-farmaceuticos\/#respond"]}]},{"@type":"WebPage","@id":"https:\/\/informelitoral.com.ar\/el-bcra-abre-el-cepo-para-algunos-medicamentos-e-insumos-farmaceuticos\/","url":"https:\/\/informelitoral.com.ar\/el-bcra-abre-el-cepo-para-algunos-medicamentos-e-insumos-farmaceuticos\/","name":"El BCRA abre el cepo para algunos medicamentos e insumos farmac\u00e9uticos - Informe Litoral","isPartOf":{"@id":"https:\/\/informelitoral.com.ar\/#website"},"primaryImageOfPage":{"@id":"https:\/\/informelitoral.com.ar\/el-bcra-abre-el-cepo-para-algunos-medicamentos-e-insumos-farmaceuticos\/#primaryimage"},"image":{"@id":"https:\/\/informelitoral.com.ar\/el-bcra-abre-el-cepo-para-algunos-medicamentos-e-insumos-farmaceuticos\/#primaryimage"},"thumbnailUrl":"https:\/\/informelitoral.com.ar\/%77%70%2d%63%6f%6e%74%65%6e%74\/uploads\/2022\/05\/medicamentos-foto-freepik_15_1000x564.png","datePublished":"2022-05-06T17:10:07+00:00","dateModified":"2022-05-06T18:02:43+00:00","breadcrumb":{"@id":"https:\/\/informelitoral.com.ar\/el-bcra-abre-el-cepo-para-algunos-medicamentos-e-insumos-farmaceuticos\/#breadcrumb"},"inLanguage":"es","potentialAction":[{"@type":"ReadAction","target":["https:\/\/informelitoral.com.ar\/el-bcra-abre-el-cepo-para-algunos-medicamentos-e-insumos-farmaceuticos\/"]}]},{"@type":"ImageObject","inLanguage":"es","@id":"https:\/\/informelitoral.com.ar\/el-bcra-abre-el-cepo-para-algunos-medicamentos-e-insumos-farmaceuticos\/#primaryimage","url":"https:\/\/informelitoral.com.ar\/%77%70%2d%63%6f%6e%74%65%6e%74\/uploads\/2022\/05\/medicamentos-foto-freepik_15_1000x564.png","contentUrl":"https:\/\/informelitoral.com.ar\/%77%70%2d%63%6f%6e%74%65%6e%74\/uploads\/2022\/05\/medicamentos-foto-freepik_15_1000x564.png","width":1000,"height":564},{"@type":"BreadcrumbList","@id":"https:\/\/informelitoral.com.ar\/el-bcra-abre-el-cepo-para-algunos-medicamentos-e-insumos-farmaceuticos\/#breadcrumb","itemListElement":[{"@type":"ListItem","position":1,"name":"Portada","item":"https:\/\/informelitoral.com.ar\/"},{"@type":"ListItem","position":2,"name":"El BCRA abre el cepo para algunos medicamentos e insumos farmac\u00e9uticos"}]},{"@type":"WebSite","@id":"https:\/\/informelitoral.com.ar\/#website","url":"https:\/\/informelitoral.com.ar\/","name":"Informe Litoral","description":"&quot;Nos informamos&quot; ","publisher":{"@id":"https:\/\/informelitoral.com.ar\/#organization"},"potentialAction":[{"@type":"SearchAction","target":{"@type":"EntryPoint","urlTemplate":"https:\/\/informelitoral.com.ar\/?s={search_term_string}"},"query-input":{"@type":"PropertyValueSpecification","valueRequired":true,"valueName":"search_term_string"}}],"inLanguage":"es"},{"@type":"Organization","@id":"https:\/\/informelitoral.com.ar\/#organization","name":"Informe Litoral","url":"https:\/\/informelitoral.com.ar\/","logo":{"@type":"ImageObject","inLanguage":"es","@id":"https:\/\/informelitoral.com.ar\/#\/schema\/logo\/image\/","url":"https:\/\/informelitoral.com.ar\/%77%70%2d%63%6f%6e%74%65%6e%74\/uploads\/2021\/01\/circulo.png","contentUrl":"https:\/\/informelitoral.com.ar\/%77%70%2d%63%6f%6e%74%65%6e%74\/uploads\/2021\/01\/circulo.png","width":723,"height":731,"caption":"Informe Litoral"},"image":{"@id":"https:\/\/informelitoral.com.ar\/#\/schema\/logo\/image\/"},"sameAs":["https:\/\/www.facebook.com\/informelitoral\/","https:\/\/x.com\/InformeLitoral","https:\/\/www.instagram.com\/informelitoral\/","https:\/\/www.youtube.com\/channel\/UCua4Qvz8Icb6MYqhoq9xLXw"]},{"@type":"Person","@id":"https:\/\/informelitoral.com.ar\/#\/schema\/person\/f05f9f461677119578717524b127d6d5","name":"Sebastian","image":{"@type":"ImageObject","inLanguage":"es","@id":"https:\/\/secure.gravatar.com\/avatar\/b71bf7481d447dfb9583c7f2798e7cc64de6efb9067b74633ed8c31059a3bd82?s=96&d=mm&r=g","url":"https:\/\/secure.gravatar.com\/avatar\/b71bf7481d447dfb9583c7f2798e7cc64de6efb9067b74633ed8c31059a3bd82?s=96&d=mm&r=g","contentUrl":"https:\/\/secure.gravatar.com\/avatar\/b71bf7481d447dfb9583c7f2798e7cc64de6efb9067b74633ed8c31059a3bd82?s=96&d=mm&r=g","caption":"Sebastian"},"url":"https:\/\/informelitoral.com.ar\/author\/sebastian\/"}]}},"_links":{"self":[{"href":"https:\/\/informelitoral.com.ar\/%77%70%2d%6a%73%6f%6e\/wp\/v2\/posts\/77257","targetHints":{"allow":["GET"]}}],"collection":[{"href":"https:\/\/informelitoral.com.ar\/%77%70%2d%6a%73%6f%6e\/wp\/v2\/posts"}],"about":[{"href":"https:\/\/informelitoral.com.ar\/%77%70%2d%6a%73%6f%6e\/wp\/v2\/types\/post"}],"author":[{"embeddable":true,"href":"https:\/\/informelitoral.com.ar\/%77%70%2d%6a%73%6f%6e\/wp\/v2\/users\/8"}],"replies":[{"embeddable":true,"href":"https:\/\/informelitoral.com.ar\/%77%70%2d%6a%73%6f%6e\/wp\/v2\/comments?post=77257"}],"version-history":[{"count":0,"href":"https:\/\/informelitoral.com.ar\/%77%70%2d%6a%73%6f%6e\/wp\/v2\/posts\/77257\/revisions"}],"wp:featuredmedia":[{"embeddable":true,"href":"https:\/\/informelitoral.com.ar\/%77%70%2d%6a%73%6f%6e\/wp\/v2\/media\/77258"}],"wp:attachment":[{"href":"https:\/\/informelitoral.com.ar\/%77%70%2d%6a%73%6f%6e\/wp\/v2\/media?parent=77257"}],"wp:term":[{"taxonomy":"category","embeddable":true,"href":"https:\/\/informelitoral.com.ar\/%77%70%2d%6a%73%6f%6e\/wp\/v2\/categories?post=77257"},{"taxonomy":"post_tag","embeddable":true,"href":"https:\/\/informelitoral.com.ar\/%77%70%2d%6a%73%6f%6e\/wp\/v2\/tags?post=77257"}],"curies":[{"name":"wp","href":"https:\/\/api.w.org\/{rel}","templated":true}]}}