{"id":77241,"date":"2022-05-06T11:45:00","date_gmt":"2022-05-06T14:45:00","guid":{"rendered":"https:\/\/www.informelitoral.com.ar\/?p=77241"},"modified":"2022-05-06T11:45:00","modified_gmt":"2022-05-06T14:45:00","slug":"proyecto-para-regularizar-deudas-previsionales-beneficiaria-a-500-000-personas","status":"publish","type":"post","link":"https:\/\/informelitoral.com.ar\/proyecto-para-regularizar-deudas-previsionales-beneficiaria-a-500-000-personas\/","title":{"rendered":"Proyecto para regularizar deudas previsionales beneficiar\u00eda a 500.000 personas"},"content":{"rendered":"<p>El interbloque del Frente de Todos del Senado de la Naci\u00f3n present\u00f3 un proyecto de ley que establece un plan de pagos de deudas previsionales para que unas 500 mil personas que no alcanzaron a cumplir con los a\u00f1os de aportes puedan jubilarse este a\u00f1o.<\/p>\n<p>En una conferencia de prensa en el Senado, la conducci\u00f3n del interbloque del FdT, Jos\u00e9 Mayans, Anabel Fern\u00e1ndez Sagasti, y Juliana Di Tullio junto al senador Mariano Recalde anunciaron la presentaci\u00f3n de un plan de pagos que comenzar\u00e1 a debatir la Comisi\u00f3n de Trabajo y Previsi\u00f3n del Senado.<\/p>\n<p>En caso de aprobarse, la norma permitir\u00e1 regularizar per\u00edodos faltantes de aportes hasta diciembre de 2008 inclusive con una modalidad de pago en cuotas que ser\u00e1n descontadas del haber jubilatorio, explicaron.<\/p>\n<p>En la apertura de la rueda de prensa, el jefe del interbloque, Mayans, asegur\u00f3 que el Estado \u00abno se puede hacer el distra\u00eddo\u00bb sobre las deficiencias del sistema, declar\u00f3 que \u00aba mayor justicia social, mayor paz social\u00bb y dijo que el proyecto tiene como objetivo \u00abuna mayor inclusi\u00f3n\u00bb.<\/p>\n<p>La vicepresidenta del interbloque, Anabel Fern\u00e1ndez Sagasti, consider\u00f3, por su parte, que se trata de \u00abuna medida urgente\u00bb que el Senado debe abordar y aclar\u00f3 que el costo fiscal que tendr\u00e1 la norma \u00abes casi nulo\u00bb.<\/p>\n<p>\u00abSe hace dificultoso que las personas que cumplen este a\u00f1o 60 y 65 a\u00f1os puedan cumplir con los requisitos de los 30 a\u00f1os de aportes para poder jubilarse este a\u00f1o y el a\u00f1o que viene\u00bb, fundament\u00f3 la senadora en la conferencia de prensa en el Senado.<\/p>\n<p>Sagasti agreg\u00f3 que en caso de aprobarse la norma, \u00aba partir de julio, podr\u00edan jubilarse una de cada diez mujeres y tres de cada diez varones\u00bb.<\/p>\n<p>La jefa del bloque de senadores de Unidad Ciudadana, Juliana Di Tullio, declar\u00f3 en tanto que el espacio pol\u00edtico que integra no \u00abest\u00e1 conforme\u00bb con los que ganan los jubilados en el pa\u00eds pero asever\u00f3 que desde esa bancada est\u00e1n buscando soluciones que lleven mejoras \u00abcon un gobierno de coalici\u00f3n que tiene diferencias\u00bb.<\/p>\n<p>Di Tullio explic\u00f3 que la iniciativa busca \u00abpoder saldar el desastre que signific\u00f3 el gobierno anterior\u00bb de Mauricio Macri, la posterior pandemia y ahora la guerra entre Rusia y Ucrania.<\/p>\n<p>La senadora a\u00f1adi\u00f3 que el proyecto de ley presentado esta ma\u00f1ana fue elaborado \u00abcon los n\u00fameros que tiene el Poder Ejecutivo sobre el sistema previsional\u00bb y aclar\u00f3 que el espacio pol\u00edtico que integra en el Senado \u00abes parte de este gobierno\u00bb.<\/p>\n<p>\u00abAunque tengamos algunas diferencias no nos vamos a desmarcar de una pol\u00edtica que tenga que ver con los lineamientos generales que hemos tenido en campa\u00f1a\u00bb, subray\u00f3 al ser consultada en la rueda de prensa sobre versiones de discrepancias internas en el seno del Frente de Todos.<\/p>\n<p>Di Tullio aclar\u00f3 que seguir\u00e1n trabajando \u00abcon mucha honestidad y con mucha responsabilidad con proyectos que vienen de esta C\u00e1mara o del Poder Ejecutivo\u00bb.<\/p>\n<p>\u00abNo estamos conformes (con lo que perciben los jubilados), no nos parece que los jubilados ganen los suficiente; es lo que podemos en este momento es lo que nos dejaron, el pa\u00eds endeudado que nos dejaron\u00bb, a\u00f1adi\u00f3.<\/p>\n","protected":false},"excerpt":{"rendered":"<p>En caso de aprobarse, la norma permitir\u00e1 regularizar per\u00edodos faltantes de aportes hasta diciembre de 2008 inclusive con una modalidad de pago en cuotas que ser\u00e1n descontadas del haber jubilatorio.<\/p>\n","protected":false},"author":8,"featured_media":77242,"comment_status":"open","ping_status":"open","sticky":false,"template":"","format":"standard","meta":{"fifu_image_url":"","fifu_image_alt":"","footnotes":""},"categories":[16],"tags":[3603,492],"class_list":{"0":"post-77241","1":"post","2":"type-post","3":"status-publish","4":"format-standard","5":"has-post-thumbnail","7":"category-politi","8":"tag-deudas-provisionales","9":"tag-proyecto-de-ley"},"yoast_head":"<title>Proyecto para regularizar deudas previsionales beneficiar\u00eda a 500.000 personas - Informe Litoral<\/title>\n<meta name=\"robots\" content=\"index, follow, max-snippet:-1, max-image-preview:large, max-video-preview:-1\" \/>\n<link rel=\"canonical\" href=\"https:\/\/informelitoral.com.ar\/proyecto-para-regularizar-deudas-previsionales-beneficiaria-a-500-000-personas\/\" \/>\n<meta property=\"og:locale\" content=\"es_ES\" \/>\n<meta property=\"og:type\" content=\"article\" \/>\n<meta property=\"og:title\" content=\"Proyecto para regularizar deudas previsionales beneficiar\u00eda a 500.000 personas - Informe Litoral\" \/>\n<meta property=\"og:description\" content=\"En caso de aprobarse, la norma permitir\u00e1 regularizar per\u00edodos faltantes de aportes hasta diciembre de 2008 inclusive con una modalidad de pago en cuotas que ser\u00e1n descontadas del haber jubilatorio.\" \/>\n<meta property=\"og:url\" content=\"https:\/\/informelitoral.com.ar\/proyecto-para-regularizar-deudas-previsionales-beneficiaria-a-500-000-personas\/\" \/>\n<meta property=\"og:site_name\" content=\"Informe Litoral\" \/>\n<meta property=\"article:publisher\" content=\"https:\/\/www.facebook.com\/informelitoral\/\" \/>\n<meta property=\"article:published_time\" content=\"2022-05-06T14:45:00+00:00\" \/>\n<meta property=\"og:image\" content=\"https:\/\/informelitoral.com.ar\/%77%70%2d%63%6f%6e%74%65%6e%74\/uploads\/2022\/05\/o_1651848058.jpg\" \/>\n\t<meta property=\"og:image:width\" content=\"800\" \/>\n\t<meta property=\"og:image:height\" content=\"450\" \/>\n\t<meta property=\"og:image:type\" content=\"image\/jpeg\" \/>\n<meta name=\"author\" content=\"Sebastian\" \/>\n<meta name=\"twitter:card\" content=\"summary_large_image\" \/>\n<meta name=\"twitter:creator\" content=\"@InformeLitoral\" \/>\n<meta name=\"twitter:site\" content=\"@InformeLitoral\" \/>\n<meta name=\"twitter:label1\" content=\"Escrito por\" \/>\n\t<meta name=\"twitter:data1\" content=\"Sebastian\" \/>\n\t<meta name=\"twitter:label2\" content=\"Tiempo de lectura\" \/>\n\t<meta name=\"twitter:data2\" content=\"3 minutos\" \/>\n<script type=\"application\/ld+json\" class=\"yoast-schema-graph\">{\"@context\":\"https:\\\/\\\/schema.org\",\"@graph\":[{\"@type\":\"Article\",\"@id\":\"https:\\\/\\\/informelitoral.com.ar\\\/proyecto-para-regularizar-deudas-previsionales-beneficiaria-a-500-000-personas\\\/#article\",\"isPartOf\":{\"@id\":\"https:\\\/\\\/informelitoral.com.ar\\\/proyecto-para-regularizar-deudas-previsionales-beneficiaria-a-500-000-personas\\\/\"},\"author\":{\"name\":\"Sebastian\",\"@id\":\"https:\\\/\\\/informelitoral.com.ar\\\/#\\\/schema\\\/person\\\/f05f9f461677119578717524b127d6d5\"},\"headline\":\"Proyecto para regularizar deudas previsionales beneficiar\u00eda a 500.000 personas\",\"datePublished\":\"2022-05-06T14:45:00+00:00\",\"mainEntityOfPage\":{\"@id\":\"https:\\\/\\\/informelitoral.com.ar\\\/proyecto-para-regularizar-deudas-previsionales-beneficiaria-a-500-000-personas\\\/\"},\"wordCount\":548,\"commentCount\":0,\"publisher\":{\"@id\":\"https:\\\/\\\/informelitoral.com.ar\\\/#organization\"},\"image\":{\"@id\":\"https:\\\/\\\/informelitoral.com.ar\\\/proyecto-para-regularizar-deudas-previsionales-beneficiaria-a-500-000-personas\\\/#primaryimage\"},\"thumbnailUrl\":\"https:\\\/\\\/informelitoral.com.ar\\\/%77%70%2d%63%6f%6e%74%65%6e%74\\\/uploads\\\/2022\\\/05\\\/o_1651848058.jpg\",\"keywords\":[\"Deudas provisionales\",\"Proyecto de Ley\"],\"articleSection\":[\"Politica\"],\"inLanguage\":\"es\",\"potentialAction\":[{\"@type\":\"CommentAction\",\"name\":\"Comment\",\"target\":[\"https:\\\/\\\/informelitoral.com.ar\\\/proyecto-para-regularizar-deudas-previsionales-beneficiaria-a-500-000-personas\\\/#respond\"]}]},{\"@type\":\"WebPage\",\"@id\":\"https:\\\/\\\/informelitoral.com.ar\\\/proyecto-para-regularizar-deudas-previsionales-beneficiaria-a-500-000-personas\\\/\",\"url\":\"https:\\\/\\\/informelitoral.com.ar\\\/proyecto-para-regularizar-deudas-previsionales-beneficiaria-a-500-000-personas\\\/\",\"name\":\"Proyecto para regularizar deudas previsionales beneficiar\u00eda a 500.000 personas - Informe Litoral\",\"isPartOf\":{\"@id\":\"https:\\\/\\\/informelitoral.com.ar\\\/#website\"},\"primaryImageOfPage\":{\"@id\":\"https:\\\/\\\/informelitoral.com.ar\\\/proyecto-para-regularizar-deudas-previsionales-beneficiaria-a-500-000-personas\\\/#primaryimage\"},\"image\":{\"@id\":\"https:\\\/\\\/informelitoral.com.ar\\\/proyecto-para-regularizar-deudas-previsionales-beneficiaria-a-500-000-personas\\\/#primaryimage\"},\"thumbnailUrl\":\"https:\\\/\\\/informelitoral.com.ar\\\/%77%70%2d%63%6f%6e%74%65%6e%74\\\/uploads\\\/2022\\\/05\\\/o_1651848058.jpg\",\"datePublished\":\"2022-05-06T14:45:00+00:00\",\"breadcrumb\":{\"@id\":\"https:\\\/\\\/informelitoral.com.ar\\\/proyecto-para-regularizar-deudas-previsionales-beneficiaria-a-500-000-personas\\\/#breadcrumb\"},\"inLanguage\":\"es\",\"potentialAction\":[{\"@type\":\"ReadAction\",\"target\":[\"https:\\\/\\\/informelitoral.com.ar\\\/proyecto-para-regularizar-deudas-previsionales-beneficiaria-a-500-000-personas\\\/\"]}]},{\"@type\":\"ImageObject\",\"inLanguage\":\"es\",\"@id\":\"https:\\\/\\\/informelitoral.com.ar\\\/proyecto-para-regularizar-deudas-previsionales-beneficiaria-a-500-000-personas\\\/#primaryimage\",\"url\":\"https:\\\/\\\/informelitoral.com.ar\\\/%77%70%2d%63%6f%6e%74%65%6e%74\\\/uploads\\\/2022\\\/05\\\/o_1651848058.jpg\",\"contentUrl\":\"https:\\\/\\\/informelitoral.com.ar\\\/%77%70%2d%63%6f%6e%74%65%6e%74\\\/uploads\\\/2022\\\/05\\\/o_1651848058.jpg\",\"width\":800,\"height\":450},{\"@type\":\"BreadcrumbList\",\"@id\":\"https:\\\/\\\/informelitoral.com.ar\\\/proyecto-para-regularizar-deudas-previsionales-beneficiaria-a-500-000-personas\\\/#breadcrumb\",\"itemListElement\":[{\"@type\":\"ListItem\",\"position\":1,\"name\":\"Portada\",\"item\":\"https:\\\/\\\/informelitoral.com.ar\\\/\"},{\"@type\":\"ListItem\",\"position\":2,\"name\":\"Proyecto para regularizar deudas previsionales beneficiar\u00eda a 500.000 personas\"}]},{\"@type\":\"WebSite\",\"@id\":\"https:\\\/\\\/informelitoral.com.ar\\\/#website\",\"url\":\"https:\\\/\\\/informelitoral.com.ar\\\/\",\"name\":\"Informe Litoral\",\"description\":\"&quot;Nos informamos&quot; \",\"publisher\":{\"@id\":\"https:\\\/\\\/informelitoral.com.ar\\\/#organization\"},\"potentialAction\":[{\"@type\":\"SearchAction\",\"target\":{\"@type\":\"EntryPoint\",\"urlTemplate\":\"https:\\\/\\\/informelitoral.com.ar\\\/?s={search_term_string}\"},\"query-input\":{\"@type\":\"PropertyValueSpecification\",\"valueRequired\":true,\"valueName\":\"search_term_string\"}}],\"inLanguage\":\"es\"},{\"@type\":\"Organization\",\"@id\":\"https:\\\/\\\/informelitoral.com.ar\\\/#organization\",\"name\":\"Informe Litoral\",\"url\":\"https:\\\/\\\/informelitoral.com.ar\\\/\",\"logo\":{\"@type\":\"ImageObject\",\"inLanguage\":\"es\",\"@id\":\"https:\\\/\\\/informelitoral.com.ar\\\/#\\\/schema\\\/logo\\\/image\\\/\",\"url\":\"https:\\\/\\\/informelitoral.com.ar\\\/%77%70%2d%63%6f%6e%74%65%6e%74\\\/uploads\\\/2021\\\/01\\\/circulo.png\",\"contentUrl\":\"https:\\\/\\\/informelitoral.com.ar\\\/%77%70%2d%63%6f%6e%74%65%6e%74\\\/uploads\\\/2021\\\/01\\\/circulo.png\",\"width\":723,\"height\":731,\"caption\":\"Informe Litoral\"},\"image\":{\"@id\":\"https:\\\/\\\/informelitoral.com.ar\\\/#\\\/schema\\\/logo\\\/image\\\/\"},\"sameAs\":[\"https:\\\/\\\/www.facebook.com\\\/informelitoral\\\/\",\"https:\\\/\\\/x.com\\\/InformeLitoral\",\"https:\\\/\\\/www.instagram.com\\\/informelitoral\\\/\",\"https:\\\/\\\/www.youtube.com\\\/channel\\\/UCua4Qvz8Icb6MYqhoq9xLXw\"]},{\"@type\":\"Person\",\"@id\":\"https:\\\/\\\/informelitoral.com.ar\\\/#\\\/schema\\\/person\\\/f05f9f461677119578717524b127d6d5\",\"name\":\"Sebastian\",\"image\":{\"@type\":\"ImageObject\",\"inLanguage\":\"es\",\"@id\":\"https:\\\/\\\/secure.gravatar.com\\\/avatar\\\/b71bf7481d447dfb9583c7f2798e7cc64de6efb9067b74633ed8c31059a3bd82?s=96&d=mm&r=g\",\"url\":\"https:\\\/\\\/secure.gravatar.com\\\/avatar\\\/b71bf7481d447dfb9583c7f2798e7cc64de6efb9067b74633ed8c31059a3bd82?s=96&d=mm&r=g\",\"contentUrl\":\"https:\\\/\\\/secure.gravatar.com\\\/avatar\\\/b71bf7481d447dfb9583c7f2798e7cc64de6efb9067b74633ed8c31059a3bd82?s=96&d=mm&r=g\",\"caption\":\"Sebastian\"},\"url\":\"https:\\\/\\\/informelitoral.com.ar\\\/author\\\/sebastian\\\/\"}]}<\/script>","yoast_head_json":{"title":"Proyecto para regularizar deudas previsionales beneficiar\u00eda a 500.000 personas - Informe Litoral","robots":{"index":"index","follow":"follow","max-snippet":"max-snippet:-1","max-image-preview":"max-image-preview:large","max-video-preview":"max-video-preview:-1"},"canonical":"https:\/\/informelitoral.com.ar\/proyecto-para-regularizar-deudas-previsionales-beneficiaria-a-500-000-personas\/","og_locale":"es_ES","og_type":"article","og_title":"Proyecto para regularizar deudas previsionales beneficiar\u00eda a 500.000 personas - Informe Litoral","og_description":"En caso de aprobarse, la norma permitir\u00e1 regularizar per\u00edodos faltantes de aportes hasta diciembre de 2008 inclusive con una modalidad de pago en cuotas que ser\u00e1n descontadas del haber jubilatorio.","og_url":"https:\/\/informelitoral.com.ar\/proyecto-para-regularizar-deudas-previsionales-beneficiaria-a-500-000-personas\/","og_site_name":"Informe Litoral","article_publisher":"https:\/\/www.facebook.com\/informelitoral\/","article_published_time":"2022-05-06T14:45:00+00:00","og_image":[{"width":800,"height":450,"url":"https:\/\/informelitoral.com.ar\/%77%70%2d%63%6f%6e%74%65%6e%74\/uploads\/2022\/05\/o_1651848058.jpg","type":"image\/jpeg"}],"author":"Sebastian","twitter_card":"summary_large_image","twitter_creator":"@InformeLitoral","twitter_site":"@InformeLitoral","twitter_misc":{"Escrito por":"Sebastian","Tiempo de lectura":"3 minutos"},"schema":{"@context":"https:\/\/schema.org","@graph":[{"@type":"Article","@id":"https:\/\/informelitoral.com.ar\/proyecto-para-regularizar-deudas-previsionales-beneficiaria-a-500-000-personas\/#article","isPartOf":{"@id":"https:\/\/informelitoral.com.ar\/proyecto-para-regularizar-deudas-previsionales-beneficiaria-a-500-000-personas\/"},"author":{"name":"Sebastian","@id":"https:\/\/informelitoral.com.ar\/#\/schema\/person\/f05f9f461677119578717524b127d6d5"},"headline":"Proyecto para regularizar deudas previsionales beneficiar\u00eda a 500.000 personas","datePublished":"2022-05-06T14:45:00+00:00","mainEntityOfPage":{"@id":"https:\/\/informelitoral.com.ar\/proyecto-para-regularizar-deudas-previsionales-beneficiaria-a-500-000-personas\/"},"wordCount":548,"commentCount":0,"publisher":{"@id":"https:\/\/informelitoral.com.ar\/#organization"},"image":{"@id":"https:\/\/informelitoral.com.ar\/proyecto-para-regularizar-deudas-previsionales-beneficiaria-a-500-000-personas\/#primaryimage"},"thumbnailUrl":"https:\/\/informelitoral.com.ar\/%77%70%2d%63%6f%6e%74%65%6e%74\/uploads\/2022\/05\/o_1651848058.jpg","keywords":["Deudas provisionales","Proyecto de Ley"],"articleSection":["Politica"],"inLanguage":"es","potentialAction":[{"@type":"CommentAction","name":"Comment","target":["https:\/\/informelitoral.com.ar\/proyecto-para-regularizar-deudas-previsionales-beneficiaria-a-500-000-personas\/#respond"]}]},{"@type":"WebPage","@id":"https:\/\/informelitoral.com.ar\/proyecto-para-regularizar-deudas-previsionales-beneficiaria-a-500-000-personas\/","url":"https:\/\/informelitoral.com.ar\/proyecto-para-regularizar-deudas-previsionales-beneficiaria-a-500-000-personas\/","name":"Proyecto para regularizar deudas previsionales beneficiar\u00eda a 500.000 personas - Informe Litoral","isPartOf":{"@id":"https:\/\/informelitoral.com.ar\/#website"},"primaryImageOfPage":{"@id":"https:\/\/informelitoral.com.ar\/proyecto-para-regularizar-deudas-previsionales-beneficiaria-a-500-000-personas\/#primaryimage"},"image":{"@id":"https:\/\/informelitoral.com.ar\/proyecto-para-regularizar-deudas-previsionales-beneficiaria-a-500-000-personas\/#primaryimage"},"thumbnailUrl":"https:\/\/informelitoral.com.ar\/%77%70%2d%63%6f%6e%74%65%6e%74\/uploads\/2022\/05\/o_1651848058.jpg","datePublished":"2022-05-06T14:45:00+00:00","breadcrumb":{"@id":"https:\/\/informelitoral.com.ar\/proyecto-para-regularizar-deudas-previsionales-beneficiaria-a-500-000-personas\/#breadcrumb"},"inLanguage":"es","potentialAction":[{"@type":"ReadAction","target":["https:\/\/informelitoral.com.ar\/proyecto-para-regularizar-deudas-previsionales-beneficiaria-a-500-000-personas\/"]}]},{"@type":"ImageObject","inLanguage":"es","@id":"https:\/\/informelitoral.com.ar\/proyecto-para-regularizar-deudas-previsionales-beneficiaria-a-500-000-personas\/#primaryimage","url":"https:\/\/informelitoral.com.ar\/%77%70%2d%63%6f%6e%74%65%6e%74\/uploads\/2022\/05\/o_1651848058.jpg","contentUrl":"https:\/\/informelitoral.com.ar\/%77%70%2d%63%6f%6e%74%65%6e%74\/uploads\/2022\/05\/o_1651848058.jpg","width":800,"height":450},{"@type":"BreadcrumbList","@id":"https:\/\/informelitoral.com.ar\/proyecto-para-regularizar-deudas-previsionales-beneficiaria-a-500-000-personas\/#breadcrumb","itemListElement":[{"@type":"ListItem","position":1,"name":"Portada","item":"https:\/\/informelitoral.com.ar\/"},{"@type":"ListItem","position":2,"name":"Proyecto para regularizar deudas previsionales beneficiar\u00eda a 500.000 personas"}]},{"@type":"WebSite","@id":"https:\/\/informelitoral.com.ar\/#website","url":"https:\/\/informelitoral.com.ar\/","name":"Informe Litoral","description":"&quot;Nos informamos&quot; ","publisher":{"@id":"https:\/\/informelitoral.com.ar\/#organization"},"potentialAction":[{"@type":"SearchAction","target":{"@type":"EntryPoint","urlTemplate":"https:\/\/informelitoral.com.ar\/?s={search_term_string}"},"query-input":{"@type":"PropertyValueSpecification","valueRequired":true,"valueName":"search_term_string"}}],"inLanguage":"es"},{"@type":"Organization","@id":"https:\/\/informelitoral.com.ar\/#organization","name":"Informe Litoral","url":"https:\/\/informelitoral.com.ar\/","logo":{"@type":"ImageObject","inLanguage":"es","@id":"https:\/\/informelitoral.com.ar\/#\/schema\/logo\/image\/","url":"https:\/\/informelitoral.com.ar\/%77%70%2d%63%6f%6e%74%65%6e%74\/uploads\/2021\/01\/circulo.png","contentUrl":"https:\/\/informelitoral.com.ar\/%77%70%2d%63%6f%6e%74%65%6e%74\/uploads\/2021\/01\/circulo.png","width":723,"height":731,"caption":"Informe Litoral"},"image":{"@id":"https:\/\/informelitoral.com.ar\/#\/schema\/logo\/image\/"},"sameAs":["https:\/\/www.facebook.com\/informelitoral\/","https:\/\/x.com\/InformeLitoral","https:\/\/www.instagram.com\/informelitoral\/","https:\/\/www.youtube.com\/channel\/UCua4Qvz8Icb6MYqhoq9xLXw"]},{"@type":"Person","@id":"https:\/\/informelitoral.com.ar\/#\/schema\/person\/f05f9f461677119578717524b127d6d5","name":"Sebastian","image":{"@type":"ImageObject","inLanguage":"es","@id":"https:\/\/secure.gravatar.com\/avatar\/b71bf7481d447dfb9583c7f2798e7cc64de6efb9067b74633ed8c31059a3bd82?s=96&d=mm&r=g","url":"https:\/\/secure.gravatar.com\/avatar\/b71bf7481d447dfb9583c7f2798e7cc64de6efb9067b74633ed8c31059a3bd82?s=96&d=mm&r=g","contentUrl":"https:\/\/secure.gravatar.com\/avatar\/b71bf7481d447dfb9583c7f2798e7cc64de6efb9067b74633ed8c31059a3bd82?s=96&d=mm&r=g","caption":"Sebastian"},"url":"https:\/\/informelitoral.com.ar\/author\/sebastian\/"}]}},"_links":{"self":[{"href":"https:\/\/informelitoral.com.ar\/%77%70%2d%6a%73%6f%6e\/wp\/v2\/posts\/77241","targetHints":{"allow":["GET"]}}],"collection":[{"href":"https:\/\/informelitoral.com.ar\/%77%70%2d%6a%73%6f%6e\/wp\/v2\/posts"}],"about":[{"href":"https:\/\/informelitoral.com.ar\/%77%70%2d%6a%73%6f%6e\/wp\/v2\/types\/post"}],"author":[{"embeddable":true,"href":"https:\/\/informelitoral.com.ar\/%77%70%2d%6a%73%6f%6e\/wp\/v2\/users\/8"}],"replies":[{"embeddable":true,"href":"https:\/\/informelitoral.com.ar\/%77%70%2d%6a%73%6f%6e\/wp\/v2\/comments?post=77241"}],"version-history":[{"count":0,"href":"https:\/\/informelitoral.com.ar\/%77%70%2d%6a%73%6f%6e\/wp\/v2\/posts\/77241\/revisions"}],"wp:featuredmedia":[{"embeddable":true,"href":"https:\/\/informelitoral.com.ar\/%77%70%2d%6a%73%6f%6e\/wp\/v2\/media\/77242"}],"wp:attachment":[{"href":"https:\/\/informelitoral.com.ar\/%77%70%2d%6a%73%6f%6e\/wp\/v2\/media?parent=77241"}],"wp:term":[{"taxonomy":"category","embeddable":true,"href":"https:\/\/informelitoral.com.ar\/%77%70%2d%6a%73%6f%6e\/wp\/v2\/categories?post=77241"},{"taxonomy":"post_tag","embeddable":true,"href":"https:\/\/informelitoral.com.ar\/%77%70%2d%6a%73%6f%6e\/wp\/v2\/tags?post=77241"}],"curies":[{"name":"wp","href":"https:\/\/api.w.org\/{rel}","templated":true}]}}