{"id":7724,"date":"2014-08-03T22:03:43","date_gmt":"2014-08-04T01:03:43","guid":{"rendered":"http:\/\/www.isletasnoticias.com.ar\/?p=7724"},"modified":"2014-08-03T22:03:43","modified_gmt":"2014-08-04T01:03:43","slug":"concordia-concentracion-y-fuerte-repudio-a-la-represion-a-ambientalistas","status":"publish","type":"post","link":"https:\/\/informelitoral.com.ar\/concordia-concentracion-y-fuerte-repudio-a-la-represion-a-ambientalistas\/","title":{"rendered":"Concordia: concentraci\u00f3n y fuerte repudio a la represi\u00f3n a ambientalistas"},"content":{"rendered":"<p><strong><span style=\"color: #0f101b;\">Numerosas organizaciones sociales y pol\u00edticas expresaron su repudio al accionar de Gendarmer\u00eda de este domingo por la madrugada. Se exige la libertad de los detenidos y explicaciones a Urribarri. Este lunes habr\u00e1 una concentraci\u00f3n en Paran\u00e1.<a href=\"http:\/\/www.isletasnoticias.com.ar\/%77%70%2d%63%6f%6e%74%65%6e%74\/uploads\/2014\/08\/o_1407105956.jpg\"><img loading=\"lazy\" decoding=\"async\" class=\"aligncenter wp-image-7725 size-full\" src=\"http:\/\/www.isletasnoticias.com.ar\/%77%70%2d%63%6f%6e%74%65%6e%74\/uploads\/2014\/08\/o_1407105956.jpg\" alt=\"o_1407105956\" width=\"640\" height=\"360\" srcset=\"https:\/\/informelitoral.com.ar\/%77%70%2d%63%6f%6e%74%65%6e%74\/uploads\/2014\/08\/o_1407105956.jpg 640w, https:\/\/informelitoral.com.ar\/%77%70%2d%63%6f%6e%74%65%6e%74\/uploads\/2014\/08\/o_1407105956-300x168.jpg 300w\" sizes=\"auto, (max-width: 640px) 100vw, 640px\" \/><\/a><\/span><\/strong><\/p>\n<p><span style=\"color: #0f101b;\">Diversos comunicados repudiaron a lo largo de este domingo la<\/span>represi\u00f3n efectuada por el Escuadr\u00f3n N\u00ba4 de Gendarmer\u00eda Nacional<span style=\"color: #0f101b;\">\u00a0y la detenci\u00f3n de cuatro manifestantes que se encontraban frenando el paso de camiones s\u00edsimicos en direcci\u00f3n a Salto, Uruguay, donde est\u00e1n previstas exploraciones para practicar el fracking.\u00a0<\/span><br style=\"color: #0f101b;\" \/><br style=\"color: #0f101b;\" \/><span style=\"color: #0f101b;\">La Comisi\u00f3n Directiva de Agmer, CTA Entre R\u00edos, la Junta Americana por los Pueblos Libres, la Juventud Radical, el Partido Comunista Revolucionario y el MST-Nueva Izquierda son algunas de las organizaciones que hicieron trascender su repudio al desalojo forzado y la exigencia de libertad a los ambientalistas detenidos (Facundo Scattone, Bernardo Zalis\u00f1ak, Horacio Miguel De Carli de Col\u00f3n y Francisco Larocca) uno de los cuales se encuentra herido.\u00a0<\/span><br style=\"color: #0f101b;\" \/><br style=\"color: #0f101b;\" \/><span style=\"color: #0f101b;\">Este lunes a las 10 de la ma\u00f1ana se realizar\u00e1 una concentraci\u00f3n frente al Juzgado Federal de Paran\u00e1, ubicado en calle 25 de Mayo 256, a la que se convoca \u00aba participar en repudio a este accionar de la Gendarmeria Nacional y porque fervientemente nos manifestamos en contra de la criminalizaci\u00f3n de la protesta\u00bb indican algunos de los organizadores. Los comunicados.\u00a0<\/span><br style=\"color: #0f101b;\" \/><br style=\"color: #0f101b;\" \/><b style=\"color: #0f101b;\">Agmer<\/b><span style=\"color: #0f101b;\">\u00a0<\/span><br style=\"color: #0f101b;\" \/><span style=\"color: #0f101b;\">La Comisi\u00f3n Directiva de AGMER Central \u00abse solidariza con los compa\u00f1eros\/as de la Asamblea Ciudadana Ambiental, miembros de Comisi\u00f3n Directiva Departamental Concordia y Congresales, que anoche por la madrugada fueron reprimidos por Gendarmer\u00eda Nacional por orden del Juzgado Federal de Concepci\u00f3n del Uruguay a cargo de la Dra. Mar\u00eda Florencia Gomez Pinazco de la secretaria Penal N\u00b02. A su vez exige la liberaci\u00f3n de los compa\u00f1eros integrantes de la asamblea detenidos e incomunicados, Horacio DE Carli, Bernardo Zalis\u00f1ak, Facundo Scattone Moullins y Francisco Larocca\u00bb.\u00a0<\/span><br style=\"color: #0f101b;\" \/><br style=\"color: #0f101b;\" \/><span style=\"color: #0f101b;\">\u00abAGMER repudia en\u00e9rgicamente el accionar represivo del Escuadr\u00f3n 4 de la Gendarmer\u00eda Nacional Concordia. No avalamos que la salida a la protesta social sea la represi\u00f3n contra las demandas sociales, hoy est\u00e1 en juego la vida misma si se depredan nuestros recursos naturales\u00bb.\u00a0<\/span><br style=\"color: #0f101b;\" \/><br style=\"color: #0f101b;\" \/><b style=\"color: #0f101b;\">CTA Entre R\u00edos<\/b><span style=\"color: #0f101b;\">\u00a0<\/span><br style=\"color: #0f101b;\" \/><span style=\"color: #0f101b;\">La CTA Entre R\u00edos \u00abrepudia la represi\u00f3n llevada a cabo por Gendarmer\u00eda Nacional a los asamble\u00edstas de Concordia por defender nuestros recursos naturales. El fracking est\u00e1 llegando al acu\u00edfero guaran\u00ed, que es una de las mayores reservas de agua dulce del mundo, que compartimos entre Brasil, Paraguay, Uruguay y Argentina y sobre el que existe un tratado internacional de preservaci\u00f3n que se estar\u00eda violentando, el Acta Acuerdo Acu\u00edfero Guaran\u00ed, que est\u00e1 en plena vigencia\u00bb.\u00a0<\/span><br style=\"color: #0f101b;\" \/><br style=\"color: #0f101b;\" \/><span style=\"color: #0f101b;\">Prosigue la central de trabajadores: \u00abel fracking contamina y destruye nuestros recursos naturales, por eso exigimos al gobierno que Entre R\u00edos sea declarada libre de Fracking y expresamos nuestro apoyo a los compa\u00f1eros de Concordia y de los diferentes puntos de la provincia y el pa\u00eds con los que hemos compartido importantes luchas defensa de nuestros recursos naturales\u00bb concluye el comunicado de la entidad gremial.\u00a0<\/span><br style=\"color: #0f101b;\" \/><br style=\"color: #0f101b;\" \/><b style=\"color: #0f101b;\">Junta Americana por los Pueblos Libres<\/b><span style=\"color: #0f101b;\">\u00a0<\/span><br style=\"color: #0f101b;\" \/><span style=\"color: #0f101b;\">Desde el grupo de artistas, docentes, profesionales, investigadores, periodistas e intelectuales comunicaron que \u00abya hemos expresado nuestro repudio a cualquier intento de represi\u00f3n a las manifestaciones pac\u00edficas de los entrerrianos, precavidos frente al avance del extractivismo. Exigimos de las autoridades p\u00fablicas la defensa irrestricta de los derechos a peticionar y manifestarse, y una informaci\u00f3n exhaustiva sobre el proceder de la fuerza p\u00fablica\u00bb.\u00a0<\/span><br style=\"color: #0f101b;\" \/><br style=\"color: #0f101b;\" \/><span style=\"color: #0f101b;\">\u00abLos compa\u00f1eros est\u00e1n pidiendo sencillamente que se respeten los acuerdos de defensa del acu\u00edfero Guaran\u00ed, y reclaman una definici\u00f3n de las autoridades de la regi\u00f3n, que permanecen en silencio c\u00f3mplice frente al avance subrepticio de los proyectos de fractura hidr\u00e1ulica, sin licencia social, ante la oposici\u00f3n de los pueblos\u00bb. Desde la JAPL destacan \u00abuna veintena de ciudades entrerrianas que ya prohibieron el fracking\u00bb, lo que definen como \u00abtemible tecnolog\u00eda en la regi\u00f3n de los acu\u00edferos m\u00e1s preciados del planeta\u00bb.\u00a0<\/span><br style=\"color: #0f101b;\" \/><br style=\"color: #0f101b;\" \/><b style=\"color: #0f101b;\">Juventud Radical<\/b><span style=\"color: #0f101b;\">\u00a0<\/span><br style=\"color: #0f101b;\" \/><span style=\"color: #0f101b;\">Los j\u00f3venes de la UCR exigen \u201cexplicaciones al Gobernador Sergio Urribarri sobre la situaci\u00f3n del fracking en nuestra provincia, ya que no puede seguir jugando con la salud de los entrerrianos\u00bb. Desde la Juventud Radical Paran\u00e1 rechazan \u00ablas pol\u00edticas de privatizaci\u00f3n de los noventa, que intenta reinstalar este gobierno por medio del acuerdo con la multinacional Chevron, empresa que utiliza el m\u00e9todo de extracci\u00f3n de fracking o \u2018explotaci\u00f3n no convencional de hidrocarburos\u2019 perjudicando la vida diaria de todo el pueblo\u201d. A continuaci\u00f3n sostiene la JR: \u201ces porque comprendemos las nefastas consecuencias de este m\u00e9todo para la poblaci\u00f3n, y somos promotores de que haya un modelo de desarrollo socio &#8211; sustentable en la Argentina no se puede continuar con una metodolog\u00eda depredadora del ambiente en el que vivimos\u201d.\u00a0<\/span><br style=\"color: #0f101b;\" \/><br style=\"color: #0f101b;\" \/><b style=\"color: #0f101b;\">Partido Comunista Revolucionario<\/b><span style=\"color: #0f101b;\">\u00a0<\/span><br style=\"color: #0f101b;\" \/><span style=\"color: #0f101b;\">El PCR repudia \u00abla violenta represi\u00f3n llevada por la Gendarmer\u00eda nacional contra los asamble\u00edstas de Concordia, Col\u00f3n, Chajar\u00ed y Concepci\u00f3n del Uruguay\u00bb y expresan que \u00ablas reacciones a los reclamos contra las pasteras en Gualeguaych\u00fa, las mineras contaminantes en Famatina (La Rioja) y Andalgal\u00e1 (Catamarca) o en la represi\u00f3n a manifestantes en Neuqu\u00e9n tras la escandalosa entrega a la norteamericana Chevr\u00f3n de la explotaci\u00f3n del yacimiento de Vaca Muerta, como ahora ocurre en Concordia, son la fiel expresi\u00f3n de una sistem\u00e1tica pol\u00edtica de entrega de los recursos naturales y criminalizaci\u00f3n frente a la justa protesta social\u00bb\u00a0<\/span><br style=\"color: #0f101b;\" \/><br style=\"color: #0f101b;\" \/><span style=\"color: #0f101b;\">Plantean los comunistas que en \u00abel acu\u00edfero Guaran\u00ed sobre el que est\u00e1n asentados los pueblos uruguayos y argentinos, no se puede actuar una vez m\u00e1s sin previa consulta\u00bb. Por todo esto, exigen \u00abla libertad de los 4 ambientalistas detenidos y el cese de orden de captura sobre otros intervinientes, llamamos a las organizaciones populares y al pueblo todo a manifestarse en igual sentido\u00bb.\u00a0<\/span><br style=\"color: #0f101b;\" \/><span style=\"color: #0f101b;\">Partido Comunista Revolucionario &#8211; Juventud Comunista Revolucionaria &#8211; Partido del Trabajo y el Pueblo\u00a0<\/span><br style=\"color: #0f101b;\" \/><br style=\"color: #0f101b;\" \/><b style=\"color: #0f101b;\">MST- Nueva Izquierda<\/b><span style=\"color: #0f101b;\">\u00a0<\/span><br style=\"color: #0f101b;\" \/><span style=\"color: #0f101b;\">Junto con la Red Ecosocialista de Entre R\u00edos, dice el MST que \u00abhemos venido a Concordia para expresar nuestra solidaridad con los compa\u00f1erxs que se manifestaban pac\u00edficamente a la vera de la ruta 015 rechazando la presencia de camiones utilizados para la exploraci\u00f3n de hidrocarburos no convencionales (Fracking) que atravesaban las rutas entrerrianas en camino a Uruguay\u00bb. Contin\u00faa el texto \u00aben la madrugada del domingo 3 de Agosto fueron brutalmente reprimidos por la Gendarmer\u00eda Nacional dejando como saldo 4 detenidos que contin\u00faan incomunicados, uno de ellos hospitalizado por los golpes recibidos durante la represi\u00f3n. Repudiamos la represi\u00f3n y responsabilizamos a los gobiernos Nacional, Provincial y Municipal por lo sucedido y exigimos la inmediata liberaci\u00f3n de los detenidos\u00bb concluyen los dirigentes del partido de izquierda.<\/span><\/p>\n<p>Fuente: <em>Informe Digital<\/em><\/p>\n","protected":false},"excerpt":{"rendered":"<p>Numerosas organizaciones sociales y pol&iacute;ticas expresaron su repudio al accionar de Gendarmer&iacute;a de este domingo por la madrugada. Se exige la libertad de los detenidos y explicaciones a Urribarri. Este lunes habr&aacute; una concentraci&oacute;n en Paran&aacute;. Diversos comunicados repudiaron a lo largo de este domingo larepresi&oacute;n efectuada por el Escuadr&oacute;n N&ordm;4 de Gendarmer&iacute;a Nacional&nbsp;y la [&hellip;]<\/p>\n","protected":false},"author":2,"featured_media":0,"comment_status":"open","ping_status":"open","sticky":false,"template":"","format":"standard","meta":{"fifu_image_url":"","fifu_image_alt":"","footnotes":""},"categories":[6],"tags":[],"class_list":{"0":"post-7724","1":"post","2":"type-post","3":"status-publish","4":"format-standard","6":"category-entre-rios"},"yoast_head":"<title>Concordia: concentraci\u00f3n y fuerte repudio a la represi\u00f3n a ambientalistas - Informe Litoral<\/title>\n<meta name=\"robots\" content=\"index, follow, max-snippet:-1, max-image-preview:large, max-video-preview:-1\" \/>\n<link rel=\"canonical\" href=\"https:\/\/informelitoral.com.ar\/concordia-concentracion-y-fuerte-repudio-a-la-represion-a-ambientalistas\/\" \/>\n<meta property=\"og:locale\" content=\"es_ES\" \/>\n<meta property=\"og:type\" content=\"article\" \/>\n<meta property=\"og:title\" content=\"Concordia: concentraci\u00f3n y fuerte repudio a la represi\u00f3n a ambientalistas - Informe Litoral\" \/>\n<meta property=\"og:description\" content=\"Numerosas organizaciones sociales y pol&iacute;ticas expresaron su repudio al accionar de Gendarmer&iacute;a de este domingo por la madrugada. Se exige la libertad de los detenidos y explicaciones a Urribarri. Este lunes habr&aacute; una concentraci&oacute;n en Paran&aacute;. Diversos comunicados repudiaron a lo largo de este domingo larepresi&oacute;n efectuada por el Escuadr&oacute;n N&ordm;4 de Gendarmer&iacute;a Nacional&nbsp;y la [&hellip;]\" \/>\n<meta property=\"og:url\" content=\"https:\/\/informelitoral.com.ar\/concordia-concentracion-y-fuerte-repudio-a-la-represion-a-ambientalistas\/\" \/>\n<meta property=\"og:site_name\" content=\"Informe Litoral\" \/>\n<meta property=\"article:publisher\" content=\"https:\/\/www.facebook.com\/informelitoral\/\" \/>\n<meta property=\"article:published_time\" content=\"2014-08-04T01:03:43+00:00\" \/>\n<meta property=\"og:image\" content=\"https:\/\/informelitoral.com.ar\/%77%70%2d%63%6f%6e%74%65%6e%74\/uploads\/2014\/08\/o_1407105956.jpg\" \/>\n\t<meta property=\"og:image:width\" content=\"640\" \/>\n\t<meta property=\"og:image:height\" content=\"360\" \/>\n\t<meta property=\"og:image:type\" content=\"image\/jpeg\" \/>\n<meta name=\"author\" content=\"Gonzalo Schmidt\" \/>\n<meta name=\"twitter:card\" content=\"summary_large_image\" \/>\n<meta name=\"twitter:creator\" content=\"@InformeLitoral\" \/>\n<meta name=\"twitter:site\" content=\"@InformeLitoral\" \/>\n<meta name=\"twitter:label1\" content=\"Escrito por\" \/>\n\t<meta name=\"twitter:data1\" content=\"Gonzalo Schmidt\" \/>\n\t<meta name=\"twitter:label2\" content=\"Tiempo de lectura\" \/>\n\t<meta name=\"twitter:data2\" content=\"6 minutos\" \/>\n<script type=\"application\/ld+json\" class=\"yoast-schema-graph\">{\"@context\":\"https:\\\/\\\/schema.org\",\"@graph\":[{\"@type\":\"Article\",\"@id\":\"https:\\\/\\\/informelitoral.com.ar\\\/concordia-concentracion-y-fuerte-repudio-a-la-represion-a-ambientalistas\\\/#article\",\"isPartOf\":{\"@id\":\"https:\\\/\\\/informelitoral.com.ar\\\/concordia-concentracion-y-fuerte-repudio-a-la-represion-a-ambientalistas\\\/\"},\"author\":{\"name\":\"Gonzalo Schmidt\",\"@id\":\"https:\\\/\\\/informelitoral.com.ar\\\/#\\\/schema\\\/person\\\/b9d00407c836482871ef1d57bf8e3180\"},\"headline\":\"Concordia: concentraci\u00f3n y fuerte repudio a la represi\u00f3n a ambientalistas\",\"datePublished\":\"2014-08-04T01:03:43+00:00\",\"mainEntityOfPage\":{\"@id\":\"https:\\\/\\\/informelitoral.com.ar\\\/concordia-concentracion-y-fuerte-repudio-a-la-represion-a-ambientalistas\\\/\"},\"wordCount\":1164,\"commentCount\":0,\"publisher\":{\"@id\":\"https:\\\/\\\/informelitoral.com.ar\\\/#organization\"},\"image\":{\"@id\":\"https:\\\/\\\/informelitoral.com.ar\\\/concordia-concentracion-y-fuerte-repudio-a-la-represion-a-ambientalistas\\\/#primaryimage\"},\"thumbnailUrl\":\"http:\\\/\\\/www.isletasnoticias.com.ar\\\/%77%70%2d%63%6f%6e%74%65%6e%74\\\/uploads\\\/2014\\\/08\\\/o_1407105956.jpg\",\"articleSection\":[\"Entre R\u00edos\"],\"inLanguage\":\"es\",\"potentialAction\":[{\"@type\":\"CommentAction\",\"name\":\"Comment\",\"target\":[\"https:\\\/\\\/informelitoral.com.ar\\\/concordia-concentracion-y-fuerte-repudio-a-la-represion-a-ambientalistas\\\/#respond\"]}]},{\"@type\":\"WebPage\",\"@id\":\"https:\\\/\\\/informelitoral.com.ar\\\/concordia-concentracion-y-fuerte-repudio-a-la-represion-a-ambientalistas\\\/\",\"url\":\"https:\\\/\\\/informelitoral.com.ar\\\/concordia-concentracion-y-fuerte-repudio-a-la-represion-a-ambientalistas\\\/\",\"name\":\"Concordia: concentraci\u00f3n y fuerte repudio a la represi\u00f3n a ambientalistas - Informe Litoral\",\"isPartOf\":{\"@id\":\"https:\\\/\\\/informelitoral.com.ar\\\/#website\"},\"primaryImageOfPage\":{\"@id\":\"https:\\\/\\\/informelitoral.com.ar\\\/concordia-concentracion-y-fuerte-repudio-a-la-represion-a-ambientalistas\\\/#primaryimage\"},\"image\":{\"@id\":\"https:\\\/\\\/informelitoral.com.ar\\\/concordia-concentracion-y-fuerte-repudio-a-la-represion-a-ambientalistas\\\/#primaryimage\"},\"thumbnailUrl\":\"http:\\\/\\\/www.isletasnoticias.com.ar\\\/%77%70%2d%63%6f%6e%74%65%6e%74\\\/uploads\\\/2014\\\/08\\\/o_1407105956.jpg\",\"datePublished\":\"2014-08-04T01:03:43+00:00\",\"breadcrumb\":{\"@id\":\"https:\\\/\\\/informelitoral.com.ar\\\/concordia-concentracion-y-fuerte-repudio-a-la-represion-a-ambientalistas\\\/#breadcrumb\"},\"inLanguage\":\"es\",\"potentialAction\":[{\"@type\":\"ReadAction\",\"target\":[\"https:\\\/\\\/informelitoral.com.ar\\\/concordia-concentracion-y-fuerte-repudio-a-la-represion-a-ambientalistas\\\/\"]}]},{\"@type\":\"ImageObject\",\"inLanguage\":\"es\",\"@id\":\"https:\\\/\\\/informelitoral.com.ar\\\/concordia-concentracion-y-fuerte-repudio-a-la-represion-a-ambientalistas\\\/#primaryimage\",\"url\":\"http:\\\/\\\/www.isletasnoticias.com.ar\\\/%77%70%2d%63%6f%6e%74%65%6e%74\\\/uploads\\\/2014\\\/08\\\/o_1407105956.jpg\",\"contentUrl\":\"http:\\\/\\\/www.isletasnoticias.com.ar\\\/%77%70%2d%63%6f%6e%74%65%6e%74\\\/uploads\\\/2014\\\/08\\\/o_1407105956.jpg\"},{\"@type\":\"BreadcrumbList\",\"@id\":\"https:\\\/\\\/informelitoral.com.ar\\\/concordia-concentracion-y-fuerte-repudio-a-la-represion-a-ambientalistas\\\/#breadcrumb\",\"itemListElement\":[{\"@type\":\"ListItem\",\"position\":1,\"name\":\"Portada\",\"item\":\"https:\\\/\\\/informelitoral.com.ar\\\/\"},{\"@type\":\"ListItem\",\"position\":2,\"name\":\"Concordia: concentraci\u00f3n y fuerte repudio a la represi\u00f3n a ambientalistas\"}]},{\"@type\":\"WebSite\",\"@id\":\"https:\\\/\\\/informelitoral.com.ar\\\/#website\",\"url\":\"https:\\\/\\\/informelitoral.com.ar\\\/\",\"name\":\"Informe Litoral\",\"description\":\"&quot;Nos informamos&quot; \",\"publisher\":{\"@id\":\"https:\\\/\\\/informelitoral.com.ar\\\/#organization\"},\"potentialAction\":[{\"@type\":\"SearchAction\",\"target\":{\"@type\":\"EntryPoint\",\"urlTemplate\":\"https:\\\/\\\/informelitoral.com.ar\\\/?s={search_term_string}\"},\"query-input\":{\"@type\":\"PropertyValueSpecification\",\"valueRequired\":true,\"valueName\":\"search_term_string\"}}],\"inLanguage\":\"es\"},{\"@type\":\"Organization\",\"@id\":\"https:\\\/\\\/informelitoral.com.ar\\\/#organization\",\"name\":\"Informe Litoral\",\"url\":\"https:\\\/\\\/informelitoral.com.ar\\\/\",\"logo\":{\"@type\":\"ImageObject\",\"inLanguage\":\"es\",\"@id\":\"https:\\\/\\\/informelitoral.com.ar\\\/#\\\/schema\\\/logo\\\/image\\\/\",\"url\":\"https:\\\/\\\/informelitoral.com.ar\\\/%77%70%2d%63%6f%6e%74%65%6e%74\\\/uploads\\\/2021\\\/01\\\/circulo.png\",\"contentUrl\":\"https:\\\/\\\/informelitoral.com.ar\\\/%77%70%2d%63%6f%6e%74%65%6e%74\\\/uploads\\\/2021\\\/01\\\/circulo.png\",\"width\":723,\"height\":731,\"caption\":\"Informe Litoral\"},\"image\":{\"@id\":\"https:\\\/\\\/informelitoral.com.ar\\\/#\\\/schema\\\/logo\\\/image\\\/\"},\"sameAs\":[\"https:\\\/\\\/www.facebook.com\\\/informelitoral\\\/\",\"https:\\\/\\\/x.com\\\/InformeLitoral\",\"https:\\\/\\\/www.instagram.com\\\/informelitoral\\\/\",\"https:\\\/\\\/www.youtube.com\\\/channel\\\/UCua4Qvz8Icb6MYqhoq9xLXw\"]},{\"@type\":\"Person\",\"@id\":\"https:\\\/\\\/informelitoral.com.ar\\\/#\\\/schema\\\/person\\\/b9d00407c836482871ef1d57bf8e3180\",\"name\":\"Gonzalo Schmidt\",\"image\":{\"@type\":\"ImageObject\",\"inLanguage\":\"es\",\"@id\":\"https:\\\/\\\/secure.gravatar.com\\\/avatar\\\/31a1a7b66ff2de83bd0e9fd79d026630d2d99e55e8bfe501287647b4fd9743de?s=96&d=mm&r=g\",\"url\":\"https:\\\/\\\/secure.gravatar.com\\\/avatar\\\/31a1a7b66ff2de83bd0e9fd79d026630d2d99e55e8bfe501287647b4fd9743de?s=96&d=mm&r=g\",\"contentUrl\":\"https:\\\/\\\/secure.gravatar.com\\\/avatar\\\/31a1a7b66ff2de83bd0e9fd79d026630d2d99e55e8bfe501287647b4fd9743de?s=96&d=mm&r=g\",\"caption\":\"Gonzalo Schmidt\"},\"description\":\"Sitio web de noticias de la provincia de Entre R\u00edos, Argentina. Informaci\u00f3n y entretenimiento. Informe Litoral, nos informamos.\",\"sameAs\":[\"http:\\\/\\\/www.isletasnoticias.com.ar\"],\"url\":\"https:\\\/\\\/informelitoral.com.ar\\\/author\\\/gonzalo\\\/\"}]}<\/script>","yoast_head_json":{"title":"Concordia: concentraci\u00f3n y fuerte repudio a la represi\u00f3n a ambientalistas - Informe Litoral","robots":{"index":"index","follow":"follow","max-snippet":"max-snippet:-1","max-image-preview":"max-image-preview:large","max-video-preview":"max-video-preview:-1"},"canonical":"https:\/\/informelitoral.com.ar\/concordia-concentracion-y-fuerte-repudio-a-la-represion-a-ambientalistas\/","og_locale":"es_ES","og_type":"article","og_title":"Concordia: concentraci\u00f3n y fuerte repudio a la represi\u00f3n a ambientalistas - Informe Litoral","og_description":"Numerosas organizaciones sociales y pol&iacute;ticas expresaron su repudio al accionar de Gendarmer&iacute;a de este domingo por la madrugada. Se exige la libertad de los detenidos y explicaciones a Urribarri. Este lunes habr&aacute; una concentraci&oacute;n en Paran&aacute;. Diversos comunicados repudiaron a lo largo de este domingo larepresi&oacute;n efectuada por el Escuadr&oacute;n N&ordm;4 de Gendarmer&iacute;a Nacional&nbsp;y la [&hellip;]","og_url":"https:\/\/informelitoral.com.ar\/concordia-concentracion-y-fuerte-repudio-a-la-represion-a-ambientalistas\/","og_site_name":"Informe Litoral","article_publisher":"https:\/\/www.facebook.com\/informelitoral\/","article_published_time":"2014-08-04T01:03:43+00:00","og_image":[{"width":640,"height":360,"url":"https:\/\/informelitoral.com.ar\/%77%70%2d%63%6f%6e%74%65%6e%74\/uploads\/2014\/08\/o_1407105956.jpg","type":"image\/jpeg"}],"author":"Gonzalo Schmidt","twitter_card":"summary_large_image","twitter_creator":"@InformeLitoral","twitter_site":"@InformeLitoral","twitter_misc":{"Escrito por":"Gonzalo Schmidt","Tiempo de lectura":"6 minutos"},"schema":{"@context":"https:\/\/schema.org","@graph":[{"@type":"Article","@id":"https:\/\/informelitoral.com.ar\/concordia-concentracion-y-fuerte-repudio-a-la-represion-a-ambientalistas\/#article","isPartOf":{"@id":"https:\/\/informelitoral.com.ar\/concordia-concentracion-y-fuerte-repudio-a-la-represion-a-ambientalistas\/"},"author":{"name":"Gonzalo Schmidt","@id":"https:\/\/informelitoral.com.ar\/#\/schema\/person\/b9d00407c836482871ef1d57bf8e3180"},"headline":"Concordia: concentraci\u00f3n y fuerte repudio a la represi\u00f3n a ambientalistas","datePublished":"2014-08-04T01:03:43+00:00","mainEntityOfPage":{"@id":"https:\/\/informelitoral.com.ar\/concordia-concentracion-y-fuerte-repudio-a-la-represion-a-ambientalistas\/"},"wordCount":1164,"commentCount":0,"publisher":{"@id":"https:\/\/informelitoral.com.ar\/#organization"},"image":{"@id":"https:\/\/informelitoral.com.ar\/concordia-concentracion-y-fuerte-repudio-a-la-represion-a-ambientalistas\/#primaryimage"},"thumbnailUrl":"http:\/\/www.isletasnoticias.com.ar\/%77%70%2d%63%6f%6e%74%65%6e%74\/uploads\/2014\/08\/o_1407105956.jpg","articleSection":["Entre R\u00edos"],"inLanguage":"es","potentialAction":[{"@type":"CommentAction","name":"Comment","target":["https:\/\/informelitoral.com.ar\/concordia-concentracion-y-fuerte-repudio-a-la-represion-a-ambientalistas\/#respond"]}]},{"@type":"WebPage","@id":"https:\/\/informelitoral.com.ar\/concordia-concentracion-y-fuerte-repudio-a-la-represion-a-ambientalistas\/","url":"https:\/\/informelitoral.com.ar\/concordia-concentracion-y-fuerte-repudio-a-la-represion-a-ambientalistas\/","name":"Concordia: concentraci\u00f3n y fuerte repudio a la represi\u00f3n a ambientalistas - Informe Litoral","isPartOf":{"@id":"https:\/\/informelitoral.com.ar\/#website"},"primaryImageOfPage":{"@id":"https:\/\/informelitoral.com.ar\/concordia-concentracion-y-fuerte-repudio-a-la-represion-a-ambientalistas\/#primaryimage"},"image":{"@id":"https:\/\/informelitoral.com.ar\/concordia-concentracion-y-fuerte-repudio-a-la-represion-a-ambientalistas\/#primaryimage"},"thumbnailUrl":"http:\/\/www.isletasnoticias.com.ar\/%77%70%2d%63%6f%6e%74%65%6e%74\/uploads\/2014\/08\/o_1407105956.jpg","datePublished":"2014-08-04T01:03:43+00:00","breadcrumb":{"@id":"https:\/\/informelitoral.com.ar\/concordia-concentracion-y-fuerte-repudio-a-la-represion-a-ambientalistas\/#breadcrumb"},"inLanguage":"es","potentialAction":[{"@type":"ReadAction","target":["https:\/\/informelitoral.com.ar\/concordia-concentracion-y-fuerte-repudio-a-la-represion-a-ambientalistas\/"]}]},{"@type":"ImageObject","inLanguage":"es","@id":"https:\/\/informelitoral.com.ar\/concordia-concentracion-y-fuerte-repudio-a-la-represion-a-ambientalistas\/#primaryimage","url":"http:\/\/www.isletasnoticias.com.ar\/%77%70%2d%63%6f%6e%74%65%6e%74\/uploads\/2014\/08\/o_1407105956.jpg","contentUrl":"http:\/\/www.isletasnoticias.com.ar\/%77%70%2d%63%6f%6e%74%65%6e%74\/uploads\/2014\/08\/o_1407105956.jpg"},{"@type":"BreadcrumbList","@id":"https:\/\/informelitoral.com.ar\/concordia-concentracion-y-fuerte-repudio-a-la-represion-a-ambientalistas\/#breadcrumb","itemListElement":[{"@type":"ListItem","position":1,"name":"Portada","item":"https:\/\/informelitoral.com.ar\/"},{"@type":"ListItem","position":2,"name":"Concordia: concentraci\u00f3n y fuerte repudio a la represi\u00f3n a ambientalistas"}]},{"@type":"WebSite","@id":"https:\/\/informelitoral.com.ar\/#website","url":"https:\/\/informelitoral.com.ar\/","name":"Informe Litoral","description":"&quot;Nos informamos&quot; ","publisher":{"@id":"https:\/\/informelitoral.com.ar\/#organization"},"potentialAction":[{"@type":"SearchAction","target":{"@type":"EntryPoint","urlTemplate":"https:\/\/informelitoral.com.ar\/?s={search_term_string}"},"query-input":{"@type":"PropertyValueSpecification","valueRequired":true,"valueName":"search_term_string"}}],"inLanguage":"es"},{"@type":"Organization","@id":"https:\/\/informelitoral.com.ar\/#organization","name":"Informe Litoral","url":"https:\/\/informelitoral.com.ar\/","logo":{"@type":"ImageObject","inLanguage":"es","@id":"https:\/\/informelitoral.com.ar\/#\/schema\/logo\/image\/","url":"https:\/\/informelitoral.com.ar\/%77%70%2d%63%6f%6e%74%65%6e%74\/uploads\/2021\/01\/circulo.png","contentUrl":"https:\/\/informelitoral.com.ar\/%77%70%2d%63%6f%6e%74%65%6e%74\/uploads\/2021\/01\/circulo.png","width":723,"height":731,"caption":"Informe Litoral"},"image":{"@id":"https:\/\/informelitoral.com.ar\/#\/schema\/logo\/image\/"},"sameAs":["https:\/\/www.facebook.com\/informelitoral\/","https:\/\/x.com\/InformeLitoral","https:\/\/www.instagram.com\/informelitoral\/","https:\/\/www.youtube.com\/channel\/UCua4Qvz8Icb6MYqhoq9xLXw"]},{"@type":"Person","@id":"https:\/\/informelitoral.com.ar\/#\/schema\/person\/b9d00407c836482871ef1d57bf8e3180","name":"Gonzalo Schmidt","image":{"@type":"ImageObject","inLanguage":"es","@id":"https:\/\/secure.gravatar.com\/avatar\/31a1a7b66ff2de83bd0e9fd79d026630d2d99e55e8bfe501287647b4fd9743de?s=96&d=mm&r=g","url":"https:\/\/secure.gravatar.com\/avatar\/31a1a7b66ff2de83bd0e9fd79d026630d2d99e55e8bfe501287647b4fd9743de?s=96&d=mm&r=g","contentUrl":"https:\/\/secure.gravatar.com\/avatar\/31a1a7b66ff2de83bd0e9fd79d026630d2d99e55e8bfe501287647b4fd9743de?s=96&d=mm&r=g","caption":"Gonzalo Schmidt"},"description":"Sitio web de noticias de la provincia de Entre R\u00edos, Argentina. Informaci\u00f3n y entretenimiento. Informe Litoral, nos informamos.","sameAs":["http:\/\/www.isletasnoticias.com.ar"],"url":"https:\/\/informelitoral.com.ar\/author\/gonzalo\/"}]}},"_links":{"self":[{"href":"https:\/\/informelitoral.com.ar\/%77%70%2d%6a%73%6f%6e\/wp\/v2\/posts\/7724","targetHints":{"allow":["GET"]}}],"collection":[{"href":"https:\/\/informelitoral.com.ar\/%77%70%2d%6a%73%6f%6e\/wp\/v2\/posts"}],"about":[{"href":"https:\/\/informelitoral.com.ar\/%77%70%2d%6a%73%6f%6e\/wp\/v2\/types\/post"}],"author":[{"embeddable":true,"href":"https:\/\/informelitoral.com.ar\/%77%70%2d%6a%73%6f%6e\/wp\/v2\/users\/2"}],"replies":[{"embeddable":true,"href":"https:\/\/informelitoral.com.ar\/%77%70%2d%6a%73%6f%6e\/wp\/v2\/comments?post=7724"}],"version-history":[{"count":0,"href":"https:\/\/informelitoral.com.ar\/%77%70%2d%6a%73%6f%6e\/wp\/v2\/posts\/7724\/revisions"}],"wp:attachment":[{"href":"https:\/\/informelitoral.com.ar\/%77%70%2d%6a%73%6f%6e\/wp\/v2\/media?parent=7724"}],"wp:term":[{"taxonomy":"category","embeddable":true,"href":"https:\/\/informelitoral.com.ar\/%77%70%2d%6a%73%6f%6e\/wp\/v2\/categories?post=7724"},{"taxonomy":"post_tag","embeddable":true,"href":"https:\/\/informelitoral.com.ar\/%77%70%2d%6a%73%6f%6e\/wp\/v2\/tags?post=7724"}],"curies":[{"name":"wp","href":"https:\/\/api.w.org\/{rel}","templated":true}]}}