{"id":77238,"date":"2022-05-06T10:50:58","date_gmt":"2022-05-06T13:50:58","guid":{"rendered":"https:\/\/www.informelitoral.com.ar\/?p=77238"},"modified":"2022-05-06T15:07:46","modified_gmt":"2022-05-06T18:07:46","slug":"presentaron-la-expo-de-la-leche-en-la-secretaria-de-turismo","status":"publish","type":"post","link":"https:\/\/informelitoral.com.ar\/presentaron-la-expo-de-la-leche-en-la-secretaria-de-turismo\/","title":{"rendered":"Presentaron la Expo de la Leche de Nogoy\u00e1 en la Secretar\u00eda de Turismo"},"content":{"rendered":"<p>Del acto, llevado a cabo en la sede de la Secretar\u00eda de Turismo de Entre R\u00edos, en Paran\u00e1, participaron el coordinador de Lecher\u00eda del Ministerio de Producci\u00f3n, Horacio Jaureguiberry; la senadora provincial por el departamento Nogoy\u00e1, Flavia Maidana; el Intendente de Nogoy\u00e1, Rafael Cavagna, y la Coordinadora de Producci\u00f3n de Nogoy\u00e1, Stella Maris Aquino.<\/p>\n<p>La exposici\u00f3n consta de una exposici\u00f3n comercial, industrial y ganadera sobre la riqueza, el desarrollo productivo y el trabajo de los tamberos entrerrianos; y contar\u00e1 con charlas, capacitaciones, visitas, jura de ejemplares de las razas Holando, Jersey, Montbalierd y Pardo Suizo; y remate de animales.<\/p>\n<p>El objetivo de la actividad consiste en brindar un espacio no solo de exposici\u00f3n, sino tambi\u00e9n para la comercializaci\u00f3n, los negocios, la articulaci\u00f3n e interacci\u00f3n industrial como un factor generador de oportunidades. Cuenta con 150 stands confirmados, 9 caba\u00f1as que se van a estar jurando el d\u00eda s\u00e1bado, un remate comercial con m\u00e1s de 180 piezas y actividades culturales durante los tres d\u00edas. En cuanto a las entradas, el d\u00eda viernes ser\u00e1 gratuita, mientras que el d\u00eda s\u00e1bado y domingo el costo ser\u00e1 de 300 pesos para mayores de 13 a\u00f1os.<\/p>\n<p>El intendente Cavagna agradeci\u00f3 al gobierno Nacional \u201cque viene trabajando el Plan Lechero del centro de la provincia de Entre R\u00edos\u00bb; y resalt\u00f3 el acompa\u00f1amiento del gobierno provincial \u201cpor el acompa\u00f1amiento desde lo econ\u00f3mico y desde lo integral\u201d y destac\u00f3 que \u201chablar de producci\u00f3n es hablar de un trabajo en conjunto\u201d. Cavagna destac\u00f3 tambi\u00e9n la participaci\u00f3n de las escuelas agrot\u00e9cnicas Las Delicias de Gobernador Etchevehere, y General San Mart\u00edn de la localidad de Casilda, Santa Fe en el evento, \u201cdando as\u00ed, un perfil educativo al encuentro, ya que con estas escuelas se desarrollar\u00e1 el Jurado Juvenil el d\u00eda s\u00e1bado en la Expo\u201d.<\/p>\n<p>El Intendente resalt\u00f3 a su vez una particularidad de esta edici\u00f3n: \u201cProductos regionales como queso y dulce de leche, junto con los de la marca La Pur\u00edsima, van ser elaborados con los 1500 litros de leche diarios estimativos que se va a estar orde\u00f1ando en la Expo con vacas que ya est\u00e1n arribando, pertenecientes a los distintos caba\u00f1eros\u201d<\/p>\n<p>La senadora Maidana extendi\u00f3 la invitaci\u00f3n a la Expo: \u201cNo \u00fanicamente a todo el sector productivo, sino a todos los vecinos y vecinas de todo el departamento y la provincia\u201d. Del mismo modo, agradeci\u00f3: \u201cAl gobernador de la provincia que hizo un aporte important\u00edsimo para que se pueda efectuar esta Expo a trav\u00e9s de fondos del CFI\u201d, y destac\u00f3 que es importante el acompa\u00f1amiento de todos los estamentos del Estado.<\/p>\n<p>El cronograma de la Expo comenzar\u00e1 el viernes 6 desde las 9 horas con la apertura de la exposici\u00f3n comercial, industrial y ganadera. Entre las 10 y las 13 se desarrollar\u00e1 la Jornada de actualizaci\u00f3n: \u201cEl Capital Humano en la empresa lechera\u201d. De 9 a 12 y de 14 a 17 horas se desarrollar\u00e1n visitas guiadas a escuelas primarias y secundarias, y a las 19hs habr\u00e1 una Pe\u00f1a Folcl\u00f3rica gratuita en el quincho.<\/p>\n<p>La jornada del s\u00e1bado comenzar\u00e1 a las 8.30 horas con la Capacitaci\u00f3n del Jurado Juvenil para las Escuelas Agrot\u00e9cnicas y a las 9 hs con el acto de Apertura. A las 10 habr\u00e1 Reuni\u00f3n de Mesa Provincial de Lecher\u00eda de la Provincia de Entre R\u00edos, a las 14 remate de animales de la Consignataria \u201cHasenkamp\u201d y a las 16.30 comenzar\u00e1n los n\u00fameros art\u00edsticos: \u201cLos Majestuosos del Chamam\u00e9\u201d, \u201cFejumas\u201d y \u201cLos del Cerro\u201d.<\/p>\n<p>El d\u00eda domingo, adem\u00e1s del acto de apertura, a las 10.30 horas habr\u00e1 un acto protocolar de inauguraci\u00f3n, con homenaje a Evaristo Navarret. A partir de las 15 en el escenario principal actuar\u00e1n: \u201cJos\u00e9 Pauer y su conjunto\u201d; \u201cLos del Gualey\u00e1n\u201d y \u201cEl Ritmo\u201d. A las 20hs finalizar\u00e1 con la salida de caba\u00f1eros y cierre de la muestra.<\/p>\n<p>La Expo cuenta con el apoyo de diferentes entidades como el Consejo Federal de Inversiones, INTA, Sociedad Rural de Nogoy\u00e1 y Cluster Lechero del Centro Entrerriano; como tambi\u00e9n del Gobierno de Entre R\u00edos y la Municipalidad de Nogoy\u00e1.<\/p>\n","protected":false},"excerpt":{"rendered":"<p>Con la presencia de autoridades provinciales y municipales se present\u00f3 la XVIII Expo Provincial de la Leche y IX Expo Jersey Entrerriana que se llevar\u00e1 a cabo el 6, 7 y 8 de mayo en el predio de la Sociedad Rural de Nogoy\u00e1.<\/p>\n","protected":false},"author":8,"featured_media":77239,"comment_status":"open","ping_status":"open","sticky":false,"template":"","format":"standard","meta":{"fifu_image_url":"","fifu_image_alt":"","footnotes":""},"categories":[10],"tags":[3602,135,74,120],"class_list":{"0":"post-77238","1":"post","2":"type-post","3":"status-publish","4":"format-standard","5":"has-post-thumbnail","7":"category-campo","8":"tag-expo-de-la-leche","9":"tag-lecheria","10":"tag-nogoya","11":"tag-produccion"},"yoast_head":"<title>Presentaron la Expo de la Leche de Nogoy\u00e1 en la Secretar\u00eda de Turismo - Informe Litoral<\/title>\n<meta name=\"robots\" content=\"index, follow, max-snippet:-1, max-image-preview:large, max-video-preview:-1\" \/>\n<link rel=\"canonical\" href=\"https:\/\/informelitoral.com.ar\/presentaron-la-expo-de-la-leche-en-la-secretaria-de-turismo\/\" \/>\n<meta property=\"og:locale\" content=\"es_ES\" \/>\n<meta property=\"og:type\" content=\"article\" \/>\n<meta property=\"og:title\" content=\"Presentaron la Expo de la Leche de Nogoy\u00e1 en la Secretar\u00eda de Turismo - Informe Litoral\" \/>\n<meta property=\"og:description\" content=\"Con la presencia de autoridades provinciales y municipales se present\u00f3 la XVIII Expo Provincial de la Leche y IX Expo Jersey Entrerriana que se llevar\u00e1 a cabo el 6, 7 y 8 de mayo en el predio de la Sociedad Rural de Nogoy\u00e1.\" \/>\n<meta property=\"og:url\" content=\"https:\/\/informelitoral.com.ar\/presentaron-la-expo-de-la-leche-en-la-secretaria-de-turismo\/\" \/>\n<meta property=\"og:site_name\" content=\"Informe Litoral\" \/>\n<meta property=\"article:publisher\" content=\"https:\/\/www.facebook.com\/informelitoral\/\" \/>\n<meta property=\"article:published_time\" content=\"2022-05-06T13:50:58+00:00\" \/>\n<meta property=\"article:modified_time\" content=\"2022-05-06T18:07:46+00:00\" \/>\n<meta property=\"og:image\" content=\"https:\/\/informelitoral.com.ar\/%77%70%2d%63%6f%6e%74%65%6e%74\/uploads\/2022\/05\/p_1651783186.jpg\" \/>\n\t<meta property=\"og:image:width\" content=\"1920\" \/>\n\t<meta property=\"og:image:height\" content=\"800\" \/>\n\t<meta property=\"og:image:type\" content=\"image\/jpeg\" \/>\n<meta name=\"author\" content=\"Sebastian\" \/>\n<meta name=\"twitter:card\" content=\"summary_large_image\" \/>\n<meta name=\"twitter:creator\" content=\"@InformeLitoral\" \/>\n<meta name=\"twitter:site\" content=\"@InformeLitoral\" \/>\n<meta name=\"twitter:label1\" content=\"Escrito por\" \/>\n\t<meta name=\"twitter:data1\" content=\"Sebastian\" \/>\n\t<meta name=\"twitter:label2\" content=\"Tiempo de lectura\" \/>\n\t<meta name=\"twitter:data2\" content=\"4 minutos\" \/>\n<script type=\"application\/ld+json\" class=\"yoast-schema-graph\">{\"@context\":\"https:\\\/\\\/schema.org\",\"@graph\":[{\"@type\":\"Article\",\"@id\":\"https:\\\/\\\/informelitoral.com.ar\\\/presentaron-la-expo-de-la-leche-en-la-secretaria-de-turismo\\\/#article\",\"isPartOf\":{\"@id\":\"https:\\\/\\\/informelitoral.com.ar\\\/presentaron-la-expo-de-la-leche-en-la-secretaria-de-turismo\\\/\"},\"author\":{\"name\":\"Sebastian\",\"@id\":\"https:\\\/\\\/informelitoral.com.ar\\\/#\\\/schema\\\/person\\\/f05f9f461677119578717524b127d6d5\"},\"headline\":\"Presentaron la Expo de la Leche de Nogoy\u00e1 en la Secretar\u00eda de Turismo\",\"datePublished\":\"2022-05-06T13:50:58+00:00\",\"dateModified\":\"2022-05-06T18:07:46+00:00\",\"mainEntityOfPage\":{\"@id\":\"https:\\\/\\\/informelitoral.com.ar\\\/presentaron-la-expo-de-la-leche-en-la-secretaria-de-turismo\\\/\"},\"wordCount\":717,\"commentCount\":0,\"publisher\":{\"@id\":\"https:\\\/\\\/informelitoral.com.ar\\\/#organization\"},\"image\":{\"@id\":\"https:\\\/\\\/informelitoral.com.ar\\\/presentaron-la-expo-de-la-leche-en-la-secretaria-de-turismo\\\/#primaryimage\"},\"thumbnailUrl\":\"https:\\\/\\\/informelitoral.com.ar\\\/%77%70%2d%63%6f%6e%74%65%6e%74\\\/uploads\\\/2022\\\/05\\\/p_1651783186.jpg\",\"keywords\":[\"Expo de la leche\",\"Lecher\u00eda\",\"Nogoy\u00e1\",\"Producci\u00f3n\"],\"articleSection\":[\"Campo\"],\"inLanguage\":\"es\",\"potentialAction\":[{\"@type\":\"CommentAction\",\"name\":\"Comment\",\"target\":[\"https:\\\/\\\/informelitoral.com.ar\\\/presentaron-la-expo-de-la-leche-en-la-secretaria-de-turismo\\\/#respond\"]}]},{\"@type\":\"WebPage\",\"@id\":\"https:\\\/\\\/informelitoral.com.ar\\\/presentaron-la-expo-de-la-leche-en-la-secretaria-de-turismo\\\/\",\"url\":\"https:\\\/\\\/informelitoral.com.ar\\\/presentaron-la-expo-de-la-leche-en-la-secretaria-de-turismo\\\/\",\"name\":\"Presentaron la Expo de la Leche de Nogoy\u00e1 en la Secretar\u00eda de Turismo - Informe Litoral\",\"isPartOf\":{\"@id\":\"https:\\\/\\\/informelitoral.com.ar\\\/#website\"},\"primaryImageOfPage\":{\"@id\":\"https:\\\/\\\/informelitoral.com.ar\\\/presentaron-la-expo-de-la-leche-en-la-secretaria-de-turismo\\\/#primaryimage\"},\"image\":{\"@id\":\"https:\\\/\\\/informelitoral.com.ar\\\/presentaron-la-expo-de-la-leche-en-la-secretaria-de-turismo\\\/#primaryimage\"},\"thumbnailUrl\":\"https:\\\/\\\/informelitoral.com.ar\\\/%77%70%2d%63%6f%6e%74%65%6e%74\\\/uploads\\\/2022\\\/05\\\/p_1651783186.jpg\",\"datePublished\":\"2022-05-06T13:50:58+00:00\",\"dateModified\":\"2022-05-06T18:07:46+00:00\",\"breadcrumb\":{\"@id\":\"https:\\\/\\\/informelitoral.com.ar\\\/presentaron-la-expo-de-la-leche-en-la-secretaria-de-turismo\\\/#breadcrumb\"},\"inLanguage\":\"es\",\"potentialAction\":[{\"@type\":\"ReadAction\",\"target\":[\"https:\\\/\\\/informelitoral.com.ar\\\/presentaron-la-expo-de-la-leche-en-la-secretaria-de-turismo\\\/\"]}]},{\"@type\":\"ImageObject\",\"inLanguage\":\"es\",\"@id\":\"https:\\\/\\\/informelitoral.com.ar\\\/presentaron-la-expo-de-la-leche-en-la-secretaria-de-turismo\\\/#primaryimage\",\"url\":\"https:\\\/\\\/informelitoral.com.ar\\\/%77%70%2d%63%6f%6e%74%65%6e%74\\\/uploads\\\/2022\\\/05\\\/p_1651783186.jpg\",\"contentUrl\":\"https:\\\/\\\/informelitoral.com.ar\\\/%77%70%2d%63%6f%6e%74%65%6e%74\\\/uploads\\\/2022\\\/05\\\/p_1651783186.jpg\",\"width\":1920,\"height\":800},{\"@type\":\"BreadcrumbList\",\"@id\":\"https:\\\/\\\/informelitoral.com.ar\\\/presentaron-la-expo-de-la-leche-en-la-secretaria-de-turismo\\\/#breadcrumb\",\"itemListElement\":[{\"@type\":\"ListItem\",\"position\":1,\"name\":\"Portada\",\"item\":\"https:\\\/\\\/informelitoral.com.ar\\\/\"},{\"@type\":\"ListItem\",\"position\":2,\"name\":\"Presentaron la Expo de la Leche de Nogoy\u00e1 en la Secretar\u00eda de Turismo\"}]},{\"@type\":\"WebSite\",\"@id\":\"https:\\\/\\\/informelitoral.com.ar\\\/#website\",\"url\":\"https:\\\/\\\/informelitoral.com.ar\\\/\",\"name\":\"Informe Litoral\",\"description\":\"&quot;Nos informamos&quot; \",\"publisher\":{\"@id\":\"https:\\\/\\\/informelitoral.com.ar\\\/#organization\"},\"potentialAction\":[{\"@type\":\"SearchAction\",\"target\":{\"@type\":\"EntryPoint\",\"urlTemplate\":\"https:\\\/\\\/informelitoral.com.ar\\\/?s={search_term_string}\"},\"query-input\":{\"@type\":\"PropertyValueSpecification\",\"valueRequired\":true,\"valueName\":\"search_term_string\"}}],\"inLanguage\":\"es\"},{\"@type\":\"Organization\",\"@id\":\"https:\\\/\\\/informelitoral.com.ar\\\/#organization\",\"name\":\"Informe Litoral\",\"url\":\"https:\\\/\\\/informelitoral.com.ar\\\/\",\"logo\":{\"@type\":\"ImageObject\",\"inLanguage\":\"es\",\"@id\":\"https:\\\/\\\/informelitoral.com.ar\\\/#\\\/schema\\\/logo\\\/image\\\/\",\"url\":\"https:\\\/\\\/informelitoral.com.ar\\\/%77%70%2d%63%6f%6e%74%65%6e%74\\\/uploads\\\/2021\\\/01\\\/circulo.png\",\"contentUrl\":\"https:\\\/\\\/informelitoral.com.ar\\\/%77%70%2d%63%6f%6e%74%65%6e%74\\\/uploads\\\/2021\\\/01\\\/circulo.png\",\"width\":723,\"height\":731,\"caption\":\"Informe Litoral\"},\"image\":{\"@id\":\"https:\\\/\\\/informelitoral.com.ar\\\/#\\\/schema\\\/logo\\\/image\\\/\"},\"sameAs\":[\"https:\\\/\\\/www.facebook.com\\\/informelitoral\\\/\",\"https:\\\/\\\/x.com\\\/InformeLitoral\",\"https:\\\/\\\/www.instagram.com\\\/informelitoral\\\/\",\"https:\\\/\\\/www.youtube.com\\\/channel\\\/UCua4Qvz8Icb6MYqhoq9xLXw\"]},{\"@type\":\"Person\",\"@id\":\"https:\\\/\\\/informelitoral.com.ar\\\/#\\\/schema\\\/person\\\/f05f9f461677119578717524b127d6d5\",\"name\":\"Sebastian\",\"image\":{\"@type\":\"ImageObject\",\"inLanguage\":\"es\",\"@id\":\"https:\\\/\\\/secure.gravatar.com\\\/avatar\\\/b71bf7481d447dfb9583c7f2798e7cc64de6efb9067b74633ed8c31059a3bd82?s=96&d=mm&r=g\",\"url\":\"https:\\\/\\\/secure.gravatar.com\\\/avatar\\\/b71bf7481d447dfb9583c7f2798e7cc64de6efb9067b74633ed8c31059a3bd82?s=96&d=mm&r=g\",\"contentUrl\":\"https:\\\/\\\/secure.gravatar.com\\\/avatar\\\/b71bf7481d447dfb9583c7f2798e7cc64de6efb9067b74633ed8c31059a3bd82?s=96&d=mm&r=g\",\"caption\":\"Sebastian\"},\"url\":\"https:\\\/\\\/informelitoral.com.ar\\\/author\\\/sebastian\\\/\"}]}<\/script>","yoast_head_json":{"title":"Presentaron la Expo de la Leche de Nogoy\u00e1 en la Secretar\u00eda de Turismo - Informe Litoral","robots":{"index":"index","follow":"follow","max-snippet":"max-snippet:-1","max-image-preview":"max-image-preview:large","max-video-preview":"max-video-preview:-1"},"canonical":"https:\/\/informelitoral.com.ar\/presentaron-la-expo-de-la-leche-en-la-secretaria-de-turismo\/","og_locale":"es_ES","og_type":"article","og_title":"Presentaron la Expo de la Leche de Nogoy\u00e1 en la Secretar\u00eda de Turismo - Informe Litoral","og_description":"Con la presencia de autoridades provinciales y municipales se present\u00f3 la XVIII Expo Provincial de la Leche y IX Expo Jersey Entrerriana que se llevar\u00e1 a cabo el 6, 7 y 8 de mayo en el predio de la Sociedad Rural de Nogoy\u00e1.","og_url":"https:\/\/informelitoral.com.ar\/presentaron-la-expo-de-la-leche-en-la-secretaria-de-turismo\/","og_site_name":"Informe Litoral","article_publisher":"https:\/\/www.facebook.com\/informelitoral\/","article_published_time":"2022-05-06T13:50:58+00:00","article_modified_time":"2022-05-06T18:07:46+00:00","og_image":[{"width":1920,"height":800,"url":"https:\/\/informelitoral.com.ar\/%77%70%2d%63%6f%6e%74%65%6e%74\/uploads\/2022\/05\/p_1651783186.jpg","type":"image\/jpeg"}],"author":"Sebastian","twitter_card":"summary_large_image","twitter_creator":"@InformeLitoral","twitter_site":"@InformeLitoral","twitter_misc":{"Escrito por":"Sebastian","Tiempo de lectura":"4 minutos"},"schema":{"@context":"https:\/\/schema.org","@graph":[{"@type":"Article","@id":"https:\/\/informelitoral.com.ar\/presentaron-la-expo-de-la-leche-en-la-secretaria-de-turismo\/#article","isPartOf":{"@id":"https:\/\/informelitoral.com.ar\/presentaron-la-expo-de-la-leche-en-la-secretaria-de-turismo\/"},"author":{"name":"Sebastian","@id":"https:\/\/informelitoral.com.ar\/#\/schema\/person\/f05f9f461677119578717524b127d6d5"},"headline":"Presentaron la Expo de la Leche de Nogoy\u00e1 en la Secretar\u00eda de Turismo","datePublished":"2022-05-06T13:50:58+00:00","dateModified":"2022-05-06T18:07:46+00:00","mainEntityOfPage":{"@id":"https:\/\/informelitoral.com.ar\/presentaron-la-expo-de-la-leche-en-la-secretaria-de-turismo\/"},"wordCount":717,"commentCount":0,"publisher":{"@id":"https:\/\/informelitoral.com.ar\/#organization"},"image":{"@id":"https:\/\/informelitoral.com.ar\/presentaron-la-expo-de-la-leche-en-la-secretaria-de-turismo\/#primaryimage"},"thumbnailUrl":"https:\/\/informelitoral.com.ar\/%77%70%2d%63%6f%6e%74%65%6e%74\/uploads\/2022\/05\/p_1651783186.jpg","keywords":["Expo de la leche","Lecher\u00eda","Nogoy\u00e1","Producci\u00f3n"],"articleSection":["Campo"],"inLanguage":"es","potentialAction":[{"@type":"CommentAction","name":"Comment","target":["https:\/\/informelitoral.com.ar\/presentaron-la-expo-de-la-leche-en-la-secretaria-de-turismo\/#respond"]}]},{"@type":"WebPage","@id":"https:\/\/informelitoral.com.ar\/presentaron-la-expo-de-la-leche-en-la-secretaria-de-turismo\/","url":"https:\/\/informelitoral.com.ar\/presentaron-la-expo-de-la-leche-en-la-secretaria-de-turismo\/","name":"Presentaron la Expo de la Leche de Nogoy\u00e1 en la Secretar\u00eda de Turismo - Informe Litoral","isPartOf":{"@id":"https:\/\/informelitoral.com.ar\/#website"},"primaryImageOfPage":{"@id":"https:\/\/informelitoral.com.ar\/presentaron-la-expo-de-la-leche-en-la-secretaria-de-turismo\/#primaryimage"},"image":{"@id":"https:\/\/informelitoral.com.ar\/presentaron-la-expo-de-la-leche-en-la-secretaria-de-turismo\/#primaryimage"},"thumbnailUrl":"https:\/\/informelitoral.com.ar\/%77%70%2d%63%6f%6e%74%65%6e%74\/uploads\/2022\/05\/p_1651783186.jpg","datePublished":"2022-05-06T13:50:58+00:00","dateModified":"2022-05-06T18:07:46+00:00","breadcrumb":{"@id":"https:\/\/informelitoral.com.ar\/presentaron-la-expo-de-la-leche-en-la-secretaria-de-turismo\/#breadcrumb"},"inLanguage":"es","potentialAction":[{"@type":"ReadAction","target":["https:\/\/informelitoral.com.ar\/presentaron-la-expo-de-la-leche-en-la-secretaria-de-turismo\/"]}]},{"@type":"ImageObject","inLanguage":"es","@id":"https:\/\/informelitoral.com.ar\/presentaron-la-expo-de-la-leche-en-la-secretaria-de-turismo\/#primaryimage","url":"https:\/\/informelitoral.com.ar\/%77%70%2d%63%6f%6e%74%65%6e%74\/uploads\/2022\/05\/p_1651783186.jpg","contentUrl":"https:\/\/informelitoral.com.ar\/%77%70%2d%63%6f%6e%74%65%6e%74\/uploads\/2022\/05\/p_1651783186.jpg","width":1920,"height":800},{"@type":"BreadcrumbList","@id":"https:\/\/informelitoral.com.ar\/presentaron-la-expo-de-la-leche-en-la-secretaria-de-turismo\/#breadcrumb","itemListElement":[{"@type":"ListItem","position":1,"name":"Portada","item":"https:\/\/informelitoral.com.ar\/"},{"@type":"ListItem","position":2,"name":"Presentaron la Expo de la Leche de Nogoy\u00e1 en la Secretar\u00eda de Turismo"}]},{"@type":"WebSite","@id":"https:\/\/informelitoral.com.ar\/#website","url":"https:\/\/informelitoral.com.ar\/","name":"Informe Litoral","description":"&quot;Nos informamos&quot; ","publisher":{"@id":"https:\/\/informelitoral.com.ar\/#organization"},"potentialAction":[{"@type":"SearchAction","target":{"@type":"EntryPoint","urlTemplate":"https:\/\/informelitoral.com.ar\/?s={search_term_string}"},"query-input":{"@type":"PropertyValueSpecification","valueRequired":true,"valueName":"search_term_string"}}],"inLanguage":"es"},{"@type":"Organization","@id":"https:\/\/informelitoral.com.ar\/#organization","name":"Informe Litoral","url":"https:\/\/informelitoral.com.ar\/","logo":{"@type":"ImageObject","inLanguage":"es","@id":"https:\/\/informelitoral.com.ar\/#\/schema\/logo\/image\/","url":"https:\/\/informelitoral.com.ar\/%77%70%2d%63%6f%6e%74%65%6e%74\/uploads\/2021\/01\/circulo.png","contentUrl":"https:\/\/informelitoral.com.ar\/%77%70%2d%63%6f%6e%74%65%6e%74\/uploads\/2021\/01\/circulo.png","width":723,"height":731,"caption":"Informe Litoral"},"image":{"@id":"https:\/\/informelitoral.com.ar\/#\/schema\/logo\/image\/"},"sameAs":["https:\/\/www.facebook.com\/informelitoral\/","https:\/\/x.com\/InformeLitoral","https:\/\/www.instagram.com\/informelitoral\/","https:\/\/www.youtube.com\/channel\/UCua4Qvz8Icb6MYqhoq9xLXw"]},{"@type":"Person","@id":"https:\/\/informelitoral.com.ar\/#\/schema\/person\/f05f9f461677119578717524b127d6d5","name":"Sebastian","image":{"@type":"ImageObject","inLanguage":"es","@id":"https:\/\/secure.gravatar.com\/avatar\/b71bf7481d447dfb9583c7f2798e7cc64de6efb9067b74633ed8c31059a3bd82?s=96&d=mm&r=g","url":"https:\/\/secure.gravatar.com\/avatar\/b71bf7481d447dfb9583c7f2798e7cc64de6efb9067b74633ed8c31059a3bd82?s=96&d=mm&r=g","contentUrl":"https:\/\/secure.gravatar.com\/avatar\/b71bf7481d447dfb9583c7f2798e7cc64de6efb9067b74633ed8c31059a3bd82?s=96&d=mm&r=g","caption":"Sebastian"},"url":"https:\/\/informelitoral.com.ar\/author\/sebastian\/"}]}},"_links":{"self":[{"href":"https:\/\/informelitoral.com.ar\/%77%70%2d%6a%73%6f%6e\/wp\/v2\/posts\/77238","targetHints":{"allow":["GET"]}}],"collection":[{"href":"https:\/\/informelitoral.com.ar\/%77%70%2d%6a%73%6f%6e\/wp\/v2\/posts"}],"about":[{"href":"https:\/\/informelitoral.com.ar\/%77%70%2d%6a%73%6f%6e\/wp\/v2\/types\/post"}],"author":[{"embeddable":true,"href":"https:\/\/informelitoral.com.ar\/%77%70%2d%6a%73%6f%6e\/wp\/v2\/users\/8"}],"replies":[{"embeddable":true,"href":"https:\/\/informelitoral.com.ar\/%77%70%2d%6a%73%6f%6e\/wp\/v2\/comments?post=77238"}],"version-history":[{"count":0,"href":"https:\/\/informelitoral.com.ar\/%77%70%2d%6a%73%6f%6e\/wp\/v2\/posts\/77238\/revisions"}],"wp:featuredmedia":[{"embeddable":true,"href":"https:\/\/informelitoral.com.ar\/%77%70%2d%6a%73%6f%6e\/wp\/v2\/media\/77239"}],"wp:attachment":[{"href":"https:\/\/informelitoral.com.ar\/%77%70%2d%6a%73%6f%6e\/wp\/v2\/media?parent=77238"}],"wp:term":[{"taxonomy":"category","embeddable":true,"href":"https:\/\/informelitoral.com.ar\/%77%70%2d%6a%73%6f%6e\/wp\/v2\/categories?post=77238"},{"taxonomy":"post_tag","embeddable":true,"href":"https:\/\/informelitoral.com.ar\/%77%70%2d%6a%73%6f%6e\/wp\/v2\/tags?post=77238"}],"curies":[{"name":"wp","href":"https:\/\/api.w.org\/{rel}","templated":true}]}}