{"id":77218,"date":"2022-05-06T09:05:02","date_gmt":"2022-05-06T12:05:02","guid":{"rendered":"https:\/\/www.informelitoral.com.ar\/?p=77218"},"modified":"2022-05-06T09:05:02","modified_gmt":"2022-05-06T12:05:02","slug":"cierra-la-inscripcion-para-el-bono-de-18-000-cuando-y-quienes-lo-recibiran","status":"publish","type":"post","link":"https:\/\/informelitoral.com.ar\/cierra-la-inscripcion-para-el-bono-de-18-000-cuando-y-quienes-lo-recibiran\/","title":{"rendered":"Cierra la inscripci\u00f3n para el bono de $18.000: cu\u00e1ndo y qui\u00e9nes lo recibir\u00e1n"},"content":{"rendered":"<p class=\"paragraph\">La ANSES empez\u00f3 este jueves a responder las solicitudes de inscripci\u00f3n para el\u00a0bono de $18.000 para trabajadores\u00a0<b>informales y monotributistas<\/b><b>\u00a0<\/b>de las categor\u00edas m\u00e1s bajas.<\/p>\n<h4 class=\"font--primary\"><strong>Cu\u00e1ndo termina la inscripci\u00f3n para el bono de ANSES<\/strong><\/h4>\n<p class=\"paragraph\">Los potenciales beneficiarios tienen tiempo para solicitarlo hasta este<b>\u00a0s\u00e1bado 7 de mayo.\u00a0<\/b>Los jubilados y pensionados que cobran la m\u00ednima -y recibir\u00e1n un dep\u00f3sito de $12.000- no deber\u00e1n realizar la inscripci\u00f3n.<\/p>\n<h4 class=\"font--primary\">Bono de $18.000: c\u00f3mo saber si ANSES acept\u00f3 la solicitud<\/h4>\n<ul class=\"ul__list list\">\n<li class=\"list__item\">Ingresar a la p\u00e1gina oficial de ANSES y\u00a0<b>clickear en la pesta\u00f1a \u201cMiANSES\u201d.<\/b><\/li>\n<li class=\"list__item\">Ingresar con CUIT y clave de seguridad social.<\/li>\n<li class=\"list__item\">En \u201cMiANSES\u201d aparecer\u00e1 la respuesta del organismo a la solicitud presentada por el potencial beneficiario.<\/li>\n<\/ul>\n<h4 class=\"font--primary\"><strong>Qu\u00e9 informaci\u00f3n validar\u00e1 la ANSES para otorgar el bono de $18.000<\/strong><\/h4>\n<p class=\"paragraph\">En el tr\u00e1mite de inscripci\u00f3n, adem\u00e1s de presentar el CBU, quien solicite el bono debe firmar una\u00a0declaraci\u00f3n jurada sobre su patrimonio, condiciones de actividad laboral e ingresos mensuales. ANSES verificar\u00e1 y cruzar\u00e1 datos sobre:<\/p>\n<div id=\"hybs-mslot-3040-1\" class=\"hybs-mslot\"><\/div>\n<ul class=\"ul__list list\">\n<li class=\"list__item\">Condici\u00f3n patrimonial (si tiene vivienda, auto, etc).<\/li>\n<li class=\"list__item\">Ingresos mensuales no superiores a dos salarios m\u00ednimos, es decir $77.880.<\/li>\n<li class=\"list__item\">Consumos y\u00a0<b>gastos con tarjeta de cr\u00e9dito y d\u00e9bito en los pasados 6 meses.\u00a0<\/b>No debe exceder los $77.880 mensual.<\/li>\n<\/ul>\n<h4 class=\"font--primary\"><strong>En qu\u00e9 casos la ANSES determinar\u00e1 que no corresponde cobrar el bono de $18.000<\/strong><\/h4>\n<p class=\"paragraph\">La ANSES puede determinar que<b>\u00a0no le corresponde el bono<\/b>\u00a0de $18.000 a personas con alguno de los siguientes\u00a0<b>motivos:<\/b><\/p>\n<ul class=\"ul__list list\">\n<li class=\"list__item\">Ser trabajadora o trabajador en relaci\u00f3n de dependencia.<\/li>\n<li class=\"list__item\">Ser monotributista categor\u00eda \u201cC\u201d o mayor.<\/li>\n<li class=\"list__item\">Ser aut\u00f3noma o aut\u00f3nomo.<\/li>\n<li class=\"list__item\">Ser jubilada, jubilado, pensionada o pensionado.<\/li>\n<li class=\"list__item\">Tener menos de 18 o m\u00e1s de 65 a\u00f1os.<\/li>\n<li class=\"list__item\">Tener una prepaga.<\/li>\n<li class=\"list__item\">Que sus ingresos mensuales sean superiores a $77.880 (2 salarios m\u00ednimos, vitales y m\u00f3viles).<\/li>\n<li class=\"list__item\">Que sus consumos mensuales con tarjeta de cr\u00e9dito o d\u00e9bito son superiores a $77.880 (dos SMVM).<\/li>\n<\/ul>\n<ul class=\"ul__list list\">\n<li class=\"list__item\">Ser propietaria o propietario de un autom\u00f3vil con valuaci\u00f3n fiscal superior a $1.401.840, de m\u00e1s de un autom\u00f3vil o de un veh\u00edculo con menos de un a\u00f1o de antig\u00fcedad.<\/li>\n<li class=\"list__item\">Ser propietaria o propietario de m\u00e1s de una vivienda.<\/li>\n<li class=\"list__item\">Ser propietaria o propietario de una aeronave o de una embarcaci\u00f3n de m\u00e1s de 9 metros de eslora.<\/li>\n<li class=\"list__item\">Que en 2021 haya declarado Bienes Personales superiores a $3.738.240.<\/li>\n<li class=\"list__item\">O bien tener entre 18 y 24 a\u00f1os y los ingresos mensuales de sus padres superan el equivalente a<b>\u00a0tres salarios m\u00ednimos, vitales y m\u00f3viles<\/b>\u00a0($116.820).<\/li>\n<\/ul>\n<h2 class=\"font--primary\">Qui\u00e9nes cobrar\u00e1n el bono de $18.000 de ANSES<\/h2>\n<ul class=\"ul__list list\">\n<li class=\"list__item\">Trabajadores y trabajadoras que perciban ingresos por el desarrollo de actividades laborales<b>\u00a0informales y no registradas\u00a0<\/b>y sus<b>\u00a0ingresos\u00a0<\/b>no superen el valor equivalente a\u00a0<b>2 salarios m\u00ednimos\u00a0<\/b>Vitales y M\u00f3viles.<\/li>\n<li class=\"list__item\">Personas que se encuentren en<b>\u00a0situaci\u00f3n de desempleo.<\/b><\/li>\n<li class=\"list__item\">Trabajadores y trabajadoras<b>\u00a0con contratos de relaci\u00f3n de dependencia registrados durante el per\u00edodo de reserva de puesto<\/b>, a excepci\u00f3n de los trabajadores y las trabajadoras del sector p\u00fablico nacional, provincial, municipal y de la Ciudad Aut\u00f3noma de Buenos Aires.<\/li>\n<li class=\"list__item\"><b>Monotributistas<\/b>\u00a0inscriptos e inscriptas en las categor\u00edas<b>\u00a0\u201cA\u201d y \u201cB\u201d.<\/b><\/li>\n<li class=\"list__item\">Monotributistas<b>\u00a0sociales.<\/b><\/li>\n<li class=\"list__item\">Trabajadores y trabajadoras de\u00a0<b>Casas Particulares.<\/b><\/li>\n<\/ul>\n<p class=\"paragraph\">Adem\u00e1s, el beneficio es<b>\u00a0compatible con<\/b>\u00a0las personas que reciben:<\/p>\n<ul class=\"ul__list list\">\n<li class=\"list__item\">Asignaci\u00f3n Universal por Hijo (<b>AUH<\/b>).<\/li>\n<li class=\"list__item\">Asignaci\u00f3n por Embarazo (<b>AUE<\/b>).<\/li>\n<li class=\"list__item\"><b>Potenciar Trabajo.<\/b><\/li>\n<li class=\"list__item\">Prestaci\u00f3n por Desempleo, los que est\u00e9n inscriptos en el Registro Nacional de trabajadores de la\u00a0<b>Econom\u00eda Popular\u00a0<\/b>y quienes reciban<b>\u00a0planes alimentarios provinciales y municipales.<\/b><\/li>\n<\/ul>\n","protected":false},"excerpt":{"rendered":"<p>En la p\u00e1gina web de la ANSES ya se puede consultar si la solicitud de inscripci\u00f3n fue aceptada.<\/p>\n","protected":false},"author":8,"featured_media":17357,"comment_status":"open","ping_status":"open","sticky":false,"template":"","format":"standard","meta":{"fifu_image_url":"","fifu_image_alt":"","footnotes":""},"categories":[1594],"tags":[269,2042],"class_list":{"0":"post-77218","1":"post","2":"type-post","3":"status-publish","4":"format-standard","5":"has-post-thumbnail","7":"category-economia","8":"tag-anses","9":"tag-bono"},"yoast_head":"<title>Cierra la inscripci\u00f3n para el bono de $18.000: cu\u00e1ndo y qui\u00e9nes lo recibir\u00e1n - Informe Litoral<\/title>\n<meta name=\"robots\" content=\"index, follow, max-snippet:-1, max-image-preview:large, max-video-preview:-1\" \/>\n<link rel=\"canonical\" href=\"https:\/\/informelitoral.com.ar\/cierra-la-inscripcion-para-el-bono-de-18-000-cuando-y-quienes-lo-recibiran\/\" \/>\n<meta property=\"og:locale\" content=\"es_ES\" \/>\n<meta property=\"og:type\" content=\"article\" \/>\n<meta property=\"og:title\" content=\"Cierra la inscripci\u00f3n para el bono de $18.000: cu\u00e1ndo y qui\u00e9nes lo recibir\u00e1n - Informe Litoral\" \/>\n<meta property=\"og:description\" content=\"En la p\u00e1gina web de la ANSES ya se puede consultar si la solicitud de inscripci\u00f3n fue aceptada.\" \/>\n<meta property=\"og:url\" content=\"https:\/\/informelitoral.com.ar\/cierra-la-inscripcion-para-el-bono-de-18-000-cuando-y-quienes-lo-recibiran\/\" \/>\n<meta property=\"og:site_name\" content=\"Informe Litoral\" \/>\n<meta property=\"article:publisher\" content=\"https:\/\/www.facebook.com\/informelitoral\/\" \/>\n<meta property=\"article:published_time\" content=\"2022-05-06T12:05:02+00:00\" \/>\n<meta property=\"og:image\" content=\"https:\/\/informelitoral.com.ar\/%77%70%2d%63%6f%6e%74%65%6e%74\/uploads\/2016\/07\/cartel-anses-655x437.jpg\" \/>\n\t<meta property=\"og:image:width\" content=\"655\" \/>\n\t<meta property=\"og:image:height\" content=\"437\" \/>\n\t<meta property=\"og:image:type\" content=\"image\/jpeg\" \/>\n<meta name=\"author\" content=\"Sebastian\" \/>\n<meta name=\"twitter:card\" content=\"summary_large_image\" \/>\n<meta name=\"twitter:creator\" content=\"@InformeLitoral\" \/>\n<meta name=\"twitter:site\" content=\"@InformeLitoral\" \/>\n<meta name=\"twitter:label1\" content=\"Escrito por\" \/>\n\t<meta name=\"twitter:data1\" content=\"Sebastian\" \/>\n\t<meta name=\"twitter:label2\" content=\"Tiempo de lectura\" \/>\n\t<meta name=\"twitter:data2\" content=\"3 minutos\" \/>\n<script type=\"application\/ld+json\" class=\"yoast-schema-graph\">{\"@context\":\"https:\\\/\\\/schema.org\",\"@graph\":[{\"@type\":\"Article\",\"@id\":\"https:\\\/\\\/informelitoral.com.ar\\\/cierra-la-inscripcion-para-el-bono-de-18-000-cuando-y-quienes-lo-recibiran\\\/#article\",\"isPartOf\":{\"@id\":\"https:\\\/\\\/informelitoral.com.ar\\\/cierra-la-inscripcion-para-el-bono-de-18-000-cuando-y-quienes-lo-recibiran\\\/\"},\"author\":{\"name\":\"Sebastian\",\"@id\":\"https:\\\/\\\/informelitoral.com.ar\\\/#\\\/schema\\\/person\\\/f05f9f461677119578717524b127d6d5\"},\"headline\":\"Cierra la inscripci\u00f3n para el bono de $18.000: cu\u00e1ndo y qui\u00e9nes lo recibir\u00e1n\",\"datePublished\":\"2022-05-06T12:05:02+00:00\",\"mainEntityOfPage\":{\"@id\":\"https:\\\/\\\/informelitoral.com.ar\\\/cierra-la-inscripcion-para-el-bono-de-18-000-cuando-y-quienes-lo-recibiran\\\/\"},\"wordCount\":595,\"commentCount\":0,\"publisher\":{\"@id\":\"https:\\\/\\\/informelitoral.com.ar\\\/#organization\"},\"image\":{\"@id\":\"https:\\\/\\\/informelitoral.com.ar\\\/cierra-la-inscripcion-para-el-bono-de-18-000-cuando-y-quienes-lo-recibiran\\\/#primaryimage\"},\"thumbnailUrl\":\"https:\\\/\\\/informelitoral.com.ar\\\/%77%70%2d%63%6f%6e%74%65%6e%74\\\/uploads\\\/2016\\\/07\\\/cartel-anses-655x437.jpg\",\"keywords\":[\"Anses\",\"Bono\"],\"articleSection\":[\"Econom\u00eda\"],\"inLanguage\":\"es\",\"potentialAction\":[{\"@type\":\"CommentAction\",\"name\":\"Comment\",\"target\":[\"https:\\\/\\\/informelitoral.com.ar\\\/cierra-la-inscripcion-para-el-bono-de-18-000-cuando-y-quienes-lo-recibiran\\\/#respond\"]}]},{\"@type\":\"WebPage\",\"@id\":\"https:\\\/\\\/informelitoral.com.ar\\\/cierra-la-inscripcion-para-el-bono-de-18-000-cuando-y-quienes-lo-recibiran\\\/\",\"url\":\"https:\\\/\\\/informelitoral.com.ar\\\/cierra-la-inscripcion-para-el-bono-de-18-000-cuando-y-quienes-lo-recibiran\\\/\",\"name\":\"Cierra la inscripci\u00f3n para el bono de $18.000: cu\u00e1ndo y qui\u00e9nes lo recibir\u00e1n - Informe Litoral\",\"isPartOf\":{\"@id\":\"https:\\\/\\\/informelitoral.com.ar\\\/#website\"},\"primaryImageOfPage\":{\"@id\":\"https:\\\/\\\/informelitoral.com.ar\\\/cierra-la-inscripcion-para-el-bono-de-18-000-cuando-y-quienes-lo-recibiran\\\/#primaryimage\"},\"image\":{\"@id\":\"https:\\\/\\\/informelitoral.com.ar\\\/cierra-la-inscripcion-para-el-bono-de-18-000-cuando-y-quienes-lo-recibiran\\\/#primaryimage\"},\"thumbnailUrl\":\"https:\\\/\\\/informelitoral.com.ar\\\/%77%70%2d%63%6f%6e%74%65%6e%74\\\/uploads\\\/2016\\\/07\\\/cartel-anses-655x437.jpg\",\"datePublished\":\"2022-05-06T12:05:02+00:00\",\"breadcrumb\":{\"@id\":\"https:\\\/\\\/informelitoral.com.ar\\\/cierra-la-inscripcion-para-el-bono-de-18-000-cuando-y-quienes-lo-recibiran\\\/#breadcrumb\"},\"inLanguage\":\"es\",\"potentialAction\":[{\"@type\":\"ReadAction\",\"target\":[\"https:\\\/\\\/informelitoral.com.ar\\\/cierra-la-inscripcion-para-el-bono-de-18-000-cuando-y-quienes-lo-recibiran\\\/\"]}]},{\"@type\":\"ImageObject\",\"inLanguage\":\"es\",\"@id\":\"https:\\\/\\\/informelitoral.com.ar\\\/cierra-la-inscripcion-para-el-bono-de-18-000-cuando-y-quienes-lo-recibiran\\\/#primaryimage\",\"url\":\"https:\\\/\\\/informelitoral.com.ar\\\/%77%70%2d%63%6f%6e%74%65%6e%74\\\/uploads\\\/2016\\\/07\\\/cartel-anses-655x437.jpg\",\"contentUrl\":\"https:\\\/\\\/informelitoral.com.ar\\\/%77%70%2d%63%6f%6e%74%65%6e%74\\\/uploads\\\/2016\\\/07\\\/cartel-anses-655x437.jpg\",\"width\":655,\"height\":437},{\"@type\":\"BreadcrumbList\",\"@id\":\"https:\\\/\\\/informelitoral.com.ar\\\/cierra-la-inscripcion-para-el-bono-de-18-000-cuando-y-quienes-lo-recibiran\\\/#breadcrumb\",\"itemListElement\":[{\"@type\":\"ListItem\",\"position\":1,\"name\":\"Portada\",\"item\":\"https:\\\/\\\/informelitoral.com.ar\\\/\"},{\"@type\":\"ListItem\",\"position\":2,\"name\":\"Cierra la inscripci\u00f3n para el bono de $18.000: cu\u00e1ndo y qui\u00e9nes lo recibir\u00e1n\"}]},{\"@type\":\"WebSite\",\"@id\":\"https:\\\/\\\/informelitoral.com.ar\\\/#website\",\"url\":\"https:\\\/\\\/informelitoral.com.ar\\\/\",\"name\":\"Informe Litoral\",\"description\":\"&quot;Nos informamos&quot; \",\"publisher\":{\"@id\":\"https:\\\/\\\/informelitoral.com.ar\\\/#organization\"},\"potentialAction\":[{\"@type\":\"SearchAction\",\"target\":{\"@type\":\"EntryPoint\",\"urlTemplate\":\"https:\\\/\\\/informelitoral.com.ar\\\/?s={search_term_string}\"},\"query-input\":{\"@type\":\"PropertyValueSpecification\",\"valueRequired\":true,\"valueName\":\"search_term_string\"}}],\"inLanguage\":\"es\"},{\"@type\":\"Organization\",\"@id\":\"https:\\\/\\\/informelitoral.com.ar\\\/#organization\",\"name\":\"Informe Litoral\",\"url\":\"https:\\\/\\\/informelitoral.com.ar\\\/\",\"logo\":{\"@type\":\"ImageObject\",\"inLanguage\":\"es\",\"@id\":\"https:\\\/\\\/informelitoral.com.ar\\\/#\\\/schema\\\/logo\\\/image\\\/\",\"url\":\"https:\\\/\\\/informelitoral.com.ar\\\/%77%70%2d%63%6f%6e%74%65%6e%74\\\/uploads\\\/2021\\\/01\\\/circulo.png\",\"contentUrl\":\"https:\\\/\\\/informelitoral.com.ar\\\/%77%70%2d%63%6f%6e%74%65%6e%74\\\/uploads\\\/2021\\\/01\\\/circulo.png\",\"width\":723,\"height\":731,\"caption\":\"Informe Litoral\"},\"image\":{\"@id\":\"https:\\\/\\\/informelitoral.com.ar\\\/#\\\/schema\\\/logo\\\/image\\\/\"},\"sameAs\":[\"https:\\\/\\\/www.facebook.com\\\/informelitoral\\\/\",\"https:\\\/\\\/x.com\\\/InformeLitoral\",\"https:\\\/\\\/www.instagram.com\\\/informelitoral\\\/\",\"https:\\\/\\\/www.youtube.com\\\/channel\\\/UCua4Qvz8Icb6MYqhoq9xLXw\"]},{\"@type\":\"Person\",\"@id\":\"https:\\\/\\\/informelitoral.com.ar\\\/#\\\/schema\\\/person\\\/f05f9f461677119578717524b127d6d5\",\"name\":\"Sebastian\",\"image\":{\"@type\":\"ImageObject\",\"inLanguage\":\"es\",\"@id\":\"https:\\\/\\\/secure.gravatar.com\\\/avatar\\\/b71bf7481d447dfb9583c7f2798e7cc64de6efb9067b74633ed8c31059a3bd82?s=96&d=mm&r=g\",\"url\":\"https:\\\/\\\/secure.gravatar.com\\\/avatar\\\/b71bf7481d447dfb9583c7f2798e7cc64de6efb9067b74633ed8c31059a3bd82?s=96&d=mm&r=g\",\"contentUrl\":\"https:\\\/\\\/secure.gravatar.com\\\/avatar\\\/b71bf7481d447dfb9583c7f2798e7cc64de6efb9067b74633ed8c31059a3bd82?s=96&d=mm&r=g\",\"caption\":\"Sebastian\"},\"url\":\"https:\\\/\\\/informelitoral.com.ar\\\/author\\\/sebastian\\\/\"}]}<\/script>","yoast_head_json":{"title":"Cierra la inscripci\u00f3n para el bono de $18.000: cu\u00e1ndo y qui\u00e9nes lo recibir\u00e1n - Informe Litoral","robots":{"index":"index","follow":"follow","max-snippet":"max-snippet:-1","max-image-preview":"max-image-preview:large","max-video-preview":"max-video-preview:-1"},"canonical":"https:\/\/informelitoral.com.ar\/cierra-la-inscripcion-para-el-bono-de-18-000-cuando-y-quienes-lo-recibiran\/","og_locale":"es_ES","og_type":"article","og_title":"Cierra la inscripci\u00f3n para el bono de $18.000: cu\u00e1ndo y qui\u00e9nes lo recibir\u00e1n - Informe Litoral","og_description":"En la p\u00e1gina web de la ANSES ya se puede consultar si la solicitud de inscripci\u00f3n fue aceptada.","og_url":"https:\/\/informelitoral.com.ar\/cierra-la-inscripcion-para-el-bono-de-18-000-cuando-y-quienes-lo-recibiran\/","og_site_name":"Informe Litoral","article_publisher":"https:\/\/www.facebook.com\/informelitoral\/","article_published_time":"2022-05-06T12:05:02+00:00","og_image":[{"width":655,"height":437,"url":"https:\/\/informelitoral.com.ar\/%77%70%2d%63%6f%6e%74%65%6e%74\/uploads\/2016\/07\/cartel-anses-655x437.jpg","type":"image\/jpeg"}],"author":"Sebastian","twitter_card":"summary_large_image","twitter_creator":"@InformeLitoral","twitter_site":"@InformeLitoral","twitter_misc":{"Escrito por":"Sebastian","Tiempo de lectura":"3 minutos"},"schema":{"@context":"https:\/\/schema.org","@graph":[{"@type":"Article","@id":"https:\/\/informelitoral.com.ar\/cierra-la-inscripcion-para-el-bono-de-18-000-cuando-y-quienes-lo-recibiran\/#article","isPartOf":{"@id":"https:\/\/informelitoral.com.ar\/cierra-la-inscripcion-para-el-bono-de-18-000-cuando-y-quienes-lo-recibiran\/"},"author":{"name":"Sebastian","@id":"https:\/\/informelitoral.com.ar\/#\/schema\/person\/f05f9f461677119578717524b127d6d5"},"headline":"Cierra la inscripci\u00f3n para el bono de $18.000: cu\u00e1ndo y qui\u00e9nes lo recibir\u00e1n","datePublished":"2022-05-06T12:05:02+00:00","mainEntityOfPage":{"@id":"https:\/\/informelitoral.com.ar\/cierra-la-inscripcion-para-el-bono-de-18-000-cuando-y-quienes-lo-recibiran\/"},"wordCount":595,"commentCount":0,"publisher":{"@id":"https:\/\/informelitoral.com.ar\/#organization"},"image":{"@id":"https:\/\/informelitoral.com.ar\/cierra-la-inscripcion-para-el-bono-de-18-000-cuando-y-quienes-lo-recibiran\/#primaryimage"},"thumbnailUrl":"https:\/\/informelitoral.com.ar\/%77%70%2d%63%6f%6e%74%65%6e%74\/uploads\/2016\/07\/cartel-anses-655x437.jpg","keywords":["Anses","Bono"],"articleSection":["Econom\u00eda"],"inLanguage":"es","potentialAction":[{"@type":"CommentAction","name":"Comment","target":["https:\/\/informelitoral.com.ar\/cierra-la-inscripcion-para-el-bono-de-18-000-cuando-y-quienes-lo-recibiran\/#respond"]}]},{"@type":"WebPage","@id":"https:\/\/informelitoral.com.ar\/cierra-la-inscripcion-para-el-bono-de-18-000-cuando-y-quienes-lo-recibiran\/","url":"https:\/\/informelitoral.com.ar\/cierra-la-inscripcion-para-el-bono-de-18-000-cuando-y-quienes-lo-recibiran\/","name":"Cierra la inscripci\u00f3n para el bono de $18.000: cu\u00e1ndo y qui\u00e9nes lo recibir\u00e1n - Informe Litoral","isPartOf":{"@id":"https:\/\/informelitoral.com.ar\/#website"},"primaryImageOfPage":{"@id":"https:\/\/informelitoral.com.ar\/cierra-la-inscripcion-para-el-bono-de-18-000-cuando-y-quienes-lo-recibiran\/#primaryimage"},"image":{"@id":"https:\/\/informelitoral.com.ar\/cierra-la-inscripcion-para-el-bono-de-18-000-cuando-y-quienes-lo-recibiran\/#primaryimage"},"thumbnailUrl":"https:\/\/informelitoral.com.ar\/%77%70%2d%63%6f%6e%74%65%6e%74\/uploads\/2016\/07\/cartel-anses-655x437.jpg","datePublished":"2022-05-06T12:05:02+00:00","breadcrumb":{"@id":"https:\/\/informelitoral.com.ar\/cierra-la-inscripcion-para-el-bono-de-18-000-cuando-y-quienes-lo-recibiran\/#breadcrumb"},"inLanguage":"es","potentialAction":[{"@type":"ReadAction","target":["https:\/\/informelitoral.com.ar\/cierra-la-inscripcion-para-el-bono-de-18-000-cuando-y-quienes-lo-recibiran\/"]}]},{"@type":"ImageObject","inLanguage":"es","@id":"https:\/\/informelitoral.com.ar\/cierra-la-inscripcion-para-el-bono-de-18-000-cuando-y-quienes-lo-recibiran\/#primaryimage","url":"https:\/\/informelitoral.com.ar\/%77%70%2d%63%6f%6e%74%65%6e%74\/uploads\/2016\/07\/cartel-anses-655x437.jpg","contentUrl":"https:\/\/informelitoral.com.ar\/%77%70%2d%63%6f%6e%74%65%6e%74\/uploads\/2016\/07\/cartel-anses-655x437.jpg","width":655,"height":437},{"@type":"BreadcrumbList","@id":"https:\/\/informelitoral.com.ar\/cierra-la-inscripcion-para-el-bono-de-18-000-cuando-y-quienes-lo-recibiran\/#breadcrumb","itemListElement":[{"@type":"ListItem","position":1,"name":"Portada","item":"https:\/\/informelitoral.com.ar\/"},{"@type":"ListItem","position":2,"name":"Cierra la inscripci\u00f3n para el bono de $18.000: cu\u00e1ndo y qui\u00e9nes lo recibir\u00e1n"}]},{"@type":"WebSite","@id":"https:\/\/informelitoral.com.ar\/#website","url":"https:\/\/informelitoral.com.ar\/","name":"Informe Litoral","description":"&quot;Nos informamos&quot; ","publisher":{"@id":"https:\/\/informelitoral.com.ar\/#organization"},"potentialAction":[{"@type":"SearchAction","target":{"@type":"EntryPoint","urlTemplate":"https:\/\/informelitoral.com.ar\/?s={search_term_string}"},"query-input":{"@type":"PropertyValueSpecification","valueRequired":true,"valueName":"search_term_string"}}],"inLanguage":"es"},{"@type":"Organization","@id":"https:\/\/informelitoral.com.ar\/#organization","name":"Informe Litoral","url":"https:\/\/informelitoral.com.ar\/","logo":{"@type":"ImageObject","inLanguage":"es","@id":"https:\/\/informelitoral.com.ar\/#\/schema\/logo\/image\/","url":"https:\/\/informelitoral.com.ar\/%77%70%2d%63%6f%6e%74%65%6e%74\/uploads\/2021\/01\/circulo.png","contentUrl":"https:\/\/informelitoral.com.ar\/%77%70%2d%63%6f%6e%74%65%6e%74\/uploads\/2021\/01\/circulo.png","width":723,"height":731,"caption":"Informe Litoral"},"image":{"@id":"https:\/\/informelitoral.com.ar\/#\/schema\/logo\/image\/"},"sameAs":["https:\/\/www.facebook.com\/informelitoral\/","https:\/\/x.com\/InformeLitoral","https:\/\/www.instagram.com\/informelitoral\/","https:\/\/www.youtube.com\/channel\/UCua4Qvz8Icb6MYqhoq9xLXw"]},{"@type":"Person","@id":"https:\/\/informelitoral.com.ar\/#\/schema\/person\/f05f9f461677119578717524b127d6d5","name":"Sebastian","image":{"@type":"ImageObject","inLanguage":"es","@id":"https:\/\/secure.gravatar.com\/avatar\/b71bf7481d447dfb9583c7f2798e7cc64de6efb9067b74633ed8c31059a3bd82?s=96&d=mm&r=g","url":"https:\/\/secure.gravatar.com\/avatar\/b71bf7481d447dfb9583c7f2798e7cc64de6efb9067b74633ed8c31059a3bd82?s=96&d=mm&r=g","contentUrl":"https:\/\/secure.gravatar.com\/avatar\/b71bf7481d447dfb9583c7f2798e7cc64de6efb9067b74633ed8c31059a3bd82?s=96&d=mm&r=g","caption":"Sebastian"},"url":"https:\/\/informelitoral.com.ar\/author\/sebastian\/"}]}},"_links":{"self":[{"href":"https:\/\/informelitoral.com.ar\/%77%70%2d%6a%73%6f%6e\/wp\/v2\/posts\/77218","targetHints":{"allow":["GET"]}}],"collection":[{"href":"https:\/\/informelitoral.com.ar\/%77%70%2d%6a%73%6f%6e\/wp\/v2\/posts"}],"about":[{"href":"https:\/\/informelitoral.com.ar\/%77%70%2d%6a%73%6f%6e\/wp\/v2\/types\/post"}],"author":[{"embeddable":true,"href":"https:\/\/informelitoral.com.ar\/%77%70%2d%6a%73%6f%6e\/wp\/v2\/users\/8"}],"replies":[{"embeddable":true,"href":"https:\/\/informelitoral.com.ar\/%77%70%2d%6a%73%6f%6e\/wp\/v2\/comments?post=77218"}],"version-history":[{"count":0,"href":"https:\/\/informelitoral.com.ar\/%77%70%2d%6a%73%6f%6e\/wp\/v2\/posts\/77218\/revisions"}],"wp:featuredmedia":[{"embeddable":true,"href":"https:\/\/informelitoral.com.ar\/%77%70%2d%6a%73%6f%6e\/wp\/v2\/media\/17357"}],"wp:attachment":[{"href":"https:\/\/informelitoral.com.ar\/%77%70%2d%6a%73%6f%6e\/wp\/v2\/media?parent=77218"}],"wp:term":[{"taxonomy":"category","embeddable":true,"href":"https:\/\/informelitoral.com.ar\/%77%70%2d%6a%73%6f%6e\/wp\/v2\/categories?post=77218"},{"taxonomy":"post_tag","embeddable":true,"href":"https:\/\/informelitoral.com.ar\/%77%70%2d%6a%73%6f%6e\/wp\/v2\/tags?post=77218"}],"curies":[{"name":"wp","href":"https:\/\/api.w.org\/{rel}","templated":true}]}}