{"id":7720,"date":"2014-08-03T21:52:39","date_gmt":"2014-08-04T00:52:39","guid":{"rendered":"http:\/\/www.isletasnoticias.com.ar\/?p=7720"},"modified":"2014-08-03T22:08:02","modified_gmt":"2014-08-04T01:08:02","slug":"libertador-san-martin-tras-un-allanamiento-la-policia-recupero-elementos-robados","status":"publish","type":"post","link":"https:\/\/informelitoral.com.ar\/libertador-san-martin-tras-un-allanamiento-la-policia-recupero-elementos-robados\/","title":{"rendered":"Libertador San Mart\u00edn: tras un allanamiento, la polic\u00eda recuper\u00f3 elementos robados"},"content":{"rendered":"<p><strong>Una persona se percat\u00f3 que le hab\u00edan sustra\u00eddo su moto, \u00a0por lo cual radic\u00f3 la denuncia el s\u00e1bado \u00faltimo, en la Comisar\u00eda de Libertador San Mart\u00edn. La polic\u00eda la recuper\u00f3 este domingo, junto a otros elementos sustra\u00eddos.\u00a0<a href=\"http:\/\/www.isletasnoticias.com.ar\/%77%70%2d%63%6f%6e%74%65%6e%74\/uploads\/2014\/04\/policial.jpg\"><img loading=\"lazy\" decoding=\"async\" class=\"alignleft wp-image-6405 size-medium\" src=\"http:\/\/www.isletasnoticias.com.ar\/%77%70%2d%63%6f%6e%74%65%6e%74\/uploads\/2014\/04\/policial-300x225.jpg\" alt=\"policial\" width=\"300\" height=\"225\" srcset=\"https:\/\/informelitoral.com.ar\/%77%70%2d%63%6f%6e%74%65%6e%74\/uploads\/2014\/04\/policial-300x225.jpg 300w, https:\/\/informelitoral.com.ar\/%77%70%2d%63%6f%6e%74%65%6e%74\/uploads\/2014\/04\/policial.jpg 320w\" sizes=\"auto, (max-width: 300px) 100vw, 300px\" \/><\/a><\/strong><\/p>\n<p>Este domingo, personal de dicha comisar\u00eda y con colaboraci\u00f3n de la Divisi\u00f3n Investigaciones de la Jefatura Departamental Diamante, procedi\u00f3 al secuestro del motoveh\u00edculo denunciado por su propietario, reprodujo Neo Net Music.<\/p>\n<p>Dentro del mismo operativo de allanamiento, se encontr\u00f3 tambi\u00e9n un motor robado de un veh\u00edculo hace 15 d\u00edas, tres cuadros y una gran cantidad de autopartes.<\/p>\n<p>Todo se hall\u00f3 en un taller de calle 25 de Mayo, de esa localidad del departamento Diamante.<\/p>\n","protected":false},"excerpt":{"rendered":"<p>Una persona se percat&oacute; que le hab&iacute;an sustra&iacute;do su moto, &nbsp;por lo cual radic&oacute; la denuncia el s&aacute;bado &uacute;ltimo, en la Comisar&iacute;a de Libertador San Mart&iacute;n. La polic&iacute;a la recuper&oacute; este domingo, junto a otros elementos sustra&iacute;dos.&nbsp; Este domingo, personal de dicha comisar&iacute;a y con colaboraci&oacute;n de la Divisi&oacute;n Investigaciones de la Jefatura Departamental Diamante, [&hellip;]<\/p>\n","protected":false},"author":2,"featured_media":0,"comment_status":"open","ping_status":"open","sticky":false,"template":"","format":"standard","meta":{"fifu_image_url":"","fifu_image_alt":"","footnotes":""},"categories":[14],"tags":[],"class_list":{"0":"post-7720","1":"post","2":"type-post","3":"status-publish","4":"format-standard","6":"category-policiales"},"yoast_head":"<title>Libertador San Mart\u00edn: tras un allanamiento, la polic\u00eda recuper\u00f3 elementos robados - Informe Litoral<\/title>\n<meta name=\"robots\" content=\"index, follow, max-snippet:-1, max-image-preview:large, max-video-preview:-1\" \/>\n<link rel=\"canonical\" href=\"https:\/\/informelitoral.com.ar\/libertador-san-martin-tras-un-allanamiento-la-policia-recupero-elementos-robados\/\" \/>\n<meta property=\"og:locale\" content=\"es_ES\" \/>\n<meta property=\"og:type\" content=\"article\" \/>\n<meta property=\"og:title\" content=\"Libertador San Mart\u00edn: tras un allanamiento, la polic\u00eda recuper\u00f3 elementos robados - Informe Litoral\" \/>\n<meta property=\"og:description\" content=\"Una persona se percat&oacute; que le hab&iacute;an sustra&iacute;do su moto, &nbsp;por lo cual radic&oacute; la denuncia el s&aacute;bado &uacute;ltimo, en la Comisar&iacute;a de Libertador San Mart&iacute;n. La polic&iacute;a la recuper&oacute; este domingo, junto a otros elementos sustra&iacute;dos.&nbsp; Este domingo, personal de dicha comisar&iacute;a y con colaboraci&oacute;n de la Divisi&oacute;n Investigaciones de la Jefatura Departamental Diamante, [&hellip;]\" \/>\n<meta property=\"og:url\" content=\"https:\/\/informelitoral.com.ar\/libertador-san-martin-tras-un-allanamiento-la-policia-recupero-elementos-robados\/\" \/>\n<meta property=\"og:site_name\" content=\"Informe Litoral\" \/>\n<meta property=\"article:publisher\" content=\"https:\/\/www.facebook.com\/informelitoral\/\" \/>\n<meta property=\"article:published_time\" content=\"2014-08-04T00:52:39+00:00\" \/>\n<meta property=\"article:modified_time\" content=\"2014-08-04T01:08:02+00:00\" \/>\n<meta property=\"og:image\" content=\"https:\/\/informelitoral.com.ar\/%77%70%2d%63%6f%6e%74%65%6e%74\/uploads\/2014\/04\/policial.jpg\" \/>\n\t<meta property=\"og:image:width\" content=\"320\" \/>\n\t<meta property=\"og:image:height\" content=\"240\" \/>\n\t<meta property=\"og:image:type\" content=\"image\/jpeg\" \/>\n<meta name=\"author\" content=\"Gonzalo Schmidt\" \/>\n<meta name=\"twitter:card\" content=\"summary_large_image\" \/>\n<meta name=\"twitter:creator\" content=\"@InformeLitoral\" \/>\n<meta name=\"twitter:site\" content=\"@InformeLitoral\" \/>\n<meta name=\"twitter:label1\" content=\"Escrito por\" \/>\n\t<meta name=\"twitter:data1\" content=\"Gonzalo Schmidt\" \/>\n\t<meta name=\"twitter:label2\" content=\"Tiempo de lectura\" \/>\n\t<meta name=\"twitter:data2\" content=\"1 minuto\" \/>\n<script type=\"application\/ld+json\" class=\"yoast-schema-graph\">{\"@context\":\"https:\\\/\\\/schema.org\",\"@graph\":[{\"@type\":\"Article\",\"@id\":\"https:\\\/\\\/informelitoral.com.ar\\\/libertador-san-martin-tras-un-allanamiento-la-policia-recupero-elementos-robados\\\/#article\",\"isPartOf\":{\"@id\":\"https:\\\/\\\/informelitoral.com.ar\\\/libertador-san-martin-tras-un-allanamiento-la-policia-recupero-elementos-robados\\\/\"},\"author\":{\"name\":\"Gonzalo Schmidt\",\"@id\":\"https:\\\/\\\/informelitoral.com.ar\\\/#\\\/schema\\\/person\\\/b9d00407c836482871ef1d57bf8e3180\"},\"headline\":\"Libertador San Mart\u00edn: tras un allanamiento, la polic\u00eda recuper\u00f3 elementos robados\",\"datePublished\":\"2014-08-04T00:52:39+00:00\",\"dateModified\":\"2014-08-04T01:08:02+00:00\",\"mainEntityOfPage\":{\"@id\":\"https:\\\/\\\/informelitoral.com.ar\\\/libertador-san-martin-tras-un-allanamiento-la-policia-recupero-elementos-robados\\\/\"},\"wordCount\":136,\"commentCount\":0,\"publisher\":{\"@id\":\"https:\\\/\\\/informelitoral.com.ar\\\/#organization\"},\"image\":{\"@id\":\"https:\\\/\\\/informelitoral.com.ar\\\/libertador-san-martin-tras-un-allanamiento-la-policia-recupero-elementos-robados\\\/#primaryimage\"},\"thumbnailUrl\":\"http:\\\/\\\/www.isletasnoticias.com.ar\\\/%77%70%2d%63%6f%6e%74%65%6e%74\\\/uploads\\\/2014\\\/04\\\/policial-300x225.jpg\",\"articleSection\":[\"Policiales\"],\"inLanguage\":\"es\",\"potentialAction\":[{\"@type\":\"CommentAction\",\"name\":\"Comment\",\"target\":[\"https:\\\/\\\/informelitoral.com.ar\\\/libertador-san-martin-tras-un-allanamiento-la-policia-recupero-elementos-robados\\\/#respond\"]}]},{\"@type\":\"WebPage\",\"@id\":\"https:\\\/\\\/informelitoral.com.ar\\\/libertador-san-martin-tras-un-allanamiento-la-policia-recupero-elementos-robados\\\/\",\"url\":\"https:\\\/\\\/informelitoral.com.ar\\\/libertador-san-martin-tras-un-allanamiento-la-policia-recupero-elementos-robados\\\/\",\"name\":\"Libertador San Mart\u00edn: tras un allanamiento, la polic\u00eda recuper\u00f3 elementos robados - Informe Litoral\",\"isPartOf\":{\"@id\":\"https:\\\/\\\/informelitoral.com.ar\\\/#website\"},\"primaryImageOfPage\":{\"@id\":\"https:\\\/\\\/informelitoral.com.ar\\\/libertador-san-martin-tras-un-allanamiento-la-policia-recupero-elementos-robados\\\/#primaryimage\"},\"image\":{\"@id\":\"https:\\\/\\\/informelitoral.com.ar\\\/libertador-san-martin-tras-un-allanamiento-la-policia-recupero-elementos-robados\\\/#primaryimage\"},\"thumbnailUrl\":\"http:\\\/\\\/www.isletasnoticias.com.ar\\\/%77%70%2d%63%6f%6e%74%65%6e%74\\\/uploads\\\/2014\\\/04\\\/policial-300x225.jpg\",\"datePublished\":\"2014-08-04T00:52:39+00:00\",\"dateModified\":\"2014-08-04T01:08:02+00:00\",\"breadcrumb\":{\"@id\":\"https:\\\/\\\/informelitoral.com.ar\\\/libertador-san-martin-tras-un-allanamiento-la-policia-recupero-elementos-robados\\\/#breadcrumb\"},\"inLanguage\":\"es\",\"potentialAction\":[{\"@type\":\"ReadAction\",\"target\":[\"https:\\\/\\\/informelitoral.com.ar\\\/libertador-san-martin-tras-un-allanamiento-la-policia-recupero-elementos-robados\\\/\"]}]},{\"@type\":\"ImageObject\",\"inLanguage\":\"es\",\"@id\":\"https:\\\/\\\/informelitoral.com.ar\\\/libertador-san-martin-tras-un-allanamiento-la-policia-recupero-elementos-robados\\\/#primaryimage\",\"url\":\"http:\\\/\\\/www.isletasnoticias.com.ar\\\/%77%70%2d%63%6f%6e%74%65%6e%74\\\/uploads\\\/2014\\\/04\\\/policial-300x225.jpg\",\"contentUrl\":\"http:\\\/\\\/www.isletasnoticias.com.ar\\\/%77%70%2d%63%6f%6e%74%65%6e%74\\\/uploads\\\/2014\\\/04\\\/policial-300x225.jpg\"},{\"@type\":\"BreadcrumbList\",\"@id\":\"https:\\\/\\\/informelitoral.com.ar\\\/libertador-san-martin-tras-un-allanamiento-la-policia-recupero-elementos-robados\\\/#breadcrumb\",\"itemListElement\":[{\"@type\":\"ListItem\",\"position\":1,\"name\":\"Portada\",\"item\":\"https:\\\/\\\/informelitoral.com.ar\\\/\"},{\"@type\":\"ListItem\",\"position\":2,\"name\":\"Libertador San Mart\u00edn: tras un allanamiento, la polic\u00eda recuper\u00f3 elementos robados\"}]},{\"@type\":\"WebSite\",\"@id\":\"https:\\\/\\\/informelitoral.com.ar\\\/#website\",\"url\":\"https:\\\/\\\/informelitoral.com.ar\\\/\",\"name\":\"Informe Litoral\",\"description\":\"&quot;Nos informamos&quot; \",\"publisher\":{\"@id\":\"https:\\\/\\\/informelitoral.com.ar\\\/#organization\"},\"potentialAction\":[{\"@type\":\"SearchAction\",\"target\":{\"@type\":\"EntryPoint\",\"urlTemplate\":\"https:\\\/\\\/informelitoral.com.ar\\\/?s={search_term_string}\"},\"query-input\":{\"@type\":\"PropertyValueSpecification\",\"valueRequired\":true,\"valueName\":\"search_term_string\"}}],\"inLanguage\":\"es\"},{\"@type\":\"Organization\",\"@id\":\"https:\\\/\\\/informelitoral.com.ar\\\/#organization\",\"name\":\"Informe Litoral\",\"url\":\"https:\\\/\\\/informelitoral.com.ar\\\/\",\"logo\":{\"@type\":\"ImageObject\",\"inLanguage\":\"es\",\"@id\":\"https:\\\/\\\/informelitoral.com.ar\\\/#\\\/schema\\\/logo\\\/image\\\/\",\"url\":\"https:\\\/\\\/informelitoral.com.ar\\\/%77%70%2d%63%6f%6e%74%65%6e%74\\\/uploads\\\/2021\\\/01\\\/circulo.png\",\"contentUrl\":\"https:\\\/\\\/informelitoral.com.ar\\\/%77%70%2d%63%6f%6e%74%65%6e%74\\\/uploads\\\/2021\\\/01\\\/circulo.png\",\"width\":723,\"height\":731,\"caption\":\"Informe Litoral\"},\"image\":{\"@id\":\"https:\\\/\\\/informelitoral.com.ar\\\/#\\\/schema\\\/logo\\\/image\\\/\"},\"sameAs\":[\"https:\\\/\\\/www.facebook.com\\\/informelitoral\\\/\",\"https:\\\/\\\/x.com\\\/InformeLitoral\",\"https:\\\/\\\/www.instagram.com\\\/informelitoral\\\/\",\"https:\\\/\\\/www.youtube.com\\\/channel\\\/UCua4Qvz8Icb6MYqhoq9xLXw\"]},{\"@type\":\"Person\",\"@id\":\"https:\\\/\\\/informelitoral.com.ar\\\/#\\\/schema\\\/person\\\/b9d00407c836482871ef1d57bf8e3180\",\"name\":\"Gonzalo Schmidt\",\"image\":{\"@type\":\"ImageObject\",\"inLanguage\":\"es\",\"@id\":\"https:\\\/\\\/secure.gravatar.com\\\/avatar\\\/31a1a7b66ff2de83bd0e9fd79d026630d2d99e55e8bfe501287647b4fd9743de?s=96&d=mm&r=g\",\"url\":\"https:\\\/\\\/secure.gravatar.com\\\/avatar\\\/31a1a7b66ff2de83bd0e9fd79d026630d2d99e55e8bfe501287647b4fd9743de?s=96&d=mm&r=g\",\"contentUrl\":\"https:\\\/\\\/secure.gravatar.com\\\/avatar\\\/31a1a7b66ff2de83bd0e9fd79d026630d2d99e55e8bfe501287647b4fd9743de?s=96&d=mm&r=g\",\"caption\":\"Gonzalo Schmidt\"},\"description\":\"Sitio web de noticias de la provincia de Entre R\u00edos, Argentina. Informaci\u00f3n y entretenimiento. Informe Litoral, nos informamos.\",\"sameAs\":[\"http:\\\/\\\/www.isletasnoticias.com.ar\"],\"url\":\"https:\\\/\\\/informelitoral.com.ar\\\/author\\\/gonzalo\\\/\"}]}<\/script>","yoast_head_json":{"title":"Libertador San Mart\u00edn: tras un allanamiento, la polic\u00eda recuper\u00f3 elementos robados - Informe Litoral","robots":{"index":"index","follow":"follow","max-snippet":"max-snippet:-1","max-image-preview":"max-image-preview:large","max-video-preview":"max-video-preview:-1"},"canonical":"https:\/\/informelitoral.com.ar\/libertador-san-martin-tras-un-allanamiento-la-policia-recupero-elementos-robados\/","og_locale":"es_ES","og_type":"article","og_title":"Libertador San Mart\u00edn: tras un allanamiento, la polic\u00eda recuper\u00f3 elementos robados - Informe Litoral","og_description":"Una persona se percat&oacute; que le hab&iacute;an sustra&iacute;do su moto, &nbsp;por lo cual radic&oacute; la denuncia el s&aacute;bado &uacute;ltimo, en la Comisar&iacute;a de Libertador San Mart&iacute;n. La polic&iacute;a la recuper&oacute; este domingo, junto a otros elementos sustra&iacute;dos.&nbsp; Este domingo, personal de dicha comisar&iacute;a y con colaboraci&oacute;n de la Divisi&oacute;n Investigaciones de la Jefatura Departamental Diamante, [&hellip;]","og_url":"https:\/\/informelitoral.com.ar\/libertador-san-martin-tras-un-allanamiento-la-policia-recupero-elementos-robados\/","og_site_name":"Informe Litoral","article_publisher":"https:\/\/www.facebook.com\/informelitoral\/","article_published_time":"2014-08-04T00:52:39+00:00","article_modified_time":"2014-08-04T01:08:02+00:00","og_image":[{"width":320,"height":240,"url":"https:\/\/informelitoral.com.ar\/%77%70%2d%63%6f%6e%74%65%6e%74\/uploads\/2014\/04\/policial.jpg","type":"image\/jpeg"}],"author":"Gonzalo Schmidt","twitter_card":"summary_large_image","twitter_creator":"@InformeLitoral","twitter_site":"@InformeLitoral","twitter_misc":{"Escrito por":"Gonzalo Schmidt","Tiempo de lectura":"1 minuto"},"schema":{"@context":"https:\/\/schema.org","@graph":[{"@type":"Article","@id":"https:\/\/informelitoral.com.ar\/libertador-san-martin-tras-un-allanamiento-la-policia-recupero-elementos-robados\/#article","isPartOf":{"@id":"https:\/\/informelitoral.com.ar\/libertador-san-martin-tras-un-allanamiento-la-policia-recupero-elementos-robados\/"},"author":{"name":"Gonzalo Schmidt","@id":"https:\/\/informelitoral.com.ar\/#\/schema\/person\/b9d00407c836482871ef1d57bf8e3180"},"headline":"Libertador San Mart\u00edn: tras un allanamiento, la polic\u00eda recuper\u00f3 elementos robados","datePublished":"2014-08-04T00:52:39+00:00","dateModified":"2014-08-04T01:08:02+00:00","mainEntityOfPage":{"@id":"https:\/\/informelitoral.com.ar\/libertador-san-martin-tras-un-allanamiento-la-policia-recupero-elementos-robados\/"},"wordCount":136,"commentCount":0,"publisher":{"@id":"https:\/\/informelitoral.com.ar\/#organization"},"image":{"@id":"https:\/\/informelitoral.com.ar\/libertador-san-martin-tras-un-allanamiento-la-policia-recupero-elementos-robados\/#primaryimage"},"thumbnailUrl":"http:\/\/www.isletasnoticias.com.ar\/%77%70%2d%63%6f%6e%74%65%6e%74\/uploads\/2014\/04\/policial-300x225.jpg","articleSection":["Policiales"],"inLanguage":"es","potentialAction":[{"@type":"CommentAction","name":"Comment","target":["https:\/\/informelitoral.com.ar\/libertador-san-martin-tras-un-allanamiento-la-policia-recupero-elementos-robados\/#respond"]}]},{"@type":"WebPage","@id":"https:\/\/informelitoral.com.ar\/libertador-san-martin-tras-un-allanamiento-la-policia-recupero-elementos-robados\/","url":"https:\/\/informelitoral.com.ar\/libertador-san-martin-tras-un-allanamiento-la-policia-recupero-elementos-robados\/","name":"Libertador San Mart\u00edn: tras un allanamiento, la polic\u00eda recuper\u00f3 elementos robados - Informe Litoral","isPartOf":{"@id":"https:\/\/informelitoral.com.ar\/#website"},"primaryImageOfPage":{"@id":"https:\/\/informelitoral.com.ar\/libertador-san-martin-tras-un-allanamiento-la-policia-recupero-elementos-robados\/#primaryimage"},"image":{"@id":"https:\/\/informelitoral.com.ar\/libertador-san-martin-tras-un-allanamiento-la-policia-recupero-elementos-robados\/#primaryimage"},"thumbnailUrl":"http:\/\/www.isletasnoticias.com.ar\/%77%70%2d%63%6f%6e%74%65%6e%74\/uploads\/2014\/04\/policial-300x225.jpg","datePublished":"2014-08-04T00:52:39+00:00","dateModified":"2014-08-04T01:08:02+00:00","breadcrumb":{"@id":"https:\/\/informelitoral.com.ar\/libertador-san-martin-tras-un-allanamiento-la-policia-recupero-elementos-robados\/#breadcrumb"},"inLanguage":"es","potentialAction":[{"@type":"ReadAction","target":["https:\/\/informelitoral.com.ar\/libertador-san-martin-tras-un-allanamiento-la-policia-recupero-elementos-robados\/"]}]},{"@type":"ImageObject","inLanguage":"es","@id":"https:\/\/informelitoral.com.ar\/libertador-san-martin-tras-un-allanamiento-la-policia-recupero-elementos-robados\/#primaryimage","url":"http:\/\/www.isletasnoticias.com.ar\/%77%70%2d%63%6f%6e%74%65%6e%74\/uploads\/2014\/04\/policial-300x225.jpg","contentUrl":"http:\/\/www.isletasnoticias.com.ar\/%77%70%2d%63%6f%6e%74%65%6e%74\/uploads\/2014\/04\/policial-300x225.jpg"},{"@type":"BreadcrumbList","@id":"https:\/\/informelitoral.com.ar\/libertador-san-martin-tras-un-allanamiento-la-policia-recupero-elementos-robados\/#breadcrumb","itemListElement":[{"@type":"ListItem","position":1,"name":"Portada","item":"https:\/\/informelitoral.com.ar\/"},{"@type":"ListItem","position":2,"name":"Libertador San Mart\u00edn: tras un allanamiento, la polic\u00eda recuper\u00f3 elementos robados"}]},{"@type":"WebSite","@id":"https:\/\/informelitoral.com.ar\/#website","url":"https:\/\/informelitoral.com.ar\/","name":"Informe Litoral","description":"&quot;Nos informamos&quot; ","publisher":{"@id":"https:\/\/informelitoral.com.ar\/#organization"},"potentialAction":[{"@type":"SearchAction","target":{"@type":"EntryPoint","urlTemplate":"https:\/\/informelitoral.com.ar\/?s={search_term_string}"},"query-input":{"@type":"PropertyValueSpecification","valueRequired":true,"valueName":"search_term_string"}}],"inLanguage":"es"},{"@type":"Organization","@id":"https:\/\/informelitoral.com.ar\/#organization","name":"Informe Litoral","url":"https:\/\/informelitoral.com.ar\/","logo":{"@type":"ImageObject","inLanguage":"es","@id":"https:\/\/informelitoral.com.ar\/#\/schema\/logo\/image\/","url":"https:\/\/informelitoral.com.ar\/%77%70%2d%63%6f%6e%74%65%6e%74\/uploads\/2021\/01\/circulo.png","contentUrl":"https:\/\/informelitoral.com.ar\/%77%70%2d%63%6f%6e%74%65%6e%74\/uploads\/2021\/01\/circulo.png","width":723,"height":731,"caption":"Informe Litoral"},"image":{"@id":"https:\/\/informelitoral.com.ar\/#\/schema\/logo\/image\/"},"sameAs":["https:\/\/www.facebook.com\/informelitoral\/","https:\/\/x.com\/InformeLitoral","https:\/\/www.instagram.com\/informelitoral\/","https:\/\/www.youtube.com\/channel\/UCua4Qvz8Icb6MYqhoq9xLXw"]},{"@type":"Person","@id":"https:\/\/informelitoral.com.ar\/#\/schema\/person\/b9d00407c836482871ef1d57bf8e3180","name":"Gonzalo Schmidt","image":{"@type":"ImageObject","inLanguage":"es","@id":"https:\/\/secure.gravatar.com\/avatar\/31a1a7b66ff2de83bd0e9fd79d026630d2d99e55e8bfe501287647b4fd9743de?s=96&d=mm&r=g","url":"https:\/\/secure.gravatar.com\/avatar\/31a1a7b66ff2de83bd0e9fd79d026630d2d99e55e8bfe501287647b4fd9743de?s=96&d=mm&r=g","contentUrl":"https:\/\/secure.gravatar.com\/avatar\/31a1a7b66ff2de83bd0e9fd79d026630d2d99e55e8bfe501287647b4fd9743de?s=96&d=mm&r=g","caption":"Gonzalo Schmidt"},"description":"Sitio web de noticias de la provincia de Entre R\u00edos, Argentina. Informaci\u00f3n y entretenimiento. Informe Litoral, nos informamos.","sameAs":["http:\/\/www.isletasnoticias.com.ar"],"url":"https:\/\/informelitoral.com.ar\/author\/gonzalo\/"}]}},"_links":{"self":[{"href":"https:\/\/informelitoral.com.ar\/%77%70%2d%6a%73%6f%6e\/wp\/v2\/posts\/7720","targetHints":{"allow":["GET"]}}],"collection":[{"href":"https:\/\/informelitoral.com.ar\/%77%70%2d%6a%73%6f%6e\/wp\/v2\/posts"}],"about":[{"href":"https:\/\/informelitoral.com.ar\/%77%70%2d%6a%73%6f%6e\/wp\/v2\/types\/post"}],"author":[{"embeddable":true,"href":"https:\/\/informelitoral.com.ar\/%77%70%2d%6a%73%6f%6e\/wp\/v2\/users\/2"}],"replies":[{"embeddable":true,"href":"https:\/\/informelitoral.com.ar\/%77%70%2d%6a%73%6f%6e\/wp\/v2\/comments?post=7720"}],"version-history":[{"count":0,"href":"https:\/\/informelitoral.com.ar\/%77%70%2d%6a%73%6f%6e\/wp\/v2\/posts\/7720\/revisions"}],"wp:attachment":[{"href":"https:\/\/informelitoral.com.ar\/%77%70%2d%6a%73%6f%6e\/wp\/v2\/media?parent=7720"}],"wp:term":[{"taxonomy":"category","embeddable":true,"href":"https:\/\/informelitoral.com.ar\/%77%70%2d%6a%73%6f%6e\/wp\/v2\/categories?post=7720"},{"taxonomy":"post_tag","embeddable":true,"href":"https:\/\/informelitoral.com.ar\/%77%70%2d%6a%73%6f%6e\/wp\/v2\/tags?post=7720"}],"curies":[{"name":"wp","href":"https:\/\/api.w.org\/{rel}","templated":true}]}}