{"id":77194,"date":"2022-05-05T13:31:34","date_gmt":"2022-05-05T16:31:34","guid":{"rendered":"https:\/\/www.informelitoral.com.ar\/?p=77194"},"modified":"2022-05-05T13:31:34","modified_gmt":"2022-05-05T16:31:34","slug":"licencias-por-maternidad-y-nacimiento-stratta-prometio-tratar-el-proyecto","status":"publish","type":"post","link":"https:\/\/informelitoral.com.ar\/licencias-por-maternidad-y-nacimiento-stratta-prometio-tratar-el-proyecto\/","title":{"rendered":"Licencias por maternidad y nacimiento: Stratta prometi\u00f3 tratar el proyecto"},"content":{"rendered":"<p>El secretario general de UPCN, Jos\u00e9 Allende, acompa\u00f1ado por miembros de la Comisi\u00f3n Directiva y un grupo trabajadores, asisti\u00f3 a la sesi\u00f3n de la C\u00e1mara de Senadores \u201cpara visibilizar la relevancia que para el sindicato tiene el tratamiento del proyecto de ley de Licencias por Maternidad y Nacimiento\u201d.<\/p>\n<p>\u201cLa ampliaci\u00f3n de las licencias parentales es una pol\u00edtica que UPCN viene llevando adelante en todo el pa\u00eds\u201d, informaron desde UPCN. En el mes de marzo, la senadora Flavia Maidana ingres\u00f3 el proyecto que hab\u00eda sido presentado previamente en un acto en la sede gremial. La iniciativa fue derivada a la Comisi\u00f3n de Legislaci\u00f3n General donde hasta ahora no ha sido tratada.<\/p>\n<p>\u201cA partir de la presencia sindical en el recinto del Senado, la Vicegobernadora y presidenta del cuerpo, Mar\u00eda Laura Stratta, se comprometi\u00f3 a ocuparse del tema y convocar a todos los sectores para analizar el proyecto y que se ponga a consideraci\u00f3n de los legisladores para que Entre R\u00edos tenga una legislaci\u00f3n actualizada en la materia\u201d, informaron desde el sindicato que nuclea a los estatales entrerrianos.<\/p>\n<p>La iniciativa extiende a 120 d\u00edas la licencia por maternidad, y a 20 d\u00edas la licencia por paternidad. Adem\u00e1s, incorpora la licencia parental, por el t\u00e9rmino de 60 d\u00edas.<\/p>\n<p>Tambi\u00e9n incorpora el concepto de licencias parentales teniendo en cuenta la responsabilidad familiar compartida, contemplando las constituciones de familias no tradicionales. Adem\u00e1s, se incorporan los t\u00e9rminos gestante y no gestante, como as\u00ed tambi\u00e9n lo que refiere a adopci\u00f3n y la licencia por lactancia y cuidado despu\u00e9s del nacimiento.<\/p>\n<p>En l\u00ednea con la posici\u00f3n que sostiene UPCN en todo el pa\u00eds, las provincias fueron modificando la legislaci\u00f3n, excepto en Entre R\u00edos donde todav\u00eda se mantienen 90 d\u00edas de licencia por maternidad y solo dos d\u00edas de licencia por paternidad, constituyendo la \u00fanica jurisdicci\u00f3n que mantiene esta situaci\u00f3n.(<em>Elonce<\/em>)<\/p>\n","protected":false},"excerpt":{"rendered":"<p>La Vicegobernadora y presidenta del Senado prometi\u00f3 a UPCN convocar a todos los sectores para analizar el proyecto de ley de Licencias por Maternidad y Nacimiento que impulsa el sindicato.<\/p>\n","protected":false},"author":8,"featured_media":77195,"comment_status":"open","ping_status":"open","sticky":false,"template":"","format":"standard","meta":{"fifu_image_url":"","fifu_image_alt":"","footnotes":""},"categories":[16],"tags":[680,492,252],"class_list":{"0":"post-77194","1":"post","2":"type-post","3":"status-publish","4":"format-standard","5":"has-post-thumbnail","7":"category-politi","8":"tag-laura-stratta","9":"tag-proyecto-de-ley","10":"tag-upcn"},"yoast_head":"<title>Licencias por maternidad y nacimiento: Stratta prometi\u00f3 tratar el proyecto - Informe Litoral<\/title>\n<meta name=\"robots\" content=\"index, follow, max-snippet:-1, max-image-preview:large, max-video-preview:-1\" \/>\n<link rel=\"canonical\" href=\"https:\/\/informelitoral.com.ar\/licencias-por-maternidad-y-nacimiento-stratta-prometio-tratar-el-proyecto\/\" \/>\n<meta property=\"og:locale\" content=\"es_ES\" \/>\n<meta property=\"og:type\" content=\"article\" \/>\n<meta property=\"og:title\" content=\"Licencias por maternidad y nacimiento: Stratta prometi\u00f3 tratar el proyecto - Informe Litoral\" \/>\n<meta property=\"og:description\" content=\"La Vicegobernadora y presidenta del Senado prometi\u00f3 a UPCN convocar a todos los sectores para analizar el proyecto de ley de Licencias por Maternidad y Nacimiento que impulsa el sindicato.\" \/>\n<meta property=\"og:url\" content=\"https:\/\/informelitoral.com.ar\/licencias-por-maternidad-y-nacimiento-stratta-prometio-tratar-el-proyecto\/\" \/>\n<meta property=\"og:site_name\" content=\"Informe Litoral\" \/>\n<meta property=\"article:publisher\" content=\"https:\/\/www.facebook.com\/informelitoral\/\" \/>\n<meta property=\"article:published_time\" content=\"2022-05-05T16:31:34+00:00\" \/>\n<meta property=\"og:image\" content=\"https:\/\/informelitoral.com.ar\/%77%70%2d%63%6f%6e%74%65%6e%74\/uploads\/2022\/05\/o_1651767106.jpg\" \/>\n\t<meta property=\"og:image:width\" content=\"800\" \/>\n\t<meta property=\"og:image:height\" content=\"450\" \/>\n\t<meta property=\"og:image:type\" content=\"image\/jpeg\" \/>\n<meta name=\"author\" content=\"Sebastian\" \/>\n<meta name=\"twitter:card\" content=\"summary_large_image\" \/>\n<meta name=\"twitter:creator\" content=\"@InformeLitoral\" \/>\n<meta name=\"twitter:site\" content=\"@InformeLitoral\" \/>\n<meta name=\"twitter:label1\" content=\"Escrito por\" \/>\n\t<meta name=\"twitter:data1\" content=\"Sebastian\" \/>\n\t<meta name=\"twitter:label2\" content=\"Tiempo de lectura\" \/>\n\t<meta name=\"twitter:data2\" content=\"2 minutos\" \/>\n<script type=\"application\/ld+json\" class=\"yoast-schema-graph\">{\"@context\":\"https:\\\/\\\/schema.org\",\"@graph\":[{\"@type\":\"Article\",\"@id\":\"https:\\\/\\\/informelitoral.com.ar\\\/licencias-por-maternidad-y-nacimiento-stratta-prometio-tratar-el-proyecto\\\/#article\",\"isPartOf\":{\"@id\":\"https:\\\/\\\/informelitoral.com.ar\\\/licencias-por-maternidad-y-nacimiento-stratta-prometio-tratar-el-proyecto\\\/\"},\"author\":{\"name\":\"Sebastian\",\"@id\":\"https:\\\/\\\/informelitoral.com.ar\\\/#\\\/schema\\\/person\\\/f05f9f461677119578717524b127d6d5\"},\"headline\":\"Licencias por maternidad y nacimiento: Stratta prometi\u00f3 tratar el proyecto\",\"datePublished\":\"2022-05-05T16:31:34+00:00\",\"mainEntityOfPage\":{\"@id\":\"https:\\\/\\\/informelitoral.com.ar\\\/licencias-por-maternidad-y-nacimiento-stratta-prometio-tratar-el-proyecto\\\/\"},\"wordCount\":343,\"commentCount\":0,\"publisher\":{\"@id\":\"https:\\\/\\\/informelitoral.com.ar\\\/#organization\"},\"image\":{\"@id\":\"https:\\\/\\\/informelitoral.com.ar\\\/licencias-por-maternidad-y-nacimiento-stratta-prometio-tratar-el-proyecto\\\/#primaryimage\"},\"thumbnailUrl\":\"https:\\\/\\\/informelitoral.com.ar\\\/%77%70%2d%63%6f%6e%74%65%6e%74\\\/uploads\\\/2022\\\/05\\\/o_1651767106.jpg\",\"keywords\":[\"Laura Stratta\",\"Proyecto de Ley\",\"UPCN\"],\"articleSection\":[\"Politica\"],\"inLanguage\":\"es\",\"potentialAction\":[{\"@type\":\"CommentAction\",\"name\":\"Comment\",\"target\":[\"https:\\\/\\\/informelitoral.com.ar\\\/licencias-por-maternidad-y-nacimiento-stratta-prometio-tratar-el-proyecto\\\/#respond\"]}]},{\"@type\":\"WebPage\",\"@id\":\"https:\\\/\\\/informelitoral.com.ar\\\/licencias-por-maternidad-y-nacimiento-stratta-prometio-tratar-el-proyecto\\\/\",\"url\":\"https:\\\/\\\/informelitoral.com.ar\\\/licencias-por-maternidad-y-nacimiento-stratta-prometio-tratar-el-proyecto\\\/\",\"name\":\"Licencias por maternidad y nacimiento: Stratta prometi\u00f3 tratar el proyecto - Informe Litoral\",\"isPartOf\":{\"@id\":\"https:\\\/\\\/informelitoral.com.ar\\\/#website\"},\"primaryImageOfPage\":{\"@id\":\"https:\\\/\\\/informelitoral.com.ar\\\/licencias-por-maternidad-y-nacimiento-stratta-prometio-tratar-el-proyecto\\\/#primaryimage\"},\"image\":{\"@id\":\"https:\\\/\\\/informelitoral.com.ar\\\/licencias-por-maternidad-y-nacimiento-stratta-prometio-tratar-el-proyecto\\\/#primaryimage\"},\"thumbnailUrl\":\"https:\\\/\\\/informelitoral.com.ar\\\/%77%70%2d%63%6f%6e%74%65%6e%74\\\/uploads\\\/2022\\\/05\\\/o_1651767106.jpg\",\"datePublished\":\"2022-05-05T16:31:34+00:00\",\"breadcrumb\":{\"@id\":\"https:\\\/\\\/informelitoral.com.ar\\\/licencias-por-maternidad-y-nacimiento-stratta-prometio-tratar-el-proyecto\\\/#breadcrumb\"},\"inLanguage\":\"es\",\"potentialAction\":[{\"@type\":\"ReadAction\",\"target\":[\"https:\\\/\\\/informelitoral.com.ar\\\/licencias-por-maternidad-y-nacimiento-stratta-prometio-tratar-el-proyecto\\\/\"]}]},{\"@type\":\"ImageObject\",\"inLanguage\":\"es\",\"@id\":\"https:\\\/\\\/informelitoral.com.ar\\\/licencias-por-maternidad-y-nacimiento-stratta-prometio-tratar-el-proyecto\\\/#primaryimage\",\"url\":\"https:\\\/\\\/informelitoral.com.ar\\\/%77%70%2d%63%6f%6e%74%65%6e%74\\\/uploads\\\/2022\\\/05\\\/o_1651767106.jpg\",\"contentUrl\":\"https:\\\/\\\/informelitoral.com.ar\\\/%77%70%2d%63%6f%6e%74%65%6e%74\\\/uploads\\\/2022\\\/05\\\/o_1651767106.jpg\",\"width\":800,\"height\":450},{\"@type\":\"BreadcrumbList\",\"@id\":\"https:\\\/\\\/informelitoral.com.ar\\\/licencias-por-maternidad-y-nacimiento-stratta-prometio-tratar-el-proyecto\\\/#breadcrumb\",\"itemListElement\":[{\"@type\":\"ListItem\",\"position\":1,\"name\":\"Portada\",\"item\":\"https:\\\/\\\/informelitoral.com.ar\\\/\"},{\"@type\":\"ListItem\",\"position\":2,\"name\":\"Licencias por maternidad y nacimiento: Stratta prometi\u00f3 tratar el proyecto\"}]},{\"@type\":\"WebSite\",\"@id\":\"https:\\\/\\\/informelitoral.com.ar\\\/#website\",\"url\":\"https:\\\/\\\/informelitoral.com.ar\\\/\",\"name\":\"Informe Litoral\",\"description\":\"&quot;Nos informamos&quot; \",\"publisher\":{\"@id\":\"https:\\\/\\\/informelitoral.com.ar\\\/#organization\"},\"potentialAction\":[{\"@type\":\"SearchAction\",\"target\":{\"@type\":\"EntryPoint\",\"urlTemplate\":\"https:\\\/\\\/informelitoral.com.ar\\\/?s={search_term_string}\"},\"query-input\":{\"@type\":\"PropertyValueSpecification\",\"valueRequired\":true,\"valueName\":\"search_term_string\"}}],\"inLanguage\":\"es\"},{\"@type\":\"Organization\",\"@id\":\"https:\\\/\\\/informelitoral.com.ar\\\/#organization\",\"name\":\"Informe Litoral\",\"url\":\"https:\\\/\\\/informelitoral.com.ar\\\/\",\"logo\":{\"@type\":\"ImageObject\",\"inLanguage\":\"es\",\"@id\":\"https:\\\/\\\/informelitoral.com.ar\\\/#\\\/schema\\\/logo\\\/image\\\/\",\"url\":\"https:\\\/\\\/informelitoral.com.ar\\\/%77%70%2d%63%6f%6e%74%65%6e%74\\\/uploads\\\/2021\\\/01\\\/circulo.png\",\"contentUrl\":\"https:\\\/\\\/informelitoral.com.ar\\\/%77%70%2d%63%6f%6e%74%65%6e%74\\\/uploads\\\/2021\\\/01\\\/circulo.png\",\"width\":723,\"height\":731,\"caption\":\"Informe Litoral\"},\"image\":{\"@id\":\"https:\\\/\\\/informelitoral.com.ar\\\/#\\\/schema\\\/logo\\\/image\\\/\"},\"sameAs\":[\"https:\\\/\\\/www.facebook.com\\\/informelitoral\\\/\",\"https:\\\/\\\/x.com\\\/InformeLitoral\",\"https:\\\/\\\/www.instagram.com\\\/informelitoral\\\/\",\"https:\\\/\\\/www.youtube.com\\\/channel\\\/UCua4Qvz8Icb6MYqhoq9xLXw\"]},{\"@type\":\"Person\",\"@id\":\"https:\\\/\\\/informelitoral.com.ar\\\/#\\\/schema\\\/person\\\/f05f9f461677119578717524b127d6d5\",\"name\":\"Sebastian\",\"image\":{\"@type\":\"ImageObject\",\"inLanguage\":\"es\",\"@id\":\"https:\\\/\\\/secure.gravatar.com\\\/avatar\\\/b71bf7481d447dfb9583c7f2798e7cc64de6efb9067b74633ed8c31059a3bd82?s=96&d=mm&r=g\",\"url\":\"https:\\\/\\\/secure.gravatar.com\\\/avatar\\\/b71bf7481d447dfb9583c7f2798e7cc64de6efb9067b74633ed8c31059a3bd82?s=96&d=mm&r=g\",\"contentUrl\":\"https:\\\/\\\/secure.gravatar.com\\\/avatar\\\/b71bf7481d447dfb9583c7f2798e7cc64de6efb9067b74633ed8c31059a3bd82?s=96&d=mm&r=g\",\"caption\":\"Sebastian\"},\"url\":\"https:\\\/\\\/informelitoral.com.ar\\\/author\\\/sebastian\\\/\"}]}<\/script>","yoast_head_json":{"title":"Licencias por maternidad y nacimiento: Stratta prometi\u00f3 tratar el proyecto - Informe Litoral","robots":{"index":"index","follow":"follow","max-snippet":"max-snippet:-1","max-image-preview":"max-image-preview:large","max-video-preview":"max-video-preview:-1"},"canonical":"https:\/\/informelitoral.com.ar\/licencias-por-maternidad-y-nacimiento-stratta-prometio-tratar-el-proyecto\/","og_locale":"es_ES","og_type":"article","og_title":"Licencias por maternidad y nacimiento: Stratta prometi\u00f3 tratar el proyecto - Informe Litoral","og_description":"La Vicegobernadora y presidenta del Senado prometi\u00f3 a UPCN convocar a todos los sectores para analizar el proyecto de ley de Licencias por Maternidad y Nacimiento que impulsa el sindicato.","og_url":"https:\/\/informelitoral.com.ar\/licencias-por-maternidad-y-nacimiento-stratta-prometio-tratar-el-proyecto\/","og_site_name":"Informe Litoral","article_publisher":"https:\/\/www.facebook.com\/informelitoral\/","article_published_time":"2022-05-05T16:31:34+00:00","og_image":[{"width":800,"height":450,"url":"https:\/\/informelitoral.com.ar\/%77%70%2d%63%6f%6e%74%65%6e%74\/uploads\/2022\/05\/o_1651767106.jpg","type":"image\/jpeg"}],"author":"Sebastian","twitter_card":"summary_large_image","twitter_creator":"@InformeLitoral","twitter_site":"@InformeLitoral","twitter_misc":{"Escrito por":"Sebastian","Tiempo de lectura":"2 minutos"},"schema":{"@context":"https:\/\/schema.org","@graph":[{"@type":"Article","@id":"https:\/\/informelitoral.com.ar\/licencias-por-maternidad-y-nacimiento-stratta-prometio-tratar-el-proyecto\/#article","isPartOf":{"@id":"https:\/\/informelitoral.com.ar\/licencias-por-maternidad-y-nacimiento-stratta-prometio-tratar-el-proyecto\/"},"author":{"name":"Sebastian","@id":"https:\/\/informelitoral.com.ar\/#\/schema\/person\/f05f9f461677119578717524b127d6d5"},"headline":"Licencias por maternidad y nacimiento: Stratta prometi\u00f3 tratar el proyecto","datePublished":"2022-05-05T16:31:34+00:00","mainEntityOfPage":{"@id":"https:\/\/informelitoral.com.ar\/licencias-por-maternidad-y-nacimiento-stratta-prometio-tratar-el-proyecto\/"},"wordCount":343,"commentCount":0,"publisher":{"@id":"https:\/\/informelitoral.com.ar\/#organization"},"image":{"@id":"https:\/\/informelitoral.com.ar\/licencias-por-maternidad-y-nacimiento-stratta-prometio-tratar-el-proyecto\/#primaryimage"},"thumbnailUrl":"https:\/\/informelitoral.com.ar\/%77%70%2d%63%6f%6e%74%65%6e%74\/uploads\/2022\/05\/o_1651767106.jpg","keywords":["Laura Stratta","Proyecto de Ley","UPCN"],"articleSection":["Politica"],"inLanguage":"es","potentialAction":[{"@type":"CommentAction","name":"Comment","target":["https:\/\/informelitoral.com.ar\/licencias-por-maternidad-y-nacimiento-stratta-prometio-tratar-el-proyecto\/#respond"]}]},{"@type":"WebPage","@id":"https:\/\/informelitoral.com.ar\/licencias-por-maternidad-y-nacimiento-stratta-prometio-tratar-el-proyecto\/","url":"https:\/\/informelitoral.com.ar\/licencias-por-maternidad-y-nacimiento-stratta-prometio-tratar-el-proyecto\/","name":"Licencias por maternidad y nacimiento: Stratta prometi\u00f3 tratar el proyecto - Informe Litoral","isPartOf":{"@id":"https:\/\/informelitoral.com.ar\/#website"},"primaryImageOfPage":{"@id":"https:\/\/informelitoral.com.ar\/licencias-por-maternidad-y-nacimiento-stratta-prometio-tratar-el-proyecto\/#primaryimage"},"image":{"@id":"https:\/\/informelitoral.com.ar\/licencias-por-maternidad-y-nacimiento-stratta-prometio-tratar-el-proyecto\/#primaryimage"},"thumbnailUrl":"https:\/\/informelitoral.com.ar\/%77%70%2d%63%6f%6e%74%65%6e%74\/uploads\/2022\/05\/o_1651767106.jpg","datePublished":"2022-05-05T16:31:34+00:00","breadcrumb":{"@id":"https:\/\/informelitoral.com.ar\/licencias-por-maternidad-y-nacimiento-stratta-prometio-tratar-el-proyecto\/#breadcrumb"},"inLanguage":"es","potentialAction":[{"@type":"ReadAction","target":["https:\/\/informelitoral.com.ar\/licencias-por-maternidad-y-nacimiento-stratta-prometio-tratar-el-proyecto\/"]}]},{"@type":"ImageObject","inLanguage":"es","@id":"https:\/\/informelitoral.com.ar\/licencias-por-maternidad-y-nacimiento-stratta-prometio-tratar-el-proyecto\/#primaryimage","url":"https:\/\/informelitoral.com.ar\/%77%70%2d%63%6f%6e%74%65%6e%74\/uploads\/2022\/05\/o_1651767106.jpg","contentUrl":"https:\/\/informelitoral.com.ar\/%77%70%2d%63%6f%6e%74%65%6e%74\/uploads\/2022\/05\/o_1651767106.jpg","width":800,"height":450},{"@type":"BreadcrumbList","@id":"https:\/\/informelitoral.com.ar\/licencias-por-maternidad-y-nacimiento-stratta-prometio-tratar-el-proyecto\/#breadcrumb","itemListElement":[{"@type":"ListItem","position":1,"name":"Portada","item":"https:\/\/informelitoral.com.ar\/"},{"@type":"ListItem","position":2,"name":"Licencias por maternidad y nacimiento: Stratta prometi\u00f3 tratar el proyecto"}]},{"@type":"WebSite","@id":"https:\/\/informelitoral.com.ar\/#website","url":"https:\/\/informelitoral.com.ar\/","name":"Informe Litoral","description":"&quot;Nos informamos&quot; ","publisher":{"@id":"https:\/\/informelitoral.com.ar\/#organization"},"potentialAction":[{"@type":"SearchAction","target":{"@type":"EntryPoint","urlTemplate":"https:\/\/informelitoral.com.ar\/?s={search_term_string}"},"query-input":{"@type":"PropertyValueSpecification","valueRequired":true,"valueName":"search_term_string"}}],"inLanguage":"es"},{"@type":"Organization","@id":"https:\/\/informelitoral.com.ar\/#organization","name":"Informe Litoral","url":"https:\/\/informelitoral.com.ar\/","logo":{"@type":"ImageObject","inLanguage":"es","@id":"https:\/\/informelitoral.com.ar\/#\/schema\/logo\/image\/","url":"https:\/\/informelitoral.com.ar\/%77%70%2d%63%6f%6e%74%65%6e%74\/uploads\/2021\/01\/circulo.png","contentUrl":"https:\/\/informelitoral.com.ar\/%77%70%2d%63%6f%6e%74%65%6e%74\/uploads\/2021\/01\/circulo.png","width":723,"height":731,"caption":"Informe Litoral"},"image":{"@id":"https:\/\/informelitoral.com.ar\/#\/schema\/logo\/image\/"},"sameAs":["https:\/\/www.facebook.com\/informelitoral\/","https:\/\/x.com\/InformeLitoral","https:\/\/www.instagram.com\/informelitoral\/","https:\/\/www.youtube.com\/channel\/UCua4Qvz8Icb6MYqhoq9xLXw"]},{"@type":"Person","@id":"https:\/\/informelitoral.com.ar\/#\/schema\/person\/f05f9f461677119578717524b127d6d5","name":"Sebastian","image":{"@type":"ImageObject","inLanguage":"es","@id":"https:\/\/secure.gravatar.com\/avatar\/b71bf7481d447dfb9583c7f2798e7cc64de6efb9067b74633ed8c31059a3bd82?s=96&d=mm&r=g","url":"https:\/\/secure.gravatar.com\/avatar\/b71bf7481d447dfb9583c7f2798e7cc64de6efb9067b74633ed8c31059a3bd82?s=96&d=mm&r=g","contentUrl":"https:\/\/secure.gravatar.com\/avatar\/b71bf7481d447dfb9583c7f2798e7cc64de6efb9067b74633ed8c31059a3bd82?s=96&d=mm&r=g","caption":"Sebastian"},"url":"https:\/\/informelitoral.com.ar\/author\/sebastian\/"}]}},"_links":{"self":[{"href":"https:\/\/informelitoral.com.ar\/%77%70%2d%6a%73%6f%6e\/wp\/v2\/posts\/77194","targetHints":{"allow":["GET"]}}],"collection":[{"href":"https:\/\/informelitoral.com.ar\/%77%70%2d%6a%73%6f%6e\/wp\/v2\/posts"}],"about":[{"href":"https:\/\/informelitoral.com.ar\/%77%70%2d%6a%73%6f%6e\/wp\/v2\/types\/post"}],"author":[{"embeddable":true,"href":"https:\/\/informelitoral.com.ar\/%77%70%2d%6a%73%6f%6e\/wp\/v2\/users\/8"}],"replies":[{"embeddable":true,"href":"https:\/\/informelitoral.com.ar\/%77%70%2d%6a%73%6f%6e\/wp\/v2\/comments?post=77194"}],"version-history":[{"count":0,"href":"https:\/\/informelitoral.com.ar\/%77%70%2d%6a%73%6f%6e\/wp\/v2\/posts\/77194\/revisions"}],"wp:featuredmedia":[{"embeddable":true,"href":"https:\/\/informelitoral.com.ar\/%77%70%2d%6a%73%6f%6e\/wp\/v2\/media\/77195"}],"wp:attachment":[{"href":"https:\/\/informelitoral.com.ar\/%77%70%2d%6a%73%6f%6e\/wp\/v2\/media?parent=77194"}],"wp:term":[{"taxonomy":"category","embeddable":true,"href":"https:\/\/informelitoral.com.ar\/%77%70%2d%6a%73%6f%6e\/wp\/v2\/categories?post=77194"},{"taxonomy":"post_tag","embeddable":true,"href":"https:\/\/informelitoral.com.ar\/%77%70%2d%6a%73%6f%6e\/wp\/v2\/tags?post=77194"}],"curies":[{"name":"wp","href":"https:\/\/api.w.org\/{rel}","templated":true}]}}