{"id":7714,"date":"2014-08-03T21:45:11","date_gmt":"2014-08-04T00:45:11","guid":{"rendered":"http:\/\/www.isletasnoticias.com.ar\/?p=7714"},"modified":"2014-08-03T21:45:11","modified_gmt":"2014-08-04T00:45:11","slug":"crudo-informe-sobre-la-relacion-entre-fumigaciones-y-salud","status":"publish","type":"post","link":"https:\/\/informelitoral.com.ar\/crudo-informe-sobre-la-relacion-entre-fumigaciones-y-salud\/","title":{"rendered":"Crudo informe sobre la relaci\u00f3n entre fumigaciones y salud"},"content":{"rendered":"<p><strong>Se trata de profesionales que estudian los efectos de la aplicaci\u00f3n de agroqu\u00edmicos en Santa Fe. Plantean alternativas sustentables de producci\u00f3n. Promueven una legislaci\u00f3n que proteja el medio ambiente.<a href=\"http:\/\/www.isletasnoticias.com.ar\/%77%70%2d%63%6f%6e%74%65%6e%74\/uploads\/2014\/08\/1372978510.jpg\"><img loading=\"lazy\" decoding=\"async\" class=\"aligncenter wp-image-7715 size-full\" src=\"http:\/\/www.isletasnoticias.com.ar\/%77%70%2d%63%6f%6e%74%65%6e%74\/uploads\/2014\/08\/1372978510.jpg\" alt=\"1372978510\" width=\"671\" height=\"450\" srcset=\"https:\/\/informelitoral.com.ar\/%77%70%2d%63%6f%6e%74%65%6e%74\/uploads\/2014\/08\/1372978510.jpg 671w, https:\/\/informelitoral.com.ar\/%77%70%2d%63%6f%6e%74%65%6e%74\/uploads\/2014\/08\/1372978510-300x201.jpg 300w\" sizes=\"auto, (max-width: 671px) 100vw, 671px\" \/><\/a><\/strong><\/p>\n<p>Integrantes de la ONG \u201cCentro de Protecci\u00f3n de la Naturaleza\u201d (Cepronat), con domicilio en Santa Fe, disertaron el mi\u00e9rcoles pasado en el sal\u00f3n de actos del Instituto K\u00e9nnedy sobre pr\u00e1cticas agr\u00edcolas, fumigaciones y medio ambiente.<\/p>\n<p>La charla en la que estuvieron presentes docentes y alumnos permiti\u00f3 conocer otra visi\u00f3n relacionada a la aplicaci\u00f3n de agroqu\u00edmicos, que es una realidad que preocupa.<\/p>\n<p>En principio el Ing. Agr. Carlos Manessi sostuvo que es una tarea que lentamente va creciendo. Han logrado ser escuchados por legisladores y dirigentes, algo imposible de conseguir hace 7 a\u00f1os cuando comenzaron a trabajar. En Santa Fe est\u00e1 en la agenda de mucha gente el tema, en la multisectorial \u201cParen de fumigar\u201d hay entidades que se suman como gremios, ONG y movimientos campesinos. Cada tres meses alrededor de 80 pueblos se re\u00fanen en el marco de esta convocatoria para luchar por la eliminaci\u00f3n de este tipo de pr\u00e1cticas y en la \u00faltima estuvieron legisladores y presidentes de comunas y concejales que promueven \u00a0ordenanzas en beneficio del medio ambiente.<\/p>\n<p>Actualmente el proyecto de ley de autor\u00eda de la ONG que propone parar de fumigar, ha logrado un \u00a0dictamen por mayor\u00eda de la comisi\u00f3n en la legislatura de Santa Fe. Aunque reconoci\u00f3 que en forma permanente hacen presentaciones en el \u00e1rea administrativa y judicial en reclamo de temas relacionado para mejorar el medio ambiente, muchas veces con \u00e9xito limitado. Seg\u00fan el profesional, han logrado un fallo importante de la justicia santafesina en la jurisdicci\u00f3n de San Jorge, ante un amparo presentado por una familia para que se fumigue a 800 metros del lugar donde viven. Esto tuvo un dictamen favorable del juez que est\u00e1 plenamente vigente. \u201cEs un paso muy importante\u201d<\/p>\n<p>Tambi\u00e9n Dra Anal\u00eda Zamorano, docente de la UNR, explic\u00f3 que hace tres a\u00f1os comenzaron a realizar campamentos sanitarios donde encontraron un cambio en los perfiles de morbilidad (**) mortalidad de esas\u00a0 comunidades. \u201cSe trata de las patolog\u00edas que producen enfermedades y decesos \u00a0en esa poblaci\u00f3n, las causas de muerte en lugar de ser afecciones cardiovasculares\u00a0 como indica la media nacional, ha pasado a ser \u00a0el c\u00e1ncer. Esto hace 15 a\u00f1os atr\u00e1s no ocurr\u00eda\u201d. \u00a0Se trata de zonas donde se produjo un cambio del modelo productivo y se hizo habitual la utilizaci\u00f3n de agrot\u00f3xicos.<\/p>\n<p>En cuanto a las patolog\u00edas m\u00e1s comunes que producen estos productos, la profesional coment\u00f3 que hay dos tipo de exposiciones, por un lado las agudas, generando broncoespasmo (ante la aspiraci\u00f3n de productos de la fumigaci\u00f3n), trastornos neurol\u00f3gicos (ataxia (\u2022), y card\u00edacos alterando el ritmo del coraz\u00f3n. En el largo plazo, la consecuencia m\u00e1s com\u00fan es el c\u00e1ncer, algunos tipos se ha demostrado que tienen una relaci\u00f3n directa con esos productos como leucemias y algunos\u00a0 linfomas. Todos los agrot\u00f3xicos implican el riesgo de generar disturbios en el metabolismo de la tiroides. El hipotiroidismo era una enfermedad de mujeres a cierta edad, ahora se equilibra con la aparici\u00f3n en hombres y en ambos a cualquier edad. Hemos estudiado 17 comunidades en pueblos de Santa Fe y es la segunda enfermedad el hipotiroidismo\u201d.<\/p>\n<p><strong>Legislaci\u00f3n y conciencia<\/strong><\/p>\n<p>Por su parte la abogada Victoria Dunda (Red de Abogados Pueblos Fumigados), sostuvo que m\u00e1s que una legislaci\u00f3n acorde para reglamentar, es importante la toma de conciencia por parte de la sociedad, que es importante hacer referencia al tipo de sustancia que se utilizan. \u201cSon \u00f3rganos clorados o fosforados (fertilizantes, herbicidas e insecticidas), cuya composici\u00f3n qu\u00edmica est\u00e1 comprobado que representa riesgos para el ambiente y la salud\u201d, sostuvo. En el transcurso de tiempo pueden generar c\u00e1ncer o malformaciones. \u201cAl esparcirlo en el ambiente a trav\u00e9s de fumigaciones el problema se incrementa\u201d. Agreg\u00f3 que la sociedad y el poder pol\u00edtico deben \u00a0conocer los riesgos que se est\u00e1n corriendo y las medidas que hay que tomar al respecto.<\/p>\n<p>Para la profesional, \u201clas legislaciones se demoran por intereses que se contraponen\u201d.<\/p>\n<p>Si bien los disertantes son de Santa Fe, esta provincia tambi\u00e9n pertenece a la zona agropecuaria y Dunda manifest\u00f3 que est\u00e1n bien enterados de lo que pasa \u201cde este lado del r\u00edo\u201d, donde los problemas son similares.<\/p>\n<p>El derecho debe apuntar a tutelar para bien todo lo referido a las relaciones sociales, o equilibrarlas cuando se producen desequilibrios, las leyes deben actuar en beneficio para el futuro. \u201cActualmente se discute en la legislatura entrerriana una norma que propone disminuir la distancia para fumigaciones a\u00e9reas de 3.000 a 200 metros, se est\u00e1 aprobando una norma para peor, no para mejorar. Esto desproteje. Adem\u00e1s es inconstitucional\u201d, se indigna Dunda.<\/p>\n<p><strong>Prohibido fumigar<\/strong><\/p>\n<p>Por su parte Manessi sostuvo que \u201cel modelo de soja se ha impuesto en Am\u00e9rica del Sur; dentro de la distribuci\u00f3n mundial del comercio fuimos nominados como productores de la oleginosa. En Europa est\u00e1 prohibido sembrar esta oleaginosa y tambi\u00e9n las fumigaciones a\u00e9reas que, desde el 2009 hay una recomendaci\u00f3n del Mercado Com\u00fan para que no se aplique por avi\u00f3n ning\u00fan producto\u201d. \u201cEsto que ocurre ac\u00e1\u00a0 es grav\u00edsimo\u201d, insisti\u00f3, y agreg\u00f3 que con estas pr\u00e1cticas el que dice que puede controlar la deriva o expansi\u00f3n de las mol\u00e9culas de productos est\u00e1 faltando a la verdad. Hay ejemplos de que en la Ant\u00e1rtida se encontraron mol\u00e9culas de endosulf\u00e1n (insecticida, acaricida de uso agr\u00edcola) y en esos lugares obviamente no se siembra.<\/p>\n<p>Tambi\u00e9n Dunda agreg\u00f3 que la manipulaci\u00f3n hace que la semilla resista a esos productos que atacan desde hierbas no espec\u00edficas, g\u00e9rmenes u otros factores, pero no a la semilla modificada.\u201dNosotros no estamos preparados para resistir\u201d, enfatiz\u00f3. Nuestro pa\u00eds era el primer productor mundial de miel y esa actividad ha disminuido como consecuencia de estas pr\u00e1cticas agr\u00edcolas.<\/p>\n<p>Los productores sostienen que parar o modificar este sistema les representa un retroceso a nivel de rindes. Ante la consulta, \u00bfQu\u00e9 les contestan ante esta realidad?,\u00a0Dunda asegur\u00f3 que hay otras alternativas de producci\u00f3n que son sustentables en tiempo y en dinero. Los productores \u2013seg\u00fan la profesional- conocen todas las facetas que tiene el modelo, los costos en suelo (que se degrada) fertilizantes, agua y nutrientes, no se pueden suplantar con qu\u00edmicos. \u201cSi dejamos que el ecosistema se recicle vamos a ganar mucho, esto demuestra que son amigables con el ambiente\u201d. Uno de ellos es la agroecolog\u00eda, en el proyecto que presentaron en la vecina provincia proponen que en las zonas de resguardo de 800 metros donde hay poblaci\u00f3n y 1000 metros para escuelas, se hagan producciones ecol\u00f3gicas. \u201cEsto genera producci\u00f3n m\u00e1s sana y pueblos sanos\u201d.\u00a0 Las fumigaciones se har\u00edan en principio por fuera de estos espacios.<\/p>\n<p>(\u2022) Ataxia: un signo cl\u00ednico que se caracteriza por provocar la descoordinaci\u00f3n en el movimiento de las partes del cuerpo de cualquier animal, o el hombre. Puede \u00a0afectar a los dedos y manos, a los brazos y piernas, al cuerpo, al habla, a los movimientos oculares, al mecanismo de degluci\u00f3n, entre otros.<\/p>\n<p>(**) Morbilidad: proporci\u00f3n de personas que enferman en un sitio y tiempo determinado.<\/p>\n<p><strong>Informes reveladores<\/strong><\/p>\n<p>El Informe Summer sostiene textualmente que \u201cdeben derivarse las producciones de industria sucias a Am\u00e9rica latina, porque los habitantes de esas poblaciones mueren antes que aparezcan las causas que representan los riesgos de la contaminaci\u00f3n ambiental\u201d, explic\u00f3 la Dra Zamorano, y agreg\u00f3 que se trata de Lawrence Henry Summers, que fue Secretario del Tesoro de Estados Unidos (1999-2001) durante la gesti\u00f3n de Clinton. En los a\u00f1os posteriores a los mencionados, siguiendo esta informaci\u00f3n notaron un aumento de determinadas inversiones.<\/p>\n<p>Por su parte Dunda sostuvo que \u201cno hay salud sin medio ambiente sano\u201d, si contaminamos suelo, ambiente o agua, seguro se atenta contra la buena salud.<\/p>\n<p>Tambi\u00e9n Manessi se\u00f1al\u00f3 que en la pampa h\u00fameda se tiran 400 millones de litros de agroqu\u00edmicos por a\u00f1o por campa\u00f1a agr\u00edcola, en una zona donde viven 12 millones de personas.<\/p>\n<p>El Instituto Nacional del Cancer, en el 2008 difundi\u00f3 la media nacional de incidencia de tumores malignos, que se ubicaba en 206 casos cada 100 mil habitantes. Seg\u00fan lo que observan en los campamentos sanitarios de las zonas eminentemente agr\u00edcolas, estos \u00edndices ascienden a \u00a0700\/100 mil en Mar\u00eda Susana, en \u00a0Mar\u00eda Teresa 400\/100 mil (pueblos de Santa Fe), todos exceden en el doble la media nacional. Lament\u00f3 la Dra Zamorano que sea tan dif\u00edcil acceder a este tipo de informaci\u00f3n en nuestro pa\u00eds.<\/p>\n<p>Tampoco se registran las malformaciones y los abortos.<\/p>\n<p>Fuente: <em>Paralelo 32<\/em><\/p>\n","protected":false},"excerpt":{"rendered":"<p>Se trata de profesionales que estudian los efectos de la aplicaci&oacute;n de agroqu&iacute;micos en Santa Fe. Plantean alternativas sustentables de producci&oacute;n. Promueven una legislaci&oacute;n que proteja el medio ambiente. Integrantes de la ONG &ldquo;Centro de Protecci&oacute;n de la Naturaleza&rdquo; (Cepronat), con domicilio en Santa Fe, disertaron el mi&eacute;rcoles pasado en el sal&oacute;n de actos del [&hellip;]<\/p>\n","protected":false},"author":2,"featured_media":0,"comment_status":"open","ping_status":"open","sticky":false,"template":"","format":"standard","meta":{"fifu_image_url":"","fifu_image_alt":"","footnotes":""},"categories":[10],"tags":[],"class_list":{"0":"post-7714","1":"post","2":"type-post","3":"status-publish","4":"format-standard","6":"category-campo"},"yoast_head":"<title>Crudo informe sobre la relaci\u00f3n entre fumigaciones y salud - Informe Litoral<\/title>\n<meta name=\"robots\" content=\"index, follow, max-snippet:-1, max-image-preview:large, max-video-preview:-1\" \/>\n<link rel=\"canonical\" href=\"https:\/\/informelitoral.com.ar\/crudo-informe-sobre-la-relacion-entre-fumigaciones-y-salud\/\" \/>\n<meta property=\"og:locale\" content=\"es_ES\" \/>\n<meta property=\"og:type\" content=\"article\" \/>\n<meta property=\"og:title\" content=\"Crudo informe sobre la relaci\u00f3n entre fumigaciones y salud - Informe Litoral\" \/>\n<meta property=\"og:description\" content=\"Se trata de profesionales que estudian los efectos de la aplicaci&oacute;n de agroqu&iacute;micos en Santa Fe. Plantean alternativas sustentables de producci&oacute;n. Promueven una legislaci&oacute;n que proteja el medio ambiente. Integrantes de la ONG &ldquo;Centro de Protecci&oacute;n de la Naturaleza&rdquo; (Cepronat), con domicilio en Santa Fe, disertaron el mi&eacute;rcoles pasado en el sal&oacute;n de actos del [&hellip;]\" \/>\n<meta property=\"og:url\" content=\"https:\/\/informelitoral.com.ar\/crudo-informe-sobre-la-relacion-entre-fumigaciones-y-salud\/\" \/>\n<meta property=\"og:site_name\" content=\"Informe Litoral\" \/>\n<meta property=\"article:publisher\" content=\"https:\/\/www.facebook.com\/informelitoral\/\" \/>\n<meta property=\"article:published_time\" content=\"2014-08-04T00:45:11+00:00\" \/>\n<meta property=\"og:image\" content=\"https:\/\/informelitoral.com.ar\/%77%70%2d%63%6f%6e%74%65%6e%74\/uploads\/2014\/08\/1372978510.jpg\" \/>\n\t<meta property=\"og:image:width\" content=\"671\" \/>\n\t<meta property=\"og:image:height\" content=\"450\" \/>\n\t<meta property=\"og:image:type\" content=\"image\/jpeg\" \/>\n<meta name=\"author\" content=\"Gonzalo Schmidt\" \/>\n<meta name=\"twitter:card\" content=\"summary_large_image\" \/>\n<meta name=\"twitter:creator\" content=\"@InformeLitoral\" \/>\n<meta name=\"twitter:site\" content=\"@InformeLitoral\" \/>\n<meta name=\"twitter:label1\" content=\"Escrito por\" \/>\n\t<meta name=\"twitter:data1\" content=\"Gonzalo Schmidt\" \/>\n\t<meta name=\"twitter:label2\" content=\"Tiempo de lectura\" \/>\n\t<meta name=\"twitter:data2\" content=\"7 minutos\" \/>\n<script type=\"application\/ld+json\" class=\"yoast-schema-graph\">{\"@context\":\"https:\\\/\\\/schema.org\",\"@graph\":[{\"@type\":\"Article\",\"@id\":\"https:\\\/\\\/informelitoral.com.ar\\\/crudo-informe-sobre-la-relacion-entre-fumigaciones-y-salud\\\/#article\",\"isPartOf\":{\"@id\":\"https:\\\/\\\/informelitoral.com.ar\\\/crudo-informe-sobre-la-relacion-entre-fumigaciones-y-salud\\\/\"},\"author\":{\"name\":\"Gonzalo Schmidt\",\"@id\":\"https:\\\/\\\/informelitoral.com.ar\\\/#\\\/schema\\\/person\\\/b9d00407c836482871ef1d57bf8e3180\"},\"headline\":\"Crudo informe sobre la relaci\u00f3n entre fumigaciones y salud\",\"datePublished\":\"2014-08-04T00:45:11+00:00\",\"mainEntityOfPage\":{\"@id\":\"https:\\\/\\\/informelitoral.com.ar\\\/crudo-informe-sobre-la-relacion-entre-fumigaciones-y-salud\\\/\"},\"wordCount\":1496,\"commentCount\":0,\"publisher\":{\"@id\":\"https:\\\/\\\/informelitoral.com.ar\\\/#organization\"},\"image\":{\"@id\":\"https:\\\/\\\/informelitoral.com.ar\\\/crudo-informe-sobre-la-relacion-entre-fumigaciones-y-salud\\\/#primaryimage\"},\"thumbnailUrl\":\"http:\\\/\\\/www.isletasnoticias.com.ar\\\/%77%70%2d%63%6f%6e%74%65%6e%74\\\/uploads\\\/2014\\\/08\\\/1372978510.jpg\",\"articleSection\":[\"Campo\"],\"inLanguage\":\"es\",\"potentialAction\":[{\"@type\":\"CommentAction\",\"name\":\"Comment\",\"target\":[\"https:\\\/\\\/informelitoral.com.ar\\\/crudo-informe-sobre-la-relacion-entre-fumigaciones-y-salud\\\/#respond\"]}]},{\"@type\":\"WebPage\",\"@id\":\"https:\\\/\\\/informelitoral.com.ar\\\/crudo-informe-sobre-la-relacion-entre-fumigaciones-y-salud\\\/\",\"url\":\"https:\\\/\\\/informelitoral.com.ar\\\/crudo-informe-sobre-la-relacion-entre-fumigaciones-y-salud\\\/\",\"name\":\"Crudo informe sobre la relaci\u00f3n entre fumigaciones y salud - Informe Litoral\",\"isPartOf\":{\"@id\":\"https:\\\/\\\/informelitoral.com.ar\\\/#website\"},\"primaryImageOfPage\":{\"@id\":\"https:\\\/\\\/informelitoral.com.ar\\\/crudo-informe-sobre-la-relacion-entre-fumigaciones-y-salud\\\/#primaryimage\"},\"image\":{\"@id\":\"https:\\\/\\\/informelitoral.com.ar\\\/crudo-informe-sobre-la-relacion-entre-fumigaciones-y-salud\\\/#primaryimage\"},\"thumbnailUrl\":\"http:\\\/\\\/www.isletasnoticias.com.ar\\\/%77%70%2d%63%6f%6e%74%65%6e%74\\\/uploads\\\/2014\\\/08\\\/1372978510.jpg\",\"datePublished\":\"2014-08-04T00:45:11+00:00\",\"breadcrumb\":{\"@id\":\"https:\\\/\\\/informelitoral.com.ar\\\/crudo-informe-sobre-la-relacion-entre-fumigaciones-y-salud\\\/#breadcrumb\"},\"inLanguage\":\"es\",\"potentialAction\":[{\"@type\":\"ReadAction\",\"target\":[\"https:\\\/\\\/informelitoral.com.ar\\\/crudo-informe-sobre-la-relacion-entre-fumigaciones-y-salud\\\/\"]}]},{\"@type\":\"ImageObject\",\"inLanguage\":\"es\",\"@id\":\"https:\\\/\\\/informelitoral.com.ar\\\/crudo-informe-sobre-la-relacion-entre-fumigaciones-y-salud\\\/#primaryimage\",\"url\":\"http:\\\/\\\/www.isletasnoticias.com.ar\\\/%77%70%2d%63%6f%6e%74%65%6e%74\\\/uploads\\\/2014\\\/08\\\/1372978510.jpg\",\"contentUrl\":\"http:\\\/\\\/www.isletasnoticias.com.ar\\\/%77%70%2d%63%6f%6e%74%65%6e%74\\\/uploads\\\/2014\\\/08\\\/1372978510.jpg\"},{\"@type\":\"BreadcrumbList\",\"@id\":\"https:\\\/\\\/informelitoral.com.ar\\\/crudo-informe-sobre-la-relacion-entre-fumigaciones-y-salud\\\/#breadcrumb\",\"itemListElement\":[{\"@type\":\"ListItem\",\"position\":1,\"name\":\"Portada\",\"item\":\"https:\\\/\\\/informelitoral.com.ar\\\/\"},{\"@type\":\"ListItem\",\"position\":2,\"name\":\"Crudo informe sobre la relaci\u00f3n entre fumigaciones y salud\"}]},{\"@type\":\"WebSite\",\"@id\":\"https:\\\/\\\/informelitoral.com.ar\\\/#website\",\"url\":\"https:\\\/\\\/informelitoral.com.ar\\\/\",\"name\":\"Informe Litoral\",\"description\":\"&quot;Nos informamos&quot; \",\"publisher\":{\"@id\":\"https:\\\/\\\/informelitoral.com.ar\\\/#organization\"},\"potentialAction\":[{\"@type\":\"SearchAction\",\"target\":{\"@type\":\"EntryPoint\",\"urlTemplate\":\"https:\\\/\\\/informelitoral.com.ar\\\/?s={search_term_string}\"},\"query-input\":{\"@type\":\"PropertyValueSpecification\",\"valueRequired\":true,\"valueName\":\"search_term_string\"}}],\"inLanguage\":\"es\"},{\"@type\":\"Organization\",\"@id\":\"https:\\\/\\\/informelitoral.com.ar\\\/#organization\",\"name\":\"Informe Litoral\",\"url\":\"https:\\\/\\\/informelitoral.com.ar\\\/\",\"logo\":{\"@type\":\"ImageObject\",\"inLanguage\":\"es\",\"@id\":\"https:\\\/\\\/informelitoral.com.ar\\\/#\\\/schema\\\/logo\\\/image\\\/\",\"url\":\"https:\\\/\\\/informelitoral.com.ar\\\/%77%70%2d%63%6f%6e%74%65%6e%74\\\/uploads\\\/2021\\\/01\\\/circulo.png\",\"contentUrl\":\"https:\\\/\\\/informelitoral.com.ar\\\/%77%70%2d%63%6f%6e%74%65%6e%74\\\/uploads\\\/2021\\\/01\\\/circulo.png\",\"width\":723,\"height\":731,\"caption\":\"Informe Litoral\"},\"image\":{\"@id\":\"https:\\\/\\\/informelitoral.com.ar\\\/#\\\/schema\\\/logo\\\/image\\\/\"},\"sameAs\":[\"https:\\\/\\\/www.facebook.com\\\/informelitoral\\\/\",\"https:\\\/\\\/x.com\\\/InformeLitoral\",\"https:\\\/\\\/www.instagram.com\\\/informelitoral\\\/\",\"https:\\\/\\\/www.youtube.com\\\/channel\\\/UCua4Qvz8Icb6MYqhoq9xLXw\"]},{\"@type\":\"Person\",\"@id\":\"https:\\\/\\\/informelitoral.com.ar\\\/#\\\/schema\\\/person\\\/b9d00407c836482871ef1d57bf8e3180\",\"name\":\"Gonzalo Schmidt\",\"image\":{\"@type\":\"ImageObject\",\"inLanguage\":\"es\",\"@id\":\"https:\\\/\\\/secure.gravatar.com\\\/avatar\\\/31a1a7b66ff2de83bd0e9fd79d026630d2d99e55e8bfe501287647b4fd9743de?s=96&d=mm&r=g\",\"url\":\"https:\\\/\\\/secure.gravatar.com\\\/avatar\\\/31a1a7b66ff2de83bd0e9fd79d026630d2d99e55e8bfe501287647b4fd9743de?s=96&d=mm&r=g\",\"contentUrl\":\"https:\\\/\\\/secure.gravatar.com\\\/avatar\\\/31a1a7b66ff2de83bd0e9fd79d026630d2d99e55e8bfe501287647b4fd9743de?s=96&d=mm&r=g\",\"caption\":\"Gonzalo Schmidt\"},\"description\":\"Sitio web de noticias de la provincia de Entre R\u00edos, Argentina. Informaci\u00f3n y entretenimiento. Informe Litoral, nos informamos.\",\"sameAs\":[\"http:\\\/\\\/www.isletasnoticias.com.ar\"],\"url\":\"https:\\\/\\\/informelitoral.com.ar\\\/author\\\/gonzalo\\\/\"}]}<\/script>","yoast_head_json":{"title":"Crudo informe sobre la relaci\u00f3n entre fumigaciones y salud - Informe Litoral","robots":{"index":"index","follow":"follow","max-snippet":"max-snippet:-1","max-image-preview":"max-image-preview:large","max-video-preview":"max-video-preview:-1"},"canonical":"https:\/\/informelitoral.com.ar\/crudo-informe-sobre-la-relacion-entre-fumigaciones-y-salud\/","og_locale":"es_ES","og_type":"article","og_title":"Crudo informe sobre la relaci\u00f3n entre fumigaciones y salud - Informe Litoral","og_description":"Se trata de profesionales que estudian los efectos de la aplicaci&oacute;n de agroqu&iacute;micos en Santa Fe. Plantean alternativas sustentables de producci&oacute;n. Promueven una legislaci&oacute;n que proteja el medio ambiente. Integrantes de la ONG &ldquo;Centro de Protecci&oacute;n de la Naturaleza&rdquo; (Cepronat), con domicilio en Santa Fe, disertaron el mi&eacute;rcoles pasado en el sal&oacute;n de actos del [&hellip;]","og_url":"https:\/\/informelitoral.com.ar\/crudo-informe-sobre-la-relacion-entre-fumigaciones-y-salud\/","og_site_name":"Informe Litoral","article_publisher":"https:\/\/www.facebook.com\/informelitoral\/","article_published_time":"2014-08-04T00:45:11+00:00","og_image":[{"width":671,"height":450,"url":"https:\/\/informelitoral.com.ar\/%77%70%2d%63%6f%6e%74%65%6e%74\/uploads\/2014\/08\/1372978510.jpg","type":"image\/jpeg"}],"author":"Gonzalo Schmidt","twitter_card":"summary_large_image","twitter_creator":"@InformeLitoral","twitter_site":"@InformeLitoral","twitter_misc":{"Escrito por":"Gonzalo Schmidt","Tiempo de lectura":"7 minutos"},"schema":{"@context":"https:\/\/schema.org","@graph":[{"@type":"Article","@id":"https:\/\/informelitoral.com.ar\/crudo-informe-sobre-la-relacion-entre-fumigaciones-y-salud\/#article","isPartOf":{"@id":"https:\/\/informelitoral.com.ar\/crudo-informe-sobre-la-relacion-entre-fumigaciones-y-salud\/"},"author":{"name":"Gonzalo Schmidt","@id":"https:\/\/informelitoral.com.ar\/#\/schema\/person\/b9d00407c836482871ef1d57bf8e3180"},"headline":"Crudo informe sobre la relaci\u00f3n entre fumigaciones y salud","datePublished":"2014-08-04T00:45:11+00:00","mainEntityOfPage":{"@id":"https:\/\/informelitoral.com.ar\/crudo-informe-sobre-la-relacion-entre-fumigaciones-y-salud\/"},"wordCount":1496,"commentCount":0,"publisher":{"@id":"https:\/\/informelitoral.com.ar\/#organization"},"image":{"@id":"https:\/\/informelitoral.com.ar\/crudo-informe-sobre-la-relacion-entre-fumigaciones-y-salud\/#primaryimage"},"thumbnailUrl":"http:\/\/www.isletasnoticias.com.ar\/%77%70%2d%63%6f%6e%74%65%6e%74\/uploads\/2014\/08\/1372978510.jpg","articleSection":["Campo"],"inLanguage":"es","potentialAction":[{"@type":"CommentAction","name":"Comment","target":["https:\/\/informelitoral.com.ar\/crudo-informe-sobre-la-relacion-entre-fumigaciones-y-salud\/#respond"]}]},{"@type":"WebPage","@id":"https:\/\/informelitoral.com.ar\/crudo-informe-sobre-la-relacion-entre-fumigaciones-y-salud\/","url":"https:\/\/informelitoral.com.ar\/crudo-informe-sobre-la-relacion-entre-fumigaciones-y-salud\/","name":"Crudo informe sobre la relaci\u00f3n entre fumigaciones y salud - Informe Litoral","isPartOf":{"@id":"https:\/\/informelitoral.com.ar\/#website"},"primaryImageOfPage":{"@id":"https:\/\/informelitoral.com.ar\/crudo-informe-sobre-la-relacion-entre-fumigaciones-y-salud\/#primaryimage"},"image":{"@id":"https:\/\/informelitoral.com.ar\/crudo-informe-sobre-la-relacion-entre-fumigaciones-y-salud\/#primaryimage"},"thumbnailUrl":"http:\/\/www.isletasnoticias.com.ar\/%77%70%2d%63%6f%6e%74%65%6e%74\/uploads\/2014\/08\/1372978510.jpg","datePublished":"2014-08-04T00:45:11+00:00","breadcrumb":{"@id":"https:\/\/informelitoral.com.ar\/crudo-informe-sobre-la-relacion-entre-fumigaciones-y-salud\/#breadcrumb"},"inLanguage":"es","potentialAction":[{"@type":"ReadAction","target":["https:\/\/informelitoral.com.ar\/crudo-informe-sobre-la-relacion-entre-fumigaciones-y-salud\/"]}]},{"@type":"ImageObject","inLanguage":"es","@id":"https:\/\/informelitoral.com.ar\/crudo-informe-sobre-la-relacion-entre-fumigaciones-y-salud\/#primaryimage","url":"http:\/\/www.isletasnoticias.com.ar\/%77%70%2d%63%6f%6e%74%65%6e%74\/uploads\/2014\/08\/1372978510.jpg","contentUrl":"http:\/\/www.isletasnoticias.com.ar\/%77%70%2d%63%6f%6e%74%65%6e%74\/uploads\/2014\/08\/1372978510.jpg"},{"@type":"BreadcrumbList","@id":"https:\/\/informelitoral.com.ar\/crudo-informe-sobre-la-relacion-entre-fumigaciones-y-salud\/#breadcrumb","itemListElement":[{"@type":"ListItem","position":1,"name":"Portada","item":"https:\/\/informelitoral.com.ar\/"},{"@type":"ListItem","position":2,"name":"Crudo informe sobre la relaci\u00f3n entre fumigaciones y salud"}]},{"@type":"WebSite","@id":"https:\/\/informelitoral.com.ar\/#website","url":"https:\/\/informelitoral.com.ar\/","name":"Informe Litoral","description":"&quot;Nos informamos&quot; ","publisher":{"@id":"https:\/\/informelitoral.com.ar\/#organization"},"potentialAction":[{"@type":"SearchAction","target":{"@type":"EntryPoint","urlTemplate":"https:\/\/informelitoral.com.ar\/?s={search_term_string}"},"query-input":{"@type":"PropertyValueSpecification","valueRequired":true,"valueName":"search_term_string"}}],"inLanguage":"es"},{"@type":"Organization","@id":"https:\/\/informelitoral.com.ar\/#organization","name":"Informe Litoral","url":"https:\/\/informelitoral.com.ar\/","logo":{"@type":"ImageObject","inLanguage":"es","@id":"https:\/\/informelitoral.com.ar\/#\/schema\/logo\/image\/","url":"https:\/\/informelitoral.com.ar\/%77%70%2d%63%6f%6e%74%65%6e%74\/uploads\/2021\/01\/circulo.png","contentUrl":"https:\/\/informelitoral.com.ar\/%77%70%2d%63%6f%6e%74%65%6e%74\/uploads\/2021\/01\/circulo.png","width":723,"height":731,"caption":"Informe Litoral"},"image":{"@id":"https:\/\/informelitoral.com.ar\/#\/schema\/logo\/image\/"},"sameAs":["https:\/\/www.facebook.com\/informelitoral\/","https:\/\/x.com\/InformeLitoral","https:\/\/www.instagram.com\/informelitoral\/","https:\/\/www.youtube.com\/channel\/UCua4Qvz8Icb6MYqhoq9xLXw"]},{"@type":"Person","@id":"https:\/\/informelitoral.com.ar\/#\/schema\/person\/b9d00407c836482871ef1d57bf8e3180","name":"Gonzalo Schmidt","image":{"@type":"ImageObject","inLanguage":"es","@id":"https:\/\/secure.gravatar.com\/avatar\/31a1a7b66ff2de83bd0e9fd79d026630d2d99e55e8bfe501287647b4fd9743de?s=96&d=mm&r=g","url":"https:\/\/secure.gravatar.com\/avatar\/31a1a7b66ff2de83bd0e9fd79d026630d2d99e55e8bfe501287647b4fd9743de?s=96&d=mm&r=g","contentUrl":"https:\/\/secure.gravatar.com\/avatar\/31a1a7b66ff2de83bd0e9fd79d026630d2d99e55e8bfe501287647b4fd9743de?s=96&d=mm&r=g","caption":"Gonzalo Schmidt"},"description":"Sitio web de noticias de la provincia de Entre R\u00edos, Argentina. Informaci\u00f3n y entretenimiento. Informe Litoral, nos informamos.","sameAs":["http:\/\/www.isletasnoticias.com.ar"],"url":"https:\/\/informelitoral.com.ar\/author\/gonzalo\/"}]}},"_links":{"self":[{"href":"https:\/\/informelitoral.com.ar\/%77%70%2d%6a%73%6f%6e\/wp\/v2\/posts\/7714","targetHints":{"allow":["GET"]}}],"collection":[{"href":"https:\/\/informelitoral.com.ar\/%77%70%2d%6a%73%6f%6e\/wp\/v2\/posts"}],"about":[{"href":"https:\/\/informelitoral.com.ar\/%77%70%2d%6a%73%6f%6e\/wp\/v2\/types\/post"}],"author":[{"embeddable":true,"href":"https:\/\/informelitoral.com.ar\/%77%70%2d%6a%73%6f%6e\/wp\/v2\/users\/2"}],"replies":[{"embeddable":true,"href":"https:\/\/informelitoral.com.ar\/%77%70%2d%6a%73%6f%6e\/wp\/v2\/comments?post=7714"}],"version-history":[{"count":0,"href":"https:\/\/informelitoral.com.ar\/%77%70%2d%6a%73%6f%6e\/wp\/v2\/posts\/7714\/revisions"}],"wp:attachment":[{"href":"https:\/\/informelitoral.com.ar\/%77%70%2d%6a%73%6f%6e\/wp\/v2\/media?parent=7714"}],"wp:term":[{"taxonomy":"category","embeddable":true,"href":"https:\/\/informelitoral.com.ar\/%77%70%2d%6a%73%6f%6e\/wp\/v2\/categories?post=7714"},{"taxonomy":"post_tag","embeddable":true,"href":"https:\/\/informelitoral.com.ar\/%77%70%2d%6a%73%6f%6e\/wp\/v2\/tags?post=7714"}],"curies":[{"name":"wp","href":"https:\/\/api.w.org\/{rel}","templated":true}]}}