{"id":77118,"date":"2022-05-04T12:27:31","date_gmt":"2022-05-04T15:27:31","guid":{"rendered":"https:\/\/www.informelitoral.com.ar\/?p=77118"},"modified":"2022-05-04T12:27:31","modified_gmt":"2022-05-04T15:27:31","slug":"el-gobierno-acompana-el-desarrollo-de-empresas-entrerrianas","status":"publish","type":"post","link":"https:\/\/informelitoral.com.ar\/el-gobierno-acompana-el-desarrollo-de-empresas-entrerrianas\/","title":{"rendered":"El gobierno acompa\u00f1a el desarrollo de empresas entrerrianas"},"content":{"rendered":"<p>Ejemplar S.A., que funciona en el Parque Industrial de Paran\u00e1 y se dedica a la elaboraci\u00f3n de algod\u00f3n de alta calidad y pureza, recibi\u00f3 este mi\u00e9rcoles un aporte nacional no reembolsable por 40 millones de pesos para la transformaci\u00f3n y ampliaci\u00f3n productiva, durante la visita realizada por el gobernador Gustavo Bordet, junto a la vicegobernadora Laura Stratta; el intendente de Paran\u00e1, Ad\u00e1n Bahl; y la diputada nacional Tolosa Paz que integra la Comisi\u00f3n de Industria de esa C\u00e1mara.<\/p>\n<p>\u00abEl aporte que se hace con el gobierno nacional y el trabajo articulado con la provincia posibilita que, como en este caso, tambi\u00e9n se llegue a otras industrias y empresas entrerrianas para que tengan oportunidades de incrementar su capital de trabajo y puedan lograr mayor producci\u00f3n y m\u00e1s venta. Eso redunda en generaci\u00f3n de empleo sostenible que es lo que se est\u00e1 buscando generar desde Entre R\u00edos\u00bb, remarc\u00f3 el mandatario durante la visita a la planta fabril.<\/p>\n<p>Por su parte, la diputada nacional Victoria Tolosa Paz consider\u00f3 que \u201cEjemplar es el ejemplo m\u00e1s claro de la pol\u00edtica que lleva adelante el gobierno nacional con el acompa\u00f1amiento del gobernador Bordet. Un gobernador que piensa a la Entre R\u00edos ampliando su matriz productiva y generando las condiciones para que cada entrerriano tenga trabajo. Ese es el proyecto pol\u00edtico que encarnan Bordet y el presidente de la Naci\u00f3n\u201d.<\/p>\n<p>La gerente general de la empresa, Carolina Ribetti; el gerente de Producci\u00f3n, Jos\u00e9 Ribetti, y la asesora legal responsable de Recursos Humanos, Gabriela Romero Cepelli, fueron los encargados de recibir a las autoridades que se hicieron presentes para entregar el aporte en el marco del Programa de Desarrollo Productivo PyME. El proyecto presentado por Ejemplar S.A. para recibir esta ayuda se centr\u00f3 en aumentar la capacidad productiva, la eficiencia y diversificar la oferta de productos ciento por ciento nacionales para el mercado interno y de exportaci\u00f3n en el rubro algodonero.<\/p>\n<p>Durante la actividad, en la que tambi\u00e9n participaron el ministro de Producci\u00f3n, Juan Jos\u00e9 Bahillo; la subsecretaria de Financiamiento y Competitividad PYME de Naci\u00f3n, Laura Tuero; y el asesor de esa repartici\u00f3n, Sebasti\u00e1n Cernadas, entre otras autoridades, el gobernador Gustavo Bordet record\u00f3 que la firma Ejemplar tom\u00f3 hace 11 a\u00f1os esta planta que estuvo desocupada por quiebra y recuper\u00f3 sus niveles de empleo.<\/p>\n<p>El gobernador se refiri\u00f3 al aporte entregado en la oportunidad y mencion\u00f3 que meses atr\u00e1s hubo una reuni\u00f3n en el Parque Industrial de Paran\u00e1 en la que se analizaron distintos aspectos con el intendente Ad\u00e1n Bahl, donde la firma Ejemplar plante\u00f3 la necesidad de aprobaci\u00f3n de un aporte no reembolsable presentado en el Ministerio de Producci\u00f3n. En ese sentido, Bordet coment\u00f3 que se puso en contacto con el Ministerio de Producci\u00f3n y \u00abde manera muy efectiva y con celeridad se consigui\u00f3 el aporte de 40 millones de pesos para esta firma que trabaja en el Parque Industrial de Paran\u00e1 y que genera puestos de trabajo genuinos, gran parte de ellos de mujeres\u201d.<\/p>\n<p>Explic\u00f3 que con ello tambi\u00e9n se logra avanzar en una l\u00ednea de producci\u00f3n que no es t\u00edpica de la provincia como el algod\u00f3n, pero que completa toda la cadena desde la cosecha en Santiago del Estero hasta la elaboraci\u00f3n final en la planta de la capital entrerriana.<\/p>\n<p>\u00abEstar en la planta hoy nos da la posibilidad de entender y conocer el funcionamiento de una cadena de valor que a veces, cuando se gestiona y se entrega un Aporte No Reembolsable, no se ve lo que hay detr\u00e1s. Y detr\u00e1s hay personas, directivos de la empresa que trabajan, trabajadores y trabajadoras, y hay un mecanismo que genera una redinamizaci\u00f3n de la econom\u00eda porque se conecta con otras industrias y esto multiplica el valor agregado que se genera\u00bb, detall\u00f3 el mandatario.<\/p>\n<p>Y remarc\u00f3: \u00abEstar hoy aqu\u00ed significa reafirmar un modelo de producci\u00f3n y de desarrollo muy lejos de aquellos especulativos de capitales financieros. Aqu\u00ed est\u00e1 la producci\u00f3n, el trabajo, las empresas que apuestan para genera m\u00e1s desarrollo local y nacional y m\u00e1s empleo. Por eso la importancia de estar hoy aqu\u00ed e ir pensando c\u00f3mo en el futuro generamos otras oportunidades para las y los entrerrianos\u00bb.<\/p>\n<p>En relaci\u00f3n al aporte, Bordet explic\u00f3 que \u00abson proyectos que se presentan, fundamentalmente para incorporar capital de trabajo, es decir, maquinarias que puedan generar mayor productividad, adem\u00e1s de posibilitar la compra de maquinaria local, con lo cual tambi\u00e9n se beneficia a otras empresas que producen y empujan a la cadena. Luego hay una evaluaci\u00f3n y luego se efectiviza\u201d, expres\u00f3 y complet\u00f3: \u201cEn Entre R\u00edos hay mucho m\u00e1s ejemplos que se vienen aplicando porque hay una pol\u00edtica decidida del Ministerio de Producci\u00f3n de la Naci\u00f3n, impulsada por el presidente Alberto Fern\u00e1ndez, en generar este tipo de modelo de desarrollo\u00bb.<\/p>\n<p>Desarrollo e inclusi\u00f3n<\/p>\n<p>Tolosa Paz coment\u00f3 que se encuentra en Entre R\u00edos desde ayer donde visit\u00f3 la firma l\u00e1ctea Nogolac, de Nogoy\u00e1, la que recibi\u00f3 un cr\u00e9dito a tasa subsidiada, \u201cen apoyatura con lo que ya viene haciendo el gobierno de la provincia\u00bb.<\/p>\n<p>Destac\u00f3 que desde el Parlamento nacional y como parte de la Comisi\u00f3n de Industria, llevan adelante \u201cuna agenda muy potente y leyes muy importantes\u201d, como la Ley del Consejo Agrobioindustrial \u201cque pregona un modelo productivo con desarrollo e inclusi\u00f3n que es el que so\u00f1amos para Entre R\u00edos y para toda la Argentina\u00bb.<\/p>\n<p>\u201cEntendemos que tecnificando y dando ese capital de trabajo se puede dar un proceso m\u00e1s eficiente\u201d, dijo la legisladora nacional y consider\u00f3 que la firma Ejemplar podr\u00e1 llegar muy lejos si recibe este aporte no reembolsable del Estado nacional. \u201cJuntar 40 millones de pesos para un destino que es diversificar la matriz, permitir\u00e1 aumentar el consumo interno de este producto y al mismo tiempo la exportaci\u00f3n tan necesaria\u201d.<\/p>\n<p>Opin\u00f3 que esto le dar\u00e1 a Entre R\u00edos \u201cno solamente la posibilidad de garantizar el consumo interno y generar puestos de trabajo, sino de exportar estos productos para llenar de reservas y divisas que vuelvan a traccionar lo que necesitamos para que la Argentina crezca\u201d.<\/p>\n<p>\u201cCreo que Ejemplar es el ejemplo m\u00e1s claro de la pol\u00edtica que lleva adelante el gobierno nacional con el acompa\u00f1amiento del gobernador Bordet. Un gobernador que piensa a la Entre R\u00edos ampliando su matriz productiva y generando las condiciones para que cada entrerriano tenga trabajo. Ese es el proyecto pol\u00edtico que encarnan Bordet y el presidente de la Naci\u00f3n\u201d, subray\u00f3.<\/p>\n<p>Acompa\u00f1amiento del municipio<\/p>\n<p>En tanto, Ad\u00e1n Bahl afirm\u00f3 que \u201cla industria es clave en nuestro proyecto productivo de ciudad capital. Por eso acompa\u00f1amos a los que producen, a los apuestan por la ciudad y eligen seguir creciendo en Paran\u00e1; a los que crean fuentes de trabajo y generan oportunidades para los paranaenses que quieren progresar, como esta empresa con m\u00e1s de 20 a\u00f1os de trayectoria y una visi\u00f3n hacia delante\u201d.<\/p>\n<p>\u201cPor esto estamos invirtiendo en el Parque Industrial, mejorando la infraestructura\u201d, continu\u00f3 diciendo el intendente paranaense, al tiempo que indic\u00f3 que \u201cvemos que ese tambi\u00e9n es el proyecto del gobierno nacional y provincial. Muchas de las obras que hoy estamos haciendo a favor del desarrollo productivo, muchas de las herramientas que nuestros productores usan para seguir creciendo, se deben al trabajo conjunto con el Presidente y su equipo, con el gobernador y sus ministros\u201d.<\/p>\n<p>\u201cGracias por apoyar a los que producen y ayudarnos a construir una Paran\u00e1 capital con trabajo y desarrollo\u201d, concluy\u00f3.<\/p>\n<p>Destino del aporte<\/p>\n<p>Por su parte, el gerente de producci\u00f3n de Ejemplar, Jos\u00e9 Ribetti, dijo que \u00abeste aporte que estamos recibiendo nos pone muy contentos y nos moviliza mucho. Es la primera vez que vamos a poder importar una maquinaria, lo que nos va a permitir tener un nuevo producto y vamos a poder atender pedidos. Por ejemplo, en Argentina se comercializa el algod\u00f3n en zig zag, y es uno de los pocos pa\u00edses en que se hace as\u00ed. Internacionalmante se lo comercializa en rollo o en pompones y con este aporte lo que vamos hacer es importar maquinaria italiana para poder fabricar algod\u00f3n de ese modo para poder salir a mercados que hoy no podemos estar abasteciendo y tenemos pedidos para poder llegar\u00bb.<\/p>\n<p>\u00abAs\u00ed que estamos muy contentos con este desembolso y vamos a ponernos a trabajar para girar a Italia, encargar las m\u00e1quinas, y va a llevar seis u ocho meses que las fabriquen para nosotros\u201d, explic\u00f3.<\/p>\n<p>Y agreg\u00f3: \u201cEstamos emocionados por esto, porque nosotros venimos de una familia donde siempre hemos acondicionado maquinarias usadas, trabajando y creciendo, apostando y haciendo inversiones propias; y eso demanda m\u00e1s tiempo. Ahora tenemos un proyecto de ampliaci\u00f3n de duplicar la producci\u00f3n, as\u00ed que este es el camino\u201d.<\/p>\n<p>\u201cCon esto recibimos un empuj\u00f3n m\u00e1s que significativo y vamos a aprovecharlo para poder cumplir este objetivo que nos planteamos para seguir creciendo\u201d, finaliz\u00f3.<\/p>\n<p>La empresa<\/p>\n<p>Ejemplar S.A. cuenta con 20 a\u00f1os de experiencia en la elaboraci\u00f3n de algod\u00f3n de alta calidad y pureza. En la elaboraci\u00f3n de sus productos se utiliza un 100 por ciento de fibra natural.<\/p>\n<p>Con el objeto de preservar el medio ambiente, la compa\u00f1\u00eda desarroll\u00f3 un cuidado e innovador proceso de blanqueado sin la utilizaci\u00f3n de cloro o blanqueadores \u00f3pticos. Ello da como resultado productos de alta calidad y pureza, que renuevan y profundizan en forma constante el compromiso de la empresa con la sociedad.<\/p>\n<p>Ejemplar S.A. cuenta con una planta de elaboraci\u00f3n de algod\u00f3n hidr\u00f3filo de calidad superior diferenciada, obtenido a partir de fibra 100 por ciento natural con procesos libres de cloro o derivados. Tambi\u00e9n cuenta con dos plantas de desmotado de algod\u00f3n en bruto.<\/p>\n","protected":false},"excerpt":{"rendered":"<p>\u00abEstar aqu\u00ed significa reafirmar un modelo de producci\u00f3n y de desarrollo, muy lejos de aquellos especulativos de capitales financieros\u201d, dijo el gobernador Gustavo Bordet al visitar, junto a la diputada nacional Victoria Tolosa Paz, una empresa que recibi\u00f3 un aporte para incrementar su producci\u00f3n.<\/p>\n","protected":false},"author":8,"featured_media":77119,"comment_status":"open","ping_status":"open","sticky":false,"template":"","format":"standard","meta":{"fifu_image_url":"","fifu_image_alt":"","footnotes":""},"categories":[6],"tags":[486,167],"class_list":{"0":"post-77118","1":"post","2":"type-post","3":"status-publish","4":"format-standard","5":"has-post-thumbnail","7":"category-entre-rios","8":"tag-empresas","9":"tag-gustavo-bordet"},"yoast_head":"<title>El gobierno acompa\u00f1a el desarrollo de empresas entrerrianas - Informe Litoral<\/title>\n<meta name=\"robots\" content=\"index, follow, max-snippet:-1, max-image-preview:large, max-video-preview:-1\" \/>\n<link rel=\"canonical\" href=\"https:\/\/informelitoral.com.ar\/el-gobierno-acompana-el-desarrollo-de-empresas-entrerrianas\/\" \/>\n<meta property=\"og:locale\" content=\"es_ES\" \/>\n<meta property=\"og:type\" content=\"article\" \/>\n<meta property=\"og:title\" content=\"El gobierno acompa\u00f1a el desarrollo de empresas entrerrianas - Informe Litoral\" \/>\n<meta property=\"og:description\" content=\"&quot;Estar aqu\u00ed significa reafirmar un modelo de producci\u00f3n y de desarrollo, muy lejos de aquellos especulativos de capitales financieros\u201d, dijo el gobernador Gustavo Bordet al visitar, junto a la diputada nacional Victoria Tolosa Paz, una empresa que recibi\u00f3 un aporte para incrementar su producci\u00f3n.\" \/>\n<meta property=\"og:url\" content=\"https:\/\/informelitoral.com.ar\/el-gobierno-acompana-el-desarrollo-de-empresas-entrerrianas\/\" \/>\n<meta property=\"og:site_name\" content=\"Informe Litoral\" \/>\n<meta property=\"article:publisher\" content=\"https:\/\/www.facebook.com\/informelitoral\/\" \/>\n<meta property=\"article:published_time\" content=\"2022-05-04T15:27:31+00:00\" \/>\n<meta property=\"og:image\" content=\"https:\/\/informelitoral.com.ar\/%77%70%2d%63%6f%6e%74%65%6e%74\/uploads\/2022\/05\/p_1651675967.jpg\" \/>\n\t<meta property=\"og:image:width\" content=\"1920\" \/>\n\t<meta property=\"og:image:height\" content=\"800\" \/>\n\t<meta property=\"og:image:type\" content=\"image\/jpeg\" \/>\n<meta name=\"author\" content=\"Sebastian\" \/>\n<meta name=\"twitter:card\" content=\"summary_large_image\" \/>\n<meta name=\"twitter:creator\" content=\"@InformeLitoral\" \/>\n<meta name=\"twitter:site\" content=\"@InformeLitoral\" \/>\n<meta name=\"twitter:label1\" content=\"Escrito por\" \/>\n\t<meta name=\"twitter:data1\" content=\"Sebastian\" \/>\n\t<meta name=\"twitter:label2\" content=\"Tiempo de lectura\" \/>\n\t<meta name=\"twitter:data2\" content=\"8 minutos\" \/>\n<script type=\"application\/ld+json\" class=\"yoast-schema-graph\">{\"@context\":\"https:\\\/\\\/schema.org\",\"@graph\":[{\"@type\":\"Article\",\"@id\":\"https:\\\/\\\/informelitoral.com.ar\\\/el-gobierno-acompana-el-desarrollo-de-empresas-entrerrianas\\\/#article\",\"isPartOf\":{\"@id\":\"https:\\\/\\\/informelitoral.com.ar\\\/el-gobierno-acompana-el-desarrollo-de-empresas-entrerrianas\\\/\"},\"author\":{\"name\":\"Sebastian\",\"@id\":\"https:\\\/\\\/informelitoral.com.ar\\\/#\\\/schema\\\/person\\\/f05f9f461677119578717524b127d6d5\"},\"headline\":\"El gobierno acompa\u00f1a el desarrollo de empresas entrerrianas\",\"datePublished\":\"2022-05-04T15:27:31+00:00\",\"mainEntityOfPage\":{\"@id\":\"https:\\\/\\\/informelitoral.com.ar\\\/el-gobierno-acompana-el-desarrollo-de-empresas-entrerrianas\\\/\"},\"wordCount\":1677,\"commentCount\":0,\"publisher\":{\"@id\":\"https:\\\/\\\/informelitoral.com.ar\\\/#organization\"},\"image\":{\"@id\":\"https:\\\/\\\/informelitoral.com.ar\\\/el-gobierno-acompana-el-desarrollo-de-empresas-entrerrianas\\\/#primaryimage\"},\"thumbnailUrl\":\"https:\\\/\\\/informelitoral.com.ar\\\/%77%70%2d%63%6f%6e%74%65%6e%74\\\/uploads\\\/2022\\\/05\\\/p_1651675967.jpg\",\"keywords\":[\"Empresas\",\"Gustavo Bordet\"],\"articleSection\":[\"Entre R\u00edos\"],\"inLanguage\":\"es\",\"potentialAction\":[{\"@type\":\"CommentAction\",\"name\":\"Comment\",\"target\":[\"https:\\\/\\\/informelitoral.com.ar\\\/el-gobierno-acompana-el-desarrollo-de-empresas-entrerrianas\\\/#respond\"]}]},{\"@type\":\"WebPage\",\"@id\":\"https:\\\/\\\/informelitoral.com.ar\\\/el-gobierno-acompana-el-desarrollo-de-empresas-entrerrianas\\\/\",\"url\":\"https:\\\/\\\/informelitoral.com.ar\\\/el-gobierno-acompana-el-desarrollo-de-empresas-entrerrianas\\\/\",\"name\":\"El gobierno acompa\u00f1a el desarrollo de empresas entrerrianas - Informe Litoral\",\"isPartOf\":{\"@id\":\"https:\\\/\\\/informelitoral.com.ar\\\/#website\"},\"primaryImageOfPage\":{\"@id\":\"https:\\\/\\\/informelitoral.com.ar\\\/el-gobierno-acompana-el-desarrollo-de-empresas-entrerrianas\\\/#primaryimage\"},\"image\":{\"@id\":\"https:\\\/\\\/informelitoral.com.ar\\\/el-gobierno-acompana-el-desarrollo-de-empresas-entrerrianas\\\/#primaryimage\"},\"thumbnailUrl\":\"https:\\\/\\\/informelitoral.com.ar\\\/%77%70%2d%63%6f%6e%74%65%6e%74\\\/uploads\\\/2022\\\/05\\\/p_1651675967.jpg\",\"datePublished\":\"2022-05-04T15:27:31+00:00\",\"breadcrumb\":{\"@id\":\"https:\\\/\\\/informelitoral.com.ar\\\/el-gobierno-acompana-el-desarrollo-de-empresas-entrerrianas\\\/#breadcrumb\"},\"inLanguage\":\"es\",\"potentialAction\":[{\"@type\":\"ReadAction\",\"target\":[\"https:\\\/\\\/informelitoral.com.ar\\\/el-gobierno-acompana-el-desarrollo-de-empresas-entrerrianas\\\/\"]}]},{\"@type\":\"ImageObject\",\"inLanguage\":\"es\",\"@id\":\"https:\\\/\\\/informelitoral.com.ar\\\/el-gobierno-acompana-el-desarrollo-de-empresas-entrerrianas\\\/#primaryimage\",\"url\":\"https:\\\/\\\/informelitoral.com.ar\\\/%77%70%2d%63%6f%6e%74%65%6e%74\\\/uploads\\\/2022\\\/05\\\/p_1651675967.jpg\",\"contentUrl\":\"https:\\\/\\\/informelitoral.com.ar\\\/%77%70%2d%63%6f%6e%74%65%6e%74\\\/uploads\\\/2022\\\/05\\\/p_1651675967.jpg\",\"width\":1920,\"height\":800},{\"@type\":\"BreadcrumbList\",\"@id\":\"https:\\\/\\\/informelitoral.com.ar\\\/el-gobierno-acompana-el-desarrollo-de-empresas-entrerrianas\\\/#breadcrumb\",\"itemListElement\":[{\"@type\":\"ListItem\",\"position\":1,\"name\":\"Portada\",\"item\":\"https:\\\/\\\/informelitoral.com.ar\\\/\"},{\"@type\":\"ListItem\",\"position\":2,\"name\":\"El gobierno acompa\u00f1a el desarrollo de empresas entrerrianas\"}]},{\"@type\":\"WebSite\",\"@id\":\"https:\\\/\\\/informelitoral.com.ar\\\/#website\",\"url\":\"https:\\\/\\\/informelitoral.com.ar\\\/\",\"name\":\"Informe Litoral\",\"description\":\"&quot;Nos informamos&quot; \",\"publisher\":{\"@id\":\"https:\\\/\\\/informelitoral.com.ar\\\/#organization\"},\"potentialAction\":[{\"@type\":\"SearchAction\",\"target\":{\"@type\":\"EntryPoint\",\"urlTemplate\":\"https:\\\/\\\/informelitoral.com.ar\\\/?s={search_term_string}\"},\"query-input\":{\"@type\":\"PropertyValueSpecification\",\"valueRequired\":true,\"valueName\":\"search_term_string\"}}],\"inLanguage\":\"es\"},{\"@type\":\"Organization\",\"@id\":\"https:\\\/\\\/informelitoral.com.ar\\\/#organization\",\"name\":\"Informe Litoral\",\"url\":\"https:\\\/\\\/informelitoral.com.ar\\\/\",\"logo\":{\"@type\":\"ImageObject\",\"inLanguage\":\"es\",\"@id\":\"https:\\\/\\\/informelitoral.com.ar\\\/#\\\/schema\\\/logo\\\/image\\\/\",\"url\":\"https:\\\/\\\/informelitoral.com.ar\\\/%77%70%2d%63%6f%6e%74%65%6e%74\\\/uploads\\\/2021\\\/01\\\/circulo.png\",\"contentUrl\":\"https:\\\/\\\/informelitoral.com.ar\\\/%77%70%2d%63%6f%6e%74%65%6e%74\\\/uploads\\\/2021\\\/01\\\/circulo.png\",\"width\":723,\"height\":731,\"caption\":\"Informe Litoral\"},\"image\":{\"@id\":\"https:\\\/\\\/informelitoral.com.ar\\\/#\\\/schema\\\/logo\\\/image\\\/\"},\"sameAs\":[\"https:\\\/\\\/www.facebook.com\\\/informelitoral\\\/\",\"https:\\\/\\\/x.com\\\/InformeLitoral\",\"https:\\\/\\\/www.instagram.com\\\/informelitoral\\\/\",\"https:\\\/\\\/www.youtube.com\\\/channel\\\/UCua4Qvz8Icb6MYqhoq9xLXw\"]},{\"@type\":\"Person\",\"@id\":\"https:\\\/\\\/informelitoral.com.ar\\\/#\\\/schema\\\/person\\\/f05f9f461677119578717524b127d6d5\",\"name\":\"Sebastian\",\"image\":{\"@type\":\"ImageObject\",\"inLanguage\":\"es\",\"@id\":\"https:\\\/\\\/secure.gravatar.com\\\/avatar\\\/b71bf7481d447dfb9583c7f2798e7cc64de6efb9067b74633ed8c31059a3bd82?s=96&d=mm&r=g\",\"url\":\"https:\\\/\\\/secure.gravatar.com\\\/avatar\\\/b71bf7481d447dfb9583c7f2798e7cc64de6efb9067b74633ed8c31059a3bd82?s=96&d=mm&r=g\",\"contentUrl\":\"https:\\\/\\\/secure.gravatar.com\\\/avatar\\\/b71bf7481d447dfb9583c7f2798e7cc64de6efb9067b74633ed8c31059a3bd82?s=96&d=mm&r=g\",\"caption\":\"Sebastian\"},\"url\":\"https:\\\/\\\/informelitoral.com.ar\\\/author\\\/sebastian\\\/\"}]}<\/script>","yoast_head_json":{"title":"El gobierno acompa\u00f1a el desarrollo de empresas entrerrianas - Informe Litoral","robots":{"index":"index","follow":"follow","max-snippet":"max-snippet:-1","max-image-preview":"max-image-preview:large","max-video-preview":"max-video-preview:-1"},"canonical":"https:\/\/informelitoral.com.ar\/el-gobierno-acompana-el-desarrollo-de-empresas-entrerrianas\/","og_locale":"es_ES","og_type":"article","og_title":"El gobierno acompa\u00f1a el desarrollo de empresas entrerrianas - Informe Litoral","og_description":"\"Estar aqu\u00ed significa reafirmar un modelo de producci\u00f3n y de desarrollo, muy lejos de aquellos especulativos de capitales financieros\u201d, dijo el gobernador Gustavo Bordet al visitar, junto a la diputada nacional Victoria Tolosa Paz, una empresa que recibi\u00f3 un aporte para incrementar su producci\u00f3n.","og_url":"https:\/\/informelitoral.com.ar\/el-gobierno-acompana-el-desarrollo-de-empresas-entrerrianas\/","og_site_name":"Informe Litoral","article_publisher":"https:\/\/www.facebook.com\/informelitoral\/","article_published_time":"2022-05-04T15:27:31+00:00","og_image":[{"width":1920,"height":800,"url":"https:\/\/informelitoral.com.ar\/%77%70%2d%63%6f%6e%74%65%6e%74\/uploads\/2022\/05\/p_1651675967.jpg","type":"image\/jpeg"}],"author":"Sebastian","twitter_card":"summary_large_image","twitter_creator":"@InformeLitoral","twitter_site":"@InformeLitoral","twitter_misc":{"Escrito por":"Sebastian","Tiempo de lectura":"8 minutos"},"schema":{"@context":"https:\/\/schema.org","@graph":[{"@type":"Article","@id":"https:\/\/informelitoral.com.ar\/el-gobierno-acompana-el-desarrollo-de-empresas-entrerrianas\/#article","isPartOf":{"@id":"https:\/\/informelitoral.com.ar\/el-gobierno-acompana-el-desarrollo-de-empresas-entrerrianas\/"},"author":{"name":"Sebastian","@id":"https:\/\/informelitoral.com.ar\/#\/schema\/person\/f05f9f461677119578717524b127d6d5"},"headline":"El gobierno acompa\u00f1a el desarrollo de empresas entrerrianas","datePublished":"2022-05-04T15:27:31+00:00","mainEntityOfPage":{"@id":"https:\/\/informelitoral.com.ar\/el-gobierno-acompana-el-desarrollo-de-empresas-entrerrianas\/"},"wordCount":1677,"commentCount":0,"publisher":{"@id":"https:\/\/informelitoral.com.ar\/#organization"},"image":{"@id":"https:\/\/informelitoral.com.ar\/el-gobierno-acompana-el-desarrollo-de-empresas-entrerrianas\/#primaryimage"},"thumbnailUrl":"https:\/\/informelitoral.com.ar\/%77%70%2d%63%6f%6e%74%65%6e%74\/uploads\/2022\/05\/p_1651675967.jpg","keywords":["Empresas","Gustavo Bordet"],"articleSection":["Entre R\u00edos"],"inLanguage":"es","potentialAction":[{"@type":"CommentAction","name":"Comment","target":["https:\/\/informelitoral.com.ar\/el-gobierno-acompana-el-desarrollo-de-empresas-entrerrianas\/#respond"]}]},{"@type":"WebPage","@id":"https:\/\/informelitoral.com.ar\/el-gobierno-acompana-el-desarrollo-de-empresas-entrerrianas\/","url":"https:\/\/informelitoral.com.ar\/el-gobierno-acompana-el-desarrollo-de-empresas-entrerrianas\/","name":"El gobierno acompa\u00f1a el desarrollo de empresas entrerrianas - Informe Litoral","isPartOf":{"@id":"https:\/\/informelitoral.com.ar\/#website"},"primaryImageOfPage":{"@id":"https:\/\/informelitoral.com.ar\/el-gobierno-acompana-el-desarrollo-de-empresas-entrerrianas\/#primaryimage"},"image":{"@id":"https:\/\/informelitoral.com.ar\/el-gobierno-acompana-el-desarrollo-de-empresas-entrerrianas\/#primaryimage"},"thumbnailUrl":"https:\/\/informelitoral.com.ar\/%77%70%2d%63%6f%6e%74%65%6e%74\/uploads\/2022\/05\/p_1651675967.jpg","datePublished":"2022-05-04T15:27:31+00:00","breadcrumb":{"@id":"https:\/\/informelitoral.com.ar\/el-gobierno-acompana-el-desarrollo-de-empresas-entrerrianas\/#breadcrumb"},"inLanguage":"es","potentialAction":[{"@type":"ReadAction","target":["https:\/\/informelitoral.com.ar\/el-gobierno-acompana-el-desarrollo-de-empresas-entrerrianas\/"]}]},{"@type":"ImageObject","inLanguage":"es","@id":"https:\/\/informelitoral.com.ar\/el-gobierno-acompana-el-desarrollo-de-empresas-entrerrianas\/#primaryimage","url":"https:\/\/informelitoral.com.ar\/%77%70%2d%63%6f%6e%74%65%6e%74\/uploads\/2022\/05\/p_1651675967.jpg","contentUrl":"https:\/\/informelitoral.com.ar\/%77%70%2d%63%6f%6e%74%65%6e%74\/uploads\/2022\/05\/p_1651675967.jpg","width":1920,"height":800},{"@type":"BreadcrumbList","@id":"https:\/\/informelitoral.com.ar\/el-gobierno-acompana-el-desarrollo-de-empresas-entrerrianas\/#breadcrumb","itemListElement":[{"@type":"ListItem","position":1,"name":"Portada","item":"https:\/\/informelitoral.com.ar\/"},{"@type":"ListItem","position":2,"name":"El gobierno acompa\u00f1a el desarrollo de empresas entrerrianas"}]},{"@type":"WebSite","@id":"https:\/\/informelitoral.com.ar\/#website","url":"https:\/\/informelitoral.com.ar\/","name":"Informe Litoral","description":"&quot;Nos informamos&quot; ","publisher":{"@id":"https:\/\/informelitoral.com.ar\/#organization"},"potentialAction":[{"@type":"SearchAction","target":{"@type":"EntryPoint","urlTemplate":"https:\/\/informelitoral.com.ar\/?s={search_term_string}"},"query-input":{"@type":"PropertyValueSpecification","valueRequired":true,"valueName":"search_term_string"}}],"inLanguage":"es"},{"@type":"Organization","@id":"https:\/\/informelitoral.com.ar\/#organization","name":"Informe Litoral","url":"https:\/\/informelitoral.com.ar\/","logo":{"@type":"ImageObject","inLanguage":"es","@id":"https:\/\/informelitoral.com.ar\/#\/schema\/logo\/image\/","url":"https:\/\/informelitoral.com.ar\/%77%70%2d%63%6f%6e%74%65%6e%74\/uploads\/2021\/01\/circulo.png","contentUrl":"https:\/\/informelitoral.com.ar\/%77%70%2d%63%6f%6e%74%65%6e%74\/uploads\/2021\/01\/circulo.png","width":723,"height":731,"caption":"Informe Litoral"},"image":{"@id":"https:\/\/informelitoral.com.ar\/#\/schema\/logo\/image\/"},"sameAs":["https:\/\/www.facebook.com\/informelitoral\/","https:\/\/x.com\/InformeLitoral","https:\/\/www.instagram.com\/informelitoral\/","https:\/\/www.youtube.com\/channel\/UCua4Qvz8Icb6MYqhoq9xLXw"]},{"@type":"Person","@id":"https:\/\/informelitoral.com.ar\/#\/schema\/person\/f05f9f461677119578717524b127d6d5","name":"Sebastian","image":{"@type":"ImageObject","inLanguage":"es","@id":"https:\/\/secure.gravatar.com\/avatar\/b71bf7481d447dfb9583c7f2798e7cc64de6efb9067b74633ed8c31059a3bd82?s=96&d=mm&r=g","url":"https:\/\/secure.gravatar.com\/avatar\/b71bf7481d447dfb9583c7f2798e7cc64de6efb9067b74633ed8c31059a3bd82?s=96&d=mm&r=g","contentUrl":"https:\/\/secure.gravatar.com\/avatar\/b71bf7481d447dfb9583c7f2798e7cc64de6efb9067b74633ed8c31059a3bd82?s=96&d=mm&r=g","caption":"Sebastian"},"url":"https:\/\/informelitoral.com.ar\/author\/sebastian\/"}]}},"_links":{"self":[{"href":"https:\/\/informelitoral.com.ar\/%77%70%2d%6a%73%6f%6e\/wp\/v2\/posts\/77118","targetHints":{"allow":["GET"]}}],"collection":[{"href":"https:\/\/informelitoral.com.ar\/%77%70%2d%6a%73%6f%6e\/wp\/v2\/posts"}],"about":[{"href":"https:\/\/informelitoral.com.ar\/%77%70%2d%6a%73%6f%6e\/wp\/v2\/types\/post"}],"author":[{"embeddable":true,"href":"https:\/\/informelitoral.com.ar\/%77%70%2d%6a%73%6f%6e\/wp\/v2\/users\/8"}],"replies":[{"embeddable":true,"href":"https:\/\/informelitoral.com.ar\/%77%70%2d%6a%73%6f%6e\/wp\/v2\/comments?post=77118"}],"version-history":[{"count":0,"href":"https:\/\/informelitoral.com.ar\/%77%70%2d%6a%73%6f%6e\/wp\/v2\/posts\/77118\/revisions"}],"wp:featuredmedia":[{"embeddable":true,"href":"https:\/\/informelitoral.com.ar\/%77%70%2d%6a%73%6f%6e\/wp\/v2\/media\/77119"}],"wp:attachment":[{"href":"https:\/\/informelitoral.com.ar\/%77%70%2d%6a%73%6f%6e\/wp\/v2\/media?parent=77118"}],"wp:term":[{"taxonomy":"category","embeddable":true,"href":"https:\/\/informelitoral.com.ar\/%77%70%2d%6a%73%6f%6e\/wp\/v2\/categories?post=77118"},{"taxonomy":"post_tag","embeddable":true,"href":"https:\/\/informelitoral.com.ar\/%77%70%2d%6a%73%6f%6e\/wp\/v2\/tags?post=77118"}],"curies":[{"name":"wp","href":"https:\/\/api.w.org\/{rel}","templated":true}]}}