{"id":77083,"date":"2022-05-04T08:59:57","date_gmt":"2022-05-04T11:59:57","guid":{"rendered":"https:\/\/www.informelitoral.com.ar\/?p=77083"},"modified":"2022-05-04T08:59:57","modified_gmt":"2022-05-04T11:59:57","slug":"buscan-incrementar-la-produccion-de-carne-en-600-000-toneladas","status":"publish","type":"post","link":"https:\/\/informelitoral.com.ar\/buscan-incrementar-la-produccion-de-carne-en-600-000-toneladas\/","title":{"rendered":"Buscan incrementar la producci\u00f3n de carne en 600.000 toneladas"},"content":{"rendered":"<p>El ministro de Agricultura, Ganader\u00eda y Pesca, Juli\u00e1n Dom\u00ednguez, inici\u00f3 una ronda de trabajo con las provincias, en el marco del Plan de la Ganader\u00eda Argentina (Plan GanAr), cuyo objetivo es aumentar el stock y el peso de faena e incrementar en 600 mil toneladas la producci\u00f3n de carne para el a\u00f1o 2030, seg\u00fan inform\u00f3 la cartera rural.<\/p>\n<p>En ese sentido, Dom\u00ednguez mantuvo un encuentro con los ministros y representantes de las carteras agropecuarias o de producci\u00f3n de las provincias de Entre R\u00edos, Corrientes, Santa Fe, C\u00f3rdoba, Buenos Aires y La Pampa.<\/p>\n<p>La jornada de trabajo continuar\u00e1 en las pr\u00f3ximas semanas desde las provincias y all\u00ed se dise\u00f1ar\u00e1 una propuesta, en conjunto con las entidades agropecuarias, que identifique la diversidad productiva provincial y que proponga una respuesta diferenciada ante las necesidades de los productores en cada regi\u00f3n del pa\u00eds.<\/p>\n<p>Durante el encuentro, Dom\u00ednguez afirm\u00f3 que \u00abestamos trabajando para el futuro de la ganader\u00eda argentina\u00bb.<\/p>\n<p>\u00abEste es un primer paso. Es una propuesta abierta. Queremos que brinde una respuesta a la situaci\u00f3n de cada provincia, que d\u00e9 soluciones a nuestros productores en base a lo que se est\u00e1 necesitando en cada territorio\u00bb, a\u00f1adi\u00f3.<\/p>\n<p>Adem\u00e1s, expres\u00f3 que \u00abqueremos ir por una mayor y mejor producci\u00f3n. Para eso planteamos el aumento del peso de faena y de la tasa de destete. Aumentar la producci\u00f3n de carne en 600 mil toneladas de cara al 2030 significa producir un 20% m\u00e1s, algo que no ocurri\u00f3 en los \u00faltimos 50 a\u00f1os\u00bb.<\/p>\n<p>M\u00e1s adelante, el ministro expres\u00f3 que \u00abel gran desaf\u00edo que tenemos como pa\u00eds es tener una mirada integral de la ganader\u00eda. Hoy nos toca liderar esa visi\u00f3n de desarrollo de la ganader\u00eda argentina de una manera sostenible\u00bb.<\/p>\n<p>Dom\u00ednguez estuvo acompa\u00f1ado por el jefe de la Unidad de Gabinete de Asesores, Jorge Ruiz; y el secretario de Agricultura, Ganader\u00eda y Pesca de la Naci\u00f3n, Mat\u00edas Lestani.<\/p>\n<p>En representaci\u00f3n de las provincias participaron el ministro de Desarrollo Agrario de la Provincia de Buenos Aires, Javier Rodr\u00edguez; de Agricultura y Ganader\u00eda de C\u00f3rdoba, Sergio Busso; de Producci\u00f3n, Turismo y Desarrollo Econ\u00f3mico de Entre R\u00edos, Juan Jos\u00e9 Bahillo; de Producci\u00f3n de Corrientes, Claudio Anselmo; y el Subsecretario de asuntos agrarios de la provincia de La Pampa, Ricardo Baraldi. Tambi\u00e9n estuvieron representantes y equipos t\u00e9cnicos del Ministerio de la Producci\u00f3n de Santa Fe.<\/p>\n<p>Adem\u00e1s, estuvo presente el titular del IPCVA, Juan Jos\u00e9 Grigera Na\u00f3n, y en forma remota el coordinador de la Mesa de Carnes, Dardo Chiesa. Tambi\u00e9n particip\u00f3 por parte de la Federaci\u00f3n Gremial del Personal de la Industria de la Carne y sus derivados, el Secretario General Jos\u00e9 Alberto Fantini y el secretario general adjunto Carlos Edgardo Molinares.<\/p>\n","protected":false},"excerpt":{"rendered":"<p>\u201cPlanteamos el aumento del peso de faena y de la tasa de destete. Aumentar la producci\u00f3n de carne en 600 mil toneladas de cara al 2030 significa producir un 20% m\u00e1s\u201d, dijo el ministro Dom\u00ednguez.<\/p>\n","protected":false},"author":8,"featured_media":77084,"comment_status":"open","ping_status":"open","sticky":false,"template":"","format":"standard","meta":{"fifu_image_url":"","fifu_image_alt":"","footnotes":""},"categories":[1594],"tags":[389,120],"class_list":{"0":"post-77083","1":"post","2":"type-post","3":"status-publish","4":"format-standard","5":"has-post-thumbnail","7":"category-economia","8":"tag-carne","9":"tag-produccion"},"yoast_head":"<title>Buscan incrementar la producci\u00f3n de carne en 600.000 toneladas - Informe Litoral<\/title>\n<meta name=\"robots\" content=\"index, follow, max-snippet:-1, max-image-preview:large, max-video-preview:-1\" \/>\n<link rel=\"canonical\" href=\"https:\/\/informelitoral.com.ar\/buscan-incrementar-la-produccion-de-carne-en-600-000-toneladas\/\" \/>\n<meta property=\"og:locale\" content=\"es_ES\" \/>\n<meta property=\"og:type\" content=\"article\" \/>\n<meta property=\"og:title\" content=\"Buscan incrementar la producci\u00f3n de carne en 600.000 toneladas - Informe Litoral\" \/>\n<meta property=\"og:description\" content=\"\u201cPlanteamos el aumento del peso de faena y de la tasa de destete. Aumentar la producci\u00f3n de carne en 600 mil toneladas de cara al 2030 significa producir un 20% m\u00e1s\u201d, dijo el ministro Dom\u00ednguez.\" \/>\n<meta property=\"og:url\" content=\"https:\/\/informelitoral.com.ar\/buscan-incrementar-la-produccion-de-carne-en-600-000-toneladas\/\" \/>\n<meta property=\"og:site_name\" content=\"Informe Litoral\" \/>\n<meta property=\"article:publisher\" content=\"https:\/\/www.facebook.com\/informelitoral\/\" \/>\n<meta property=\"article:published_time\" content=\"2022-05-04T11:59:57+00:00\" \/>\n<meta property=\"og:image\" content=\"https:\/\/informelitoral.com.ar\/%77%70%2d%63%6f%6e%74%65%6e%74\/uploads\/2022\/05\/60129086e44a5_837_627.jpg\" \/>\n\t<meta property=\"og:image:width\" content=\"837\" \/>\n\t<meta property=\"og:image:height\" content=\"627\" \/>\n\t<meta property=\"og:image:type\" content=\"image\/jpeg\" \/>\n<meta name=\"author\" content=\"Sebastian\" \/>\n<meta name=\"twitter:card\" content=\"summary_large_image\" \/>\n<meta name=\"twitter:creator\" content=\"@InformeLitoral\" \/>\n<meta name=\"twitter:site\" content=\"@InformeLitoral\" \/>\n<meta name=\"twitter:label1\" content=\"Escrito por\" \/>\n\t<meta name=\"twitter:data1\" content=\"Sebastian\" \/>\n\t<meta name=\"twitter:label2\" content=\"Tiempo de lectura\" \/>\n\t<meta name=\"twitter:data2\" content=\"2 minutos\" \/>\n<script type=\"application\/ld+json\" class=\"yoast-schema-graph\">{\"@context\":\"https:\\\/\\\/schema.org\",\"@graph\":[{\"@type\":\"Article\",\"@id\":\"https:\\\/\\\/informelitoral.com.ar\\\/buscan-incrementar-la-produccion-de-carne-en-600-000-toneladas\\\/#article\",\"isPartOf\":{\"@id\":\"https:\\\/\\\/informelitoral.com.ar\\\/buscan-incrementar-la-produccion-de-carne-en-600-000-toneladas\\\/\"},\"author\":{\"name\":\"Sebastian\",\"@id\":\"https:\\\/\\\/informelitoral.com.ar\\\/#\\\/schema\\\/person\\\/f05f9f461677119578717524b127d6d5\"},\"headline\":\"Buscan incrementar la producci\u00f3n de carne en 600.000 toneladas\",\"datePublished\":\"2022-05-04T11:59:57+00:00\",\"mainEntityOfPage\":{\"@id\":\"https:\\\/\\\/informelitoral.com.ar\\\/buscan-incrementar-la-produccion-de-carne-en-600-000-toneladas\\\/\"},\"wordCount\":493,\"commentCount\":0,\"publisher\":{\"@id\":\"https:\\\/\\\/informelitoral.com.ar\\\/#organization\"},\"image\":{\"@id\":\"https:\\\/\\\/informelitoral.com.ar\\\/buscan-incrementar-la-produccion-de-carne-en-600-000-toneladas\\\/#primaryimage\"},\"thumbnailUrl\":\"https:\\\/\\\/informelitoral.com.ar\\\/%77%70%2d%63%6f%6e%74%65%6e%74\\\/uploads\\\/2022\\\/05\\\/60129086e44a5_837_627.jpg\",\"keywords\":[\"Carne\",\"Producci\u00f3n\"],\"articleSection\":[\"Econom\u00eda\"],\"inLanguage\":\"es\",\"potentialAction\":[{\"@type\":\"CommentAction\",\"name\":\"Comment\",\"target\":[\"https:\\\/\\\/informelitoral.com.ar\\\/buscan-incrementar-la-produccion-de-carne-en-600-000-toneladas\\\/#respond\"]}]},{\"@type\":\"WebPage\",\"@id\":\"https:\\\/\\\/informelitoral.com.ar\\\/buscan-incrementar-la-produccion-de-carne-en-600-000-toneladas\\\/\",\"url\":\"https:\\\/\\\/informelitoral.com.ar\\\/buscan-incrementar-la-produccion-de-carne-en-600-000-toneladas\\\/\",\"name\":\"Buscan incrementar la producci\u00f3n de carne en 600.000 toneladas - Informe Litoral\",\"isPartOf\":{\"@id\":\"https:\\\/\\\/informelitoral.com.ar\\\/#website\"},\"primaryImageOfPage\":{\"@id\":\"https:\\\/\\\/informelitoral.com.ar\\\/buscan-incrementar-la-produccion-de-carne-en-600-000-toneladas\\\/#primaryimage\"},\"image\":{\"@id\":\"https:\\\/\\\/informelitoral.com.ar\\\/buscan-incrementar-la-produccion-de-carne-en-600-000-toneladas\\\/#primaryimage\"},\"thumbnailUrl\":\"https:\\\/\\\/informelitoral.com.ar\\\/%77%70%2d%63%6f%6e%74%65%6e%74\\\/uploads\\\/2022\\\/05\\\/60129086e44a5_837_627.jpg\",\"datePublished\":\"2022-05-04T11:59:57+00:00\",\"breadcrumb\":{\"@id\":\"https:\\\/\\\/informelitoral.com.ar\\\/buscan-incrementar-la-produccion-de-carne-en-600-000-toneladas\\\/#breadcrumb\"},\"inLanguage\":\"es\",\"potentialAction\":[{\"@type\":\"ReadAction\",\"target\":[\"https:\\\/\\\/informelitoral.com.ar\\\/buscan-incrementar-la-produccion-de-carne-en-600-000-toneladas\\\/\"]}]},{\"@type\":\"ImageObject\",\"inLanguage\":\"es\",\"@id\":\"https:\\\/\\\/informelitoral.com.ar\\\/buscan-incrementar-la-produccion-de-carne-en-600-000-toneladas\\\/#primaryimage\",\"url\":\"https:\\\/\\\/informelitoral.com.ar\\\/%77%70%2d%63%6f%6e%74%65%6e%74\\\/uploads\\\/2022\\\/05\\\/60129086e44a5_837_627.jpg\",\"contentUrl\":\"https:\\\/\\\/informelitoral.com.ar\\\/%77%70%2d%63%6f%6e%74%65%6e%74\\\/uploads\\\/2022\\\/05\\\/60129086e44a5_837_627.jpg\",\"width\":837,\"height\":627},{\"@type\":\"BreadcrumbList\",\"@id\":\"https:\\\/\\\/informelitoral.com.ar\\\/buscan-incrementar-la-produccion-de-carne-en-600-000-toneladas\\\/#breadcrumb\",\"itemListElement\":[{\"@type\":\"ListItem\",\"position\":1,\"name\":\"Portada\",\"item\":\"https:\\\/\\\/informelitoral.com.ar\\\/\"},{\"@type\":\"ListItem\",\"position\":2,\"name\":\"Buscan incrementar la producci\u00f3n de carne en 600.000 toneladas\"}]},{\"@type\":\"WebSite\",\"@id\":\"https:\\\/\\\/informelitoral.com.ar\\\/#website\",\"url\":\"https:\\\/\\\/informelitoral.com.ar\\\/\",\"name\":\"Informe Litoral\",\"description\":\"&quot;Nos informamos&quot; \",\"publisher\":{\"@id\":\"https:\\\/\\\/informelitoral.com.ar\\\/#organization\"},\"potentialAction\":[{\"@type\":\"SearchAction\",\"target\":{\"@type\":\"EntryPoint\",\"urlTemplate\":\"https:\\\/\\\/informelitoral.com.ar\\\/?s={search_term_string}\"},\"query-input\":{\"@type\":\"PropertyValueSpecification\",\"valueRequired\":true,\"valueName\":\"search_term_string\"}}],\"inLanguage\":\"es\"},{\"@type\":\"Organization\",\"@id\":\"https:\\\/\\\/informelitoral.com.ar\\\/#organization\",\"name\":\"Informe Litoral\",\"url\":\"https:\\\/\\\/informelitoral.com.ar\\\/\",\"logo\":{\"@type\":\"ImageObject\",\"inLanguage\":\"es\",\"@id\":\"https:\\\/\\\/informelitoral.com.ar\\\/#\\\/schema\\\/logo\\\/image\\\/\",\"url\":\"https:\\\/\\\/informelitoral.com.ar\\\/%77%70%2d%63%6f%6e%74%65%6e%74\\\/uploads\\\/2021\\\/01\\\/circulo.png\",\"contentUrl\":\"https:\\\/\\\/informelitoral.com.ar\\\/%77%70%2d%63%6f%6e%74%65%6e%74\\\/uploads\\\/2021\\\/01\\\/circulo.png\",\"width\":723,\"height\":731,\"caption\":\"Informe Litoral\"},\"image\":{\"@id\":\"https:\\\/\\\/informelitoral.com.ar\\\/#\\\/schema\\\/logo\\\/image\\\/\"},\"sameAs\":[\"https:\\\/\\\/www.facebook.com\\\/informelitoral\\\/\",\"https:\\\/\\\/x.com\\\/InformeLitoral\",\"https:\\\/\\\/www.instagram.com\\\/informelitoral\\\/\",\"https:\\\/\\\/www.youtube.com\\\/channel\\\/UCua4Qvz8Icb6MYqhoq9xLXw\"]},{\"@type\":\"Person\",\"@id\":\"https:\\\/\\\/informelitoral.com.ar\\\/#\\\/schema\\\/person\\\/f05f9f461677119578717524b127d6d5\",\"name\":\"Sebastian\",\"image\":{\"@type\":\"ImageObject\",\"inLanguage\":\"es\",\"@id\":\"https:\\\/\\\/secure.gravatar.com\\\/avatar\\\/b71bf7481d447dfb9583c7f2798e7cc64de6efb9067b74633ed8c31059a3bd82?s=96&d=mm&r=g\",\"url\":\"https:\\\/\\\/secure.gravatar.com\\\/avatar\\\/b71bf7481d447dfb9583c7f2798e7cc64de6efb9067b74633ed8c31059a3bd82?s=96&d=mm&r=g\",\"contentUrl\":\"https:\\\/\\\/secure.gravatar.com\\\/avatar\\\/b71bf7481d447dfb9583c7f2798e7cc64de6efb9067b74633ed8c31059a3bd82?s=96&d=mm&r=g\",\"caption\":\"Sebastian\"},\"url\":\"https:\\\/\\\/informelitoral.com.ar\\\/author\\\/sebastian\\\/\"}]}<\/script>","yoast_head_json":{"title":"Buscan incrementar la producci\u00f3n de carne en 600.000 toneladas - Informe Litoral","robots":{"index":"index","follow":"follow","max-snippet":"max-snippet:-1","max-image-preview":"max-image-preview:large","max-video-preview":"max-video-preview:-1"},"canonical":"https:\/\/informelitoral.com.ar\/buscan-incrementar-la-produccion-de-carne-en-600-000-toneladas\/","og_locale":"es_ES","og_type":"article","og_title":"Buscan incrementar la producci\u00f3n de carne en 600.000 toneladas - Informe Litoral","og_description":"\u201cPlanteamos el aumento del peso de faena y de la tasa de destete. Aumentar la producci\u00f3n de carne en 600 mil toneladas de cara al 2030 significa producir un 20% m\u00e1s\u201d, dijo el ministro Dom\u00ednguez.","og_url":"https:\/\/informelitoral.com.ar\/buscan-incrementar-la-produccion-de-carne-en-600-000-toneladas\/","og_site_name":"Informe Litoral","article_publisher":"https:\/\/www.facebook.com\/informelitoral\/","article_published_time":"2022-05-04T11:59:57+00:00","og_image":[{"width":837,"height":627,"url":"https:\/\/informelitoral.com.ar\/%77%70%2d%63%6f%6e%74%65%6e%74\/uploads\/2022\/05\/60129086e44a5_837_627.jpg","type":"image\/jpeg"}],"author":"Sebastian","twitter_card":"summary_large_image","twitter_creator":"@InformeLitoral","twitter_site":"@InformeLitoral","twitter_misc":{"Escrito por":"Sebastian","Tiempo de lectura":"2 minutos"},"schema":{"@context":"https:\/\/schema.org","@graph":[{"@type":"Article","@id":"https:\/\/informelitoral.com.ar\/buscan-incrementar-la-produccion-de-carne-en-600-000-toneladas\/#article","isPartOf":{"@id":"https:\/\/informelitoral.com.ar\/buscan-incrementar-la-produccion-de-carne-en-600-000-toneladas\/"},"author":{"name":"Sebastian","@id":"https:\/\/informelitoral.com.ar\/#\/schema\/person\/f05f9f461677119578717524b127d6d5"},"headline":"Buscan incrementar la producci\u00f3n de carne en 600.000 toneladas","datePublished":"2022-05-04T11:59:57+00:00","mainEntityOfPage":{"@id":"https:\/\/informelitoral.com.ar\/buscan-incrementar-la-produccion-de-carne-en-600-000-toneladas\/"},"wordCount":493,"commentCount":0,"publisher":{"@id":"https:\/\/informelitoral.com.ar\/#organization"},"image":{"@id":"https:\/\/informelitoral.com.ar\/buscan-incrementar-la-produccion-de-carne-en-600-000-toneladas\/#primaryimage"},"thumbnailUrl":"https:\/\/informelitoral.com.ar\/%77%70%2d%63%6f%6e%74%65%6e%74\/uploads\/2022\/05\/60129086e44a5_837_627.jpg","keywords":["Carne","Producci\u00f3n"],"articleSection":["Econom\u00eda"],"inLanguage":"es","potentialAction":[{"@type":"CommentAction","name":"Comment","target":["https:\/\/informelitoral.com.ar\/buscan-incrementar-la-produccion-de-carne-en-600-000-toneladas\/#respond"]}]},{"@type":"WebPage","@id":"https:\/\/informelitoral.com.ar\/buscan-incrementar-la-produccion-de-carne-en-600-000-toneladas\/","url":"https:\/\/informelitoral.com.ar\/buscan-incrementar-la-produccion-de-carne-en-600-000-toneladas\/","name":"Buscan incrementar la producci\u00f3n de carne en 600.000 toneladas - Informe Litoral","isPartOf":{"@id":"https:\/\/informelitoral.com.ar\/#website"},"primaryImageOfPage":{"@id":"https:\/\/informelitoral.com.ar\/buscan-incrementar-la-produccion-de-carne-en-600-000-toneladas\/#primaryimage"},"image":{"@id":"https:\/\/informelitoral.com.ar\/buscan-incrementar-la-produccion-de-carne-en-600-000-toneladas\/#primaryimage"},"thumbnailUrl":"https:\/\/informelitoral.com.ar\/%77%70%2d%63%6f%6e%74%65%6e%74\/uploads\/2022\/05\/60129086e44a5_837_627.jpg","datePublished":"2022-05-04T11:59:57+00:00","breadcrumb":{"@id":"https:\/\/informelitoral.com.ar\/buscan-incrementar-la-produccion-de-carne-en-600-000-toneladas\/#breadcrumb"},"inLanguage":"es","potentialAction":[{"@type":"ReadAction","target":["https:\/\/informelitoral.com.ar\/buscan-incrementar-la-produccion-de-carne-en-600-000-toneladas\/"]}]},{"@type":"ImageObject","inLanguage":"es","@id":"https:\/\/informelitoral.com.ar\/buscan-incrementar-la-produccion-de-carne-en-600-000-toneladas\/#primaryimage","url":"https:\/\/informelitoral.com.ar\/%77%70%2d%63%6f%6e%74%65%6e%74\/uploads\/2022\/05\/60129086e44a5_837_627.jpg","contentUrl":"https:\/\/informelitoral.com.ar\/%77%70%2d%63%6f%6e%74%65%6e%74\/uploads\/2022\/05\/60129086e44a5_837_627.jpg","width":837,"height":627},{"@type":"BreadcrumbList","@id":"https:\/\/informelitoral.com.ar\/buscan-incrementar-la-produccion-de-carne-en-600-000-toneladas\/#breadcrumb","itemListElement":[{"@type":"ListItem","position":1,"name":"Portada","item":"https:\/\/informelitoral.com.ar\/"},{"@type":"ListItem","position":2,"name":"Buscan incrementar la producci\u00f3n de carne en 600.000 toneladas"}]},{"@type":"WebSite","@id":"https:\/\/informelitoral.com.ar\/#website","url":"https:\/\/informelitoral.com.ar\/","name":"Informe Litoral","description":"&quot;Nos informamos&quot; ","publisher":{"@id":"https:\/\/informelitoral.com.ar\/#organization"},"potentialAction":[{"@type":"SearchAction","target":{"@type":"EntryPoint","urlTemplate":"https:\/\/informelitoral.com.ar\/?s={search_term_string}"},"query-input":{"@type":"PropertyValueSpecification","valueRequired":true,"valueName":"search_term_string"}}],"inLanguage":"es"},{"@type":"Organization","@id":"https:\/\/informelitoral.com.ar\/#organization","name":"Informe Litoral","url":"https:\/\/informelitoral.com.ar\/","logo":{"@type":"ImageObject","inLanguage":"es","@id":"https:\/\/informelitoral.com.ar\/#\/schema\/logo\/image\/","url":"https:\/\/informelitoral.com.ar\/%77%70%2d%63%6f%6e%74%65%6e%74\/uploads\/2021\/01\/circulo.png","contentUrl":"https:\/\/informelitoral.com.ar\/%77%70%2d%63%6f%6e%74%65%6e%74\/uploads\/2021\/01\/circulo.png","width":723,"height":731,"caption":"Informe Litoral"},"image":{"@id":"https:\/\/informelitoral.com.ar\/#\/schema\/logo\/image\/"},"sameAs":["https:\/\/www.facebook.com\/informelitoral\/","https:\/\/x.com\/InformeLitoral","https:\/\/www.instagram.com\/informelitoral\/","https:\/\/www.youtube.com\/channel\/UCua4Qvz8Icb6MYqhoq9xLXw"]},{"@type":"Person","@id":"https:\/\/informelitoral.com.ar\/#\/schema\/person\/f05f9f461677119578717524b127d6d5","name":"Sebastian","image":{"@type":"ImageObject","inLanguage":"es","@id":"https:\/\/secure.gravatar.com\/avatar\/b71bf7481d447dfb9583c7f2798e7cc64de6efb9067b74633ed8c31059a3bd82?s=96&d=mm&r=g","url":"https:\/\/secure.gravatar.com\/avatar\/b71bf7481d447dfb9583c7f2798e7cc64de6efb9067b74633ed8c31059a3bd82?s=96&d=mm&r=g","contentUrl":"https:\/\/secure.gravatar.com\/avatar\/b71bf7481d447dfb9583c7f2798e7cc64de6efb9067b74633ed8c31059a3bd82?s=96&d=mm&r=g","caption":"Sebastian"},"url":"https:\/\/informelitoral.com.ar\/author\/sebastian\/"}]}},"_links":{"self":[{"href":"https:\/\/informelitoral.com.ar\/%77%70%2d%6a%73%6f%6e\/wp\/v2\/posts\/77083","targetHints":{"allow":["GET"]}}],"collection":[{"href":"https:\/\/informelitoral.com.ar\/%77%70%2d%6a%73%6f%6e\/wp\/v2\/posts"}],"about":[{"href":"https:\/\/informelitoral.com.ar\/%77%70%2d%6a%73%6f%6e\/wp\/v2\/types\/post"}],"author":[{"embeddable":true,"href":"https:\/\/informelitoral.com.ar\/%77%70%2d%6a%73%6f%6e\/wp\/v2\/users\/8"}],"replies":[{"embeddable":true,"href":"https:\/\/informelitoral.com.ar\/%77%70%2d%6a%73%6f%6e\/wp\/v2\/comments?post=77083"}],"version-history":[{"count":0,"href":"https:\/\/informelitoral.com.ar\/%77%70%2d%6a%73%6f%6e\/wp\/v2\/posts\/77083\/revisions"}],"wp:featuredmedia":[{"embeddable":true,"href":"https:\/\/informelitoral.com.ar\/%77%70%2d%6a%73%6f%6e\/wp\/v2\/media\/77084"}],"wp:attachment":[{"href":"https:\/\/informelitoral.com.ar\/%77%70%2d%6a%73%6f%6e\/wp\/v2\/media?parent=77083"}],"wp:term":[{"taxonomy":"category","embeddable":true,"href":"https:\/\/informelitoral.com.ar\/%77%70%2d%6a%73%6f%6e\/wp\/v2\/categories?post=77083"},{"taxonomy":"post_tag","embeddable":true,"href":"https:\/\/informelitoral.com.ar\/%77%70%2d%6a%73%6f%6e\/wp\/v2\/tags?post=77083"}],"curies":[{"name":"wp","href":"https:\/\/api.w.org\/{rel}","templated":true}]}}