{"id":76982,"date":"2022-05-02T21:09:51","date_gmt":"2022-05-03T00:09:51","guid":{"rendered":"https:\/\/www.informelitoral.com.ar\/?p=76982"},"modified":"2022-05-02T21:09:51","modified_gmt":"2022-05-03T00:09:51","slug":"este-martes-habra-una-jornada-de-extraccion-de-sangre-en-diamante","status":"publish","type":"post","link":"https:\/\/informelitoral.com.ar\/este-martes-habra-una-jornada-de-extraccion-de-sangre-en-diamante\/","title":{"rendered":"Este martes habr\u00e1 una jornada de extracci\u00f3n de sangre en Diamante"},"content":{"rendered":"<p>El martes 3 de mayo, el Colectivo de Salud Integral estar\u00e1 en Plaza 9 de Julio realizando las extracciones de sangre en el marco del Programa Provincial de Hemoterapia.<\/p>\n<p>Los interesados deber\u00e1n presentarse, con DNI, de 8 a 10.<\/p>\n<p><strong>Podr\u00e1n donar cualquier persona que cumpla con las siguientes condiciones:<\/strong><\/p>\n<p>&#8211; Tener entre 18 y 65 a\u00f1os de edad. (Menor de 18 a\u00f1os con autorizaci\u00f3n)<\/p>\n<p>&#8211; Pesar m\u00e1s de 50 kilos.<\/p>\n<p>&#8211; Sentirse bien de salud.<\/p>\n<p>&#8211; No estar en ayunas (preferentemente sin l\u00e1cteos y grasas)<\/p>\n<p>&#8211; No haber donado sangre en los \u00faltimos dos meses.<\/p>\n<p>La actividad es organizada por el Ministerio de Salud de la provincia, junto al Hospital San Jos\u00e9 y al \u00c1rea de Salud Municipal.<\/p>\n<p>El Programa Provincial de Hemoterapia tiene como objetivos promover y concientizar sobre la importancia de la donaci\u00f3n voluntaria y altruista, la formaci\u00f3n y establecimiento de la Red Provincial de Sangre y la articulaci\u00f3n a la Red Nacional de Sangre; y la capacitaci\u00f3n del personal que realiza tareas relacionadas con la hemoterapia de toda la provincia, entre otros.<\/p>\n<p><a href=\"https:\/\/www.informelitoral.com.ar\/%77%70%2d%63%6f%6e%74%65%6e%74\/uploads\/2022\/05\/WhatsApp-Image-2022-04-29-at-11.23.07-AM.jpeg\"><img loading=\"lazy\" decoding=\"async\" class=\"aligncenter wp-image-76983 size-full\" src=\"https:\/\/www.informelitoral.com.ar\/%77%70%2d%63%6f%6e%74%65%6e%74\/uploads\/2022\/05\/WhatsApp-Image-2022-04-29-at-11.23.07-AM.jpeg\" alt=\"\" width=\"1029\" height=\"1280\" srcset=\"https:\/\/informelitoral.com.ar\/%77%70%2d%63%6f%6e%74%65%6e%74\/uploads\/2022\/05\/WhatsApp-Image-2022-04-29-at-11.23.07-AM.jpeg 1029w, https:\/\/informelitoral.com.ar\/%77%70%2d%63%6f%6e%74%65%6e%74\/uploads\/2022\/05\/WhatsApp-Image-2022-04-29-at-11.23.07-AM-241x300.jpeg 241w, https:\/\/informelitoral.com.ar\/%77%70%2d%63%6f%6e%74%65%6e%74\/uploads\/2022\/05\/WhatsApp-Image-2022-04-29-at-11.23.07-AM-823x1024.jpeg 823w, https:\/\/informelitoral.com.ar\/%77%70%2d%63%6f%6e%74%65%6e%74\/uploads\/2022\/05\/WhatsApp-Image-2022-04-29-at-11.23.07-AM-768x955.jpeg 768w, https:\/\/informelitoral.com.ar\/%77%70%2d%63%6f%6e%74%65%6e%74\/uploads\/2022\/05\/WhatsApp-Image-2022-04-29-at-11.23.07-AM-696x866.jpeg 696w, https:\/\/informelitoral.com.ar\/%77%70%2d%63%6f%6e%74%65%6e%74\/uploads\/2022\/05\/WhatsApp-Image-2022-04-29-at-11.23.07-AM-338x420.jpeg 338w\" sizes=\"auto, (max-width: 1029px) 100vw, 1029px\" \/><\/a><\/p>\n<p><a href=\"https:\/\/www.informelitoral.com.ar\/%77%70%2d%63%6f%6e%74%65%6e%74\/uploads\/2022\/05\/WhatsApp-Image-2022-04-29-at-11.29.59-AM.jpeg\"><img loading=\"lazy\" decoding=\"async\" class=\"aligncenter wp-image-76984 size-full\" src=\"https:\/\/www.informelitoral.com.ar\/%77%70%2d%63%6f%6e%74%65%6e%74\/uploads\/2022\/05\/WhatsApp-Image-2022-04-29-at-11.29.59-AM.jpeg\" alt=\"\" width=\"1280\" height=\"1260\" srcset=\"https:\/\/informelitoral.com.ar\/%77%70%2d%63%6f%6e%74%65%6e%74\/uploads\/2022\/05\/WhatsApp-Image-2022-04-29-at-11.29.59-AM.jpeg 1280w, https:\/\/informelitoral.com.ar\/%77%70%2d%63%6f%6e%74%65%6e%74\/uploads\/2022\/05\/WhatsApp-Image-2022-04-29-at-11.29.59-AM-300x295.jpeg 300w, https:\/\/informelitoral.com.ar\/%77%70%2d%63%6f%6e%74%65%6e%74\/uploads\/2022\/05\/WhatsApp-Image-2022-04-29-at-11.29.59-AM-1024x1008.jpeg 1024w, https:\/\/informelitoral.com.ar\/%77%70%2d%63%6f%6e%74%65%6e%74\/uploads\/2022\/05\/WhatsApp-Image-2022-04-29-at-11.29.59-AM-768x756.jpeg 768w, https:\/\/informelitoral.com.ar\/%77%70%2d%63%6f%6e%74%65%6e%74\/uploads\/2022\/05\/WhatsApp-Image-2022-04-29-at-11.29.59-AM-696x685.jpeg 696w, https:\/\/informelitoral.com.ar\/%77%70%2d%63%6f%6e%74%65%6e%74\/uploads\/2022\/05\/WhatsApp-Image-2022-04-29-at-11.29.59-AM-1068x1051.jpeg 1068w, https:\/\/informelitoral.com.ar\/%77%70%2d%63%6f%6e%74%65%6e%74\/uploads\/2022\/05\/WhatsApp-Image-2022-04-29-at-11.29.59-AM-427x420.jpeg 427w\" sizes=\"auto, (max-width: 1280px) 100vw, 1280px\" \/><\/a><\/p>\n","protected":false},"excerpt":{"rendered":"<p>El Ministerio de Salud junto al Hospital y a Salud Municipal impulsan una jornada de extracci\u00f3n de sangre, en el marco del Programa Provincial de Hemoterapia. Ser\u00e1 en Plaza 9 de Julio, de 8 a 10.<\/p>\n","protected":false},"author":2,"featured_media":52105,"comment_status":"open","ping_status":"open","sticky":false,"template":"","format":"standard","meta":{"fifu_image_url":"","fifu_image_alt":"","footnotes":""},"categories":[5],"tags":[34,1985],"class_list":{"0":"post-76982","1":"post","2":"type-post","3":"status-publish","4":"format-standard","5":"has-post-thumbnail","7":"category-zonales","8":"tag-diamante","9":"tag-donar-sangre"},"yoast_head":"<title>Este martes habr\u00e1 una jornada de extracci\u00f3n de sangre en Diamante - Informe Litoral<\/title>\n<meta name=\"robots\" content=\"index, follow, max-snippet:-1, max-image-preview:large, max-video-preview:-1\" \/>\n<link rel=\"canonical\" href=\"https:\/\/informelitoral.com.ar\/este-martes-habra-una-jornada-de-extraccion-de-sangre-en-diamante\/\" \/>\n<meta property=\"og:locale\" content=\"es_ES\" \/>\n<meta property=\"og:type\" content=\"article\" \/>\n<meta property=\"og:title\" content=\"Este martes habr\u00e1 una jornada de extracci\u00f3n de sangre en Diamante - Informe Litoral\" \/>\n<meta property=\"og:description\" content=\"El Ministerio de Salud junto al Hospital y a Salud Municipal impulsan una jornada de extracci\u00f3n de sangre, en el marco del Programa Provincial de Hemoterapia. Ser\u00e1 en Plaza 9 de Julio, de 8 a 10.\" \/>\n<meta property=\"og:url\" content=\"https:\/\/informelitoral.com.ar\/este-martes-habra-una-jornada-de-extraccion-de-sangre-en-diamante\/\" \/>\n<meta property=\"og:site_name\" content=\"Informe Litoral\" \/>\n<meta property=\"article:publisher\" content=\"https:\/\/www.facebook.com\/informelitoral\/\" \/>\n<meta property=\"article:published_time\" content=\"2022-05-03T00:09:51+00:00\" \/>\n<meta property=\"og:image\" content=\"https:\/\/informelitoral.com.ar\/%77%70%2d%63%6f%6e%74%65%6e%74\/uploads\/2020\/10\/donar-sangre.jpg\" \/>\n\t<meta property=\"og:image:width\" content=\"1200\" \/>\n\t<meta property=\"og:image:height\" content=\"640\" \/>\n\t<meta property=\"og:image:type\" content=\"image\/jpeg\" \/>\n<meta name=\"author\" content=\"Gonzalo Schmidt\" \/>\n<meta name=\"twitter:card\" content=\"summary_large_image\" \/>\n<meta name=\"twitter:creator\" content=\"@InformeLitoral\" \/>\n<meta name=\"twitter:site\" content=\"@InformeLitoral\" \/>\n<meta name=\"twitter:label1\" content=\"Escrito por\" \/>\n\t<meta name=\"twitter:data1\" content=\"Gonzalo Schmidt\" \/>\n\t<meta name=\"twitter:label2\" content=\"Tiempo de lectura\" \/>\n\t<meta name=\"twitter:data2\" content=\"1 minuto\" \/>\n<script type=\"application\/ld+json\" class=\"yoast-schema-graph\">{\"@context\":\"https:\\\/\\\/schema.org\",\"@graph\":[{\"@type\":\"Article\",\"@id\":\"https:\\\/\\\/informelitoral.com.ar\\\/este-martes-habra-una-jornada-de-extraccion-de-sangre-en-diamante\\\/#article\",\"isPartOf\":{\"@id\":\"https:\\\/\\\/informelitoral.com.ar\\\/este-martes-habra-una-jornada-de-extraccion-de-sangre-en-diamante\\\/\"},\"author\":{\"name\":\"Gonzalo Schmidt\",\"@id\":\"https:\\\/\\\/informelitoral.com.ar\\\/#\\\/schema\\\/person\\\/b9d00407c836482871ef1d57bf8e3180\"},\"headline\":\"Este martes habr\u00e1 una jornada de extracci\u00f3n de sangre en Diamante\",\"datePublished\":\"2022-05-03T00:09:51+00:00\",\"mainEntityOfPage\":{\"@id\":\"https:\\\/\\\/informelitoral.com.ar\\\/este-martes-habra-una-jornada-de-extraccion-de-sangre-en-diamante\\\/\"},\"wordCount\":190,\"commentCount\":0,\"publisher\":{\"@id\":\"https:\\\/\\\/informelitoral.com.ar\\\/#organization\"},\"image\":{\"@id\":\"https:\\\/\\\/informelitoral.com.ar\\\/este-martes-habra-una-jornada-de-extraccion-de-sangre-en-diamante\\\/#primaryimage\"},\"thumbnailUrl\":\"https:\\\/\\\/informelitoral.com.ar\\\/%77%70%2d%63%6f%6e%74%65%6e%74\\\/uploads\\\/2020\\\/10\\\/donar-sangre.jpg\",\"keywords\":[\"Diamante\",\"Donar sangre\"],\"articleSection\":[\"Departamento Diamante\"],\"inLanguage\":\"es\",\"potentialAction\":[{\"@type\":\"CommentAction\",\"name\":\"Comment\",\"target\":[\"https:\\\/\\\/informelitoral.com.ar\\\/este-martes-habra-una-jornada-de-extraccion-de-sangre-en-diamante\\\/#respond\"]}]},{\"@type\":\"WebPage\",\"@id\":\"https:\\\/\\\/informelitoral.com.ar\\\/este-martes-habra-una-jornada-de-extraccion-de-sangre-en-diamante\\\/\",\"url\":\"https:\\\/\\\/informelitoral.com.ar\\\/este-martes-habra-una-jornada-de-extraccion-de-sangre-en-diamante\\\/\",\"name\":\"Este martes habr\u00e1 una jornada de extracci\u00f3n de sangre en Diamante - Informe Litoral\",\"isPartOf\":{\"@id\":\"https:\\\/\\\/informelitoral.com.ar\\\/#website\"},\"primaryImageOfPage\":{\"@id\":\"https:\\\/\\\/informelitoral.com.ar\\\/este-martes-habra-una-jornada-de-extraccion-de-sangre-en-diamante\\\/#primaryimage\"},\"image\":{\"@id\":\"https:\\\/\\\/informelitoral.com.ar\\\/este-martes-habra-una-jornada-de-extraccion-de-sangre-en-diamante\\\/#primaryimage\"},\"thumbnailUrl\":\"https:\\\/\\\/informelitoral.com.ar\\\/%77%70%2d%63%6f%6e%74%65%6e%74\\\/uploads\\\/2020\\\/10\\\/donar-sangre.jpg\",\"datePublished\":\"2022-05-03T00:09:51+00:00\",\"breadcrumb\":{\"@id\":\"https:\\\/\\\/informelitoral.com.ar\\\/este-martes-habra-una-jornada-de-extraccion-de-sangre-en-diamante\\\/#breadcrumb\"},\"inLanguage\":\"es\",\"potentialAction\":[{\"@type\":\"ReadAction\",\"target\":[\"https:\\\/\\\/informelitoral.com.ar\\\/este-martes-habra-una-jornada-de-extraccion-de-sangre-en-diamante\\\/\"]}]},{\"@type\":\"ImageObject\",\"inLanguage\":\"es\",\"@id\":\"https:\\\/\\\/informelitoral.com.ar\\\/este-martes-habra-una-jornada-de-extraccion-de-sangre-en-diamante\\\/#primaryimage\",\"url\":\"https:\\\/\\\/informelitoral.com.ar\\\/%77%70%2d%63%6f%6e%74%65%6e%74\\\/uploads\\\/2020\\\/10\\\/donar-sangre.jpg\",\"contentUrl\":\"https:\\\/\\\/informelitoral.com.ar\\\/%77%70%2d%63%6f%6e%74%65%6e%74\\\/uploads\\\/2020\\\/10\\\/donar-sangre.jpg\",\"width\":1200,\"height\":640},{\"@type\":\"BreadcrumbList\",\"@id\":\"https:\\\/\\\/informelitoral.com.ar\\\/este-martes-habra-una-jornada-de-extraccion-de-sangre-en-diamante\\\/#breadcrumb\",\"itemListElement\":[{\"@type\":\"ListItem\",\"position\":1,\"name\":\"Portada\",\"item\":\"https:\\\/\\\/informelitoral.com.ar\\\/\"},{\"@type\":\"ListItem\",\"position\":2,\"name\":\"Este martes habr\u00e1 una jornada de extracci\u00f3n de sangre en Diamante\"}]},{\"@type\":\"WebSite\",\"@id\":\"https:\\\/\\\/informelitoral.com.ar\\\/#website\",\"url\":\"https:\\\/\\\/informelitoral.com.ar\\\/\",\"name\":\"Informe Litoral\",\"description\":\"&quot;Nos informamos&quot; \",\"publisher\":{\"@id\":\"https:\\\/\\\/informelitoral.com.ar\\\/#organization\"},\"potentialAction\":[{\"@type\":\"SearchAction\",\"target\":{\"@type\":\"EntryPoint\",\"urlTemplate\":\"https:\\\/\\\/informelitoral.com.ar\\\/?s={search_term_string}\"},\"query-input\":{\"@type\":\"PropertyValueSpecification\",\"valueRequired\":true,\"valueName\":\"search_term_string\"}}],\"inLanguage\":\"es\"},{\"@type\":\"Organization\",\"@id\":\"https:\\\/\\\/informelitoral.com.ar\\\/#organization\",\"name\":\"Informe Litoral\",\"url\":\"https:\\\/\\\/informelitoral.com.ar\\\/\",\"logo\":{\"@type\":\"ImageObject\",\"inLanguage\":\"es\",\"@id\":\"https:\\\/\\\/informelitoral.com.ar\\\/#\\\/schema\\\/logo\\\/image\\\/\",\"url\":\"https:\\\/\\\/informelitoral.com.ar\\\/%77%70%2d%63%6f%6e%74%65%6e%74\\\/uploads\\\/2021\\\/01\\\/circulo.png\",\"contentUrl\":\"https:\\\/\\\/informelitoral.com.ar\\\/%77%70%2d%63%6f%6e%74%65%6e%74\\\/uploads\\\/2021\\\/01\\\/circulo.png\",\"width\":723,\"height\":731,\"caption\":\"Informe Litoral\"},\"image\":{\"@id\":\"https:\\\/\\\/informelitoral.com.ar\\\/#\\\/schema\\\/logo\\\/image\\\/\"},\"sameAs\":[\"https:\\\/\\\/www.facebook.com\\\/informelitoral\\\/\",\"https:\\\/\\\/x.com\\\/InformeLitoral\",\"https:\\\/\\\/www.instagram.com\\\/informelitoral\\\/\",\"https:\\\/\\\/www.youtube.com\\\/channel\\\/UCua4Qvz8Icb6MYqhoq9xLXw\"]},{\"@type\":\"Person\",\"@id\":\"https:\\\/\\\/informelitoral.com.ar\\\/#\\\/schema\\\/person\\\/b9d00407c836482871ef1d57bf8e3180\",\"name\":\"Gonzalo Schmidt\",\"image\":{\"@type\":\"ImageObject\",\"inLanguage\":\"es\",\"@id\":\"https:\\\/\\\/secure.gravatar.com\\\/avatar\\\/31a1a7b66ff2de83bd0e9fd79d026630d2d99e55e8bfe501287647b4fd9743de?s=96&d=mm&r=g\",\"url\":\"https:\\\/\\\/secure.gravatar.com\\\/avatar\\\/31a1a7b66ff2de83bd0e9fd79d026630d2d99e55e8bfe501287647b4fd9743de?s=96&d=mm&r=g\",\"contentUrl\":\"https:\\\/\\\/secure.gravatar.com\\\/avatar\\\/31a1a7b66ff2de83bd0e9fd79d026630d2d99e55e8bfe501287647b4fd9743de?s=96&d=mm&r=g\",\"caption\":\"Gonzalo Schmidt\"},\"description\":\"Sitio web de noticias de la provincia de Entre R\u00edos, Argentina. Informaci\u00f3n y entretenimiento. Informe Litoral, nos informamos.\",\"sameAs\":[\"http:\\\/\\\/www.isletasnoticias.com.ar\"],\"url\":\"https:\\\/\\\/informelitoral.com.ar\\\/author\\\/gonzalo\\\/\"}]}<\/script>","yoast_head_json":{"title":"Este martes habr\u00e1 una jornada de extracci\u00f3n de sangre en Diamante - Informe Litoral","robots":{"index":"index","follow":"follow","max-snippet":"max-snippet:-1","max-image-preview":"max-image-preview:large","max-video-preview":"max-video-preview:-1"},"canonical":"https:\/\/informelitoral.com.ar\/este-martes-habra-una-jornada-de-extraccion-de-sangre-en-diamante\/","og_locale":"es_ES","og_type":"article","og_title":"Este martes habr\u00e1 una jornada de extracci\u00f3n de sangre en Diamante - Informe Litoral","og_description":"El Ministerio de Salud junto al Hospital y a Salud Municipal impulsan una jornada de extracci\u00f3n de sangre, en el marco del Programa Provincial de Hemoterapia. Ser\u00e1 en Plaza 9 de Julio, de 8 a 10.","og_url":"https:\/\/informelitoral.com.ar\/este-martes-habra-una-jornada-de-extraccion-de-sangre-en-diamante\/","og_site_name":"Informe Litoral","article_publisher":"https:\/\/www.facebook.com\/informelitoral\/","article_published_time":"2022-05-03T00:09:51+00:00","og_image":[{"width":1200,"height":640,"url":"https:\/\/informelitoral.com.ar\/%77%70%2d%63%6f%6e%74%65%6e%74\/uploads\/2020\/10\/donar-sangre.jpg","type":"image\/jpeg"}],"author":"Gonzalo Schmidt","twitter_card":"summary_large_image","twitter_creator":"@InformeLitoral","twitter_site":"@InformeLitoral","twitter_misc":{"Escrito por":"Gonzalo Schmidt","Tiempo de lectura":"1 minuto"},"schema":{"@context":"https:\/\/schema.org","@graph":[{"@type":"Article","@id":"https:\/\/informelitoral.com.ar\/este-martes-habra-una-jornada-de-extraccion-de-sangre-en-diamante\/#article","isPartOf":{"@id":"https:\/\/informelitoral.com.ar\/este-martes-habra-una-jornada-de-extraccion-de-sangre-en-diamante\/"},"author":{"name":"Gonzalo Schmidt","@id":"https:\/\/informelitoral.com.ar\/#\/schema\/person\/b9d00407c836482871ef1d57bf8e3180"},"headline":"Este martes habr\u00e1 una jornada de extracci\u00f3n de sangre en Diamante","datePublished":"2022-05-03T00:09:51+00:00","mainEntityOfPage":{"@id":"https:\/\/informelitoral.com.ar\/este-martes-habra-una-jornada-de-extraccion-de-sangre-en-diamante\/"},"wordCount":190,"commentCount":0,"publisher":{"@id":"https:\/\/informelitoral.com.ar\/#organization"},"image":{"@id":"https:\/\/informelitoral.com.ar\/este-martes-habra-una-jornada-de-extraccion-de-sangre-en-diamante\/#primaryimage"},"thumbnailUrl":"https:\/\/informelitoral.com.ar\/%77%70%2d%63%6f%6e%74%65%6e%74\/uploads\/2020\/10\/donar-sangre.jpg","keywords":["Diamante","Donar sangre"],"articleSection":["Departamento Diamante"],"inLanguage":"es","potentialAction":[{"@type":"CommentAction","name":"Comment","target":["https:\/\/informelitoral.com.ar\/este-martes-habra-una-jornada-de-extraccion-de-sangre-en-diamante\/#respond"]}]},{"@type":"WebPage","@id":"https:\/\/informelitoral.com.ar\/este-martes-habra-una-jornada-de-extraccion-de-sangre-en-diamante\/","url":"https:\/\/informelitoral.com.ar\/este-martes-habra-una-jornada-de-extraccion-de-sangre-en-diamante\/","name":"Este martes habr\u00e1 una jornada de extracci\u00f3n de sangre en Diamante - Informe Litoral","isPartOf":{"@id":"https:\/\/informelitoral.com.ar\/#website"},"primaryImageOfPage":{"@id":"https:\/\/informelitoral.com.ar\/este-martes-habra-una-jornada-de-extraccion-de-sangre-en-diamante\/#primaryimage"},"image":{"@id":"https:\/\/informelitoral.com.ar\/este-martes-habra-una-jornada-de-extraccion-de-sangre-en-diamante\/#primaryimage"},"thumbnailUrl":"https:\/\/informelitoral.com.ar\/%77%70%2d%63%6f%6e%74%65%6e%74\/uploads\/2020\/10\/donar-sangre.jpg","datePublished":"2022-05-03T00:09:51+00:00","breadcrumb":{"@id":"https:\/\/informelitoral.com.ar\/este-martes-habra-una-jornada-de-extraccion-de-sangre-en-diamante\/#breadcrumb"},"inLanguage":"es","potentialAction":[{"@type":"ReadAction","target":["https:\/\/informelitoral.com.ar\/este-martes-habra-una-jornada-de-extraccion-de-sangre-en-diamante\/"]}]},{"@type":"ImageObject","inLanguage":"es","@id":"https:\/\/informelitoral.com.ar\/este-martes-habra-una-jornada-de-extraccion-de-sangre-en-diamante\/#primaryimage","url":"https:\/\/informelitoral.com.ar\/%77%70%2d%63%6f%6e%74%65%6e%74\/uploads\/2020\/10\/donar-sangre.jpg","contentUrl":"https:\/\/informelitoral.com.ar\/%77%70%2d%63%6f%6e%74%65%6e%74\/uploads\/2020\/10\/donar-sangre.jpg","width":1200,"height":640},{"@type":"BreadcrumbList","@id":"https:\/\/informelitoral.com.ar\/este-martes-habra-una-jornada-de-extraccion-de-sangre-en-diamante\/#breadcrumb","itemListElement":[{"@type":"ListItem","position":1,"name":"Portada","item":"https:\/\/informelitoral.com.ar\/"},{"@type":"ListItem","position":2,"name":"Este martes habr\u00e1 una jornada de extracci\u00f3n de sangre en Diamante"}]},{"@type":"WebSite","@id":"https:\/\/informelitoral.com.ar\/#website","url":"https:\/\/informelitoral.com.ar\/","name":"Informe Litoral","description":"&quot;Nos informamos&quot; ","publisher":{"@id":"https:\/\/informelitoral.com.ar\/#organization"},"potentialAction":[{"@type":"SearchAction","target":{"@type":"EntryPoint","urlTemplate":"https:\/\/informelitoral.com.ar\/?s={search_term_string}"},"query-input":{"@type":"PropertyValueSpecification","valueRequired":true,"valueName":"search_term_string"}}],"inLanguage":"es"},{"@type":"Organization","@id":"https:\/\/informelitoral.com.ar\/#organization","name":"Informe Litoral","url":"https:\/\/informelitoral.com.ar\/","logo":{"@type":"ImageObject","inLanguage":"es","@id":"https:\/\/informelitoral.com.ar\/#\/schema\/logo\/image\/","url":"https:\/\/informelitoral.com.ar\/%77%70%2d%63%6f%6e%74%65%6e%74\/uploads\/2021\/01\/circulo.png","contentUrl":"https:\/\/informelitoral.com.ar\/%77%70%2d%63%6f%6e%74%65%6e%74\/uploads\/2021\/01\/circulo.png","width":723,"height":731,"caption":"Informe Litoral"},"image":{"@id":"https:\/\/informelitoral.com.ar\/#\/schema\/logo\/image\/"},"sameAs":["https:\/\/www.facebook.com\/informelitoral\/","https:\/\/x.com\/InformeLitoral","https:\/\/www.instagram.com\/informelitoral\/","https:\/\/www.youtube.com\/channel\/UCua4Qvz8Icb6MYqhoq9xLXw"]},{"@type":"Person","@id":"https:\/\/informelitoral.com.ar\/#\/schema\/person\/b9d00407c836482871ef1d57bf8e3180","name":"Gonzalo Schmidt","image":{"@type":"ImageObject","inLanguage":"es","@id":"https:\/\/secure.gravatar.com\/avatar\/31a1a7b66ff2de83bd0e9fd79d026630d2d99e55e8bfe501287647b4fd9743de?s=96&d=mm&r=g","url":"https:\/\/secure.gravatar.com\/avatar\/31a1a7b66ff2de83bd0e9fd79d026630d2d99e55e8bfe501287647b4fd9743de?s=96&d=mm&r=g","contentUrl":"https:\/\/secure.gravatar.com\/avatar\/31a1a7b66ff2de83bd0e9fd79d026630d2d99e55e8bfe501287647b4fd9743de?s=96&d=mm&r=g","caption":"Gonzalo Schmidt"},"description":"Sitio web de noticias de la provincia de Entre R\u00edos, Argentina. Informaci\u00f3n y entretenimiento. Informe Litoral, nos informamos.","sameAs":["http:\/\/www.isletasnoticias.com.ar"],"url":"https:\/\/informelitoral.com.ar\/author\/gonzalo\/"}]}},"_links":{"self":[{"href":"https:\/\/informelitoral.com.ar\/%77%70%2d%6a%73%6f%6e\/wp\/v2\/posts\/76982","targetHints":{"allow":["GET"]}}],"collection":[{"href":"https:\/\/informelitoral.com.ar\/%77%70%2d%6a%73%6f%6e\/wp\/v2\/posts"}],"about":[{"href":"https:\/\/informelitoral.com.ar\/%77%70%2d%6a%73%6f%6e\/wp\/v2\/types\/post"}],"author":[{"embeddable":true,"href":"https:\/\/informelitoral.com.ar\/%77%70%2d%6a%73%6f%6e\/wp\/v2\/users\/2"}],"replies":[{"embeddable":true,"href":"https:\/\/informelitoral.com.ar\/%77%70%2d%6a%73%6f%6e\/wp\/v2\/comments?post=76982"}],"version-history":[{"count":0,"href":"https:\/\/informelitoral.com.ar\/%77%70%2d%6a%73%6f%6e\/wp\/v2\/posts\/76982\/revisions"}],"wp:featuredmedia":[{"embeddable":true,"href":"https:\/\/informelitoral.com.ar\/%77%70%2d%6a%73%6f%6e\/wp\/v2\/media\/52105"}],"wp:attachment":[{"href":"https:\/\/informelitoral.com.ar\/%77%70%2d%6a%73%6f%6e\/wp\/v2\/media?parent=76982"}],"wp:term":[{"taxonomy":"category","embeddable":true,"href":"https:\/\/informelitoral.com.ar\/%77%70%2d%6a%73%6f%6e\/wp\/v2\/categories?post=76982"},{"taxonomy":"post_tag","embeddable":true,"href":"https:\/\/informelitoral.com.ar\/%77%70%2d%6a%73%6f%6e\/wp\/v2\/tags?post=76982"}],"curies":[{"name":"wp","href":"https:\/\/api.w.org\/{rel}","templated":true}]}}