{"id":76680,"date":"2022-04-27T12:17:17","date_gmt":"2022-04-27T15:17:17","guid":{"rendered":"https:\/\/www.informelitoral.com.ar\/?p=76680"},"modified":"2022-04-27T18:13:44","modified_gmt":"2022-04-27T21:13:44","slug":"fertilizantes-el-secretario-de-agricultura-afirmo-que-el-abastecimiento-esta-asegurado","status":"publish","type":"post","link":"https:\/\/informelitoral.com.ar\/fertilizantes-el-secretario-de-agricultura-afirmo-que-el-abastecimiento-esta-asegurado\/","title":{"rendered":"Fertilizantes: el secretario de Agricultura afirm\u00f3 que el abastecimiento est\u00e1 asegurado"},"content":{"rendered":"<p>El secretario de Agricultura, Mat\u00edas Lestani, sostuvo que, \u201cel aprovisionamiento estar\u00eda asegurado, lo monitoreamos constantemente\u201d, y precis\u00f3 que \u201clo que falta para terminar la campa\u00f1a fina es un 23% en volumen\u201d.<\/p>\n<p>Lestani tambi\u00e9n manifest\u00f3 que se est\u00e1 trabajando en el aprovisionamiento inicial para la\u00a0<strong>siembra fina<\/strong>\u00a0y luego se enfocar\u00e1n en los cultivos de verano de la nueva campa\u00f1a.<\/p>\n<p>Al respecto subray\u00f3 que, para los cultivos de invierno, \u201cesa fertilizaci\u00f3n tiene que estar s\u00ed o s\u00ed\u201d, porque subray\u00f3 que \u201ces la que despu\u00e9s se refuerza en la campa\u00f1a de gruesa, principalmente en ma\u00edz y tambi\u00e9n en soja\u201d.<\/p>\n<p>Como parte de este proceso de importaci\u00f3n, \u201cesto ya est\u00e1 previsto y hablado con las empresas. Nos juntamos con el Banco Central para regular el perfilamiento de lo que se necesita de liquidaci\u00f3n de divisas para la entrada de fertilizantes, crucial para potenciar la fina\u201d, que es la de trigo, se\u00f1al\u00f3 Lestani, quien explic\u00f3 que \u201cla fina emplea una fertilizaci\u00f3n estrat\u00e9gica de todo el sistema\u201d.<\/p>\n","protected":false},"excerpt":{"rendered":"<p>El secretario de Agricultura sostuvo que solo resta por importar el 23% de lo previsto, pensando en los cultivos de invierno.<\/p>\n","protected":false},"author":8,"featured_media":76681,"comment_status":"open","ping_status":"open","sticky":false,"template":"","format":"standard","meta":{"fifu_image_url":"","fifu_image_alt":"","footnotes":""},"categories":[10],"tags":[191,3572],"class_list":{"0":"post-76680","1":"post","2":"type-post","3":"status-publish","4":"format-standard","5":"has-post-thumbnail","7":"category-campo","8":"tag-agricultura","9":"tag-fertilizante"},"yoast_head":"<title>Fertilizantes: el secretario de Agricultura afirm\u00f3 que el abastecimiento est\u00e1 asegurado - Informe Litoral<\/title>\n<meta name=\"robots\" content=\"index, follow, max-snippet:-1, max-image-preview:large, max-video-preview:-1\" \/>\n<link rel=\"canonical\" href=\"https:\/\/informelitoral.com.ar\/fertilizantes-el-secretario-de-agricultura-afirmo-que-el-abastecimiento-esta-asegurado\/\" \/>\n<meta property=\"og:locale\" content=\"es_ES\" \/>\n<meta property=\"og:type\" content=\"article\" \/>\n<meta property=\"og:title\" content=\"Fertilizantes: el secretario de Agricultura afirm\u00f3 que el abastecimiento est\u00e1 asegurado - Informe Litoral\" \/>\n<meta property=\"og:description\" content=\"El secretario de Agricultura sostuvo que solo resta por importar el 23% de lo previsto, pensando en los cultivos de invierno.\" \/>\n<meta property=\"og:url\" content=\"https:\/\/informelitoral.com.ar\/fertilizantes-el-secretario-de-agricultura-afirmo-que-el-abastecimiento-esta-asegurado\/\" \/>\n<meta property=\"og:site_name\" content=\"Informe Litoral\" \/>\n<meta property=\"article:publisher\" content=\"https:\/\/www.facebook.com\/informelitoral\/\" \/>\n<meta property=\"article:published_time\" content=\"2022-04-27T15:17:17+00:00\" \/>\n<meta property=\"article:modified_time\" content=\"2022-04-27T21:13:44+00:00\" \/>\n<meta property=\"og:image\" content=\"https:\/\/informelitoral.com.ar\/%77%70%2d%63%6f%6e%74%65%6e%74\/uploads\/2022\/04\/agricultura-fertilizantes-agricolas-productos-agroquimicos-aditivos-quimicos-para-agricultura-que-es-un-fertilizante-tipos-de-fertilizantes.jpg\" \/>\n\t<meta property=\"og:image:width\" content=\"683\" \/>\n\t<meta property=\"og:image:height\" content=\"455\" \/>\n\t<meta property=\"og:image:type\" content=\"image\/jpeg\" \/>\n<meta name=\"author\" content=\"Sebastian\" \/>\n<meta name=\"twitter:card\" content=\"summary_large_image\" \/>\n<meta name=\"twitter:creator\" content=\"@InformeLitoral\" \/>\n<meta name=\"twitter:site\" content=\"@InformeLitoral\" \/>\n<meta name=\"twitter:label1\" content=\"Escrito por\" \/>\n\t<meta name=\"twitter:data1\" content=\"Sebastian\" \/>\n\t<meta name=\"twitter:label2\" content=\"Tiempo de lectura\" \/>\n\t<meta name=\"twitter:data2\" content=\"1 minuto\" \/>\n<script type=\"application\/ld+json\" class=\"yoast-schema-graph\">{\"@context\":\"https:\\\/\\\/schema.org\",\"@graph\":[{\"@type\":\"Article\",\"@id\":\"https:\\\/\\\/informelitoral.com.ar\\\/fertilizantes-el-secretario-de-agricultura-afirmo-que-el-abastecimiento-esta-asegurado\\\/#article\",\"isPartOf\":{\"@id\":\"https:\\\/\\\/informelitoral.com.ar\\\/fertilizantes-el-secretario-de-agricultura-afirmo-que-el-abastecimiento-esta-asegurado\\\/\"},\"author\":{\"name\":\"Sebastian\",\"@id\":\"https:\\\/\\\/informelitoral.com.ar\\\/#\\\/schema\\\/person\\\/f05f9f461677119578717524b127d6d5\"},\"headline\":\"Fertilizantes: el secretario de Agricultura afirm\u00f3 que el abastecimiento est\u00e1 asegurado\",\"datePublished\":\"2022-04-27T15:17:17+00:00\",\"dateModified\":\"2022-04-27T21:13:44+00:00\",\"mainEntityOfPage\":{\"@id\":\"https:\\\/\\\/informelitoral.com.ar\\\/fertilizantes-el-secretario-de-agricultura-afirmo-que-el-abastecimiento-esta-asegurado\\\/\"},\"wordCount\":188,\"commentCount\":0,\"publisher\":{\"@id\":\"https:\\\/\\\/informelitoral.com.ar\\\/#organization\"},\"image\":{\"@id\":\"https:\\\/\\\/informelitoral.com.ar\\\/fertilizantes-el-secretario-de-agricultura-afirmo-que-el-abastecimiento-esta-asegurado\\\/#primaryimage\"},\"thumbnailUrl\":\"https:\\\/\\\/informelitoral.com.ar\\\/%77%70%2d%63%6f%6e%74%65%6e%74\\\/uploads\\\/2022\\\/04\\\/agricultura-fertilizantes-agricolas-productos-agroquimicos-aditivos-quimicos-para-agricultura-que-es-un-fertilizante-tipos-de-fertilizantes.jpg\",\"keywords\":[\"Agricultura\",\"Fertilizante\"],\"articleSection\":[\"Campo\"],\"inLanguage\":\"es\",\"potentialAction\":[{\"@type\":\"CommentAction\",\"name\":\"Comment\",\"target\":[\"https:\\\/\\\/informelitoral.com.ar\\\/fertilizantes-el-secretario-de-agricultura-afirmo-que-el-abastecimiento-esta-asegurado\\\/#respond\"]}]},{\"@type\":\"WebPage\",\"@id\":\"https:\\\/\\\/informelitoral.com.ar\\\/fertilizantes-el-secretario-de-agricultura-afirmo-que-el-abastecimiento-esta-asegurado\\\/\",\"url\":\"https:\\\/\\\/informelitoral.com.ar\\\/fertilizantes-el-secretario-de-agricultura-afirmo-que-el-abastecimiento-esta-asegurado\\\/\",\"name\":\"Fertilizantes: el secretario de Agricultura afirm\u00f3 que el abastecimiento est\u00e1 asegurado - Informe Litoral\",\"isPartOf\":{\"@id\":\"https:\\\/\\\/informelitoral.com.ar\\\/#website\"},\"primaryImageOfPage\":{\"@id\":\"https:\\\/\\\/informelitoral.com.ar\\\/fertilizantes-el-secretario-de-agricultura-afirmo-que-el-abastecimiento-esta-asegurado\\\/#primaryimage\"},\"image\":{\"@id\":\"https:\\\/\\\/informelitoral.com.ar\\\/fertilizantes-el-secretario-de-agricultura-afirmo-que-el-abastecimiento-esta-asegurado\\\/#primaryimage\"},\"thumbnailUrl\":\"https:\\\/\\\/informelitoral.com.ar\\\/%77%70%2d%63%6f%6e%74%65%6e%74\\\/uploads\\\/2022\\\/04\\\/agricultura-fertilizantes-agricolas-productos-agroquimicos-aditivos-quimicos-para-agricultura-que-es-un-fertilizante-tipos-de-fertilizantes.jpg\",\"datePublished\":\"2022-04-27T15:17:17+00:00\",\"dateModified\":\"2022-04-27T21:13:44+00:00\",\"breadcrumb\":{\"@id\":\"https:\\\/\\\/informelitoral.com.ar\\\/fertilizantes-el-secretario-de-agricultura-afirmo-que-el-abastecimiento-esta-asegurado\\\/#breadcrumb\"},\"inLanguage\":\"es\",\"potentialAction\":[{\"@type\":\"ReadAction\",\"target\":[\"https:\\\/\\\/informelitoral.com.ar\\\/fertilizantes-el-secretario-de-agricultura-afirmo-que-el-abastecimiento-esta-asegurado\\\/\"]}]},{\"@type\":\"ImageObject\",\"inLanguage\":\"es\",\"@id\":\"https:\\\/\\\/informelitoral.com.ar\\\/fertilizantes-el-secretario-de-agricultura-afirmo-que-el-abastecimiento-esta-asegurado\\\/#primaryimage\",\"url\":\"https:\\\/\\\/informelitoral.com.ar\\\/%77%70%2d%63%6f%6e%74%65%6e%74\\\/uploads\\\/2022\\\/04\\\/agricultura-fertilizantes-agricolas-productos-agroquimicos-aditivos-quimicos-para-agricultura-que-es-un-fertilizante-tipos-de-fertilizantes.jpg\",\"contentUrl\":\"https:\\\/\\\/informelitoral.com.ar\\\/%77%70%2d%63%6f%6e%74%65%6e%74\\\/uploads\\\/2022\\\/04\\\/agricultura-fertilizantes-agricolas-productos-agroquimicos-aditivos-quimicos-para-agricultura-que-es-un-fertilizante-tipos-de-fertilizantes.jpg\",\"width\":683,\"height\":455},{\"@type\":\"BreadcrumbList\",\"@id\":\"https:\\\/\\\/informelitoral.com.ar\\\/fertilizantes-el-secretario-de-agricultura-afirmo-que-el-abastecimiento-esta-asegurado\\\/#breadcrumb\",\"itemListElement\":[{\"@type\":\"ListItem\",\"position\":1,\"name\":\"Portada\",\"item\":\"https:\\\/\\\/informelitoral.com.ar\\\/\"},{\"@type\":\"ListItem\",\"position\":2,\"name\":\"Fertilizantes: el secretario de Agricultura afirm\u00f3 que el abastecimiento est\u00e1 asegurado\"}]},{\"@type\":\"WebSite\",\"@id\":\"https:\\\/\\\/informelitoral.com.ar\\\/#website\",\"url\":\"https:\\\/\\\/informelitoral.com.ar\\\/\",\"name\":\"Informe Litoral\",\"description\":\"&quot;Nos informamos&quot; \",\"publisher\":{\"@id\":\"https:\\\/\\\/informelitoral.com.ar\\\/#organization\"},\"potentialAction\":[{\"@type\":\"SearchAction\",\"target\":{\"@type\":\"EntryPoint\",\"urlTemplate\":\"https:\\\/\\\/informelitoral.com.ar\\\/?s={search_term_string}\"},\"query-input\":{\"@type\":\"PropertyValueSpecification\",\"valueRequired\":true,\"valueName\":\"search_term_string\"}}],\"inLanguage\":\"es\"},{\"@type\":\"Organization\",\"@id\":\"https:\\\/\\\/informelitoral.com.ar\\\/#organization\",\"name\":\"Informe Litoral\",\"url\":\"https:\\\/\\\/informelitoral.com.ar\\\/\",\"logo\":{\"@type\":\"ImageObject\",\"inLanguage\":\"es\",\"@id\":\"https:\\\/\\\/informelitoral.com.ar\\\/#\\\/schema\\\/logo\\\/image\\\/\",\"url\":\"https:\\\/\\\/informelitoral.com.ar\\\/%77%70%2d%63%6f%6e%74%65%6e%74\\\/uploads\\\/2021\\\/01\\\/circulo.png\",\"contentUrl\":\"https:\\\/\\\/informelitoral.com.ar\\\/%77%70%2d%63%6f%6e%74%65%6e%74\\\/uploads\\\/2021\\\/01\\\/circulo.png\",\"width\":723,\"height\":731,\"caption\":\"Informe Litoral\"},\"image\":{\"@id\":\"https:\\\/\\\/informelitoral.com.ar\\\/#\\\/schema\\\/logo\\\/image\\\/\"},\"sameAs\":[\"https:\\\/\\\/www.facebook.com\\\/informelitoral\\\/\",\"https:\\\/\\\/x.com\\\/InformeLitoral\",\"https:\\\/\\\/www.instagram.com\\\/informelitoral\\\/\",\"https:\\\/\\\/www.youtube.com\\\/channel\\\/UCua4Qvz8Icb6MYqhoq9xLXw\"]},{\"@type\":\"Person\",\"@id\":\"https:\\\/\\\/informelitoral.com.ar\\\/#\\\/schema\\\/person\\\/f05f9f461677119578717524b127d6d5\",\"name\":\"Sebastian\",\"image\":{\"@type\":\"ImageObject\",\"inLanguage\":\"es\",\"@id\":\"https:\\\/\\\/secure.gravatar.com\\\/avatar\\\/b71bf7481d447dfb9583c7f2798e7cc64de6efb9067b74633ed8c31059a3bd82?s=96&d=mm&r=g\",\"url\":\"https:\\\/\\\/secure.gravatar.com\\\/avatar\\\/b71bf7481d447dfb9583c7f2798e7cc64de6efb9067b74633ed8c31059a3bd82?s=96&d=mm&r=g\",\"contentUrl\":\"https:\\\/\\\/secure.gravatar.com\\\/avatar\\\/b71bf7481d447dfb9583c7f2798e7cc64de6efb9067b74633ed8c31059a3bd82?s=96&d=mm&r=g\",\"caption\":\"Sebastian\"},\"url\":\"https:\\\/\\\/informelitoral.com.ar\\\/author\\\/sebastian\\\/\"}]}<\/script>","yoast_head_json":{"title":"Fertilizantes: el secretario de Agricultura afirm\u00f3 que el abastecimiento est\u00e1 asegurado - Informe Litoral","robots":{"index":"index","follow":"follow","max-snippet":"max-snippet:-1","max-image-preview":"max-image-preview:large","max-video-preview":"max-video-preview:-1"},"canonical":"https:\/\/informelitoral.com.ar\/fertilizantes-el-secretario-de-agricultura-afirmo-que-el-abastecimiento-esta-asegurado\/","og_locale":"es_ES","og_type":"article","og_title":"Fertilizantes: el secretario de Agricultura afirm\u00f3 que el abastecimiento est\u00e1 asegurado - Informe Litoral","og_description":"El secretario de Agricultura sostuvo que solo resta por importar el 23% de lo previsto, pensando en los cultivos de invierno.","og_url":"https:\/\/informelitoral.com.ar\/fertilizantes-el-secretario-de-agricultura-afirmo-que-el-abastecimiento-esta-asegurado\/","og_site_name":"Informe Litoral","article_publisher":"https:\/\/www.facebook.com\/informelitoral\/","article_published_time":"2022-04-27T15:17:17+00:00","article_modified_time":"2022-04-27T21:13:44+00:00","og_image":[{"width":683,"height":455,"url":"https:\/\/informelitoral.com.ar\/%77%70%2d%63%6f%6e%74%65%6e%74\/uploads\/2022\/04\/agricultura-fertilizantes-agricolas-productos-agroquimicos-aditivos-quimicos-para-agricultura-que-es-un-fertilizante-tipos-de-fertilizantes.jpg","type":"image\/jpeg"}],"author":"Sebastian","twitter_card":"summary_large_image","twitter_creator":"@InformeLitoral","twitter_site":"@InformeLitoral","twitter_misc":{"Escrito por":"Sebastian","Tiempo de lectura":"1 minuto"},"schema":{"@context":"https:\/\/schema.org","@graph":[{"@type":"Article","@id":"https:\/\/informelitoral.com.ar\/fertilizantes-el-secretario-de-agricultura-afirmo-que-el-abastecimiento-esta-asegurado\/#article","isPartOf":{"@id":"https:\/\/informelitoral.com.ar\/fertilizantes-el-secretario-de-agricultura-afirmo-que-el-abastecimiento-esta-asegurado\/"},"author":{"name":"Sebastian","@id":"https:\/\/informelitoral.com.ar\/#\/schema\/person\/f05f9f461677119578717524b127d6d5"},"headline":"Fertilizantes: el secretario de Agricultura afirm\u00f3 que el abastecimiento est\u00e1 asegurado","datePublished":"2022-04-27T15:17:17+00:00","dateModified":"2022-04-27T21:13:44+00:00","mainEntityOfPage":{"@id":"https:\/\/informelitoral.com.ar\/fertilizantes-el-secretario-de-agricultura-afirmo-que-el-abastecimiento-esta-asegurado\/"},"wordCount":188,"commentCount":0,"publisher":{"@id":"https:\/\/informelitoral.com.ar\/#organization"},"image":{"@id":"https:\/\/informelitoral.com.ar\/fertilizantes-el-secretario-de-agricultura-afirmo-que-el-abastecimiento-esta-asegurado\/#primaryimage"},"thumbnailUrl":"https:\/\/informelitoral.com.ar\/%77%70%2d%63%6f%6e%74%65%6e%74\/uploads\/2022\/04\/agricultura-fertilizantes-agricolas-productos-agroquimicos-aditivos-quimicos-para-agricultura-que-es-un-fertilizante-tipos-de-fertilizantes.jpg","keywords":["Agricultura","Fertilizante"],"articleSection":["Campo"],"inLanguage":"es","potentialAction":[{"@type":"CommentAction","name":"Comment","target":["https:\/\/informelitoral.com.ar\/fertilizantes-el-secretario-de-agricultura-afirmo-que-el-abastecimiento-esta-asegurado\/#respond"]}]},{"@type":"WebPage","@id":"https:\/\/informelitoral.com.ar\/fertilizantes-el-secretario-de-agricultura-afirmo-que-el-abastecimiento-esta-asegurado\/","url":"https:\/\/informelitoral.com.ar\/fertilizantes-el-secretario-de-agricultura-afirmo-que-el-abastecimiento-esta-asegurado\/","name":"Fertilizantes: el secretario de Agricultura afirm\u00f3 que el abastecimiento est\u00e1 asegurado - Informe Litoral","isPartOf":{"@id":"https:\/\/informelitoral.com.ar\/#website"},"primaryImageOfPage":{"@id":"https:\/\/informelitoral.com.ar\/fertilizantes-el-secretario-de-agricultura-afirmo-que-el-abastecimiento-esta-asegurado\/#primaryimage"},"image":{"@id":"https:\/\/informelitoral.com.ar\/fertilizantes-el-secretario-de-agricultura-afirmo-que-el-abastecimiento-esta-asegurado\/#primaryimage"},"thumbnailUrl":"https:\/\/informelitoral.com.ar\/%77%70%2d%63%6f%6e%74%65%6e%74\/uploads\/2022\/04\/agricultura-fertilizantes-agricolas-productos-agroquimicos-aditivos-quimicos-para-agricultura-que-es-un-fertilizante-tipos-de-fertilizantes.jpg","datePublished":"2022-04-27T15:17:17+00:00","dateModified":"2022-04-27T21:13:44+00:00","breadcrumb":{"@id":"https:\/\/informelitoral.com.ar\/fertilizantes-el-secretario-de-agricultura-afirmo-que-el-abastecimiento-esta-asegurado\/#breadcrumb"},"inLanguage":"es","potentialAction":[{"@type":"ReadAction","target":["https:\/\/informelitoral.com.ar\/fertilizantes-el-secretario-de-agricultura-afirmo-que-el-abastecimiento-esta-asegurado\/"]}]},{"@type":"ImageObject","inLanguage":"es","@id":"https:\/\/informelitoral.com.ar\/fertilizantes-el-secretario-de-agricultura-afirmo-que-el-abastecimiento-esta-asegurado\/#primaryimage","url":"https:\/\/informelitoral.com.ar\/%77%70%2d%63%6f%6e%74%65%6e%74\/uploads\/2022\/04\/agricultura-fertilizantes-agricolas-productos-agroquimicos-aditivos-quimicos-para-agricultura-que-es-un-fertilizante-tipos-de-fertilizantes.jpg","contentUrl":"https:\/\/informelitoral.com.ar\/%77%70%2d%63%6f%6e%74%65%6e%74\/uploads\/2022\/04\/agricultura-fertilizantes-agricolas-productos-agroquimicos-aditivos-quimicos-para-agricultura-que-es-un-fertilizante-tipos-de-fertilizantes.jpg","width":683,"height":455},{"@type":"BreadcrumbList","@id":"https:\/\/informelitoral.com.ar\/fertilizantes-el-secretario-de-agricultura-afirmo-que-el-abastecimiento-esta-asegurado\/#breadcrumb","itemListElement":[{"@type":"ListItem","position":1,"name":"Portada","item":"https:\/\/informelitoral.com.ar\/"},{"@type":"ListItem","position":2,"name":"Fertilizantes: el secretario de Agricultura afirm\u00f3 que el abastecimiento est\u00e1 asegurado"}]},{"@type":"WebSite","@id":"https:\/\/informelitoral.com.ar\/#website","url":"https:\/\/informelitoral.com.ar\/","name":"Informe Litoral","description":"&quot;Nos informamos&quot; ","publisher":{"@id":"https:\/\/informelitoral.com.ar\/#organization"},"potentialAction":[{"@type":"SearchAction","target":{"@type":"EntryPoint","urlTemplate":"https:\/\/informelitoral.com.ar\/?s={search_term_string}"},"query-input":{"@type":"PropertyValueSpecification","valueRequired":true,"valueName":"search_term_string"}}],"inLanguage":"es"},{"@type":"Organization","@id":"https:\/\/informelitoral.com.ar\/#organization","name":"Informe Litoral","url":"https:\/\/informelitoral.com.ar\/","logo":{"@type":"ImageObject","inLanguage":"es","@id":"https:\/\/informelitoral.com.ar\/#\/schema\/logo\/image\/","url":"https:\/\/informelitoral.com.ar\/%77%70%2d%63%6f%6e%74%65%6e%74\/uploads\/2021\/01\/circulo.png","contentUrl":"https:\/\/informelitoral.com.ar\/%77%70%2d%63%6f%6e%74%65%6e%74\/uploads\/2021\/01\/circulo.png","width":723,"height":731,"caption":"Informe Litoral"},"image":{"@id":"https:\/\/informelitoral.com.ar\/#\/schema\/logo\/image\/"},"sameAs":["https:\/\/www.facebook.com\/informelitoral\/","https:\/\/x.com\/InformeLitoral","https:\/\/www.instagram.com\/informelitoral\/","https:\/\/www.youtube.com\/channel\/UCua4Qvz8Icb6MYqhoq9xLXw"]},{"@type":"Person","@id":"https:\/\/informelitoral.com.ar\/#\/schema\/person\/f05f9f461677119578717524b127d6d5","name":"Sebastian","image":{"@type":"ImageObject","inLanguage":"es","@id":"https:\/\/secure.gravatar.com\/avatar\/b71bf7481d447dfb9583c7f2798e7cc64de6efb9067b74633ed8c31059a3bd82?s=96&d=mm&r=g","url":"https:\/\/secure.gravatar.com\/avatar\/b71bf7481d447dfb9583c7f2798e7cc64de6efb9067b74633ed8c31059a3bd82?s=96&d=mm&r=g","contentUrl":"https:\/\/secure.gravatar.com\/avatar\/b71bf7481d447dfb9583c7f2798e7cc64de6efb9067b74633ed8c31059a3bd82?s=96&d=mm&r=g","caption":"Sebastian"},"url":"https:\/\/informelitoral.com.ar\/author\/sebastian\/"}]}},"_links":{"self":[{"href":"https:\/\/informelitoral.com.ar\/%77%70%2d%6a%73%6f%6e\/wp\/v2\/posts\/76680","targetHints":{"allow":["GET"]}}],"collection":[{"href":"https:\/\/informelitoral.com.ar\/%77%70%2d%6a%73%6f%6e\/wp\/v2\/posts"}],"about":[{"href":"https:\/\/informelitoral.com.ar\/%77%70%2d%6a%73%6f%6e\/wp\/v2\/types\/post"}],"author":[{"embeddable":true,"href":"https:\/\/informelitoral.com.ar\/%77%70%2d%6a%73%6f%6e\/wp\/v2\/users\/8"}],"replies":[{"embeddable":true,"href":"https:\/\/informelitoral.com.ar\/%77%70%2d%6a%73%6f%6e\/wp\/v2\/comments?post=76680"}],"version-history":[{"count":0,"href":"https:\/\/informelitoral.com.ar\/%77%70%2d%6a%73%6f%6e\/wp\/v2\/posts\/76680\/revisions"}],"wp:featuredmedia":[{"embeddable":true,"href":"https:\/\/informelitoral.com.ar\/%77%70%2d%6a%73%6f%6e\/wp\/v2\/media\/76681"}],"wp:attachment":[{"href":"https:\/\/informelitoral.com.ar\/%77%70%2d%6a%73%6f%6e\/wp\/v2\/media?parent=76680"}],"wp:term":[{"taxonomy":"category","embeddable":true,"href":"https:\/\/informelitoral.com.ar\/%77%70%2d%6a%73%6f%6e\/wp\/v2\/categories?post=76680"},{"taxonomy":"post_tag","embeddable":true,"href":"https:\/\/informelitoral.com.ar\/%77%70%2d%6a%73%6f%6e\/wp\/v2\/tags?post=76680"}],"curies":[{"name":"wp","href":"https:\/\/api.w.org\/{rel}","templated":true}]}}