{"id":76656,"date":"2022-04-27T10:13:40","date_gmt":"2022-04-27T13:13:40","guid":{"rendered":"https:\/\/www.informelitoral.com.ar\/?p=76656"},"modified":"2022-04-27T10:13:40","modified_gmt":"2022-04-27T13:13:40","slug":"desde-este-jueves-habra-que-completar-el-tramite-para-cobrar-el-bono-de-18-000","status":"publish","type":"post","link":"https:\/\/informelitoral.com.ar\/desde-este-jueves-habra-que-completar-el-tramite-para-cobrar-el-bono-de-18-000\/","title":{"rendered":"Desde este jueves habr\u00e1 que completar el tr\u00e1mite para cobrar el bono de $18.000"},"content":{"rendered":"<p>La Administraci\u00f3n Nacional de la Seguridad Social (Anses) record\u00f3 hoy que el tr\u00e1mite de inscripci\u00f3n para el bono de Refuerzo de Ingresos de $ 18.000 para trabajadores informales, monotributistas A y B, y trabajadoras de casas particulares seguir\u00e1 abierto hasta el 7 de mayo pr\u00f3ximo y que se trata de un tr\u00e1mite individual, en el que no se precisan intermediarios.<\/p>\n<p>Al mismo tiempo, record\u00f3 que los 6,2 millones de jubilados y pensionados que perciben hasta dos haberes m\u00ednimos ($ 65.261,8) recibir\u00e1n el refuerzo de $ 12.000 con su calendario habitual de pagos, sin necesidad de inscribirse o hacer tr\u00e1mite alguno, mientras que aquellos que cobran por encima de ese valor recibir\u00e1n un proporcional hasta llegar a los $77.260,8.<\/p>\n<p>\u00abTodas y todos los trabajadores sin ingresos formales que se encuentran en condiciones de solicitar el Refuerzo deber\u00e1n inscribirse a trav\u00e9s del sitio web oficial de la Anses,\u00a0<a href=\"http:\/\/www.anses.gob.ar\/\" target=\"_blank\" rel=\"noopener\">www.anses.gob.ar<\/a>\u00a0con CUIL y Clave de la Seguridad Social\u00bb, inform\u00f3 la Anses en un comunicado.<\/p>\n<p>Con el objetivo de prevenir posibles estafas, el organismo previsional record\u00f3 que la inscripci\u00f3n es individual y que no requiere de ning\u00fan tipo de intermediario.<\/p>\n<p>Al mismo tiempo, el cobro del refuerzo de ingresos es compatible con la Asignaci\u00f3n Universal por Hijo, la Asignaci\u00f3n por Embarazo para Protecci\u00f3n social, con Potenciar Trabajo, con la Prestaci\u00f3n por Desempleo, becas Progresar, programa Acompa\u00f1ar, con estar inscripto en el Registro Nacional de trabajadores de la Econom\u00eda Popular y con los planes alimentarios provinciales y municipales.<\/p>\n<p>Desde este jueves, las personas que soliciten el bono deber\u00e1n ingresar a Anses para firmar la declaraci\u00f3n jurada y cargar el CBU. Luego deber\u00e1n esperar a que se eval\u00fae su situaci\u00f3n socioecon\u00f3mica, a fin de que el refuerzo de ingresos llegue efectivamente a las personas para las cuales se implement\u00f3 esta medida.<\/p>\n<p>De esta forma, el cronograma de inscripci\u00f3n queda fijado de esta forma: hasta el 28 de abril, inicio de inscripci\u00f3n con la actualizaci\u00f3n de datos en mi Anses; desde el 28 y hasta el 5 de mayo se completa la inscripci\u00f3n con la solicitud del refuerzo con la aceptaci\u00f3n de la declaraci\u00f3n jurada y la carga del CBU; el 5 de mayo la Anses dar\u00e1 a conocer si la persona tiene derecho al cobro; entre el 5 y el 7 de mayo seguir\u00e1 abierta la inscripci\u00f3n para el remanente de casos; y el 19 de mayo comienza el pago de Refuerzo de Ingresos para trabajadores, con n\u00famero de DNI finalizado en 0.<\/p>\n<p>Para m\u00e1s informaci\u00f3n sobre la inscripci\u00f3n, ingresar a\u00a0<a href=\"http:\/\/www.anses.gob.ar\/refuerzo-de-ingresos-para-un-crecimiento-con-inclusion\" target=\"_blank\" rel=\"noopener\">www.anses.gob.ar\/refuerzo-de-ingresos-para-un-crecimiento-con-inclusion<\/a><\/p>\n","protected":false},"excerpt":{"rendered":"<p>Las personas que soliciten el bono deber\u00e1n ingresar a Anses para firmar la declaraci\u00f3n jurada y cargar el CBU. Luego deber\u00e1n esperar a que se eval\u00fae su situaci\u00f3n socioecon\u00f3mica. La inscripci\u00f3n \u201ces individual y sin intermediarios\u201d.<\/p>\n","protected":false},"author":8,"featured_media":17357,"comment_status":"open","ping_status":"open","sticky":false,"template":"","format":"standard","meta":{"fifu_image_url":"","fifu_image_alt":"","footnotes":""},"categories":[1594],"tags":[269,2042],"class_list":{"0":"post-76656","1":"post","2":"type-post","3":"status-publish","4":"format-standard","5":"has-post-thumbnail","7":"category-economia","8":"tag-anses","9":"tag-bono"},"yoast_head":"<title>Desde este jueves habr\u00e1 que completar el tr\u00e1mite para cobrar el bono de $18.000 - Informe Litoral<\/title>\n<meta name=\"robots\" content=\"index, follow, max-snippet:-1, max-image-preview:large, max-video-preview:-1\" \/>\n<link rel=\"canonical\" href=\"https:\/\/informelitoral.com.ar\/desde-este-jueves-habra-que-completar-el-tramite-para-cobrar-el-bono-de-18-000\/\" \/>\n<meta property=\"og:locale\" content=\"es_ES\" \/>\n<meta property=\"og:type\" content=\"article\" \/>\n<meta property=\"og:title\" content=\"Desde este jueves habr\u00e1 que completar el tr\u00e1mite para cobrar el bono de $18.000 - Informe Litoral\" \/>\n<meta property=\"og:description\" content=\"Las personas que soliciten el bono deber\u00e1n ingresar a Anses para firmar la declaraci\u00f3n jurada y cargar el CBU. Luego deber\u00e1n esperar a que se eval\u00fae su situaci\u00f3n socioecon\u00f3mica. La inscripci\u00f3n \u201ces individual y sin intermediarios\u201d.\" \/>\n<meta property=\"og:url\" content=\"https:\/\/informelitoral.com.ar\/desde-este-jueves-habra-que-completar-el-tramite-para-cobrar-el-bono-de-18-000\/\" \/>\n<meta property=\"og:site_name\" content=\"Informe Litoral\" \/>\n<meta property=\"article:publisher\" content=\"https:\/\/www.facebook.com\/informelitoral\/\" \/>\n<meta property=\"article:published_time\" content=\"2022-04-27T13:13:40+00:00\" \/>\n<meta property=\"og:image\" content=\"https:\/\/informelitoral.com.ar\/%77%70%2d%63%6f%6e%74%65%6e%74\/uploads\/2016\/07\/cartel-anses-655x437.jpg\" \/>\n\t<meta property=\"og:image:width\" content=\"655\" \/>\n\t<meta property=\"og:image:height\" content=\"437\" \/>\n\t<meta property=\"og:image:type\" content=\"image\/jpeg\" \/>\n<meta name=\"author\" content=\"Sebastian\" \/>\n<meta name=\"twitter:card\" content=\"summary_large_image\" \/>\n<meta name=\"twitter:creator\" content=\"@InformeLitoral\" \/>\n<meta name=\"twitter:site\" content=\"@InformeLitoral\" \/>\n<meta name=\"twitter:label1\" content=\"Escrito por\" \/>\n\t<meta name=\"twitter:data1\" content=\"Sebastian\" \/>\n\t<meta name=\"twitter:label2\" content=\"Tiempo de lectura\" \/>\n\t<meta name=\"twitter:data2\" content=\"2 minutos\" \/>\n<script type=\"application\/ld+json\" class=\"yoast-schema-graph\">{\"@context\":\"https:\\\/\\\/schema.org\",\"@graph\":[{\"@type\":\"Article\",\"@id\":\"https:\\\/\\\/informelitoral.com.ar\\\/desde-este-jueves-habra-que-completar-el-tramite-para-cobrar-el-bono-de-18-000\\\/#article\",\"isPartOf\":{\"@id\":\"https:\\\/\\\/informelitoral.com.ar\\\/desde-este-jueves-habra-que-completar-el-tramite-para-cobrar-el-bono-de-18-000\\\/\"},\"author\":{\"name\":\"Sebastian\",\"@id\":\"https:\\\/\\\/informelitoral.com.ar\\\/#\\\/schema\\\/person\\\/f05f9f461677119578717524b127d6d5\"},\"headline\":\"Desde este jueves habr\u00e1 que completar el tr\u00e1mite para cobrar el bono de $18.000\",\"datePublished\":\"2022-04-27T13:13:40+00:00\",\"mainEntityOfPage\":{\"@id\":\"https:\\\/\\\/informelitoral.com.ar\\\/desde-este-jueves-habra-que-completar-el-tramite-para-cobrar-el-bono-de-18-000\\\/\"},\"wordCount\":456,\"commentCount\":0,\"publisher\":{\"@id\":\"https:\\\/\\\/informelitoral.com.ar\\\/#organization\"},\"image\":{\"@id\":\"https:\\\/\\\/informelitoral.com.ar\\\/desde-este-jueves-habra-que-completar-el-tramite-para-cobrar-el-bono-de-18-000\\\/#primaryimage\"},\"thumbnailUrl\":\"https:\\\/\\\/informelitoral.com.ar\\\/%77%70%2d%63%6f%6e%74%65%6e%74\\\/uploads\\\/2016\\\/07\\\/cartel-anses-655x437.jpg\",\"keywords\":[\"Anses\",\"Bono\"],\"articleSection\":[\"Econom\u00eda\"],\"inLanguage\":\"es\",\"potentialAction\":[{\"@type\":\"CommentAction\",\"name\":\"Comment\",\"target\":[\"https:\\\/\\\/informelitoral.com.ar\\\/desde-este-jueves-habra-que-completar-el-tramite-para-cobrar-el-bono-de-18-000\\\/#respond\"]}]},{\"@type\":\"WebPage\",\"@id\":\"https:\\\/\\\/informelitoral.com.ar\\\/desde-este-jueves-habra-que-completar-el-tramite-para-cobrar-el-bono-de-18-000\\\/\",\"url\":\"https:\\\/\\\/informelitoral.com.ar\\\/desde-este-jueves-habra-que-completar-el-tramite-para-cobrar-el-bono-de-18-000\\\/\",\"name\":\"Desde este jueves habr\u00e1 que completar el tr\u00e1mite para cobrar el bono de $18.000 - Informe Litoral\",\"isPartOf\":{\"@id\":\"https:\\\/\\\/informelitoral.com.ar\\\/#website\"},\"primaryImageOfPage\":{\"@id\":\"https:\\\/\\\/informelitoral.com.ar\\\/desde-este-jueves-habra-que-completar-el-tramite-para-cobrar-el-bono-de-18-000\\\/#primaryimage\"},\"image\":{\"@id\":\"https:\\\/\\\/informelitoral.com.ar\\\/desde-este-jueves-habra-que-completar-el-tramite-para-cobrar-el-bono-de-18-000\\\/#primaryimage\"},\"thumbnailUrl\":\"https:\\\/\\\/informelitoral.com.ar\\\/%77%70%2d%63%6f%6e%74%65%6e%74\\\/uploads\\\/2016\\\/07\\\/cartel-anses-655x437.jpg\",\"datePublished\":\"2022-04-27T13:13:40+00:00\",\"breadcrumb\":{\"@id\":\"https:\\\/\\\/informelitoral.com.ar\\\/desde-este-jueves-habra-que-completar-el-tramite-para-cobrar-el-bono-de-18-000\\\/#breadcrumb\"},\"inLanguage\":\"es\",\"potentialAction\":[{\"@type\":\"ReadAction\",\"target\":[\"https:\\\/\\\/informelitoral.com.ar\\\/desde-este-jueves-habra-que-completar-el-tramite-para-cobrar-el-bono-de-18-000\\\/\"]}]},{\"@type\":\"ImageObject\",\"inLanguage\":\"es\",\"@id\":\"https:\\\/\\\/informelitoral.com.ar\\\/desde-este-jueves-habra-que-completar-el-tramite-para-cobrar-el-bono-de-18-000\\\/#primaryimage\",\"url\":\"https:\\\/\\\/informelitoral.com.ar\\\/%77%70%2d%63%6f%6e%74%65%6e%74\\\/uploads\\\/2016\\\/07\\\/cartel-anses-655x437.jpg\",\"contentUrl\":\"https:\\\/\\\/informelitoral.com.ar\\\/%77%70%2d%63%6f%6e%74%65%6e%74\\\/uploads\\\/2016\\\/07\\\/cartel-anses-655x437.jpg\",\"width\":655,\"height\":437},{\"@type\":\"BreadcrumbList\",\"@id\":\"https:\\\/\\\/informelitoral.com.ar\\\/desde-este-jueves-habra-que-completar-el-tramite-para-cobrar-el-bono-de-18-000\\\/#breadcrumb\",\"itemListElement\":[{\"@type\":\"ListItem\",\"position\":1,\"name\":\"Portada\",\"item\":\"https:\\\/\\\/informelitoral.com.ar\\\/\"},{\"@type\":\"ListItem\",\"position\":2,\"name\":\"Desde este jueves habr\u00e1 que completar el tr\u00e1mite para cobrar el bono de $18.000\"}]},{\"@type\":\"WebSite\",\"@id\":\"https:\\\/\\\/informelitoral.com.ar\\\/#website\",\"url\":\"https:\\\/\\\/informelitoral.com.ar\\\/\",\"name\":\"Informe Litoral\",\"description\":\"&quot;Nos informamos&quot; \",\"publisher\":{\"@id\":\"https:\\\/\\\/informelitoral.com.ar\\\/#organization\"},\"potentialAction\":[{\"@type\":\"SearchAction\",\"target\":{\"@type\":\"EntryPoint\",\"urlTemplate\":\"https:\\\/\\\/informelitoral.com.ar\\\/?s={search_term_string}\"},\"query-input\":{\"@type\":\"PropertyValueSpecification\",\"valueRequired\":true,\"valueName\":\"search_term_string\"}}],\"inLanguage\":\"es\"},{\"@type\":\"Organization\",\"@id\":\"https:\\\/\\\/informelitoral.com.ar\\\/#organization\",\"name\":\"Informe Litoral\",\"url\":\"https:\\\/\\\/informelitoral.com.ar\\\/\",\"logo\":{\"@type\":\"ImageObject\",\"inLanguage\":\"es\",\"@id\":\"https:\\\/\\\/informelitoral.com.ar\\\/#\\\/schema\\\/logo\\\/image\\\/\",\"url\":\"https:\\\/\\\/informelitoral.com.ar\\\/%77%70%2d%63%6f%6e%74%65%6e%74\\\/uploads\\\/2021\\\/01\\\/circulo.png\",\"contentUrl\":\"https:\\\/\\\/informelitoral.com.ar\\\/%77%70%2d%63%6f%6e%74%65%6e%74\\\/uploads\\\/2021\\\/01\\\/circulo.png\",\"width\":723,\"height\":731,\"caption\":\"Informe Litoral\"},\"image\":{\"@id\":\"https:\\\/\\\/informelitoral.com.ar\\\/#\\\/schema\\\/logo\\\/image\\\/\"},\"sameAs\":[\"https:\\\/\\\/www.facebook.com\\\/informelitoral\\\/\",\"https:\\\/\\\/x.com\\\/InformeLitoral\",\"https:\\\/\\\/www.instagram.com\\\/informelitoral\\\/\",\"https:\\\/\\\/www.youtube.com\\\/channel\\\/UCua4Qvz8Icb6MYqhoq9xLXw\"]},{\"@type\":\"Person\",\"@id\":\"https:\\\/\\\/informelitoral.com.ar\\\/#\\\/schema\\\/person\\\/f05f9f461677119578717524b127d6d5\",\"name\":\"Sebastian\",\"image\":{\"@type\":\"ImageObject\",\"inLanguage\":\"es\",\"@id\":\"https:\\\/\\\/secure.gravatar.com\\\/avatar\\\/b71bf7481d447dfb9583c7f2798e7cc64de6efb9067b74633ed8c31059a3bd82?s=96&d=mm&r=g\",\"url\":\"https:\\\/\\\/secure.gravatar.com\\\/avatar\\\/b71bf7481d447dfb9583c7f2798e7cc64de6efb9067b74633ed8c31059a3bd82?s=96&d=mm&r=g\",\"contentUrl\":\"https:\\\/\\\/secure.gravatar.com\\\/avatar\\\/b71bf7481d447dfb9583c7f2798e7cc64de6efb9067b74633ed8c31059a3bd82?s=96&d=mm&r=g\",\"caption\":\"Sebastian\"},\"url\":\"https:\\\/\\\/informelitoral.com.ar\\\/author\\\/sebastian\\\/\"}]}<\/script>","yoast_head_json":{"title":"Desde este jueves habr\u00e1 que completar el tr\u00e1mite para cobrar el bono de $18.000 - Informe Litoral","robots":{"index":"index","follow":"follow","max-snippet":"max-snippet:-1","max-image-preview":"max-image-preview:large","max-video-preview":"max-video-preview:-1"},"canonical":"https:\/\/informelitoral.com.ar\/desde-este-jueves-habra-que-completar-el-tramite-para-cobrar-el-bono-de-18-000\/","og_locale":"es_ES","og_type":"article","og_title":"Desde este jueves habr\u00e1 que completar el tr\u00e1mite para cobrar el bono de $18.000 - Informe Litoral","og_description":"Las personas que soliciten el bono deber\u00e1n ingresar a Anses para firmar la declaraci\u00f3n jurada y cargar el CBU. Luego deber\u00e1n esperar a que se eval\u00fae su situaci\u00f3n socioecon\u00f3mica. La inscripci\u00f3n \u201ces individual y sin intermediarios\u201d.","og_url":"https:\/\/informelitoral.com.ar\/desde-este-jueves-habra-que-completar-el-tramite-para-cobrar-el-bono-de-18-000\/","og_site_name":"Informe Litoral","article_publisher":"https:\/\/www.facebook.com\/informelitoral\/","article_published_time":"2022-04-27T13:13:40+00:00","og_image":[{"width":655,"height":437,"url":"https:\/\/informelitoral.com.ar\/%77%70%2d%63%6f%6e%74%65%6e%74\/uploads\/2016\/07\/cartel-anses-655x437.jpg","type":"image\/jpeg"}],"author":"Sebastian","twitter_card":"summary_large_image","twitter_creator":"@InformeLitoral","twitter_site":"@InformeLitoral","twitter_misc":{"Escrito por":"Sebastian","Tiempo de lectura":"2 minutos"},"schema":{"@context":"https:\/\/schema.org","@graph":[{"@type":"Article","@id":"https:\/\/informelitoral.com.ar\/desde-este-jueves-habra-que-completar-el-tramite-para-cobrar-el-bono-de-18-000\/#article","isPartOf":{"@id":"https:\/\/informelitoral.com.ar\/desde-este-jueves-habra-que-completar-el-tramite-para-cobrar-el-bono-de-18-000\/"},"author":{"name":"Sebastian","@id":"https:\/\/informelitoral.com.ar\/#\/schema\/person\/f05f9f461677119578717524b127d6d5"},"headline":"Desde este jueves habr\u00e1 que completar el tr\u00e1mite para cobrar el bono de $18.000","datePublished":"2022-04-27T13:13:40+00:00","mainEntityOfPage":{"@id":"https:\/\/informelitoral.com.ar\/desde-este-jueves-habra-que-completar-el-tramite-para-cobrar-el-bono-de-18-000\/"},"wordCount":456,"commentCount":0,"publisher":{"@id":"https:\/\/informelitoral.com.ar\/#organization"},"image":{"@id":"https:\/\/informelitoral.com.ar\/desde-este-jueves-habra-que-completar-el-tramite-para-cobrar-el-bono-de-18-000\/#primaryimage"},"thumbnailUrl":"https:\/\/informelitoral.com.ar\/%77%70%2d%63%6f%6e%74%65%6e%74\/uploads\/2016\/07\/cartel-anses-655x437.jpg","keywords":["Anses","Bono"],"articleSection":["Econom\u00eda"],"inLanguage":"es","potentialAction":[{"@type":"CommentAction","name":"Comment","target":["https:\/\/informelitoral.com.ar\/desde-este-jueves-habra-que-completar-el-tramite-para-cobrar-el-bono-de-18-000\/#respond"]}]},{"@type":"WebPage","@id":"https:\/\/informelitoral.com.ar\/desde-este-jueves-habra-que-completar-el-tramite-para-cobrar-el-bono-de-18-000\/","url":"https:\/\/informelitoral.com.ar\/desde-este-jueves-habra-que-completar-el-tramite-para-cobrar-el-bono-de-18-000\/","name":"Desde este jueves habr\u00e1 que completar el tr\u00e1mite para cobrar el bono de $18.000 - Informe Litoral","isPartOf":{"@id":"https:\/\/informelitoral.com.ar\/#website"},"primaryImageOfPage":{"@id":"https:\/\/informelitoral.com.ar\/desde-este-jueves-habra-que-completar-el-tramite-para-cobrar-el-bono-de-18-000\/#primaryimage"},"image":{"@id":"https:\/\/informelitoral.com.ar\/desde-este-jueves-habra-que-completar-el-tramite-para-cobrar-el-bono-de-18-000\/#primaryimage"},"thumbnailUrl":"https:\/\/informelitoral.com.ar\/%77%70%2d%63%6f%6e%74%65%6e%74\/uploads\/2016\/07\/cartel-anses-655x437.jpg","datePublished":"2022-04-27T13:13:40+00:00","breadcrumb":{"@id":"https:\/\/informelitoral.com.ar\/desde-este-jueves-habra-que-completar-el-tramite-para-cobrar-el-bono-de-18-000\/#breadcrumb"},"inLanguage":"es","potentialAction":[{"@type":"ReadAction","target":["https:\/\/informelitoral.com.ar\/desde-este-jueves-habra-que-completar-el-tramite-para-cobrar-el-bono-de-18-000\/"]}]},{"@type":"ImageObject","inLanguage":"es","@id":"https:\/\/informelitoral.com.ar\/desde-este-jueves-habra-que-completar-el-tramite-para-cobrar-el-bono-de-18-000\/#primaryimage","url":"https:\/\/informelitoral.com.ar\/%77%70%2d%63%6f%6e%74%65%6e%74\/uploads\/2016\/07\/cartel-anses-655x437.jpg","contentUrl":"https:\/\/informelitoral.com.ar\/%77%70%2d%63%6f%6e%74%65%6e%74\/uploads\/2016\/07\/cartel-anses-655x437.jpg","width":655,"height":437},{"@type":"BreadcrumbList","@id":"https:\/\/informelitoral.com.ar\/desde-este-jueves-habra-que-completar-el-tramite-para-cobrar-el-bono-de-18-000\/#breadcrumb","itemListElement":[{"@type":"ListItem","position":1,"name":"Portada","item":"https:\/\/informelitoral.com.ar\/"},{"@type":"ListItem","position":2,"name":"Desde este jueves habr\u00e1 que completar el tr\u00e1mite para cobrar el bono de $18.000"}]},{"@type":"WebSite","@id":"https:\/\/informelitoral.com.ar\/#website","url":"https:\/\/informelitoral.com.ar\/","name":"Informe Litoral","description":"&quot;Nos informamos&quot; ","publisher":{"@id":"https:\/\/informelitoral.com.ar\/#organization"},"potentialAction":[{"@type":"SearchAction","target":{"@type":"EntryPoint","urlTemplate":"https:\/\/informelitoral.com.ar\/?s={search_term_string}"},"query-input":{"@type":"PropertyValueSpecification","valueRequired":true,"valueName":"search_term_string"}}],"inLanguage":"es"},{"@type":"Organization","@id":"https:\/\/informelitoral.com.ar\/#organization","name":"Informe Litoral","url":"https:\/\/informelitoral.com.ar\/","logo":{"@type":"ImageObject","inLanguage":"es","@id":"https:\/\/informelitoral.com.ar\/#\/schema\/logo\/image\/","url":"https:\/\/informelitoral.com.ar\/%77%70%2d%63%6f%6e%74%65%6e%74\/uploads\/2021\/01\/circulo.png","contentUrl":"https:\/\/informelitoral.com.ar\/%77%70%2d%63%6f%6e%74%65%6e%74\/uploads\/2021\/01\/circulo.png","width":723,"height":731,"caption":"Informe Litoral"},"image":{"@id":"https:\/\/informelitoral.com.ar\/#\/schema\/logo\/image\/"},"sameAs":["https:\/\/www.facebook.com\/informelitoral\/","https:\/\/x.com\/InformeLitoral","https:\/\/www.instagram.com\/informelitoral\/","https:\/\/www.youtube.com\/channel\/UCua4Qvz8Icb6MYqhoq9xLXw"]},{"@type":"Person","@id":"https:\/\/informelitoral.com.ar\/#\/schema\/person\/f05f9f461677119578717524b127d6d5","name":"Sebastian","image":{"@type":"ImageObject","inLanguage":"es","@id":"https:\/\/secure.gravatar.com\/avatar\/b71bf7481d447dfb9583c7f2798e7cc64de6efb9067b74633ed8c31059a3bd82?s=96&d=mm&r=g","url":"https:\/\/secure.gravatar.com\/avatar\/b71bf7481d447dfb9583c7f2798e7cc64de6efb9067b74633ed8c31059a3bd82?s=96&d=mm&r=g","contentUrl":"https:\/\/secure.gravatar.com\/avatar\/b71bf7481d447dfb9583c7f2798e7cc64de6efb9067b74633ed8c31059a3bd82?s=96&d=mm&r=g","caption":"Sebastian"},"url":"https:\/\/informelitoral.com.ar\/author\/sebastian\/"}]}},"_links":{"self":[{"href":"https:\/\/informelitoral.com.ar\/%77%70%2d%6a%73%6f%6e\/wp\/v2\/posts\/76656","targetHints":{"allow":["GET"]}}],"collection":[{"href":"https:\/\/informelitoral.com.ar\/%77%70%2d%6a%73%6f%6e\/wp\/v2\/posts"}],"about":[{"href":"https:\/\/informelitoral.com.ar\/%77%70%2d%6a%73%6f%6e\/wp\/v2\/types\/post"}],"author":[{"embeddable":true,"href":"https:\/\/informelitoral.com.ar\/%77%70%2d%6a%73%6f%6e\/wp\/v2\/users\/8"}],"replies":[{"embeddable":true,"href":"https:\/\/informelitoral.com.ar\/%77%70%2d%6a%73%6f%6e\/wp\/v2\/comments?post=76656"}],"version-history":[{"count":0,"href":"https:\/\/informelitoral.com.ar\/%77%70%2d%6a%73%6f%6e\/wp\/v2\/posts\/76656\/revisions"}],"wp:featuredmedia":[{"embeddable":true,"href":"https:\/\/informelitoral.com.ar\/%77%70%2d%6a%73%6f%6e\/wp\/v2\/media\/17357"}],"wp:attachment":[{"href":"https:\/\/informelitoral.com.ar\/%77%70%2d%6a%73%6f%6e\/wp\/v2\/media?parent=76656"}],"wp:term":[{"taxonomy":"category","embeddable":true,"href":"https:\/\/informelitoral.com.ar\/%77%70%2d%6a%73%6f%6e\/wp\/v2\/categories?post=76656"},{"taxonomy":"post_tag","embeddable":true,"href":"https:\/\/informelitoral.com.ar\/%77%70%2d%6a%73%6f%6e\/wp\/v2\/tags?post=76656"}],"curies":[{"name":"wp","href":"https:\/\/api.w.org\/{rel}","templated":true}]}}