{"id":76372,"date":"2022-04-22T17:26:29","date_gmt":"2022-04-22T20:26:29","guid":{"rendered":"https:\/\/www.informelitoral.com.ar\/?p=76372"},"modified":"2022-04-22T17:26:29","modified_gmt":"2022-04-22T20:26:29","slug":"la-provincia-articula-la-entrega-de-frazadas-del-programa-cobijar-con-los-gobiernos-locales","status":"publish","type":"post","link":"https:\/\/informelitoral.com.ar\/la-provincia-articula-la-entrega-de-frazadas-del-programa-cobijar-con-los-gobiernos-locales\/","title":{"rendered":"La provincia articula la entrega de frazadas del programa Cobijar con los gobiernos locales"},"content":{"rendered":"<p>La directora administradora de Vialidad provincial, Alicia Ben\u00edtez, y el subsecretario de las Organizaciones Sociales, Juan Arbitelli, tambi\u00e9n participaron de la actividad realizada en Villaguay, que incluy\u00f3 una visita a El Ceibo Limitada, una de las cooperativas que trabajar\u00e1 en la producci\u00f3n de frazadas.<\/p>\n<p>El convenio rubricado establece el acompa\u00f1amiento del Ministerio de Desarrollo Social al municipio durante la temporada invernal con frazadas destinadas a las familias en situaci\u00f3n de vulnerabilidad, y el compromiso por parte del gobierno local en el fortalecimiento de iniciativas enmarcadas en la econom\u00eda social.<\/p>\n<p>Durante la jornada, la ministra Paira, destac\u00f3: \u201cEste a\u00f1o ser\u00e1n distribuidas 30.000 frazadas, confeccionadas por integrantes de ocho cooperativas textiles de nuestra provincia. Esta es una estrategia que desde el gobierno provincial llevamos adelante desde 2012, trabajando codo a codo con las cooperativas, municipios, comunas y juntas de gobierno. Y nos llena de orgullo porque no solo brindamos respuestas a las poblaciones m\u00e1s vulnerables, sino tambi\u00e9n seguimos fortaleciendo el eje del trabajo, impulsando empleo genuino, como nos insta nuestro gobernador\u201d.<\/p>\n<p>Por su parte, la ministra Vel\u00e1zquez, indic\u00f3: \u201cPensar y actuar en contexto de pandemia no interrumpi\u00f3 la gesti\u00f3n de nuestro gobernador Gustavo Bordet, para poder llevar adelante las pol\u00edticas p\u00fablicas que, en este Estado presente, se hacen cada vez m\u00e1s significativas y tan necesarias para poder fortalecer no solamente la red de servicios de salud sino tambi\u00e9n entendiendo que la pol\u00edtica sanitaria es un campo complejo en donde intervienen distintos determinantes (sociales, econ\u00f3micos, ambientales), que siempre se entrecruzan con la salud. Ratificamos nuestro compromiso con los principios que rigen a nuestra Salud, que no solamente adhiere a un derecho humano fundamental, sino que tambi\u00e9n est\u00e1 guiada por principios de equidad, con perspectiva de g\u00e9nero y con justicia social\u201d.<\/p>\n<p>A su vez, Monjo valor\u00f3 que el municipio forme parte de la edici\u00f3n 2022 del programa Cobijar: \u201cEl Ceibo y todas las cooperativas son un orgullo para nosotros, porque van a producir las frazadas que van a llegar a toda la provincia\u201d. Y agradeci\u00f3 el acompa\u00f1amiento de los equipos provinciales: \u201cSiempre est\u00e1n presentes y trabajamos en conjunto, solucionando los problemas con compromiso, trabajando cerca de la gente y acompa\u00f1ando. La firma del convenio con el Ministerio de Desarrollo Social nos permite adelantarnos en la tarea para el invierno\u201d.<\/p>\n<p>Acerca de Cobijar<\/p>\n<p>Las 30.000 frazadas ser\u00e1n producidas por las cooperativas La Textil, de Nogoy\u00e1; Esperanza, de Paran\u00e1; Confecciones Eigenfeld, de Aldea Eingenfeld; Manos Talenses, de Rosario del Tala; El Ceibo, de Villaguay; Desatanudos, de Feliciano; e Hilvanando Sue\u00f1os, de Diamante. Para tal fin, se destinaron 18 millones de pesos en concepto de prefinanciamiento.<\/p>\n<p>A trav\u00e9s de la Subsecretar\u00eda de Fortalecimiento de las Organizaciones Sociales, el Ministerio de Desarrollo Social otorga, en igual cantidad, las frazadas que los municipios adquieren comprando a las cooperativas. Este programa permite dar abrigo a las poblaciones m\u00e1s vulnerables del territorio entrerriano y fortalece la aplicaci\u00f3n de la Ley Provincial N\u00b0 10.151 de Fomento a la Econom\u00eda Social.<\/p>\n<p>Sobre la cooperativa<\/p>\n<p>El Ceibo obtuvo la matr\u00edcula nacional en 2015. La cooperativa de trabajo surgi\u00f3 a partir del dictado de un curso sobre producci\u00f3n de indumentaria, realizado por la Oficina de Empleo de Villaguay.<\/p>\n<p>Desde sus inicios, la cooperativa funciona en un espacio f\u00edsico cedido por el municipio. Aunque es reconocida a nivel local, tiene como meta posicionarse de forma m\u00e1s s\u00f3lida, y pasar de la producci\u00f3n de prendas a pedido a disponer de un stock permanente, principalmente de indumentaria escolar para instituciones que habitualmente le compran.<\/p>\n<p>Presencias<\/p>\n<p>En la jornada tambi\u00e9n estuvieron presentes la intendenta de Villa Clara, Silvina Dom\u00e9, y el intendente de Villa Dom\u00ednguez, Juan Romero; y el presidente de la comuna de Ingeniero Sajaroff, Jaime Jos\u00e9 Velez, entre otras autoridades de comunas y juntas de gobierno vecinas.<\/p>\n","protected":false},"excerpt":{"rendered":"<p>La ministra de Desarrollo Social, Marisa Paira, acompa\u00f1ada por su par de Salud, Sonia Vel\u00e1zquez, firm\u00f3 con la intendenta de Villaguay, Claudia Monjo, el primer convenio en el marco del programa Cobijar, que prev\u00e9 el mecanismo de distribuci\u00f3n de frazadas.<\/p>\n","protected":false},"author":8,"featured_media":76378,"comment_status":"open","ping_status":"open","sticky":false,"template":"","format":"standard","meta":{"fifu_image_url":"","fifu_image_alt":"","footnotes":""},"categories":[6],"tags":[3554],"class_list":{"0":"post-76372","1":"post","2":"type-post","3":"status-publish","4":"format-standard","5":"has-post-thumbnail","7":"category-entre-rios","8":"tag-programa-cobijas"},"yoast_head":"<title>La provincia articula la entrega de frazadas del programa Cobijar con los gobiernos locales - Informe Litoral<\/title>\n<meta name=\"robots\" content=\"index, follow, max-snippet:-1, max-image-preview:large, max-video-preview:-1\" \/>\n<link rel=\"canonical\" href=\"https:\/\/informelitoral.com.ar\/la-provincia-articula-la-entrega-de-frazadas-del-programa-cobijar-con-los-gobiernos-locales\/\" \/>\n<meta property=\"og:locale\" content=\"es_ES\" \/>\n<meta property=\"og:type\" content=\"article\" \/>\n<meta property=\"og:title\" content=\"La provincia articula la entrega de frazadas del programa Cobijar con los gobiernos locales - Informe Litoral\" \/>\n<meta property=\"og:description\" content=\"La ministra de Desarrollo Social, Marisa Paira, acompa\u00f1ada por su par de Salud, Sonia Vel\u00e1zquez, firm\u00f3 con la intendenta de Villaguay, Claudia Monjo, el primer convenio en el marco del programa Cobijar, que prev\u00e9 el mecanismo de distribuci\u00f3n de frazadas.\" \/>\n<meta property=\"og:url\" content=\"https:\/\/informelitoral.com.ar\/la-provincia-articula-la-entrega-de-frazadas-del-programa-cobijar-con-los-gobiernos-locales\/\" \/>\n<meta property=\"og:site_name\" content=\"Informe Litoral\" \/>\n<meta property=\"article:publisher\" content=\"https:\/\/www.facebook.com\/informelitoral\/\" \/>\n<meta property=\"article:published_time\" content=\"2022-04-22T20:26:29+00:00\" \/>\n<meta property=\"og:image\" content=\"https:\/\/informelitoral.com.ar\/%77%70%2d%63%6f%6e%74%65%6e%74\/uploads\/2022\/04\/p_1650626875.jpg\" \/>\n\t<meta property=\"og:image:width\" content=\"1920\" \/>\n\t<meta property=\"og:image:height\" content=\"800\" \/>\n\t<meta property=\"og:image:type\" content=\"image\/jpeg\" \/>\n<meta name=\"author\" content=\"Sebastian\" \/>\n<meta name=\"twitter:card\" content=\"summary_large_image\" \/>\n<meta name=\"twitter:creator\" content=\"@InformeLitoral\" \/>\n<meta name=\"twitter:site\" content=\"@InformeLitoral\" \/>\n<meta name=\"twitter:label1\" content=\"Escrito por\" \/>\n\t<meta name=\"twitter:data1\" content=\"Sebastian\" \/>\n\t<meta name=\"twitter:label2\" content=\"Tiempo de lectura\" \/>\n\t<meta name=\"twitter:data2\" content=\"3 minutos\" \/>\n<script type=\"application\/ld+json\" class=\"yoast-schema-graph\">{\"@context\":\"https:\\\/\\\/schema.org\",\"@graph\":[{\"@type\":\"Article\",\"@id\":\"https:\\\/\\\/informelitoral.com.ar\\\/la-provincia-articula-la-entrega-de-frazadas-del-programa-cobijar-con-los-gobiernos-locales\\\/#article\",\"isPartOf\":{\"@id\":\"https:\\\/\\\/informelitoral.com.ar\\\/la-provincia-articula-la-entrega-de-frazadas-del-programa-cobijar-con-los-gobiernos-locales\\\/\"},\"author\":{\"name\":\"Sebastian\",\"@id\":\"https:\\\/\\\/informelitoral.com.ar\\\/#\\\/schema\\\/person\\\/f05f9f461677119578717524b127d6d5\"},\"headline\":\"La provincia articula la entrega de frazadas del programa Cobijar con los gobiernos locales\",\"datePublished\":\"2022-04-22T20:26:29+00:00\",\"mainEntityOfPage\":{\"@id\":\"https:\\\/\\\/informelitoral.com.ar\\\/la-provincia-articula-la-entrega-de-frazadas-del-programa-cobijar-con-los-gobiernos-locales\\\/\"},\"wordCount\":666,\"commentCount\":0,\"publisher\":{\"@id\":\"https:\\\/\\\/informelitoral.com.ar\\\/#organization\"},\"image\":{\"@id\":\"https:\\\/\\\/informelitoral.com.ar\\\/la-provincia-articula-la-entrega-de-frazadas-del-programa-cobijar-con-los-gobiernos-locales\\\/#primaryimage\"},\"thumbnailUrl\":\"https:\\\/\\\/informelitoral.com.ar\\\/%77%70%2d%63%6f%6e%74%65%6e%74\\\/uploads\\\/2022\\\/04\\\/p_1650626875.jpg\",\"keywords\":[\"Programa Cobijas\"],\"articleSection\":[\"Entre R\u00edos\"],\"inLanguage\":\"es\",\"potentialAction\":[{\"@type\":\"CommentAction\",\"name\":\"Comment\",\"target\":[\"https:\\\/\\\/informelitoral.com.ar\\\/la-provincia-articula-la-entrega-de-frazadas-del-programa-cobijar-con-los-gobiernos-locales\\\/#respond\"]}]},{\"@type\":\"WebPage\",\"@id\":\"https:\\\/\\\/informelitoral.com.ar\\\/la-provincia-articula-la-entrega-de-frazadas-del-programa-cobijar-con-los-gobiernos-locales\\\/\",\"url\":\"https:\\\/\\\/informelitoral.com.ar\\\/la-provincia-articula-la-entrega-de-frazadas-del-programa-cobijar-con-los-gobiernos-locales\\\/\",\"name\":\"La provincia articula la entrega de frazadas del programa Cobijar con los gobiernos locales - Informe Litoral\",\"isPartOf\":{\"@id\":\"https:\\\/\\\/informelitoral.com.ar\\\/#website\"},\"primaryImageOfPage\":{\"@id\":\"https:\\\/\\\/informelitoral.com.ar\\\/la-provincia-articula-la-entrega-de-frazadas-del-programa-cobijar-con-los-gobiernos-locales\\\/#primaryimage\"},\"image\":{\"@id\":\"https:\\\/\\\/informelitoral.com.ar\\\/la-provincia-articula-la-entrega-de-frazadas-del-programa-cobijar-con-los-gobiernos-locales\\\/#primaryimage\"},\"thumbnailUrl\":\"https:\\\/\\\/informelitoral.com.ar\\\/%77%70%2d%63%6f%6e%74%65%6e%74\\\/uploads\\\/2022\\\/04\\\/p_1650626875.jpg\",\"datePublished\":\"2022-04-22T20:26:29+00:00\",\"breadcrumb\":{\"@id\":\"https:\\\/\\\/informelitoral.com.ar\\\/la-provincia-articula-la-entrega-de-frazadas-del-programa-cobijar-con-los-gobiernos-locales\\\/#breadcrumb\"},\"inLanguage\":\"es\",\"potentialAction\":[{\"@type\":\"ReadAction\",\"target\":[\"https:\\\/\\\/informelitoral.com.ar\\\/la-provincia-articula-la-entrega-de-frazadas-del-programa-cobijar-con-los-gobiernos-locales\\\/\"]}]},{\"@type\":\"ImageObject\",\"inLanguage\":\"es\",\"@id\":\"https:\\\/\\\/informelitoral.com.ar\\\/la-provincia-articula-la-entrega-de-frazadas-del-programa-cobijar-con-los-gobiernos-locales\\\/#primaryimage\",\"url\":\"https:\\\/\\\/informelitoral.com.ar\\\/%77%70%2d%63%6f%6e%74%65%6e%74\\\/uploads\\\/2022\\\/04\\\/p_1650626875.jpg\",\"contentUrl\":\"https:\\\/\\\/informelitoral.com.ar\\\/%77%70%2d%63%6f%6e%74%65%6e%74\\\/uploads\\\/2022\\\/04\\\/p_1650626875.jpg\",\"width\":1920,\"height\":800},{\"@type\":\"BreadcrumbList\",\"@id\":\"https:\\\/\\\/informelitoral.com.ar\\\/la-provincia-articula-la-entrega-de-frazadas-del-programa-cobijar-con-los-gobiernos-locales\\\/#breadcrumb\",\"itemListElement\":[{\"@type\":\"ListItem\",\"position\":1,\"name\":\"Portada\",\"item\":\"https:\\\/\\\/informelitoral.com.ar\\\/\"},{\"@type\":\"ListItem\",\"position\":2,\"name\":\"La provincia articula la entrega de frazadas del programa Cobijar con los gobiernos locales\"}]},{\"@type\":\"WebSite\",\"@id\":\"https:\\\/\\\/informelitoral.com.ar\\\/#website\",\"url\":\"https:\\\/\\\/informelitoral.com.ar\\\/\",\"name\":\"Informe Litoral\",\"description\":\"&quot;Nos informamos&quot; \",\"publisher\":{\"@id\":\"https:\\\/\\\/informelitoral.com.ar\\\/#organization\"},\"potentialAction\":[{\"@type\":\"SearchAction\",\"target\":{\"@type\":\"EntryPoint\",\"urlTemplate\":\"https:\\\/\\\/informelitoral.com.ar\\\/?s={search_term_string}\"},\"query-input\":{\"@type\":\"PropertyValueSpecification\",\"valueRequired\":true,\"valueName\":\"search_term_string\"}}],\"inLanguage\":\"es\"},{\"@type\":\"Organization\",\"@id\":\"https:\\\/\\\/informelitoral.com.ar\\\/#organization\",\"name\":\"Informe Litoral\",\"url\":\"https:\\\/\\\/informelitoral.com.ar\\\/\",\"logo\":{\"@type\":\"ImageObject\",\"inLanguage\":\"es\",\"@id\":\"https:\\\/\\\/informelitoral.com.ar\\\/#\\\/schema\\\/logo\\\/image\\\/\",\"url\":\"https:\\\/\\\/informelitoral.com.ar\\\/%77%70%2d%63%6f%6e%74%65%6e%74\\\/uploads\\\/2021\\\/01\\\/circulo.png\",\"contentUrl\":\"https:\\\/\\\/informelitoral.com.ar\\\/%77%70%2d%63%6f%6e%74%65%6e%74\\\/uploads\\\/2021\\\/01\\\/circulo.png\",\"width\":723,\"height\":731,\"caption\":\"Informe Litoral\"},\"image\":{\"@id\":\"https:\\\/\\\/informelitoral.com.ar\\\/#\\\/schema\\\/logo\\\/image\\\/\"},\"sameAs\":[\"https:\\\/\\\/www.facebook.com\\\/informelitoral\\\/\",\"https:\\\/\\\/x.com\\\/InformeLitoral\",\"https:\\\/\\\/www.instagram.com\\\/informelitoral\\\/\",\"https:\\\/\\\/www.youtube.com\\\/channel\\\/UCua4Qvz8Icb6MYqhoq9xLXw\"]},{\"@type\":\"Person\",\"@id\":\"https:\\\/\\\/informelitoral.com.ar\\\/#\\\/schema\\\/person\\\/f05f9f461677119578717524b127d6d5\",\"name\":\"Sebastian\",\"image\":{\"@type\":\"ImageObject\",\"inLanguage\":\"es\",\"@id\":\"https:\\\/\\\/secure.gravatar.com\\\/avatar\\\/b71bf7481d447dfb9583c7f2798e7cc64de6efb9067b74633ed8c31059a3bd82?s=96&d=mm&r=g\",\"url\":\"https:\\\/\\\/secure.gravatar.com\\\/avatar\\\/b71bf7481d447dfb9583c7f2798e7cc64de6efb9067b74633ed8c31059a3bd82?s=96&d=mm&r=g\",\"contentUrl\":\"https:\\\/\\\/secure.gravatar.com\\\/avatar\\\/b71bf7481d447dfb9583c7f2798e7cc64de6efb9067b74633ed8c31059a3bd82?s=96&d=mm&r=g\",\"caption\":\"Sebastian\"},\"url\":\"https:\\\/\\\/informelitoral.com.ar\\\/author\\\/sebastian\\\/\"}]}<\/script>","yoast_head_json":{"title":"La provincia articula la entrega de frazadas del programa Cobijar con los gobiernos locales - Informe Litoral","robots":{"index":"index","follow":"follow","max-snippet":"max-snippet:-1","max-image-preview":"max-image-preview:large","max-video-preview":"max-video-preview:-1"},"canonical":"https:\/\/informelitoral.com.ar\/la-provincia-articula-la-entrega-de-frazadas-del-programa-cobijar-con-los-gobiernos-locales\/","og_locale":"es_ES","og_type":"article","og_title":"La provincia articula la entrega de frazadas del programa Cobijar con los gobiernos locales - Informe Litoral","og_description":"La ministra de Desarrollo Social, Marisa Paira, acompa\u00f1ada por su par de Salud, Sonia Vel\u00e1zquez, firm\u00f3 con la intendenta de Villaguay, Claudia Monjo, el primer convenio en el marco del programa Cobijar, que prev\u00e9 el mecanismo de distribuci\u00f3n de frazadas.","og_url":"https:\/\/informelitoral.com.ar\/la-provincia-articula-la-entrega-de-frazadas-del-programa-cobijar-con-los-gobiernos-locales\/","og_site_name":"Informe Litoral","article_publisher":"https:\/\/www.facebook.com\/informelitoral\/","article_published_time":"2022-04-22T20:26:29+00:00","og_image":[{"width":1920,"height":800,"url":"https:\/\/informelitoral.com.ar\/%77%70%2d%63%6f%6e%74%65%6e%74\/uploads\/2022\/04\/p_1650626875.jpg","type":"image\/jpeg"}],"author":"Sebastian","twitter_card":"summary_large_image","twitter_creator":"@InformeLitoral","twitter_site":"@InformeLitoral","twitter_misc":{"Escrito por":"Sebastian","Tiempo de lectura":"3 minutos"},"schema":{"@context":"https:\/\/schema.org","@graph":[{"@type":"Article","@id":"https:\/\/informelitoral.com.ar\/la-provincia-articula-la-entrega-de-frazadas-del-programa-cobijar-con-los-gobiernos-locales\/#article","isPartOf":{"@id":"https:\/\/informelitoral.com.ar\/la-provincia-articula-la-entrega-de-frazadas-del-programa-cobijar-con-los-gobiernos-locales\/"},"author":{"name":"Sebastian","@id":"https:\/\/informelitoral.com.ar\/#\/schema\/person\/f05f9f461677119578717524b127d6d5"},"headline":"La provincia articula la entrega de frazadas del programa Cobijar con los gobiernos locales","datePublished":"2022-04-22T20:26:29+00:00","mainEntityOfPage":{"@id":"https:\/\/informelitoral.com.ar\/la-provincia-articula-la-entrega-de-frazadas-del-programa-cobijar-con-los-gobiernos-locales\/"},"wordCount":666,"commentCount":0,"publisher":{"@id":"https:\/\/informelitoral.com.ar\/#organization"},"image":{"@id":"https:\/\/informelitoral.com.ar\/la-provincia-articula-la-entrega-de-frazadas-del-programa-cobijar-con-los-gobiernos-locales\/#primaryimage"},"thumbnailUrl":"https:\/\/informelitoral.com.ar\/%77%70%2d%63%6f%6e%74%65%6e%74\/uploads\/2022\/04\/p_1650626875.jpg","keywords":["Programa Cobijas"],"articleSection":["Entre R\u00edos"],"inLanguage":"es","potentialAction":[{"@type":"CommentAction","name":"Comment","target":["https:\/\/informelitoral.com.ar\/la-provincia-articula-la-entrega-de-frazadas-del-programa-cobijar-con-los-gobiernos-locales\/#respond"]}]},{"@type":"WebPage","@id":"https:\/\/informelitoral.com.ar\/la-provincia-articula-la-entrega-de-frazadas-del-programa-cobijar-con-los-gobiernos-locales\/","url":"https:\/\/informelitoral.com.ar\/la-provincia-articula-la-entrega-de-frazadas-del-programa-cobijar-con-los-gobiernos-locales\/","name":"La provincia articula la entrega de frazadas del programa Cobijar con los gobiernos locales - Informe Litoral","isPartOf":{"@id":"https:\/\/informelitoral.com.ar\/#website"},"primaryImageOfPage":{"@id":"https:\/\/informelitoral.com.ar\/la-provincia-articula-la-entrega-de-frazadas-del-programa-cobijar-con-los-gobiernos-locales\/#primaryimage"},"image":{"@id":"https:\/\/informelitoral.com.ar\/la-provincia-articula-la-entrega-de-frazadas-del-programa-cobijar-con-los-gobiernos-locales\/#primaryimage"},"thumbnailUrl":"https:\/\/informelitoral.com.ar\/%77%70%2d%63%6f%6e%74%65%6e%74\/uploads\/2022\/04\/p_1650626875.jpg","datePublished":"2022-04-22T20:26:29+00:00","breadcrumb":{"@id":"https:\/\/informelitoral.com.ar\/la-provincia-articula-la-entrega-de-frazadas-del-programa-cobijar-con-los-gobiernos-locales\/#breadcrumb"},"inLanguage":"es","potentialAction":[{"@type":"ReadAction","target":["https:\/\/informelitoral.com.ar\/la-provincia-articula-la-entrega-de-frazadas-del-programa-cobijar-con-los-gobiernos-locales\/"]}]},{"@type":"ImageObject","inLanguage":"es","@id":"https:\/\/informelitoral.com.ar\/la-provincia-articula-la-entrega-de-frazadas-del-programa-cobijar-con-los-gobiernos-locales\/#primaryimage","url":"https:\/\/informelitoral.com.ar\/%77%70%2d%63%6f%6e%74%65%6e%74\/uploads\/2022\/04\/p_1650626875.jpg","contentUrl":"https:\/\/informelitoral.com.ar\/%77%70%2d%63%6f%6e%74%65%6e%74\/uploads\/2022\/04\/p_1650626875.jpg","width":1920,"height":800},{"@type":"BreadcrumbList","@id":"https:\/\/informelitoral.com.ar\/la-provincia-articula-la-entrega-de-frazadas-del-programa-cobijar-con-los-gobiernos-locales\/#breadcrumb","itemListElement":[{"@type":"ListItem","position":1,"name":"Portada","item":"https:\/\/informelitoral.com.ar\/"},{"@type":"ListItem","position":2,"name":"La provincia articula la entrega de frazadas del programa Cobijar con los gobiernos locales"}]},{"@type":"WebSite","@id":"https:\/\/informelitoral.com.ar\/#website","url":"https:\/\/informelitoral.com.ar\/","name":"Informe Litoral","description":"&quot;Nos informamos&quot; ","publisher":{"@id":"https:\/\/informelitoral.com.ar\/#organization"},"potentialAction":[{"@type":"SearchAction","target":{"@type":"EntryPoint","urlTemplate":"https:\/\/informelitoral.com.ar\/?s={search_term_string}"},"query-input":{"@type":"PropertyValueSpecification","valueRequired":true,"valueName":"search_term_string"}}],"inLanguage":"es"},{"@type":"Organization","@id":"https:\/\/informelitoral.com.ar\/#organization","name":"Informe Litoral","url":"https:\/\/informelitoral.com.ar\/","logo":{"@type":"ImageObject","inLanguage":"es","@id":"https:\/\/informelitoral.com.ar\/#\/schema\/logo\/image\/","url":"https:\/\/informelitoral.com.ar\/%77%70%2d%63%6f%6e%74%65%6e%74\/uploads\/2021\/01\/circulo.png","contentUrl":"https:\/\/informelitoral.com.ar\/%77%70%2d%63%6f%6e%74%65%6e%74\/uploads\/2021\/01\/circulo.png","width":723,"height":731,"caption":"Informe Litoral"},"image":{"@id":"https:\/\/informelitoral.com.ar\/#\/schema\/logo\/image\/"},"sameAs":["https:\/\/www.facebook.com\/informelitoral\/","https:\/\/x.com\/InformeLitoral","https:\/\/www.instagram.com\/informelitoral\/","https:\/\/www.youtube.com\/channel\/UCua4Qvz8Icb6MYqhoq9xLXw"]},{"@type":"Person","@id":"https:\/\/informelitoral.com.ar\/#\/schema\/person\/f05f9f461677119578717524b127d6d5","name":"Sebastian","image":{"@type":"ImageObject","inLanguage":"es","@id":"https:\/\/secure.gravatar.com\/avatar\/b71bf7481d447dfb9583c7f2798e7cc64de6efb9067b74633ed8c31059a3bd82?s=96&d=mm&r=g","url":"https:\/\/secure.gravatar.com\/avatar\/b71bf7481d447dfb9583c7f2798e7cc64de6efb9067b74633ed8c31059a3bd82?s=96&d=mm&r=g","contentUrl":"https:\/\/secure.gravatar.com\/avatar\/b71bf7481d447dfb9583c7f2798e7cc64de6efb9067b74633ed8c31059a3bd82?s=96&d=mm&r=g","caption":"Sebastian"},"url":"https:\/\/informelitoral.com.ar\/author\/sebastian\/"}]}},"_links":{"self":[{"href":"https:\/\/informelitoral.com.ar\/%77%70%2d%6a%73%6f%6e\/wp\/v2\/posts\/76372","targetHints":{"allow":["GET"]}}],"collection":[{"href":"https:\/\/informelitoral.com.ar\/%77%70%2d%6a%73%6f%6e\/wp\/v2\/posts"}],"about":[{"href":"https:\/\/informelitoral.com.ar\/%77%70%2d%6a%73%6f%6e\/wp\/v2\/types\/post"}],"author":[{"embeddable":true,"href":"https:\/\/informelitoral.com.ar\/%77%70%2d%6a%73%6f%6e\/wp\/v2\/users\/8"}],"replies":[{"embeddable":true,"href":"https:\/\/informelitoral.com.ar\/%77%70%2d%6a%73%6f%6e\/wp\/v2\/comments?post=76372"}],"version-history":[{"count":0,"href":"https:\/\/informelitoral.com.ar\/%77%70%2d%6a%73%6f%6e\/wp\/v2\/posts\/76372\/revisions"}],"wp:featuredmedia":[{"embeddable":true,"href":"https:\/\/informelitoral.com.ar\/%77%70%2d%6a%73%6f%6e\/wp\/v2\/media\/76378"}],"wp:attachment":[{"href":"https:\/\/informelitoral.com.ar\/%77%70%2d%6a%73%6f%6e\/wp\/v2\/media?parent=76372"}],"wp:term":[{"taxonomy":"category","embeddable":true,"href":"https:\/\/informelitoral.com.ar\/%77%70%2d%6a%73%6f%6e\/wp\/v2\/categories?post=76372"},{"taxonomy":"post_tag","embeddable":true,"href":"https:\/\/informelitoral.com.ar\/%77%70%2d%6a%73%6f%6e\/wp\/v2\/tags?post=76372"}],"curies":[{"name":"wp","href":"https:\/\/api.w.org\/{rel}","templated":true}]}}