{"id":76240,"date":"2022-04-21T10:07:08","date_gmt":"2022-04-21T13:07:08","guid":{"rendered":"https:\/\/www.informelitoral.com.ar\/?p=76240"},"modified":"2022-04-21T10:07:08","modified_gmt":"2022-04-21T13:07:08","slug":"imputan-a-un-cazador-por-adulteracion-de-instrumento-publico","status":"publish","type":"post","link":"https:\/\/informelitoral.com.ar\/imputan-a-un-cazador-por-adulteracion-de-instrumento-publico\/","title":{"rendered":"Imputan a un cazador por adulteraci\u00f3n de instrumento p\u00fablico"},"content":{"rendered":"<p>Un procedimiento que era de rutina, termin\u00f3 desentramando la comisi\u00f3n de un delito -Infracci\u00f3n al Art. 292 del C\u00f3digo Penal Argentino- y la instrucci\u00f3n de un expediente contravencional por incumplimiento de las disposiciones de la Ley Provincial de Caza N\u00ba 4841.<\/p>\n<p>Como consecuencia de relevancia, un muchacho de 32 a\u00f1os de edad, afronta una Investigaci\u00f3n Penal Preparatoria bajo la tipificaci\u00f3n de Adulteraci\u00f3n y\/o Falsificaci\u00f3n de Instrumento P\u00fablico, que avanza desde los lineamientos de la Fiscal\u00eda de Investigaci\u00f3n y Litigaci\u00f3n de Paran\u00e1, a cargo de la Dra. Sof\u00eda Patat.<\/p>\n<p>Acerca del accionar que deriv\u00f3 en ello, el Jefe de la Brigada Paran\u00e1, Crio. Leandro Peralta, precis\u00f3\u00a0\u00abTodo comenz\u00f3 en el marco de un exhaustivo control, donde se advirtieron y constataron irregularidades en cuanto a la Ley Provincial de Caza. Se intercept\u00f3 una camioneta Toyota Hilux, corrobor\u00e1ndose que la unidad era conducida por un ciudadano radicado en Santa Fe, quien adujo haber llegado a cazar al territorio entrerriano, m\u00e1s precisamente a ejercer la caza deportiva en el departamento Paran\u00e1. Transportaba una pieza de Ciervo Axis abatido, utilizando para tal fin, un arma de fuego, tipo fusil calibre 30-06. Hab\u00eda ejercido la actividad cineg\u00e9tica con Permiso de Caza de Residente, no siendo en realidad residente de Entre R\u00edos\u00bb, referenci\u00f3.<\/p>\n<p>El control espec\u00edfico, minucioso y responsable que encara la repartici\u00f3n en toda la jurisdicci\u00f3n, propici\u00f3 que se activen sospechas, prontamente transformadas en hip\u00f3tesis con indicios probatorios, referidos a la consumaci\u00f3n de un delito -previsto, tipificado y sancionado por el C\u00f3digo Penal Argentino-. Al respecto, Peralta inform\u00f3: \u00abEntre la documental presentada por el cazador, se advirti\u00f3 un Certificado de Vecindad supuestamente expedido por una dependencia de Paran\u00e1 ciudad. Pero fruto de la comunicaci\u00f3n interna que tenemos en nuestra instituci\u00f3n, se pudo corroborar que dicha constancia no hab\u00eda sido emitida en esa seccional y el funcionario invocado como suscriptor, no pertenec\u00eda al recurso humano de la dependencia. De hecho, se conoci\u00f3 que la identidad tomada se corresponde a un funcionario policial perteneciente a la Jefatura Departamental Villaguay, quien desconoc\u00eda la situaci\u00f3n para la cual se habr\u00eda falsificado su sello y firma. Por otra parte, la Hoja de Ruta aportada -necesaria para transportar las presas producto de la caza-, estaba rubricada con fecha de ese mismo d\u00eda, labrada supuestamente por un funcionario policial. De los registros de la fuerza surgi\u00f3 que ese polic\u00eda se encontraba franco, ejecutando en esa jornada un servicio de polic\u00eda adicional en la ciudad de Viale y con el sello identificatorio en su poder; lo que daba cuenta que no pod\u00eda haber firmado ning\u00fan documento en esa fecha\u00bb.<\/p>\n<p>La Brigada Paran\u00e1 de la Direcci\u00f3n de Prevenci\u00f3n de Delitos Rurales comunic\u00f3 los pormenores a la Fiscal\u00eda interviniente. En tanto, se materializ\u00f3 el secuestro de toda la documental que conten\u00eda sellos medallas policiales e identificatorios de los funcionarios invocados, siendo dichos elementos elevados, a fin de que oportunamente sea valorado como material probatorio en la determinaci\u00f3n de responsabilidad penal del imputado.(<em>Estaci\u00f3n Plus Crespo<\/em>)<\/p>\n","protected":false},"excerpt":{"rendered":"<p>El acusado fue interceptado por brigadistas, cuando regresaba de ejercer la caza deportiva en territorio de Paran\u00e1 Campa\u00f1a. Durante las pesquisas, los efectivos detectaron falsa documentaci\u00f3n policial.<\/p>\n","protected":false},"author":8,"featured_media":24888,"comment_status":"open","ping_status":"open","sticky":false,"template":"","format":"standard","meta":{"fifu_image_url":"","fifu_image_alt":"","footnotes":""},"categories":[14],"tags":[3552],"class_list":{"0":"post-76240","1":"post","2":"type-post","3":"status-publish","4":"format-standard","5":"has-post-thumbnail","7":"category-policiales","8":"tag-imputacion"},"yoast_head":"<title>Imputan a un cazador por adulteraci\u00f3n de instrumento p\u00fablico - Informe Litoral<\/title>\n<meta name=\"robots\" content=\"index, follow, max-snippet:-1, max-image-preview:large, max-video-preview:-1\" \/>\n<link rel=\"canonical\" href=\"https:\/\/informelitoral.com.ar\/imputan-a-un-cazador-por-adulteracion-de-instrumento-publico\/\" \/>\n<meta property=\"og:locale\" content=\"es_ES\" \/>\n<meta property=\"og:type\" content=\"article\" \/>\n<meta property=\"og:title\" content=\"Imputan a un cazador por adulteraci\u00f3n de instrumento p\u00fablico - Informe Litoral\" \/>\n<meta property=\"og:description\" content=\"El acusado fue interceptado por brigadistas, cuando regresaba de ejercer la caza deportiva en territorio de Paran\u00e1 Campa\u00f1a. Durante las pesquisas, los efectivos detectaron falsa documentaci\u00f3n policial.\" \/>\n<meta property=\"og:url\" content=\"https:\/\/informelitoral.com.ar\/imputan-a-un-cazador-por-adulteracion-de-instrumento-publico\/\" \/>\n<meta property=\"og:site_name\" content=\"Informe Litoral\" \/>\n<meta property=\"article:publisher\" content=\"https:\/\/www.facebook.com\/informelitoral\/\" \/>\n<meta property=\"article:published_time\" content=\"2022-04-21T13:07:08+00:00\" \/>\n<meta property=\"og:image\" content=\"https:\/\/informelitoral.com.ar\/%77%70%2d%63%6f%6e%74%65%6e%74\/uploads\/2018\/02\/policia-patrullero-768x506.jpg\" \/>\n\t<meta property=\"og:image:width\" content=\"768\" \/>\n\t<meta property=\"og:image:height\" content=\"506\" \/>\n\t<meta property=\"og:image:type\" content=\"image\/jpeg\" \/>\n<meta name=\"author\" content=\"Sebastian\" \/>\n<meta name=\"twitter:card\" content=\"summary_large_image\" \/>\n<meta name=\"twitter:creator\" content=\"@InformeLitoral\" \/>\n<meta name=\"twitter:site\" content=\"@InformeLitoral\" \/>\n<meta name=\"twitter:label1\" content=\"Escrito por\" \/>\n\t<meta name=\"twitter:data1\" content=\"Sebastian\" \/>\n\t<meta name=\"twitter:label2\" content=\"Tiempo de lectura\" \/>\n\t<meta name=\"twitter:data2\" content=\"3 minutos\" \/>\n<script type=\"application\/ld+json\" class=\"yoast-schema-graph\">{\"@context\":\"https:\\\/\\\/schema.org\",\"@graph\":[{\"@type\":\"Article\",\"@id\":\"https:\\\/\\\/informelitoral.com.ar\\\/imputan-a-un-cazador-por-adulteracion-de-instrumento-publico\\\/#article\",\"isPartOf\":{\"@id\":\"https:\\\/\\\/informelitoral.com.ar\\\/imputan-a-un-cazador-por-adulteracion-de-instrumento-publico\\\/\"},\"author\":{\"name\":\"Sebastian\",\"@id\":\"https:\\\/\\\/informelitoral.com.ar\\\/#\\\/schema\\\/person\\\/f05f9f461677119578717524b127d6d5\"},\"headline\":\"Imputan a un cazador por adulteraci\u00f3n de instrumento p\u00fablico\",\"datePublished\":\"2022-04-21T13:07:08+00:00\",\"mainEntityOfPage\":{\"@id\":\"https:\\\/\\\/informelitoral.com.ar\\\/imputan-a-un-cazador-por-adulteracion-de-instrumento-publico\\\/\"},\"wordCount\":541,\"commentCount\":0,\"publisher\":{\"@id\":\"https:\\\/\\\/informelitoral.com.ar\\\/#organization\"},\"image\":{\"@id\":\"https:\\\/\\\/informelitoral.com.ar\\\/imputan-a-un-cazador-por-adulteracion-de-instrumento-publico\\\/#primaryimage\"},\"thumbnailUrl\":\"https:\\\/\\\/informelitoral.com.ar\\\/%77%70%2d%63%6f%6e%74%65%6e%74\\\/uploads\\\/2018\\\/02\\\/policia-patrullero-768x506.jpg\",\"keywords\":[\"Imputaci\u00f3n\"],\"articleSection\":[\"Policiales\"],\"inLanguage\":\"es\",\"potentialAction\":[{\"@type\":\"CommentAction\",\"name\":\"Comment\",\"target\":[\"https:\\\/\\\/informelitoral.com.ar\\\/imputan-a-un-cazador-por-adulteracion-de-instrumento-publico\\\/#respond\"]}]},{\"@type\":\"WebPage\",\"@id\":\"https:\\\/\\\/informelitoral.com.ar\\\/imputan-a-un-cazador-por-adulteracion-de-instrumento-publico\\\/\",\"url\":\"https:\\\/\\\/informelitoral.com.ar\\\/imputan-a-un-cazador-por-adulteracion-de-instrumento-publico\\\/\",\"name\":\"Imputan a un cazador por adulteraci\u00f3n de instrumento p\u00fablico - Informe Litoral\",\"isPartOf\":{\"@id\":\"https:\\\/\\\/informelitoral.com.ar\\\/#website\"},\"primaryImageOfPage\":{\"@id\":\"https:\\\/\\\/informelitoral.com.ar\\\/imputan-a-un-cazador-por-adulteracion-de-instrumento-publico\\\/#primaryimage\"},\"image\":{\"@id\":\"https:\\\/\\\/informelitoral.com.ar\\\/imputan-a-un-cazador-por-adulteracion-de-instrumento-publico\\\/#primaryimage\"},\"thumbnailUrl\":\"https:\\\/\\\/informelitoral.com.ar\\\/%77%70%2d%63%6f%6e%74%65%6e%74\\\/uploads\\\/2018\\\/02\\\/policia-patrullero-768x506.jpg\",\"datePublished\":\"2022-04-21T13:07:08+00:00\",\"breadcrumb\":{\"@id\":\"https:\\\/\\\/informelitoral.com.ar\\\/imputan-a-un-cazador-por-adulteracion-de-instrumento-publico\\\/#breadcrumb\"},\"inLanguage\":\"es\",\"potentialAction\":[{\"@type\":\"ReadAction\",\"target\":[\"https:\\\/\\\/informelitoral.com.ar\\\/imputan-a-un-cazador-por-adulteracion-de-instrumento-publico\\\/\"]}]},{\"@type\":\"ImageObject\",\"inLanguage\":\"es\",\"@id\":\"https:\\\/\\\/informelitoral.com.ar\\\/imputan-a-un-cazador-por-adulteracion-de-instrumento-publico\\\/#primaryimage\",\"url\":\"https:\\\/\\\/informelitoral.com.ar\\\/%77%70%2d%63%6f%6e%74%65%6e%74\\\/uploads\\\/2018\\\/02\\\/policia-patrullero-768x506.jpg\",\"contentUrl\":\"https:\\\/\\\/informelitoral.com.ar\\\/%77%70%2d%63%6f%6e%74%65%6e%74\\\/uploads\\\/2018\\\/02\\\/policia-patrullero-768x506.jpg\",\"width\":768,\"height\":506},{\"@type\":\"BreadcrumbList\",\"@id\":\"https:\\\/\\\/informelitoral.com.ar\\\/imputan-a-un-cazador-por-adulteracion-de-instrumento-publico\\\/#breadcrumb\",\"itemListElement\":[{\"@type\":\"ListItem\",\"position\":1,\"name\":\"Portada\",\"item\":\"https:\\\/\\\/informelitoral.com.ar\\\/\"},{\"@type\":\"ListItem\",\"position\":2,\"name\":\"Imputan a un cazador por adulteraci\u00f3n de instrumento p\u00fablico\"}]},{\"@type\":\"WebSite\",\"@id\":\"https:\\\/\\\/informelitoral.com.ar\\\/#website\",\"url\":\"https:\\\/\\\/informelitoral.com.ar\\\/\",\"name\":\"Informe Litoral\",\"description\":\"&quot;Nos informamos&quot; \",\"publisher\":{\"@id\":\"https:\\\/\\\/informelitoral.com.ar\\\/#organization\"},\"potentialAction\":[{\"@type\":\"SearchAction\",\"target\":{\"@type\":\"EntryPoint\",\"urlTemplate\":\"https:\\\/\\\/informelitoral.com.ar\\\/?s={search_term_string}\"},\"query-input\":{\"@type\":\"PropertyValueSpecification\",\"valueRequired\":true,\"valueName\":\"search_term_string\"}}],\"inLanguage\":\"es\"},{\"@type\":\"Organization\",\"@id\":\"https:\\\/\\\/informelitoral.com.ar\\\/#organization\",\"name\":\"Informe Litoral\",\"url\":\"https:\\\/\\\/informelitoral.com.ar\\\/\",\"logo\":{\"@type\":\"ImageObject\",\"inLanguage\":\"es\",\"@id\":\"https:\\\/\\\/informelitoral.com.ar\\\/#\\\/schema\\\/logo\\\/image\\\/\",\"url\":\"https:\\\/\\\/informelitoral.com.ar\\\/%77%70%2d%63%6f%6e%74%65%6e%74\\\/uploads\\\/2021\\\/01\\\/circulo.png\",\"contentUrl\":\"https:\\\/\\\/informelitoral.com.ar\\\/%77%70%2d%63%6f%6e%74%65%6e%74\\\/uploads\\\/2021\\\/01\\\/circulo.png\",\"width\":723,\"height\":731,\"caption\":\"Informe Litoral\"},\"image\":{\"@id\":\"https:\\\/\\\/informelitoral.com.ar\\\/#\\\/schema\\\/logo\\\/image\\\/\"},\"sameAs\":[\"https:\\\/\\\/www.facebook.com\\\/informelitoral\\\/\",\"https:\\\/\\\/x.com\\\/InformeLitoral\",\"https:\\\/\\\/www.instagram.com\\\/informelitoral\\\/\",\"https:\\\/\\\/www.youtube.com\\\/channel\\\/UCua4Qvz8Icb6MYqhoq9xLXw\"]},{\"@type\":\"Person\",\"@id\":\"https:\\\/\\\/informelitoral.com.ar\\\/#\\\/schema\\\/person\\\/f05f9f461677119578717524b127d6d5\",\"name\":\"Sebastian\",\"image\":{\"@type\":\"ImageObject\",\"inLanguage\":\"es\",\"@id\":\"https:\\\/\\\/secure.gravatar.com\\\/avatar\\\/b71bf7481d447dfb9583c7f2798e7cc64de6efb9067b74633ed8c31059a3bd82?s=96&d=mm&r=g\",\"url\":\"https:\\\/\\\/secure.gravatar.com\\\/avatar\\\/b71bf7481d447dfb9583c7f2798e7cc64de6efb9067b74633ed8c31059a3bd82?s=96&d=mm&r=g\",\"contentUrl\":\"https:\\\/\\\/secure.gravatar.com\\\/avatar\\\/b71bf7481d447dfb9583c7f2798e7cc64de6efb9067b74633ed8c31059a3bd82?s=96&d=mm&r=g\",\"caption\":\"Sebastian\"},\"url\":\"https:\\\/\\\/informelitoral.com.ar\\\/author\\\/sebastian\\\/\"}]}<\/script>","yoast_head_json":{"title":"Imputan a un cazador por adulteraci\u00f3n de instrumento p\u00fablico - Informe Litoral","robots":{"index":"index","follow":"follow","max-snippet":"max-snippet:-1","max-image-preview":"max-image-preview:large","max-video-preview":"max-video-preview:-1"},"canonical":"https:\/\/informelitoral.com.ar\/imputan-a-un-cazador-por-adulteracion-de-instrumento-publico\/","og_locale":"es_ES","og_type":"article","og_title":"Imputan a un cazador por adulteraci\u00f3n de instrumento p\u00fablico - Informe Litoral","og_description":"El acusado fue interceptado por brigadistas, cuando regresaba de ejercer la caza deportiva en territorio de Paran\u00e1 Campa\u00f1a. Durante las pesquisas, los efectivos detectaron falsa documentaci\u00f3n policial.","og_url":"https:\/\/informelitoral.com.ar\/imputan-a-un-cazador-por-adulteracion-de-instrumento-publico\/","og_site_name":"Informe Litoral","article_publisher":"https:\/\/www.facebook.com\/informelitoral\/","article_published_time":"2022-04-21T13:07:08+00:00","og_image":[{"width":768,"height":506,"url":"https:\/\/informelitoral.com.ar\/%77%70%2d%63%6f%6e%74%65%6e%74\/uploads\/2018\/02\/policia-patrullero-768x506.jpg","type":"image\/jpeg"}],"author":"Sebastian","twitter_card":"summary_large_image","twitter_creator":"@InformeLitoral","twitter_site":"@InformeLitoral","twitter_misc":{"Escrito por":"Sebastian","Tiempo de lectura":"3 minutos"},"schema":{"@context":"https:\/\/schema.org","@graph":[{"@type":"Article","@id":"https:\/\/informelitoral.com.ar\/imputan-a-un-cazador-por-adulteracion-de-instrumento-publico\/#article","isPartOf":{"@id":"https:\/\/informelitoral.com.ar\/imputan-a-un-cazador-por-adulteracion-de-instrumento-publico\/"},"author":{"name":"Sebastian","@id":"https:\/\/informelitoral.com.ar\/#\/schema\/person\/f05f9f461677119578717524b127d6d5"},"headline":"Imputan a un cazador por adulteraci\u00f3n de instrumento p\u00fablico","datePublished":"2022-04-21T13:07:08+00:00","mainEntityOfPage":{"@id":"https:\/\/informelitoral.com.ar\/imputan-a-un-cazador-por-adulteracion-de-instrumento-publico\/"},"wordCount":541,"commentCount":0,"publisher":{"@id":"https:\/\/informelitoral.com.ar\/#organization"},"image":{"@id":"https:\/\/informelitoral.com.ar\/imputan-a-un-cazador-por-adulteracion-de-instrumento-publico\/#primaryimage"},"thumbnailUrl":"https:\/\/informelitoral.com.ar\/%77%70%2d%63%6f%6e%74%65%6e%74\/uploads\/2018\/02\/policia-patrullero-768x506.jpg","keywords":["Imputaci\u00f3n"],"articleSection":["Policiales"],"inLanguage":"es","potentialAction":[{"@type":"CommentAction","name":"Comment","target":["https:\/\/informelitoral.com.ar\/imputan-a-un-cazador-por-adulteracion-de-instrumento-publico\/#respond"]}]},{"@type":"WebPage","@id":"https:\/\/informelitoral.com.ar\/imputan-a-un-cazador-por-adulteracion-de-instrumento-publico\/","url":"https:\/\/informelitoral.com.ar\/imputan-a-un-cazador-por-adulteracion-de-instrumento-publico\/","name":"Imputan a un cazador por adulteraci\u00f3n de instrumento p\u00fablico - Informe Litoral","isPartOf":{"@id":"https:\/\/informelitoral.com.ar\/#website"},"primaryImageOfPage":{"@id":"https:\/\/informelitoral.com.ar\/imputan-a-un-cazador-por-adulteracion-de-instrumento-publico\/#primaryimage"},"image":{"@id":"https:\/\/informelitoral.com.ar\/imputan-a-un-cazador-por-adulteracion-de-instrumento-publico\/#primaryimage"},"thumbnailUrl":"https:\/\/informelitoral.com.ar\/%77%70%2d%63%6f%6e%74%65%6e%74\/uploads\/2018\/02\/policia-patrullero-768x506.jpg","datePublished":"2022-04-21T13:07:08+00:00","breadcrumb":{"@id":"https:\/\/informelitoral.com.ar\/imputan-a-un-cazador-por-adulteracion-de-instrumento-publico\/#breadcrumb"},"inLanguage":"es","potentialAction":[{"@type":"ReadAction","target":["https:\/\/informelitoral.com.ar\/imputan-a-un-cazador-por-adulteracion-de-instrumento-publico\/"]}]},{"@type":"ImageObject","inLanguage":"es","@id":"https:\/\/informelitoral.com.ar\/imputan-a-un-cazador-por-adulteracion-de-instrumento-publico\/#primaryimage","url":"https:\/\/informelitoral.com.ar\/%77%70%2d%63%6f%6e%74%65%6e%74\/uploads\/2018\/02\/policia-patrullero-768x506.jpg","contentUrl":"https:\/\/informelitoral.com.ar\/%77%70%2d%63%6f%6e%74%65%6e%74\/uploads\/2018\/02\/policia-patrullero-768x506.jpg","width":768,"height":506},{"@type":"BreadcrumbList","@id":"https:\/\/informelitoral.com.ar\/imputan-a-un-cazador-por-adulteracion-de-instrumento-publico\/#breadcrumb","itemListElement":[{"@type":"ListItem","position":1,"name":"Portada","item":"https:\/\/informelitoral.com.ar\/"},{"@type":"ListItem","position":2,"name":"Imputan a un cazador por adulteraci\u00f3n de instrumento p\u00fablico"}]},{"@type":"WebSite","@id":"https:\/\/informelitoral.com.ar\/#website","url":"https:\/\/informelitoral.com.ar\/","name":"Informe Litoral","description":"&quot;Nos informamos&quot; ","publisher":{"@id":"https:\/\/informelitoral.com.ar\/#organization"},"potentialAction":[{"@type":"SearchAction","target":{"@type":"EntryPoint","urlTemplate":"https:\/\/informelitoral.com.ar\/?s={search_term_string}"},"query-input":{"@type":"PropertyValueSpecification","valueRequired":true,"valueName":"search_term_string"}}],"inLanguage":"es"},{"@type":"Organization","@id":"https:\/\/informelitoral.com.ar\/#organization","name":"Informe Litoral","url":"https:\/\/informelitoral.com.ar\/","logo":{"@type":"ImageObject","inLanguage":"es","@id":"https:\/\/informelitoral.com.ar\/#\/schema\/logo\/image\/","url":"https:\/\/informelitoral.com.ar\/%77%70%2d%63%6f%6e%74%65%6e%74\/uploads\/2021\/01\/circulo.png","contentUrl":"https:\/\/informelitoral.com.ar\/%77%70%2d%63%6f%6e%74%65%6e%74\/uploads\/2021\/01\/circulo.png","width":723,"height":731,"caption":"Informe Litoral"},"image":{"@id":"https:\/\/informelitoral.com.ar\/#\/schema\/logo\/image\/"},"sameAs":["https:\/\/www.facebook.com\/informelitoral\/","https:\/\/x.com\/InformeLitoral","https:\/\/www.instagram.com\/informelitoral\/","https:\/\/www.youtube.com\/channel\/UCua4Qvz8Icb6MYqhoq9xLXw"]},{"@type":"Person","@id":"https:\/\/informelitoral.com.ar\/#\/schema\/person\/f05f9f461677119578717524b127d6d5","name":"Sebastian","image":{"@type":"ImageObject","inLanguage":"es","@id":"https:\/\/secure.gravatar.com\/avatar\/b71bf7481d447dfb9583c7f2798e7cc64de6efb9067b74633ed8c31059a3bd82?s=96&d=mm&r=g","url":"https:\/\/secure.gravatar.com\/avatar\/b71bf7481d447dfb9583c7f2798e7cc64de6efb9067b74633ed8c31059a3bd82?s=96&d=mm&r=g","contentUrl":"https:\/\/secure.gravatar.com\/avatar\/b71bf7481d447dfb9583c7f2798e7cc64de6efb9067b74633ed8c31059a3bd82?s=96&d=mm&r=g","caption":"Sebastian"},"url":"https:\/\/informelitoral.com.ar\/author\/sebastian\/"}]}},"_links":{"self":[{"href":"https:\/\/informelitoral.com.ar\/%77%70%2d%6a%73%6f%6e\/wp\/v2\/posts\/76240","targetHints":{"allow":["GET"]}}],"collection":[{"href":"https:\/\/informelitoral.com.ar\/%77%70%2d%6a%73%6f%6e\/wp\/v2\/posts"}],"about":[{"href":"https:\/\/informelitoral.com.ar\/%77%70%2d%6a%73%6f%6e\/wp\/v2\/types\/post"}],"author":[{"embeddable":true,"href":"https:\/\/informelitoral.com.ar\/%77%70%2d%6a%73%6f%6e\/wp\/v2\/users\/8"}],"replies":[{"embeddable":true,"href":"https:\/\/informelitoral.com.ar\/%77%70%2d%6a%73%6f%6e\/wp\/v2\/comments?post=76240"}],"version-history":[{"count":0,"href":"https:\/\/informelitoral.com.ar\/%77%70%2d%6a%73%6f%6e\/wp\/v2\/posts\/76240\/revisions"}],"wp:featuredmedia":[{"embeddable":true,"href":"https:\/\/informelitoral.com.ar\/%77%70%2d%6a%73%6f%6e\/wp\/v2\/media\/24888"}],"wp:attachment":[{"href":"https:\/\/informelitoral.com.ar\/%77%70%2d%6a%73%6f%6e\/wp\/v2\/media?parent=76240"}],"wp:term":[{"taxonomy":"category","embeddable":true,"href":"https:\/\/informelitoral.com.ar\/%77%70%2d%6a%73%6f%6e\/wp\/v2\/categories?post=76240"},{"taxonomy":"post_tag","embeddable":true,"href":"https:\/\/informelitoral.com.ar\/%77%70%2d%6a%73%6f%6e\/wp\/v2\/tags?post=76240"}],"curies":[{"name":"wp","href":"https:\/\/api.w.org\/{rel}","templated":true}]}}