{"id":76219,"date":"2022-04-21T09:06:49","date_gmt":"2022-04-21T12:06:49","guid":{"rendered":"https:\/\/www.informelitoral.com.ar\/?p=76219"},"modified":"2022-04-21T09:07:11","modified_gmt":"2022-04-21T12:07:11","slug":"bienes-personales-el-gobierno-extendio-la-fecha-limite-para-la-repatriacion-de-activos","status":"publish","type":"post","link":"https:\/\/informelitoral.com.ar\/bienes-personales-el-gobierno-extendio-la-fecha-limite-para-la-repatriacion-de-activos\/","title":{"rendered":"Bienes Personales: el Gobierno extendi\u00f3 la fecha l\u00edmite para la repatriaci\u00f3n de activos"},"content":{"rendered":"<p class=\"paragraph\">El Gobierno extendi\u00f3 la fecha l\u00edmite para la<b>\u00a0repatriaci\u00f3n de activos en el exterior\u00a0<\/b>hasta fines de mayo. El plazo para traer el 5% de los fondos que est\u00e1n en el exterior y evitar la al\u00edcuota del 2,25% en el impuesto a los\u00a0<b>Bienes Personales<\/b>\u00a0venci\u00f3 el 31 de marzo, pero ahora el Poder Ejecutivo decidi\u00f3 extender la fecha por dos meses m\u00e1s.<\/p>\n<p class=\"paragraph\">A trav\u00e9s del\u00a0<b>Decreto 201\/2022<\/b>, publicado este jueves en el\u00a0<b>Bolet\u00edn Oficial<\/b>\u00a0y que lleva las firmas del presidente\u00a0<b>Alberto Fern\u00e1ndez<\/b>, del jefe de Gabinete\u00a0<b>Juan Manzur<\/b>\u00a0y del ministro de Desarrollo Productivo\u00a0<b>Mat\u00edas Kulfas<\/b>, el Poder Ejecutivo\u00a0<mark class=\"hl_yellow\">prorrog\u00f3 \u201cdesde su vencimiento y hasta el 31 de mayo de 2022, inclusive, la fecha de repatriaci\u00f3n prevista para el per\u00edodo fiscal 2021, a los fines de lo dispuesto en el art\u00edculo 2\u00b0 del Decreto N\u00b0 912 del 30 de diciembre de 2021\u2033<\/mark>.<\/p>\n<p class=\"paragraph\">El Gobierno tiene la facultad para disminuir las al\u00edcuotas aplicables a los bienes situados en el exterior, para el caso de activos financieros situados fuera del pa\u00eds, \u201cde verificarse la repatriaci\u00f3n del producido de su realizaci\u00f3n\u201d.<\/p>\n<p class=\"paragraph\">Tambi\u00e9n por decreto, a fines del a\u00f1o pasado \u201cse defini\u00f3 el concepto de \u201crepatriaci\u00f3n\u201d y se entendi\u00f3 por tal al ingreso al pa\u00eds, hasta el 31 de marzo de cada a\u00f1o, inclusive, de<b>\u00a0las tenencias de moneda extranjera en el exterior y los importes generados como resultado de la realizaci\u00f3n de los activos financieros\u00a0<\/b>enumerados en el cuarto p\u00e1rrafo del art\u00edculo 25 de la ley del tributo, pertenecientes a las personas humanas residentes en el pa\u00eds y las sucesiones indivisas radicadas en \u00e9l\u201d.<\/p>\n<p class=\"paragraph\">En este marco, el Gobierno extendi\u00f3 la fecha l\u00edmite para la repatriaci\u00f3n de activos con el objetivo de\u00a0<b>\u201cconceder a los y las contribuyentes del gravamen un per\u00edodo de tiempo suficiente para el an\u00e1lisis y adopci\u00f3n de la decisi\u00f3n que estimen conveniente y, asimismo, facilitar a los y las profesionales intervinientes un plazo adicional para el desarrollo de las tareas vinculadas a la repatriaci\u00f3n\u201d<\/b>.<\/p>\n<p class=\"paragraph\">El beneficio se mantendr\u00e1 siempre y cuando\u00a0<mark class=\"hl_yellow\">los fondos repatriados permanezcan depositados en una cuenta abierta a nombre de su titular (caja de ahorro, cuenta corriente, plazo fijo u otras), hasta el 31 de diciembre, inclusive, del a\u00f1o calendario en que se hubiera verificado la repatriaci\u00f3n o, una vez cumplida la repatriaci\u00f3n y efectuado el mencionado dep\u00f3sito, esos fondos se afecten, en forma parcial o total, a cualquiera de los siguientes destinos<\/mark>: su venta en el mercado libre de cambios, a trav\u00e9s de la entidad financiera que recibi\u00f3 la transferencia original desde el exterior; la adquisici\u00f3n de certificados de participaci\u00f3n y\/o t\u00edtulos de deuda de fideicomisos de inversi\u00f3n productiva que constituya el Banco de Inversi\u00f3n y Comercio Exterior, en car\u00e1cter de fiduciario y bajo el contralor del Ministerio de Desarrollo Productivo como autoridad de aplicaci\u00f3n, siempre que tal inversi\u00f3n se mantenga bajo la titularidad del contribuyente hasta el 31 de diciembre, inclusive, del a\u00f1o calendario en que se produjo la repatriaci\u00f3n; y la suscripci\u00f3n o adquisici\u00f3n de cuotapartes de fondos comunes de inversi\u00f3n existentes o a crearse, que cumplan con los requisitos exigidos por la Comisi\u00f3n Nacional de Valores.<\/p>\n<p class=\"paragraph\">Desde su implementaci\u00f3n, esta iniciativa genera dudas entre los contribuyentes. M\u00e1s a\u00fan en medio de un contexto de crisis e incertidumbre econ\u00f3mica. Uno de los mayores obst\u00e1culos es que aquellos que pagan el impuesto a los bienes personales temen que los recursos que traigan a la Argentina pierdan su valor. Hay quienes en estos \u00faltimos a\u00f1os optaron por pagar una al\u00edcuota m\u00e1s alta antes que girar su dinero por el tipo de cambio oficial, con una brecha cambiaria por encima del 70%.(<em>Infobae<\/em>)<\/p>\n","protected":false},"excerpt":{"rendered":"<p>Por decreto, Alberto Fern\u00e1ndez prorrog\u00f3 la medida hasta fines de mayo<\/p>\n","protected":false},"author":8,"featured_media":49380,"comment_status":"open","ping_status":"open","sticky":false,"template":"","format":"standard","meta":{"fifu_image_url":"","fifu_image_alt":"","footnotes":""},"categories":[1594],"tags":[158,1225],"class_list":{"0":"post-76219","1":"post","2":"type-post","3":"status-publish","4":"format-standard","5":"has-post-thumbnail","7":"category-economia","8":"tag-afip","9":"tag-bienes-personales"},"yoast_head":"<title>Bienes Personales: el Gobierno extendi\u00f3 la fecha l\u00edmite para la repatriaci\u00f3n de activos - Informe Litoral<\/title>\n<meta name=\"robots\" content=\"index, follow, max-snippet:-1, max-image-preview:large, max-video-preview:-1\" \/>\n<link rel=\"canonical\" href=\"https:\/\/informelitoral.com.ar\/bienes-personales-el-gobierno-extendio-la-fecha-limite-para-la-repatriacion-de-activos\/\" \/>\n<meta property=\"og:locale\" content=\"es_ES\" \/>\n<meta property=\"og:type\" content=\"article\" \/>\n<meta property=\"og:title\" content=\"Bienes Personales: el Gobierno extendi\u00f3 la fecha l\u00edmite para la repatriaci\u00f3n de activos - Informe Litoral\" \/>\n<meta property=\"og:description\" content=\"Por decreto, Alberto Fern\u00e1ndez prorrog\u00f3 la medida hasta fines de mayo\" \/>\n<meta property=\"og:url\" content=\"https:\/\/informelitoral.com.ar\/bienes-personales-el-gobierno-extendio-la-fecha-limite-para-la-repatriacion-de-activos\/\" \/>\n<meta property=\"og:site_name\" content=\"Informe Litoral\" \/>\n<meta property=\"article:publisher\" content=\"https:\/\/www.facebook.com\/informelitoral\/\" \/>\n<meta property=\"article:published_time\" content=\"2022-04-21T12:06:49+00:00\" \/>\n<meta property=\"article:modified_time\" content=\"2022-04-21T12:07:11+00:00\" \/>\n<meta property=\"og:image\" content=\"https:\/\/informelitoral.com.ar\/%77%70%2d%63%6f%6e%74%65%6e%74\/uploads\/2020\/09\/Afip.jpg\" \/>\n\t<meta property=\"og:image:width\" content=\"1330\" \/>\n\t<meta property=\"og:image:height\" content=\"880\" \/>\n\t<meta property=\"og:image:type\" content=\"image\/jpeg\" \/>\n<meta name=\"author\" content=\"Sebastian\" \/>\n<meta name=\"twitter:card\" content=\"summary_large_image\" \/>\n<meta name=\"twitter:creator\" content=\"@InformeLitoral\" \/>\n<meta name=\"twitter:site\" content=\"@InformeLitoral\" \/>\n<meta name=\"twitter:label1\" content=\"Escrito por\" \/>\n\t<meta name=\"twitter:data1\" content=\"Sebastian\" \/>\n\t<meta name=\"twitter:label2\" content=\"Tiempo de lectura\" \/>\n\t<meta name=\"twitter:data2\" content=\"3 minutos\" \/>\n<script type=\"application\/ld+json\" class=\"yoast-schema-graph\">{\"@context\":\"https:\\\/\\\/schema.org\",\"@graph\":[{\"@type\":\"Article\",\"@id\":\"https:\\\/\\\/informelitoral.com.ar\\\/bienes-personales-el-gobierno-extendio-la-fecha-limite-para-la-repatriacion-de-activos\\\/#article\",\"isPartOf\":{\"@id\":\"https:\\\/\\\/informelitoral.com.ar\\\/bienes-personales-el-gobierno-extendio-la-fecha-limite-para-la-repatriacion-de-activos\\\/\"},\"author\":{\"name\":\"Sebastian\",\"@id\":\"https:\\\/\\\/informelitoral.com.ar\\\/#\\\/schema\\\/person\\\/f05f9f461677119578717524b127d6d5\"},\"headline\":\"Bienes Personales: el Gobierno extendi\u00f3 la fecha l\u00edmite para la repatriaci\u00f3n de activos\",\"datePublished\":\"2022-04-21T12:06:49+00:00\",\"dateModified\":\"2022-04-21T12:07:11+00:00\",\"mainEntityOfPage\":{\"@id\":\"https:\\\/\\\/informelitoral.com.ar\\\/bienes-personales-el-gobierno-extendio-la-fecha-limite-para-la-repatriacion-de-activos\\\/\"},\"wordCount\":658,\"commentCount\":0,\"publisher\":{\"@id\":\"https:\\\/\\\/informelitoral.com.ar\\\/#organization\"},\"image\":{\"@id\":\"https:\\\/\\\/informelitoral.com.ar\\\/bienes-personales-el-gobierno-extendio-la-fecha-limite-para-la-repatriacion-de-activos\\\/#primaryimage\"},\"thumbnailUrl\":\"https:\\\/\\\/informelitoral.com.ar\\\/%77%70%2d%63%6f%6e%74%65%6e%74\\\/uploads\\\/2020\\\/09\\\/Afip.jpg\",\"keywords\":[\"AFIP\",\"Bienes personales\"],\"articleSection\":[\"Econom\u00eda\"],\"inLanguage\":\"es\",\"potentialAction\":[{\"@type\":\"CommentAction\",\"name\":\"Comment\",\"target\":[\"https:\\\/\\\/informelitoral.com.ar\\\/bienes-personales-el-gobierno-extendio-la-fecha-limite-para-la-repatriacion-de-activos\\\/#respond\"]}]},{\"@type\":\"WebPage\",\"@id\":\"https:\\\/\\\/informelitoral.com.ar\\\/bienes-personales-el-gobierno-extendio-la-fecha-limite-para-la-repatriacion-de-activos\\\/\",\"url\":\"https:\\\/\\\/informelitoral.com.ar\\\/bienes-personales-el-gobierno-extendio-la-fecha-limite-para-la-repatriacion-de-activos\\\/\",\"name\":\"Bienes Personales: el Gobierno extendi\u00f3 la fecha l\u00edmite para la repatriaci\u00f3n de activos - Informe Litoral\",\"isPartOf\":{\"@id\":\"https:\\\/\\\/informelitoral.com.ar\\\/#website\"},\"primaryImageOfPage\":{\"@id\":\"https:\\\/\\\/informelitoral.com.ar\\\/bienes-personales-el-gobierno-extendio-la-fecha-limite-para-la-repatriacion-de-activos\\\/#primaryimage\"},\"image\":{\"@id\":\"https:\\\/\\\/informelitoral.com.ar\\\/bienes-personales-el-gobierno-extendio-la-fecha-limite-para-la-repatriacion-de-activos\\\/#primaryimage\"},\"thumbnailUrl\":\"https:\\\/\\\/informelitoral.com.ar\\\/%77%70%2d%63%6f%6e%74%65%6e%74\\\/uploads\\\/2020\\\/09\\\/Afip.jpg\",\"datePublished\":\"2022-04-21T12:06:49+00:00\",\"dateModified\":\"2022-04-21T12:07:11+00:00\",\"breadcrumb\":{\"@id\":\"https:\\\/\\\/informelitoral.com.ar\\\/bienes-personales-el-gobierno-extendio-la-fecha-limite-para-la-repatriacion-de-activos\\\/#breadcrumb\"},\"inLanguage\":\"es\",\"potentialAction\":[{\"@type\":\"ReadAction\",\"target\":[\"https:\\\/\\\/informelitoral.com.ar\\\/bienes-personales-el-gobierno-extendio-la-fecha-limite-para-la-repatriacion-de-activos\\\/\"]}]},{\"@type\":\"ImageObject\",\"inLanguage\":\"es\",\"@id\":\"https:\\\/\\\/informelitoral.com.ar\\\/bienes-personales-el-gobierno-extendio-la-fecha-limite-para-la-repatriacion-de-activos\\\/#primaryimage\",\"url\":\"https:\\\/\\\/informelitoral.com.ar\\\/%77%70%2d%63%6f%6e%74%65%6e%74\\\/uploads\\\/2020\\\/09\\\/Afip.jpg\",\"contentUrl\":\"https:\\\/\\\/informelitoral.com.ar\\\/%77%70%2d%63%6f%6e%74%65%6e%74\\\/uploads\\\/2020\\\/09\\\/Afip.jpg\",\"width\":1330,\"height\":880},{\"@type\":\"BreadcrumbList\",\"@id\":\"https:\\\/\\\/informelitoral.com.ar\\\/bienes-personales-el-gobierno-extendio-la-fecha-limite-para-la-repatriacion-de-activos\\\/#breadcrumb\",\"itemListElement\":[{\"@type\":\"ListItem\",\"position\":1,\"name\":\"Portada\",\"item\":\"https:\\\/\\\/informelitoral.com.ar\\\/\"},{\"@type\":\"ListItem\",\"position\":2,\"name\":\"Bienes Personales: el Gobierno extendi\u00f3 la fecha l\u00edmite para la repatriaci\u00f3n de activos\"}]},{\"@type\":\"WebSite\",\"@id\":\"https:\\\/\\\/informelitoral.com.ar\\\/#website\",\"url\":\"https:\\\/\\\/informelitoral.com.ar\\\/\",\"name\":\"Informe Litoral\",\"description\":\"&quot;Nos informamos&quot; \",\"publisher\":{\"@id\":\"https:\\\/\\\/informelitoral.com.ar\\\/#organization\"},\"potentialAction\":[{\"@type\":\"SearchAction\",\"target\":{\"@type\":\"EntryPoint\",\"urlTemplate\":\"https:\\\/\\\/informelitoral.com.ar\\\/?s={search_term_string}\"},\"query-input\":{\"@type\":\"PropertyValueSpecification\",\"valueRequired\":true,\"valueName\":\"search_term_string\"}}],\"inLanguage\":\"es\"},{\"@type\":\"Organization\",\"@id\":\"https:\\\/\\\/informelitoral.com.ar\\\/#organization\",\"name\":\"Informe Litoral\",\"url\":\"https:\\\/\\\/informelitoral.com.ar\\\/\",\"logo\":{\"@type\":\"ImageObject\",\"inLanguage\":\"es\",\"@id\":\"https:\\\/\\\/informelitoral.com.ar\\\/#\\\/schema\\\/logo\\\/image\\\/\",\"url\":\"https:\\\/\\\/informelitoral.com.ar\\\/%77%70%2d%63%6f%6e%74%65%6e%74\\\/uploads\\\/2021\\\/01\\\/circulo.png\",\"contentUrl\":\"https:\\\/\\\/informelitoral.com.ar\\\/%77%70%2d%63%6f%6e%74%65%6e%74\\\/uploads\\\/2021\\\/01\\\/circulo.png\",\"width\":723,\"height\":731,\"caption\":\"Informe Litoral\"},\"image\":{\"@id\":\"https:\\\/\\\/informelitoral.com.ar\\\/#\\\/schema\\\/logo\\\/image\\\/\"},\"sameAs\":[\"https:\\\/\\\/www.facebook.com\\\/informelitoral\\\/\",\"https:\\\/\\\/x.com\\\/InformeLitoral\",\"https:\\\/\\\/www.instagram.com\\\/informelitoral\\\/\",\"https:\\\/\\\/www.youtube.com\\\/channel\\\/UCua4Qvz8Icb6MYqhoq9xLXw\"]},{\"@type\":\"Person\",\"@id\":\"https:\\\/\\\/informelitoral.com.ar\\\/#\\\/schema\\\/person\\\/f05f9f461677119578717524b127d6d5\",\"name\":\"Sebastian\",\"image\":{\"@type\":\"ImageObject\",\"inLanguage\":\"es\",\"@id\":\"https:\\\/\\\/secure.gravatar.com\\\/avatar\\\/b71bf7481d447dfb9583c7f2798e7cc64de6efb9067b74633ed8c31059a3bd82?s=96&d=mm&r=g\",\"url\":\"https:\\\/\\\/secure.gravatar.com\\\/avatar\\\/b71bf7481d447dfb9583c7f2798e7cc64de6efb9067b74633ed8c31059a3bd82?s=96&d=mm&r=g\",\"contentUrl\":\"https:\\\/\\\/secure.gravatar.com\\\/avatar\\\/b71bf7481d447dfb9583c7f2798e7cc64de6efb9067b74633ed8c31059a3bd82?s=96&d=mm&r=g\",\"caption\":\"Sebastian\"},\"url\":\"https:\\\/\\\/informelitoral.com.ar\\\/author\\\/sebastian\\\/\"}]}<\/script>","yoast_head_json":{"title":"Bienes Personales: el Gobierno extendi\u00f3 la fecha l\u00edmite para la repatriaci\u00f3n de activos - Informe Litoral","robots":{"index":"index","follow":"follow","max-snippet":"max-snippet:-1","max-image-preview":"max-image-preview:large","max-video-preview":"max-video-preview:-1"},"canonical":"https:\/\/informelitoral.com.ar\/bienes-personales-el-gobierno-extendio-la-fecha-limite-para-la-repatriacion-de-activos\/","og_locale":"es_ES","og_type":"article","og_title":"Bienes Personales: el Gobierno extendi\u00f3 la fecha l\u00edmite para la repatriaci\u00f3n de activos - Informe Litoral","og_description":"Por decreto, Alberto Fern\u00e1ndez prorrog\u00f3 la medida hasta fines de mayo","og_url":"https:\/\/informelitoral.com.ar\/bienes-personales-el-gobierno-extendio-la-fecha-limite-para-la-repatriacion-de-activos\/","og_site_name":"Informe Litoral","article_publisher":"https:\/\/www.facebook.com\/informelitoral\/","article_published_time":"2022-04-21T12:06:49+00:00","article_modified_time":"2022-04-21T12:07:11+00:00","og_image":[{"width":1330,"height":880,"url":"https:\/\/informelitoral.com.ar\/%77%70%2d%63%6f%6e%74%65%6e%74\/uploads\/2020\/09\/Afip.jpg","type":"image\/jpeg"}],"author":"Sebastian","twitter_card":"summary_large_image","twitter_creator":"@InformeLitoral","twitter_site":"@InformeLitoral","twitter_misc":{"Escrito por":"Sebastian","Tiempo de lectura":"3 minutos"},"schema":{"@context":"https:\/\/schema.org","@graph":[{"@type":"Article","@id":"https:\/\/informelitoral.com.ar\/bienes-personales-el-gobierno-extendio-la-fecha-limite-para-la-repatriacion-de-activos\/#article","isPartOf":{"@id":"https:\/\/informelitoral.com.ar\/bienes-personales-el-gobierno-extendio-la-fecha-limite-para-la-repatriacion-de-activos\/"},"author":{"name":"Sebastian","@id":"https:\/\/informelitoral.com.ar\/#\/schema\/person\/f05f9f461677119578717524b127d6d5"},"headline":"Bienes Personales: el Gobierno extendi\u00f3 la fecha l\u00edmite para la repatriaci\u00f3n de activos","datePublished":"2022-04-21T12:06:49+00:00","dateModified":"2022-04-21T12:07:11+00:00","mainEntityOfPage":{"@id":"https:\/\/informelitoral.com.ar\/bienes-personales-el-gobierno-extendio-la-fecha-limite-para-la-repatriacion-de-activos\/"},"wordCount":658,"commentCount":0,"publisher":{"@id":"https:\/\/informelitoral.com.ar\/#organization"},"image":{"@id":"https:\/\/informelitoral.com.ar\/bienes-personales-el-gobierno-extendio-la-fecha-limite-para-la-repatriacion-de-activos\/#primaryimage"},"thumbnailUrl":"https:\/\/informelitoral.com.ar\/%77%70%2d%63%6f%6e%74%65%6e%74\/uploads\/2020\/09\/Afip.jpg","keywords":["AFIP","Bienes personales"],"articleSection":["Econom\u00eda"],"inLanguage":"es","potentialAction":[{"@type":"CommentAction","name":"Comment","target":["https:\/\/informelitoral.com.ar\/bienes-personales-el-gobierno-extendio-la-fecha-limite-para-la-repatriacion-de-activos\/#respond"]}]},{"@type":"WebPage","@id":"https:\/\/informelitoral.com.ar\/bienes-personales-el-gobierno-extendio-la-fecha-limite-para-la-repatriacion-de-activos\/","url":"https:\/\/informelitoral.com.ar\/bienes-personales-el-gobierno-extendio-la-fecha-limite-para-la-repatriacion-de-activos\/","name":"Bienes Personales: el Gobierno extendi\u00f3 la fecha l\u00edmite para la repatriaci\u00f3n de activos - Informe Litoral","isPartOf":{"@id":"https:\/\/informelitoral.com.ar\/#website"},"primaryImageOfPage":{"@id":"https:\/\/informelitoral.com.ar\/bienes-personales-el-gobierno-extendio-la-fecha-limite-para-la-repatriacion-de-activos\/#primaryimage"},"image":{"@id":"https:\/\/informelitoral.com.ar\/bienes-personales-el-gobierno-extendio-la-fecha-limite-para-la-repatriacion-de-activos\/#primaryimage"},"thumbnailUrl":"https:\/\/informelitoral.com.ar\/%77%70%2d%63%6f%6e%74%65%6e%74\/uploads\/2020\/09\/Afip.jpg","datePublished":"2022-04-21T12:06:49+00:00","dateModified":"2022-04-21T12:07:11+00:00","breadcrumb":{"@id":"https:\/\/informelitoral.com.ar\/bienes-personales-el-gobierno-extendio-la-fecha-limite-para-la-repatriacion-de-activos\/#breadcrumb"},"inLanguage":"es","potentialAction":[{"@type":"ReadAction","target":["https:\/\/informelitoral.com.ar\/bienes-personales-el-gobierno-extendio-la-fecha-limite-para-la-repatriacion-de-activos\/"]}]},{"@type":"ImageObject","inLanguage":"es","@id":"https:\/\/informelitoral.com.ar\/bienes-personales-el-gobierno-extendio-la-fecha-limite-para-la-repatriacion-de-activos\/#primaryimage","url":"https:\/\/informelitoral.com.ar\/%77%70%2d%63%6f%6e%74%65%6e%74\/uploads\/2020\/09\/Afip.jpg","contentUrl":"https:\/\/informelitoral.com.ar\/%77%70%2d%63%6f%6e%74%65%6e%74\/uploads\/2020\/09\/Afip.jpg","width":1330,"height":880},{"@type":"BreadcrumbList","@id":"https:\/\/informelitoral.com.ar\/bienes-personales-el-gobierno-extendio-la-fecha-limite-para-la-repatriacion-de-activos\/#breadcrumb","itemListElement":[{"@type":"ListItem","position":1,"name":"Portada","item":"https:\/\/informelitoral.com.ar\/"},{"@type":"ListItem","position":2,"name":"Bienes Personales: el Gobierno extendi\u00f3 la fecha l\u00edmite para la repatriaci\u00f3n de activos"}]},{"@type":"WebSite","@id":"https:\/\/informelitoral.com.ar\/#website","url":"https:\/\/informelitoral.com.ar\/","name":"Informe Litoral","description":"&quot;Nos informamos&quot; ","publisher":{"@id":"https:\/\/informelitoral.com.ar\/#organization"},"potentialAction":[{"@type":"SearchAction","target":{"@type":"EntryPoint","urlTemplate":"https:\/\/informelitoral.com.ar\/?s={search_term_string}"},"query-input":{"@type":"PropertyValueSpecification","valueRequired":true,"valueName":"search_term_string"}}],"inLanguage":"es"},{"@type":"Organization","@id":"https:\/\/informelitoral.com.ar\/#organization","name":"Informe Litoral","url":"https:\/\/informelitoral.com.ar\/","logo":{"@type":"ImageObject","inLanguage":"es","@id":"https:\/\/informelitoral.com.ar\/#\/schema\/logo\/image\/","url":"https:\/\/informelitoral.com.ar\/%77%70%2d%63%6f%6e%74%65%6e%74\/uploads\/2021\/01\/circulo.png","contentUrl":"https:\/\/informelitoral.com.ar\/%77%70%2d%63%6f%6e%74%65%6e%74\/uploads\/2021\/01\/circulo.png","width":723,"height":731,"caption":"Informe Litoral"},"image":{"@id":"https:\/\/informelitoral.com.ar\/#\/schema\/logo\/image\/"},"sameAs":["https:\/\/www.facebook.com\/informelitoral\/","https:\/\/x.com\/InformeLitoral","https:\/\/www.instagram.com\/informelitoral\/","https:\/\/www.youtube.com\/channel\/UCua4Qvz8Icb6MYqhoq9xLXw"]},{"@type":"Person","@id":"https:\/\/informelitoral.com.ar\/#\/schema\/person\/f05f9f461677119578717524b127d6d5","name":"Sebastian","image":{"@type":"ImageObject","inLanguage":"es","@id":"https:\/\/secure.gravatar.com\/avatar\/b71bf7481d447dfb9583c7f2798e7cc64de6efb9067b74633ed8c31059a3bd82?s=96&d=mm&r=g","url":"https:\/\/secure.gravatar.com\/avatar\/b71bf7481d447dfb9583c7f2798e7cc64de6efb9067b74633ed8c31059a3bd82?s=96&d=mm&r=g","contentUrl":"https:\/\/secure.gravatar.com\/avatar\/b71bf7481d447dfb9583c7f2798e7cc64de6efb9067b74633ed8c31059a3bd82?s=96&d=mm&r=g","caption":"Sebastian"},"url":"https:\/\/informelitoral.com.ar\/author\/sebastian\/"}]}},"_links":{"self":[{"href":"https:\/\/informelitoral.com.ar\/%77%70%2d%6a%73%6f%6e\/wp\/v2\/posts\/76219","targetHints":{"allow":["GET"]}}],"collection":[{"href":"https:\/\/informelitoral.com.ar\/%77%70%2d%6a%73%6f%6e\/wp\/v2\/posts"}],"about":[{"href":"https:\/\/informelitoral.com.ar\/%77%70%2d%6a%73%6f%6e\/wp\/v2\/types\/post"}],"author":[{"embeddable":true,"href":"https:\/\/informelitoral.com.ar\/%77%70%2d%6a%73%6f%6e\/wp\/v2\/users\/8"}],"replies":[{"embeddable":true,"href":"https:\/\/informelitoral.com.ar\/%77%70%2d%6a%73%6f%6e\/wp\/v2\/comments?post=76219"}],"version-history":[{"count":0,"href":"https:\/\/informelitoral.com.ar\/%77%70%2d%6a%73%6f%6e\/wp\/v2\/posts\/76219\/revisions"}],"wp:featuredmedia":[{"embeddable":true,"href":"https:\/\/informelitoral.com.ar\/%77%70%2d%6a%73%6f%6e\/wp\/v2\/media\/49380"}],"wp:attachment":[{"href":"https:\/\/informelitoral.com.ar\/%77%70%2d%6a%73%6f%6e\/wp\/v2\/media?parent=76219"}],"wp:term":[{"taxonomy":"category","embeddable":true,"href":"https:\/\/informelitoral.com.ar\/%77%70%2d%6a%73%6f%6e\/wp\/v2\/categories?post=76219"},{"taxonomy":"post_tag","embeddable":true,"href":"https:\/\/informelitoral.com.ar\/%77%70%2d%6a%73%6f%6e\/wp\/v2\/tags?post=76219"}],"curies":[{"name":"wp","href":"https:\/\/api.w.org\/{rel}","templated":true}]}}