{"id":76207,"date":"2022-04-21T08:33:21","date_gmt":"2022-04-21T11:33:21","guid":{"rendered":"https:\/\/www.informelitoral.com.ar\/?p=76207"},"modified":"2022-04-21T08:33:21","modified_gmt":"2022-04-21T11:33:21","slug":"media-sancion-para-la-ley-de-arancelamiento-y-recupero-financiero-del-sistema-de-salud","status":"publish","type":"post","link":"https:\/\/informelitoral.com.ar\/media-sancion-para-la-ley-de-arancelamiento-y-recupero-financiero-del-sistema-de-salud\/","title":{"rendered":"Media sanci\u00f3n para la ley de Arancelamiento y recupero financiero del sistema de salud"},"content":{"rendered":"<p>La media sanci\u00f3n se dio este mi\u00e9rcoles en la quinta sesi\u00f3n ordinaria de la C\u00e1mara de Senadores de la Provincia, en el marco del 143\u00b0 per\u00edodo legislativo. El encuentro estuvo presidido por el vicepresidente primero del cuerpo, el senador Daniel Olano.<\/p>\n<p>Entre sus objetivos, el proyecto busca la administraci\u00f3n eficiente del recupero financiero de los recursos que se obtengan en el sistema p\u00fablico de salud provincial, a trav\u00e9s de las facturaciones a las obras sociales, compa\u00f1\u00edas de seguro, empresas de medicina prepaga, entre otras.<\/p>\n<p>Donaci\u00f3n de un terreno para el Centro de Jubilados de Protestante<\/p>\n<p>Con despacho de la Comisi\u00f3n de Legislaci\u00f3n General se produjo tambi\u00e9n un proyecto de Ley de autoridad del diputado Reinaldo C\u00e1ceres por el que se autoriza al Gobierno de la Provincia a transferir a t\u00edtulo de donaci\u00f3n a favor del Centro de Jubilados y Pensionados Nacionales y Provinciales de Aldea Protestante, un inmueble de propiedad del Estado provincial con destino al funcionamiento de su sede.<\/p>\n<p>Claudia Gieco, senadora por el departamento Diamante, habl\u00f3 sobre la iniciativa. \u201cEste tipo de donaci\u00f3n no es un regalo de la provincia, sino una inversi\u00f3n para significativas de una comunidad\u201d, expres\u00f3 tras dar detalles de los fundamentos del proyecto de ley.<\/p>\n<p>Otros temas<\/p>\n<p>El cuerpo tambi\u00e9n dio sanci\u00f3n a una iniciativa del diputado Gustavo Zavallo con despacho de la comisi\u00f3n de Legislaci\u00f3n General por el que se declara Patrimonio Hist\u00f3rico-Cultural de la Provincia, al inmueble sito en Alameda de la Bajada s\/n de Villa Urquiza, Departamento Paran\u00e1 , donde funciona el Museo Hist\u00f3rico Regional \u00abCasa Ace\u00f1olaza\u00bb. Expediente N\u00ba 24.498.<\/p>\n<p>Claudia Gieco actu\u00f3 como miembro informante de la Comisi\u00f3n de Legislaci\u00f3n General, y explic\u00f3 los fundamentos del proyecto de ley. \u201cEn este museo se resguardan valores que tienen que ver con la historia de la localidad\u201d, dijo tras destacar que este proyecto \u201cbusca poner en valor el patrimonio arquitect\u00f3nico, urban\u00edstico e hist\u00f3rico como parte de la historia de nuestra cultura entrerriana\u201d.<\/p>\n<p>En otro orden, hizo lo propio con otro proyecto tambi\u00e9n con despacho de Legislaci\u00f3n General pero promovido por el Poder Ejecutivo, por el que se autoriza al Superior Gobierno de la Provincia a aceptar el ofrecimiento de donaci\u00f3n formulado por el Municipio de Villa Hernandarias, destinado al funcionamiento del edificio propio de la Residencia Estudiantil de Se\u00f1oritas de la Escuela de Educaci\u00f3n T\u00e9cnica N\u00ba 58 \u201cDr. Federico Hoenig\u201d, del Departamento de Paran\u00e1.<\/p>\n<p>Durante el debate legislativo, adem\u00e1s, se encontr\u00f3 el proyecto de ley de autoridad del diputado Manuel Troncoso, por el que se adhiere a la Ley Nacional N\u00ba 24.561, que instituye el 3 de junio de cada a\u00f1o como D\u00eda del Inmigrante Italiano. Expediente N\u00ba 24.238.<\/p>\n<p><a href=\"https:\/\/www.informelitoral.com.ar\/%77%70%2d%63%6f%6e%74%65%6e%74\/uploads\/2022\/04\/3017e7be-f5b9-477f-b0f5-6de73d7b85a2.jpg\"><img loading=\"lazy\" decoding=\"async\" class=\"alignnone size-large wp-image-76209\" src=\"https:\/\/www.informelitoral.com.ar\/%77%70%2d%63%6f%6e%74%65%6e%74\/uploads\/2022\/04\/3017e7be-f5b9-477f-b0f5-6de73d7b85a2-1024x683.jpg\" alt=\"\" width=\"696\" height=\"464\" srcset=\"https:\/\/informelitoral.com.ar\/%77%70%2d%63%6f%6e%74%65%6e%74\/uploads\/2022\/04\/3017e7be-f5b9-477f-b0f5-6de73d7b85a2-1024x683.jpg 1024w, https:\/\/informelitoral.com.ar\/%77%70%2d%63%6f%6e%74%65%6e%74\/uploads\/2022\/04\/3017e7be-f5b9-477f-b0f5-6de73d7b85a2-300x200.jpg 300w, https:\/\/informelitoral.com.ar\/%77%70%2d%63%6f%6e%74%65%6e%74\/uploads\/2022\/04\/3017e7be-f5b9-477f-b0f5-6de73d7b85a2-768x512.jpg 768w, https:\/\/informelitoral.com.ar\/%77%70%2d%63%6f%6e%74%65%6e%74\/uploads\/2022\/04\/3017e7be-f5b9-477f-b0f5-6de73d7b85a2-696x464.jpg 696w, https:\/\/informelitoral.com.ar\/%77%70%2d%63%6f%6e%74%65%6e%74\/uploads\/2022\/04\/3017e7be-f5b9-477f-b0f5-6de73d7b85a2-1068x713.jpg 1068w, https:\/\/informelitoral.com.ar\/%77%70%2d%63%6f%6e%74%65%6e%74\/uploads\/2022\/04\/3017e7be-f5b9-477f-b0f5-6de73d7b85a2-630x420.jpg 630w, https:\/\/informelitoral.com.ar\/%77%70%2d%63%6f%6e%74%65%6e%74\/uploads\/2022\/04\/3017e7be-f5b9-477f-b0f5-6de73d7b85a2.jpg 1280w\" sizes=\"auto, (max-width: 696px) 100vw, 696px\" \/><\/a><a href=\"https:\/\/www.informelitoral.com.ar\/%77%70%2d%63%6f%6e%74%65%6e%74\/uploads\/2022\/04\/e06f8d2e-bbe9-424c-aaa8-010fe7044e22.jpg\"><img loading=\"lazy\" decoding=\"async\" class=\"alignnone size-large wp-image-76210\" src=\"https:\/\/www.informelitoral.com.ar\/%77%70%2d%63%6f%6e%74%65%6e%74\/uploads\/2022\/04\/e06f8d2e-bbe9-424c-aaa8-010fe7044e22-1024x682.jpg\" alt=\"\" width=\"696\" height=\"464\" srcset=\"https:\/\/informelitoral.com.ar\/%77%70%2d%63%6f%6e%74%65%6e%74\/uploads\/2022\/04\/e06f8d2e-bbe9-424c-aaa8-010fe7044e22-1024x682.jpg 1024w, https:\/\/informelitoral.com.ar\/%77%70%2d%63%6f%6e%74%65%6e%74\/uploads\/2022\/04\/e06f8d2e-bbe9-424c-aaa8-010fe7044e22-300x200.jpg 300w, https:\/\/informelitoral.com.ar\/%77%70%2d%63%6f%6e%74%65%6e%74\/uploads\/2022\/04\/e06f8d2e-bbe9-424c-aaa8-010fe7044e22-768x512.jpg 768w, https:\/\/informelitoral.com.ar\/%77%70%2d%63%6f%6e%74%65%6e%74\/uploads\/2022\/04\/e06f8d2e-bbe9-424c-aaa8-010fe7044e22-696x464.jpg 696w, https:\/\/informelitoral.com.ar\/%77%70%2d%63%6f%6e%74%65%6e%74\/uploads\/2022\/04\/e06f8d2e-bbe9-424c-aaa8-010fe7044e22-1068x712.jpg 1068w, https:\/\/informelitoral.com.ar\/%77%70%2d%63%6f%6e%74%65%6e%74\/uploads\/2022\/04\/e06f8d2e-bbe9-424c-aaa8-010fe7044e22-630x420.jpg 630w, https:\/\/informelitoral.com.ar\/%77%70%2d%63%6f%6e%74%65%6e%74\/uploads\/2022\/04\/e06f8d2e-bbe9-424c-aaa8-010fe7044e22.jpg 1280w\" sizes=\"auto, (max-width: 696px) 100vw, 696px\" \/><\/a><\/p>\n","protected":false},"excerpt":{"rendered":"<p>La iniciativa de los senadores Horacio Amavet y Jorge Maradey busca la administraci\u00f3n eficiente del recupero financiero de los recursos que se obtuvieron en el sistema p\u00fablico de salud provincial, a trav\u00e9s de las facturaciones a las obras sociales, compa\u00f1\u00edas de seguro, empresas de medicina prepaga, entre otras.<\/p>\n","protected":false},"author":8,"featured_media":76208,"comment_status":"open","ping_status":"open","sticky":false,"template":"","format":"standard","meta":{"fifu_image_url":"","fifu_image_alt":"","footnotes":""},"categories":[16],"tags":[3550,3549],"class_list":{"0":"post-76207","1":"post","2":"type-post","3":"status-publish","4":"format-standard","5":"has-post-thumbnail","7":"category-politi","8":"tag-ley-de-arancelamiento","9":"tag-media-sancion"},"yoast_head":"<title>Media sanci\u00f3n para la ley de Arancelamiento y recupero financiero del sistema de salud - Informe Litoral<\/title>\n<meta name=\"robots\" content=\"index, follow, max-snippet:-1, max-image-preview:large, max-video-preview:-1\" \/>\n<link rel=\"canonical\" href=\"https:\/\/informelitoral.com.ar\/media-sancion-para-la-ley-de-arancelamiento-y-recupero-financiero-del-sistema-de-salud\/\" \/>\n<meta property=\"og:locale\" content=\"es_ES\" \/>\n<meta property=\"og:type\" content=\"article\" \/>\n<meta property=\"og:title\" content=\"Media sanci\u00f3n para la ley de Arancelamiento y recupero financiero del sistema de salud - Informe Litoral\" \/>\n<meta property=\"og:description\" content=\"La iniciativa de los senadores Horacio Amavet y Jorge Maradey busca la administraci\u00f3n eficiente del recupero financiero de los recursos que se obtuvieron en el sistema p\u00fablico de salud provincial, a trav\u00e9s de las facturaciones a las obras sociales, compa\u00f1\u00edas de seguro, empresas de medicina prepaga, entre otras.\" \/>\n<meta property=\"og:url\" content=\"https:\/\/informelitoral.com.ar\/media-sancion-para-la-ley-de-arancelamiento-y-recupero-financiero-del-sistema-de-salud\/\" \/>\n<meta property=\"og:site_name\" content=\"Informe Litoral\" \/>\n<meta property=\"article:publisher\" content=\"https:\/\/www.facebook.com\/informelitoral\/\" \/>\n<meta property=\"article:published_time\" content=\"2022-04-21T11:33:21+00:00\" \/>\n<meta property=\"og:image\" content=\"https:\/\/informelitoral.com.ar\/%77%70%2d%63%6f%6e%74%65%6e%74\/uploads\/2022\/04\/20ace695-1bb1-4fe9-b420-b6a874096ec3.jpg\" \/>\n\t<meta property=\"og:image:width\" content=\"1280\" \/>\n\t<meta property=\"og:image:height\" content=\"854\" \/>\n\t<meta property=\"og:image:type\" content=\"image\/jpeg\" \/>\n<meta name=\"author\" content=\"Sebastian\" \/>\n<meta name=\"twitter:card\" content=\"summary_large_image\" \/>\n<meta name=\"twitter:creator\" content=\"@InformeLitoral\" \/>\n<meta name=\"twitter:site\" content=\"@InformeLitoral\" \/>\n<meta name=\"twitter:label1\" content=\"Escrito por\" \/>\n\t<meta name=\"twitter:data1\" content=\"Sebastian\" \/>\n\t<meta name=\"twitter:label2\" content=\"Tiempo de lectura\" \/>\n\t<meta name=\"twitter:data2\" content=\"2 minutos\" \/>\n<script type=\"application\/ld+json\" class=\"yoast-schema-graph\">{\"@context\":\"https:\\\/\\\/schema.org\",\"@graph\":[{\"@type\":\"Article\",\"@id\":\"https:\\\/\\\/informelitoral.com.ar\\\/media-sancion-para-la-ley-de-arancelamiento-y-recupero-financiero-del-sistema-de-salud\\\/#article\",\"isPartOf\":{\"@id\":\"https:\\\/\\\/informelitoral.com.ar\\\/media-sancion-para-la-ley-de-arancelamiento-y-recupero-financiero-del-sistema-de-salud\\\/\"},\"author\":{\"name\":\"Sebastian\",\"@id\":\"https:\\\/\\\/informelitoral.com.ar\\\/#\\\/schema\\\/person\\\/f05f9f461677119578717524b127d6d5\"},\"headline\":\"Media sanci\u00f3n para la ley de Arancelamiento y recupero financiero del sistema de salud\",\"datePublished\":\"2022-04-21T11:33:21+00:00\",\"mainEntityOfPage\":{\"@id\":\"https:\\\/\\\/informelitoral.com.ar\\\/media-sancion-para-la-ley-de-arancelamiento-y-recupero-financiero-del-sistema-de-salud\\\/\"},\"wordCount\":485,\"commentCount\":0,\"publisher\":{\"@id\":\"https:\\\/\\\/informelitoral.com.ar\\\/#organization\"},\"image\":{\"@id\":\"https:\\\/\\\/informelitoral.com.ar\\\/media-sancion-para-la-ley-de-arancelamiento-y-recupero-financiero-del-sistema-de-salud\\\/#primaryimage\"},\"thumbnailUrl\":\"https:\\\/\\\/informelitoral.com.ar\\\/%77%70%2d%63%6f%6e%74%65%6e%74\\\/uploads\\\/2022\\\/04\\\/20ace695-1bb1-4fe9-b420-b6a874096ec3.jpg\",\"keywords\":[\"Ley de Arancelamiento\",\"Media sanci\u00f3n\"],\"articleSection\":[\"Politica\"],\"inLanguage\":\"es\",\"potentialAction\":[{\"@type\":\"CommentAction\",\"name\":\"Comment\",\"target\":[\"https:\\\/\\\/informelitoral.com.ar\\\/media-sancion-para-la-ley-de-arancelamiento-y-recupero-financiero-del-sistema-de-salud\\\/#respond\"]}]},{\"@type\":\"WebPage\",\"@id\":\"https:\\\/\\\/informelitoral.com.ar\\\/media-sancion-para-la-ley-de-arancelamiento-y-recupero-financiero-del-sistema-de-salud\\\/\",\"url\":\"https:\\\/\\\/informelitoral.com.ar\\\/media-sancion-para-la-ley-de-arancelamiento-y-recupero-financiero-del-sistema-de-salud\\\/\",\"name\":\"Media sanci\u00f3n para la ley de Arancelamiento y recupero financiero del sistema de salud - Informe Litoral\",\"isPartOf\":{\"@id\":\"https:\\\/\\\/informelitoral.com.ar\\\/#website\"},\"primaryImageOfPage\":{\"@id\":\"https:\\\/\\\/informelitoral.com.ar\\\/media-sancion-para-la-ley-de-arancelamiento-y-recupero-financiero-del-sistema-de-salud\\\/#primaryimage\"},\"image\":{\"@id\":\"https:\\\/\\\/informelitoral.com.ar\\\/media-sancion-para-la-ley-de-arancelamiento-y-recupero-financiero-del-sistema-de-salud\\\/#primaryimage\"},\"thumbnailUrl\":\"https:\\\/\\\/informelitoral.com.ar\\\/%77%70%2d%63%6f%6e%74%65%6e%74\\\/uploads\\\/2022\\\/04\\\/20ace695-1bb1-4fe9-b420-b6a874096ec3.jpg\",\"datePublished\":\"2022-04-21T11:33:21+00:00\",\"breadcrumb\":{\"@id\":\"https:\\\/\\\/informelitoral.com.ar\\\/media-sancion-para-la-ley-de-arancelamiento-y-recupero-financiero-del-sistema-de-salud\\\/#breadcrumb\"},\"inLanguage\":\"es\",\"potentialAction\":[{\"@type\":\"ReadAction\",\"target\":[\"https:\\\/\\\/informelitoral.com.ar\\\/media-sancion-para-la-ley-de-arancelamiento-y-recupero-financiero-del-sistema-de-salud\\\/\"]}]},{\"@type\":\"ImageObject\",\"inLanguage\":\"es\",\"@id\":\"https:\\\/\\\/informelitoral.com.ar\\\/media-sancion-para-la-ley-de-arancelamiento-y-recupero-financiero-del-sistema-de-salud\\\/#primaryimage\",\"url\":\"https:\\\/\\\/informelitoral.com.ar\\\/%77%70%2d%63%6f%6e%74%65%6e%74\\\/uploads\\\/2022\\\/04\\\/20ace695-1bb1-4fe9-b420-b6a874096ec3.jpg\",\"contentUrl\":\"https:\\\/\\\/informelitoral.com.ar\\\/%77%70%2d%63%6f%6e%74%65%6e%74\\\/uploads\\\/2022\\\/04\\\/20ace695-1bb1-4fe9-b420-b6a874096ec3.jpg\",\"width\":1280,\"height\":854},{\"@type\":\"BreadcrumbList\",\"@id\":\"https:\\\/\\\/informelitoral.com.ar\\\/media-sancion-para-la-ley-de-arancelamiento-y-recupero-financiero-del-sistema-de-salud\\\/#breadcrumb\",\"itemListElement\":[{\"@type\":\"ListItem\",\"position\":1,\"name\":\"Portada\",\"item\":\"https:\\\/\\\/informelitoral.com.ar\\\/\"},{\"@type\":\"ListItem\",\"position\":2,\"name\":\"Media sanci\u00f3n para la ley de Arancelamiento y recupero financiero del sistema de salud\"}]},{\"@type\":\"WebSite\",\"@id\":\"https:\\\/\\\/informelitoral.com.ar\\\/#website\",\"url\":\"https:\\\/\\\/informelitoral.com.ar\\\/\",\"name\":\"Informe Litoral\",\"description\":\"&quot;Nos informamos&quot; \",\"publisher\":{\"@id\":\"https:\\\/\\\/informelitoral.com.ar\\\/#organization\"},\"potentialAction\":[{\"@type\":\"SearchAction\",\"target\":{\"@type\":\"EntryPoint\",\"urlTemplate\":\"https:\\\/\\\/informelitoral.com.ar\\\/?s={search_term_string}\"},\"query-input\":{\"@type\":\"PropertyValueSpecification\",\"valueRequired\":true,\"valueName\":\"search_term_string\"}}],\"inLanguage\":\"es\"},{\"@type\":\"Organization\",\"@id\":\"https:\\\/\\\/informelitoral.com.ar\\\/#organization\",\"name\":\"Informe Litoral\",\"url\":\"https:\\\/\\\/informelitoral.com.ar\\\/\",\"logo\":{\"@type\":\"ImageObject\",\"inLanguage\":\"es\",\"@id\":\"https:\\\/\\\/informelitoral.com.ar\\\/#\\\/schema\\\/logo\\\/image\\\/\",\"url\":\"https:\\\/\\\/informelitoral.com.ar\\\/%77%70%2d%63%6f%6e%74%65%6e%74\\\/uploads\\\/2021\\\/01\\\/circulo.png\",\"contentUrl\":\"https:\\\/\\\/informelitoral.com.ar\\\/%77%70%2d%63%6f%6e%74%65%6e%74\\\/uploads\\\/2021\\\/01\\\/circulo.png\",\"width\":723,\"height\":731,\"caption\":\"Informe Litoral\"},\"image\":{\"@id\":\"https:\\\/\\\/informelitoral.com.ar\\\/#\\\/schema\\\/logo\\\/image\\\/\"},\"sameAs\":[\"https:\\\/\\\/www.facebook.com\\\/informelitoral\\\/\",\"https:\\\/\\\/x.com\\\/InformeLitoral\",\"https:\\\/\\\/www.instagram.com\\\/informelitoral\\\/\",\"https:\\\/\\\/www.youtube.com\\\/channel\\\/UCua4Qvz8Icb6MYqhoq9xLXw\"]},{\"@type\":\"Person\",\"@id\":\"https:\\\/\\\/informelitoral.com.ar\\\/#\\\/schema\\\/person\\\/f05f9f461677119578717524b127d6d5\",\"name\":\"Sebastian\",\"image\":{\"@type\":\"ImageObject\",\"inLanguage\":\"es\",\"@id\":\"https:\\\/\\\/secure.gravatar.com\\\/avatar\\\/b71bf7481d447dfb9583c7f2798e7cc64de6efb9067b74633ed8c31059a3bd82?s=96&d=mm&r=g\",\"url\":\"https:\\\/\\\/secure.gravatar.com\\\/avatar\\\/b71bf7481d447dfb9583c7f2798e7cc64de6efb9067b74633ed8c31059a3bd82?s=96&d=mm&r=g\",\"contentUrl\":\"https:\\\/\\\/secure.gravatar.com\\\/avatar\\\/b71bf7481d447dfb9583c7f2798e7cc64de6efb9067b74633ed8c31059a3bd82?s=96&d=mm&r=g\",\"caption\":\"Sebastian\"},\"url\":\"https:\\\/\\\/informelitoral.com.ar\\\/author\\\/sebastian\\\/\"}]}<\/script>","yoast_head_json":{"title":"Media sanci\u00f3n para la ley de Arancelamiento y recupero financiero del sistema de salud - Informe Litoral","robots":{"index":"index","follow":"follow","max-snippet":"max-snippet:-1","max-image-preview":"max-image-preview:large","max-video-preview":"max-video-preview:-1"},"canonical":"https:\/\/informelitoral.com.ar\/media-sancion-para-la-ley-de-arancelamiento-y-recupero-financiero-del-sistema-de-salud\/","og_locale":"es_ES","og_type":"article","og_title":"Media sanci\u00f3n para la ley de Arancelamiento y recupero financiero del sistema de salud - Informe Litoral","og_description":"La iniciativa de los senadores Horacio Amavet y Jorge Maradey busca la administraci\u00f3n eficiente del recupero financiero de los recursos que se obtuvieron en el sistema p\u00fablico de salud provincial, a trav\u00e9s de las facturaciones a las obras sociales, compa\u00f1\u00edas de seguro, empresas de medicina prepaga, entre otras.","og_url":"https:\/\/informelitoral.com.ar\/media-sancion-para-la-ley-de-arancelamiento-y-recupero-financiero-del-sistema-de-salud\/","og_site_name":"Informe Litoral","article_publisher":"https:\/\/www.facebook.com\/informelitoral\/","article_published_time":"2022-04-21T11:33:21+00:00","og_image":[{"width":1280,"height":854,"url":"https:\/\/informelitoral.com.ar\/%77%70%2d%63%6f%6e%74%65%6e%74\/uploads\/2022\/04\/20ace695-1bb1-4fe9-b420-b6a874096ec3.jpg","type":"image\/jpeg"}],"author":"Sebastian","twitter_card":"summary_large_image","twitter_creator":"@InformeLitoral","twitter_site":"@InformeLitoral","twitter_misc":{"Escrito por":"Sebastian","Tiempo de lectura":"2 minutos"},"schema":{"@context":"https:\/\/schema.org","@graph":[{"@type":"Article","@id":"https:\/\/informelitoral.com.ar\/media-sancion-para-la-ley-de-arancelamiento-y-recupero-financiero-del-sistema-de-salud\/#article","isPartOf":{"@id":"https:\/\/informelitoral.com.ar\/media-sancion-para-la-ley-de-arancelamiento-y-recupero-financiero-del-sistema-de-salud\/"},"author":{"name":"Sebastian","@id":"https:\/\/informelitoral.com.ar\/#\/schema\/person\/f05f9f461677119578717524b127d6d5"},"headline":"Media sanci\u00f3n para la ley de Arancelamiento y recupero financiero del sistema de salud","datePublished":"2022-04-21T11:33:21+00:00","mainEntityOfPage":{"@id":"https:\/\/informelitoral.com.ar\/media-sancion-para-la-ley-de-arancelamiento-y-recupero-financiero-del-sistema-de-salud\/"},"wordCount":485,"commentCount":0,"publisher":{"@id":"https:\/\/informelitoral.com.ar\/#organization"},"image":{"@id":"https:\/\/informelitoral.com.ar\/media-sancion-para-la-ley-de-arancelamiento-y-recupero-financiero-del-sistema-de-salud\/#primaryimage"},"thumbnailUrl":"https:\/\/informelitoral.com.ar\/%77%70%2d%63%6f%6e%74%65%6e%74\/uploads\/2022\/04\/20ace695-1bb1-4fe9-b420-b6a874096ec3.jpg","keywords":["Ley de Arancelamiento","Media sanci\u00f3n"],"articleSection":["Politica"],"inLanguage":"es","potentialAction":[{"@type":"CommentAction","name":"Comment","target":["https:\/\/informelitoral.com.ar\/media-sancion-para-la-ley-de-arancelamiento-y-recupero-financiero-del-sistema-de-salud\/#respond"]}]},{"@type":"WebPage","@id":"https:\/\/informelitoral.com.ar\/media-sancion-para-la-ley-de-arancelamiento-y-recupero-financiero-del-sistema-de-salud\/","url":"https:\/\/informelitoral.com.ar\/media-sancion-para-la-ley-de-arancelamiento-y-recupero-financiero-del-sistema-de-salud\/","name":"Media sanci\u00f3n para la ley de Arancelamiento y recupero financiero del sistema de salud - Informe Litoral","isPartOf":{"@id":"https:\/\/informelitoral.com.ar\/#website"},"primaryImageOfPage":{"@id":"https:\/\/informelitoral.com.ar\/media-sancion-para-la-ley-de-arancelamiento-y-recupero-financiero-del-sistema-de-salud\/#primaryimage"},"image":{"@id":"https:\/\/informelitoral.com.ar\/media-sancion-para-la-ley-de-arancelamiento-y-recupero-financiero-del-sistema-de-salud\/#primaryimage"},"thumbnailUrl":"https:\/\/informelitoral.com.ar\/%77%70%2d%63%6f%6e%74%65%6e%74\/uploads\/2022\/04\/20ace695-1bb1-4fe9-b420-b6a874096ec3.jpg","datePublished":"2022-04-21T11:33:21+00:00","breadcrumb":{"@id":"https:\/\/informelitoral.com.ar\/media-sancion-para-la-ley-de-arancelamiento-y-recupero-financiero-del-sistema-de-salud\/#breadcrumb"},"inLanguage":"es","potentialAction":[{"@type":"ReadAction","target":["https:\/\/informelitoral.com.ar\/media-sancion-para-la-ley-de-arancelamiento-y-recupero-financiero-del-sistema-de-salud\/"]}]},{"@type":"ImageObject","inLanguage":"es","@id":"https:\/\/informelitoral.com.ar\/media-sancion-para-la-ley-de-arancelamiento-y-recupero-financiero-del-sistema-de-salud\/#primaryimage","url":"https:\/\/informelitoral.com.ar\/%77%70%2d%63%6f%6e%74%65%6e%74\/uploads\/2022\/04\/20ace695-1bb1-4fe9-b420-b6a874096ec3.jpg","contentUrl":"https:\/\/informelitoral.com.ar\/%77%70%2d%63%6f%6e%74%65%6e%74\/uploads\/2022\/04\/20ace695-1bb1-4fe9-b420-b6a874096ec3.jpg","width":1280,"height":854},{"@type":"BreadcrumbList","@id":"https:\/\/informelitoral.com.ar\/media-sancion-para-la-ley-de-arancelamiento-y-recupero-financiero-del-sistema-de-salud\/#breadcrumb","itemListElement":[{"@type":"ListItem","position":1,"name":"Portada","item":"https:\/\/informelitoral.com.ar\/"},{"@type":"ListItem","position":2,"name":"Media sanci\u00f3n para la ley de Arancelamiento y recupero financiero del sistema de salud"}]},{"@type":"WebSite","@id":"https:\/\/informelitoral.com.ar\/#website","url":"https:\/\/informelitoral.com.ar\/","name":"Informe Litoral","description":"&quot;Nos informamos&quot; ","publisher":{"@id":"https:\/\/informelitoral.com.ar\/#organization"},"potentialAction":[{"@type":"SearchAction","target":{"@type":"EntryPoint","urlTemplate":"https:\/\/informelitoral.com.ar\/?s={search_term_string}"},"query-input":{"@type":"PropertyValueSpecification","valueRequired":true,"valueName":"search_term_string"}}],"inLanguage":"es"},{"@type":"Organization","@id":"https:\/\/informelitoral.com.ar\/#organization","name":"Informe Litoral","url":"https:\/\/informelitoral.com.ar\/","logo":{"@type":"ImageObject","inLanguage":"es","@id":"https:\/\/informelitoral.com.ar\/#\/schema\/logo\/image\/","url":"https:\/\/informelitoral.com.ar\/%77%70%2d%63%6f%6e%74%65%6e%74\/uploads\/2021\/01\/circulo.png","contentUrl":"https:\/\/informelitoral.com.ar\/%77%70%2d%63%6f%6e%74%65%6e%74\/uploads\/2021\/01\/circulo.png","width":723,"height":731,"caption":"Informe Litoral"},"image":{"@id":"https:\/\/informelitoral.com.ar\/#\/schema\/logo\/image\/"},"sameAs":["https:\/\/www.facebook.com\/informelitoral\/","https:\/\/x.com\/InformeLitoral","https:\/\/www.instagram.com\/informelitoral\/","https:\/\/www.youtube.com\/channel\/UCua4Qvz8Icb6MYqhoq9xLXw"]},{"@type":"Person","@id":"https:\/\/informelitoral.com.ar\/#\/schema\/person\/f05f9f461677119578717524b127d6d5","name":"Sebastian","image":{"@type":"ImageObject","inLanguage":"es","@id":"https:\/\/secure.gravatar.com\/avatar\/b71bf7481d447dfb9583c7f2798e7cc64de6efb9067b74633ed8c31059a3bd82?s=96&d=mm&r=g","url":"https:\/\/secure.gravatar.com\/avatar\/b71bf7481d447dfb9583c7f2798e7cc64de6efb9067b74633ed8c31059a3bd82?s=96&d=mm&r=g","contentUrl":"https:\/\/secure.gravatar.com\/avatar\/b71bf7481d447dfb9583c7f2798e7cc64de6efb9067b74633ed8c31059a3bd82?s=96&d=mm&r=g","caption":"Sebastian"},"url":"https:\/\/informelitoral.com.ar\/author\/sebastian\/"}]}},"_links":{"self":[{"href":"https:\/\/informelitoral.com.ar\/%77%70%2d%6a%73%6f%6e\/wp\/v2\/posts\/76207","targetHints":{"allow":["GET"]}}],"collection":[{"href":"https:\/\/informelitoral.com.ar\/%77%70%2d%6a%73%6f%6e\/wp\/v2\/posts"}],"about":[{"href":"https:\/\/informelitoral.com.ar\/%77%70%2d%6a%73%6f%6e\/wp\/v2\/types\/post"}],"author":[{"embeddable":true,"href":"https:\/\/informelitoral.com.ar\/%77%70%2d%6a%73%6f%6e\/wp\/v2\/users\/8"}],"replies":[{"embeddable":true,"href":"https:\/\/informelitoral.com.ar\/%77%70%2d%6a%73%6f%6e\/wp\/v2\/comments?post=76207"}],"version-history":[{"count":0,"href":"https:\/\/informelitoral.com.ar\/%77%70%2d%6a%73%6f%6e\/wp\/v2\/posts\/76207\/revisions"}],"wp:featuredmedia":[{"embeddable":true,"href":"https:\/\/informelitoral.com.ar\/%77%70%2d%6a%73%6f%6e\/wp\/v2\/media\/76208"}],"wp:attachment":[{"href":"https:\/\/informelitoral.com.ar\/%77%70%2d%6a%73%6f%6e\/wp\/v2\/media?parent=76207"}],"wp:term":[{"taxonomy":"category","embeddable":true,"href":"https:\/\/informelitoral.com.ar\/%77%70%2d%6a%73%6f%6e\/wp\/v2\/categories?post=76207"},{"taxonomy":"post_tag","embeddable":true,"href":"https:\/\/informelitoral.com.ar\/%77%70%2d%6a%73%6f%6e\/wp\/v2\/tags?post=76207"}],"curies":[{"name":"wp","href":"https:\/\/api.w.org\/{rel}","templated":true}]}}