{"id":76012,"date":"2022-04-18T18:32:47","date_gmt":"2022-04-18T21:32:47","guid":{"rendered":"https:\/\/www.informelitoral.com.ar\/?p=76012"},"modified":"2022-04-18T18:57:58","modified_gmt":"2022-04-18T21:57:58","slug":"consolidamos-un-camino-de-crecimiento-produccion-y-empleo-para-la-provincia","status":"publish","type":"post","link":"https:\/\/informelitoral.com.ar\/consolidamos-un-camino-de-crecimiento-produccion-y-empleo-para-la-provincia\/","title":{"rendered":"\u201cConsolidamos un camino de crecimiento, producci\u00f3n y empleo para la provincia\u00bb"},"content":{"rendered":"<p>\u201cCumplimos muchas de las metas que nos fijamos y tenemos grandes desaf\u00edos. Es imprescindible abocar todo nuestro esfuerzo a la gesti\u00f3n, estar presentes en cada ciudad, comuna y junta. Hacemos las obras que la provincia necesita, hacemos futuro\u201d, expres\u00f3 este lunes el gobernador Gustavo Bordet.<\/p>\n<p>El mandatario provincial convoc\u00f3 este lunes en el Centro Provincial de Convenciones a sus ministros y ministras, funcionarios, funcionarias, y legisladores. En ese marco destac\u00f3 el equilibrio y la fortaleza de la econom\u00eda de la provincia, resalt\u00f3 el di\u00e1logo con todos los municipios, con el sector privado y adelant\u00f3 que se est\u00e1 trabajando en mecanismos de financiamientos propios, como el Finver. \u201cConsolidamos un camino de crecimiento, producci\u00f3n y empleo para el futuro de la provincia\u201d, afirm\u00f3.<\/p>\n<p>\u201cLa actividad tur\u00edstica se recompuso\u201d, expres\u00f3 Bordet y puso de relieve el trabajo que la provincia desarrolla junto al gobierno nacional y el sector privado, que se vio reflejado en la afluencia de m\u00e1s de 185.000 turistas que visitaron Entre R\u00edos en Semana Santa.<\/p>\n<p>Tambi\u00e9n sostuvo que \u201cel sistema productivo en la provincia que est\u00e1 funcionando en muy buenos niveles\u201d, y que desde el gobierno provincial \u201ctrabajamos en conjunto con todos los sectores de la producci\u00f3n\u201d.<\/p>\n<p>\u201cPromovemos el desarrollo productivo y la creaci\u00f3n de empleo buscando que nuestros productores puedan aumentar su capital productivo, acompa\u00f1amos durante la emergencia con l\u00edneas crediticias, y tambi\u00e9n a trav\u00e9s de nuevas l\u00edneas con tasas bonificadas\u201d, puntualiz\u00f3. En esa direcci\u00f3n, subray\u00f3 el fortalecimiento del Fondo de Garant\u00edas de Entre R\u00edos (Fogaer) y adelant\u00f3 que se est\u00e1 trabajando para \u201ccontar con mecanismo propio de financiamiento a trav\u00e9s del Finver.<\/p>\n<p>Adem\u00e1s se refiri\u00f3 a los avances en materia de salud, record\u00f3 que \u201cestamos avanzando en la campa\u00f1a de invierno con la vacunaci\u00f3n contra la influenza\u201d, y a trav\u00e9s de \u201cpol\u00edticas y con recursos para fortalecer la capacidad del sistema sanitario\u201d.<\/p>\n<p>Por otra parte subray\u00f3 el esfuerzo que realiz\u00f3 el gobierno para alcanzar el acuerdo salarial con los gremios de los trabajadores de la administraci\u00f3n p\u00fablica y de la docencia. Puso en valor que \u201cequiparamos los salarios con la inflaci\u00f3n del a\u00f1o pasado\u201d y ratific\u00f3 que \u201ceste a\u00f1o el aumento salarial va a ganarle a la inflaci\u00f3n\u201d. Tambi\u00e9n remarc\u00f3 que \u201cestamos trabajando para garantizar los 190 d\u00edas de clases para nuestros ni\u00f1os, ni\u00f1as y adolescentes\u201d.<\/p>\n<p>Para finalizar, hizo un repaso de las principales obras de infraestructura, energ\u00e9ticas y viales que lleva adelante la provincia entre las que destac\u00f3 el cierre el\u00e9ctrico y gas\u00edfero del norte entrerriano, junto a las obras de repavimentaci\u00f3n de las rutas 1 y 2. Mencion\u00f3 la pol\u00edtica provincial de construcci\u00f3n de viviendas, y que junto a naci\u00f3n se construyen 2200 y se est\u00e1n planificando 2200 m\u00e1s.<\/p>\n<p>Por su parte, el ministro de Econom\u00eda, Hacienda y Finanzas, Hugo Ballay, explic\u00f3 que en esta convocatoria al gabinete ampliado el gobernador repas\u00f3 cada uno de los temas de gesti\u00f3n. \u201cTodas estas posibilidades y gestiones de gobierno se hacen a partir del ordenamiento fiscal y financiero que se le pudo dar a la provincia durante estos seis a\u00f1os de mucho trabajo con un objetivo muy claro que es dar el mejor destino posible a los recursos que en definitiva son los recursos de todos los entrerrianos que se deben volcar para un mejor bienestar a trav\u00e9s de las obras y de todas las demandas que pueda haber\u201d, expres\u00f3.<\/p>\n<p>A su turno el ministro de Producci\u00f3n, Juan Jos\u00e9 Bahillo sostuvo que \u201cen cuanto a lo productivo se destac\u00f3 el di\u00e1logo con todos los sectores de la provincia y la diversidad productiva, y con todos mantenemos permanentemente una agenda de trabajo y de gesti\u00f3n\u201d.<\/p>\n<p>Dijo adem\u00e1s que Entre R\u00edos est\u00e1 creciendo en todos sus sectores y apunt\u00f3 que \u201cla agenda que tiene el Ministerio de Producci\u00f3n es una agenda de crecimiento y de desarrollo, con financiamiento para los diferentes sectores, con obras de infraestructura y de desarrollo el\u00e9ctrico y gas\u00edfero. Es decir que es toda una agenda que pretende armonizar y trabajar en equipo con los distintos Ministerios en el buen momento econ\u00f3mico que est\u00e1 teniendo la provincia, tanto en los sectores productivos como tambi\u00e9n del turismo que es un sector de producci\u00f3n que distribuye un nivel de actividad econ\u00f3mica muy importante, el que se pudo ver este fin de semana con un movimiento de tur\u00edstico de m\u00e1s de 1800 millones de pesos y con 185.000 turistas visitando nuestra provincia\u201d, indic\u00f3.<\/p>\n<p>Por \u00faltimo, el ministro reflej\u00f3 el buen momento productivo que est\u00e1n teniendo todos los sectores de la provincia y la buena relaci\u00f3n y la agenda de trabajo que mantiene el gobierno con estos. \u201cClaramente \u00e9sta es una definici\u00f3n que el gobernador ya la ven\u00eda marcando. Estamos en un a\u00f1o de gesti\u00f3n y tenemos mucho por hacer por delante. Este no es un a\u00f1o electoral y muchas de las cosas que se van a plasmar son logros y objetivos que llevan tiempo trabajar y ponemos el esfuerzo y la energ\u00eda y toda nuestra capacidad para alcanzar esos logros y esos objetivos que nos hemos planteado. Detr\u00e1s de todo esto est\u00e1 la necesidad de los entrerrianos, est\u00e1 el crecimiento de la provincia, la generaci\u00f3n de puestos de trabajo y el bienestar de nuestros vecinos. Nosotros somos servidores p\u00fablicos y este tiene que ser nuestro primer objetivo y nuestra prioridad en estos tiempos\u201d, complet\u00f3 Bahillo.<\/p>\n<p>Adem\u00e1s de Ballay y Bahillo, acompa\u00f1aron al mandatario provincial las ministras de Gobierno, Rosario Romero, de Salud, Sonia Vel\u00e1zquez y el ministro de Planeamiento, Marcelo Richard. Tambi\u00e9n estuvieron presentes el secretario General de la Gobernaci\u00f3n, Franco Ferrari, el diputado Juan Reynaldo Navarro y el senador Armando Gay, entre otros y otros funcionarios y funcionarias del gabinete provincial.<\/p>\n","protected":false},"excerpt":{"rendered":"<p>As\u00ed lo expres\u00f3 el Gobernador al convocar a todo su equipo de gabinete en el Centro Provincial de Convenciones. \u201cCumplimos muchas de las metas que nos fijamos y tenemos grandes desaf\u00edos\u00bb, afirm\u00f3.<\/p>\n","protected":false},"author":8,"featured_media":76013,"comment_status":"open","ping_status":"open","sticky":false,"template":"","format":"standard","meta":{"fifu_image_url":"","fifu_image_alt":"","footnotes":""},"categories":[16],"tags":[756,167],"class_list":{"0":"post-76012","1":"post","2":"type-post","3":"status-publish","4":"format-standard","5":"has-post-thumbnail","7":"category-politi","8":"tag-centro-provincial-de-convenciones","9":"tag-gustavo-bordet"},"yoast_head":"<title>\u201cConsolidamos un camino de crecimiento, producci\u00f3n y empleo para la provincia&quot; - Informe Litoral<\/title>\n<meta name=\"robots\" content=\"index, follow, max-snippet:-1, max-image-preview:large, max-video-preview:-1\" \/>\n<link rel=\"canonical\" href=\"https:\/\/informelitoral.com.ar\/consolidamos-un-camino-de-crecimiento-produccion-y-empleo-para-la-provincia\/\" \/>\n<meta property=\"og:locale\" content=\"es_ES\" \/>\n<meta property=\"og:type\" content=\"article\" \/>\n<meta property=\"og:title\" content=\"\u201cConsolidamos un camino de crecimiento, producci\u00f3n y empleo para la provincia&quot; - Informe Litoral\" \/>\n<meta property=\"og:description\" content=\"As\u00ed lo expres\u00f3 el Gobernador al convocar a todo su equipo de gabinete en el Centro Provincial de Convenciones. \u201cCumplimos muchas de las metas que nos fijamos y tenemos grandes desaf\u00edos&quot;, afirm\u00f3.\" \/>\n<meta property=\"og:url\" content=\"https:\/\/informelitoral.com.ar\/consolidamos-un-camino-de-crecimiento-produccion-y-empleo-para-la-provincia\/\" \/>\n<meta property=\"og:site_name\" content=\"Informe Litoral\" \/>\n<meta property=\"article:publisher\" content=\"https:\/\/www.facebook.com\/informelitoral\/\" \/>\n<meta property=\"article:published_time\" content=\"2022-04-18T21:32:47+00:00\" \/>\n<meta property=\"article:modified_time\" content=\"2022-04-18T21:57:58+00:00\" \/>\n<meta property=\"og:image\" content=\"https:\/\/informelitoral.com.ar\/%77%70%2d%63%6f%6e%74%65%6e%74\/uploads\/2022\/04\/o_1650312476.jpg\" \/>\n\t<meta property=\"og:image:width\" content=\"800\" \/>\n\t<meta property=\"og:image:height\" content=\"450\" \/>\n\t<meta property=\"og:image:type\" content=\"image\/jpeg\" \/>\n<meta name=\"author\" content=\"Sebastian\" \/>\n<meta name=\"twitter:card\" content=\"summary_large_image\" \/>\n<meta name=\"twitter:creator\" content=\"@InformeLitoral\" \/>\n<meta name=\"twitter:site\" content=\"@InformeLitoral\" \/>\n<meta name=\"twitter:label1\" content=\"Escrito por\" \/>\n\t<meta name=\"twitter:data1\" content=\"Sebastian\" \/>\n\t<meta name=\"twitter:label2\" content=\"Tiempo de lectura\" \/>\n\t<meta name=\"twitter:data2\" content=\"5 minutos\" \/>\n<script type=\"application\/ld+json\" class=\"yoast-schema-graph\">{\"@context\":\"https:\\\/\\\/schema.org\",\"@graph\":[{\"@type\":\"Article\",\"@id\":\"https:\\\/\\\/informelitoral.com.ar\\\/consolidamos-un-camino-de-crecimiento-produccion-y-empleo-para-la-provincia\\\/#article\",\"isPartOf\":{\"@id\":\"https:\\\/\\\/informelitoral.com.ar\\\/consolidamos-un-camino-de-crecimiento-produccion-y-empleo-para-la-provincia\\\/\"},\"author\":{\"name\":\"Sebastian\",\"@id\":\"https:\\\/\\\/informelitoral.com.ar\\\/#\\\/schema\\\/person\\\/f05f9f461677119578717524b127d6d5\"},\"headline\":\"\u201cConsolidamos un camino de crecimiento, producci\u00f3n y empleo para la provincia\u00bb\",\"datePublished\":\"2022-04-18T21:32:47+00:00\",\"dateModified\":\"2022-04-18T21:57:58+00:00\",\"mainEntityOfPage\":{\"@id\":\"https:\\\/\\\/informelitoral.com.ar\\\/consolidamos-un-camino-de-crecimiento-produccion-y-empleo-para-la-provincia\\\/\"},\"wordCount\":1013,\"commentCount\":0,\"publisher\":{\"@id\":\"https:\\\/\\\/informelitoral.com.ar\\\/#organization\"},\"image\":{\"@id\":\"https:\\\/\\\/informelitoral.com.ar\\\/consolidamos-un-camino-de-crecimiento-produccion-y-empleo-para-la-provincia\\\/#primaryimage\"},\"thumbnailUrl\":\"https:\\\/\\\/informelitoral.com.ar\\\/%77%70%2d%63%6f%6e%74%65%6e%74\\\/uploads\\\/2022\\\/04\\\/o_1650312476.jpg\",\"keywords\":[\"Centro Provincial de Convenciones\",\"Gustavo Bordet\"],\"articleSection\":[\"Politica\"],\"inLanguage\":\"es\",\"potentialAction\":[{\"@type\":\"CommentAction\",\"name\":\"Comment\",\"target\":[\"https:\\\/\\\/informelitoral.com.ar\\\/consolidamos-un-camino-de-crecimiento-produccion-y-empleo-para-la-provincia\\\/#respond\"]}]},{\"@type\":\"WebPage\",\"@id\":\"https:\\\/\\\/informelitoral.com.ar\\\/consolidamos-un-camino-de-crecimiento-produccion-y-empleo-para-la-provincia\\\/\",\"url\":\"https:\\\/\\\/informelitoral.com.ar\\\/consolidamos-un-camino-de-crecimiento-produccion-y-empleo-para-la-provincia\\\/\",\"name\":\"\u201cConsolidamos un camino de crecimiento, producci\u00f3n y empleo para la provincia\\\" - Informe Litoral\",\"isPartOf\":{\"@id\":\"https:\\\/\\\/informelitoral.com.ar\\\/#website\"},\"primaryImageOfPage\":{\"@id\":\"https:\\\/\\\/informelitoral.com.ar\\\/consolidamos-un-camino-de-crecimiento-produccion-y-empleo-para-la-provincia\\\/#primaryimage\"},\"image\":{\"@id\":\"https:\\\/\\\/informelitoral.com.ar\\\/consolidamos-un-camino-de-crecimiento-produccion-y-empleo-para-la-provincia\\\/#primaryimage\"},\"thumbnailUrl\":\"https:\\\/\\\/informelitoral.com.ar\\\/%77%70%2d%63%6f%6e%74%65%6e%74\\\/uploads\\\/2022\\\/04\\\/o_1650312476.jpg\",\"datePublished\":\"2022-04-18T21:32:47+00:00\",\"dateModified\":\"2022-04-18T21:57:58+00:00\",\"breadcrumb\":{\"@id\":\"https:\\\/\\\/informelitoral.com.ar\\\/consolidamos-un-camino-de-crecimiento-produccion-y-empleo-para-la-provincia\\\/#breadcrumb\"},\"inLanguage\":\"es\",\"potentialAction\":[{\"@type\":\"ReadAction\",\"target\":[\"https:\\\/\\\/informelitoral.com.ar\\\/consolidamos-un-camino-de-crecimiento-produccion-y-empleo-para-la-provincia\\\/\"]}]},{\"@type\":\"ImageObject\",\"inLanguage\":\"es\",\"@id\":\"https:\\\/\\\/informelitoral.com.ar\\\/consolidamos-un-camino-de-crecimiento-produccion-y-empleo-para-la-provincia\\\/#primaryimage\",\"url\":\"https:\\\/\\\/informelitoral.com.ar\\\/%77%70%2d%63%6f%6e%74%65%6e%74\\\/uploads\\\/2022\\\/04\\\/o_1650312476.jpg\",\"contentUrl\":\"https:\\\/\\\/informelitoral.com.ar\\\/%77%70%2d%63%6f%6e%74%65%6e%74\\\/uploads\\\/2022\\\/04\\\/o_1650312476.jpg\",\"width\":800,\"height\":450},{\"@type\":\"BreadcrumbList\",\"@id\":\"https:\\\/\\\/informelitoral.com.ar\\\/consolidamos-un-camino-de-crecimiento-produccion-y-empleo-para-la-provincia\\\/#breadcrumb\",\"itemListElement\":[{\"@type\":\"ListItem\",\"position\":1,\"name\":\"Portada\",\"item\":\"https:\\\/\\\/informelitoral.com.ar\\\/\"},{\"@type\":\"ListItem\",\"position\":2,\"name\":\"\u201cConsolidamos un camino de crecimiento, producci\u00f3n y empleo para la provincia\u00bb\"}]},{\"@type\":\"WebSite\",\"@id\":\"https:\\\/\\\/informelitoral.com.ar\\\/#website\",\"url\":\"https:\\\/\\\/informelitoral.com.ar\\\/\",\"name\":\"Informe Litoral\",\"description\":\"&quot;Nos informamos&quot; \",\"publisher\":{\"@id\":\"https:\\\/\\\/informelitoral.com.ar\\\/#organization\"},\"potentialAction\":[{\"@type\":\"SearchAction\",\"target\":{\"@type\":\"EntryPoint\",\"urlTemplate\":\"https:\\\/\\\/informelitoral.com.ar\\\/?s={search_term_string}\"},\"query-input\":{\"@type\":\"PropertyValueSpecification\",\"valueRequired\":true,\"valueName\":\"search_term_string\"}}],\"inLanguage\":\"es\"},{\"@type\":\"Organization\",\"@id\":\"https:\\\/\\\/informelitoral.com.ar\\\/#organization\",\"name\":\"Informe Litoral\",\"url\":\"https:\\\/\\\/informelitoral.com.ar\\\/\",\"logo\":{\"@type\":\"ImageObject\",\"inLanguage\":\"es\",\"@id\":\"https:\\\/\\\/informelitoral.com.ar\\\/#\\\/schema\\\/logo\\\/image\\\/\",\"url\":\"https:\\\/\\\/informelitoral.com.ar\\\/%77%70%2d%63%6f%6e%74%65%6e%74\\\/uploads\\\/2021\\\/01\\\/circulo.png\",\"contentUrl\":\"https:\\\/\\\/informelitoral.com.ar\\\/%77%70%2d%63%6f%6e%74%65%6e%74\\\/uploads\\\/2021\\\/01\\\/circulo.png\",\"width\":723,\"height\":731,\"caption\":\"Informe Litoral\"},\"image\":{\"@id\":\"https:\\\/\\\/informelitoral.com.ar\\\/#\\\/schema\\\/logo\\\/image\\\/\"},\"sameAs\":[\"https:\\\/\\\/www.facebook.com\\\/informelitoral\\\/\",\"https:\\\/\\\/x.com\\\/InformeLitoral\",\"https:\\\/\\\/www.instagram.com\\\/informelitoral\\\/\",\"https:\\\/\\\/www.youtube.com\\\/channel\\\/UCua4Qvz8Icb6MYqhoq9xLXw\"]},{\"@type\":\"Person\",\"@id\":\"https:\\\/\\\/informelitoral.com.ar\\\/#\\\/schema\\\/person\\\/f05f9f461677119578717524b127d6d5\",\"name\":\"Sebastian\",\"image\":{\"@type\":\"ImageObject\",\"inLanguage\":\"es\",\"@id\":\"https:\\\/\\\/secure.gravatar.com\\\/avatar\\\/b71bf7481d447dfb9583c7f2798e7cc64de6efb9067b74633ed8c31059a3bd82?s=96&d=mm&r=g\",\"url\":\"https:\\\/\\\/secure.gravatar.com\\\/avatar\\\/b71bf7481d447dfb9583c7f2798e7cc64de6efb9067b74633ed8c31059a3bd82?s=96&d=mm&r=g\",\"contentUrl\":\"https:\\\/\\\/secure.gravatar.com\\\/avatar\\\/b71bf7481d447dfb9583c7f2798e7cc64de6efb9067b74633ed8c31059a3bd82?s=96&d=mm&r=g\",\"caption\":\"Sebastian\"},\"url\":\"https:\\\/\\\/informelitoral.com.ar\\\/author\\\/sebastian\\\/\"}]}<\/script>","yoast_head_json":{"title":"\u201cConsolidamos un camino de crecimiento, producci\u00f3n y empleo para la provincia\" - Informe Litoral","robots":{"index":"index","follow":"follow","max-snippet":"max-snippet:-1","max-image-preview":"max-image-preview:large","max-video-preview":"max-video-preview:-1"},"canonical":"https:\/\/informelitoral.com.ar\/consolidamos-un-camino-de-crecimiento-produccion-y-empleo-para-la-provincia\/","og_locale":"es_ES","og_type":"article","og_title":"\u201cConsolidamos un camino de crecimiento, producci\u00f3n y empleo para la provincia\" - Informe Litoral","og_description":"As\u00ed lo expres\u00f3 el Gobernador al convocar a todo su equipo de gabinete en el Centro Provincial de Convenciones. \u201cCumplimos muchas de las metas que nos fijamos y tenemos grandes desaf\u00edos\", afirm\u00f3.","og_url":"https:\/\/informelitoral.com.ar\/consolidamos-un-camino-de-crecimiento-produccion-y-empleo-para-la-provincia\/","og_site_name":"Informe Litoral","article_publisher":"https:\/\/www.facebook.com\/informelitoral\/","article_published_time":"2022-04-18T21:32:47+00:00","article_modified_time":"2022-04-18T21:57:58+00:00","og_image":[{"width":800,"height":450,"url":"https:\/\/informelitoral.com.ar\/%77%70%2d%63%6f%6e%74%65%6e%74\/uploads\/2022\/04\/o_1650312476.jpg","type":"image\/jpeg"}],"author":"Sebastian","twitter_card":"summary_large_image","twitter_creator":"@InformeLitoral","twitter_site":"@InformeLitoral","twitter_misc":{"Escrito por":"Sebastian","Tiempo de lectura":"5 minutos"},"schema":{"@context":"https:\/\/schema.org","@graph":[{"@type":"Article","@id":"https:\/\/informelitoral.com.ar\/consolidamos-un-camino-de-crecimiento-produccion-y-empleo-para-la-provincia\/#article","isPartOf":{"@id":"https:\/\/informelitoral.com.ar\/consolidamos-un-camino-de-crecimiento-produccion-y-empleo-para-la-provincia\/"},"author":{"name":"Sebastian","@id":"https:\/\/informelitoral.com.ar\/#\/schema\/person\/f05f9f461677119578717524b127d6d5"},"headline":"\u201cConsolidamos un camino de crecimiento, producci\u00f3n y empleo para la provincia\u00bb","datePublished":"2022-04-18T21:32:47+00:00","dateModified":"2022-04-18T21:57:58+00:00","mainEntityOfPage":{"@id":"https:\/\/informelitoral.com.ar\/consolidamos-un-camino-de-crecimiento-produccion-y-empleo-para-la-provincia\/"},"wordCount":1013,"commentCount":0,"publisher":{"@id":"https:\/\/informelitoral.com.ar\/#organization"},"image":{"@id":"https:\/\/informelitoral.com.ar\/consolidamos-un-camino-de-crecimiento-produccion-y-empleo-para-la-provincia\/#primaryimage"},"thumbnailUrl":"https:\/\/informelitoral.com.ar\/%77%70%2d%63%6f%6e%74%65%6e%74\/uploads\/2022\/04\/o_1650312476.jpg","keywords":["Centro Provincial de Convenciones","Gustavo Bordet"],"articleSection":["Politica"],"inLanguage":"es","potentialAction":[{"@type":"CommentAction","name":"Comment","target":["https:\/\/informelitoral.com.ar\/consolidamos-un-camino-de-crecimiento-produccion-y-empleo-para-la-provincia\/#respond"]}]},{"@type":"WebPage","@id":"https:\/\/informelitoral.com.ar\/consolidamos-un-camino-de-crecimiento-produccion-y-empleo-para-la-provincia\/","url":"https:\/\/informelitoral.com.ar\/consolidamos-un-camino-de-crecimiento-produccion-y-empleo-para-la-provincia\/","name":"\u201cConsolidamos un camino de crecimiento, producci\u00f3n y empleo para la provincia\" - Informe Litoral","isPartOf":{"@id":"https:\/\/informelitoral.com.ar\/#website"},"primaryImageOfPage":{"@id":"https:\/\/informelitoral.com.ar\/consolidamos-un-camino-de-crecimiento-produccion-y-empleo-para-la-provincia\/#primaryimage"},"image":{"@id":"https:\/\/informelitoral.com.ar\/consolidamos-un-camino-de-crecimiento-produccion-y-empleo-para-la-provincia\/#primaryimage"},"thumbnailUrl":"https:\/\/informelitoral.com.ar\/%77%70%2d%63%6f%6e%74%65%6e%74\/uploads\/2022\/04\/o_1650312476.jpg","datePublished":"2022-04-18T21:32:47+00:00","dateModified":"2022-04-18T21:57:58+00:00","breadcrumb":{"@id":"https:\/\/informelitoral.com.ar\/consolidamos-un-camino-de-crecimiento-produccion-y-empleo-para-la-provincia\/#breadcrumb"},"inLanguage":"es","potentialAction":[{"@type":"ReadAction","target":["https:\/\/informelitoral.com.ar\/consolidamos-un-camino-de-crecimiento-produccion-y-empleo-para-la-provincia\/"]}]},{"@type":"ImageObject","inLanguage":"es","@id":"https:\/\/informelitoral.com.ar\/consolidamos-un-camino-de-crecimiento-produccion-y-empleo-para-la-provincia\/#primaryimage","url":"https:\/\/informelitoral.com.ar\/%77%70%2d%63%6f%6e%74%65%6e%74\/uploads\/2022\/04\/o_1650312476.jpg","contentUrl":"https:\/\/informelitoral.com.ar\/%77%70%2d%63%6f%6e%74%65%6e%74\/uploads\/2022\/04\/o_1650312476.jpg","width":800,"height":450},{"@type":"BreadcrumbList","@id":"https:\/\/informelitoral.com.ar\/consolidamos-un-camino-de-crecimiento-produccion-y-empleo-para-la-provincia\/#breadcrumb","itemListElement":[{"@type":"ListItem","position":1,"name":"Portada","item":"https:\/\/informelitoral.com.ar\/"},{"@type":"ListItem","position":2,"name":"\u201cConsolidamos un camino de crecimiento, producci\u00f3n y empleo para la provincia\u00bb"}]},{"@type":"WebSite","@id":"https:\/\/informelitoral.com.ar\/#website","url":"https:\/\/informelitoral.com.ar\/","name":"Informe Litoral","description":"&quot;Nos informamos&quot; ","publisher":{"@id":"https:\/\/informelitoral.com.ar\/#organization"},"potentialAction":[{"@type":"SearchAction","target":{"@type":"EntryPoint","urlTemplate":"https:\/\/informelitoral.com.ar\/?s={search_term_string}"},"query-input":{"@type":"PropertyValueSpecification","valueRequired":true,"valueName":"search_term_string"}}],"inLanguage":"es"},{"@type":"Organization","@id":"https:\/\/informelitoral.com.ar\/#organization","name":"Informe Litoral","url":"https:\/\/informelitoral.com.ar\/","logo":{"@type":"ImageObject","inLanguage":"es","@id":"https:\/\/informelitoral.com.ar\/#\/schema\/logo\/image\/","url":"https:\/\/informelitoral.com.ar\/%77%70%2d%63%6f%6e%74%65%6e%74\/uploads\/2021\/01\/circulo.png","contentUrl":"https:\/\/informelitoral.com.ar\/%77%70%2d%63%6f%6e%74%65%6e%74\/uploads\/2021\/01\/circulo.png","width":723,"height":731,"caption":"Informe Litoral"},"image":{"@id":"https:\/\/informelitoral.com.ar\/#\/schema\/logo\/image\/"},"sameAs":["https:\/\/www.facebook.com\/informelitoral\/","https:\/\/x.com\/InformeLitoral","https:\/\/www.instagram.com\/informelitoral\/","https:\/\/www.youtube.com\/channel\/UCua4Qvz8Icb6MYqhoq9xLXw"]},{"@type":"Person","@id":"https:\/\/informelitoral.com.ar\/#\/schema\/person\/f05f9f461677119578717524b127d6d5","name":"Sebastian","image":{"@type":"ImageObject","inLanguage":"es","@id":"https:\/\/secure.gravatar.com\/avatar\/b71bf7481d447dfb9583c7f2798e7cc64de6efb9067b74633ed8c31059a3bd82?s=96&d=mm&r=g","url":"https:\/\/secure.gravatar.com\/avatar\/b71bf7481d447dfb9583c7f2798e7cc64de6efb9067b74633ed8c31059a3bd82?s=96&d=mm&r=g","contentUrl":"https:\/\/secure.gravatar.com\/avatar\/b71bf7481d447dfb9583c7f2798e7cc64de6efb9067b74633ed8c31059a3bd82?s=96&d=mm&r=g","caption":"Sebastian"},"url":"https:\/\/informelitoral.com.ar\/author\/sebastian\/"}]}},"_links":{"self":[{"href":"https:\/\/informelitoral.com.ar\/%77%70%2d%6a%73%6f%6e\/wp\/v2\/posts\/76012","targetHints":{"allow":["GET"]}}],"collection":[{"href":"https:\/\/informelitoral.com.ar\/%77%70%2d%6a%73%6f%6e\/wp\/v2\/posts"}],"about":[{"href":"https:\/\/informelitoral.com.ar\/%77%70%2d%6a%73%6f%6e\/wp\/v2\/types\/post"}],"author":[{"embeddable":true,"href":"https:\/\/informelitoral.com.ar\/%77%70%2d%6a%73%6f%6e\/wp\/v2\/users\/8"}],"replies":[{"embeddable":true,"href":"https:\/\/informelitoral.com.ar\/%77%70%2d%6a%73%6f%6e\/wp\/v2\/comments?post=76012"}],"version-history":[{"count":0,"href":"https:\/\/informelitoral.com.ar\/%77%70%2d%6a%73%6f%6e\/wp\/v2\/posts\/76012\/revisions"}],"wp:featuredmedia":[{"embeddable":true,"href":"https:\/\/informelitoral.com.ar\/%77%70%2d%6a%73%6f%6e\/wp\/v2\/media\/76013"}],"wp:attachment":[{"href":"https:\/\/informelitoral.com.ar\/%77%70%2d%6a%73%6f%6e\/wp\/v2\/media?parent=76012"}],"wp:term":[{"taxonomy":"category","embeddable":true,"href":"https:\/\/informelitoral.com.ar\/%77%70%2d%6a%73%6f%6e\/wp\/v2\/categories?post=76012"},{"taxonomy":"post_tag","embeddable":true,"href":"https:\/\/informelitoral.com.ar\/%77%70%2d%6a%73%6f%6e\/wp\/v2\/tags?post=76012"}],"curies":[{"name":"wp","href":"https:\/\/api.w.org\/{rel}","templated":true}]}}