{"id":75757,"date":"2022-04-14T09:37:03","date_gmt":"2022-04-14T12:37:03","guid":{"rendered":"https:\/\/www.informelitoral.com.ar\/?p=75757"},"modified":"2022-04-14T11:38:51","modified_gmt":"2022-04-14T14:38:51","slug":"acompanada-por-alberto-fernandez-fabiola-yanez-dejara-el-sanatorio-este-jueves-tras-el-nacimiento-de-francisco","status":"publish","type":"post","link":"https:\/\/informelitoral.com.ar\/acompanada-por-alberto-fernandez-fabiola-yanez-dejara-el-sanatorio-este-jueves-tras-el-nacimiento-de-francisco\/","title":{"rendered":"Acompa\u00f1ada por Alberto Fern\u00e1ndez, Fabiola Y\u00e1\u00f1ez dejar\u00e1 el sanatorio este jueves tras el nacimiento de Francisco"},"content":{"rendered":"<p class=\"paragraph\">La primera dama\u00a0<b>Fabiola Ya\u00f1ez<\/b>\u00a0abandonar\u00e1 este jueves el Sanatorio Otamendi luego de dar a luz a su primer hijo. Seg\u00fan informaron, junto con el presidente\u00a0<b>Alberto Fern\u00e1ndez<\/b>, se retirar\u00e1n en horas del mediod\u00eda y saludar\u00e1n a la prensa para que puedan fotografiar al peque\u00f1o Francisco pero no dar\u00e1n declaraciones.<\/p>\n<p class=\"paragraph\">Y\u00e1\u00f1ez dio a luz a su beb\u00e9 a las 01.21 de la madrugada del lunes\u00a0<b>en el Sanatorio Otamendi, en la Ciudad de Buenos Aires<\/b>, donde hab\u00eda ingresado unas horas antes con contracciones de trabajo de parto.<\/p>\n<p class=\"paragraph\">\u201cLa se\u00f1ora Fabiola Y\u00e1nez ingres\u00f3 pasada la medianoche al Sanatorio Otamendi con contracciones de trabajo de parto sin progresi\u00f3n del mismo, por lo cual se efectu\u00f3 una operaci\u00f3n ces\u00e1rea\u201d, hab\u00eda informado el comunicado de la unidad m\u00e9dica presidencial.<\/p>\n<p class=\"paragraph\">Adem\u00e1s, destacaron que la evoluci\u00f3n, tanto del beb\u00e9 como de la madre, era \u201csatisfactoria, encontr\u00e1ndose ambos en perfecto estado de salud\u201d.<\/p>\n<p class=\"paragraph\">\u201c\u00a1\u00a1\u00a1Naci\u00f3 Francisco!!! Con tu madre, Fabiola Y\u00e1\u00f1ez, estamos inmensamente felices. \u00a1\u00a1\u00a1Bienvenido a la vida!!!\u201d, escribi\u00f3 el jefe de Estado en la red social, donde comparti\u00f3 una foto con las huellas de los pies de su hijo, su nombre y la fecha y hora de su nacimiento.<\/p>\n<p class=\"paragraph\">El pasado 2 de abril Fabiola Y\u00e1\u00f1ez brind\u00f3 una entrevista con la Revista GENTE, donde dio especificaciones\u00a0sobre todo el proceso del embarazo y sobre su pasado con sus intentos de convertirse en madre.<\/p>\n<p class=\"paragraph\">Respecto al nombre de Francisco, la Primera Dama afirm\u00f3: \u201cEs un nombre que siempre me gust\u00f3 y adem\u00e1s cuenta con un significado muy lindo:\u00a0<b>\u00b4perteneciente al pueblo de los francos. Procede del lat\u00edn \u2018francus\u2019, que significa \u2018hombre libre\u2019<\/b>. Claro que a ello, adem\u00e1s, hay que sumarle que tanto Alberto como yo admiramos al Papa Francisco\u201d.<\/p>\n<p class=\"paragraph\">Adem\u00e1s, la Primera Dama brind\u00f3 detalles sobre su vida \u00edntima y<b>\u00a0sobre dos embarazos que perdi\u00f3 de manera natural<\/b>, lo que la llevaron a probar otras alternativas: \u201cAll\u00ed\u00a0<b>decidimos acudir a un tratamiento de fertilizaci\u00f3n in vitro<\/b>. Por suerte el primer intento fue exitoso. Cuando supe que finalmente estaba esperando mi primer hijo, me ilusion\u00e9 mucho\u201d, se sincer\u00f3 en la entrevista.<\/p>\n<p class=\"paragraph\">Adem\u00e1s, asegur\u00f3 que en un futuro cercano contempl\u00f3 la posibilidad de adoptar a un ni\u00f1o o a una ni\u00f1a \u201cy que puedan criarse juntos con el que llega\u201d.<\/p>\n<p class=\"paragraph\">En medio de la interna del Frente de Todos, la vicepresidenta\u00a0<b>Cristina Kirchner<\/b>\u00a0felicit\u00f3 al Presidente a trav\u00e9s de una publicaci\u00f3n en las redes sociales y en la dedicatoria de un ramo de flores que hizo llegar hasta el sanatorio Otamendi: \u201c<b>Felicidades para ambos y buenaventura para Francisco!<\/b>\u201d.<\/p>\n<p class=\"paragraph\">Adem\u00e1s de la vicepresidenta, otros funcionarios y dirigentes pol\u00edticos tambi\u00e9n saludaron y felicitaron a la pareja presidencial, entre ellos la secretaria de Legal y T\u00e9cnica de la Presidencia,\u00a0<b>Vilma Ibarra<\/b>; el ministro de Defensa,\u00a0<b>Jorge Taiana<\/b>; el diputado\u00a0<b>Daniel Arroyo<\/b>; y el ministro del Interior,\u00a0<b>Eduardo \u201cWado\u201d De Pedro<\/b>. \u201c\u00a1Bienvenido, Francisco! Y bienvenidos Alberto y Fabiola al mundo de los que dormimos poco pero queremos mucho. Les deseo muchas felicidades y lo mejor en esta nueva etapa de la familia\u201d, se\u00f1al\u00f3 el dirigente de La C\u00e1mpora.<\/p>\n<p class=\"paragraph\">\u201c<b>Felicidades Fabiola Y\u00e1\u00f1ez y Alberto Fern\u00e1ndez por el nacimiento de Francisco. Que su llegada llene de luz y amor a la familia. Un enorme abrazo a los tres<\/b>\u201d, public\u00f3 en sus redes el presidente de la C\u00e1mara de Diputados,\u00a0<b>Sergio Massa.<\/b><\/p>\n<p class=\"paragraph\">En tanto, el jefe de Gabinete,\u00a0<b>Juan Manzur<\/b>, expres\u00f3:<b>\u00a0<\/b>\u201c\u00a1Felicitaciones al compa\u00f1ero presidente Alberto Fern\u00e1ndez y a la primera dama Fabiola Y\u00e1\u00f1ez por el nacimiento de su hijo Francisco! Les mando todo mi cari\u00f1o en este d\u00eda tan especial\u201d.<em>(Infobae)<\/em><\/p>\n","protected":false},"excerpt":{"rendered":"<p>La primera dama y el Presidente posar\u00e1n frente a la prensa para que puedan fotografiar a su hijo, pero no dar\u00e1n declaraciones<\/p>\n","protected":false},"author":8,"featured_media":75758,"comment_status":"open","ping_status":"open","sticky":false,"template":"","format":"standard","meta":{"fifu_image_url":"","fifu_image_alt":"","footnotes":""},"categories":[16],"tags":[1311,2076],"class_list":{"0":"post-75757","1":"post","2":"type-post","3":"status-publish","4":"format-standard","5":"has-post-thumbnail","7":"category-politi","8":"tag-alberto-fernandez","9":"tag-fabiola-yanez"},"yoast_head":"<title>Acompa\u00f1ada por Alberto Fern\u00e1ndez, Fabiola Y\u00e1\u00f1ez dejar\u00e1 el sanatorio este jueves tras el nacimiento de Francisco - Informe Litoral<\/title>\n<meta name=\"robots\" content=\"index, follow, max-snippet:-1, max-image-preview:large, max-video-preview:-1\" \/>\n<link rel=\"canonical\" href=\"https:\/\/informelitoral.com.ar\/acompanada-por-alberto-fernandez-fabiola-yanez-dejara-el-sanatorio-este-jueves-tras-el-nacimiento-de-francisco\/\" \/>\n<meta property=\"og:locale\" content=\"es_ES\" \/>\n<meta property=\"og:type\" content=\"article\" \/>\n<meta property=\"og:title\" content=\"Acompa\u00f1ada por Alberto Fern\u00e1ndez, Fabiola Y\u00e1\u00f1ez dejar\u00e1 el sanatorio este jueves tras el nacimiento de Francisco - Informe Litoral\" \/>\n<meta property=\"og:description\" content=\"La primera dama y el Presidente posar\u00e1n frente a la prensa para que puedan fotografiar a su hijo, pero no dar\u00e1n declaraciones\" \/>\n<meta property=\"og:url\" content=\"https:\/\/informelitoral.com.ar\/acompanada-por-alberto-fernandez-fabiola-yanez-dejara-el-sanatorio-este-jueves-tras-el-nacimiento-de-francisco\/\" \/>\n<meta property=\"og:site_name\" content=\"Informe Litoral\" \/>\n<meta property=\"article:publisher\" content=\"https:\/\/www.facebook.com\/informelitoral\/\" \/>\n<meta property=\"article:published_time\" content=\"2022-04-14T12:37:03+00:00\" \/>\n<meta property=\"article:modified_time\" content=\"2022-04-14T14:38:51+00:00\" \/>\n<meta property=\"og:image\" content=\"https:\/\/informelitoral.com.ar\/%77%70%2d%63%6f%6e%74%65%6e%74\/uploads\/2022\/04\/503232.jpg\" \/>\n\t<meta property=\"og:image:width\" content=\"1170\" \/>\n\t<meta property=\"og:image:height\" content=\"717\" \/>\n\t<meta property=\"og:image:type\" content=\"image\/jpeg\" \/>\n<meta name=\"author\" content=\"Sebastian\" \/>\n<meta name=\"twitter:card\" content=\"summary_large_image\" \/>\n<meta name=\"twitter:creator\" content=\"@InformeLitoral\" \/>\n<meta name=\"twitter:site\" content=\"@InformeLitoral\" \/>\n<meta name=\"twitter:label1\" content=\"Escrito por\" \/>\n\t<meta name=\"twitter:data1\" content=\"Sebastian\" \/>\n\t<meta name=\"twitter:label2\" content=\"Tiempo de lectura\" \/>\n\t<meta name=\"twitter:data2\" content=\"3 minutos\" \/>\n<script type=\"application\/ld+json\" class=\"yoast-schema-graph\">{\"@context\":\"https:\\\/\\\/schema.org\",\"@graph\":[{\"@type\":\"Article\",\"@id\":\"https:\\\/\\\/informelitoral.com.ar\\\/acompanada-por-alberto-fernandez-fabiola-yanez-dejara-el-sanatorio-este-jueves-tras-el-nacimiento-de-francisco\\\/#article\",\"isPartOf\":{\"@id\":\"https:\\\/\\\/informelitoral.com.ar\\\/acompanada-por-alberto-fernandez-fabiola-yanez-dejara-el-sanatorio-este-jueves-tras-el-nacimiento-de-francisco\\\/\"},\"author\":{\"name\":\"Sebastian\",\"@id\":\"https:\\\/\\\/informelitoral.com.ar\\\/#\\\/schema\\\/person\\\/f05f9f461677119578717524b127d6d5\"},\"headline\":\"Acompa\u00f1ada por Alberto Fern\u00e1ndez, Fabiola Y\u00e1\u00f1ez dejar\u00e1 el sanatorio este jueves tras el nacimiento de Francisco\",\"datePublished\":\"2022-04-14T12:37:03+00:00\",\"dateModified\":\"2022-04-14T14:38:51+00:00\",\"mainEntityOfPage\":{\"@id\":\"https:\\\/\\\/informelitoral.com.ar\\\/acompanada-por-alberto-fernandez-fabiola-yanez-dejara-el-sanatorio-este-jueves-tras-el-nacimiento-de-francisco\\\/\"},\"wordCount\":648,\"commentCount\":0,\"publisher\":{\"@id\":\"https:\\\/\\\/informelitoral.com.ar\\\/#organization\"},\"image\":{\"@id\":\"https:\\\/\\\/informelitoral.com.ar\\\/acompanada-por-alberto-fernandez-fabiola-yanez-dejara-el-sanatorio-este-jueves-tras-el-nacimiento-de-francisco\\\/#primaryimage\"},\"thumbnailUrl\":\"https:\\\/\\\/informelitoral.com.ar\\\/%77%70%2d%63%6f%6e%74%65%6e%74\\\/uploads\\\/2022\\\/04\\\/503232.jpg\",\"keywords\":[\"Alberto Fern\u00e1ndez\",\"Fabiola Ya\u00f1ez\"],\"articleSection\":[\"Politica\"],\"inLanguage\":\"es\",\"potentialAction\":[{\"@type\":\"CommentAction\",\"name\":\"Comment\",\"target\":[\"https:\\\/\\\/informelitoral.com.ar\\\/acompanada-por-alberto-fernandez-fabiola-yanez-dejara-el-sanatorio-este-jueves-tras-el-nacimiento-de-francisco\\\/#respond\"]}]},{\"@type\":\"WebPage\",\"@id\":\"https:\\\/\\\/informelitoral.com.ar\\\/acompanada-por-alberto-fernandez-fabiola-yanez-dejara-el-sanatorio-este-jueves-tras-el-nacimiento-de-francisco\\\/\",\"url\":\"https:\\\/\\\/informelitoral.com.ar\\\/acompanada-por-alberto-fernandez-fabiola-yanez-dejara-el-sanatorio-este-jueves-tras-el-nacimiento-de-francisco\\\/\",\"name\":\"Acompa\u00f1ada por Alberto Fern\u00e1ndez, Fabiola Y\u00e1\u00f1ez dejar\u00e1 el sanatorio este jueves tras el nacimiento de Francisco - Informe Litoral\",\"isPartOf\":{\"@id\":\"https:\\\/\\\/informelitoral.com.ar\\\/#website\"},\"primaryImageOfPage\":{\"@id\":\"https:\\\/\\\/informelitoral.com.ar\\\/acompanada-por-alberto-fernandez-fabiola-yanez-dejara-el-sanatorio-este-jueves-tras-el-nacimiento-de-francisco\\\/#primaryimage\"},\"image\":{\"@id\":\"https:\\\/\\\/informelitoral.com.ar\\\/acompanada-por-alberto-fernandez-fabiola-yanez-dejara-el-sanatorio-este-jueves-tras-el-nacimiento-de-francisco\\\/#primaryimage\"},\"thumbnailUrl\":\"https:\\\/\\\/informelitoral.com.ar\\\/%77%70%2d%63%6f%6e%74%65%6e%74\\\/uploads\\\/2022\\\/04\\\/503232.jpg\",\"datePublished\":\"2022-04-14T12:37:03+00:00\",\"dateModified\":\"2022-04-14T14:38:51+00:00\",\"breadcrumb\":{\"@id\":\"https:\\\/\\\/informelitoral.com.ar\\\/acompanada-por-alberto-fernandez-fabiola-yanez-dejara-el-sanatorio-este-jueves-tras-el-nacimiento-de-francisco\\\/#breadcrumb\"},\"inLanguage\":\"es\",\"potentialAction\":[{\"@type\":\"ReadAction\",\"target\":[\"https:\\\/\\\/informelitoral.com.ar\\\/acompanada-por-alberto-fernandez-fabiola-yanez-dejara-el-sanatorio-este-jueves-tras-el-nacimiento-de-francisco\\\/\"]}]},{\"@type\":\"ImageObject\",\"inLanguage\":\"es\",\"@id\":\"https:\\\/\\\/informelitoral.com.ar\\\/acompanada-por-alberto-fernandez-fabiola-yanez-dejara-el-sanatorio-este-jueves-tras-el-nacimiento-de-francisco\\\/#primaryimage\",\"url\":\"https:\\\/\\\/informelitoral.com.ar\\\/%77%70%2d%63%6f%6e%74%65%6e%74\\\/uploads\\\/2022\\\/04\\\/503232.jpg\",\"contentUrl\":\"https:\\\/\\\/informelitoral.com.ar\\\/%77%70%2d%63%6f%6e%74%65%6e%74\\\/uploads\\\/2022\\\/04\\\/503232.jpg\",\"width\":1170,\"height\":717},{\"@type\":\"BreadcrumbList\",\"@id\":\"https:\\\/\\\/informelitoral.com.ar\\\/acompanada-por-alberto-fernandez-fabiola-yanez-dejara-el-sanatorio-este-jueves-tras-el-nacimiento-de-francisco\\\/#breadcrumb\",\"itemListElement\":[{\"@type\":\"ListItem\",\"position\":1,\"name\":\"Portada\",\"item\":\"https:\\\/\\\/informelitoral.com.ar\\\/\"},{\"@type\":\"ListItem\",\"position\":2,\"name\":\"Acompa\u00f1ada por Alberto Fern\u00e1ndez, Fabiola Y\u00e1\u00f1ez dejar\u00e1 el sanatorio este jueves tras el nacimiento de Francisco\"}]},{\"@type\":\"WebSite\",\"@id\":\"https:\\\/\\\/informelitoral.com.ar\\\/#website\",\"url\":\"https:\\\/\\\/informelitoral.com.ar\\\/\",\"name\":\"Informe Litoral\",\"description\":\"&quot;Nos informamos&quot; \",\"publisher\":{\"@id\":\"https:\\\/\\\/informelitoral.com.ar\\\/#organization\"},\"potentialAction\":[{\"@type\":\"SearchAction\",\"target\":{\"@type\":\"EntryPoint\",\"urlTemplate\":\"https:\\\/\\\/informelitoral.com.ar\\\/?s={search_term_string}\"},\"query-input\":{\"@type\":\"PropertyValueSpecification\",\"valueRequired\":true,\"valueName\":\"search_term_string\"}}],\"inLanguage\":\"es\"},{\"@type\":\"Organization\",\"@id\":\"https:\\\/\\\/informelitoral.com.ar\\\/#organization\",\"name\":\"Informe Litoral\",\"url\":\"https:\\\/\\\/informelitoral.com.ar\\\/\",\"logo\":{\"@type\":\"ImageObject\",\"inLanguage\":\"es\",\"@id\":\"https:\\\/\\\/informelitoral.com.ar\\\/#\\\/schema\\\/logo\\\/image\\\/\",\"url\":\"https:\\\/\\\/informelitoral.com.ar\\\/%77%70%2d%63%6f%6e%74%65%6e%74\\\/uploads\\\/2021\\\/01\\\/circulo.png\",\"contentUrl\":\"https:\\\/\\\/informelitoral.com.ar\\\/%77%70%2d%63%6f%6e%74%65%6e%74\\\/uploads\\\/2021\\\/01\\\/circulo.png\",\"width\":723,\"height\":731,\"caption\":\"Informe Litoral\"},\"image\":{\"@id\":\"https:\\\/\\\/informelitoral.com.ar\\\/#\\\/schema\\\/logo\\\/image\\\/\"},\"sameAs\":[\"https:\\\/\\\/www.facebook.com\\\/informelitoral\\\/\",\"https:\\\/\\\/x.com\\\/InformeLitoral\",\"https:\\\/\\\/www.instagram.com\\\/informelitoral\\\/\",\"https:\\\/\\\/www.youtube.com\\\/channel\\\/UCua4Qvz8Icb6MYqhoq9xLXw\"]},{\"@type\":\"Person\",\"@id\":\"https:\\\/\\\/informelitoral.com.ar\\\/#\\\/schema\\\/person\\\/f05f9f461677119578717524b127d6d5\",\"name\":\"Sebastian\",\"image\":{\"@type\":\"ImageObject\",\"inLanguage\":\"es\",\"@id\":\"https:\\\/\\\/secure.gravatar.com\\\/avatar\\\/b71bf7481d447dfb9583c7f2798e7cc64de6efb9067b74633ed8c31059a3bd82?s=96&d=mm&r=g\",\"url\":\"https:\\\/\\\/secure.gravatar.com\\\/avatar\\\/b71bf7481d447dfb9583c7f2798e7cc64de6efb9067b74633ed8c31059a3bd82?s=96&d=mm&r=g\",\"contentUrl\":\"https:\\\/\\\/secure.gravatar.com\\\/avatar\\\/b71bf7481d447dfb9583c7f2798e7cc64de6efb9067b74633ed8c31059a3bd82?s=96&d=mm&r=g\",\"caption\":\"Sebastian\"},\"url\":\"https:\\\/\\\/informelitoral.com.ar\\\/author\\\/sebastian\\\/\"}]}<\/script>","yoast_head_json":{"title":"Acompa\u00f1ada por Alberto Fern\u00e1ndez, Fabiola Y\u00e1\u00f1ez dejar\u00e1 el sanatorio este jueves tras el nacimiento de Francisco - Informe Litoral","robots":{"index":"index","follow":"follow","max-snippet":"max-snippet:-1","max-image-preview":"max-image-preview:large","max-video-preview":"max-video-preview:-1"},"canonical":"https:\/\/informelitoral.com.ar\/acompanada-por-alberto-fernandez-fabiola-yanez-dejara-el-sanatorio-este-jueves-tras-el-nacimiento-de-francisco\/","og_locale":"es_ES","og_type":"article","og_title":"Acompa\u00f1ada por Alberto Fern\u00e1ndez, Fabiola Y\u00e1\u00f1ez dejar\u00e1 el sanatorio este jueves tras el nacimiento de Francisco - Informe Litoral","og_description":"La primera dama y el Presidente posar\u00e1n frente a la prensa para que puedan fotografiar a su hijo, pero no dar\u00e1n declaraciones","og_url":"https:\/\/informelitoral.com.ar\/acompanada-por-alberto-fernandez-fabiola-yanez-dejara-el-sanatorio-este-jueves-tras-el-nacimiento-de-francisco\/","og_site_name":"Informe Litoral","article_publisher":"https:\/\/www.facebook.com\/informelitoral\/","article_published_time":"2022-04-14T12:37:03+00:00","article_modified_time":"2022-04-14T14:38:51+00:00","og_image":[{"width":1170,"height":717,"url":"https:\/\/informelitoral.com.ar\/%77%70%2d%63%6f%6e%74%65%6e%74\/uploads\/2022\/04\/503232.jpg","type":"image\/jpeg"}],"author":"Sebastian","twitter_card":"summary_large_image","twitter_creator":"@InformeLitoral","twitter_site":"@InformeLitoral","twitter_misc":{"Escrito por":"Sebastian","Tiempo de lectura":"3 minutos"},"schema":{"@context":"https:\/\/schema.org","@graph":[{"@type":"Article","@id":"https:\/\/informelitoral.com.ar\/acompanada-por-alberto-fernandez-fabiola-yanez-dejara-el-sanatorio-este-jueves-tras-el-nacimiento-de-francisco\/#article","isPartOf":{"@id":"https:\/\/informelitoral.com.ar\/acompanada-por-alberto-fernandez-fabiola-yanez-dejara-el-sanatorio-este-jueves-tras-el-nacimiento-de-francisco\/"},"author":{"name":"Sebastian","@id":"https:\/\/informelitoral.com.ar\/#\/schema\/person\/f05f9f461677119578717524b127d6d5"},"headline":"Acompa\u00f1ada por Alberto Fern\u00e1ndez, Fabiola Y\u00e1\u00f1ez dejar\u00e1 el sanatorio este jueves tras el nacimiento de Francisco","datePublished":"2022-04-14T12:37:03+00:00","dateModified":"2022-04-14T14:38:51+00:00","mainEntityOfPage":{"@id":"https:\/\/informelitoral.com.ar\/acompanada-por-alberto-fernandez-fabiola-yanez-dejara-el-sanatorio-este-jueves-tras-el-nacimiento-de-francisco\/"},"wordCount":648,"commentCount":0,"publisher":{"@id":"https:\/\/informelitoral.com.ar\/#organization"},"image":{"@id":"https:\/\/informelitoral.com.ar\/acompanada-por-alberto-fernandez-fabiola-yanez-dejara-el-sanatorio-este-jueves-tras-el-nacimiento-de-francisco\/#primaryimage"},"thumbnailUrl":"https:\/\/informelitoral.com.ar\/%77%70%2d%63%6f%6e%74%65%6e%74\/uploads\/2022\/04\/503232.jpg","keywords":["Alberto Fern\u00e1ndez","Fabiola Ya\u00f1ez"],"articleSection":["Politica"],"inLanguage":"es","potentialAction":[{"@type":"CommentAction","name":"Comment","target":["https:\/\/informelitoral.com.ar\/acompanada-por-alberto-fernandez-fabiola-yanez-dejara-el-sanatorio-este-jueves-tras-el-nacimiento-de-francisco\/#respond"]}]},{"@type":"WebPage","@id":"https:\/\/informelitoral.com.ar\/acompanada-por-alberto-fernandez-fabiola-yanez-dejara-el-sanatorio-este-jueves-tras-el-nacimiento-de-francisco\/","url":"https:\/\/informelitoral.com.ar\/acompanada-por-alberto-fernandez-fabiola-yanez-dejara-el-sanatorio-este-jueves-tras-el-nacimiento-de-francisco\/","name":"Acompa\u00f1ada por Alberto Fern\u00e1ndez, Fabiola Y\u00e1\u00f1ez dejar\u00e1 el sanatorio este jueves tras el nacimiento de Francisco - Informe Litoral","isPartOf":{"@id":"https:\/\/informelitoral.com.ar\/#website"},"primaryImageOfPage":{"@id":"https:\/\/informelitoral.com.ar\/acompanada-por-alberto-fernandez-fabiola-yanez-dejara-el-sanatorio-este-jueves-tras-el-nacimiento-de-francisco\/#primaryimage"},"image":{"@id":"https:\/\/informelitoral.com.ar\/acompanada-por-alberto-fernandez-fabiola-yanez-dejara-el-sanatorio-este-jueves-tras-el-nacimiento-de-francisco\/#primaryimage"},"thumbnailUrl":"https:\/\/informelitoral.com.ar\/%77%70%2d%63%6f%6e%74%65%6e%74\/uploads\/2022\/04\/503232.jpg","datePublished":"2022-04-14T12:37:03+00:00","dateModified":"2022-04-14T14:38:51+00:00","breadcrumb":{"@id":"https:\/\/informelitoral.com.ar\/acompanada-por-alberto-fernandez-fabiola-yanez-dejara-el-sanatorio-este-jueves-tras-el-nacimiento-de-francisco\/#breadcrumb"},"inLanguage":"es","potentialAction":[{"@type":"ReadAction","target":["https:\/\/informelitoral.com.ar\/acompanada-por-alberto-fernandez-fabiola-yanez-dejara-el-sanatorio-este-jueves-tras-el-nacimiento-de-francisco\/"]}]},{"@type":"ImageObject","inLanguage":"es","@id":"https:\/\/informelitoral.com.ar\/acompanada-por-alberto-fernandez-fabiola-yanez-dejara-el-sanatorio-este-jueves-tras-el-nacimiento-de-francisco\/#primaryimage","url":"https:\/\/informelitoral.com.ar\/%77%70%2d%63%6f%6e%74%65%6e%74\/uploads\/2022\/04\/503232.jpg","contentUrl":"https:\/\/informelitoral.com.ar\/%77%70%2d%63%6f%6e%74%65%6e%74\/uploads\/2022\/04\/503232.jpg","width":1170,"height":717},{"@type":"BreadcrumbList","@id":"https:\/\/informelitoral.com.ar\/acompanada-por-alberto-fernandez-fabiola-yanez-dejara-el-sanatorio-este-jueves-tras-el-nacimiento-de-francisco\/#breadcrumb","itemListElement":[{"@type":"ListItem","position":1,"name":"Portada","item":"https:\/\/informelitoral.com.ar\/"},{"@type":"ListItem","position":2,"name":"Acompa\u00f1ada por Alberto Fern\u00e1ndez, Fabiola Y\u00e1\u00f1ez dejar\u00e1 el sanatorio este jueves tras el nacimiento de Francisco"}]},{"@type":"WebSite","@id":"https:\/\/informelitoral.com.ar\/#website","url":"https:\/\/informelitoral.com.ar\/","name":"Informe Litoral","description":"&quot;Nos informamos&quot; ","publisher":{"@id":"https:\/\/informelitoral.com.ar\/#organization"},"potentialAction":[{"@type":"SearchAction","target":{"@type":"EntryPoint","urlTemplate":"https:\/\/informelitoral.com.ar\/?s={search_term_string}"},"query-input":{"@type":"PropertyValueSpecification","valueRequired":true,"valueName":"search_term_string"}}],"inLanguage":"es"},{"@type":"Organization","@id":"https:\/\/informelitoral.com.ar\/#organization","name":"Informe Litoral","url":"https:\/\/informelitoral.com.ar\/","logo":{"@type":"ImageObject","inLanguage":"es","@id":"https:\/\/informelitoral.com.ar\/#\/schema\/logo\/image\/","url":"https:\/\/informelitoral.com.ar\/%77%70%2d%63%6f%6e%74%65%6e%74\/uploads\/2021\/01\/circulo.png","contentUrl":"https:\/\/informelitoral.com.ar\/%77%70%2d%63%6f%6e%74%65%6e%74\/uploads\/2021\/01\/circulo.png","width":723,"height":731,"caption":"Informe Litoral"},"image":{"@id":"https:\/\/informelitoral.com.ar\/#\/schema\/logo\/image\/"},"sameAs":["https:\/\/www.facebook.com\/informelitoral\/","https:\/\/x.com\/InformeLitoral","https:\/\/www.instagram.com\/informelitoral\/","https:\/\/www.youtube.com\/channel\/UCua4Qvz8Icb6MYqhoq9xLXw"]},{"@type":"Person","@id":"https:\/\/informelitoral.com.ar\/#\/schema\/person\/f05f9f461677119578717524b127d6d5","name":"Sebastian","image":{"@type":"ImageObject","inLanguage":"es","@id":"https:\/\/secure.gravatar.com\/avatar\/b71bf7481d447dfb9583c7f2798e7cc64de6efb9067b74633ed8c31059a3bd82?s=96&d=mm&r=g","url":"https:\/\/secure.gravatar.com\/avatar\/b71bf7481d447dfb9583c7f2798e7cc64de6efb9067b74633ed8c31059a3bd82?s=96&d=mm&r=g","contentUrl":"https:\/\/secure.gravatar.com\/avatar\/b71bf7481d447dfb9583c7f2798e7cc64de6efb9067b74633ed8c31059a3bd82?s=96&d=mm&r=g","caption":"Sebastian"},"url":"https:\/\/informelitoral.com.ar\/author\/sebastian\/"}]}},"_links":{"self":[{"href":"https:\/\/informelitoral.com.ar\/%77%70%2d%6a%73%6f%6e\/wp\/v2\/posts\/75757","targetHints":{"allow":["GET"]}}],"collection":[{"href":"https:\/\/informelitoral.com.ar\/%77%70%2d%6a%73%6f%6e\/wp\/v2\/posts"}],"about":[{"href":"https:\/\/informelitoral.com.ar\/%77%70%2d%6a%73%6f%6e\/wp\/v2\/types\/post"}],"author":[{"embeddable":true,"href":"https:\/\/informelitoral.com.ar\/%77%70%2d%6a%73%6f%6e\/wp\/v2\/users\/8"}],"replies":[{"embeddable":true,"href":"https:\/\/informelitoral.com.ar\/%77%70%2d%6a%73%6f%6e\/wp\/v2\/comments?post=75757"}],"version-history":[{"count":0,"href":"https:\/\/informelitoral.com.ar\/%77%70%2d%6a%73%6f%6e\/wp\/v2\/posts\/75757\/revisions"}],"wp:featuredmedia":[{"embeddable":true,"href":"https:\/\/informelitoral.com.ar\/%77%70%2d%6a%73%6f%6e\/wp\/v2\/media\/75758"}],"wp:attachment":[{"href":"https:\/\/informelitoral.com.ar\/%77%70%2d%6a%73%6f%6e\/wp\/v2\/media?parent=75757"}],"wp:term":[{"taxonomy":"category","embeddable":true,"href":"https:\/\/informelitoral.com.ar\/%77%70%2d%6a%73%6f%6e\/wp\/v2\/categories?post=75757"},{"taxonomy":"post_tag","embeddable":true,"href":"https:\/\/informelitoral.com.ar\/%77%70%2d%6a%73%6f%6e\/wp\/v2\/tags?post=75757"}],"curies":[{"name":"wp","href":"https:\/\/api.w.org\/{rel}","templated":true}]}}