{"id":75750,"date":"2022-04-14T08:51:07","date_gmt":"2022-04-14T11:51:07","guid":{"rendered":"https:\/\/www.informelitoral.com.ar\/?p=75750"},"modified":"2022-04-14T08:51:07","modified_gmt":"2022-04-14T11:51:07","slug":"upcn-y-el-gobierno-continuan-analizando-temas-de-la-paritaria","status":"publish","type":"post","link":"https:\/\/informelitoral.com.ar\/upcn-y-el-gobierno-continuan-analizando-temas-de-la-paritaria\/","title":{"rendered":"UPCN y el gobierno contin\u00faan analizando temas de la paritaria"},"content":{"rendered":"<p>Puntualmente, se trata del c\u00e1lculo del C\u00f3digo 130 y la modificaci\u00f3n de la base de c\u00e1lculo del adicional por jefatura. Adem\u00e1s, en el mismo escrito firmado por la Secretaria Gremial, Carina Dom\u00ednguez, UPCN record\u00f3 al Ministerio que est\u00e1 pendiente la respuesta al pedido para que se iguale la jornada laboral para todas las categor\u00edas y un nuevo ofrecimiento para determinar los montos que corresponden a los contratos de obra.<\/p>\n<p>Respecto del C\u00f3digo 130 UPCN respondi\u00f3: \u00abAcordamos con el incremento propuesto debido a que la correcci\u00f3n ofrecida guarda la misma proporcionalidad que el C\u00f3digo 01 y adem\u00e1s, ese concepto impacta en otros como antig\u00fcedad y jefatura, entre otros\u00bb.<\/p>\n<p>En cuanto a la modificaci\u00f3n de la base de c\u00e1lculo del adicional por jefatura, el gremio pidi\u00f3 \u00abun mayor esfuerzo\u00bb ya que las simulaciones realizadas con los par\u00e1metros ofrecidos por Econom\u00eda no dan respuestas al reconocimiento pretendido para quienes tienen funciones de responsabilidad.<\/p>\n<p>La organizaci\u00f3n solicit\u00f3 que \u00abhabiendo planteado que el c\u00f3digo de Jefatura se liquide por fuera del piso salarial y entendiendo que es un reclamo razonable ya que solo comprender\u00eda a quienes tienen cargos jer\u00e1rquicos con categor\u00edas bajas que no han tenido acceso a la recategorizaci\u00f3n, se disponga esa correcci\u00f3n\u00bb.<\/p>\n<p>La nota recuerda al gobierno que qued\u00f3 pendiente una respuesta acerca de igualar jornada laboral para todas las categor\u00edas que deb\u00eda evaluar el gobierno as\u00ed como un nuevo ofrecimiento para determinar los montos de los contratos de obra, ya que la propuesta inicial hab\u00eda sido declarada insuficiente por UPCN.<\/p>\n<p>Con relaci\u00f3n a la nota enviada a Econom\u00eda, Carina Dom\u00ednguez record\u00f3 que \u00abla defensa de la carrera administrativa es uno de los objetivos que queremos profundizar desde la conducci\u00f3n gremial y ya hemos empezado a formular distintas demandas en la mesa de negociaci\u00f3n paritaria. A partir de nuestros pedidos, el gobierno nos ha hecho algunas propuestas que hemos analizado y en la nota enviada al Ministerio de Econom\u00eda le hacemos conocer nuestra posici\u00f3n\u00bb.<\/p>\n","protected":false},"excerpt":{"rendered":"<p>Mediante una nota dirigida al Ministro de Econom\u00eda, UPCN se expidi\u00f3 respecto de las propuestas formuladas por esa cartera ministerial con relaci\u00f3n a demandas planteadas por el gremio en la \u00faltima reuni\u00f3n paritaria.<\/p>\n","protected":false},"author":8,"featured_media":73593,"comment_status":"open","ping_status":"open","sticky":false,"template":"","format":"standard","meta":{"fifu_image_url":"","fifu_image_alt":"","footnotes":""},"categories":[6],"tags":[1227,252],"class_list":{"0":"post-75750","1":"post","2":"type-post","3":"status-publish","4":"format-standard","5":"has-post-thumbnail","7":"category-entre-rios","8":"tag-paritaria","9":"tag-upcn"},"yoast_head":"<title>UPCN y el gobierno contin\u00faan analizando temas de la paritaria - Informe Litoral<\/title>\n<meta name=\"robots\" content=\"index, follow, max-snippet:-1, max-image-preview:large, max-video-preview:-1\" \/>\n<link rel=\"canonical\" href=\"https:\/\/informelitoral.com.ar\/upcn-y-el-gobierno-continuan-analizando-temas-de-la-paritaria\/\" \/>\n<meta property=\"og:locale\" content=\"es_ES\" \/>\n<meta property=\"og:type\" content=\"article\" \/>\n<meta property=\"og:title\" content=\"UPCN y el gobierno contin\u00faan analizando temas de la paritaria - Informe Litoral\" \/>\n<meta property=\"og:description\" content=\"Mediante una nota dirigida al Ministro de Econom\u00eda, UPCN se expidi\u00f3 respecto de las propuestas formuladas por esa cartera ministerial con relaci\u00f3n a demandas planteadas por el gremio en la \u00faltima reuni\u00f3n paritaria.\" \/>\n<meta property=\"og:url\" content=\"https:\/\/informelitoral.com.ar\/upcn-y-el-gobierno-continuan-analizando-temas-de-la-paritaria\/\" \/>\n<meta property=\"og:site_name\" content=\"Informe Litoral\" \/>\n<meta property=\"article:publisher\" content=\"https:\/\/www.facebook.com\/informelitoral\/\" \/>\n<meta property=\"article:published_time\" content=\"2022-04-14T11:51:07+00:00\" \/>\n<meta property=\"og:image\" content=\"https:\/\/informelitoral.com.ar\/%77%70%2d%63%6f%6e%74%65%6e%74\/uploads\/2022\/03\/upcn-sede-620x300-1.jpg\" \/>\n\t<meta property=\"og:image:width\" content=\"620\" \/>\n\t<meta property=\"og:image:height\" content=\"300\" \/>\n\t<meta property=\"og:image:type\" content=\"image\/jpeg\" \/>\n<meta name=\"author\" content=\"Sebastian\" \/>\n<meta name=\"twitter:card\" content=\"summary_large_image\" \/>\n<meta name=\"twitter:creator\" content=\"@InformeLitoral\" \/>\n<meta name=\"twitter:site\" content=\"@InformeLitoral\" \/>\n<meta name=\"twitter:label1\" content=\"Escrito por\" \/>\n\t<meta name=\"twitter:data1\" content=\"Sebastian\" \/>\n\t<meta name=\"twitter:label2\" content=\"Tiempo de lectura\" \/>\n\t<meta name=\"twitter:data2\" content=\"2 minutos\" \/>\n<script type=\"application\/ld+json\" class=\"yoast-schema-graph\">{\"@context\":\"https:\\\/\\\/schema.org\",\"@graph\":[{\"@type\":\"Article\",\"@id\":\"https:\\\/\\\/informelitoral.com.ar\\\/upcn-y-el-gobierno-continuan-analizando-temas-de-la-paritaria\\\/#article\",\"isPartOf\":{\"@id\":\"https:\\\/\\\/informelitoral.com.ar\\\/upcn-y-el-gobierno-continuan-analizando-temas-de-la-paritaria\\\/\"},\"author\":{\"name\":\"Sebastian\",\"@id\":\"https:\\\/\\\/informelitoral.com.ar\\\/#\\\/schema\\\/person\\\/f05f9f461677119578717524b127d6d5\"},\"headline\":\"UPCN y el gobierno contin\u00faan analizando temas de la paritaria\",\"datePublished\":\"2022-04-14T11:51:07+00:00\",\"mainEntityOfPage\":{\"@id\":\"https:\\\/\\\/informelitoral.com.ar\\\/upcn-y-el-gobierno-continuan-analizando-temas-de-la-paritaria\\\/\"},\"wordCount\":362,\"commentCount\":0,\"publisher\":{\"@id\":\"https:\\\/\\\/informelitoral.com.ar\\\/#organization\"},\"image\":{\"@id\":\"https:\\\/\\\/informelitoral.com.ar\\\/upcn-y-el-gobierno-continuan-analizando-temas-de-la-paritaria\\\/#primaryimage\"},\"thumbnailUrl\":\"https:\\\/\\\/informelitoral.com.ar\\\/%77%70%2d%63%6f%6e%74%65%6e%74\\\/uploads\\\/2022\\\/03\\\/upcn-sede-620x300-1.jpg\",\"keywords\":[\"Paritaria\",\"UPCN\"],\"articleSection\":[\"Entre R\u00edos\"],\"inLanguage\":\"es\",\"potentialAction\":[{\"@type\":\"CommentAction\",\"name\":\"Comment\",\"target\":[\"https:\\\/\\\/informelitoral.com.ar\\\/upcn-y-el-gobierno-continuan-analizando-temas-de-la-paritaria\\\/#respond\"]}]},{\"@type\":\"WebPage\",\"@id\":\"https:\\\/\\\/informelitoral.com.ar\\\/upcn-y-el-gobierno-continuan-analizando-temas-de-la-paritaria\\\/\",\"url\":\"https:\\\/\\\/informelitoral.com.ar\\\/upcn-y-el-gobierno-continuan-analizando-temas-de-la-paritaria\\\/\",\"name\":\"UPCN y el gobierno contin\u00faan analizando temas de la paritaria - Informe Litoral\",\"isPartOf\":{\"@id\":\"https:\\\/\\\/informelitoral.com.ar\\\/#website\"},\"primaryImageOfPage\":{\"@id\":\"https:\\\/\\\/informelitoral.com.ar\\\/upcn-y-el-gobierno-continuan-analizando-temas-de-la-paritaria\\\/#primaryimage\"},\"image\":{\"@id\":\"https:\\\/\\\/informelitoral.com.ar\\\/upcn-y-el-gobierno-continuan-analizando-temas-de-la-paritaria\\\/#primaryimage\"},\"thumbnailUrl\":\"https:\\\/\\\/informelitoral.com.ar\\\/%77%70%2d%63%6f%6e%74%65%6e%74\\\/uploads\\\/2022\\\/03\\\/upcn-sede-620x300-1.jpg\",\"datePublished\":\"2022-04-14T11:51:07+00:00\",\"breadcrumb\":{\"@id\":\"https:\\\/\\\/informelitoral.com.ar\\\/upcn-y-el-gobierno-continuan-analizando-temas-de-la-paritaria\\\/#breadcrumb\"},\"inLanguage\":\"es\",\"potentialAction\":[{\"@type\":\"ReadAction\",\"target\":[\"https:\\\/\\\/informelitoral.com.ar\\\/upcn-y-el-gobierno-continuan-analizando-temas-de-la-paritaria\\\/\"]}]},{\"@type\":\"ImageObject\",\"inLanguage\":\"es\",\"@id\":\"https:\\\/\\\/informelitoral.com.ar\\\/upcn-y-el-gobierno-continuan-analizando-temas-de-la-paritaria\\\/#primaryimage\",\"url\":\"https:\\\/\\\/informelitoral.com.ar\\\/%77%70%2d%63%6f%6e%74%65%6e%74\\\/uploads\\\/2022\\\/03\\\/upcn-sede-620x300-1.jpg\",\"contentUrl\":\"https:\\\/\\\/informelitoral.com.ar\\\/%77%70%2d%63%6f%6e%74%65%6e%74\\\/uploads\\\/2022\\\/03\\\/upcn-sede-620x300-1.jpg\",\"width\":620,\"height\":300},{\"@type\":\"BreadcrumbList\",\"@id\":\"https:\\\/\\\/informelitoral.com.ar\\\/upcn-y-el-gobierno-continuan-analizando-temas-de-la-paritaria\\\/#breadcrumb\",\"itemListElement\":[{\"@type\":\"ListItem\",\"position\":1,\"name\":\"Portada\",\"item\":\"https:\\\/\\\/informelitoral.com.ar\\\/\"},{\"@type\":\"ListItem\",\"position\":2,\"name\":\"UPCN y el gobierno contin\u00faan analizando temas de la paritaria\"}]},{\"@type\":\"WebSite\",\"@id\":\"https:\\\/\\\/informelitoral.com.ar\\\/#website\",\"url\":\"https:\\\/\\\/informelitoral.com.ar\\\/\",\"name\":\"Informe Litoral\",\"description\":\"&quot;Nos informamos&quot; \",\"publisher\":{\"@id\":\"https:\\\/\\\/informelitoral.com.ar\\\/#organization\"},\"potentialAction\":[{\"@type\":\"SearchAction\",\"target\":{\"@type\":\"EntryPoint\",\"urlTemplate\":\"https:\\\/\\\/informelitoral.com.ar\\\/?s={search_term_string}\"},\"query-input\":{\"@type\":\"PropertyValueSpecification\",\"valueRequired\":true,\"valueName\":\"search_term_string\"}}],\"inLanguage\":\"es\"},{\"@type\":\"Organization\",\"@id\":\"https:\\\/\\\/informelitoral.com.ar\\\/#organization\",\"name\":\"Informe Litoral\",\"url\":\"https:\\\/\\\/informelitoral.com.ar\\\/\",\"logo\":{\"@type\":\"ImageObject\",\"inLanguage\":\"es\",\"@id\":\"https:\\\/\\\/informelitoral.com.ar\\\/#\\\/schema\\\/logo\\\/image\\\/\",\"url\":\"https:\\\/\\\/informelitoral.com.ar\\\/%77%70%2d%63%6f%6e%74%65%6e%74\\\/uploads\\\/2021\\\/01\\\/circulo.png\",\"contentUrl\":\"https:\\\/\\\/informelitoral.com.ar\\\/%77%70%2d%63%6f%6e%74%65%6e%74\\\/uploads\\\/2021\\\/01\\\/circulo.png\",\"width\":723,\"height\":731,\"caption\":\"Informe Litoral\"},\"image\":{\"@id\":\"https:\\\/\\\/informelitoral.com.ar\\\/#\\\/schema\\\/logo\\\/image\\\/\"},\"sameAs\":[\"https:\\\/\\\/www.facebook.com\\\/informelitoral\\\/\",\"https:\\\/\\\/x.com\\\/InformeLitoral\",\"https:\\\/\\\/www.instagram.com\\\/informelitoral\\\/\",\"https:\\\/\\\/www.youtube.com\\\/channel\\\/UCua4Qvz8Icb6MYqhoq9xLXw\"]},{\"@type\":\"Person\",\"@id\":\"https:\\\/\\\/informelitoral.com.ar\\\/#\\\/schema\\\/person\\\/f05f9f461677119578717524b127d6d5\",\"name\":\"Sebastian\",\"image\":{\"@type\":\"ImageObject\",\"inLanguage\":\"es\",\"@id\":\"https:\\\/\\\/secure.gravatar.com\\\/avatar\\\/b71bf7481d447dfb9583c7f2798e7cc64de6efb9067b74633ed8c31059a3bd82?s=96&d=mm&r=g\",\"url\":\"https:\\\/\\\/secure.gravatar.com\\\/avatar\\\/b71bf7481d447dfb9583c7f2798e7cc64de6efb9067b74633ed8c31059a3bd82?s=96&d=mm&r=g\",\"contentUrl\":\"https:\\\/\\\/secure.gravatar.com\\\/avatar\\\/b71bf7481d447dfb9583c7f2798e7cc64de6efb9067b74633ed8c31059a3bd82?s=96&d=mm&r=g\",\"caption\":\"Sebastian\"},\"url\":\"https:\\\/\\\/informelitoral.com.ar\\\/author\\\/sebastian\\\/\"}]}<\/script>","yoast_head_json":{"title":"UPCN y el gobierno contin\u00faan analizando temas de la paritaria - Informe Litoral","robots":{"index":"index","follow":"follow","max-snippet":"max-snippet:-1","max-image-preview":"max-image-preview:large","max-video-preview":"max-video-preview:-1"},"canonical":"https:\/\/informelitoral.com.ar\/upcn-y-el-gobierno-continuan-analizando-temas-de-la-paritaria\/","og_locale":"es_ES","og_type":"article","og_title":"UPCN y el gobierno contin\u00faan analizando temas de la paritaria - Informe Litoral","og_description":"Mediante una nota dirigida al Ministro de Econom\u00eda, UPCN se expidi\u00f3 respecto de las propuestas formuladas por esa cartera ministerial con relaci\u00f3n a demandas planteadas por el gremio en la \u00faltima reuni\u00f3n paritaria.","og_url":"https:\/\/informelitoral.com.ar\/upcn-y-el-gobierno-continuan-analizando-temas-de-la-paritaria\/","og_site_name":"Informe Litoral","article_publisher":"https:\/\/www.facebook.com\/informelitoral\/","article_published_time":"2022-04-14T11:51:07+00:00","og_image":[{"width":620,"height":300,"url":"https:\/\/informelitoral.com.ar\/%77%70%2d%63%6f%6e%74%65%6e%74\/uploads\/2022\/03\/upcn-sede-620x300-1.jpg","type":"image\/jpeg"}],"author":"Sebastian","twitter_card":"summary_large_image","twitter_creator":"@InformeLitoral","twitter_site":"@InformeLitoral","twitter_misc":{"Escrito por":"Sebastian","Tiempo de lectura":"2 minutos"},"schema":{"@context":"https:\/\/schema.org","@graph":[{"@type":"Article","@id":"https:\/\/informelitoral.com.ar\/upcn-y-el-gobierno-continuan-analizando-temas-de-la-paritaria\/#article","isPartOf":{"@id":"https:\/\/informelitoral.com.ar\/upcn-y-el-gobierno-continuan-analizando-temas-de-la-paritaria\/"},"author":{"name":"Sebastian","@id":"https:\/\/informelitoral.com.ar\/#\/schema\/person\/f05f9f461677119578717524b127d6d5"},"headline":"UPCN y el gobierno contin\u00faan analizando temas de la paritaria","datePublished":"2022-04-14T11:51:07+00:00","mainEntityOfPage":{"@id":"https:\/\/informelitoral.com.ar\/upcn-y-el-gobierno-continuan-analizando-temas-de-la-paritaria\/"},"wordCount":362,"commentCount":0,"publisher":{"@id":"https:\/\/informelitoral.com.ar\/#organization"},"image":{"@id":"https:\/\/informelitoral.com.ar\/upcn-y-el-gobierno-continuan-analizando-temas-de-la-paritaria\/#primaryimage"},"thumbnailUrl":"https:\/\/informelitoral.com.ar\/%77%70%2d%63%6f%6e%74%65%6e%74\/uploads\/2022\/03\/upcn-sede-620x300-1.jpg","keywords":["Paritaria","UPCN"],"articleSection":["Entre R\u00edos"],"inLanguage":"es","potentialAction":[{"@type":"CommentAction","name":"Comment","target":["https:\/\/informelitoral.com.ar\/upcn-y-el-gobierno-continuan-analizando-temas-de-la-paritaria\/#respond"]}]},{"@type":"WebPage","@id":"https:\/\/informelitoral.com.ar\/upcn-y-el-gobierno-continuan-analizando-temas-de-la-paritaria\/","url":"https:\/\/informelitoral.com.ar\/upcn-y-el-gobierno-continuan-analizando-temas-de-la-paritaria\/","name":"UPCN y el gobierno contin\u00faan analizando temas de la paritaria - Informe Litoral","isPartOf":{"@id":"https:\/\/informelitoral.com.ar\/#website"},"primaryImageOfPage":{"@id":"https:\/\/informelitoral.com.ar\/upcn-y-el-gobierno-continuan-analizando-temas-de-la-paritaria\/#primaryimage"},"image":{"@id":"https:\/\/informelitoral.com.ar\/upcn-y-el-gobierno-continuan-analizando-temas-de-la-paritaria\/#primaryimage"},"thumbnailUrl":"https:\/\/informelitoral.com.ar\/%77%70%2d%63%6f%6e%74%65%6e%74\/uploads\/2022\/03\/upcn-sede-620x300-1.jpg","datePublished":"2022-04-14T11:51:07+00:00","breadcrumb":{"@id":"https:\/\/informelitoral.com.ar\/upcn-y-el-gobierno-continuan-analizando-temas-de-la-paritaria\/#breadcrumb"},"inLanguage":"es","potentialAction":[{"@type":"ReadAction","target":["https:\/\/informelitoral.com.ar\/upcn-y-el-gobierno-continuan-analizando-temas-de-la-paritaria\/"]}]},{"@type":"ImageObject","inLanguage":"es","@id":"https:\/\/informelitoral.com.ar\/upcn-y-el-gobierno-continuan-analizando-temas-de-la-paritaria\/#primaryimage","url":"https:\/\/informelitoral.com.ar\/%77%70%2d%63%6f%6e%74%65%6e%74\/uploads\/2022\/03\/upcn-sede-620x300-1.jpg","contentUrl":"https:\/\/informelitoral.com.ar\/%77%70%2d%63%6f%6e%74%65%6e%74\/uploads\/2022\/03\/upcn-sede-620x300-1.jpg","width":620,"height":300},{"@type":"BreadcrumbList","@id":"https:\/\/informelitoral.com.ar\/upcn-y-el-gobierno-continuan-analizando-temas-de-la-paritaria\/#breadcrumb","itemListElement":[{"@type":"ListItem","position":1,"name":"Portada","item":"https:\/\/informelitoral.com.ar\/"},{"@type":"ListItem","position":2,"name":"UPCN y el gobierno contin\u00faan analizando temas de la paritaria"}]},{"@type":"WebSite","@id":"https:\/\/informelitoral.com.ar\/#website","url":"https:\/\/informelitoral.com.ar\/","name":"Informe Litoral","description":"&quot;Nos informamos&quot; ","publisher":{"@id":"https:\/\/informelitoral.com.ar\/#organization"},"potentialAction":[{"@type":"SearchAction","target":{"@type":"EntryPoint","urlTemplate":"https:\/\/informelitoral.com.ar\/?s={search_term_string}"},"query-input":{"@type":"PropertyValueSpecification","valueRequired":true,"valueName":"search_term_string"}}],"inLanguage":"es"},{"@type":"Organization","@id":"https:\/\/informelitoral.com.ar\/#organization","name":"Informe Litoral","url":"https:\/\/informelitoral.com.ar\/","logo":{"@type":"ImageObject","inLanguage":"es","@id":"https:\/\/informelitoral.com.ar\/#\/schema\/logo\/image\/","url":"https:\/\/informelitoral.com.ar\/%77%70%2d%63%6f%6e%74%65%6e%74\/uploads\/2021\/01\/circulo.png","contentUrl":"https:\/\/informelitoral.com.ar\/%77%70%2d%63%6f%6e%74%65%6e%74\/uploads\/2021\/01\/circulo.png","width":723,"height":731,"caption":"Informe Litoral"},"image":{"@id":"https:\/\/informelitoral.com.ar\/#\/schema\/logo\/image\/"},"sameAs":["https:\/\/www.facebook.com\/informelitoral\/","https:\/\/x.com\/InformeLitoral","https:\/\/www.instagram.com\/informelitoral\/","https:\/\/www.youtube.com\/channel\/UCua4Qvz8Icb6MYqhoq9xLXw"]},{"@type":"Person","@id":"https:\/\/informelitoral.com.ar\/#\/schema\/person\/f05f9f461677119578717524b127d6d5","name":"Sebastian","image":{"@type":"ImageObject","inLanguage":"es","@id":"https:\/\/secure.gravatar.com\/avatar\/b71bf7481d447dfb9583c7f2798e7cc64de6efb9067b74633ed8c31059a3bd82?s=96&d=mm&r=g","url":"https:\/\/secure.gravatar.com\/avatar\/b71bf7481d447dfb9583c7f2798e7cc64de6efb9067b74633ed8c31059a3bd82?s=96&d=mm&r=g","contentUrl":"https:\/\/secure.gravatar.com\/avatar\/b71bf7481d447dfb9583c7f2798e7cc64de6efb9067b74633ed8c31059a3bd82?s=96&d=mm&r=g","caption":"Sebastian"},"url":"https:\/\/informelitoral.com.ar\/author\/sebastian\/"}]}},"_links":{"self":[{"href":"https:\/\/informelitoral.com.ar\/%77%70%2d%6a%73%6f%6e\/wp\/v2\/posts\/75750","targetHints":{"allow":["GET"]}}],"collection":[{"href":"https:\/\/informelitoral.com.ar\/%77%70%2d%6a%73%6f%6e\/wp\/v2\/posts"}],"about":[{"href":"https:\/\/informelitoral.com.ar\/%77%70%2d%6a%73%6f%6e\/wp\/v2\/types\/post"}],"author":[{"embeddable":true,"href":"https:\/\/informelitoral.com.ar\/%77%70%2d%6a%73%6f%6e\/wp\/v2\/users\/8"}],"replies":[{"embeddable":true,"href":"https:\/\/informelitoral.com.ar\/%77%70%2d%6a%73%6f%6e\/wp\/v2\/comments?post=75750"}],"version-history":[{"count":0,"href":"https:\/\/informelitoral.com.ar\/%77%70%2d%6a%73%6f%6e\/wp\/v2\/posts\/75750\/revisions"}],"wp:featuredmedia":[{"embeddable":true,"href":"https:\/\/informelitoral.com.ar\/%77%70%2d%6a%73%6f%6e\/wp\/v2\/media\/73593"}],"wp:attachment":[{"href":"https:\/\/informelitoral.com.ar\/%77%70%2d%6a%73%6f%6e\/wp\/v2\/media?parent=75750"}],"wp:term":[{"taxonomy":"category","embeddable":true,"href":"https:\/\/informelitoral.com.ar\/%77%70%2d%6a%73%6f%6e\/wp\/v2\/categories?post=75750"},{"taxonomy":"post_tag","embeddable":true,"href":"https:\/\/informelitoral.com.ar\/%77%70%2d%6a%73%6f%6e\/wp\/v2\/tags?post=75750"}],"curies":[{"name":"wp","href":"https:\/\/api.w.org\/{rel}","templated":true}]}}