{"id":75714,"date":"2022-04-13T12:34:41","date_gmt":"2022-04-13T15:34:41","guid":{"rendered":"https:\/\/www.informelitoral.com.ar\/?p=75714"},"modified":"2022-04-13T12:34:41","modified_gmt":"2022-04-13T15:34:41","slug":"emprendedores-y-emprendedoras-mantuvieron-un-encuentro-con-peirano-y-stratta","status":"publish","type":"post","link":"https:\/\/informelitoral.com.ar\/emprendedores-y-emprendedoras-mantuvieron-un-encuentro-con-peirano-y-stratta\/","title":{"rendered":"Emprendedores y emprendedoras mantuvieron un encuentro con Peirano y Stratta"},"content":{"rendered":"<p>Fue en el encuentroque se realiz\u00f3 este martes en el Centro Provincial de Convenciones, y que cont\u00f3 con la presencia del titular de la \u200eAgencia I+D+i, Fernando Peirano; la diputada nacional Carolina Gaillard; el ministro de Producci\u00f3n, Juan Jos\u00e9 Bahillo y el secretario de Desarrollo Econ\u00f3mico y Emprendedor, Pedro Gebhart, entre otras autoridades.<\/p>\n<p>La vicegobernadora Laura Stratta particip\u00f3 del encuentro \u201cDesaf\u00edos de las empresas, MiPyMEs y emprendimientos de TICs en el contexto de recuperaci\u00f3n econ\u00f3mica\u201d. La actividad se realiz\u00f3 este martes por la tarde en el Centro Provincial de Convenciones (CPC) de Paran\u00e1, junto a emprendedores, MiPyMEs y titulares de instituciones vinculadas a la ciencia y la tecnolog\u00eda, de distintas localidades de la provincia.<\/p>\n<p>La reuni\u00f3n cont\u00f3 con la presencia de Fernando Peirano, presidente de la Agencia Nacional de Promoci\u00f3n de la Investigaci\u00f3n, el Desarrollo Tecnol\u00f3gico y la Innovaci\u00f3n (Agencia Nacional I+D+i); la diputada nacional Carolina Gaillard; el ministro de Producci\u00f3n, Turismo y Desarrollo Econ\u00f3mico, Juan Jos\u00e9 Bahillo y el secretario de Desarrollo Econ\u00f3mico y Emprendedor, Pedro Gebhart.<\/p>\n<p>Estado presente y activo<br \/>\nLa vicegobernadora Laura Stratta destac\u00f3 la importancia de generar este espacio de encuentro y de di\u00e1logo \u201cporque para quienes creemos que la pol\u00edtica repara y transforma, tambi\u00e9n creemos que la pol\u00edtica tiene que escuchar\u201d, resalt\u00f3 tras valorar el trabajo articulado entre Naci\u00f3n y Provincia.<\/p>\n<p>Stratta se mostr\u00f3 \u201corgullosa\u201d por las y los emprendedores que tiene la provincia de Entre R\u00edos, quienes \u201ctrabajan con una gran responsabilidad social, mirada solidaria y en cooperaci\u00f3n, que ponen sus conocimientos al servicio del desarrollo social y humano, generando empleo y dando impulso a nuestras cadenas de valor\u201d.<\/p>\n<p>En otro tramo de su discurso, habl\u00f3 de la necesidad de invertir en educaci\u00f3n. \u201cSiempre decimos que la educaci\u00f3n es la obra m\u00e1s importante para la provincia de Entre R\u00edos y esto tiene que ver con una apuesta muy fuerte que hacemos desde el Gobierno nacional y provincial\u201d, expres\u00f3 Stratta al tiempo que consider\u00f3: \u201cFomentar el emprendedurismo tambi\u00e9n lo venimos sosteniendo desde hace varios a\u00f1os porque nos parece central para el dise\u00f1o de las pol\u00edticas p\u00fablicas, para pensar una provincia que crezca y desarrolle con bases s\u00f3lidas\u201d.<\/p>\n<p>Seguidamente, consider\u00f3 que \u201ces central trabajar en el eje Naci\u00f3n, Provincia y Municipio, pero tambi\u00e9n en articulaci\u00f3n con los sectores p\u00fablico y privado que nos permitan dar respuestas integrales a las grandes demandas que nos plantea la sociedad\u201d. Y agreg\u00f3: \u201cTenemos un Estado presente, promotor y activo, que pone la cara, el cuerpo y resuelve. Esta reconstrucci\u00f3n del Estado, tiene que ver con la decisi\u00f3n pol\u00edtica de nuestro presidente Alberto Fern\u00e1ndez y nuestro gobernador Gustavo Bordet. Es por eso que hoy estamos ac\u00e1 para emprender juntos una provincia con m\u00e1s oportunidades para todas y todos\u201d, concluy\u00f3.<\/p>\n<p>Las ideas son las protagonistas<\/p>\n<p>Por su parte, el titular de la \u200eAgencia I+D+i, Fernando Peirano, habl\u00f3 del contexto actual y las pol\u00edticas de acompa\u00f1amiento. \u201cRecorremos el pa\u00eds entendiendo la federalizaci\u00f3n como la identificaci\u00f3n de buenos proyectos con buenos m\u00e9todos e instrumentos dignos y necesarios de ser nacionalizados\u201d, dijo el funcionario nacional.<\/p>\n<p>\u201cIdeas, m\u00e9todos, alianzas, la relaci\u00f3n p\u00fablico -privada hoy en una econom\u00eda donde lo intangible gana peso, las ideas tienen protagonismo, la innovaci\u00f3n es un motor, y la forma de trabajo se est\u00e1 modificando, por eso vengo entusiasmado para escucharlos\u201d, expres\u00f3 el presidente del organismo promotor de la investigaci\u00f3n, el conocimiento y la innovaci\u00f3n, dependiente del Ministerio de Ciencia, Tecnolog\u00eda e Innovaci\u00f3n.<\/p>\n<p>Gesti\u00f3n participativa<\/p>\n<p>En tanto, el ministro de Producci\u00f3n de la Provincia, Juan Jos\u00e9 Bahillo, record\u00f3: \u201cEl objetivo central del encuentro es escuchar a los emprendedores, es marcar una vez m\u00e1s una consigna que el gobernador nos reitera a diario: llevar adelante una gesti\u00f3n participativa, cercana a la gente y con un o\u00eddo puesto a todos los sectores productivos de la provincia\u201d, dijo tras subrayar: \u201cQueremos escuchar desde las experiencias personales hasta las necesidades para el crecimiento y desarrollo de sus emprendimientos, los desaf\u00edos que tienen y cu\u00e1l es la agenda que les gustar\u00eda tener con el Gobierno, porque escucharlos nos permite ser m\u00e1s certeros y eficaces a la hora de definir pol\u00edticas y acciones concretas\u201d, manifest\u00f3 Bahillo.<\/p>\n<p>Durante la reuni\u00f3n, se abri\u00f3 el micr\u00f3fono a las y los emprendedores, MiPyMEs y titulares de instituciones, quienes contaron sus proyectos, iniciativas y desaf\u00edos presentes y futuros.<\/p>\n<p>Acompa\u00f1amiento<\/p>\n<p>A su turno, la diputada Carolina Gaillard expres\u00f3: \u201cEs un orgullo escuchar a cada uno de los emprendimientos con una historia y una idea detr\u00e1s. Quiero decirles que hay un Estado presente para acompa\u00f1arlos, con la escucha atenta para atender las necesidades y dificultades que se presenten\u201d.<\/p>\n<p>En este sentido, la Legisladora nacional dijo que tanto al Presidente como al Gobernador \u201cles interesa generar valor agregado a nuestra producci\u00f3n por eso cada uno de sus proyectos son valios\u00edsimos\u201d. Y a\u00f1adi\u00f3: \u201cSomos nosotros quienes tenemos que acompa\u00f1arlos, ac\u00e1 estamos para dar respuestas\u201d.<\/p>\n<p>Presencias<\/p>\n<p>Del encuentro participaron adem\u00e1s, el secretario de Industria y Comercio, Fernando Caviglia; el director General de Desarrollo Econ\u00f3mico Territorial, Oscar Bustamante; el director General de Desarrollo Emprendedor, Claudio Rosas Vico; y el director General de Comercio Exterior de la Provincia, Juan Mansur.<\/p>\n<p>En este espacio de di\u00e1logo tambi\u00e9n estuvieron presentes emprendedores, MiPyMEs y titulares de instituciones vinculadas a la ciencia y la tecnolog\u00eda, laboratorio farmac\u00e9utico, software y medicina, entre otros, de distintas localidades de la provincia.<\/p>\n","protected":false},"excerpt":{"rendered":"<p>La vicegobernadora Laura Stratta particip\u00f3 del encuentro Desaf\u00edos de las empresas, MiPyMEs y emprendimientos de TICs en el contexto de recuperaci\u00f3n econ\u00f3mica, y estuvo con emprendedores, referentes de MiPyMEs y titulares de instituciones vinculadas a la ciencia y la tecnolog\u00eda de varias localidades.<\/p>\n","protected":false},"author":8,"featured_media":75715,"comment_status":"open","ping_status":"open","sticky":false,"template":"","format":"standard","meta":{"fifu_image_url":"","fifu_image_alt":"","footnotes":""},"categories":[6],"tags":[756,680],"class_list":{"0":"post-75714","1":"post","2":"type-post","3":"status-publish","4":"format-standard","5":"has-post-thumbnail","7":"category-entre-rios","8":"tag-centro-provincial-de-convenciones","9":"tag-laura-stratta"},"yoast_head":"<title>Emprendedores y emprendedoras mantuvieron un encuentro con Peirano y Stratta - Informe Litoral<\/title>\n<meta name=\"robots\" content=\"index, follow, max-snippet:-1, max-image-preview:large, max-video-preview:-1\" \/>\n<link rel=\"canonical\" href=\"https:\/\/informelitoral.com.ar\/emprendedores-y-emprendedoras-mantuvieron-un-encuentro-con-peirano-y-stratta\/\" \/>\n<meta property=\"og:locale\" content=\"es_ES\" \/>\n<meta property=\"og:type\" content=\"article\" \/>\n<meta property=\"og:title\" content=\"Emprendedores y emprendedoras mantuvieron un encuentro con Peirano y Stratta - Informe Litoral\" \/>\n<meta property=\"og:description\" content=\"La vicegobernadora Laura Stratta particip\u00f3 del encuentro Desaf\u00edos de las empresas, MiPyMEs y emprendimientos de TICs en el contexto de recuperaci\u00f3n econ\u00f3mica, y estuvo con emprendedores, referentes de MiPyMEs y titulares de instituciones vinculadas a la ciencia y la tecnolog\u00eda de varias localidades.\" \/>\n<meta property=\"og:url\" content=\"https:\/\/informelitoral.com.ar\/emprendedores-y-emprendedoras-mantuvieron-un-encuentro-con-peirano-y-stratta\/\" \/>\n<meta property=\"og:site_name\" content=\"Informe Litoral\" \/>\n<meta property=\"article:publisher\" content=\"https:\/\/www.facebook.com\/informelitoral\/\" \/>\n<meta property=\"article:published_time\" content=\"2022-04-13T15:34:41+00:00\" \/>\n<meta property=\"og:image\" content=\"https:\/\/informelitoral.com.ar\/%77%70%2d%63%6f%6e%74%65%6e%74\/uploads\/2022\/04\/x_1649853985.jpg\" \/>\n\t<meta property=\"og:image:width\" content=\"1920\" \/>\n\t<meta property=\"og:image:height\" content=\"1280\" \/>\n\t<meta property=\"og:image:type\" content=\"image\/jpeg\" \/>\n<meta name=\"author\" content=\"Sebastian\" \/>\n<meta name=\"twitter:card\" content=\"summary_large_image\" \/>\n<meta name=\"twitter:creator\" content=\"@InformeLitoral\" \/>\n<meta name=\"twitter:site\" content=\"@InformeLitoral\" \/>\n<meta name=\"twitter:label1\" content=\"Escrito por\" \/>\n\t<meta name=\"twitter:data1\" content=\"Sebastian\" \/>\n\t<meta name=\"twitter:label2\" content=\"Tiempo de lectura\" \/>\n\t<meta name=\"twitter:data2\" content=\"5 minutos\" \/>\n<script type=\"application\/ld+json\" class=\"yoast-schema-graph\">{\"@context\":\"https:\\\/\\\/schema.org\",\"@graph\":[{\"@type\":\"Article\",\"@id\":\"https:\\\/\\\/informelitoral.com.ar\\\/emprendedores-y-emprendedoras-mantuvieron-un-encuentro-con-peirano-y-stratta\\\/#article\",\"isPartOf\":{\"@id\":\"https:\\\/\\\/informelitoral.com.ar\\\/emprendedores-y-emprendedoras-mantuvieron-un-encuentro-con-peirano-y-stratta\\\/\"},\"author\":{\"name\":\"Sebastian\",\"@id\":\"https:\\\/\\\/informelitoral.com.ar\\\/#\\\/schema\\\/person\\\/f05f9f461677119578717524b127d6d5\"},\"headline\":\"Emprendedores y emprendedoras mantuvieron un encuentro con Peirano y Stratta\",\"datePublished\":\"2022-04-13T15:34:41+00:00\",\"mainEntityOfPage\":{\"@id\":\"https:\\\/\\\/informelitoral.com.ar\\\/emprendedores-y-emprendedoras-mantuvieron-un-encuentro-con-peirano-y-stratta\\\/\"},\"wordCount\":971,\"commentCount\":0,\"publisher\":{\"@id\":\"https:\\\/\\\/informelitoral.com.ar\\\/#organization\"},\"image\":{\"@id\":\"https:\\\/\\\/informelitoral.com.ar\\\/emprendedores-y-emprendedoras-mantuvieron-un-encuentro-con-peirano-y-stratta\\\/#primaryimage\"},\"thumbnailUrl\":\"https:\\\/\\\/informelitoral.com.ar\\\/%77%70%2d%63%6f%6e%74%65%6e%74\\\/uploads\\\/2022\\\/04\\\/x_1649853985.jpg\",\"keywords\":[\"Centro Provincial de Convenciones\",\"Laura Stratta\"],\"articleSection\":[\"Entre R\u00edos\"],\"inLanguage\":\"es\",\"potentialAction\":[{\"@type\":\"CommentAction\",\"name\":\"Comment\",\"target\":[\"https:\\\/\\\/informelitoral.com.ar\\\/emprendedores-y-emprendedoras-mantuvieron-un-encuentro-con-peirano-y-stratta\\\/#respond\"]}]},{\"@type\":\"WebPage\",\"@id\":\"https:\\\/\\\/informelitoral.com.ar\\\/emprendedores-y-emprendedoras-mantuvieron-un-encuentro-con-peirano-y-stratta\\\/\",\"url\":\"https:\\\/\\\/informelitoral.com.ar\\\/emprendedores-y-emprendedoras-mantuvieron-un-encuentro-con-peirano-y-stratta\\\/\",\"name\":\"Emprendedores y emprendedoras mantuvieron un encuentro con Peirano y Stratta - Informe Litoral\",\"isPartOf\":{\"@id\":\"https:\\\/\\\/informelitoral.com.ar\\\/#website\"},\"primaryImageOfPage\":{\"@id\":\"https:\\\/\\\/informelitoral.com.ar\\\/emprendedores-y-emprendedoras-mantuvieron-un-encuentro-con-peirano-y-stratta\\\/#primaryimage\"},\"image\":{\"@id\":\"https:\\\/\\\/informelitoral.com.ar\\\/emprendedores-y-emprendedoras-mantuvieron-un-encuentro-con-peirano-y-stratta\\\/#primaryimage\"},\"thumbnailUrl\":\"https:\\\/\\\/informelitoral.com.ar\\\/%77%70%2d%63%6f%6e%74%65%6e%74\\\/uploads\\\/2022\\\/04\\\/x_1649853985.jpg\",\"datePublished\":\"2022-04-13T15:34:41+00:00\",\"breadcrumb\":{\"@id\":\"https:\\\/\\\/informelitoral.com.ar\\\/emprendedores-y-emprendedoras-mantuvieron-un-encuentro-con-peirano-y-stratta\\\/#breadcrumb\"},\"inLanguage\":\"es\",\"potentialAction\":[{\"@type\":\"ReadAction\",\"target\":[\"https:\\\/\\\/informelitoral.com.ar\\\/emprendedores-y-emprendedoras-mantuvieron-un-encuentro-con-peirano-y-stratta\\\/\"]}]},{\"@type\":\"ImageObject\",\"inLanguage\":\"es\",\"@id\":\"https:\\\/\\\/informelitoral.com.ar\\\/emprendedores-y-emprendedoras-mantuvieron-un-encuentro-con-peirano-y-stratta\\\/#primaryimage\",\"url\":\"https:\\\/\\\/informelitoral.com.ar\\\/%77%70%2d%63%6f%6e%74%65%6e%74\\\/uploads\\\/2022\\\/04\\\/x_1649853985.jpg\",\"contentUrl\":\"https:\\\/\\\/informelitoral.com.ar\\\/%77%70%2d%63%6f%6e%74%65%6e%74\\\/uploads\\\/2022\\\/04\\\/x_1649853985.jpg\",\"width\":1920,\"height\":1280},{\"@type\":\"BreadcrumbList\",\"@id\":\"https:\\\/\\\/informelitoral.com.ar\\\/emprendedores-y-emprendedoras-mantuvieron-un-encuentro-con-peirano-y-stratta\\\/#breadcrumb\",\"itemListElement\":[{\"@type\":\"ListItem\",\"position\":1,\"name\":\"Portada\",\"item\":\"https:\\\/\\\/informelitoral.com.ar\\\/\"},{\"@type\":\"ListItem\",\"position\":2,\"name\":\"Emprendedores y emprendedoras mantuvieron un encuentro con Peirano y Stratta\"}]},{\"@type\":\"WebSite\",\"@id\":\"https:\\\/\\\/informelitoral.com.ar\\\/#website\",\"url\":\"https:\\\/\\\/informelitoral.com.ar\\\/\",\"name\":\"Informe Litoral\",\"description\":\"&quot;Nos informamos&quot; \",\"publisher\":{\"@id\":\"https:\\\/\\\/informelitoral.com.ar\\\/#organization\"},\"potentialAction\":[{\"@type\":\"SearchAction\",\"target\":{\"@type\":\"EntryPoint\",\"urlTemplate\":\"https:\\\/\\\/informelitoral.com.ar\\\/?s={search_term_string}\"},\"query-input\":{\"@type\":\"PropertyValueSpecification\",\"valueRequired\":true,\"valueName\":\"search_term_string\"}}],\"inLanguage\":\"es\"},{\"@type\":\"Organization\",\"@id\":\"https:\\\/\\\/informelitoral.com.ar\\\/#organization\",\"name\":\"Informe Litoral\",\"url\":\"https:\\\/\\\/informelitoral.com.ar\\\/\",\"logo\":{\"@type\":\"ImageObject\",\"inLanguage\":\"es\",\"@id\":\"https:\\\/\\\/informelitoral.com.ar\\\/#\\\/schema\\\/logo\\\/image\\\/\",\"url\":\"https:\\\/\\\/informelitoral.com.ar\\\/%77%70%2d%63%6f%6e%74%65%6e%74\\\/uploads\\\/2021\\\/01\\\/circulo.png\",\"contentUrl\":\"https:\\\/\\\/informelitoral.com.ar\\\/%77%70%2d%63%6f%6e%74%65%6e%74\\\/uploads\\\/2021\\\/01\\\/circulo.png\",\"width\":723,\"height\":731,\"caption\":\"Informe Litoral\"},\"image\":{\"@id\":\"https:\\\/\\\/informelitoral.com.ar\\\/#\\\/schema\\\/logo\\\/image\\\/\"},\"sameAs\":[\"https:\\\/\\\/www.facebook.com\\\/informelitoral\\\/\",\"https:\\\/\\\/x.com\\\/InformeLitoral\",\"https:\\\/\\\/www.instagram.com\\\/informelitoral\\\/\",\"https:\\\/\\\/www.youtube.com\\\/channel\\\/UCua4Qvz8Icb6MYqhoq9xLXw\"]},{\"@type\":\"Person\",\"@id\":\"https:\\\/\\\/informelitoral.com.ar\\\/#\\\/schema\\\/person\\\/f05f9f461677119578717524b127d6d5\",\"name\":\"Sebastian\",\"image\":{\"@type\":\"ImageObject\",\"inLanguage\":\"es\",\"@id\":\"https:\\\/\\\/secure.gravatar.com\\\/avatar\\\/b71bf7481d447dfb9583c7f2798e7cc64de6efb9067b74633ed8c31059a3bd82?s=96&d=mm&r=g\",\"url\":\"https:\\\/\\\/secure.gravatar.com\\\/avatar\\\/b71bf7481d447dfb9583c7f2798e7cc64de6efb9067b74633ed8c31059a3bd82?s=96&d=mm&r=g\",\"contentUrl\":\"https:\\\/\\\/secure.gravatar.com\\\/avatar\\\/b71bf7481d447dfb9583c7f2798e7cc64de6efb9067b74633ed8c31059a3bd82?s=96&d=mm&r=g\",\"caption\":\"Sebastian\"},\"url\":\"https:\\\/\\\/informelitoral.com.ar\\\/author\\\/sebastian\\\/\"}]}<\/script>","yoast_head_json":{"title":"Emprendedores y emprendedoras mantuvieron un encuentro con Peirano y Stratta - Informe Litoral","robots":{"index":"index","follow":"follow","max-snippet":"max-snippet:-1","max-image-preview":"max-image-preview:large","max-video-preview":"max-video-preview:-1"},"canonical":"https:\/\/informelitoral.com.ar\/emprendedores-y-emprendedoras-mantuvieron-un-encuentro-con-peirano-y-stratta\/","og_locale":"es_ES","og_type":"article","og_title":"Emprendedores y emprendedoras mantuvieron un encuentro con Peirano y Stratta - Informe Litoral","og_description":"La vicegobernadora Laura Stratta particip\u00f3 del encuentro Desaf\u00edos de las empresas, MiPyMEs y emprendimientos de TICs en el contexto de recuperaci\u00f3n econ\u00f3mica, y estuvo con emprendedores, referentes de MiPyMEs y titulares de instituciones vinculadas a la ciencia y la tecnolog\u00eda de varias localidades.","og_url":"https:\/\/informelitoral.com.ar\/emprendedores-y-emprendedoras-mantuvieron-un-encuentro-con-peirano-y-stratta\/","og_site_name":"Informe Litoral","article_publisher":"https:\/\/www.facebook.com\/informelitoral\/","article_published_time":"2022-04-13T15:34:41+00:00","og_image":[{"width":1920,"height":1280,"url":"https:\/\/informelitoral.com.ar\/%77%70%2d%63%6f%6e%74%65%6e%74\/uploads\/2022\/04\/x_1649853985.jpg","type":"image\/jpeg"}],"author":"Sebastian","twitter_card":"summary_large_image","twitter_creator":"@InformeLitoral","twitter_site":"@InformeLitoral","twitter_misc":{"Escrito por":"Sebastian","Tiempo de lectura":"5 minutos"},"schema":{"@context":"https:\/\/schema.org","@graph":[{"@type":"Article","@id":"https:\/\/informelitoral.com.ar\/emprendedores-y-emprendedoras-mantuvieron-un-encuentro-con-peirano-y-stratta\/#article","isPartOf":{"@id":"https:\/\/informelitoral.com.ar\/emprendedores-y-emprendedoras-mantuvieron-un-encuentro-con-peirano-y-stratta\/"},"author":{"name":"Sebastian","@id":"https:\/\/informelitoral.com.ar\/#\/schema\/person\/f05f9f461677119578717524b127d6d5"},"headline":"Emprendedores y emprendedoras mantuvieron un encuentro con Peirano y Stratta","datePublished":"2022-04-13T15:34:41+00:00","mainEntityOfPage":{"@id":"https:\/\/informelitoral.com.ar\/emprendedores-y-emprendedoras-mantuvieron-un-encuentro-con-peirano-y-stratta\/"},"wordCount":971,"commentCount":0,"publisher":{"@id":"https:\/\/informelitoral.com.ar\/#organization"},"image":{"@id":"https:\/\/informelitoral.com.ar\/emprendedores-y-emprendedoras-mantuvieron-un-encuentro-con-peirano-y-stratta\/#primaryimage"},"thumbnailUrl":"https:\/\/informelitoral.com.ar\/%77%70%2d%63%6f%6e%74%65%6e%74\/uploads\/2022\/04\/x_1649853985.jpg","keywords":["Centro Provincial de Convenciones","Laura Stratta"],"articleSection":["Entre R\u00edos"],"inLanguage":"es","potentialAction":[{"@type":"CommentAction","name":"Comment","target":["https:\/\/informelitoral.com.ar\/emprendedores-y-emprendedoras-mantuvieron-un-encuentro-con-peirano-y-stratta\/#respond"]}]},{"@type":"WebPage","@id":"https:\/\/informelitoral.com.ar\/emprendedores-y-emprendedoras-mantuvieron-un-encuentro-con-peirano-y-stratta\/","url":"https:\/\/informelitoral.com.ar\/emprendedores-y-emprendedoras-mantuvieron-un-encuentro-con-peirano-y-stratta\/","name":"Emprendedores y emprendedoras mantuvieron un encuentro con Peirano y Stratta - Informe Litoral","isPartOf":{"@id":"https:\/\/informelitoral.com.ar\/#website"},"primaryImageOfPage":{"@id":"https:\/\/informelitoral.com.ar\/emprendedores-y-emprendedoras-mantuvieron-un-encuentro-con-peirano-y-stratta\/#primaryimage"},"image":{"@id":"https:\/\/informelitoral.com.ar\/emprendedores-y-emprendedoras-mantuvieron-un-encuentro-con-peirano-y-stratta\/#primaryimage"},"thumbnailUrl":"https:\/\/informelitoral.com.ar\/%77%70%2d%63%6f%6e%74%65%6e%74\/uploads\/2022\/04\/x_1649853985.jpg","datePublished":"2022-04-13T15:34:41+00:00","breadcrumb":{"@id":"https:\/\/informelitoral.com.ar\/emprendedores-y-emprendedoras-mantuvieron-un-encuentro-con-peirano-y-stratta\/#breadcrumb"},"inLanguage":"es","potentialAction":[{"@type":"ReadAction","target":["https:\/\/informelitoral.com.ar\/emprendedores-y-emprendedoras-mantuvieron-un-encuentro-con-peirano-y-stratta\/"]}]},{"@type":"ImageObject","inLanguage":"es","@id":"https:\/\/informelitoral.com.ar\/emprendedores-y-emprendedoras-mantuvieron-un-encuentro-con-peirano-y-stratta\/#primaryimage","url":"https:\/\/informelitoral.com.ar\/%77%70%2d%63%6f%6e%74%65%6e%74\/uploads\/2022\/04\/x_1649853985.jpg","contentUrl":"https:\/\/informelitoral.com.ar\/%77%70%2d%63%6f%6e%74%65%6e%74\/uploads\/2022\/04\/x_1649853985.jpg","width":1920,"height":1280},{"@type":"BreadcrumbList","@id":"https:\/\/informelitoral.com.ar\/emprendedores-y-emprendedoras-mantuvieron-un-encuentro-con-peirano-y-stratta\/#breadcrumb","itemListElement":[{"@type":"ListItem","position":1,"name":"Portada","item":"https:\/\/informelitoral.com.ar\/"},{"@type":"ListItem","position":2,"name":"Emprendedores y emprendedoras mantuvieron un encuentro con Peirano y Stratta"}]},{"@type":"WebSite","@id":"https:\/\/informelitoral.com.ar\/#website","url":"https:\/\/informelitoral.com.ar\/","name":"Informe Litoral","description":"&quot;Nos informamos&quot; ","publisher":{"@id":"https:\/\/informelitoral.com.ar\/#organization"},"potentialAction":[{"@type":"SearchAction","target":{"@type":"EntryPoint","urlTemplate":"https:\/\/informelitoral.com.ar\/?s={search_term_string}"},"query-input":{"@type":"PropertyValueSpecification","valueRequired":true,"valueName":"search_term_string"}}],"inLanguage":"es"},{"@type":"Organization","@id":"https:\/\/informelitoral.com.ar\/#organization","name":"Informe Litoral","url":"https:\/\/informelitoral.com.ar\/","logo":{"@type":"ImageObject","inLanguage":"es","@id":"https:\/\/informelitoral.com.ar\/#\/schema\/logo\/image\/","url":"https:\/\/informelitoral.com.ar\/%77%70%2d%63%6f%6e%74%65%6e%74\/uploads\/2021\/01\/circulo.png","contentUrl":"https:\/\/informelitoral.com.ar\/%77%70%2d%63%6f%6e%74%65%6e%74\/uploads\/2021\/01\/circulo.png","width":723,"height":731,"caption":"Informe Litoral"},"image":{"@id":"https:\/\/informelitoral.com.ar\/#\/schema\/logo\/image\/"},"sameAs":["https:\/\/www.facebook.com\/informelitoral\/","https:\/\/x.com\/InformeLitoral","https:\/\/www.instagram.com\/informelitoral\/","https:\/\/www.youtube.com\/channel\/UCua4Qvz8Icb6MYqhoq9xLXw"]},{"@type":"Person","@id":"https:\/\/informelitoral.com.ar\/#\/schema\/person\/f05f9f461677119578717524b127d6d5","name":"Sebastian","image":{"@type":"ImageObject","inLanguage":"es","@id":"https:\/\/secure.gravatar.com\/avatar\/b71bf7481d447dfb9583c7f2798e7cc64de6efb9067b74633ed8c31059a3bd82?s=96&d=mm&r=g","url":"https:\/\/secure.gravatar.com\/avatar\/b71bf7481d447dfb9583c7f2798e7cc64de6efb9067b74633ed8c31059a3bd82?s=96&d=mm&r=g","contentUrl":"https:\/\/secure.gravatar.com\/avatar\/b71bf7481d447dfb9583c7f2798e7cc64de6efb9067b74633ed8c31059a3bd82?s=96&d=mm&r=g","caption":"Sebastian"},"url":"https:\/\/informelitoral.com.ar\/author\/sebastian\/"}]}},"_links":{"self":[{"href":"https:\/\/informelitoral.com.ar\/%77%70%2d%6a%73%6f%6e\/wp\/v2\/posts\/75714","targetHints":{"allow":["GET"]}}],"collection":[{"href":"https:\/\/informelitoral.com.ar\/%77%70%2d%6a%73%6f%6e\/wp\/v2\/posts"}],"about":[{"href":"https:\/\/informelitoral.com.ar\/%77%70%2d%6a%73%6f%6e\/wp\/v2\/types\/post"}],"author":[{"embeddable":true,"href":"https:\/\/informelitoral.com.ar\/%77%70%2d%6a%73%6f%6e\/wp\/v2\/users\/8"}],"replies":[{"embeddable":true,"href":"https:\/\/informelitoral.com.ar\/%77%70%2d%6a%73%6f%6e\/wp\/v2\/comments?post=75714"}],"version-history":[{"count":0,"href":"https:\/\/informelitoral.com.ar\/%77%70%2d%6a%73%6f%6e\/wp\/v2\/posts\/75714\/revisions"}],"wp:featuredmedia":[{"embeddable":true,"href":"https:\/\/informelitoral.com.ar\/%77%70%2d%6a%73%6f%6e\/wp\/v2\/media\/75715"}],"wp:attachment":[{"href":"https:\/\/informelitoral.com.ar\/%77%70%2d%6a%73%6f%6e\/wp\/v2\/media?parent=75714"}],"wp:term":[{"taxonomy":"category","embeddable":true,"href":"https:\/\/informelitoral.com.ar\/%77%70%2d%6a%73%6f%6e\/wp\/v2\/categories?post=75714"},{"taxonomy":"post_tag","embeddable":true,"href":"https:\/\/informelitoral.com.ar\/%77%70%2d%6a%73%6f%6e\/wp\/v2\/tags?post=75714"}],"curies":[{"name":"wp","href":"https:\/\/api.w.org\/{rel}","templated":true}]}}