{"id":7569,"date":"2014-07-25T08:01:05","date_gmt":"2014-07-25T11:01:05","guid":{"rendered":"http:\/\/www.isletasnoticias.com.ar\/?p=7569"},"modified":"2014-07-25T08:01:05","modified_gmt":"2014-07-25T11:01:05","slug":"afirman-que-entre-rios-es-el-destino-mas-elegido-del-litoral-argentino-en-este-receso-invernal","status":"publish","type":"post","link":"https:\/\/informelitoral.com.ar\/afirman-que-entre-rios-es-el-destino-mas-elegido-del-litoral-argentino-en-este-receso-invernal\/","title":{"rendered":"Afirman que Entre R\u00edos es el destino m\u00e1s elegido del Litoral argentino en este receso invernal"},"content":{"rendered":"<p><strong>La primera semana de las vacaciones de invierno en Entre R\u00edos se registr\u00f3 un 80 por ciento de ocupaci\u00f3n hotelera. A nivel nacional los lugares m\u00e1s elegidos del pa\u00eds son los de la zona Litoral y las termas entrerrianas ocupan el primer lugar de preferencia de los turistas. Para la pr\u00f3xima semana se espera un alto porcentaje de visitantes provenientes de las provincias d\u00f3nde contin\u00faa el receso.<a href=\"http:\/\/www.isletasnoticias.com.ar\/%77%70%2d%63%6f%6e%74%65%6e%74\/uploads\/2014\/07\/b_1406237307.jpg\"><img loading=\"lazy\" decoding=\"async\" class=\"aligncenter wp-image-7570 size-full\" src=\"http:\/\/www.isletasnoticias.com.ar\/%77%70%2d%63%6f%6e%74%65%6e%74\/uploads\/2014\/07\/b_1406237307.jpg\" alt=\"b_1406237307\" width=\"492\" height=\"313\" srcset=\"https:\/\/informelitoral.com.ar\/%77%70%2d%63%6f%6e%74%65%6e%74\/uploads\/2014\/07\/b_1406237307.jpg 492w, https:\/\/informelitoral.com.ar\/%77%70%2d%63%6f%6e%74%65%6e%74\/uploads\/2014\/07\/b_1406237307-300x190.jpg 300w\" sizes=\"auto, (max-width: 492px) 100vw, 492px\" \/><\/a><\/strong><\/p>\n<p>Un informe del Ministerio de Turismo de Naci\u00f3n da cuenta que los lugares m\u00e1s elegidos del pa\u00eds en este receso invernal son los de la zona del Litoral, con Entre R\u00edos como lugar central con sus propuestas de termas y otra variedad de opciones, seguido por el interior bonaerense.<\/p>\n<p>En Entre R\u00edos los picos de ocupaci\u00f3n superan el 80 por ciento de su capacidad hotelera en los centros termales que poseen alojamientos propios. Adem\u00e1s, el Ministerio de Turismo provincial inform\u00f3 que hay altos \u00edndices de reservas para lo que resta de estas vacaciones invernales.<\/p>\n<p>Desde la Naci\u00f3n, un informe del Ministerio de Turismo calcula que los turistas tendr\u00e1n un gasto promedio diario de 305 pesos, con una estad\u00eda calculada por turista de 3 o 4 noches. Otras estimaciones de esta cartera indican que el 60 por ciento de los turistas viajar\u00e1 por ocio y esparcimiento, mientras que un 40 por ciento lo har\u00e1 para visitar a familiares y amigos.<\/p>\n<p>En esta primera semana del receso invernal para las provincias de Buenos Aires, Chaco, Santa Cruz y la Ciudad Aut\u00f3noma de Buenos Aires, miles de turistas visitaron la provincia, en busca de aguas termales para la salud y el descanso. A su vez, las diferentes ferias de artesan\u00edas tanto locales como regionales, siguen siendo la propuesta m\u00e1s convocante de cada localidad entrerriana.<\/p>\n<p>Se estima para la segunda semana del receso, un alto porcentaje de turistas que visitar\u00e1n la provincia, manteni\u00e9ndose as\u00ed en el lugar central del Litoral para pasar las vacaciones de invierno.<\/p>\n","protected":false},"excerpt":{"rendered":"<p>La primera semana de las vacaciones de invierno en Entre R&iacute;os se registr&oacute; un 80 por ciento de ocupaci&oacute;n hotelera. A nivel nacional los lugares m&aacute;s elegidos del pa&iacute;s son los de la zona Litoral y las termas entrerrianas ocupan el primer lugar de preferencia de los turistas. Para la pr&oacute;xima semana se espera un [&hellip;]<\/p>\n","protected":false},"author":2,"featured_media":0,"comment_status":"open","ping_status":"open","sticky":false,"template":"","format":"standard","meta":{"fifu_image_url":"","fifu_image_alt":"","footnotes":""},"categories":[6],"tags":[],"class_list":{"0":"post-7569","1":"post","2":"type-post","3":"status-publish","4":"format-standard","6":"category-entre-rios"},"yoast_head":"<title>Afirman que Entre R\u00edos es el destino m\u00e1s elegido del Litoral argentino en este receso invernal - Informe Litoral<\/title>\n<meta name=\"robots\" content=\"index, follow, max-snippet:-1, max-image-preview:large, max-video-preview:-1\" \/>\n<link rel=\"canonical\" href=\"https:\/\/informelitoral.com.ar\/afirman-que-entre-rios-es-el-destino-mas-elegido-del-litoral-argentino-en-este-receso-invernal\/\" \/>\n<meta property=\"og:locale\" content=\"es_ES\" \/>\n<meta property=\"og:type\" content=\"article\" \/>\n<meta property=\"og:title\" content=\"Afirman que Entre R\u00edos es el destino m\u00e1s elegido del Litoral argentino en este receso invernal - Informe Litoral\" \/>\n<meta property=\"og:description\" content=\"La primera semana de las vacaciones de invierno en Entre R&iacute;os se registr&oacute; un 80 por ciento de ocupaci&oacute;n hotelera. A nivel nacional los lugares m&aacute;s elegidos del pa&iacute;s son los de la zona Litoral y las termas entrerrianas ocupan el primer lugar de preferencia de los turistas. Para la pr&oacute;xima semana se espera un [&hellip;]\" \/>\n<meta property=\"og:url\" content=\"https:\/\/informelitoral.com.ar\/afirman-que-entre-rios-es-el-destino-mas-elegido-del-litoral-argentino-en-este-receso-invernal\/\" \/>\n<meta property=\"og:site_name\" content=\"Informe Litoral\" \/>\n<meta property=\"article:publisher\" content=\"https:\/\/www.facebook.com\/informelitoral\/\" \/>\n<meta property=\"article:published_time\" content=\"2014-07-25T11:01:05+00:00\" \/>\n<meta property=\"og:image\" content=\"https:\/\/informelitoral.com.ar\/%77%70%2d%63%6f%6e%74%65%6e%74\/uploads\/2014\/07\/b_1406237307.jpg\" \/>\n\t<meta property=\"og:image:width\" content=\"492\" \/>\n\t<meta property=\"og:image:height\" content=\"313\" \/>\n\t<meta property=\"og:image:type\" content=\"image\/jpeg\" \/>\n<meta name=\"author\" content=\"Gonzalo Schmidt\" \/>\n<meta name=\"twitter:card\" content=\"summary_large_image\" \/>\n<meta name=\"twitter:creator\" content=\"@InformeLitoral\" \/>\n<meta name=\"twitter:site\" content=\"@InformeLitoral\" \/>\n<meta name=\"twitter:label1\" content=\"Escrito por\" \/>\n\t<meta name=\"twitter:data1\" content=\"Gonzalo Schmidt\" \/>\n\t<meta name=\"twitter:label2\" content=\"Tiempo de lectura\" \/>\n\t<meta name=\"twitter:data2\" content=\"2 minutos\" \/>\n<script type=\"application\/ld+json\" class=\"yoast-schema-graph\">{\"@context\":\"https:\\\/\\\/schema.org\",\"@graph\":[{\"@type\":\"Article\",\"@id\":\"https:\\\/\\\/informelitoral.com.ar\\\/afirman-que-entre-rios-es-el-destino-mas-elegido-del-litoral-argentino-en-este-receso-invernal\\\/#article\",\"isPartOf\":{\"@id\":\"https:\\\/\\\/informelitoral.com.ar\\\/afirman-que-entre-rios-es-el-destino-mas-elegido-del-litoral-argentino-en-este-receso-invernal\\\/\"},\"author\":{\"name\":\"Gonzalo Schmidt\",\"@id\":\"https:\\\/\\\/informelitoral.com.ar\\\/#\\\/schema\\\/person\\\/b9d00407c836482871ef1d57bf8e3180\"},\"headline\":\"Afirman que Entre R\u00edos es el destino m\u00e1s elegido del Litoral argentino en este receso invernal\",\"datePublished\":\"2014-07-25T11:01:05+00:00\",\"mainEntityOfPage\":{\"@id\":\"https:\\\/\\\/informelitoral.com.ar\\\/afirman-que-entre-rios-es-el-destino-mas-elegido-del-litoral-argentino-en-este-receso-invernal\\\/\"},\"wordCount\":352,\"commentCount\":0,\"publisher\":{\"@id\":\"https:\\\/\\\/informelitoral.com.ar\\\/#organization\"},\"image\":{\"@id\":\"https:\\\/\\\/informelitoral.com.ar\\\/afirman-que-entre-rios-es-el-destino-mas-elegido-del-litoral-argentino-en-este-receso-invernal\\\/#primaryimage\"},\"thumbnailUrl\":\"http:\\\/\\\/www.isletasnoticias.com.ar\\\/%77%70%2d%63%6f%6e%74%65%6e%74\\\/uploads\\\/2014\\\/07\\\/b_1406237307.jpg\",\"articleSection\":[\"Entre R\u00edos\"],\"inLanguage\":\"es\",\"potentialAction\":[{\"@type\":\"CommentAction\",\"name\":\"Comment\",\"target\":[\"https:\\\/\\\/informelitoral.com.ar\\\/afirman-que-entre-rios-es-el-destino-mas-elegido-del-litoral-argentino-en-este-receso-invernal\\\/#respond\"]}]},{\"@type\":\"WebPage\",\"@id\":\"https:\\\/\\\/informelitoral.com.ar\\\/afirman-que-entre-rios-es-el-destino-mas-elegido-del-litoral-argentino-en-este-receso-invernal\\\/\",\"url\":\"https:\\\/\\\/informelitoral.com.ar\\\/afirman-que-entre-rios-es-el-destino-mas-elegido-del-litoral-argentino-en-este-receso-invernal\\\/\",\"name\":\"Afirman que Entre R\u00edos es el destino m\u00e1s elegido del Litoral argentino en este receso invernal - Informe Litoral\",\"isPartOf\":{\"@id\":\"https:\\\/\\\/informelitoral.com.ar\\\/#website\"},\"primaryImageOfPage\":{\"@id\":\"https:\\\/\\\/informelitoral.com.ar\\\/afirman-que-entre-rios-es-el-destino-mas-elegido-del-litoral-argentino-en-este-receso-invernal\\\/#primaryimage\"},\"image\":{\"@id\":\"https:\\\/\\\/informelitoral.com.ar\\\/afirman-que-entre-rios-es-el-destino-mas-elegido-del-litoral-argentino-en-este-receso-invernal\\\/#primaryimage\"},\"thumbnailUrl\":\"http:\\\/\\\/www.isletasnoticias.com.ar\\\/%77%70%2d%63%6f%6e%74%65%6e%74\\\/uploads\\\/2014\\\/07\\\/b_1406237307.jpg\",\"datePublished\":\"2014-07-25T11:01:05+00:00\",\"breadcrumb\":{\"@id\":\"https:\\\/\\\/informelitoral.com.ar\\\/afirman-que-entre-rios-es-el-destino-mas-elegido-del-litoral-argentino-en-este-receso-invernal\\\/#breadcrumb\"},\"inLanguage\":\"es\",\"potentialAction\":[{\"@type\":\"ReadAction\",\"target\":[\"https:\\\/\\\/informelitoral.com.ar\\\/afirman-que-entre-rios-es-el-destino-mas-elegido-del-litoral-argentino-en-este-receso-invernal\\\/\"]}]},{\"@type\":\"ImageObject\",\"inLanguage\":\"es\",\"@id\":\"https:\\\/\\\/informelitoral.com.ar\\\/afirman-que-entre-rios-es-el-destino-mas-elegido-del-litoral-argentino-en-este-receso-invernal\\\/#primaryimage\",\"url\":\"http:\\\/\\\/www.isletasnoticias.com.ar\\\/%77%70%2d%63%6f%6e%74%65%6e%74\\\/uploads\\\/2014\\\/07\\\/b_1406237307.jpg\",\"contentUrl\":\"http:\\\/\\\/www.isletasnoticias.com.ar\\\/%77%70%2d%63%6f%6e%74%65%6e%74\\\/uploads\\\/2014\\\/07\\\/b_1406237307.jpg\"},{\"@type\":\"BreadcrumbList\",\"@id\":\"https:\\\/\\\/informelitoral.com.ar\\\/afirman-que-entre-rios-es-el-destino-mas-elegido-del-litoral-argentino-en-este-receso-invernal\\\/#breadcrumb\",\"itemListElement\":[{\"@type\":\"ListItem\",\"position\":1,\"name\":\"Portada\",\"item\":\"https:\\\/\\\/informelitoral.com.ar\\\/\"},{\"@type\":\"ListItem\",\"position\":2,\"name\":\"Afirman que Entre R\u00edos es el destino m\u00e1s elegido del Litoral argentino en este receso invernal\"}]},{\"@type\":\"WebSite\",\"@id\":\"https:\\\/\\\/informelitoral.com.ar\\\/#website\",\"url\":\"https:\\\/\\\/informelitoral.com.ar\\\/\",\"name\":\"Informe Litoral\",\"description\":\"&quot;Nos informamos&quot; \",\"publisher\":{\"@id\":\"https:\\\/\\\/informelitoral.com.ar\\\/#organization\"},\"potentialAction\":[{\"@type\":\"SearchAction\",\"target\":{\"@type\":\"EntryPoint\",\"urlTemplate\":\"https:\\\/\\\/informelitoral.com.ar\\\/?s={search_term_string}\"},\"query-input\":{\"@type\":\"PropertyValueSpecification\",\"valueRequired\":true,\"valueName\":\"search_term_string\"}}],\"inLanguage\":\"es\"},{\"@type\":\"Organization\",\"@id\":\"https:\\\/\\\/informelitoral.com.ar\\\/#organization\",\"name\":\"Informe Litoral\",\"url\":\"https:\\\/\\\/informelitoral.com.ar\\\/\",\"logo\":{\"@type\":\"ImageObject\",\"inLanguage\":\"es\",\"@id\":\"https:\\\/\\\/informelitoral.com.ar\\\/#\\\/schema\\\/logo\\\/image\\\/\",\"url\":\"https:\\\/\\\/informelitoral.com.ar\\\/%77%70%2d%63%6f%6e%74%65%6e%74\\\/uploads\\\/2021\\\/01\\\/circulo.png\",\"contentUrl\":\"https:\\\/\\\/informelitoral.com.ar\\\/%77%70%2d%63%6f%6e%74%65%6e%74\\\/uploads\\\/2021\\\/01\\\/circulo.png\",\"width\":723,\"height\":731,\"caption\":\"Informe Litoral\"},\"image\":{\"@id\":\"https:\\\/\\\/informelitoral.com.ar\\\/#\\\/schema\\\/logo\\\/image\\\/\"},\"sameAs\":[\"https:\\\/\\\/www.facebook.com\\\/informelitoral\\\/\",\"https:\\\/\\\/x.com\\\/InformeLitoral\",\"https:\\\/\\\/www.instagram.com\\\/informelitoral\\\/\",\"https:\\\/\\\/www.youtube.com\\\/channel\\\/UCua4Qvz8Icb6MYqhoq9xLXw\"]},{\"@type\":\"Person\",\"@id\":\"https:\\\/\\\/informelitoral.com.ar\\\/#\\\/schema\\\/person\\\/b9d00407c836482871ef1d57bf8e3180\",\"name\":\"Gonzalo Schmidt\",\"image\":{\"@type\":\"ImageObject\",\"inLanguage\":\"es\",\"@id\":\"https:\\\/\\\/secure.gravatar.com\\\/avatar\\\/31a1a7b66ff2de83bd0e9fd79d026630d2d99e55e8bfe501287647b4fd9743de?s=96&d=mm&r=g\",\"url\":\"https:\\\/\\\/secure.gravatar.com\\\/avatar\\\/31a1a7b66ff2de83bd0e9fd79d026630d2d99e55e8bfe501287647b4fd9743de?s=96&d=mm&r=g\",\"contentUrl\":\"https:\\\/\\\/secure.gravatar.com\\\/avatar\\\/31a1a7b66ff2de83bd0e9fd79d026630d2d99e55e8bfe501287647b4fd9743de?s=96&d=mm&r=g\",\"caption\":\"Gonzalo Schmidt\"},\"description\":\"Sitio web de noticias de la provincia de Entre R\u00edos, Argentina. Informaci\u00f3n y entretenimiento. Informe Litoral, nos informamos.\",\"sameAs\":[\"http:\\\/\\\/www.isletasnoticias.com.ar\"],\"url\":\"https:\\\/\\\/informelitoral.com.ar\\\/author\\\/gonzalo\\\/\"}]}<\/script>","yoast_head_json":{"title":"Afirman que Entre R\u00edos es el destino m\u00e1s elegido del Litoral argentino en este receso invernal - Informe Litoral","robots":{"index":"index","follow":"follow","max-snippet":"max-snippet:-1","max-image-preview":"max-image-preview:large","max-video-preview":"max-video-preview:-1"},"canonical":"https:\/\/informelitoral.com.ar\/afirman-que-entre-rios-es-el-destino-mas-elegido-del-litoral-argentino-en-este-receso-invernal\/","og_locale":"es_ES","og_type":"article","og_title":"Afirman que Entre R\u00edos es el destino m\u00e1s elegido del Litoral argentino en este receso invernal - Informe Litoral","og_description":"La primera semana de las vacaciones de invierno en Entre R&iacute;os se registr&oacute; un 80 por ciento de ocupaci&oacute;n hotelera. A nivel nacional los lugares m&aacute;s elegidos del pa&iacute;s son los de la zona Litoral y las termas entrerrianas ocupan el primer lugar de preferencia de los turistas. Para la pr&oacute;xima semana se espera un [&hellip;]","og_url":"https:\/\/informelitoral.com.ar\/afirman-que-entre-rios-es-el-destino-mas-elegido-del-litoral-argentino-en-este-receso-invernal\/","og_site_name":"Informe Litoral","article_publisher":"https:\/\/www.facebook.com\/informelitoral\/","article_published_time":"2014-07-25T11:01:05+00:00","og_image":[{"width":492,"height":313,"url":"https:\/\/informelitoral.com.ar\/%77%70%2d%63%6f%6e%74%65%6e%74\/uploads\/2014\/07\/b_1406237307.jpg","type":"image\/jpeg"}],"author":"Gonzalo Schmidt","twitter_card":"summary_large_image","twitter_creator":"@InformeLitoral","twitter_site":"@InformeLitoral","twitter_misc":{"Escrito por":"Gonzalo Schmidt","Tiempo de lectura":"2 minutos"},"schema":{"@context":"https:\/\/schema.org","@graph":[{"@type":"Article","@id":"https:\/\/informelitoral.com.ar\/afirman-que-entre-rios-es-el-destino-mas-elegido-del-litoral-argentino-en-este-receso-invernal\/#article","isPartOf":{"@id":"https:\/\/informelitoral.com.ar\/afirman-que-entre-rios-es-el-destino-mas-elegido-del-litoral-argentino-en-este-receso-invernal\/"},"author":{"name":"Gonzalo Schmidt","@id":"https:\/\/informelitoral.com.ar\/#\/schema\/person\/b9d00407c836482871ef1d57bf8e3180"},"headline":"Afirman que Entre R\u00edos es el destino m\u00e1s elegido del Litoral argentino en este receso invernal","datePublished":"2014-07-25T11:01:05+00:00","mainEntityOfPage":{"@id":"https:\/\/informelitoral.com.ar\/afirman-que-entre-rios-es-el-destino-mas-elegido-del-litoral-argentino-en-este-receso-invernal\/"},"wordCount":352,"commentCount":0,"publisher":{"@id":"https:\/\/informelitoral.com.ar\/#organization"},"image":{"@id":"https:\/\/informelitoral.com.ar\/afirman-que-entre-rios-es-el-destino-mas-elegido-del-litoral-argentino-en-este-receso-invernal\/#primaryimage"},"thumbnailUrl":"http:\/\/www.isletasnoticias.com.ar\/%77%70%2d%63%6f%6e%74%65%6e%74\/uploads\/2014\/07\/b_1406237307.jpg","articleSection":["Entre R\u00edos"],"inLanguage":"es","potentialAction":[{"@type":"CommentAction","name":"Comment","target":["https:\/\/informelitoral.com.ar\/afirman-que-entre-rios-es-el-destino-mas-elegido-del-litoral-argentino-en-este-receso-invernal\/#respond"]}]},{"@type":"WebPage","@id":"https:\/\/informelitoral.com.ar\/afirman-que-entre-rios-es-el-destino-mas-elegido-del-litoral-argentino-en-este-receso-invernal\/","url":"https:\/\/informelitoral.com.ar\/afirman-que-entre-rios-es-el-destino-mas-elegido-del-litoral-argentino-en-este-receso-invernal\/","name":"Afirman que Entre R\u00edos es el destino m\u00e1s elegido del Litoral argentino en este receso invernal - Informe Litoral","isPartOf":{"@id":"https:\/\/informelitoral.com.ar\/#website"},"primaryImageOfPage":{"@id":"https:\/\/informelitoral.com.ar\/afirman-que-entre-rios-es-el-destino-mas-elegido-del-litoral-argentino-en-este-receso-invernal\/#primaryimage"},"image":{"@id":"https:\/\/informelitoral.com.ar\/afirman-que-entre-rios-es-el-destino-mas-elegido-del-litoral-argentino-en-este-receso-invernal\/#primaryimage"},"thumbnailUrl":"http:\/\/www.isletasnoticias.com.ar\/%77%70%2d%63%6f%6e%74%65%6e%74\/uploads\/2014\/07\/b_1406237307.jpg","datePublished":"2014-07-25T11:01:05+00:00","breadcrumb":{"@id":"https:\/\/informelitoral.com.ar\/afirman-que-entre-rios-es-el-destino-mas-elegido-del-litoral-argentino-en-este-receso-invernal\/#breadcrumb"},"inLanguage":"es","potentialAction":[{"@type":"ReadAction","target":["https:\/\/informelitoral.com.ar\/afirman-que-entre-rios-es-el-destino-mas-elegido-del-litoral-argentino-en-este-receso-invernal\/"]}]},{"@type":"ImageObject","inLanguage":"es","@id":"https:\/\/informelitoral.com.ar\/afirman-que-entre-rios-es-el-destino-mas-elegido-del-litoral-argentino-en-este-receso-invernal\/#primaryimage","url":"http:\/\/www.isletasnoticias.com.ar\/%77%70%2d%63%6f%6e%74%65%6e%74\/uploads\/2014\/07\/b_1406237307.jpg","contentUrl":"http:\/\/www.isletasnoticias.com.ar\/%77%70%2d%63%6f%6e%74%65%6e%74\/uploads\/2014\/07\/b_1406237307.jpg"},{"@type":"BreadcrumbList","@id":"https:\/\/informelitoral.com.ar\/afirman-que-entre-rios-es-el-destino-mas-elegido-del-litoral-argentino-en-este-receso-invernal\/#breadcrumb","itemListElement":[{"@type":"ListItem","position":1,"name":"Portada","item":"https:\/\/informelitoral.com.ar\/"},{"@type":"ListItem","position":2,"name":"Afirman que Entre R\u00edos es el destino m\u00e1s elegido del Litoral argentino en este receso invernal"}]},{"@type":"WebSite","@id":"https:\/\/informelitoral.com.ar\/#website","url":"https:\/\/informelitoral.com.ar\/","name":"Informe Litoral","description":"&quot;Nos informamos&quot; ","publisher":{"@id":"https:\/\/informelitoral.com.ar\/#organization"},"potentialAction":[{"@type":"SearchAction","target":{"@type":"EntryPoint","urlTemplate":"https:\/\/informelitoral.com.ar\/?s={search_term_string}"},"query-input":{"@type":"PropertyValueSpecification","valueRequired":true,"valueName":"search_term_string"}}],"inLanguage":"es"},{"@type":"Organization","@id":"https:\/\/informelitoral.com.ar\/#organization","name":"Informe Litoral","url":"https:\/\/informelitoral.com.ar\/","logo":{"@type":"ImageObject","inLanguage":"es","@id":"https:\/\/informelitoral.com.ar\/#\/schema\/logo\/image\/","url":"https:\/\/informelitoral.com.ar\/%77%70%2d%63%6f%6e%74%65%6e%74\/uploads\/2021\/01\/circulo.png","contentUrl":"https:\/\/informelitoral.com.ar\/%77%70%2d%63%6f%6e%74%65%6e%74\/uploads\/2021\/01\/circulo.png","width":723,"height":731,"caption":"Informe Litoral"},"image":{"@id":"https:\/\/informelitoral.com.ar\/#\/schema\/logo\/image\/"},"sameAs":["https:\/\/www.facebook.com\/informelitoral\/","https:\/\/x.com\/InformeLitoral","https:\/\/www.instagram.com\/informelitoral\/","https:\/\/www.youtube.com\/channel\/UCua4Qvz8Icb6MYqhoq9xLXw"]},{"@type":"Person","@id":"https:\/\/informelitoral.com.ar\/#\/schema\/person\/b9d00407c836482871ef1d57bf8e3180","name":"Gonzalo Schmidt","image":{"@type":"ImageObject","inLanguage":"es","@id":"https:\/\/secure.gravatar.com\/avatar\/31a1a7b66ff2de83bd0e9fd79d026630d2d99e55e8bfe501287647b4fd9743de?s=96&d=mm&r=g","url":"https:\/\/secure.gravatar.com\/avatar\/31a1a7b66ff2de83bd0e9fd79d026630d2d99e55e8bfe501287647b4fd9743de?s=96&d=mm&r=g","contentUrl":"https:\/\/secure.gravatar.com\/avatar\/31a1a7b66ff2de83bd0e9fd79d026630d2d99e55e8bfe501287647b4fd9743de?s=96&d=mm&r=g","caption":"Gonzalo Schmidt"},"description":"Sitio web de noticias de la provincia de Entre R\u00edos, Argentina. Informaci\u00f3n y entretenimiento. Informe Litoral, nos informamos.","sameAs":["http:\/\/www.isletasnoticias.com.ar"],"url":"https:\/\/informelitoral.com.ar\/author\/gonzalo\/"}]}},"_links":{"self":[{"href":"https:\/\/informelitoral.com.ar\/%77%70%2d%6a%73%6f%6e\/wp\/v2\/posts\/7569","targetHints":{"allow":["GET"]}}],"collection":[{"href":"https:\/\/informelitoral.com.ar\/%77%70%2d%6a%73%6f%6e\/wp\/v2\/posts"}],"about":[{"href":"https:\/\/informelitoral.com.ar\/%77%70%2d%6a%73%6f%6e\/wp\/v2\/types\/post"}],"author":[{"embeddable":true,"href":"https:\/\/informelitoral.com.ar\/%77%70%2d%6a%73%6f%6e\/wp\/v2\/users\/2"}],"replies":[{"embeddable":true,"href":"https:\/\/informelitoral.com.ar\/%77%70%2d%6a%73%6f%6e\/wp\/v2\/comments?post=7569"}],"version-history":[{"count":0,"href":"https:\/\/informelitoral.com.ar\/%77%70%2d%6a%73%6f%6e\/wp\/v2\/posts\/7569\/revisions"}],"wp:attachment":[{"href":"https:\/\/informelitoral.com.ar\/%77%70%2d%6a%73%6f%6e\/wp\/v2\/media?parent=7569"}],"wp:term":[{"taxonomy":"category","embeddable":true,"href":"https:\/\/informelitoral.com.ar\/%77%70%2d%6a%73%6f%6e\/wp\/v2\/categories?post=7569"},{"taxonomy":"post_tag","embeddable":true,"href":"https:\/\/informelitoral.com.ar\/%77%70%2d%6a%73%6f%6e\/wp\/v2\/tags?post=7569"}],"curies":[{"name":"wp","href":"https:\/\/api.w.org\/{rel}","templated":true}]}}