{"id":75687,"date":"2022-04-13T10:48:20","date_gmt":"2022-04-13T13:48:20","guid":{"rendered":"https:\/\/www.informelitoral.com.ar\/?p=75687"},"modified":"2022-04-13T10:49:10","modified_gmt":"2022-04-13T13:49:10","slug":"siniestro-vial-en-el-parque-industrial-de-crespo-con-una-persona-lesionada","status":"publish","type":"post","link":"https:\/\/informelitoral.com.ar\/siniestro-vial-en-el-parque-industrial-de-crespo-con-una-persona-lesionada\/","title":{"rendered":"Siniestro vial en el Parque Industrial de Crespo con una persona lesionada"},"content":{"rendered":"<p>Por causas a determinar, se pudo establecer que impactaron un autom\u00f3vil Peugeot 408, conducido por un joven de 25 a\u00f1os, domiciliado en Crespo y una moto Zanella ZR 250 c.c, que se encontraba al mando de un hombre de 38 a\u00f1os, radicado en Segu\u00ed. Ambos veh\u00edculos circulaban por calle Marcelo Fontana con direcci\u00f3n Norte-Sur.<\/p>\n<p>Tras el impacto, el motociclista fue trasladado por el servicio de emergencias hasta el Hospital San Francisco de As\u00eds, donde se determinar\u00e1 el car\u00e1cter de las lesiones, con la intervenci\u00f3n del m\u00e9dico policial en turno.(<em>Desde Crespo<\/em>)<\/p>\n","protected":false},"excerpt":{"rendered":"<p>Este mi\u00e9rcoles, cerca de las 8.00hs, personal policial se traslad\u00f3 a calle Marcelo Fontana, arteria interna del Parque Industrial de Crespo, donde momentos antes se hab\u00eda producido una colisi\u00f3n.<\/p>\n","protected":false},"author":8,"featured_media":75688,"comment_status":"open","ping_status":"open","sticky":false,"template":"","format":"standard","meta":{"fifu_image_url":"","fifu_image_alt":"","footnotes":""},"categories":[14],"tags":[304],"class_list":{"0":"post-75687","1":"post","2":"type-post","3":"status-publish","4":"format-standard","5":"has-post-thumbnail","7":"category-policiales","8":"tag-accidente-vial"},"yoast_head":"<title>Siniestro vial en el Parque Industrial de Crespo con una persona lesionada - Informe Litoral<\/title>\n<meta name=\"robots\" content=\"index, follow, max-snippet:-1, max-image-preview:large, max-video-preview:-1\" \/>\n<link rel=\"canonical\" href=\"https:\/\/informelitoral.com.ar\/siniestro-vial-en-el-parque-industrial-de-crespo-con-una-persona-lesionada\/\" \/>\n<meta property=\"og:locale\" content=\"es_ES\" \/>\n<meta property=\"og:type\" content=\"article\" \/>\n<meta property=\"og:title\" content=\"Siniestro vial en el Parque Industrial de Crespo con una persona lesionada - Informe Litoral\" \/>\n<meta property=\"og:description\" content=\"Este mi\u00e9rcoles, cerca de las 8.00hs, personal policial se traslad\u00f3 a calle Marcelo Fontana, arteria interna del Parque Industrial de Crespo, donde momentos antes se hab\u00eda producido una colisi\u00f3n.\" \/>\n<meta property=\"og:url\" content=\"https:\/\/informelitoral.com.ar\/siniestro-vial-en-el-parque-industrial-de-crespo-con-una-persona-lesionada\/\" \/>\n<meta property=\"og:site_name\" content=\"Informe Litoral\" \/>\n<meta property=\"article:publisher\" content=\"https:\/\/www.facebook.com\/informelitoral\/\" \/>\n<meta property=\"article:published_time\" content=\"2022-04-13T13:48:20+00:00\" \/>\n<meta property=\"article:modified_time\" content=\"2022-04-13T13:49:10+00:00\" \/>\n<meta property=\"og:image\" content=\"https:\/\/informelitoral.com.ar\/%77%70%2d%63%6f%6e%74%65%6e%74\/uploads\/2022\/04\/WhatsApp-Image-2022-04-13-at-10.00.15-AM-1-768x1024-1.jpeg\" \/>\n\t<meta property=\"og:image:width\" content=\"768\" \/>\n\t<meta property=\"og:image:height\" content=\"1024\" \/>\n\t<meta property=\"og:image:type\" content=\"image\/jpeg\" \/>\n<meta name=\"author\" content=\"Sebastian\" \/>\n<meta name=\"twitter:card\" content=\"summary_large_image\" \/>\n<meta name=\"twitter:creator\" content=\"@InformeLitoral\" \/>\n<meta name=\"twitter:site\" content=\"@InformeLitoral\" \/>\n<meta name=\"twitter:label1\" content=\"Escrito por\" \/>\n\t<meta name=\"twitter:data1\" content=\"Sebastian\" \/>\n<script type=\"application\/ld+json\" class=\"yoast-schema-graph\">{\"@context\":\"https:\\\/\\\/schema.org\",\"@graph\":[{\"@type\":\"Article\",\"@id\":\"https:\\\/\\\/informelitoral.com.ar\\\/siniestro-vial-en-el-parque-industrial-de-crespo-con-una-persona-lesionada\\\/#article\",\"isPartOf\":{\"@id\":\"https:\\\/\\\/informelitoral.com.ar\\\/siniestro-vial-en-el-parque-industrial-de-crespo-con-una-persona-lesionada\\\/\"},\"author\":{\"name\":\"Sebastian\",\"@id\":\"https:\\\/\\\/informelitoral.com.ar\\\/#\\\/schema\\\/person\\\/f05f9f461677119578717524b127d6d5\"},\"headline\":\"Siniestro vial en el Parque Industrial de Crespo con una persona lesionada\",\"datePublished\":\"2022-04-13T13:48:20+00:00\",\"dateModified\":\"2022-04-13T13:49:10+00:00\",\"mainEntityOfPage\":{\"@id\":\"https:\\\/\\\/informelitoral.com.ar\\\/siniestro-vial-en-el-parque-industrial-de-crespo-con-una-persona-lesionada\\\/\"},\"wordCount\":109,\"commentCount\":0,\"publisher\":{\"@id\":\"https:\\\/\\\/informelitoral.com.ar\\\/#organization\"},\"image\":{\"@id\":\"https:\\\/\\\/informelitoral.com.ar\\\/siniestro-vial-en-el-parque-industrial-de-crespo-con-una-persona-lesionada\\\/#primaryimage\"},\"thumbnailUrl\":\"https:\\\/\\\/informelitoral.com.ar\\\/%77%70%2d%63%6f%6e%74%65%6e%74\\\/uploads\\\/2022\\\/04\\\/WhatsApp-Image-2022-04-13-at-10.00.15-AM-1-768x1024-1.jpeg\",\"keywords\":[\"Accidente vial\"],\"articleSection\":[\"Policiales\"],\"inLanguage\":\"es\",\"potentialAction\":[{\"@type\":\"CommentAction\",\"name\":\"Comment\",\"target\":[\"https:\\\/\\\/informelitoral.com.ar\\\/siniestro-vial-en-el-parque-industrial-de-crespo-con-una-persona-lesionada\\\/#respond\"]}]},{\"@type\":\"WebPage\",\"@id\":\"https:\\\/\\\/informelitoral.com.ar\\\/siniestro-vial-en-el-parque-industrial-de-crespo-con-una-persona-lesionada\\\/\",\"url\":\"https:\\\/\\\/informelitoral.com.ar\\\/siniestro-vial-en-el-parque-industrial-de-crespo-con-una-persona-lesionada\\\/\",\"name\":\"Siniestro vial en el Parque Industrial de Crespo con una persona lesionada - Informe Litoral\",\"isPartOf\":{\"@id\":\"https:\\\/\\\/informelitoral.com.ar\\\/#website\"},\"primaryImageOfPage\":{\"@id\":\"https:\\\/\\\/informelitoral.com.ar\\\/siniestro-vial-en-el-parque-industrial-de-crespo-con-una-persona-lesionada\\\/#primaryimage\"},\"image\":{\"@id\":\"https:\\\/\\\/informelitoral.com.ar\\\/siniestro-vial-en-el-parque-industrial-de-crespo-con-una-persona-lesionada\\\/#primaryimage\"},\"thumbnailUrl\":\"https:\\\/\\\/informelitoral.com.ar\\\/%77%70%2d%63%6f%6e%74%65%6e%74\\\/uploads\\\/2022\\\/04\\\/WhatsApp-Image-2022-04-13-at-10.00.15-AM-1-768x1024-1.jpeg\",\"datePublished\":\"2022-04-13T13:48:20+00:00\",\"dateModified\":\"2022-04-13T13:49:10+00:00\",\"breadcrumb\":{\"@id\":\"https:\\\/\\\/informelitoral.com.ar\\\/siniestro-vial-en-el-parque-industrial-de-crespo-con-una-persona-lesionada\\\/#breadcrumb\"},\"inLanguage\":\"es\",\"potentialAction\":[{\"@type\":\"ReadAction\",\"target\":[\"https:\\\/\\\/informelitoral.com.ar\\\/siniestro-vial-en-el-parque-industrial-de-crespo-con-una-persona-lesionada\\\/\"]}]},{\"@type\":\"ImageObject\",\"inLanguage\":\"es\",\"@id\":\"https:\\\/\\\/informelitoral.com.ar\\\/siniestro-vial-en-el-parque-industrial-de-crespo-con-una-persona-lesionada\\\/#primaryimage\",\"url\":\"https:\\\/\\\/informelitoral.com.ar\\\/%77%70%2d%63%6f%6e%74%65%6e%74\\\/uploads\\\/2022\\\/04\\\/WhatsApp-Image-2022-04-13-at-10.00.15-AM-1-768x1024-1.jpeg\",\"contentUrl\":\"https:\\\/\\\/informelitoral.com.ar\\\/%77%70%2d%63%6f%6e%74%65%6e%74\\\/uploads\\\/2022\\\/04\\\/WhatsApp-Image-2022-04-13-at-10.00.15-AM-1-768x1024-1.jpeg\",\"width\":768,\"height\":1024},{\"@type\":\"BreadcrumbList\",\"@id\":\"https:\\\/\\\/informelitoral.com.ar\\\/siniestro-vial-en-el-parque-industrial-de-crespo-con-una-persona-lesionada\\\/#breadcrumb\",\"itemListElement\":[{\"@type\":\"ListItem\",\"position\":1,\"name\":\"Portada\",\"item\":\"https:\\\/\\\/informelitoral.com.ar\\\/\"},{\"@type\":\"ListItem\",\"position\":2,\"name\":\"Siniestro vial en el Parque Industrial de Crespo con una persona lesionada\"}]},{\"@type\":\"WebSite\",\"@id\":\"https:\\\/\\\/informelitoral.com.ar\\\/#website\",\"url\":\"https:\\\/\\\/informelitoral.com.ar\\\/\",\"name\":\"Informe Litoral\",\"description\":\"&quot;Nos informamos&quot; \",\"publisher\":{\"@id\":\"https:\\\/\\\/informelitoral.com.ar\\\/#organization\"},\"potentialAction\":[{\"@type\":\"SearchAction\",\"target\":{\"@type\":\"EntryPoint\",\"urlTemplate\":\"https:\\\/\\\/informelitoral.com.ar\\\/?s={search_term_string}\"},\"query-input\":{\"@type\":\"PropertyValueSpecification\",\"valueRequired\":true,\"valueName\":\"search_term_string\"}}],\"inLanguage\":\"es\"},{\"@type\":\"Organization\",\"@id\":\"https:\\\/\\\/informelitoral.com.ar\\\/#organization\",\"name\":\"Informe Litoral\",\"url\":\"https:\\\/\\\/informelitoral.com.ar\\\/\",\"logo\":{\"@type\":\"ImageObject\",\"inLanguage\":\"es\",\"@id\":\"https:\\\/\\\/informelitoral.com.ar\\\/#\\\/schema\\\/logo\\\/image\\\/\",\"url\":\"https:\\\/\\\/informelitoral.com.ar\\\/%77%70%2d%63%6f%6e%74%65%6e%74\\\/uploads\\\/2021\\\/01\\\/circulo.png\",\"contentUrl\":\"https:\\\/\\\/informelitoral.com.ar\\\/%77%70%2d%63%6f%6e%74%65%6e%74\\\/uploads\\\/2021\\\/01\\\/circulo.png\",\"width\":723,\"height\":731,\"caption\":\"Informe Litoral\"},\"image\":{\"@id\":\"https:\\\/\\\/informelitoral.com.ar\\\/#\\\/schema\\\/logo\\\/image\\\/\"},\"sameAs\":[\"https:\\\/\\\/www.facebook.com\\\/informelitoral\\\/\",\"https:\\\/\\\/x.com\\\/InformeLitoral\",\"https:\\\/\\\/www.instagram.com\\\/informelitoral\\\/\",\"https:\\\/\\\/www.youtube.com\\\/channel\\\/UCua4Qvz8Icb6MYqhoq9xLXw\"]},{\"@type\":\"Person\",\"@id\":\"https:\\\/\\\/informelitoral.com.ar\\\/#\\\/schema\\\/person\\\/f05f9f461677119578717524b127d6d5\",\"name\":\"Sebastian\",\"image\":{\"@type\":\"ImageObject\",\"inLanguage\":\"es\",\"@id\":\"https:\\\/\\\/secure.gravatar.com\\\/avatar\\\/b71bf7481d447dfb9583c7f2798e7cc64de6efb9067b74633ed8c31059a3bd82?s=96&d=mm&r=g\",\"url\":\"https:\\\/\\\/secure.gravatar.com\\\/avatar\\\/b71bf7481d447dfb9583c7f2798e7cc64de6efb9067b74633ed8c31059a3bd82?s=96&d=mm&r=g\",\"contentUrl\":\"https:\\\/\\\/secure.gravatar.com\\\/avatar\\\/b71bf7481d447dfb9583c7f2798e7cc64de6efb9067b74633ed8c31059a3bd82?s=96&d=mm&r=g\",\"caption\":\"Sebastian\"},\"url\":\"https:\\\/\\\/informelitoral.com.ar\\\/author\\\/sebastian\\\/\"}]}<\/script>","yoast_head_json":{"title":"Siniestro vial en el Parque Industrial de Crespo con una persona lesionada - Informe Litoral","robots":{"index":"index","follow":"follow","max-snippet":"max-snippet:-1","max-image-preview":"max-image-preview:large","max-video-preview":"max-video-preview:-1"},"canonical":"https:\/\/informelitoral.com.ar\/siniestro-vial-en-el-parque-industrial-de-crespo-con-una-persona-lesionada\/","og_locale":"es_ES","og_type":"article","og_title":"Siniestro vial en el Parque Industrial de Crespo con una persona lesionada - Informe Litoral","og_description":"Este mi\u00e9rcoles, cerca de las 8.00hs, personal policial se traslad\u00f3 a calle Marcelo Fontana, arteria interna del Parque Industrial de Crespo, donde momentos antes se hab\u00eda producido una colisi\u00f3n.","og_url":"https:\/\/informelitoral.com.ar\/siniestro-vial-en-el-parque-industrial-de-crespo-con-una-persona-lesionada\/","og_site_name":"Informe Litoral","article_publisher":"https:\/\/www.facebook.com\/informelitoral\/","article_published_time":"2022-04-13T13:48:20+00:00","article_modified_time":"2022-04-13T13:49:10+00:00","og_image":[{"width":768,"height":1024,"url":"https:\/\/informelitoral.com.ar\/%77%70%2d%63%6f%6e%74%65%6e%74\/uploads\/2022\/04\/WhatsApp-Image-2022-04-13-at-10.00.15-AM-1-768x1024-1.jpeg","type":"image\/jpeg"}],"author":"Sebastian","twitter_card":"summary_large_image","twitter_creator":"@InformeLitoral","twitter_site":"@InformeLitoral","twitter_misc":{"Escrito por":"Sebastian"},"schema":{"@context":"https:\/\/schema.org","@graph":[{"@type":"Article","@id":"https:\/\/informelitoral.com.ar\/siniestro-vial-en-el-parque-industrial-de-crespo-con-una-persona-lesionada\/#article","isPartOf":{"@id":"https:\/\/informelitoral.com.ar\/siniestro-vial-en-el-parque-industrial-de-crespo-con-una-persona-lesionada\/"},"author":{"name":"Sebastian","@id":"https:\/\/informelitoral.com.ar\/#\/schema\/person\/f05f9f461677119578717524b127d6d5"},"headline":"Siniestro vial en el Parque Industrial de Crespo con una persona lesionada","datePublished":"2022-04-13T13:48:20+00:00","dateModified":"2022-04-13T13:49:10+00:00","mainEntityOfPage":{"@id":"https:\/\/informelitoral.com.ar\/siniestro-vial-en-el-parque-industrial-de-crespo-con-una-persona-lesionada\/"},"wordCount":109,"commentCount":0,"publisher":{"@id":"https:\/\/informelitoral.com.ar\/#organization"},"image":{"@id":"https:\/\/informelitoral.com.ar\/siniestro-vial-en-el-parque-industrial-de-crespo-con-una-persona-lesionada\/#primaryimage"},"thumbnailUrl":"https:\/\/informelitoral.com.ar\/%77%70%2d%63%6f%6e%74%65%6e%74\/uploads\/2022\/04\/WhatsApp-Image-2022-04-13-at-10.00.15-AM-1-768x1024-1.jpeg","keywords":["Accidente vial"],"articleSection":["Policiales"],"inLanguage":"es","potentialAction":[{"@type":"CommentAction","name":"Comment","target":["https:\/\/informelitoral.com.ar\/siniestro-vial-en-el-parque-industrial-de-crespo-con-una-persona-lesionada\/#respond"]}]},{"@type":"WebPage","@id":"https:\/\/informelitoral.com.ar\/siniestro-vial-en-el-parque-industrial-de-crespo-con-una-persona-lesionada\/","url":"https:\/\/informelitoral.com.ar\/siniestro-vial-en-el-parque-industrial-de-crespo-con-una-persona-lesionada\/","name":"Siniestro vial en el Parque Industrial de Crespo con una persona lesionada - Informe Litoral","isPartOf":{"@id":"https:\/\/informelitoral.com.ar\/#website"},"primaryImageOfPage":{"@id":"https:\/\/informelitoral.com.ar\/siniestro-vial-en-el-parque-industrial-de-crespo-con-una-persona-lesionada\/#primaryimage"},"image":{"@id":"https:\/\/informelitoral.com.ar\/siniestro-vial-en-el-parque-industrial-de-crespo-con-una-persona-lesionada\/#primaryimage"},"thumbnailUrl":"https:\/\/informelitoral.com.ar\/%77%70%2d%63%6f%6e%74%65%6e%74\/uploads\/2022\/04\/WhatsApp-Image-2022-04-13-at-10.00.15-AM-1-768x1024-1.jpeg","datePublished":"2022-04-13T13:48:20+00:00","dateModified":"2022-04-13T13:49:10+00:00","breadcrumb":{"@id":"https:\/\/informelitoral.com.ar\/siniestro-vial-en-el-parque-industrial-de-crespo-con-una-persona-lesionada\/#breadcrumb"},"inLanguage":"es","potentialAction":[{"@type":"ReadAction","target":["https:\/\/informelitoral.com.ar\/siniestro-vial-en-el-parque-industrial-de-crespo-con-una-persona-lesionada\/"]}]},{"@type":"ImageObject","inLanguage":"es","@id":"https:\/\/informelitoral.com.ar\/siniestro-vial-en-el-parque-industrial-de-crespo-con-una-persona-lesionada\/#primaryimage","url":"https:\/\/informelitoral.com.ar\/%77%70%2d%63%6f%6e%74%65%6e%74\/uploads\/2022\/04\/WhatsApp-Image-2022-04-13-at-10.00.15-AM-1-768x1024-1.jpeg","contentUrl":"https:\/\/informelitoral.com.ar\/%77%70%2d%63%6f%6e%74%65%6e%74\/uploads\/2022\/04\/WhatsApp-Image-2022-04-13-at-10.00.15-AM-1-768x1024-1.jpeg","width":768,"height":1024},{"@type":"BreadcrumbList","@id":"https:\/\/informelitoral.com.ar\/siniestro-vial-en-el-parque-industrial-de-crespo-con-una-persona-lesionada\/#breadcrumb","itemListElement":[{"@type":"ListItem","position":1,"name":"Portada","item":"https:\/\/informelitoral.com.ar\/"},{"@type":"ListItem","position":2,"name":"Siniestro vial en el Parque Industrial de Crespo con una persona lesionada"}]},{"@type":"WebSite","@id":"https:\/\/informelitoral.com.ar\/#website","url":"https:\/\/informelitoral.com.ar\/","name":"Informe Litoral","description":"&quot;Nos informamos&quot; ","publisher":{"@id":"https:\/\/informelitoral.com.ar\/#organization"},"potentialAction":[{"@type":"SearchAction","target":{"@type":"EntryPoint","urlTemplate":"https:\/\/informelitoral.com.ar\/?s={search_term_string}"},"query-input":{"@type":"PropertyValueSpecification","valueRequired":true,"valueName":"search_term_string"}}],"inLanguage":"es"},{"@type":"Organization","@id":"https:\/\/informelitoral.com.ar\/#organization","name":"Informe Litoral","url":"https:\/\/informelitoral.com.ar\/","logo":{"@type":"ImageObject","inLanguage":"es","@id":"https:\/\/informelitoral.com.ar\/#\/schema\/logo\/image\/","url":"https:\/\/informelitoral.com.ar\/%77%70%2d%63%6f%6e%74%65%6e%74\/uploads\/2021\/01\/circulo.png","contentUrl":"https:\/\/informelitoral.com.ar\/%77%70%2d%63%6f%6e%74%65%6e%74\/uploads\/2021\/01\/circulo.png","width":723,"height":731,"caption":"Informe Litoral"},"image":{"@id":"https:\/\/informelitoral.com.ar\/#\/schema\/logo\/image\/"},"sameAs":["https:\/\/www.facebook.com\/informelitoral\/","https:\/\/x.com\/InformeLitoral","https:\/\/www.instagram.com\/informelitoral\/","https:\/\/www.youtube.com\/channel\/UCua4Qvz8Icb6MYqhoq9xLXw"]},{"@type":"Person","@id":"https:\/\/informelitoral.com.ar\/#\/schema\/person\/f05f9f461677119578717524b127d6d5","name":"Sebastian","image":{"@type":"ImageObject","inLanguage":"es","@id":"https:\/\/secure.gravatar.com\/avatar\/b71bf7481d447dfb9583c7f2798e7cc64de6efb9067b74633ed8c31059a3bd82?s=96&d=mm&r=g","url":"https:\/\/secure.gravatar.com\/avatar\/b71bf7481d447dfb9583c7f2798e7cc64de6efb9067b74633ed8c31059a3bd82?s=96&d=mm&r=g","contentUrl":"https:\/\/secure.gravatar.com\/avatar\/b71bf7481d447dfb9583c7f2798e7cc64de6efb9067b74633ed8c31059a3bd82?s=96&d=mm&r=g","caption":"Sebastian"},"url":"https:\/\/informelitoral.com.ar\/author\/sebastian\/"}]}},"_links":{"self":[{"href":"https:\/\/informelitoral.com.ar\/%77%70%2d%6a%73%6f%6e\/wp\/v2\/posts\/75687","targetHints":{"allow":["GET"]}}],"collection":[{"href":"https:\/\/informelitoral.com.ar\/%77%70%2d%6a%73%6f%6e\/wp\/v2\/posts"}],"about":[{"href":"https:\/\/informelitoral.com.ar\/%77%70%2d%6a%73%6f%6e\/wp\/v2\/types\/post"}],"author":[{"embeddable":true,"href":"https:\/\/informelitoral.com.ar\/%77%70%2d%6a%73%6f%6e\/wp\/v2\/users\/8"}],"replies":[{"embeddable":true,"href":"https:\/\/informelitoral.com.ar\/%77%70%2d%6a%73%6f%6e\/wp\/v2\/comments?post=75687"}],"version-history":[{"count":0,"href":"https:\/\/informelitoral.com.ar\/%77%70%2d%6a%73%6f%6e\/wp\/v2\/posts\/75687\/revisions"}],"wp:featuredmedia":[{"embeddable":true,"href":"https:\/\/informelitoral.com.ar\/%77%70%2d%6a%73%6f%6e\/wp\/v2\/media\/75688"}],"wp:attachment":[{"href":"https:\/\/informelitoral.com.ar\/%77%70%2d%6a%73%6f%6e\/wp\/v2\/media?parent=75687"}],"wp:term":[{"taxonomy":"category","embeddable":true,"href":"https:\/\/informelitoral.com.ar\/%77%70%2d%6a%73%6f%6e\/wp\/v2\/categories?post=75687"},{"taxonomy":"post_tag","embeddable":true,"href":"https:\/\/informelitoral.com.ar\/%77%70%2d%6a%73%6f%6e\/wp\/v2\/tags?post=75687"}],"curies":[{"name":"wp","href":"https:\/\/api.w.org\/{rel}","templated":true}]}}