{"id":7566,"date":"2014-07-25T07:59:41","date_gmt":"2014-07-25T10:59:41","guid":{"rendered":"http:\/\/www.isletasnoticias.com.ar\/?p=7566"},"modified":"2014-07-25T07:59:41","modified_gmt":"2014-07-25T10:59:41","slug":"binner-cobos-y-sanz-lanzaron-unen-entre-rios","status":"publish","type":"post","link":"https:\/\/informelitoral.com.ar\/binner-cobos-y-sanz-lanzaron-unen-entre-rios\/","title":{"rendered":"Binner, Cobos y Sanz lanzaron Unen Entre R\u00edos"},"content":{"rendered":"<p><strong><span style=\"color: #0f101b;\">Con la presencia de referentes nacionales, se lanz\u00f3 el Frente amplio Unen en la provincia. Autoridades de seis fuerzas entrerrianas firmaron el acuerdo constitutivo. Binner cerr\u00f3 el acto. No estuvieron Pino Solanas, Carri\u00f3 ni Stolbizer.<a href=\"http:\/\/www.isletasnoticias.com.ar\/%77%70%2d%63%6f%6e%74%65%6e%74\/uploads\/2014\/07\/306752.jpg\"><img loading=\"lazy\" decoding=\"async\" class=\"aligncenter wp-image-7567 size-full\" src=\"http:\/\/www.isletasnoticias.com.ar\/%77%70%2d%63%6f%6e%74%65%6e%74\/uploads\/2014\/07\/306752.jpg\" alt=\"306752\" width=\"330\" height=\"237\" srcset=\"https:\/\/informelitoral.com.ar\/%77%70%2d%63%6f%6e%74%65%6e%74\/uploads\/2014\/07\/306752.jpg 330w, https:\/\/informelitoral.com.ar\/%77%70%2d%63%6f%6e%74%65%6e%74\/uploads\/2014\/07\/306752-300x215.jpg 300w\" sizes=\"auto, (max-width: 330px) 100vw, 330px\" \/><\/a><\/span><\/strong><\/p>\n<p><span style=\"color: #0f101b;\">Representantes de seis fuerzas pol\u00edticas (Uni\u00f3n c\u00edvica radical, Partido socialista, GEN, Proyecto Sur, Partido socialista aut\u00e9ntico, Coalici\u00f3n c\u00edvica), lanzaron este jueves en Frente amplio Unen (FAUnen) de Entre R\u00edos y firmaron el acta constitutiva del espacio, con la presencia de dirigentes nacionales de cada una de los partidos.\u00a0<\/span><br style=\"color: #0f101b;\" \/><br style=\"color: #0f101b;\" \/><span style=\"color: #0f101b;\">Con fuerte \u00e9nfasis sobre los hechos de corrupci\u00f3n por los que se investiga a funcionarios del kirchnerismo y una cr\u00edtica a la \u201cfalta de federalismo\u201d, tanto Ernesto Sanz (presidente de la UCR) como Julio Cobos (diputado nacional UCR) y Hermes Binner (presidente del PS) destacaron el armado de Unen como \u201cun reclamo que nos hac\u00eda la sociedad\u201d. Tambi\u00e9n participaron del acto Mario Mazzitelli (presidente del PSA), H\u00e9ctor Flores (integrante de la Coalici\u00f3n C\u00edvica) y Fabi\u00e1n Peralta (GEN).\u00a0<\/span><br style=\"color: #0f101b;\" \/><br style=\"color: #0f101b;\" \/><b style=\"color: #0f101b;\">Sanz: \u201cempezamos la marcha para gobernar Entre R\u00edos en 2015\u201d<\/b><span style=\"color: #0f101b;\">\u00a0<\/span><br style=\"color: #0f101b;\" \/><span style=\"color: #0f101b;\">\u201cEsta dirigencia de Entre R\u00edos ha sabido dejar de lado diferencias circunstanciales para concentrarse en las innumerables coincidencias\u201d, destac\u00f3 Sanz, primer orador de una serie de intervenciones de dirigentes nacionales. Los referentes entrerrianos no hicieron uso de la palabra\u00a0<\/span><br style=\"color: #0f101b;\" \/><br style=\"color: #0f101b;\" \/><span style=\"color: #0f101b;\">El senador nacional dijo que \u201cdesde Entre R\u00edos como en todas las grandes gestas nacionales, federales, ustedes van a aportarle a ese gran proyecto nacional que es el FAUnen\u201d.\u00a0<\/span><br style=\"color: #0f101b;\" \/><br style=\"color: #0f101b;\" \/><span style=\"color: #0f101b;\">\u201cDesde hoy empezamos la marcha aqu\u00ed en Entre R\u00edos para gobernar la provincia en el 2005, para gobernar la Argentina en el 2015, construyendo las mayor\u00edas que rompan la brecha de la desigualdad, del unitarismo, que rompa con la corrupci\u00f3n. Un gobierno decente, republicano y justo, eso es el FAUnen\u201d, defini\u00f3 el presidente de la UCR.\u00a0<\/span><br style=\"color: #0f101b;\" \/><br style=\"color: #0f101b;\" \/><b style=\"color: #0f101b;\">Cobos: \u201crecuperar las instituciones\u201d<\/b><span style=\"color: #0f101b;\">\u00a0<\/span><br style=\"color: #0f101b;\" \/><span style=\"color: #0f101b;\">Sin grandes definiciones, aunque resaltando el armado de Unen en distintos puntos del pa\u00eds \u2013este jueves tambi\u00e9n se lanz\u00f3 en Mendoza- el ex vicepresidente Julio Cobos sostuvo que \u201cel pa\u00eds necesita recuperar las instituciones, independencia de poderes, que todos seamos iguales ante la ley, necesitamos un mayor federalismo\u201d.\u00a0<\/span><br style=\"color: #0f101b;\" \/><br style=\"color: #0f101b;\" \/><b style=\"color: #0f101b;\">Binner: \u201cno vamos a defraudar\u201d<\/b><span style=\"color: #0f101b;\">\u00a0<\/span><br style=\"color: #0f101b;\" \/><span style=\"color: #0f101b;\">\u201cEstamos ante una gran posibilidad de ser gobierno de la Naci\u00f3n\u201d, se entusiasm\u00f3 el ex gobernador de Santa Fe que resalt\u00f3 la experiencia de los distintos actores del frente en labores legislativas y ejecutivas: \u201cese cambio en el pa\u00eds no es de gente improvisada sino que ha tenido la virtud de conocer lo que es el manejo de la cosa p\u00fablica, en cada uno de los poderes, donde se ha generado pol\u00edticas activas en beneficio de los argentinos y por eso estamos en condiciones de decir que queremos ser gobierno y no vamos a defraudar\u201d.\u00a0<\/span><br style=\"color: #0f101b;\" \/><br style=\"color: #0f101b;\" \/><span style=\"color: #0f101b;\">\u201cTenemos que remover esas viejas experiencias que son altamente negativas para el pa\u00eds, como son todos los corruptos que hoy est\u00e1n en determinados lugares del gobierno. Tenemos que trabajar en contra de la corrupci\u00f3n, porque cuando se roba, se roba al que menos tiene\u201d, advirti\u00f3.\u00a0<\/span><br style=\"color: #0f101b;\" \/><br style=\"color: #0f101b;\" \/><b style=\"color: #0f101b;\">El documento<\/b><span style=\"color: #0f101b;\">\u00a0<\/span><br style=\"color: #0f101b;\" \/><span style=\"color: #0f101b;\">\u201cRecuperar el respeto a la divisi\u00f3n de poderes y la independencia judicial; garantizar los controles y la rendici\u00f3n de cuentas; y establecer la definici\u00f3n participativa de las prioridades en materia de inversi\u00f3n en obra p\u00fablica\u201d.\u00a0<\/span><br style=\"color: #0f101b;\" \/><br style=\"color: #0f101b;\" \/><span style=\"color: #0f101b;\">\u201cImpulsar urgentes pol\u00edticas en materia de seguridad y justicia para perseguir la delincuencia, el narcotr\u00e1fico y el delito organizado\u201d.\u00a0<\/span><br style=\"color: #0f101b;\" \/><br style=\"color: #0f101b;\" \/><span style=\"color: #0f101b;\">\u201cRevertir las distorsiones producidas por las pol\u00edticas centralistas que Entre R\u00edos replica hacia adentro, instrumentando la distribuci\u00f3n de los recursos p\u00fablicos con transparencia y equidad hacia los municipios, para contribuir a garantizar su autonom\u00eda\u201d.\u00a0<\/span><br style=\"color: #0f101b;\" \/><br style=\"color: #0f101b;\" \/><span style=\"color: #0f101b;\">\u201cFortalecer y transparentar los planes de inclusi\u00f3n social, familiar y educativa para los sectores m\u00e1s vulnerables como eje central para hacer descender el delito juvenil; promover el trabajo decente, de calidad y registrado; asegurar el acceso al Estado por concurso como manda la ley vigente\u201d.\u00a0<\/span><br style=\"color: #0f101b;\" \/><br style=\"color: #0f101b;\" \/><span style=\"color: #0f101b;\">\u201cCombatir la desnutrici\u00f3n y la marginalidad, el trabajo infantil, la violencia de g\u00e9nero, el flagelo de las conductas adictivas y el abandono a la vejez\u201d.\u00a0<\/span><br style=\"color: #0f101b;\" \/><br style=\"color: #0f101b;\" \/><span style=\"color: #0f101b;\">\u201cJerarquizar la inversi\u00f3n en infraestructura social para mejorar la distribuci\u00f3n de la riqueza a trav\u00e9s de servicios p\u00fablicos de calidad\u201d.\u00a0<\/span><br style=\"color: #0f101b;\" \/><br style=\"color: #0f101b;\" \/><span style=\"color: #0f101b;\">\u201cLanzar una fenomenal movilizaci\u00f3n social y de recursos para transformar el sistema educativo\u201d.\u00a0<\/span><br style=\"color: #0f101b;\" \/><br style=\"color: #0f101b;\" \/><span style=\"color: #0f101b;\">\u201cImpulsar pol\u00edticas activas para garantizar el acceso a la vivienda digna, y a la salud p\u00fablica de calidad\u201d.\u00a0<\/span><br style=\"color: #0f101b;\" \/><br style=\"color: #0f101b;\" \/><span style=\"color: #0f101b;\">\u201cRecuperar el transporte p\u00fablico ferroviario y mejorar la infraestructura vial y portuaria\u201d.\u00a0<\/span><br style=\"color: #0f101b;\" \/><br style=\"color: #0f101b;\" \/><span style=\"color: #0f101b;\">\u201cFomentar la producci\u00f3n rural, especialmente la peque\u00f1a y mediana empresa, mediante pol\u00edticas espec\u00edficas para promover el sector y frenar los procesos de concentraci\u00f3n y despoblamiento\u201d.\u00a0<\/span><br style=\"color: #0f101b;\" \/><br style=\"color: #0f101b;\" \/><span style=\"color: #0f101b;\">\u201cImpulsar una genuina reforma impositiva, para que paguen m\u00e1s quienes tienen m\u00e1s, desalentar la especulaci\u00f3n financiera o inmobiliaria, y revertir el actual sistema financiero mediante un Banco P\u00fablico al servicio de la producci\u00f3n, el trabajo y el bienestar social\u201d.\u00a0<\/span><br style=\"color: #0f101b;\" \/><br style=\"color: #0f101b;\" \/><span style=\"color: #0f101b;\">\u201cReformar el Estado para que est\u00e9 al servicio de la poblaci\u00f3n, fijando reglas ecu\u00e1nimes y no se constituya en un obst\u00e1culo para la creatividad y la acci\u00f3n del sector privado\u201d.\u00a0<\/span><br style=\"color: #0f101b;\" \/><br style=\"color: #0f101b;\" \/><span style=\"color: #0f101b;\">\u201cGenerar una agenda de desarrollo con eje en el conocimiento y que vincule la ciencia y la innovaci\u00f3n tecnol\u00f3gica con la producci\u00f3n, promoviendo el desarrollo local y regional, industrializando materias primas y fomentando la cooperaci\u00f3n y el asociativismo, en estrecha colaboraci\u00f3n con las Universidades P\u00fablicas\u201d.\u00a0<\/span><br style=\"color: #0f101b;\" \/><br style=\"color: #0f101b;\" \/><span style=\"color: #0f101b;\">\u201cImpulsar como pol\u00edtica de estado una perspectiva ambiental que asegure la salud y el bienestar de las generaciones presentes como las futuras; que preserve los cursos de agua de la provincia y recupere los que se encuentran contaminados; que proteja el monte nativo, islas y humedales; que promueva una matriz energ\u00e9tica sustentable; que asegure el control efectivo del uso y disposici\u00f3n final de agroqu\u00edmicos en el \u00e1mbito rural y de sustancias peligrosas en la industria; y que ante el eventual impacto de cualquier acci\u00f3n humana, priorice el principio precautorio\u201d.\u00a0<\/span><br style=\"color: #0f101b;\" \/><br style=\"color: #0f101b;\" \/><span style=\"color: #0f101b;\">\u201cReclamar y exigir a la Naci\u00f3n para recuperar los genuinos recursos de nuestra provincia de acuerdo a la ley vigente\u201d.\u00a0<\/span><br style=\"color: #0f101b;\" \/><br style=\"color: #0f101b;\" \/><span style=\"color: #0f101b;\">\u201cPromover la integraci\u00f3n en la Regi\u00f3n Centro fortaleciendo su institucionalidad para vincularnos con otras regiones del pa\u00eds y con mercados globales, promoviendo la paz, la protecci\u00f3n de los bienes comunes, la libertad y la igualdad de los pueblos latinoamericanos\u201d.<\/span><\/p>\n<div class=\"nota-tw\" style=\"color: #0f101b;\">Fuente: <em>Informe Digital<\/em><\/div>\n","protected":false},"excerpt":{"rendered":"<p>Con la presencia de referentes nacionales, se lanz&oacute; el Frente amplio Unen en la provincia. Autoridades de seis fuerzas entrerrianas firmaron el acuerdo constitutivo. Binner cerr&oacute; el acto. No estuvieron Pino Solanas, Carri&oacute; ni Stolbizer. Representantes de seis fuerzas pol&iacute;ticas (Uni&oacute;n c&iacute;vica radical, Partido socialista, GEN, Proyecto Sur, Partido socialista aut&eacute;ntico, Coalici&oacute;n c&iacute;vica), lanzaron este [&hellip;]<\/p>\n","protected":false},"author":2,"featured_media":0,"comment_status":"open","ping_status":"open","sticky":false,"template":"","format":"standard","meta":{"fifu_image_url":"","fifu_image_alt":"","footnotes":""},"categories":[16],"tags":[],"class_list":{"0":"post-7566","1":"post","2":"type-post","3":"status-publish","4":"format-standard","6":"category-politi"},"yoast_head":"<title>Binner, Cobos y Sanz lanzaron Unen Entre R\u00edos - Informe Litoral<\/title>\n<meta name=\"robots\" content=\"index, follow, max-snippet:-1, max-image-preview:large, max-video-preview:-1\" \/>\n<link rel=\"canonical\" href=\"https:\/\/informelitoral.com.ar\/binner-cobos-y-sanz-lanzaron-unen-entre-rios\/\" \/>\n<meta property=\"og:locale\" content=\"es_ES\" \/>\n<meta property=\"og:type\" content=\"article\" \/>\n<meta property=\"og:title\" content=\"Binner, Cobos y Sanz lanzaron Unen Entre R\u00edos - Informe Litoral\" \/>\n<meta property=\"og:description\" content=\"Con la presencia de referentes nacionales, se lanz&oacute; el Frente amplio Unen en la provincia. Autoridades de seis fuerzas entrerrianas firmaron el acuerdo constitutivo. Binner cerr&oacute; el acto. No estuvieron Pino Solanas, Carri&oacute; ni Stolbizer. Representantes de seis fuerzas pol&iacute;ticas (Uni&oacute;n c&iacute;vica radical, Partido socialista, GEN, Proyecto Sur, Partido socialista aut&eacute;ntico, Coalici&oacute;n c&iacute;vica), lanzaron este [&hellip;]\" \/>\n<meta property=\"og:url\" content=\"https:\/\/informelitoral.com.ar\/binner-cobos-y-sanz-lanzaron-unen-entre-rios\/\" \/>\n<meta property=\"og:site_name\" content=\"Informe Litoral\" \/>\n<meta property=\"article:publisher\" content=\"https:\/\/www.facebook.com\/informelitoral\/\" \/>\n<meta property=\"article:published_time\" content=\"2014-07-25T10:59:41+00:00\" \/>\n<meta property=\"og:image\" content=\"https:\/\/informelitoral.com.ar\/%77%70%2d%63%6f%6e%74%65%6e%74\/uploads\/2014\/07\/306752.jpg\" \/>\n\t<meta property=\"og:image:width\" content=\"330\" \/>\n\t<meta property=\"og:image:height\" content=\"237\" \/>\n\t<meta property=\"og:image:type\" content=\"image\/jpeg\" \/>\n<meta name=\"author\" content=\"Gonzalo Schmidt\" \/>\n<meta name=\"twitter:card\" content=\"summary_large_image\" \/>\n<meta name=\"twitter:creator\" content=\"@InformeLitoral\" \/>\n<meta name=\"twitter:site\" content=\"@InformeLitoral\" \/>\n<meta name=\"twitter:label1\" content=\"Escrito por\" \/>\n\t<meta name=\"twitter:data1\" content=\"Gonzalo Schmidt\" \/>\n\t<meta name=\"twitter:label2\" content=\"Tiempo de lectura\" \/>\n\t<meta name=\"twitter:data2\" content=\"5 minutos\" \/>\n<script type=\"application\/ld+json\" class=\"yoast-schema-graph\">{\"@context\":\"https:\\\/\\\/schema.org\",\"@graph\":[{\"@type\":\"Article\",\"@id\":\"https:\\\/\\\/informelitoral.com.ar\\\/binner-cobos-y-sanz-lanzaron-unen-entre-rios\\\/#article\",\"isPartOf\":{\"@id\":\"https:\\\/\\\/informelitoral.com.ar\\\/binner-cobos-y-sanz-lanzaron-unen-entre-rios\\\/\"},\"author\":{\"name\":\"Gonzalo Schmidt\",\"@id\":\"https:\\\/\\\/informelitoral.com.ar\\\/#\\\/schema\\\/person\\\/b9d00407c836482871ef1d57bf8e3180\"},\"headline\":\"Binner, Cobos y Sanz lanzaron Unen Entre R\u00edos\",\"datePublished\":\"2014-07-25T10:59:41+00:00\",\"mainEntityOfPage\":{\"@id\":\"https:\\\/\\\/informelitoral.com.ar\\\/binner-cobos-y-sanz-lanzaron-unen-entre-rios\\\/\"},\"wordCount\":1095,\"commentCount\":0,\"publisher\":{\"@id\":\"https:\\\/\\\/informelitoral.com.ar\\\/#organization\"},\"image\":{\"@id\":\"https:\\\/\\\/informelitoral.com.ar\\\/binner-cobos-y-sanz-lanzaron-unen-entre-rios\\\/#primaryimage\"},\"thumbnailUrl\":\"http:\\\/\\\/www.isletasnoticias.com.ar\\\/%77%70%2d%63%6f%6e%74%65%6e%74\\\/uploads\\\/2014\\\/07\\\/306752.jpg\",\"articleSection\":[\"Politica\"],\"inLanguage\":\"es\",\"potentialAction\":[{\"@type\":\"CommentAction\",\"name\":\"Comment\",\"target\":[\"https:\\\/\\\/informelitoral.com.ar\\\/binner-cobos-y-sanz-lanzaron-unen-entre-rios\\\/#respond\"]}]},{\"@type\":\"WebPage\",\"@id\":\"https:\\\/\\\/informelitoral.com.ar\\\/binner-cobos-y-sanz-lanzaron-unen-entre-rios\\\/\",\"url\":\"https:\\\/\\\/informelitoral.com.ar\\\/binner-cobos-y-sanz-lanzaron-unen-entre-rios\\\/\",\"name\":\"Binner, Cobos y Sanz lanzaron Unen Entre R\u00edos - Informe Litoral\",\"isPartOf\":{\"@id\":\"https:\\\/\\\/informelitoral.com.ar\\\/#website\"},\"primaryImageOfPage\":{\"@id\":\"https:\\\/\\\/informelitoral.com.ar\\\/binner-cobos-y-sanz-lanzaron-unen-entre-rios\\\/#primaryimage\"},\"image\":{\"@id\":\"https:\\\/\\\/informelitoral.com.ar\\\/binner-cobos-y-sanz-lanzaron-unen-entre-rios\\\/#primaryimage\"},\"thumbnailUrl\":\"http:\\\/\\\/www.isletasnoticias.com.ar\\\/%77%70%2d%63%6f%6e%74%65%6e%74\\\/uploads\\\/2014\\\/07\\\/306752.jpg\",\"datePublished\":\"2014-07-25T10:59:41+00:00\",\"breadcrumb\":{\"@id\":\"https:\\\/\\\/informelitoral.com.ar\\\/binner-cobos-y-sanz-lanzaron-unen-entre-rios\\\/#breadcrumb\"},\"inLanguage\":\"es\",\"potentialAction\":[{\"@type\":\"ReadAction\",\"target\":[\"https:\\\/\\\/informelitoral.com.ar\\\/binner-cobos-y-sanz-lanzaron-unen-entre-rios\\\/\"]}]},{\"@type\":\"ImageObject\",\"inLanguage\":\"es\",\"@id\":\"https:\\\/\\\/informelitoral.com.ar\\\/binner-cobos-y-sanz-lanzaron-unen-entre-rios\\\/#primaryimage\",\"url\":\"http:\\\/\\\/www.isletasnoticias.com.ar\\\/%77%70%2d%63%6f%6e%74%65%6e%74\\\/uploads\\\/2014\\\/07\\\/306752.jpg\",\"contentUrl\":\"http:\\\/\\\/www.isletasnoticias.com.ar\\\/%77%70%2d%63%6f%6e%74%65%6e%74\\\/uploads\\\/2014\\\/07\\\/306752.jpg\"},{\"@type\":\"BreadcrumbList\",\"@id\":\"https:\\\/\\\/informelitoral.com.ar\\\/binner-cobos-y-sanz-lanzaron-unen-entre-rios\\\/#breadcrumb\",\"itemListElement\":[{\"@type\":\"ListItem\",\"position\":1,\"name\":\"Portada\",\"item\":\"https:\\\/\\\/informelitoral.com.ar\\\/\"},{\"@type\":\"ListItem\",\"position\":2,\"name\":\"Binner, Cobos y Sanz lanzaron Unen Entre R\u00edos\"}]},{\"@type\":\"WebSite\",\"@id\":\"https:\\\/\\\/informelitoral.com.ar\\\/#website\",\"url\":\"https:\\\/\\\/informelitoral.com.ar\\\/\",\"name\":\"Informe Litoral\",\"description\":\"&quot;Nos informamos&quot; \",\"publisher\":{\"@id\":\"https:\\\/\\\/informelitoral.com.ar\\\/#organization\"},\"potentialAction\":[{\"@type\":\"SearchAction\",\"target\":{\"@type\":\"EntryPoint\",\"urlTemplate\":\"https:\\\/\\\/informelitoral.com.ar\\\/?s={search_term_string}\"},\"query-input\":{\"@type\":\"PropertyValueSpecification\",\"valueRequired\":true,\"valueName\":\"search_term_string\"}}],\"inLanguage\":\"es\"},{\"@type\":\"Organization\",\"@id\":\"https:\\\/\\\/informelitoral.com.ar\\\/#organization\",\"name\":\"Informe Litoral\",\"url\":\"https:\\\/\\\/informelitoral.com.ar\\\/\",\"logo\":{\"@type\":\"ImageObject\",\"inLanguage\":\"es\",\"@id\":\"https:\\\/\\\/informelitoral.com.ar\\\/#\\\/schema\\\/logo\\\/image\\\/\",\"url\":\"https:\\\/\\\/informelitoral.com.ar\\\/%77%70%2d%63%6f%6e%74%65%6e%74\\\/uploads\\\/2021\\\/01\\\/circulo.png\",\"contentUrl\":\"https:\\\/\\\/informelitoral.com.ar\\\/%77%70%2d%63%6f%6e%74%65%6e%74\\\/uploads\\\/2021\\\/01\\\/circulo.png\",\"width\":723,\"height\":731,\"caption\":\"Informe Litoral\"},\"image\":{\"@id\":\"https:\\\/\\\/informelitoral.com.ar\\\/#\\\/schema\\\/logo\\\/image\\\/\"},\"sameAs\":[\"https:\\\/\\\/www.facebook.com\\\/informelitoral\\\/\",\"https:\\\/\\\/x.com\\\/InformeLitoral\",\"https:\\\/\\\/www.instagram.com\\\/informelitoral\\\/\",\"https:\\\/\\\/www.youtube.com\\\/channel\\\/UCua4Qvz8Icb6MYqhoq9xLXw\"]},{\"@type\":\"Person\",\"@id\":\"https:\\\/\\\/informelitoral.com.ar\\\/#\\\/schema\\\/person\\\/b9d00407c836482871ef1d57bf8e3180\",\"name\":\"Gonzalo Schmidt\",\"image\":{\"@type\":\"ImageObject\",\"inLanguage\":\"es\",\"@id\":\"https:\\\/\\\/secure.gravatar.com\\\/avatar\\\/31a1a7b66ff2de83bd0e9fd79d026630d2d99e55e8bfe501287647b4fd9743de?s=96&d=mm&r=g\",\"url\":\"https:\\\/\\\/secure.gravatar.com\\\/avatar\\\/31a1a7b66ff2de83bd0e9fd79d026630d2d99e55e8bfe501287647b4fd9743de?s=96&d=mm&r=g\",\"contentUrl\":\"https:\\\/\\\/secure.gravatar.com\\\/avatar\\\/31a1a7b66ff2de83bd0e9fd79d026630d2d99e55e8bfe501287647b4fd9743de?s=96&d=mm&r=g\",\"caption\":\"Gonzalo Schmidt\"},\"description\":\"Sitio web de noticias de la provincia de Entre R\u00edos, Argentina. Informaci\u00f3n y entretenimiento. Informe Litoral, nos informamos.\",\"sameAs\":[\"http:\\\/\\\/www.isletasnoticias.com.ar\"],\"url\":\"https:\\\/\\\/informelitoral.com.ar\\\/author\\\/gonzalo\\\/\"}]}<\/script>","yoast_head_json":{"title":"Binner, Cobos y Sanz lanzaron Unen Entre R\u00edos - Informe Litoral","robots":{"index":"index","follow":"follow","max-snippet":"max-snippet:-1","max-image-preview":"max-image-preview:large","max-video-preview":"max-video-preview:-1"},"canonical":"https:\/\/informelitoral.com.ar\/binner-cobos-y-sanz-lanzaron-unen-entre-rios\/","og_locale":"es_ES","og_type":"article","og_title":"Binner, Cobos y Sanz lanzaron Unen Entre R\u00edos - Informe Litoral","og_description":"Con la presencia de referentes nacionales, se lanz&oacute; el Frente amplio Unen en la provincia. Autoridades de seis fuerzas entrerrianas firmaron el acuerdo constitutivo. Binner cerr&oacute; el acto. No estuvieron Pino Solanas, Carri&oacute; ni Stolbizer. Representantes de seis fuerzas pol&iacute;ticas (Uni&oacute;n c&iacute;vica radical, Partido socialista, GEN, Proyecto Sur, Partido socialista aut&eacute;ntico, Coalici&oacute;n c&iacute;vica), lanzaron este [&hellip;]","og_url":"https:\/\/informelitoral.com.ar\/binner-cobos-y-sanz-lanzaron-unen-entre-rios\/","og_site_name":"Informe Litoral","article_publisher":"https:\/\/www.facebook.com\/informelitoral\/","article_published_time":"2014-07-25T10:59:41+00:00","og_image":[{"width":330,"height":237,"url":"https:\/\/informelitoral.com.ar\/%77%70%2d%63%6f%6e%74%65%6e%74\/uploads\/2014\/07\/306752.jpg","type":"image\/jpeg"}],"author":"Gonzalo Schmidt","twitter_card":"summary_large_image","twitter_creator":"@InformeLitoral","twitter_site":"@InformeLitoral","twitter_misc":{"Escrito por":"Gonzalo Schmidt","Tiempo de lectura":"5 minutos"},"schema":{"@context":"https:\/\/schema.org","@graph":[{"@type":"Article","@id":"https:\/\/informelitoral.com.ar\/binner-cobos-y-sanz-lanzaron-unen-entre-rios\/#article","isPartOf":{"@id":"https:\/\/informelitoral.com.ar\/binner-cobos-y-sanz-lanzaron-unen-entre-rios\/"},"author":{"name":"Gonzalo Schmidt","@id":"https:\/\/informelitoral.com.ar\/#\/schema\/person\/b9d00407c836482871ef1d57bf8e3180"},"headline":"Binner, Cobos y Sanz lanzaron Unen Entre R\u00edos","datePublished":"2014-07-25T10:59:41+00:00","mainEntityOfPage":{"@id":"https:\/\/informelitoral.com.ar\/binner-cobos-y-sanz-lanzaron-unen-entre-rios\/"},"wordCount":1095,"commentCount":0,"publisher":{"@id":"https:\/\/informelitoral.com.ar\/#organization"},"image":{"@id":"https:\/\/informelitoral.com.ar\/binner-cobos-y-sanz-lanzaron-unen-entre-rios\/#primaryimage"},"thumbnailUrl":"http:\/\/www.isletasnoticias.com.ar\/%77%70%2d%63%6f%6e%74%65%6e%74\/uploads\/2014\/07\/306752.jpg","articleSection":["Politica"],"inLanguage":"es","potentialAction":[{"@type":"CommentAction","name":"Comment","target":["https:\/\/informelitoral.com.ar\/binner-cobos-y-sanz-lanzaron-unen-entre-rios\/#respond"]}]},{"@type":"WebPage","@id":"https:\/\/informelitoral.com.ar\/binner-cobos-y-sanz-lanzaron-unen-entre-rios\/","url":"https:\/\/informelitoral.com.ar\/binner-cobos-y-sanz-lanzaron-unen-entre-rios\/","name":"Binner, Cobos y Sanz lanzaron Unen Entre R\u00edos - Informe Litoral","isPartOf":{"@id":"https:\/\/informelitoral.com.ar\/#website"},"primaryImageOfPage":{"@id":"https:\/\/informelitoral.com.ar\/binner-cobos-y-sanz-lanzaron-unen-entre-rios\/#primaryimage"},"image":{"@id":"https:\/\/informelitoral.com.ar\/binner-cobos-y-sanz-lanzaron-unen-entre-rios\/#primaryimage"},"thumbnailUrl":"http:\/\/www.isletasnoticias.com.ar\/%77%70%2d%63%6f%6e%74%65%6e%74\/uploads\/2014\/07\/306752.jpg","datePublished":"2014-07-25T10:59:41+00:00","breadcrumb":{"@id":"https:\/\/informelitoral.com.ar\/binner-cobos-y-sanz-lanzaron-unen-entre-rios\/#breadcrumb"},"inLanguage":"es","potentialAction":[{"@type":"ReadAction","target":["https:\/\/informelitoral.com.ar\/binner-cobos-y-sanz-lanzaron-unen-entre-rios\/"]}]},{"@type":"ImageObject","inLanguage":"es","@id":"https:\/\/informelitoral.com.ar\/binner-cobos-y-sanz-lanzaron-unen-entre-rios\/#primaryimage","url":"http:\/\/www.isletasnoticias.com.ar\/%77%70%2d%63%6f%6e%74%65%6e%74\/uploads\/2014\/07\/306752.jpg","contentUrl":"http:\/\/www.isletasnoticias.com.ar\/%77%70%2d%63%6f%6e%74%65%6e%74\/uploads\/2014\/07\/306752.jpg"},{"@type":"BreadcrumbList","@id":"https:\/\/informelitoral.com.ar\/binner-cobos-y-sanz-lanzaron-unen-entre-rios\/#breadcrumb","itemListElement":[{"@type":"ListItem","position":1,"name":"Portada","item":"https:\/\/informelitoral.com.ar\/"},{"@type":"ListItem","position":2,"name":"Binner, Cobos y Sanz lanzaron Unen Entre R\u00edos"}]},{"@type":"WebSite","@id":"https:\/\/informelitoral.com.ar\/#website","url":"https:\/\/informelitoral.com.ar\/","name":"Informe Litoral","description":"&quot;Nos informamos&quot; ","publisher":{"@id":"https:\/\/informelitoral.com.ar\/#organization"},"potentialAction":[{"@type":"SearchAction","target":{"@type":"EntryPoint","urlTemplate":"https:\/\/informelitoral.com.ar\/?s={search_term_string}"},"query-input":{"@type":"PropertyValueSpecification","valueRequired":true,"valueName":"search_term_string"}}],"inLanguage":"es"},{"@type":"Organization","@id":"https:\/\/informelitoral.com.ar\/#organization","name":"Informe Litoral","url":"https:\/\/informelitoral.com.ar\/","logo":{"@type":"ImageObject","inLanguage":"es","@id":"https:\/\/informelitoral.com.ar\/#\/schema\/logo\/image\/","url":"https:\/\/informelitoral.com.ar\/%77%70%2d%63%6f%6e%74%65%6e%74\/uploads\/2021\/01\/circulo.png","contentUrl":"https:\/\/informelitoral.com.ar\/%77%70%2d%63%6f%6e%74%65%6e%74\/uploads\/2021\/01\/circulo.png","width":723,"height":731,"caption":"Informe Litoral"},"image":{"@id":"https:\/\/informelitoral.com.ar\/#\/schema\/logo\/image\/"},"sameAs":["https:\/\/www.facebook.com\/informelitoral\/","https:\/\/x.com\/InformeLitoral","https:\/\/www.instagram.com\/informelitoral\/","https:\/\/www.youtube.com\/channel\/UCua4Qvz8Icb6MYqhoq9xLXw"]},{"@type":"Person","@id":"https:\/\/informelitoral.com.ar\/#\/schema\/person\/b9d00407c836482871ef1d57bf8e3180","name":"Gonzalo Schmidt","image":{"@type":"ImageObject","inLanguage":"es","@id":"https:\/\/secure.gravatar.com\/avatar\/31a1a7b66ff2de83bd0e9fd79d026630d2d99e55e8bfe501287647b4fd9743de?s=96&d=mm&r=g","url":"https:\/\/secure.gravatar.com\/avatar\/31a1a7b66ff2de83bd0e9fd79d026630d2d99e55e8bfe501287647b4fd9743de?s=96&d=mm&r=g","contentUrl":"https:\/\/secure.gravatar.com\/avatar\/31a1a7b66ff2de83bd0e9fd79d026630d2d99e55e8bfe501287647b4fd9743de?s=96&d=mm&r=g","caption":"Gonzalo Schmidt"},"description":"Sitio web de noticias de la provincia de Entre R\u00edos, Argentina. Informaci\u00f3n y entretenimiento. Informe Litoral, nos informamos.","sameAs":["http:\/\/www.isletasnoticias.com.ar"],"url":"https:\/\/informelitoral.com.ar\/author\/gonzalo\/"}]}},"_links":{"self":[{"href":"https:\/\/informelitoral.com.ar\/%77%70%2d%6a%73%6f%6e\/wp\/v2\/posts\/7566","targetHints":{"allow":["GET"]}}],"collection":[{"href":"https:\/\/informelitoral.com.ar\/%77%70%2d%6a%73%6f%6e\/wp\/v2\/posts"}],"about":[{"href":"https:\/\/informelitoral.com.ar\/%77%70%2d%6a%73%6f%6e\/wp\/v2\/types\/post"}],"author":[{"embeddable":true,"href":"https:\/\/informelitoral.com.ar\/%77%70%2d%6a%73%6f%6e\/wp\/v2\/users\/2"}],"replies":[{"embeddable":true,"href":"https:\/\/informelitoral.com.ar\/%77%70%2d%6a%73%6f%6e\/wp\/v2\/comments?post=7566"}],"version-history":[{"count":0,"href":"https:\/\/informelitoral.com.ar\/%77%70%2d%6a%73%6f%6e\/wp\/v2\/posts\/7566\/revisions"}],"wp:attachment":[{"href":"https:\/\/informelitoral.com.ar\/%77%70%2d%6a%73%6f%6e\/wp\/v2\/media?parent=7566"}],"wp:term":[{"taxonomy":"category","embeddable":true,"href":"https:\/\/informelitoral.com.ar\/%77%70%2d%6a%73%6f%6e\/wp\/v2\/categories?post=7566"},{"taxonomy":"post_tag","embeddable":true,"href":"https:\/\/informelitoral.com.ar\/%77%70%2d%6a%73%6f%6e\/wp\/v2\/tags?post=7566"}],"curies":[{"name":"wp","href":"https:\/\/api.w.org\/{rel}","templated":true}]}}