{"id":75646,"date":"2022-04-13T07:50:45","date_gmt":"2022-04-13T10:50:45","guid":{"rendered":"https:\/\/www.informelitoral.com.ar\/?p=75646"},"modified":"2022-04-13T08:21:00","modified_gmt":"2022-04-13T11:21:00","slug":"proyectan-implementar-un-ife-para-trabajadores-informales-y-monotributistas","status":"publish","type":"post","link":"https:\/\/informelitoral.com.ar\/proyectan-implementar-un-ife-para-trabajadores-informales-y-monotributistas\/","title":{"rendered":"Proyectan implementar un IFE para trabajadores informales y monotributistas"},"content":{"rendered":"<p>El proyecto para\u00a0<b>\u201credistribuir la renta inesperada\u201d abarcar\u00e1 a todas aquellas materias primas que experimentaron fuertes subas de precios<\/b>\u00a0como consecuencia del cambio en las condiciones internacionales. Seg\u00fan precis\u00f3 una alta fuente de la Casa Rosada, alcanzar\u00e1 particularmente a\u00a0<b>granos, minerales, petr\u00f3leo y gas<\/b>.<\/p>\n<p>Se tratar\u00e1 de un proyecto de ley que ser\u00e1 enviado a la C\u00e1mara de Diputados para su tratamiento. Sin embargo, a\u00fan resta definir si ser\u00e1 un impuesto por \u00fanica vez, o permanente, o un aporte. Tambi\u00e9n cu\u00e1les ser\u00e1n los valores que la iniciativa tomar\u00e1 como referencia a los efectos de determinar la ganancia extraordinaria.<\/p>\n<p>El prop\u00f3sito del Poder Ejecutivo es destinar los fondos que se obtengan por esta v\u00eda fundamentalmente a atender a los trabajadores no sindicalizados, cuyos ingresos se han visto deteriorados por la suba de la inflaci\u00f3n y que no cuentan con el recurso de negociar en una paritaria.<\/p>\n<p>En tal sentido, una de las ideas que se barajan en el Ministerio de Econom\u00eda es\u00a0<b>dar un ingreso como un bono para los trabajadores en negro y monotributistas semejante al Ingreso Familiar de Emergencia que se otorgara durante la crisis sanitaria desatada por el coronavirus<\/b>.<\/p>\n<p>De acuerdo a diversos estudios de mercado, se registra un debilitamiento en el consumo de los sectores cuyos ingresos est\u00e1n inmediatamente por encima de los m\u00ednimos. Estos \u00faltimos son alcanzados por distintos programas asistenciales del gobierno (AUH, planes, canastas, tarjeta Alimentar), pero no sucede lo mismo, por ejemplo, con cuentapropistas que se encuentran en situaci\u00f3n precaria.<\/p>\n","protected":false},"excerpt":{"rendered":"<p>El Gobierno trabaja en el proyecto mediante el que se buscar\u00e1 obtener recursos adicionales de aquellos sectores que registraron una renta extraordinaria por la suba de los precios internacionales. El dinero ir\u00eda sectores no sindicalizados.<\/p>\n","protected":false},"author":8,"featured_media":75647,"comment_status":"open","ping_status":"open","sticky":false,"template":"","format":"standard","meta":{"fifu_image_url":"","fifu_image_alt":"","footnotes":""},"categories":[1594],"tags":[1544,3523,2462,385],"class_list":{"0":"post-75646","1":"post","2":"type-post","3":"status-publish","4":"format-standard","5":"has-post-thumbnail","7":"category-economia","8":"tag-ife","9":"tag-informales","10":"tag-monotributistas","11":"tag-trabajadores"},"yoast_head":"<title>Proyectan implementar un IFE para trabajadores informales y monotributistas - Informe Litoral<\/title>\n<meta name=\"robots\" content=\"index, follow, max-snippet:-1, max-image-preview:large, max-video-preview:-1\" \/>\n<link rel=\"canonical\" href=\"https:\/\/informelitoral.com.ar\/proyectan-implementar-un-ife-para-trabajadores-informales-y-monotributistas\/\" \/>\n<meta property=\"og:locale\" content=\"es_ES\" \/>\n<meta property=\"og:type\" content=\"article\" \/>\n<meta property=\"og:title\" content=\"Proyectan implementar un IFE para trabajadores informales y monotributistas - Informe Litoral\" \/>\n<meta property=\"og:description\" content=\"El Gobierno trabaja en el proyecto mediante el que se buscar\u00e1 obtener recursos adicionales de aquellos sectores que registraron una renta extraordinaria por la suba de los precios internacionales. El dinero ir\u00eda sectores no sindicalizados.\" \/>\n<meta property=\"og:url\" content=\"https:\/\/informelitoral.com.ar\/proyectan-implementar-un-ife-para-trabajadores-informales-y-monotributistas\/\" \/>\n<meta property=\"og:site_name\" content=\"Informe Litoral\" \/>\n<meta property=\"article:publisher\" content=\"https:\/\/www.facebook.com\/informelitoral\/\" \/>\n<meta property=\"article:published_time\" content=\"2022-04-13T10:50:45+00:00\" \/>\n<meta property=\"article:modified_time\" content=\"2022-04-13T11:21:00+00:00\" \/>\n<meta property=\"og:image\" content=\"https:\/\/informelitoral.com.ar\/%77%70%2d%63%6f%6e%74%65%6e%74\/uploads\/2022\/04\/f848x477-1097054_1154857_5050.jpeg\" \/>\n\t<meta property=\"og:image:width\" content=\"848\" \/>\n\t<meta property=\"og:image:height\" content=\"477\" \/>\n\t<meta property=\"og:image:type\" content=\"image\/jpeg\" \/>\n<meta name=\"author\" content=\"Sebastian\" \/>\n<meta name=\"twitter:card\" content=\"summary_large_image\" \/>\n<meta name=\"twitter:creator\" content=\"@InformeLitoral\" \/>\n<meta name=\"twitter:site\" content=\"@InformeLitoral\" \/>\n<meta name=\"twitter:label1\" content=\"Escrito por\" \/>\n\t<meta name=\"twitter:data1\" content=\"Sebastian\" \/>\n\t<meta name=\"twitter:label2\" content=\"Tiempo de lectura\" \/>\n\t<meta name=\"twitter:data2\" content=\"1 minuto\" \/>\n<script type=\"application\/ld+json\" class=\"yoast-schema-graph\">{\"@context\":\"https:\\\/\\\/schema.org\",\"@graph\":[{\"@type\":\"Article\",\"@id\":\"https:\\\/\\\/informelitoral.com.ar\\\/proyectan-implementar-un-ife-para-trabajadores-informales-y-monotributistas\\\/#article\",\"isPartOf\":{\"@id\":\"https:\\\/\\\/informelitoral.com.ar\\\/proyectan-implementar-un-ife-para-trabajadores-informales-y-monotributistas\\\/\"},\"author\":{\"name\":\"Sebastian\",\"@id\":\"https:\\\/\\\/informelitoral.com.ar\\\/#\\\/schema\\\/person\\\/f05f9f461677119578717524b127d6d5\"},\"headline\":\"Proyectan implementar un IFE para trabajadores informales y monotributistas\",\"datePublished\":\"2022-04-13T10:50:45+00:00\",\"dateModified\":\"2022-04-13T11:21:00+00:00\",\"mainEntityOfPage\":{\"@id\":\"https:\\\/\\\/informelitoral.com.ar\\\/proyectan-implementar-un-ife-para-trabajadores-informales-y-monotributistas\\\/\"},\"wordCount\":270,\"commentCount\":0,\"publisher\":{\"@id\":\"https:\\\/\\\/informelitoral.com.ar\\\/#organization\"},\"image\":{\"@id\":\"https:\\\/\\\/informelitoral.com.ar\\\/proyectan-implementar-un-ife-para-trabajadores-informales-y-monotributistas\\\/#primaryimage\"},\"thumbnailUrl\":\"https:\\\/\\\/informelitoral.com.ar\\\/%77%70%2d%63%6f%6e%74%65%6e%74\\\/uploads\\\/2022\\\/04\\\/f848x477-1097054_1154857_5050.jpeg\",\"keywords\":[\"IFE\",\"Informales\",\"Monotributistas\",\"Trabajadores\"],\"articleSection\":[\"Econom\u00eda\"],\"inLanguage\":\"es\",\"potentialAction\":[{\"@type\":\"CommentAction\",\"name\":\"Comment\",\"target\":[\"https:\\\/\\\/informelitoral.com.ar\\\/proyectan-implementar-un-ife-para-trabajadores-informales-y-monotributistas\\\/#respond\"]}]},{\"@type\":\"WebPage\",\"@id\":\"https:\\\/\\\/informelitoral.com.ar\\\/proyectan-implementar-un-ife-para-trabajadores-informales-y-monotributistas\\\/\",\"url\":\"https:\\\/\\\/informelitoral.com.ar\\\/proyectan-implementar-un-ife-para-trabajadores-informales-y-monotributistas\\\/\",\"name\":\"Proyectan implementar un IFE para trabajadores informales y monotributistas - Informe Litoral\",\"isPartOf\":{\"@id\":\"https:\\\/\\\/informelitoral.com.ar\\\/#website\"},\"primaryImageOfPage\":{\"@id\":\"https:\\\/\\\/informelitoral.com.ar\\\/proyectan-implementar-un-ife-para-trabajadores-informales-y-monotributistas\\\/#primaryimage\"},\"image\":{\"@id\":\"https:\\\/\\\/informelitoral.com.ar\\\/proyectan-implementar-un-ife-para-trabajadores-informales-y-monotributistas\\\/#primaryimage\"},\"thumbnailUrl\":\"https:\\\/\\\/informelitoral.com.ar\\\/%77%70%2d%63%6f%6e%74%65%6e%74\\\/uploads\\\/2022\\\/04\\\/f848x477-1097054_1154857_5050.jpeg\",\"datePublished\":\"2022-04-13T10:50:45+00:00\",\"dateModified\":\"2022-04-13T11:21:00+00:00\",\"breadcrumb\":{\"@id\":\"https:\\\/\\\/informelitoral.com.ar\\\/proyectan-implementar-un-ife-para-trabajadores-informales-y-monotributistas\\\/#breadcrumb\"},\"inLanguage\":\"es\",\"potentialAction\":[{\"@type\":\"ReadAction\",\"target\":[\"https:\\\/\\\/informelitoral.com.ar\\\/proyectan-implementar-un-ife-para-trabajadores-informales-y-monotributistas\\\/\"]}]},{\"@type\":\"ImageObject\",\"inLanguage\":\"es\",\"@id\":\"https:\\\/\\\/informelitoral.com.ar\\\/proyectan-implementar-un-ife-para-trabajadores-informales-y-monotributistas\\\/#primaryimage\",\"url\":\"https:\\\/\\\/informelitoral.com.ar\\\/%77%70%2d%63%6f%6e%74%65%6e%74\\\/uploads\\\/2022\\\/04\\\/f848x477-1097054_1154857_5050.jpeg\",\"contentUrl\":\"https:\\\/\\\/informelitoral.com.ar\\\/%77%70%2d%63%6f%6e%74%65%6e%74\\\/uploads\\\/2022\\\/04\\\/f848x477-1097054_1154857_5050.jpeg\",\"width\":848,\"height\":477},{\"@type\":\"BreadcrumbList\",\"@id\":\"https:\\\/\\\/informelitoral.com.ar\\\/proyectan-implementar-un-ife-para-trabajadores-informales-y-monotributistas\\\/#breadcrumb\",\"itemListElement\":[{\"@type\":\"ListItem\",\"position\":1,\"name\":\"Portada\",\"item\":\"https:\\\/\\\/informelitoral.com.ar\\\/\"},{\"@type\":\"ListItem\",\"position\":2,\"name\":\"Proyectan implementar un IFE para trabajadores informales y monotributistas\"}]},{\"@type\":\"WebSite\",\"@id\":\"https:\\\/\\\/informelitoral.com.ar\\\/#website\",\"url\":\"https:\\\/\\\/informelitoral.com.ar\\\/\",\"name\":\"Informe Litoral\",\"description\":\"&quot;Nos informamos&quot; \",\"publisher\":{\"@id\":\"https:\\\/\\\/informelitoral.com.ar\\\/#organization\"},\"potentialAction\":[{\"@type\":\"SearchAction\",\"target\":{\"@type\":\"EntryPoint\",\"urlTemplate\":\"https:\\\/\\\/informelitoral.com.ar\\\/?s={search_term_string}\"},\"query-input\":{\"@type\":\"PropertyValueSpecification\",\"valueRequired\":true,\"valueName\":\"search_term_string\"}}],\"inLanguage\":\"es\"},{\"@type\":\"Organization\",\"@id\":\"https:\\\/\\\/informelitoral.com.ar\\\/#organization\",\"name\":\"Informe Litoral\",\"url\":\"https:\\\/\\\/informelitoral.com.ar\\\/\",\"logo\":{\"@type\":\"ImageObject\",\"inLanguage\":\"es\",\"@id\":\"https:\\\/\\\/informelitoral.com.ar\\\/#\\\/schema\\\/logo\\\/image\\\/\",\"url\":\"https:\\\/\\\/informelitoral.com.ar\\\/%77%70%2d%63%6f%6e%74%65%6e%74\\\/uploads\\\/2021\\\/01\\\/circulo.png\",\"contentUrl\":\"https:\\\/\\\/informelitoral.com.ar\\\/%77%70%2d%63%6f%6e%74%65%6e%74\\\/uploads\\\/2021\\\/01\\\/circulo.png\",\"width\":723,\"height\":731,\"caption\":\"Informe Litoral\"},\"image\":{\"@id\":\"https:\\\/\\\/informelitoral.com.ar\\\/#\\\/schema\\\/logo\\\/image\\\/\"},\"sameAs\":[\"https:\\\/\\\/www.facebook.com\\\/informelitoral\\\/\",\"https:\\\/\\\/x.com\\\/InformeLitoral\",\"https:\\\/\\\/www.instagram.com\\\/informelitoral\\\/\",\"https:\\\/\\\/www.youtube.com\\\/channel\\\/UCua4Qvz8Icb6MYqhoq9xLXw\"]},{\"@type\":\"Person\",\"@id\":\"https:\\\/\\\/informelitoral.com.ar\\\/#\\\/schema\\\/person\\\/f05f9f461677119578717524b127d6d5\",\"name\":\"Sebastian\",\"image\":{\"@type\":\"ImageObject\",\"inLanguage\":\"es\",\"@id\":\"https:\\\/\\\/secure.gravatar.com\\\/avatar\\\/b71bf7481d447dfb9583c7f2798e7cc64de6efb9067b74633ed8c31059a3bd82?s=96&d=mm&r=g\",\"url\":\"https:\\\/\\\/secure.gravatar.com\\\/avatar\\\/b71bf7481d447dfb9583c7f2798e7cc64de6efb9067b74633ed8c31059a3bd82?s=96&d=mm&r=g\",\"contentUrl\":\"https:\\\/\\\/secure.gravatar.com\\\/avatar\\\/b71bf7481d447dfb9583c7f2798e7cc64de6efb9067b74633ed8c31059a3bd82?s=96&d=mm&r=g\",\"caption\":\"Sebastian\"},\"url\":\"https:\\\/\\\/informelitoral.com.ar\\\/author\\\/sebastian\\\/\"}]}<\/script>","yoast_head_json":{"title":"Proyectan implementar un IFE para trabajadores informales y monotributistas - Informe Litoral","robots":{"index":"index","follow":"follow","max-snippet":"max-snippet:-1","max-image-preview":"max-image-preview:large","max-video-preview":"max-video-preview:-1"},"canonical":"https:\/\/informelitoral.com.ar\/proyectan-implementar-un-ife-para-trabajadores-informales-y-monotributistas\/","og_locale":"es_ES","og_type":"article","og_title":"Proyectan implementar un IFE para trabajadores informales y monotributistas - Informe Litoral","og_description":"El Gobierno trabaja en el proyecto mediante el que se buscar\u00e1 obtener recursos adicionales de aquellos sectores que registraron una renta extraordinaria por la suba de los precios internacionales. El dinero ir\u00eda sectores no sindicalizados.","og_url":"https:\/\/informelitoral.com.ar\/proyectan-implementar-un-ife-para-trabajadores-informales-y-monotributistas\/","og_site_name":"Informe Litoral","article_publisher":"https:\/\/www.facebook.com\/informelitoral\/","article_published_time":"2022-04-13T10:50:45+00:00","article_modified_time":"2022-04-13T11:21:00+00:00","og_image":[{"width":848,"height":477,"url":"https:\/\/informelitoral.com.ar\/%77%70%2d%63%6f%6e%74%65%6e%74\/uploads\/2022\/04\/f848x477-1097054_1154857_5050.jpeg","type":"image\/jpeg"}],"author":"Sebastian","twitter_card":"summary_large_image","twitter_creator":"@InformeLitoral","twitter_site":"@InformeLitoral","twitter_misc":{"Escrito por":"Sebastian","Tiempo de lectura":"1 minuto"},"schema":{"@context":"https:\/\/schema.org","@graph":[{"@type":"Article","@id":"https:\/\/informelitoral.com.ar\/proyectan-implementar-un-ife-para-trabajadores-informales-y-monotributistas\/#article","isPartOf":{"@id":"https:\/\/informelitoral.com.ar\/proyectan-implementar-un-ife-para-trabajadores-informales-y-monotributistas\/"},"author":{"name":"Sebastian","@id":"https:\/\/informelitoral.com.ar\/#\/schema\/person\/f05f9f461677119578717524b127d6d5"},"headline":"Proyectan implementar un IFE para trabajadores informales y monotributistas","datePublished":"2022-04-13T10:50:45+00:00","dateModified":"2022-04-13T11:21:00+00:00","mainEntityOfPage":{"@id":"https:\/\/informelitoral.com.ar\/proyectan-implementar-un-ife-para-trabajadores-informales-y-monotributistas\/"},"wordCount":270,"commentCount":0,"publisher":{"@id":"https:\/\/informelitoral.com.ar\/#organization"},"image":{"@id":"https:\/\/informelitoral.com.ar\/proyectan-implementar-un-ife-para-trabajadores-informales-y-monotributistas\/#primaryimage"},"thumbnailUrl":"https:\/\/informelitoral.com.ar\/%77%70%2d%63%6f%6e%74%65%6e%74\/uploads\/2022\/04\/f848x477-1097054_1154857_5050.jpeg","keywords":["IFE","Informales","Monotributistas","Trabajadores"],"articleSection":["Econom\u00eda"],"inLanguage":"es","potentialAction":[{"@type":"CommentAction","name":"Comment","target":["https:\/\/informelitoral.com.ar\/proyectan-implementar-un-ife-para-trabajadores-informales-y-monotributistas\/#respond"]}]},{"@type":"WebPage","@id":"https:\/\/informelitoral.com.ar\/proyectan-implementar-un-ife-para-trabajadores-informales-y-monotributistas\/","url":"https:\/\/informelitoral.com.ar\/proyectan-implementar-un-ife-para-trabajadores-informales-y-monotributistas\/","name":"Proyectan implementar un IFE para trabajadores informales y monotributistas - Informe Litoral","isPartOf":{"@id":"https:\/\/informelitoral.com.ar\/#website"},"primaryImageOfPage":{"@id":"https:\/\/informelitoral.com.ar\/proyectan-implementar-un-ife-para-trabajadores-informales-y-monotributistas\/#primaryimage"},"image":{"@id":"https:\/\/informelitoral.com.ar\/proyectan-implementar-un-ife-para-trabajadores-informales-y-monotributistas\/#primaryimage"},"thumbnailUrl":"https:\/\/informelitoral.com.ar\/%77%70%2d%63%6f%6e%74%65%6e%74\/uploads\/2022\/04\/f848x477-1097054_1154857_5050.jpeg","datePublished":"2022-04-13T10:50:45+00:00","dateModified":"2022-04-13T11:21:00+00:00","breadcrumb":{"@id":"https:\/\/informelitoral.com.ar\/proyectan-implementar-un-ife-para-trabajadores-informales-y-monotributistas\/#breadcrumb"},"inLanguage":"es","potentialAction":[{"@type":"ReadAction","target":["https:\/\/informelitoral.com.ar\/proyectan-implementar-un-ife-para-trabajadores-informales-y-monotributistas\/"]}]},{"@type":"ImageObject","inLanguage":"es","@id":"https:\/\/informelitoral.com.ar\/proyectan-implementar-un-ife-para-trabajadores-informales-y-monotributistas\/#primaryimage","url":"https:\/\/informelitoral.com.ar\/%77%70%2d%63%6f%6e%74%65%6e%74\/uploads\/2022\/04\/f848x477-1097054_1154857_5050.jpeg","contentUrl":"https:\/\/informelitoral.com.ar\/%77%70%2d%63%6f%6e%74%65%6e%74\/uploads\/2022\/04\/f848x477-1097054_1154857_5050.jpeg","width":848,"height":477},{"@type":"BreadcrumbList","@id":"https:\/\/informelitoral.com.ar\/proyectan-implementar-un-ife-para-trabajadores-informales-y-monotributistas\/#breadcrumb","itemListElement":[{"@type":"ListItem","position":1,"name":"Portada","item":"https:\/\/informelitoral.com.ar\/"},{"@type":"ListItem","position":2,"name":"Proyectan implementar un IFE para trabajadores informales y monotributistas"}]},{"@type":"WebSite","@id":"https:\/\/informelitoral.com.ar\/#website","url":"https:\/\/informelitoral.com.ar\/","name":"Informe Litoral","description":"&quot;Nos informamos&quot; ","publisher":{"@id":"https:\/\/informelitoral.com.ar\/#organization"},"potentialAction":[{"@type":"SearchAction","target":{"@type":"EntryPoint","urlTemplate":"https:\/\/informelitoral.com.ar\/?s={search_term_string}"},"query-input":{"@type":"PropertyValueSpecification","valueRequired":true,"valueName":"search_term_string"}}],"inLanguage":"es"},{"@type":"Organization","@id":"https:\/\/informelitoral.com.ar\/#organization","name":"Informe Litoral","url":"https:\/\/informelitoral.com.ar\/","logo":{"@type":"ImageObject","inLanguage":"es","@id":"https:\/\/informelitoral.com.ar\/#\/schema\/logo\/image\/","url":"https:\/\/informelitoral.com.ar\/%77%70%2d%63%6f%6e%74%65%6e%74\/uploads\/2021\/01\/circulo.png","contentUrl":"https:\/\/informelitoral.com.ar\/%77%70%2d%63%6f%6e%74%65%6e%74\/uploads\/2021\/01\/circulo.png","width":723,"height":731,"caption":"Informe Litoral"},"image":{"@id":"https:\/\/informelitoral.com.ar\/#\/schema\/logo\/image\/"},"sameAs":["https:\/\/www.facebook.com\/informelitoral\/","https:\/\/x.com\/InformeLitoral","https:\/\/www.instagram.com\/informelitoral\/","https:\/\/www.youtube.com\/channel\/UCua4Qvz8Icb6MYqhoq9xLXw"]},{"@type":"Person","@id":"https:\/\/informelitoral.com.ar\/#\/schema\/person\/f05f9f461677119578717524b127d6d5","name":"Sebastian","image":{"@type":"ImageObject","inLanguage":"es","@id":"https:\/\/secure.gravatar.com\/avatar\/b71bf7481d447dfb9583c7f2798e7cc64de6efb9067b74633ed8c31059a3bd82?s=96&d=mm&r=g","url":"https:\/\/secure.gravatar.com\/avatar\/b71bf7481d447dfb9583c7f2798e7cc64de6efb9067b74633ed8c31059a3bd82?s=96&d=mm&r=g","contentUrl":"https:\/\/secure.gravatar.com\/avatar\/b71bf7481d447dfb9583c7f2798e7cc64de6efb9067b74633ed8c31059a3bd82?s=96&d=mm&r=g","caption":"Sebastian"},"url":"https:\/\/informelitoral.com.ar\/author\/sebastian\/"}]}},"_links":{"self":[{"href":"https:\/\/informelitoral.com.ar\/%77%70%2d%6a%73%6f%6e\/wp\/v2\/posts\/75646","targetHints":{"allow":["GET"]}}],"collection":[{"href":"https:\/\/informelitoral.com.ar\/%77%70%2d%6a%73%6f%6e\/wp\/v2\/posts"}],"about":[{"href":"https:\/\/informelitoral.com.ar\/%77%70%2d%6a%73%6f%6e\/wp\/v2\/types\/post"}],"author":[{"embeddable":true,"href":"https:\/\/informelitoral.com.ar\/%77%70%2d%6a%73%6f%6e\/wp\/v2\/users\/8"}],"replies":[{"embeddable":true,"href":"https:\/\/informelitoral.com.ar\/%77%70%2d%6a%73%6f%6e\/wp\/v2\/comments?post=75646"}],"version-history":[{"count":0,"href":"https:\/\/informelitoral.com.ar\/%77%70%2d%6a%73%6f%6e\/wp\/v2\/posts\/75646\/revisions"}],"wp:featuredmedia":[{"embeddable":true,"href":"https:\/\/informelitoral.com.ar\/%77%70%2d%6a%73%6f%6e\/wp\/v2\/media\/75647"}],"wp:attachment":[{"href":"https:\/\/informelitoral.com.ar\/%77%70%2d%6a%73%6f%6e\/wp\/v2\/media?parent=75646"}],"wp:term":[{"taxonomy":"category","embeddable":true,"href":"https:\/\/informelitoral.com.ar\/%77%70%2d%6a%73%6f%6e\/wp\/v2\/categories?post=75646"},{"taxonomy":"post_tag","embeddable":true,"href":"https:\/\/informelitoral.com.ar\/%77%70%2d%6a%73%6f%6e\/wp\/v2\/tags?post=75646"}],"curies":[{"name":"wp","href":"https:\/\/api.w.org\/{rel}","templated":true}]}}