{"id":75591,"date":"2022-04-12T17:24:33","date_gmt":"2022-04-12T20:24:33","guid":{"rendered":"https:\/\/www.informelitoral.com.ar\/?p=75591"},"modified":"2022-04-12T17:24:33","modified_gmt":"2022-04-12T20:24:33","slug":"desde-el-sector-privado-valoran-el-apoyo-a-la-produccion-a-traves-del-fogaer","status":"publish","type":"post","link":"https:\/\/informelitoral.com.ar\/desde-el-sector-privado-valoran-el-apoyo-a-la-produccion-a-traves-del-fogaer\/","title":{"rendered":"Desde el sector privado valoran el apoyo a la producci\u00f3n a trav\u00e9s del Fogaer"},"content":{"rendered":"<p>El Fogaer es una empresa con participaci\u00f3n mayoritaria estatal destinada a otorgar garant\u00edas a empresas, productores y emprendimientos de Entre R\u00edos. Es uno de los pocos fondos p\u00fablicos de garant\u00edas del pa\u00eds que cuenta con la participaci\u00f3n del sector privado en su directorio. A trav\u00e9s de convenios con el Banco Entre R\u00edos, Banco Naci\u00f3n y el Consejo Federal de Inversiones (CFI) se ofrecen l\u00edneas crediticias con tasas de inter\u00e9s beneficiosas.<\/p>\n<p>Este martes se desarroll\u00f3 su asamblea anual. Estuvo presidida por los ministros de Econom\u00eda, Hugo Ballay, de Producci\u00f3n, Juan Jos\u00e9 Bahillo, quienes representan al gobierno provincial en el directorio, el presidente del Fogaer, Gustavo Labriola y por los representantes del sector privado.<\/p>\n<p>En ese marco, la asamblea aprob\u00f3 la memoria y el balance del \u00faltimo ejercicio del Fogaer. Se destac\u00f3 que por decisi\u00f3n e impulso del gobernador Gustavo Bordet el Fondo pas\u00f3 de contar con 60 millones de pesos al concluir el 2020 a casi 800 millones de pesos actualmente, lo que permite respaldar mayor cantidad de cr\u00e9ditos productivos.<\/p>\n<p>Adem\u00e1s se repasaron las gestiones realizadas por las autoridades del Fogaer para lograr la habilitaci\u00f3n en el Banco Central, y se puntualiz\u00f3 que actualmente est\u00e1 autorizado para trabajar en el mercado de capitales. Asimismo, se pusieron a disposici\u00f3n del sector productivo entrerriano l\u00edneas de cr\u00e9ditos con tasas subsidiadas mediante convenios con Banco de Entre R\u00edos, Banco Naci\u00f3n y CFI, y se desarrollaron garant\u00edas de l\u00edneas directas de cr\u00e9ditos de Fondep. Tambi\u00e9n se resalt\u00f3 que el Fondo cuenta con \u201ccero mora\u201d, lo que significa que no ha habido ning\u00fan caso de deuda o de atraso de productores y de las pymes.<\/p>\n<p>\u201cEl Fogaer es la consolidaci\u00f3n del trabajo articulado entre el sector p\u00fablico y el privado que impulsa el gobernador Gustavo Bordet para desarrollar la provincia, aumentar la producci\u00f3n y crear nuevas fuentes de trabajo\u201d, expres\u00f3 en ese sentido el ministro Ballay.<\/p>\n<p>El titular de la cartera econ\u00f3mica resalt\u00f3 que \u201cel acceso al financiamiento es un aspecto clave para que las personas que tienen un emprendimiento, una micro, peque\u00f1a o mediana industria, y para que nuestros productores puedan invertir, ampliar sus instalaciones, sus comercios, crecer e incorporar m\u00e1s personal\u201d, y subray\u00f3: \u201cpor eso el Fogaer es una herramienta estrat\u00e9gica para el futuro de Entre R\u00edos, que se viene consolidando velozmente con el apoyo del gobernador y del gobierno nacional\u201d.<\/p>\n<p>Por su parte, Bahillo consider\u00f3 \u201cmuy buena la decisi\u00f3n del gobernador Gustavo Bordet de generar este \u00e1mbito del Fondo de Garant\u00edas de la provincia de Entre R\u00edos que nos permite articular sobre todo pol\u00edticas de financiamiento del sector p\u00fablico hacia el sector privado\u201d. \u201cEs una de las herramientas m\u00e1s importantes para el desarrollo y el crecimiento de los distintos sectores\u201d, enfatiz\u00f3.<\/p>\n<p>\u201cCon el Fogaer estamos dando es la posibilidad de acceder a financiamiento a sectores que, por ah\u00ed, tienen dificultad de hacerlo\u201d, record\u00f3 el ministro, y explic\u00f3 que \u201ctrabajamos estos dos a\u00f1os en distintas l\u00edneas de garant\u00edas para los distintos sectores productivos con el agente oficial, se ha avanzado con el Banco Naci\u00f3n en otras l\u00edneas\u201d.<\/p>\n<p>\u201cLa verdad que es una herramienta con la cual se ha trabajado muy bien, pero a su vez tiene un potencial muy importante para trabajar en otros sectores y con otras l\u00edneas del sistema financiero para darle m\u00e1s herramientas a los sectores productivos\u201d, concluy\u00f3.<\/p>\n<p>En tanto, Labriola sostuvo que el resultado de la asamblea \u201ces la demostraci\u00f3n cabal de que se ha cumplido con el deber que nos ha encomendado el gobernador de fortalecer este fondo de garant\u00eda, que tiene una particularidad muy importante, la participaci\u00f3n estatal y la participaci\u00f3n privada tambi\u00e9n\u201d.<\/p>\n<p>\u201cEste a\u00f1o avanzamos con garant\u00edas de cr\u00e9ditos muy valiosos para los sectores productivos, y tenemos un horizonte para este 2022 que es consolidar esta pol\u00edtica de aval y garant\u00eda en distintas l\u00edneas de cr\u00e9ditos y en el mercado de capitales\u201d, indic\u00f3 Labriola.<\/p>\n<p><b>Una menor tasa<\/b><\/p>\n<p>Al t\u00e9rmino de la asamblea, el presidente de la Bolsa de Comercio de la provincia, Alcides Balla sostuvo que desde esa entidad \u201ctenemos una gran satisfacci\u00f3n\u201d, dado que el Fogaer \u201cse pudo constituir, se ha trabajado muy bien, profesionalmente\u201d.<\/p>\n<p>\u201cPara el sector privado es algo muy importante. \u00bfQu\u00e9 significa tener un aval para una garant\u00eda? menor tasa. Entonces eso, en una situaci\u00f3n econ\u00f3mica como la que tenemos en Argentina, permite desarrollar proyectos productivos, seguir adelante con las empresas y hasta los emprendedores\u201d, valor\u00f3.<\/p>\n<p>Adem\u00e1s resalt\u00f3 que \u201cla factibilidad que tienen los fondos p\u00fablicos es que se pueden descontar cheques propios. Es una facilidad que tienen las peque\u00f1as y medianas empresas, y tambi\u00e9n los emprendedores, de poder asistir al financiamiento\u201d.<\/p>\n<p>Para finalizar, Balla record\u00f3 que \u201cel c\u00edrculo virtuoso de la econom\u00eda es proyecto-financiamiento-ejecuci\u00f3n y generar empleo y mover la econom\u00eda. Por eso esta herramienta es muy importante\u201d.<\/p>\n<p>Participaron tambi\u00e9n: el vicepresidente del Fogaer, Pedro Gebhart, el Gerente Genral, Lisandro Luna de Luca, los sindicos, Sandra Varas y Diego Camu\u00f1a, y los representantes de la Asociaci\u00f3n de Promoci\u00f3n Econ\u00f3mica Regional (APER), de La Paz, Gast\u00f3n Ojeda; de la Federaci\u00f3n Agraria Argentina, Alfredo Bel; del Cecnea, Santiago Caprarulo; de la c\u00e1mara que nuclea a las procesadoras av\u00edcolas, Carlos Inesi; el presidente de Cafer, Juan Adolfo Balbi, de la Federaci\u00f3n de Cooperativas (Fedeco), Eduardo Schneider y el vicepresidente, Ronal Garnier; de la Uni\u00f3n Industrial de Entre R\u00edos, Antonela Tonutti; de la Bolsa de Cereales, H\u00e9ctor Mart\u00ednez; y Aquiles Montovani, de la Asociaci\u00f3n de Cooperativas Argentinas (ACA).<\/p>\n","protected":false},"excerpt":{"rendered":"<p>En el marco de la asamblea anual del Fondo de Garant\u00eda de Entre R\u00edos (Fogaer), desde la Bolsa de Comercio valoraron el fortalecimiento de esa herramienta para el financiamiento. \u201cPermite desarrollar proyectos productivos, seguir adelante con las empresas y hasta los emprendedores\u201d, resaltaron.<\/p>\n","protected":false},"author":8,"featured_media":75592,"comment_status":"open","ping_status":"open","sticky":false,"template":"","format":"standard","meta":{"fifu_image_url":"","fifu_image_alt":"","footnotes":""},"categories":[1594],"tags":[3520,120],"class_list":{"0":"post-75591","1":"post","2":"type-post","3":"status-publish","4":"format-standard","5":"has-post-thumbnail","7":"category-economia","8":"tag-fogaer","9":"tag-produccion"},"yoast_head":"<title>Desde el sector privado valoran el apoyo a la producci\u00f3n a trav\u00e9s del Fogaer - Informe Litoral<\/title>\n<meta name=\"robots\" content=\"index, follow, max-snippet:-1, max-image-preview:large, max-video-preview:-1\" \/>\n<link rel=\"canonical\" href=\"https:\/\/informelitoral.com.ar\/desde-el-sector-privado-valoran-el-apoyo-a-la-produccion-a-traves-del-fogaer\/\" \/>\n<meta property=\"og:locale\" content=\"es_ES\" \/>\n<meta property=\"og:type\" content=\"article\" \/>\n<meta property=\"og:title\" content=\"Desde el sector privado valoran el apoyo a la producci\u00f3n a trav\u00e9s del Fogaer - Informe Litoral\" \/>\n<meta property=\"og:description\" content=\"En el marco de la asamblea anual del Fondo de Garant\u00eda de Entre R\u00edos (Fogaer), desde la Bolsa de Comercio valoraron el fortalecimiento de esa herramienta para el financiamiento. \u201cPermite desarrollar proyectos productivos, seguir adelante con las empresas y hasta los emprendedores\u201d, resaltaron.\" \/>\n<meta property=\"og:url\" content=\"https:\/\/informelitoral.com.ar\/desde-el-sector-privado-valoran-el-apoyo-a-la-produccion-a-traves-del-fogaer\/\" \/>\n<meta property=\"og:site_name\" content=\"Informe Litoral\" \/>\n<meta property=\"article:publisher\" content=\"https:\/\/www.facebook.com\/informelitoral\/\" \/>\n<meta property=\"article:published_time\" content=\"2022-04-12T20:24:33+00:00\" \/>\n<meta property=\"og:image\" content=\"https:\/\/informelitoral.com.ar\/%77%70%2d%63%6f%6e%74%65%6e%74\/uploads\/2022\/04\/p_1649787521.jpg\" \/>\n\t<meta property=\"og:image:width\" content=\"1920\" \/>\n\t<meta property=\"og:image:height\" content=\"800\" \/>\n\t<meta property=\"og:image:type\" content=\"image\/jpeg\" \/>\n<meta name=\"author\" content=\"Sebastian\" \/>\n<meta name=\"twitter:card\" content=\"summary_large_image\" \/>\n<meta name=\"twitter:creator\" content=\"@InformeLitoral\" \/>\n<meta name=\"twitter:site\" content=\"@InformeLitoral\" \/>\n<meta name=\"twitter:label1\" content=\"Escrito por\" \/>\n\t<meta name=\"twitter:data1\" content=\"Sebastian\" \/>\n\t<meta name=\"twitter:label2\" content=\"Tiempo de lectura\" \/>\n\t<meta name=\"twitter:data2\" content=\"5 minutos\" \/>\n<script type=\"application\/ld+json\" class=\"yoast-schema-graph\">{\"@context\":\"https:\\\/\\\/schema.org\",\"@graph\":[{\"@type\":\"Article\",\"@id\":\"https:\\\/\\\/informelitoral.com.ar\\\/desde-el-sector-privado-valoran-el-apoyo-a-la-produccion-a-traves-del-fogaer\\\/#article\",\"isPartOf\":{\"@id\":\"https:\\\/\\\/informelitoral.com.ar\\\/desde-el-sector-privado-valoran-el-apoyo-a-la-produccion-a-traves-del-fogaer\\\/\"},\"author\":{\"name\":\"Sebastian\",\"@id\":\"https:\\\/\\\/informelitoral.com.ar\\\/#\\\/schema\\\/person\\\/f05f9f461677119578717524b127d6d5\"},\"headline\":\"Desde el sector privado valoran el apoyo a la producci\u00f3n a trav\u00e9s del Fogaer\",\"datePublished\":\"2022-04-12T20:24:33+00:00\",\"mainEntityOfPage\":{\"@id\":\"https:\\\/\\\/informelitoral.com.ar\\\/desde-el-sector-privado-valoran-el-apoyo-a-la-produccion-a-traves-del-fogaer\\\/\"},\"wordCount\":993,\"commentCount\":0,\"publisher\":{\"@id\":\"https:\\\/\\\/informelitoral.com.ar\\\/#organization\"},\"image\":{\"@id\":\"https:\\\/\\\/informelitoral.com.ar\\\/desde-el-sector-privado-valoran-el-apoyo-a-la-produccion-a-traves-del-fogaer\\\/#primaryimage\"},\"thumbnailUrl\":\"https:\\\/\\\/informelitoral.com.ar\\\/%77%70%2d%63%6f%6e%74%65%6e%74\\\/uploads\\\/2022\\\/04\\\/p_1649787521.jpg\",\"keywords\":[\"Fogaer\",\"Producci\u00f3n\"],\"articleSection\":[\"Econom\u00eda\"],\"inLanguage\":\"es\",\"potentialAction\":[{\"@type\":\"CommentAction\",\"name\":\"Comment\",\"target\":[\"https:\\\/\\\/informelitoral.com.ar\\\/desde-el-sector-privado-valoran-el-apoyo-a-la-produccion-a-traves-del-fogaer\\\/#respond\"]}]},{\"@type\":\"WebPage\",\"@id\":\"https:\\\/\\\/informelitoral.com.ar\\\/desde-el-sector-privado-valoran-el-apoyo-a-la-produccion-a-traves-del-fogaer\\\/\",\"url\":\"https:\\\/\\\/informelitoral.com.ar\\\/desde-el-sector-privado-valoran-el-apoyo-a-la-produccion-a-traves-del-fogaer\\\/\",\"name\":\"Desde el sector privado valoran el apoyo a la producci\u00f3n a trav\u00e9s del Fogaer - Informe Litoral\",\"isPartOf\":{\"@id\":\"https:\\\/\\\/informelitoral.com.ar\\\/#website\"},\"primaryImageOfPage\":{\"@id\":\"https:\\\/\\\/informelitoral.com.ar\\\/desde-el-sector-privado-valoran-el-apoyo-a-la-produccion-a-traves-del-fogaer\\\/#primaryimage\"},\"image\":{\"@id\":\"https:\\\/\\\/informelitoral.com.ar\\\/desde-el-sector-privado-valoran-el-apoyo-a-la-produccion-a-traves-del-fogaer\\\/#primaryimage\"},\"thumbnailUrl\":\"https:\\\/\\\/informelitoral.com.ar\\\/%77%70%2d%63%6f%6e%74%65%6e%74\\\/uploads\\\/2022\\\/04\\\/p_1649787521.jpg\",\"datePublished\":\"2022-04-12T20:24:33+00:00\",\"breadcrumb\":{\"@id\":\"https:\\\/\\\/informelitoral.com.ar\\\/desde-el-sector-privado-valoran-el-apoyo-a-la-produccion-a-traves-del-fogaer\\\/#breadcrumb\"},\"inLanguage\":\"es\",\"potentialAction\":[{\"@type\":\"ReadAction\",\"target\":[\"https:\\\/\\\/informelitoral.com.ar\\\/desde-el-sector-privado-valoran-el-apoyo-a-la-produccion-a-traves-del-fogaer\\\/\"]}]},{\"@type\":\"ImageObject\",\"inLanguage\":\"es\",\"@id\":\"https:\\\/\\\/informelitoral.com.ar\\\/desde-el-sector-privado-valoran-el-apoyo-a-la-produccion-a-traves-del-fogaer\\\/#primaryimage\",\"url\":\"https:\\\/\\\/informelitoral.com.ar\\\/%77%70%2d%63%6f%6e%74%65%6e%74\\\/uploads\\\/2022\\\/04\\\/p_1649787521.jpg\",\"contentUrl\":\"https:\\\/\\\/informelitoral.com.ar\\\/%77%70%2d%63%6f%6e%74%65%6e%74\\\/uploads\\\/2022\\\/04\\\/p_1649787521.jpg\",\"width\":1920,\"height\":800},{\"@type\":\"BreadcrumbList\",\"@id\":\"https:\\\/\\\/informelitoral.com.ar\\\/desde-el-sector-privado-valoran-el-apoyo-a-la-produccion-a-traves-del-fogaer\\\/#breadcrumb\",\"itemListElement\":[{\"@type\":\"ListItem\",\"position\":1,\"name\":\"Portada\",\"item\":\"https:\\\/\\\/informelitoral.com.ar\\\/\"},{\"@type\":\"ListItem\",\"position\":2,\"name\":\"Desde el sector privado valoran el apoyo a la producci\u00f3n a trav\u00e9s del Fogaer\"}]},{\"@type\":\"WebSite\",\"@id\":\"https:\\\/\\\/informelitoral.com.ar\\\/#website\",\"url\":\"https:\\\/\\\/informelitoral.com.ar\\\/\",\"name\":\"Informe Litoral\",\"description\":\"&quot;Nos informamos&quot; \",\"publisher\":{\"@id\":\"https:\\\/\\\/informelitoral.com.ar\\\/#organization\"},\"potentialAction\":[{\"@type\":\"SearchAction\",\"target\":{\"@type\":\"EntryPoint\",\"urlTemplate\":\"https:\\\/\\\/informelitoral.com.ar\\\/?s={search_term_string}\"},\"query-input\":{\"@type\":\"PropertyValueSpecification\",\"valueRequired\":true,\"valueName\":\"search_term_string\"}}],\"inLanguage\":\"es\"},{\"@type\":\"Organization\",\"@id\":\"https:\\\/\\\/informelitoral.com.ar\\\/#organization\",\"name\":\"Informe Litoral\",\"url\":\"https:\\\/\\\/informelitoral.com.ar\\\/\",\"logo\":{\"@type\":\"ImageObject\",\"inLanguage\":\"es\",\"@id\":\"https:\\\/\\\/informelitoral.com.ar\\\/#\\\/schema\\\/logo\\\/image\\\/\",\"url\":\"https:\\\/\\\/informelitoral.com.ar\\\/%77%70%2d%63%6f%6e%74%65%6e%74\\\/uploads\\\/2021\\\/01\\\/circulo.png\",\"contentUrl\":\"https:\\\/\\\/informelitoral.com.ar\\\/%77%70%2d%63%6f%6e%74%65%6e%74\\\/uploads\\\/2021\\\/01\\\/circulo.png\",\"width\":723,\"height\":731,\"caption\":\"Informe Litoral\"},\"image\":{\"@id\":\"https:\\\/\\\/informelitoral.com.ar\\\/#\\\/schema\\\/logo\\\/image\\\/\"},\"sameAs\":[\"https:\\\/\\\/www.facebook.com\\\/informelitoral\\\/\",\"https:\\\/\\\/x.com\\\/InformeLitoral\",\"https:\\\/\\\/www.instagram.com\\\/informelitoral\\\/\",\"https:\\\/\\\/www.youtube.com\\\/channel\\\/UCua4Qvz8Icb6MYqhoq9xLXw\"]},{\"@type\":\"Person\",\"@id\":\"https:\\\/\\\/informelitoral.com.ar\\\/#\\\/schema\\\/person\\\/f05f9f461677119578717524b127d6d5\",\"name\":\"Sebastian\",\"image\":{\"@type\":\"ImageObject\",\"inLanguage\":\"es\",\"@id\":\"https:\\\/\\\/secure.gravatar.com\\\/avatar\\\/b71bf7481d447dfb9583c7f2798e7cc64de6efb9067b74633ed8c31059a3bd82?s=96&d=mm&r=g\",\"url\":\"https:\\\/\\\/secure.gravatar.com\\\/avatar\\\/b71bf7481d447dfb9583c7f2798e7cc64de6efb9067b74633ed8c31059a3bd82?s=96&d=mm&r=g\",\"contentUrl\":\"https:\\\/\\\/secure.gravatar.com\\\/avatar\\\/b71bf7481d447dfb9583c7f2798e7cc64de6efb9067b74633ed8c31059a3bd82?s=96&d=mm&r=g\",\"caption\":\"Sebastian\"},\"url\":\"https:\\\/\\\/informelitoral.com.ar\\\/author\\\/sebastian\\\/\"}]}<\/script>","yoast_head_json":{"title":"Desde el sector privado valoran el apoyo a la producci\u00f3n a trav\u00e9s del Fogaer - Informe Litoral","robots":{"index":"index","follow":"follow","max-snippet":"max-snippet:-1","max-image-preview":"max-image-preview:large","max-video-preview":"max-video-preview:-1"},"canonical":"https:\/\/informelitoral.com.ar\/desde-el-sector-privado-valoran-el-apoyo-a-la-produccion-a-traves-del-fogaer\/","og_locale":"es_ES","og_type":"article","og_title":"Desde el sector privado valoran el apoyo a la producci\u00f3n a trav\u00e9s del Fogaer - Informe Litoral","og_description":"En el marco de la asamblea anual del Fondo de Garant\u00eda de Entre R\u00edos (Fogaer), desde la Bolsa de Comercio valoraron el fortalecimiento de esa herramienta para el financiamiento. \u201cPermite desarrollar proyectos productivos, seguir adelante con las empresas y hasta los emprendedores\u201d, resaltaron.","og_url":"https:\/\/informelitoral.com.ar\/desde-el-sector-privado-valoran-el-apoyo-a-la-produccion-a-traves-del-fogaer\/","og_site_name":"Informe Litoral","article_publisher":"https:\/\/www.facebook.com\/informelitoral\/","article_published_time":"2022-04-12T20:24:33+00:00","og_image":[{"width":1920,"height":800,"url":"https:\/\/informelitoral.com.ar\/%77%70%2d%63%6f%6e%74%65%6e%74\/uploads\/2022\/04\/p_1649787521.jpg","type":"image\/jpeg"}],"author":"Sebastian","twitter_card":"summary_large_image","twitter_creator":"@InformeLitoral","twitter_site":"@InformeLitoral","twitter_misc":{"Escrito por":"Sebastian","Tiempo de lectura":"5 minutos"},"schema":{"@context":"https:\/\/schema.org","@graph":[{"@type":"Article","@id":"https:\/\/informelitoral.com.ar\/desde-el-sector-privado-valoran-el-apoyo-a-la-produccion-a-traves-del-fogaer\/#article","isPartOf":{"@id":"https:\/\/informelitoral.com.ar\/desde-el-sector-privado-valoran-el-apoyo-a-la-produccion-a-traves-del-fogaer\/"},"author":{"name":"Sebastian","@id":"https:\/\/informelitoral.com.ar\/#\/schema\/person\/f05f9f461677119578717524b127d6d5"},"headline":"Desde el sector privado valoran el apoyo a la producci\u00f3n a trav\u00e9s del Fogaer","datePublished":"2022-04-12T20:24:33+00:00","mainEntityOfPage":{"@id":"https:\/\/informelitoral.com.ar\/desde-el-sector-privado-valoran-el-apoyo-a-la-produccion-a-traves-del-fogaer\/"},"wordCount":993,"commentCount":0,"publisher":{"@id":"https:\/\/informelitoral.com.ar\/#organization"},"image":{"@id":"https:\/\/informelitoral.com.ar\/desde-el-sector-privado-valoran-el-apoyo-a-la-produccion-a-traves-del-fogaer\/#primaryimage"},"thumbnailUrl":"https:\/\/informelitoral.com.ar\/%77%70%2d%63%6f%6e%74%65%6e%74\/uploads\/2022\/04\/p_1649787521.jpg","keywords":["Fogaer","Producci\u00f3n"],"articleSection":["Econom\u00eda"],"inLanguage":"es","potentialAction":[{"@type":"CommentAction","name":"Comment","target":["https:\/\/informelitoral.com.ar\/desde-el-sector-privado-valoran-el-apoyo-a-la-produccion-a-traves-del-fogaer\/#respond"]}]},{"@type":"WebPage","@id":"https:\/\/informelitoral.com.ar\/desde-el-sector-privado-valoran-el-apoyo-a-la-produccion-a-traves-del-fogaer\/","url":"https:\/\/informelitoral.com.ar\/desde-el-sector-privado-valoran-el-apoyo-a-la-produccion-a-traves-del-fogaer\/","name":"Desde el sector privado valoran el apoyo a la producci\u00f3n a trav\u00e9s del Fogaer - Informe Litoral","isPartOf":{"@id":"https:\/\/informelitoral.com.ar\/#website"},"primaryImageOfPage":{"@id":"https:\/\/informelitoral.com.ar\/desde-el-sector-privado-valoran-el-apoyo-a-la-produccion-a-traves-del-fogaer\/#primaryimage"},"image":{"@id":"https:\/\/informelitoral.com.ar\/desde-el-sector-privado-valoran-el-apoyo-a-la-produccion-a-traves-del-fogaer\/#primaryimage"},"thumbnailUrl":"https:\/\/informelitoral.com.ar\/%77%70%2d%63%6f%6e%74%65%6e%74\/uploads\/2022\/04\/p_1649787521.jpg","datePublished":"2022-04-12T20:24:33+00:00","breadcrumb":{"@id":"https:\/\/informelitoral.com.ar\/desde-el-sector-privado-valoran-el-apoyo-a-la-produccion-a-traves-del-fogaer\/#breadcrumb"},"inLanguage":"es","potentialAction":[{"@type":"ReadAction","target":["https:\/\/informelitoral.com.ar\/desde-el-sector-privado-valoran-el-apoyo-a-la-produccion-a-traves-del-fogaer\/"]}]},{"@type":"ImageObject","inLanguage":"es","@id":"https:\/\/informelitoral.com.ar\/desde-el-sector-privado-valoran-el-apoyo-a-la-produccion-a-traves-del-fogaer\/#primaryimage","url":"https:\/\/informelitoral.com.ar\/%77%70%2d%63%6f%6e%74%65%6e%74\/uploads\/2022\/04\/p_1649787521.jpg","contentUrl":"https:\/\/informelitoral.com.ar\/%77%70%2d%63%6f%6e%74%65%6e%74\/uploads\/2022\/04\/p_1649787521.jpg","width":1920,"height":800},{"@type":"BreadcrumbList","@id":"https:\/\/informelitoral.com.ar\/desde-el-sector-privado-valoran-el-apoyo-a-la-produccion-a-traves-del-fogaer\/#breadcrumb","itemListElement":[{"@type":"ListItem","position":1,"name":"Portada","item":"https:\/\/informelitoral.com.ar\/"},{"@type":"ListItem","position":2,"name":"Desde el sector privado valoran el apoyo a la producci\u00f3n a trav\u00e9s del Fogaer"}]},{"@type":"WebSite","@id":"https:\/\/informelitoral.com.ar\/#website","url":"https:\/\/informelitoral.com.ar\/","name":"Informe Litoral","description":"&quot;Nos informamos&quot; ","publisher":{"@id":"https:\/\/informelitoral.com.ar\/#organization"},"potentialAction":[{"@type":"SearchAction","target":{"@type":"EntryPoint","urlTemplate":"https:\/\/informelitoral.com.ar\/?s={search_term_string}"},"query-input":{"@type":"PropertyValueSpecification","valueRequired":true,"valueName":"search_term_string"}}],"inLanguage":"es"},{"@type":"Organization","@id":"https:\/\/informelitoral.com.ar\/#organization","name":"Informe Litoral","url":"https:\/\/informelitoral.com.ar\/","logo":{"@type":"ImageObject","inLanguage":"es","@id":"https:\/\/informelitoral.com.ar\/#\/schema\/logo\/image\/","url":"https:\/\/informelitoral.com.ar\/%77%70%2d%63%6f%6e%74%65%6e%74\/uploads\/2021\/01\/circulo.png","contentUrl":"https:\/\/informelitoral.com.ar\/%77%70%2d%63%6f%6e%74%65%6e%74\/uploads\/2021\/01\/circulo.png","width":723,"height":731,"caption":"Informe Litoral"},"image":{"@id":"https:\/\/informelitoral.com.ar\/#\/schema\/logo\/image\/"},"sameAs":["https:\/\/www.facebook.com\/informelitoral\/","https:\/\/x.com\/InformeLitoral","https:\/\/www.instagram.com\/informelitoral\/","https:\/\/www.youtube.com\/channel\/UCua4Qvz8Icb6MYqhoq9xLXw"]},{"@type":"Person","@id":"https:\/\/informelitoral.com.ar\/#\/schema\/person\/f05f9f461677119578717524b127d6d5","name":"Sebastian","image":{"@type":"ImageObject","inLanguage":"es","@id":"https:\/\/secure.gravatar.com\/avatar\/b71bf7481d447dfb9583c7f2798e7cc64de6efb9067b74633ed8c31059a3bd82?s=96&d=mm&r=g","url":"https:\/\/secure.gravatar.com\/avatar\/b71bf7481d447dfb9583c7f2798e7cc64de6efb9067b74633ed8c31059a3bd82?s=96&d=mm&r=g","contentUrl":"https:\/\/secure.gravatar.com\/avatar\/b71bf7481d447dfb9583c7f2798e7cc64de6efb9067b74633ed8c31059a3bd82?s=96&d=mm&r=g","caption":"Sebastian"},"url":"https:\/\/informelitoral.com.ar\/author\/sebastian\/"}]}},"_links":{"self":[{"href":"https:\/\/informelitoral.com.ar\/%77%70%2d%6a%73%6f%6e\/wp\/v2\/posts\/75591","targetHints":{"allow":["GET"]}}],"collection":[{"href":"https:\/\/informelitoral.com.ar\/%77%70%2d%6a%73%6f%6e\/wp\/v2\/posts"}],"about":[{"href":"https:\/\/informelitoral.com.ar\/%77%70%2d%6a%73%6f%6e\/wp\/v2\/types\/post"}],"author":[{"embeddable":true,"href":"https:\/\/informelitoral.com.ar\/%77%70%2d%6a%73%6f%6e\/wp\/v2\/users\/8"}],"replies":[{"embeddable":true,"href":"https:\/\/informelitoral.com.ar\/%77%70%2d%6a%73%6f%6e\/wp\/v2\/comments?post=75591"}],"version-history":[{"count":0,"href":"https:\/\/informelitoral.com.ar\/%77%70%2d%6a%73%6f%6e\/wp\/v2\/posts\/75591\/revisions"}],"wp:featuredmedia":[{"embeddable":true,"href":"https:\/\/informelitoral.com.ar\/%77%70%2d%6a%73%6f%6e\/wp\/v2\/media\/75592"}],"wp:attachment":[{"href":"https:\/\/informelitoral.com.ar\/%77%70%2d%6a%73%6f%6e\/wp\/v2\/media?parent=75591"}],"wp:term":[{"taxonomy":"category","embeddable":true,"href":"https:\/\/informelitoral.com.ar\/%77%70%2d%6a%73%6f%6e\/wp\/v2\/categories?post=75591"},{"taxonomy":"post_tag","embeddable":true,"href":"https:\/\/informelitoral.com.ar\/%77%70%2d%6a%73%6f%6e\/wp\/v2\/tags?post=75591"}],"curies":[{"name":"wp","href":"https:\/\/api.w.org\/{rel}","templated":true}]}}