{"id":75586,"date":"2022-04-12T14:21:05","date_gmt":"2022-04-12T17:21:05","guid":{"rendered":"https:\/\/www.informelitoral.com.ar\/?p=75586"},"modified":"2022-04-12T20:07:36","modified_gmt":"2022-04-12T23:07:36","slug":"oficializaron-aumento-para-empleadas-domesticas-las-nuevas-escalas-salariales","status":"publish","type":"post","link":"https:\/\/informelitoral.com.ar\/oficializaron-aumento-para-empleadas-domesticas-las-nuevas-escalas-salariales\/","title":{"rendered":"Oficializaron aumento para empleadas dom\u00e9sticas: las nuevas escalas salariales"},"content":{"rendered":"<p>El Ministerio de Trabajo, Empleo y Seguridad Social oficializ\u00f3 el aumento de trabajadoras de casas particulares que contar\u00e1n con un nuevo aumento en los salarios de abril, mayo, junio y julio. Para la paritaria 2022-2023 se estableci\u00f3 una suba del 15% desde junio, con una revisi\u00f3n en agosto.<\/p>\n<p>Con un aumento en los salarios de empleadas dom\u00e9sticas del 6% en abril y 9% en mayo, el a\u00f1o paritario suma un incremento total del 65%. Adem\u00e1s, el documento que comparti\u00f3 la cartera de Trabajo indica que se prev\u00e9 otra actualizaci\u00f3n del 15% para junio y una nueva revisi\u00f3n en agosto.<\/p>\n<p><b>Los aumentos<\/b><\/p>\n<p>Marzo 2022: 12% (impacta en abril)<br \/>\nAbril 2022: 6% (impacta en mayo)<br \/>\nMayo 2022: 9% (impacta en junio)<br \/>\nJunio 2022: 15% (julio)<\/p>\n<h5>Escala salarial<\/h5>\n<p><b>La escala salarial de empleadas dom\u00e9sticas con el incremento del 6% en abril qued\u00f3 de la siguiente manera:<\/b><\/p>\n<p>Supervisora con retiro: por hora $355,6 \/ por mes $44.405,52<br \/>\nSupervisora sin retiro: por hora $389,5 \/ por mes $49.463,81<br \/>\nPersonal para tareas espec\u00edficas con retiro: por hora $336,5 \/ por mes $41.253,73<br \/>\nPersonal para tareas espec\u00edficas sin retiro: por hora $348 \/ por mes $45.924,5<br \/>\nCaseros con retiro y sin retiro: por hora $317,5 \/ por mes $40.251.38<br \/>\nCuidado de personas con retiro: por hora $317.5 \/ por mes $40.251.38<br \/>\nCuidado de personas sin retiro: por hora $354.04 \/ por mes $44.856,02<br \/>\nPersonal para tareas generales con retiro: por hora $294.68 \/ por mes $36.196,88<br \/>\nPersonal para tareas generales sin retiro: por hora $317.5 \/ $40.251,38<\/p>\n<p><b>En tanto, los montos desde mayo ser\u00e1n:<\/b><\/p>\n<p>Supervisora con retiro: por hora $387,6 \/ por mes $48.402<br \/>\nSupervisora sin retiro: por hora $424,5 \/ por mes $53.915,5<br \/>\nPersonal para tareas espec\u00edficas con retiro: por hora $366,7 \/ por mes $44.253,7<br \/>\nPersonal para tareas espec\u00edficas sin retiro: por hora $379,3 \/ por mes $50.057,7<br \/>\nCaseros con retiro y sin retiro: por hora $346 \/ por mes $43.874<br \/>\nCuidado de personas con retiro: por hora $346 \/ por mes $43.874<br \/>\nCuidado de personas sin retiro: por hora $385,09 \/ por mes $48.893<br \/>\nPersonal para tareas generales con retiro: por hora $321,2 \/ por mes $39.454,5<br \/>\nPersonal para tareas generales sin retiro: por hora $346 \/ $43.874<\/p>\n","protected":false},"excerpt":{"rendered":"<p>Con las subas en los salarios de empleadas dom\u00e9sticas del 6% en abril y 9% en mayo, el a\u00f1o paritario suma un incremento total del 65%. Adem\u00e1s, se prev\u00e9 otra actualizaci\u00f3n del 15% para junio y una nueva revisi\u00f3n en agosto.<\/p>\n","protected":false},"author":8,"featured_media":75588,"comment_status":"open","ping_status":"open","sticky":false,"template":"","format":"standard","meta":{"fifu_image_url":"","fifu_image_alt":"","footnotes":""},"categories":[1594],"tags":[1931],"class_list":{"0":"post-75586","1":"post","2":"type-post","3":"status-publish","4":"format-standard","5":"has-post-thumbnail","7":"category-economia","8":"tag-aumento-salarial"},"yoast_head":"<title>Oficializaron aumento para empleadas dom\u00e9sticas: las nuevas escalas salariales - Informe Litoral<\/title>\n<meta name=\"robots\" content=\"index, follow, max-snippet:-1, max-image-preview:large, max-video-preview:-1\" \/>\n<link rel=\"canonical\" href=\"https:\/\/informelitoral.com.ar\/oficializaron-aumento-para-empleadas-domesticas-las-nuevas-escalas-salariales\/\" \/>\n<meta property=\"og:locale\" content=\"es_ES\" \/>\n<meta property=\"og:type\" content=\"article\" \/>\n<meta property=\"og:title\" content=\"Oficializaron aumento para empleadas dom\u00e9sticas: las nuevas escalas salariales - Informe Litoral\" \/>\n<meta property=\"og:description\" content=\"Con las subas en los salarios de empleadas dom\u00e9sticas del 6% en abril y 9% en mayo, el a\u00f1o paritario suma un incremento total del 65%. Adem\u00e1s, se prev\u00e9 otra actualizaci\u00f3n del 15% para junio y una nueva revisi\u00f3n en agosto.\" \/>\n<meta property=\"og:url\" content=\"https:\/\/informelitoral.com.ar\/oficializaron-aumento-para-empleadas-domesticas-las-nuevas-escalas-salariales\/\" \/>\n<meta property=\"og:site_name\" content=\"Informe Litoral\" \/>\n<meta property=\"article:publisher\" content=\"https:\/\/www.facebook.com\/informelitoral\/\" \/>\n<meta property=\"article:published_time\" content=\"2022-04-12T17:21:05+00:00\" \/>\n<meta property=\"article:modified_time\" content=\"2022-04-12T23:07:36+00:00\" \/>\n<meta property=\"og:image\" content=\"https:\/\/informelitoral.com.ar\/%77%70%2d%63%6f%6e%74%65%6e%74\/uploads\/2022\/04\/1619530019936.jpg\" \/>\n\t<meta property=\"og:image:width\" content=\"800\" \/>\n\t<meta property=\"og:image:height\" content=\"450\" \/>\n\t<meta property=\"og:image:type\" content=\"image\/jpeg\" \/>\n<meta name=\"author\" content=\"Sebastian\" \/>\n<meta name=\"twitter:card\" content=\"summary_large_image\" \/>\n<meta name=\"twitter:creator\" content=\"@InformeLitoral\" \/>\n<meta name=\"twitter:site\" content=\"@InformeLitoral\" \/>\n<meta name=\"twitter:label1\" content=\"Escrito por\" \/>\n\t<meta name=\"twitter:data1\" content=\"Sebastian\" \/>\n\t<meta name=\"twitter:label2\" content=\"Tiempo de lectura\" \/>\n\t<meta name=\"twitter:data2\" content=\"2 minutos\" \/>\n<script type=\"application\/ld+json\" class=\"yoast-schema-graph\">{\"@context\":\"https:\\\/\\\/schema.org\",\"@graph\":[{\"@type\":\"Article\",\"@id\":\"https:\\\/\\\/informelitoral.com.ar\\\/oficializaron-aumento-para-empleadas-domesticas-las-nuevas-escalas-salariales\\\/#article\",\"isPartOf\":{\"@id\":\"https:\\\/\\\/informelitoral.com.ar\\\/oficializaron-aumento-para-empleadas-domesticas-las-nuevas-escalas-salariales\\\/\"},\"author\":{\"name\":\"Sebastian\",\"@id\":\"https:\\\/\\\/informelitoral.com.ar\\\/#\\\/schema\\\/person\\\/f05f9f461677119578717524b127d6d5\"},\"headline\":\"Oficializaron aumento para empleadas dom\u00e9sticas: las nuevas escalas salariales\",\"datePublished\":\"2022-04-12T17:21:05+00:00\",\"dateModified\":\"2022-04-12T23:07:36+00:00\",\"mainEntityOfPage\":{\"@id\":\"https:\\\/\\\/informelitoral.com.ar\\\/oficializaron-aumento-para-empleadas-domesticas-las-nuevas-escalas-salariales\\\/\"},\"wordCount\":319,\"commentCount\":0,\"publisher\":{\"@id\":\"https:\\\/\\\/informelitoral.com.ar\\\/#organization\"},\"image\":{\"@id\":\"https:\\\/\\\/informelitoral.com.ar\\\/oficializaron-aumento-para-empleadas-domesticas-las-nuevas-escalas-salariales\\\/#primaryimage\"},\"thumbnailUrl\":\"https:\\\/\\\/informelitoral.com.ar\\\/%77%70%2d%63%6f%6e%74%65%6e%74\\\/uploads\\\/2022\\\/04\\\/1619530019936.jpg\",\"keywords\":[\"Aumento Salarial\"],\"articleSection\":[\"Econom\u00eda\"],\"inLanguage\":\"es\",\"potentialAction\":[{\"@type\":\"CommentAction\",\"name\":\"Comment\",\"target\":[\"https:\\\/\\\/informelitoral.com.ar\\\/oficializaron-aumento-para-empleadas-domesticas-las-nuevas-escalas-salariales\\\/#respond\"]}]},{\"@type\":\"WebPage\",\"@id\":\"https:\\\/\\\/informelitoral.com.ar\\\/oficializaron-aumento-para-empleadas-domesticas-las-nuevas-escalas-salariales\\\/\",\"url\":\"https:\\\/\\\/informelitoral.com.ar\\\/oficializaron-aumento-para-empleadas-domesticas-las-nuevas-escalas-salariales\\\/\",\"name\":\"Oficializaron aumento para empleadas dom\u00e9sticas: las nuevas escalas salariales - Informe Litoral\",\"isPartOf\":{\"@id\":\"https:\\\/\\\/informelitoral.com.ar\\\/#website\"},\"primaryImageOfPage\":{\"@id\":\"https:\\\/\\\/informelitoral.com.ar\\\/oficializaron-aumento-para-empleadas-domesticas-las-nuevas-escalas-salariales\\\/#primaryimage\"},\"image\":{\"@id\":\"https:\\\/\\\/informelitoral.com.ar\\\/oficializaron-aumento-para-empleadas-domesticas-las-nuevas-escalas-salariales\\\/#primaryimage\"},\"thumbnailUrl\":\"https:\\\/\\\/informelitoral.com.ar\\\/%77%70%2d%63%6f%6e%74%65%6e%74\\\/uploads\\\/2022\\\/04\\\/1619530019936.jpg\",\"datePublished\":\"2022-04-12T17:21:05+00:00\",\"dateModified\":\"2022-04-12T23:07:36+00:00\",\"breadcrumb\":{\"@id\":\"https:\\\/\\\/informelitoral.com.ar\\\/oficializaron-aumento-para-empleadas-domesticas-las-nuevas-escalas-salariales\\\/#breadcrumb\"},\"inLanguage\":\"es\",\"potentialAction\":[{\"@type\":\"ReadAction\",\"target\":[\"https:\\\/\\\/informelitoral.com.ar\\\/oficializaron-aumento-para-empleadas-domesticas-las-nuevas-escalas-salariales\\\/\"]}]},{\"@type\":\"ImageObject\",\"inLanguage\":\"es\",\"@id\":\"https:\\\/\\\/informelitoral.com.ar\\\/oficializaron-aumento-para-empleadas-domesticas-las-nuevas-escalas-salariales\\\/#primaryimage\",\"url\":\"https:\\\/\\\/informelitoral.com.ar\\\/%77%70%2d%63%6f%6e%74%65%6e%74\\\/uploads\\\/2022\\\/04\\\/1619530019936.jpg\",\"contentUrl\":\"https:\\\/\\\/informelitoral.com.ar\\\/%77%70%2d%63%6f%6e%74%65%6e%74\\\/uploads\\\/2022\\\/04\\\/1619530019936.jpg\",\"width\":800,\"height\":450},{\"@type\":\"BreadcrumbList\",\"@id\":\"https:\\\/\\\/informelitoral.com.ar\\\/oficializaron-aumento-para-empleadas-domesticas-las-nuevas-escalas-salariales\\\/#breadcrumb\",\"itemListElement\":[{\"@type\":\"ListItem\",\"position\":1,\"name\":\"Portada\",\"item\":\"https:\\\/\\\/informelitoral.com.ar\\\/\"},{\"@type\":\"ListItem\",\"position\":2,\"name\":\"Oficializaron aumento para empleadas dom\u00e9sticas: las nuevas escalas salariales\"}]},{\"@type\":\"WebSite\",\"@id\":\"https:\\\/\\\/informelitoral.com.ar\\\/#website\",\"url\":\"https:\\\/\\\/informelitoral.com.ar\\\/\",\"name\":\"Informe Litoral\",\"description\":\"&quot;Nos informamos&quot; \",\"publisher\":{\"@id\":\"https:\\\/\\\/informelitoral.com.ar\\\/#organization\"},\"potentialAction\":[{\"@type\":\"SearchAction\",\"target\":{\"@type\":\"EntryPoint\",\"urlTemplate\":\"https:\\\/\\\/informelitoral.com.ar\\\/?s={search_term_string}\"},\"query-input\":{\"@type\":\"PropertyValueSpecification\",\"valueRequired\":true,\"valueName\":\"search_term_string\"}}],\"inLanguage\":\"es\"},{\"@type\":\"Organization\",\"@id\":\"https:\\\/\\\/informelitoral.com.ar\\\/#organization\",\"name\":\"Informe Litoral\",\"url\":\"https:\\\/\\\/informelitoral.com.ar\\\/\",\"logo\":{\"@type\":\"ImageObject\",\"inLanguage\":\"es\",\"@id\":\"https:\\\/\\\/informelitoral.com.ar\\\/#\\\/schema\\\/logo\\\/image\\\/\",\"url\":\"https:\\\/\\\/informelitoral.com.ar\\\/%77%70%2d%63%6f%6e%74%65%6e%74\\\/uploads\\\/2021\\\/01\\\/circulo.png\",\"contentUrl\":\"https:\\\/\\\/informelitoral.com.ar\\\/%77%70%2d%63%6f%6e%74%65%6e%74\\\/uploads\\\/2021\\\/01\\\/circulo.png\",\"width\":723,\"height\":731,\"caption\":\"Informe Litoral\"},\"image\":{\"@id\":\"https:\\\/\\\/informelitoral.com.ar\\\/#\\\/schema\\\/logo\\\/image\\\/\"},\"sameAs\":[\"https:\\\/\\\/www.facebook.com\\\/informelitoral\\\/\",\"https:\\\/\\\/x.com\\\/InformeLitoral\",\"https:\\\/\\\/www.instagram.com\\\/informelitoral\\\/\",\"https:\\\/\\\/www.youtube.com\\\/channel\\\/UCua4Qvz8Icb6MYqhoq9xLXw\"]},{\"@type\":\"Person\",\"@id\":\"https:\\\/\\\/informelitoral.com.ar\\\/#\\\/schema\\\/person\\\/f05f9f461677119578717524b127d6d5\",\"name\":\"Sebastian\",\"image\":{\"@type\":\"ImageObject\",\"inLanguage\":\"es\",\"@id\":\"https:\\\/\\\/secure.gravatar.com\\\/avatar\\\/b71bf7481d447dfb9583c7f2798e7cc64de6efb9067b74633ed8c31059a3bd82?s=96&d=mm&r=g\",\"url\":\"https:\\\/\\\/secure.gravatar.com\\\/avatar\\\/b71bf7481d447dfb9583c7f2798e7cc64de6efb9067b74633ed8c31059a3bd82?s=96&d=mm&r=g\",\"contentUrl\":\"https:\\\/\\\/secure.gravatar.com\\\/avatar\\\/b71bf7481d447dfb9583c7f2798e7cc64de6efb9067b74633ed8c31059a3bd82?s=96&d=mm&r=g\",\"caption\":\"Sebastian\"},\"url\":\"https:\\\/\\\/informelitoral.com.ar\\\/author\\\/sebastian\\\/\"}]}<\/script>","yoast_head_json":{"title":"Oficializaron aumento para empleadas dom\u00e9sticas: las nuevas escalas salariales - Informe Litoral","robots":{"index":"index","follow":"follow","max-snippet":"max-snippet:-1","max-image-preview":"max-image-preview:large","max-video-preview":"max-video-preview:-1"},"canonical":"https:\/\/informelitoral.com.ar\/oficializaron-aumento-para-empleadas-domesticas-las-nuevas-escalas-salariales\/","og_locale":"es_ES","og_type":"article","og_title":"Oficializaron aumento para empleadas dom\u00e9sticas: las nuevas escalas salariales - Informe Litoral","og_description":"Con las subas en los salarios de empleadas dom\u00e9sticas del 6% en abril y 9% en mayo, el a\u00f1o paritario suma un incremento total del 65%. Adem\u00e1s, se prev\u00e9 otra actualizaci\u00f3n del 15% para junio y una nueva revisi\u00f3n en agosto.","og_url":"https:\/\/informelitoral.com.ar\/oficializaron-aumento-para-empleadas-domesticas-las-nuevas-escalas-salariales\/","og_site_name":"Informe Litoral","article_publisher":"https:\/\/www.facebook.com\/informelitoral\/","article_published_time":"2022-04-12T17:21:05+00:00","article_modified_time":"2022-04-12T23:07:36+00:00","og_image":[{"width":800,"height":450,"url":"https:\/\/informelitoral.com.ar\/%77%70%2d%63%6f%6e%74%65%6e%74\/uploads\/2022\/04\/1619530019936.jpg","type":"image\/jpeg"}],"author":"Sebastian","twitter_card":"summary_large_image","twitter_creator":"@InformeLitoral","twitter_site":"@InformeLitoral","twitter_misc":{"Escrito por":"Sebastian","Tiempo de lectura":"2 minutos"},"schema":{"@context":"https:\/\/schema.org","@graph":[{"@type":"Article","@id":"https:\/\/informelitoral.com.ar\/oficializaron-aumento-para-empleadas-domesticas-las-nuevas-escalas-salariales\/#article","isPartOf":{"@id":"https:\/\/informelitoral.com.ar\/oficializaron-aumento-para-empleadas-domesticas-las-nuevas-escalas-salariales\/"},"author":{"name":"Sebastian","@id":"https:\/\/informelitoral.com.ar\/#\/schema\/person\/f05f9f461677119578717524b127d6d5"},"headline":"Oficializaron aumento para empleadas dom\u00e9sticas: las nuevas escalas salariales","datePublished":"2022-04-12T17:21:05+00:00","dateModified":"2022-04-12T23:07:36+00:00","mainEntityOfPage":{"@id":"https:\/\/informelitoral.com.ar\/oficializaron-aumento-para-empleadas-domesticas-las-nuevas-escalas-salariales\/"},"wordCount":319,"commentCount":0,"publisher":{"@id":"https:\/\/informelitoral.com.ar\/#organization"},"image":{"@id":"https:\/\/informelitoral.com.ar\/oficializaron-aumento-para-empleadas-domesticas-las-nuevas-escalas-salariales\/#primaryimage"},"thumbnailUrl":"https:\/\/informelitoral.com.ar\/%77%70%2d%63%6f%6e%74%65%6e%74\/uploads\/2022\/04\/1619530019936.jpg","keywords":["Aumento Salarial"],"articleSection":["Econom\u00eda"],"inLanguage":"es","potentialAction":[{"@type":"CommentAction","name":"Comment","target":["https:\/\/informelitoral.com.ar\/oficializaron-aumento-para-empleadas-domesticas-las-nuevas-escalas-salariales\/#respond"]}]},{"@type":"WebPage","@id":"https:\/\/informelitoral.com.ar\/oficializaron-aumento-para-empleadas-domesticas-las-nuevas-escalas-salariales\/","url":"https:\/\/informelitoral.com.ar\/oficializaron-aumento-para-empleadas-domesticas-las-nuevas-escalas-salariales\/","name":"Oficializaron aumento para empleadas dom\u00e9sticas: las nuevas escalas salariales - Informe Litoral","isPartOf":{"@id":"https:\/\/informelitoral.com.ar\/#website"},"primaryImageOfPage":{"@id":"https:\/\/informelitoral.com.ar\/oficializaron-aumento-para-empleadas-domesticas-las-nuevas-escalas-salariales\/#primaryimage"},"image":{"@id":"https:\/\/informelitoral.com.ar\/oficializaron-aumento-para-empleadas-domesticas-las-nuevas-escalas-salariales\/#primaryimage"},"thumbnailUrl":"https:\/\/informelitoral.com.ar\/%77%70%2d%63%6f%6e%74%65%6e%74\/uploads\/2022\/04\/1619530019936.jpg","datePublished":"2022-04-12T17:21:05+00:00","dateModified":"2022-04-12T23:07:36+00:00","breadcrumb":{"@id":"https:\/\/informelitoral.com.ar\/oficializaron-aumento-para-empleadas-domesticas-las-nuevas-escalas-salariales\/#breadcrumb"},"inLanguage":"es","potentialAction":[{"@type":"ReadAction","target":["https:\/\/informelitoral.com.ar\/oficializaron-aumento-para-empleadas-domesticas-las-nuevas-escalas-salariales\/"]}]},{"@type":"ImageObject","inLanguage":"es","@id":"https:\/\/informelitoral.com.ar\/oficializaron-aumento-para-empleadas-domesticas-las-nuevas-escalas-salariales\/#primaryimage","url":"https:\/\/informelitoral.com.ar\/%77%70%2d%63%6f%6e%74%65%6e%74\/uploads\/2022\/04\/1619530019936.jpg","contentUrl":"https:\/\/informelitoral.com.ar\/%77%70%2d%63%6f%6e%74%65%6e%74\/uploads\/2022\/04\/1619530019936.jpg","width":800,"height":450},{"@type":"BreadcrumbList","@id":"https:\/\/informelitoral.com.ar\/oficializaron-aumento-para-empleadas-domesticas-las-nuevas-escalas-salariales\/#breadcrumb","itemListElement":[{"@type":"ListItem","position":1,"name":"Portada","item":"https:\/\/informelitoral.com.ar\/"},{"@type":"ListItem","position":2,"name":"Oficializaron aumento para empleadas dom\u00e9sticas: las nuevas escalas salariales"}]},{"@type":"WebSite","@id":"https:\/\/informelitoral.com.ar\/#website","url":"https:\/\/informelitoral.com.ar\/","name":"Informe Litoral","description":"&quot;Nos informamos&quot; ","publisher":{"@id":"https:\/\/informelitoral.com.ar\/#organization"},"potentialAction":[{"@type":"SearchAction","target":{"@type":"EntryPoint","urlTemplate":"https:\/\/informelitoral.com.ar\/?s={search_term_string}"},"query-input":{"@type":"PropertyValueSpecification","valueRequired":true,"valueName":"search_term_string"}}],"inLanguage":"es"},{"@type":"Organization","@id":"https:\/\/informelitoral.com.ar\/#organization","name":"Informe Litoral","url":"https:\/\/informelitoral.com.ar\/","logo":{"@type":"ImageObject","inLanguage":"es","@id":"https:\/\/informelitoral.com.ar\/#\/schema\/logo\/image\/","url":"https:\/\/informelitoral.com.ar\/%77%70%2d%63%6f%6e%74%65%6e%74\/uploads\/2021\/01\/circulo.png","contentUrl":"https:\/\/informelitoral.com.ar\/%77%70%2d%63%6f%6e%74%65%6e%74\/uploads\/2021\/01\/circulo.png","width":723,"height":731,"caption":"Informe Litoral"},"image":{"@id":"https:\/\/informelitoral.com.ar\/#\/schema\/logo\/image\/"},"sameAs":["https:\/\/www.facebook.com\/informelitoral\/","https:\/\/x.com\/InformeLitoral","https:\/\/www.instagram.com\/informelitoral\/","https:\/\/www.youtube.com\/channel\/UCua4Qvz8Icb6MYqhoq9xLXw"]},{"@type":"Person","@id":"https:\/\/informelitoral.com.ar\/#\/schema\/person\/f05f9f461677119578717524b127d6d5","name":"Sebastian","image":{"@type":"ImageObject","inLanguage":"es","@id":"https:\/\/secure.gravatar.com\/avatar\/b71bf7481d447dfb9583c7f2798e7cc64de6efb9067b74633ed8c31059a3bd82?s=96&d=mm&r=g","url":"https:\/\/secure.gravatar.com\/avatar\/b71bf7481d447dfb9583c7f2798e7cc64de6efb9067b74633ed8c31059a3bd82?s=96&d=mm&r=g","contentUrl":"https:\/\/secure.gravatar.com\/avatar\/b71bf7481d447dfb9583c7f2798e7cc64de6efb9067b74633ed8c31059a3bd82?s=96&d=mm&r=g","caption":"Sebastian"},"url":"https:\/\/informelitoral.com.ar\/author\/sebastian\/"}]}},"_links":{"self":[{"href":"https:\/\/informelitoral.com.ar\/%77%70%2d%6a%73%6f%6e\/wp\/v2\/posts\/75586","targetHints":{"allow":["GET"]}}],"collection":[{"href":"https:\/\/informelitoral.com.ar\/%77%70%2d%6a%73%6f%6e\/wp\/v2\/posts"}],"about":[{"href":"https:\/\/informelitoral.com.ar\/%77%70%2d%6a%73%6f%6e\/wp\/v2\/types\/post"}],"author":[{"embeddable":true,"href":"https:\/\/informelitoral.com.ar\/%77%70%2d%6a%73%6f%6e\/wp\/v2\/users\/8"}],"replies":[{"embeddable":true,"href":"https:\/\/informelitoral.com.ar\/%77%70%2d%6a%73%6f%6e\/wp\/v2\/comments?post=75586"}],"version-history":[{"count":0,"href":"https:\/\/informelitoral.com.ar\/%77%70%2d%6a%73%6f%6e\/wp\/v2\/posts\/75586\/revisions"}],"wp:featuredmedia":[{"embeddable":true,"href":"https:\/\/informelitoral.com.ar\/%77%70%2d%6a%73%6f%6e\/wp\/v2\/media\/75588"}],"wp:attachment":[{"href":"https:\/\/informelitoral.com.ar\/%77%70%2d%6a%73%6f%6e\/wp\/v2\/media?parent=75586"}],"wp:term":[{"taxonomy":"category","embeddable":true,"href":"https:\/\/informelitoral.com.ar\/%77%70%2d%6a%73%6f%6e\/wp\/v2\/categories?post=75586"},{"taxonomy":"post_tag","embeddable":true,"href":"https:\/\/informelitoral.com.ar\/%77%70%2d%6a%73%6f%6e\/wp\/v2\/tags?post=75586"}],"curies":[{"name":"wp","href":"https:\/\/api.w.org\/{rel}","templated":true}]}}