{"id":75408,"date":"2022-04-10T18:31:59","date_gmt":"2022-04-10T21:31:59","guid":{"rendered":"https:\/\/www.informelitoral.com.ar\/?p=75408"},"modified":"2022-04-10T20:35:07","modified_gmt":"2022-04-10T23:35:07","slug":"galimberti-y-schneider-lanzan-parana-cambia","status":"publish","type":"post","link":"https:\/\/informelitoral.com.ar\/galimberti-y-schneider-lanzan-parana-cambia\/","title":{"rendered":"Galimberti y Schneider lanzan Paran\u00e1 Cambia"},"content":{"rendered":"<p>La presentaci\u00f3n en sociedad del espacio pol\u00edtico ser\u00e1 este lunes 11, a las 10:30, en una conferencia de prensa que se realizar\u00e1 en Puerto S\u00e1nchez, frente al comedor de Dardy, en el mismo escenario que sirvi\u00f3 de lanzamiento, en 2021, de Entre R\u00edos Cambia, cuando <strong>Pedro Galimberti, Dar\u00edo Schneider<\/strong> y <strong>Mariana Salinas<\/strong>, hicieron el lanzamiento de la lista que compiti\u00f3 en las primarias con esta denominaci\u00f3n.<\/p>\n<p>\u00abTanto Dar\u00edo como yo estamos llevando adelante un importante trabajo territorial, que alternamos con nuestras responsabilidades institucionales, con el prop\u00f3sito de seguir consolidando y ampliando Entre R\u00edos Cambia que, como ya dijimos, ser\u00e1 protagonista del proceso pol\u00edtico que nos permitir\u00e1 los entrerrianos cerrar con el ciclo de 20 a\u00f1os de gobiernos peronistas\u00bb, explic\u00f3 Galimberti.<\/p>\n<p>El intendente de Crespo, <strong>Dar\u00edo Schneider<\/strong>, por su parte, a\u00f1adi\u00f3 que \u00abesta tarea implica prepararnos para competir y, sobre todo para gobernar, porque nada ser\u00e1 sencillo en Entre R\u00edos. Por eso tenemos que hablarle a los entrerrianos en forma clara y sincera y construir una propuesta que enamore y que est\u00e9 anclada en los sectores de la producci\u00f3n y el trabajo\u00bb, sintetiz\u00f3.<\/p>\n<p>Ambos dirigentes, acompa\u00f1ados de otros referentes provinciales de Entre R\u00edos Cambia, ser\u00e1n parte de la presentaci\u00f3n de este nuevo espacio pol\u00edtico local y multipartidario que comenz\u00f3 a gestarse antes del proceso electoral anterior.<\/p>\n<p>\u00abVenimos trabajando desde antes de las primarias del a\u00f1o pasado, madurando la idea de construir un sue\u00f1o colectivo para la ciudad de Paran\u00e1 y desde nuestro lugar pretendemos sumar, en Juntos por el Cambio, a todos los que est\u00e9n trabajando en favor de un proyecto de transformaci\u00f3n y cambio, que sea superador a lo que han sido las \u00faltimas administraciones municipales, porque los paranaenses nos merecemos mucho m\u00e1s\u00bb, expres\u00f3<strong> Jorge Izaguirre,<\/strong> de Paran\u00e1 Cambia, que ser\u00e1 quien conducir\u00e1 la presentaci\u00f3n junto a Galimberti y Schneider.<\/p>\n<p>\u00abAs\u00ed como ocurri\u00f3 en la provincia somos un equipo que entiende que la construcci\u00f3n es \u00abde abajo hacia arriba\u00bb, porque los problemas que debe resolver la ciudad, y las oportunidades que deja pasar, no se resuelven con un liderazgo individual\u00bb, dijo Izaguirre, quien anticip\u00f3 que tras la presentaci\u00f3n de Paran\u00e1 Cambia intensificar\u00e1n el trabajo territorial en los barrios de la ciudad, tratando de escuchar al vecino y, a partir de all\u00ed, construir una propuesta competitiva que los tendr\u00e1 como protagonistas.<\/p>\n<p>Para el mes de mayo, adem\u00e1s, seg\u00fan se supo, Paran\u00e1 Cambia inaugurar\u00e1 su sede en un local c\u00e9ntrico de la capital provincial.<\/p>\n","protected":false},"excerpt":{"rendered":"<p>Ser\u00e1 este lunes a las 10.30, mediante una conferencia de prensa en Puerto S\u00e1nchez. El referente en la capital provincial ser\u00e1 Jorge Izaguirre. Para fines de mayo tienen previsto inaugurar su sede partidaria. <\/p>\n","protected":false},"author":2,"featured_media":75409,"comment_status":"open","ping_status":"open","sticky":false,"template":"","format":"standard","meta":{"fifu_image_url":"","fifu_image_alt":"","footnotes":""},"categories":[16],"tags":[1521,3401,3510,2313],"class_list":{"0":"post-75408","1":"post","2":"type-post","3":"status-publish","4":"format-standard","5":"has-post-thumbnail","7":"category-politi","8":"tag-dario-schneider","9":"tag-elecciones-2023","10":"tag-parana-cambia","11":"tag-pedro-galimberti"},"yoast_head":"<title>Galimberti y Schneider lanzan Paran\u00e1 Cambia - Informe Litoral<\/title>\n<meta name=\"robots\" content=\"index, follow, max-snippet:-1, max-image-preview:large, max-video-preview:-1\" \/>\n<link rel=\"canonical\" href=\"https:\/\/informelitoral.com.ar\/galimberti-y-schneider-lanzan-parana-cambia\/\" \/>\n<meta property=\"og:locale\" content=\"es_ES\" \/>\n<meta property=\"og:type\" content=\"article\" \/>\n<meta property=\"og:title\" content=\"Galimberti y Schneider lanzan Paran\u00e1 Cambia - Informe Litoral\" \/>\n<meta property=\"og:description\" content=\"Ser\u00e1 este lunes a las 10.30, mediante una conferencia de prensa en Puerto S\u00e1nchez. El referente en la capital provincial ser\u00e1 Jorge Izaguirre. Para fines de mayo tienen previsto inaugurar su sede partidaria.\" \/>\n<meta property=\"og:url\" content=\"https:\/\/informelitoral.com.ar\/galimberti-y-schneider-lanzan-parana-cambia\/\" \/>\n<meta property=\"og:site_name\" content=\"Informe Litoral\" \/>\n<meta property=\"article:publisher\" content=\"https:\/\/www.facebook.com\/informelitoral\/\" \/>\n<meta property=\"article:published_time\" content=\"2022-04-10T21:31:59+00:00\" \/>\n<meta property=\"article:modified_time\" content=\"2022-04-10T23:35:07+00:00\" \/>\n<meta property=\"og:image\" content=\"https:\/\/informelitoral.com.ar\/%77%70%2d%63%6f%6e%74%65%6e%74\/uploads\/2022\/04\/Galimberti-Schneider.jpg\" \/>\n\t<meta property=\"og:image:width\" content=\"960\" \/>\n\t<meta property=\"og:image:height\" content=\"669\" \/>\n\t<meta property=\"og:image:type\" content=\"image\/jpeg\" \/>\n<meta name=\"author\" content=\"Gonzalo Schmidt\" \/>\n<meta name=\"twitter:card\" content=\"summary_large_image\" \/>\n<meta name=\"twitter:creator\" content=\"@InformeLitoral\" \/>\n<meta name=\"twitter:site\" content=\"@InformeLitoral\" \/>\n<meta name=\"twitter:label1\" content=\"Escrito por\" \/>\n\t<meta name=\"twitter:data1\" content=\"Gonzalo Schmidt\" \/>\n\t<meta name=\"twitter:label2\" content=\"Tiempo de lectura\" \/>\n\t<meta name=\"twitter:data2\" content=\"2 minutos\" \/>\n<script type=\"application\/ld+json\" class=\"yoast-schema-graph\">{\"@context\":\"https:\\\/\\\/schema.org\",\"@graph\":[{\"@type\":\"Article\",\"@id\":\"https:\\\/\\\/informelitoral.com.ar\\\/galimberti-y-schneider-lanzan-parana-cambia\\\/#article\",\"isPartOf\":{\"@id\":\"https:\\\/\\\/informelitoral.com.ar\\\/galimberti-y-schneider-lanzan-parana-cambia\\\/\"},\"author\":{\"name\":\"Gonzalo Schmidt\",\"@id\":\"https:\\\/\\\/informelitoral.com.ar\\\/#\\\/schema\\\/person\\\/b9d00407c836482871ef1d57bf8e3180\"},\"headline\":\"Galimberti y Schneider lanzan Paran\u00e1 Cambia\",\"datePublished\":\"2022-04-10T21:31:59+00:00\",\"dateModified\":\"2022-04-10T23:35:07+00:00\",\"mainEntityOfPage\":{\"@id\":\"https:\\\/\\\/informelitoral.com.ar\\\/galimberti-y-schneider-lanzan-parana-cambia\\\/\"},\"wordCount\":436,\"commentCount\":0,\"publisher\":{\"@id\":\"https:\\\/\\\/informelitoral.com.ar\\\/#organization\"},\"image\":{\"@id\":\"https:\\\/\\\/informelitoral.com.ar\\\/galimberti-y-schneider-lanzan-parana-cambia\\\/#primaryimage\"},\"thumbnailUrl\":\"https:\\\/\\\/informelitoral.com.ar\\\/%77%70%2d%63%6f%6e%74%65%6e%74\\\/uploads\\\/2022\\\/04\\\/Galimberti-Schneider.jpg\",\"keywords\":[\"Dar\u00edo Schneider\",\"Elecciones 2023\",\"Paran\u00e1 Cambia\",\"Pedro Galimberti\"],\"articleSection\":[\"Politica\"],\"inLanguage\":\"es\",\"potentialAction\":[{\"@type\":\"CommentAction\",\"name\":\"Comment\",\"target\":[\"https:\\\/\\\/informelitoral.com.ar\\\/galimberti-y-schneider-lanzan-parana-cambia\\\/#respond\"]}]},{\"@type\":\"WebPage\",\"@id\":\"https:\\\/\\\/informelitoral.com.ar\\\/galimberti-y-schneider-lanzan-parana-cambia\\\/\",\"url\":\"https:\\\/\\\/informelitoral.com.ar\\\/galimberti-y-schneider-lanzan-parana-cambia\\\/\",\"name\":\"Galimberti y Schneider lanzan Paran\u00e1 Cambia - Informe Litoral\",\"isPartOf\":{\"@id\":\"https:\\\/\\\/informelitoral.com.ar\\\/#website\"},\"primaryImageOfPage\":{\"@id\":\"https:\\\/\\\/informelitoral.com.ar\\\/galimberti-y-schneider-lanzan-parana-cambia\\\/#primaryimage\"},\"image\":{\"@id\":\"https:\\\/\\\/informelitoral.com.ar\\\/galimberti-y-schneider-lanzan-parana-cambia\\\/#primaryimage\"},\"thumbnailUrl\":\"https:\\\/\\\/informelitoral.com.ar\\\/%77%70%2d%63%6f%6e%74%65%6e%74\\\/uploads\\\/2022\\\/04\\\/Galimberti-Schneider.jpg\",\"datePublished\":\"2022-04-10T21:31:59+00:00\",\"dateModified\":\"2022-04-10T23:35:07+00:00\",\"breadcrumb\":{\"@id\":\"https:\\\/\\\/informelitoral.com.ar\\\/galimberti-y-schneider-lanzan-parana-cambia\\\/#breadcrumb\"},\"inLanguage\":\"es\",\"potentialAction\":[{\"@type\":\"ReadAction\",\"target\":[\"https:\\\/\\\/informelitoral.com.ar\\\/galimberti-y-schneider-lanzan-parana-cambia\\\/\"]}]},{\"@type\":\"ImageObject\",\"inLanguage\":\"es\",\"@id\":\"https:\\\/\\\/informelitoral.com.ar\\\/galimberti-y-schneider-lanzan-parana-cambia\\\/#primaryimage\",\"url\":\"https:\\\/\\\/informelitoral.com.ar\\\/%77%70%2d%63%6f%6e%74%65%6e%74\\\/uploads\\\/2022\\\/04\\\/Galimberti-Schneider.jpg\",\"contentUrl\":\"https:\\\/\\\/informelitoral.com.ar\\\/%77%70%2d%63%6f%6e%74%65%6e%74\\\/uploads\\\/2022\\\/04\\\/Galimberti-Schneider.jpg\",\"width\":960,\"height\":669},{\"@type\":\"BreadcrumbList\",\"@id\":\"https:\\\/\\\/informelitoral.com.ar\\\/galimberti-y-schneider-lanzan-parana-cambia\\\/#breadcrumb\",\"itemListElement\":[{\"@type\":\"ListItem\",\"position\":1,\"name\":\"Portada\",\"item\":\"https:\\\/\\\/informelitoral.com.ar\\\/\"},{\"@type\":\"ListItem\",\"position\":2,\"name\":\"Galimberti y Schneider lanzan Paran\u00e1 Cambia\"}]},{\"@type\":\"WebSite\",\"@id\":\"https:\\\/\\\/informelitoral.com.ar\\\/#website\",\"url\":\"https:\\\/\\\/informelitoral.com.ar\\\/\",\"name\":\"Informe Litoral\",\"description\":\"&quot;Nos informamos&quot; \",\"publisher\":{\"@id\":\"https:\\\/\\\/informelitoral.com.ar\\\/#organization\"},\"potentialAction\":[{\"@type\":\"SearchAction\",\"target\":{\"@type\":\"EntryPoint\",\"urlTemplate\":\"https:\\\/\\\/informelitoral.com.ar\\\/?s={search_term_string}\"},\"query-input\":{\"@type\":\"PropertyValueSpecification\",\"valueRequired\":true,\"valueName\":\"search_term_string\"}}],\"inLanguage\":\"es\"},{\"@type\":\"Organization\",\"@id\":\"https:\\\/\\\/informelitoral.com.ar\\\/#organization\",\"name\":\"Informe Litoral\",\"url\":\"https:\\\/\\\/informelitoral.com.ar\\\/\",\"logo\":{\"@type\":\"ImageObject\",\"inLanguage\":\"es\",\"@id\":\"https:\\\/\\\/informelitoral.com.ar\\\/#\\\/schema\\\/logo\\\/image\\\/\",\"url\":\"https:\\\/\\\/informelitoral.com.ar\\\/%77%70%2d%63%6f%6e%74%65%6e%74\\\/uploads\\\/2021\\\/01\\\/circulo.png\",\"contentUrl\":\"https:\\\/\\\/informelitoral.com.ar\\\/%77%70%2d%63%6f%6e%74%65%6e%74\\\/uploads\\\/2021\\\/01\\\/circulo.png\",\"width\":723,\"height\":731,\"caption\":\"Informe Litoral\"},\"image\":{\"@id\":\"https:\\\/\\\/informelitoral.com.ar\\\/#\\\/schema\\\/logo\\\/image\\\/\"},\"sameAs\":[\"https:\\\/\\\/www.facebook.com\\\/informelitoral\\\/\",\"https:\\\/\\\/x.com\\\/InformeLitoral\",\"https:\\\/\\\/www.instagram.com\\\/informelitoral\\\/\",\"https:\\\/\\\/www.youtube.com\\\/channel\\\/UCua4Qvz8Icb6MYqhoq9xLXw\"]},{\"@type\":\"Person\",\"@id\":\"https:\\\/\\\/informelitoral.com.ar\\\/#\\\/schema\\\/person\\\/b9d00407c836482871ef1d57bf8e3180\",\"name\":\"Gonzalo Schmidt\",\"image\":{\"@type\":\"ImageObject\",\"inLanguage\":\"es\",\"@id\":\"https:\\\/\\\/secure.gravatar.com\\\/avatar\\\/31a1a7b66ff2de83bd0e9fd79d026630d2d99e55e8bfe501287647b4fd9743de?s=96&d=mm&r=g\",\"url\":\"https:\\\/\\\/secure.gravatar.com\\\/avatar\\\/31a1a7b66ff2de83bd0e9fd79d026630d2d99e55e8bfe501287647b4fd9743de?s=96&d=mm&r=g\",\"contentUrl\":\"https:\\\/\\\/secure.gravatar.com\\\/avatar\\\/31a1a7b66ff2de83bd0e9fd79d026630d2d99e55e8bfe501287647b4fd9743de?s=96&d=mm&r=g\",\"caption\":\"Gonzalo Schmidt\"},\"description\":\"Sitio web de noticias de la provincia de Entre R\u00edos, Argentina. Informaci\u00f3n y entretenimiento. Informe Litoral, nos informamos.\",\"sameAs\":[\"http:\\\/\\\/www.isletasnoticias.com.ar\"],\"url\":\"https:\\\/\\\/informelitoral.com.ar\\\/author\\\/gonzalo\\\/\"}]}<\/script>","yoast_head_json":{"title":"Galimberti y Schneider lanzan Paran\u00e1 Cambia - Informe Litoral","robots":{"index":"index","follow":"follow","max-snippet":"max-snippet:-1","max-image-preview":"max-image-preview:large","max-video-preview":"max-video-preview:-1"},"canonical":"https:\/\/informelitoral.com.ar\/galimberti-y-schneider-lanzan-parana-cambia\/","og_locale":"es_ES","og_type":"article","og_title":"Galimberti y Schneider lanzan Paran\u00e1 Cambia - Informe Litoral","og_description":"Ser\u00e1 este lunes a las 10.30, mediante una conferencia de prensa en Puerto S\u00e1nchez. El referente en la capital provincial ser\u00e1 Jorge Izaguirre. Para fines de mayo tienen previsto inaugurar su sede partidaria.","og_url":"https:\/\/informelitoral.com.ar\/galimberti-y-schneider-lanzan-parana-cambia\/","og_site_name":"Informe Litoral","article_publisher":"https:\/\/www.facebook.com\/informelitoral\/","article_published_time":"2022-04-10T21:31:59+00:00","article_modified_time":"2022-04-10T23:35:07+00:00","og_image":[{"width":960,"height":669,"url":"https:\/\/informelitoral.com.ar\/%77%70%2d%63%6f%6e%74%65%6e%74\/uploads\/2022\/04\/Galimberti-Schneider.jpg","type":"image\/jpeg"}],"author":"Gonzalo Schmidt","twitter_card":"summary_large_image","twitter_creator":"@InformeLitoral","twitter_site":"@InformeLitoral","twitter_misc":{"Escrito por":"Gonzalo Schmidt","Tiempo de lectura":"2 minutos"},"schema":{"@context":"https:\/\/schema.org","@graph":[{"@type":"Article","@id":"https:\/\/informelitoral.com.ar\/galimberti-y-schneider-lanzan-parana-cambia\/#article","isPartOf":{"@id":"https:\/\/informelitoral.com.ar\/galimberti-y-schneider-lanzan-parana-cambia\/"},"author":{"name":"Gonzalo Schmidt","@id":"https:\/\/informelitoral.com.ar\/#\/schema\/person\/b9d00407c836482871ef1d57bf8e3180"},"headline":"Galimberti y Schneider lanzan Paran\u00e1 Cambia","datePublished":"2022-04-10T21:31:59+00:00","dateModified":"2022-04-10T23:35:07+00:00","mainEntityOfPage":{"@id":"https:\/\/informelitoral.com.ar\/galimberti-y-schneider-lanzan-parana-cambia\/"},"wordCount":436,"commentCount":0,"publisher":{"@id":"https:\/\/informelitoral.com.ar\/#organization"},"image":{"@id":"https:\/\/informelitoral.com.ar\/galimberti-y-schneider-lanzan-parana-cambia\/#primaryimage"},"thumbnailUrl":"https:\/\/informelitoral.com.ar\/%77%70%2d%63%6f%6e%74%65%6e%74\/uploads\/2022\/04\/Galimberti-Schneider.jpg","keywords":["Dar\u00edo Schneider","Elecciones 2023","Paran\u00e1 Cambia","Pedro Galimberti"],"articleSection":["Politica"],"inLanguage":"es","potentialAction":[{"@type":"CommentAction","name":"Comment","target":["https:\/\/informelitoral.com.ar\/galimberti-y-schneider-lanzan-parana-cambia\/#respond"]}]},{"@type":"WebPage","@id":"https:\/\/informelitoral.com.ar\/galimberti-y-schneider-lanzan-parana-cambia\/","url":"https:\/\/informelitoral.com.ar\/galimberti-y-schneider-lanzan-parana-cambia\/","name":"Galimberti y Schneider lanzan Paran\u00e1 Cambia - Informe Litoral","isPartOf":{"@id":"https:\/\/informelitoral.com.ar\/#website"},"primaryImageOfPage":{"@id":"https:\/\/informelitoral.com.ar\/galimberti-y-schneider-lanzan-parana-cambia\/#primaryimage"},"image":{"@id":"https:\/\/informelitoral.com.ar\/galimberti-y-schneider-lanzan-parana-cambia\/#primaryimage"},"thumbnailUrl":"https:\/\/informelitoral.com.ar\/%77%70%2d%63%6f%6e%74%65%6e%74\/uploads\/2022\/04\/Galimberti-Schneider.jpg","datePublished":"2022-04-10T21:31:59+00:00","dateModified":"2022-04-10T23:35:07+00:00","breadcrumb":{"@id":"https:\/\/informelitoral.com.ar\/galimberti-y-schneider-lanzan-parana-cambia\/#breadcrumb"},"inLanguage":"es","potentialAction":[{"@type":"ReadAction","target":["https:\/\/informelitoral.com.ar\/galimberti-y-schneider-lanzan-parana-cambia\/"]}]},{"@type":"ImageObject","inLanguage":"es","@id":"https:\/\/informelitoral.com.ar\/galimberti-y-schneider-lanzan-parana-cambia\/#primaryimage","url":"https:\/\/informelitoral.com.ar\/%77%70%2d%63%6f%6e%74%65%6e%74\/uploads\/2022\/04\/Galimberti-Schneider.jpg","contentUrl":"https:\/\/informelitoral.com.ar\/%77%70%2d%63%6f%6e%74%65%6e%74\/uploads\/2022\/04\/Galimberti-Schneider.jpg","width":960,"height":669},{"@type":"BreadcrumbList","@id":"https:\/\/informelitoral.com.ar\/galimberti-y-schneider-lanzan-parana-cambia\/#breadcrumb","itemListElement":[{"@type":"ListItem","position":1,"name":"Portada","item":"https:\/\/informelitoral.com.ar\/"},{"@type":"ListItem","position":2,"name":"Galimberti y Schneider lanzan Paran\u00e1 Cambia"}]},{"@type":"WebSite","@id":"https:\/\/informelitoral.com.ar\/#website","url":"https:\/\/informelitoral.com.ar\/","name":"Informe Litoral","description":"&quot;Nos informamos&quot; ","publisher":{"@id":"https:\/\/informelitoral.com.ar\/#organization"},"potentialAction":[{"@type":"SearchAction","target":{"@type":"EntryPoint","urlTemplate":"https:\/\/informelitoral.com.ar\/?s={search_term_string}"},"query-input":{"@type":"PropertyValueSpecification","valueRequired":true,"valueName":"search_term_string"}}],"inLanguage":"es"},{"@type":"Organization","@id":"https:\/\/informelitoral.com.ar\/#organization","name":"Informe Litoral","url":"https:\/\/informelitoral.com.ar\/","logo":{"@type":"ImageObject","inLanguage":"es","@id":"https:\/\/informelitoral.com.ar\/#\/schema\/logo\/image\/","url":"https:\/\/informelitoral.com.ar\/%77%70%2d%63%6f%6e%74%65%6e%74\/uploads\/2021\/01\/circulo.png","contentUrl":"https:\/\/informelitoral.com.ar\/%77%70%2d%63%6f%6e%74%65%6e%74\/uploads\/2021\/01\/circulo.png","width":723,"height":731,"caption":"Informe Litoral"},"image":{"@id":"https:\/\/informelitoral.com.ar\/#\/schema\/logo\/image\/"},"sameAs":["https:\/\/www.facebook.com\/informelitoral\/","https:\/\/x.com\/InformeLitoral","https:\/\/www.instagram.com\/informelitoral\/","https:\/\/www.youtube.com\/channel\/UCua4Qvz8Icb6MYqhoq9xLXw"]},{"@type":"Person","@id":"https:\/\/informelitoral.com.ar\/#\/schema\/person\/b9d00407c836482871ef1d57bf8e3180","name":"Gonzalo Schmidt","image":{"@type":"ImageObject","inLanguage":"es","@id":"https:\/\/secure.gravatar.com\/avatar\/31a1a7b66ff2de83bd0e9fd79d026630d2d99e55e8bfe501287647b4fd9743de?s=96&d=mm&r=g","url":"https:\/\/secure.gravatar.com\/avatar\/31a1a7b66ff2de83bd0e9fd79d026630d2d99e55e8bfe501287647b4fd9743de?s=96&d=mm&r=g","contentUrl":"https:\/\/secure.gravatar.com\/avatar\/31a1a7b66ff2de83bd0e9fd79d026630d2d99e55e8bfe501287647b4fd9743de?s=96&d=mm&r=g","caption":"Gonzalo Schmidt"},"description":"Sitio web de noticias de la provincia de Entre R\u00edos, Argentina. Informaci\u00f3n y entretenimiento. Informe Litoral, nos informamos.","sameAs":["http:\/\/www.isletasnoticias.com.ar"],"url":"https:\/\/informelitoral.com.ar\/author\/gonzalo\/"}]}},"_links":{"self":[{"href":"https:\/\/informelitoral.com.ar\/%77%70%2d%6a%73%6f%6e\/wp\/v2\/posts\/75408","targetHints":{"allow":["GET"]}}],"collection":[{"href":"https:\/\/informelitoral.com.ar\/%77%70%2d%6a%73%6f%6e\/wp\/v2\/posts"}],"about":[{"href":"https:\/\/informelitoral.com.ar\/%77%70%2d%6a%73%6f%6e\/wp\/v2\/types\/post"}],"author":[{"embeddable":true,"href":"https:\/\/informelitoral.com.ar\/%77%70%2d%6a%73%6f%6e\/wp\/v2\/users\/2"}],"replies":[{"embeddable":true,"href":"https:\/\/informelitoral.com.ar\/%77%70%2d%6a%73%6f%6e\/wp\/v2\/comments?post=75408"}],"version-history":[{"count":0,"href":"https:\/\/informelitoral.com.ar\/%77%70%2d%6a%73%6f%6e\/wp\/v2\/posts\/75408\/revisions"}],"wp:featuredmedia":[{"embeddable":true,"href":"https:\/\/informelitoral.com.ar\/%77%70%2d%6a%73%6f%6e\/wp\/v2\/media\/75409"}],"wp:attachment":[{"href":"https:\/\/informelitoral.com.ar\/%77%70%2d%6a%73%6f%6e\/wp\/v2\/media?parent=75408"}],"wp:term":[{"taxonomy":"category","embeddable":true,"href":"https:\/\/informelitoral.com.ar\/%77%70%2d%6a%73%6f%6e\/wp\/v2\/categories?post=75408"},{"taxonomy":"post_tag","embeddable":true,"href":"https:\/\/informelitoral.com.ar\/%77%70%2d%6a%73%6f%6e\/wp\/v2\/tags?post=75408"}],"curies":[{"name":"wp","href":"https:\/\/api.w.org\/{rel}","templated":true}]}}