{"id":75229,"date":"2022-04-08T08:28:16","date_gmt":"2022-04-08T11:28:16","guid":{"rendered":"https:\/\/www.informelitoral.com.ar\/?p=75229"},"modified":"2022-04-08T08:28:16","modified_gmt":"2022-04-08T11:28:16","slug":"carne-frenaran-exportaciones-a-frigorificos-que-no-cumplan-acuerdos-de-precios","status":"publish","type":"post","link":"https:\/\/informelitoral.com.ar\/carne-frenaran-exportaciones-a-frigorificos-que-no-cumplan-acuerdos-de-precios\/","title":{"rendered":"Carne: frenar\u00e1n exportaciones a frigor\u00edficos que no cumplan acuerdos de precios"},"content":{"rendered":"<p>\u201cAcabo de terminar la reuni\u00f3n con el Consorcio ABC. Les inform\u00e9 que quienes no cumplan con los compromisos asumidos con las y los argentinos, no podr\u00e1n continuar exportando carne\u201d, dijo en marzo pasado el ministro de Agricultura, Juli\u00e1n Dom\u00ednguez, tras un encuentro con esa c\u00e1mara de exportadores de carne.<\/p>\n<p>Seg\u00fan la resoluci\u00f3n conjunta 4 del Ministerio de Agricultura y el Ministerio de Desarrollo Productivo, conocida hoy en el Bolet\u00edn Oficial, la cartera agr\u00edcola podr\u00e1 frenar cualquier exportaci\u00f3n de carne hasta tanto la Secretar\u00eda de Comercio Interior informe que se cumpli\u00f3 con los compromisos con el Gobierno en materia de acuerdos por abastecimiento y precios.<\/p>\n<p>En abril de 2021, una normativa conjunta de ambos Ministerios cre\u00f3 las Declaraciones Juradas de Operaciones de Exportaci\u00f3n de Carne (DJEC). Desde un comienzo, las entidades del campo advirtieron que ese mecanismo iba a servir para eventualmente controlar las ventas al exterior.<\/p>\n<p>La resoluci\u00f3n de hoy se\u00f1ala que \u201cla Secretar\u00eda de Comercio Interior informar\u00e1 a la Direcci\u00f3n Nacional de Control Comercial Agropecuario los incumplimientos, en el marco de su competencia, a los acuerdos de precios y\/o normativa aplicable a la industria de carne vacuna concretados por parte de los sujetos obligados en los t\u00e9rminos del Art\u00edculo 1\u00ba de la citada Resoluci\u00f3n Conjunta N\u00ba RESFC-2021-3-APN-MAGYP [es la norma que cre\u00f3 las DJEC]\u201d.<\/p>\n<p>Luego a\u00f1ade: \u201cLa Direcci\u00f3n Nacional de Control Comercial Agropecuario observar\u00e1 las Declaraciones Juradas de Operaciones de Exportaci\u00f3n de Carne (DJEC) seg\u00fan lo informado por la referida Secretar\u00eda de Comercio Interior hasta que \u00e9sta informe que los sujetos obligados hayan cumplido con el r\u00e9gimen aplicable\u201d.<\/p>\n<p>Seg\u00fan hab\u00edan dicho en Agricultura en marzo pasado, sobre un compromiso de 6000 toneladas por mes de abastecimiento de los exportadores al mercado interno, \u201cen febrero cumplieron con 2500 toneladas, el 40%\u201d.<\/p>\n<p>\u201cEl conflicto b\u00e9lico en la regi\u00f3n del Mar Negro (Ucrania-Federaci\u00f3n Rusa) a\u00f1ade mayores riesgos a la seguridad alimentaria ya que afecta de forma significativa el abastecimiento global de productos alimentarios y genera alzas en los precios internacionales\u201d, dice la normativa. Se\u00f1ala que el \u00edndice de precios de la carne de la FAO registr\u00f3 un promedio de 112,8 puntos, \u201cesto es un 1,1 % m\u00e1s que el mes anterior y un 15,3% por encima de febrero 2021\u2033. A\u00f1ade que \u201cen febrero las cotizaciones internacionales de la carne bovina alcanzaron un nuevo r\u00e9cord, impulsadas por una fuerte demanda mundial de importaciones\u201d.<\/p>\n<p>Luego de que en marzo pasado los frigor\u00edficos exportadores intentaran bajarse de Cortes Cuidados, ayer Comercio Interior inform\u00f3 la renovaci\u00f3n de ese programa con siete cortes que se encuentran en supermercados.<\/p>\n<p>Seg\u00fan indic\u00f3, para la nueva etapa, que se extender\u00e1 hasta el 7 de julio, \u201clos valores de los cortes ser\u00e1n (por kilo): asado $679, vac\u00edo $815, matambre $810, falda $449, tapa de asado $679, nalga $859 y paleta $699. En este caso, los cortes tienen una pauta promedio de aumento del 2,8% para el primer mes. Adem\u00e1s, el asado y la falda mantienen el mismo precio que en la fase anterior\u201d.<\/p>\n","protected":false},"excerpt":{"rendered":"<p>El Ministerio de Agricultura \u201cobservar\u00e1\u201d aprobaciones para vender al exterior cuando la Secretar\u00eda de Comercio Interior informe incumplimientos por parte de las empresas que tienen convenios para el mercado local.<\/p>\n","protected":false},"author":8,"featured_media":75230,"comment_status":"open","ping_status":"open","sticky":false,"template":"","format":"standard","meta":{"fifu_image_url":"","fifu_image_alt":"","footnotes":""},"categories":[1594],"tags":[3503,83,1061],"class_list":{"0":"post-75229","1":"post","2":"type-post","3":"status-publish","4":"format-standard","5":"has-post-thumbnail","7":"category-economia","8":"tag-acuerdo-de-precio","9":"tag-exportaciones","10":"tag-frigorificos"},"yoast_head":"<title>Carne: frenar\u00e1n exportaciones a frigor\u00edficos que no cumplan acuerdos de precios - Informe Litoral<\/title>\n<meta name=\"robots\" content=\"index, follow, max-snippet:-1, max-image-preview:large, max-video-preview:-1\" \/>\n<link rel=\"canonical\" href=\"https:\/\/informelitoral.com.ar\/carne-frenaran-exportaciones-a-frigorificos-que-no-cumplan-acuerdos-de-precios\/\" \/>\n<meta property=\"og:locale\" content=\"es_ES\" \/>\n<meta property=\"og:type\" content=\"article\" \/>\n<meta property=\"og:title\" content=\"Carne: frenar\u00e1n exportaciones a frigor\u00edficos que no cumplan acuerdos de precios - Informe Litoral\" \/>\n<meta property=\"og:description\" content=\"El Ministerio de Agricultura \u201cobservar\u00e1\u201d aprobaciones para vender al exterior cuando la Secretar\u00eda de Comercio Interior informe incumplimientos por parte de las empresas que tienen convenios para el mercado local.\" \/>\n<meta property=\"og:url\" content=\"https:\/\/informelitoral.com.ar\/carne-frenaran-exportaciones-a-frigorificos-que-no-cumplan-acuerdos-de-precios\/\" \/>\n<meta property=\"og:site_name\" content=\"Informe Litoral\" \/>\n<meta property=\"article:publisher\" content=\"https:\/\/www.facebook.com\/informelitoral\/\" \/>\n<meta property=\"article:published_time\" content=\"2022-04-08T11:28:16+00:00\" \/>\n<meta property=\"og:image\" content=\"https:\/\/informelitoral.com.ar\/%77%70%2d%63%6f%6e%74%65%6e%74\/uploads\/2022\/04\/EJ43SZQORVADLKYNKWZJDYGDQA.jpg\" \/>\n\t<meta property=\"og:image:width\" content=\"769\" \/>\n\t<meta property=\"og:image:height\" content=\"495\" \/>\n\t<meta property=\"og:image:type\" content=\"image\/jpeg\" \/>\n<meta name=\"author\" content=\"Sebastian\" \/>\n<meta name=\"twitter:card\" content=\"summary_large_image\" \/>\n<meta name=\"twitter:creator\" content=\"@InformeLitoral\" \/>\n<meta name=\"twitter:site\" content=\"@InformeLitoral\" \/>\n<meta name=\"twitter:label1\" content=\"Escrito por\" \/>\n\t<meta name=\"twitter:data1\" content=\"Sebastian\" \/>\n\t<meta name=\"twitter:label2\" content=\"Tiempo de lectura\" \/>\n\t<meta name=\"twitter:data2\" content=\"3 minutos\" \/>\n<script type=\"application\/ld+json\" class=\"yoast-schema-graph\">{\"@context\":\"https:\\\/\\\/schema.org\",\"@graph\":[{\"@type\":\"Article\",\"@id\":\"https:\\\/\\\/informelitoral.com.ar\\\/carne-frenaran-exportaciones-a-frigorificos-que-no-cumplan-acuerdos-de-precios\\\/#article\",\"isPartOf\":{\"@id\":\"https:\\\/\\\/informelitoral.com.ar\\\/carne-frenaran-exportaciones-a-frigorificos-que-no-cumplan-acuerdos-de-precios\\\/\"},\"author\":{\"name\":\"Sebastian\",\"@id\":\"https:\\\/\\\/informelitoral.com.ar\\\/#\\\/schema\\\/person\\\/f05f9f461677119578717524b127d6d5\"},\"headline\":\"Carne: frenar\u00e1n exportaciones a frigor\u00edficos que no cumplan acuerdos de precios\",\"datePublished\":\"2022-04-08T11:28:16+00:00\",\"mainEntityOfPage\":{\"@id\":\"https:\\\/\\\/informelitoral.com.ar\\\/carne-frenaran-exportaciones-a-frigorificos-que-no-cumplan-acuerdos-de-precios\\\/\"},\"wordCount\":529,\"commentCount\":0,\"publisher\":{\"@id\":\"https:\\\/\\\/informelitoral.com.ar\\\/#organization\"},\"image\":{\"@id\":\"https:\\\/\\\/informelitoral.com.ar\\\/carne-frenaran-exportaciones-a-frigorificos-que-no-cumplan-acuerdos-de-precios\\\/#primaryimage\"},\"thumbnailUrl\":\"https:\\\/\\\/informelitoral.com.ar\\\/%77%70%2d%63%6f%6e%74%65%6e%74\\\/uploads\\\/2022\\\/04\\\/EJ43SZQORVADLKYNKWZJDYGDQA.jpg\",\"keywords\":[\"Acuerdo de precio\",\"Exportaciones\",\"Frigor\u00edficos\"],\"articleSection\":[\"Econom\u00eda\"],\"inLanguage\":\"es\",\"potentialAction\":[{\"@type\":\"CommentAction\",\"name\":\"Comment\",\"target\":[\"https:\\\/\\\/informelitoral.com.ar\\\/carne-frenaran-exportaciones-a-frigorificos-que-no-cumplan-acuerdos-de-precios\\\/#respond\"]}]},{\"@type\":\"WebPage\",\"@id\":\"https:\\\/\\\/informelitoral.com.ar\\\/carne-frenaran-exportaciones-a-frigorificos-que-no-cumplan-acuerdos-de-precios\\\/\",\"url\":\"https:\\\/\\\/informelitoral.com.ar\\\/carne-frenaran-exportaciones-a-frigorificos-que-no-cumplan-acuerdos-de-precios\\\/\",\"name\":\"Carne: frenar\u00e1n exportaciones a frigor\u00edficos que no cumplan acuerdos de precios - Informe Litoral\",\"isPartOf\":{\"@id\":\"https:\\\/\\\/informelitoral.com.ar\\\/#website\"},\"primaryImageOfPage\":{\"@id\":\"https:\\\/\\\/informelitoral.com.ar\\\/carne-frenaran-exportaciones-a-frigorificos-que-no-cumplan-acuerdos-de-precios\\\/#primaryimage\"},\"image\":{\"@id\":\"https:\\\/\\\/informelitoral.com.ar\\\/carne-frenaran-exportaciones-a-frigorificos-que-no-cumplan-acuerdos-de-precios\\\/#primaryimage\"},\"thumbnailUrl\":\"https:\\\/\\\/informelitoral.com.ar\\\/%77%70%2d%63%6f%6e%74%65%6e%74\\\/uploads\\\/2022\\\/04\\\/EJ43SZQORVADLKYNKWZJDYGDQA.jpg\",\"datePublished\":\"2022-04-08T11:28:16+00:00\",\"breadcrumb\":{\"@id\":\"https:\\\/\\\/informelitoral.com.ar\\\/carne-frenaran-exportaciones-a-frigorificos-que-no-cumplan-acuerdos-de-precios\\\/#breadcrumb\"},\"inLanguage\":\"es\",\"potentialAction\":[{\"@type\":\"ReadAction\",\"target\":[\"https:\\\/\\\/informelitoral.com.ar\\\/carne-frenaran-exportaciones-a-frigorificos-que-no-cumplan-acuerdos-de-precios\\\/\"]}]},{\"@type\":\"ImageObject\",\"inLanguage\":\"es\",\"@id\":\"https:\\\/\\\/informelitoral.com.ar\\\/carne-frenaran-exportaciones-a-frigorificos-que-no-cumplan-acuerdos-de-precios\\\/#primaryimage\",\"url\":\"https:\\\/\\\/informelitoral.com.ar\\\/%77%70%2d%63%6f%6e%74%65%6e%74\\\/uploads\\\/2022\\\/04\\\/EJ43SZQORVADLKYNKWZJDYGDQA.jpg\",\"contentUrl\":\"https:\\\/\\\/informelitoral.com.ar\\\/%77%70%2d%63%6f%6e%74%65%6e%74\\\/uploads\\\/2022\\\/04\\\/EJ43SZQORVADLKYNKWZJDYGDQA.jpg\",\"width\":769,\"height\":495},{\"@type\":\"BreadcrumbList\",\"@id\":\"https:\\\/\\\/informelitoral.com.ar\\\/carne-frenaran-exportaciones-a-frigorificos-que-no-cumplan-acuerdos-de-precios\\\/#breadcrumb\",\"itemListElement\":[{\"@type\":\"ListItem\",\"position\":1,\"name\":\"Portada\",\"item\":\"https:\\\/\\\/informelitoral.com.ar\\\/\"},{\"@type\":\"ListItem\",\"position\":2,\"name\":\"Carne: frenar\u00e1n exportaciones a frigor\u00edficos que no cumplan acuerdos de precios\"}]},{\"@type\":\"WebSite\",\"@id\":\"https:\\\/\\\/informelitoral.com.ar\\\/#website\",\"url\":\"https:\\\/\\\/informelitoral.com.ar\\\/\",\"name\":\"Informe Litoral\",\"description\":\"&quot;Nos informamos&quot; \",\"publisher\":{\"@id\":\"https:\\\/\\\/informelitoral.com.ar\\\/#organization\"},\"potentialAction\":[{\"@type\":\"SearchAction\",\"target\":{\"@type\":\"EntryPoint\",\"urlTemplate\":\"https:\\\/\\\/informelitoral.com.ar\\\/?s={search_term_string}\"},\"query-input\":{\"@type\":\"PropertyValueSpecification\",\"valueRequired\":true,\"valueName\":\"search_term_string\"}}],\"inLanguage\":\"es\"},{\"@type\":\"Organization\",\"@id\":\"https:\\\/\\\/informelitoral.com.ar\\\/#organization\",\"name\":\"Informe Litoral\",\"url\":\"https:\\\/\\\/informelitoral.com.ar\\\/\",\"logo\":{\"@type\":\"ImageObject\",\"inLanguage\":\"es\",\"@id\":\"https:\\\/\\\/informelitoral.com.ar\\\/#\\\/schema\\\/logo\\\/image\\\/\",\"url\":\"https:\\\/\\\/informelitoral.com.ar\\\/%77%70%2d%63%6f%6e%74%65%6e%74\\\/uploads\\\/2021\\\/01\\\/circulo.png\",\"contentUrl\":\"https:\\\/\\\/informelitoral.com.ar\\\/%77%70%2d%63%6f%6e%74%65%6e%74\\\/uploads\\\/2021\\\/01\\\/circulo.png\",\"width\":723,\"height\":731,\"caption\":\"Informe Litoral\"},\"image\":{\"@id\":\"https:\\\/\\\/informelitoral.com.ar\\\/#\\\/schema\\\/logo\\\/image\\\/\"},\"sameAs\":[\"https:\\\/\\\/www.facebook.com\\\/informelitoral\\\/\",\"https:\\\/\\\/x.com\\\/InformeLitoral\",\"https:\\\/\\\/www.instagram.com\\\/informelitoral\\\/\",\"https:\\\/\\\/www.youtube.com\\\/channel\\\/UCua4Qvz8Icb6MYqhoq9xLXw\"]},{\"@type\":\"Person\",\"@id\":\"https:\\\/\\\/informelitoral.com.ar\\\/#\\\/schema\\\/person\\\/f05f9f461677119578717524b127d6d5\",\"name\":\"Sebastian\",\"image\":{\"@type\":\"ImageObject\",\"inLanguage\":\"es\",\"@id\":\"https:\\\/\\\/secure.gravatar.com\\\/avatar\\\/b71bf7481d447dfb9583c7f2798e7cc64de6efb9067b74633ed8c31059a3bd82?s=96&d=mm&r=g\",\"url\":\"https:\\\/\\\/secure.gravatar.com\\\/avatar\\\/b71bf7481d447dfb9583c7f2798e7cc64de6efb9067b74633ed8c31059a3bd82?s=96&d=mm&r=g\",\"contentUrl\":\"https:\\\/\\\/secure.gravatar.com\\\/avatar\\\/b71bf7481d447dfb9583c7f2798e7cc64de6efb9067b74633ed8c31059a3bd82?s=96&d=mm&r=g\",\"caption\":\"Sebastian\"},\"url\":\"https:\\\/\\\/informelitoral.com.ar\\\/author\\\/sebastian\\\/\"}]}<\/script>","yoast_head_json":{"title":"Carne: frenar\u00e1n exportaciones a frigor\u00edficos que no cumplan acuerdos de precios - Informe Litoral","robots":{"index":"index","follow":"follow","max-snippet":"max-snippet:-1","max-image-preview":"max-image-preview:large","max-video-preview":"max-video-preview:-1"},"canonical":"https:\/\/informelitoral.com.ar\/carne-frenaran-exportaciones-a-frigorificos-que-no-cumplan-acuerdos-de-precios\/","og_locale":"es_ES","og_type":"article","og_title":"Carne: frenar\u00e1n exportaciones a frigor\u00edficos que no cumplan acuerdos de precios - Informe Litoral","og_description":"El Ministerio de Agricultura \u201cobservar\u00e1\u201d aprobaciones para vender al exterior cuando la Secretar\u00eda de Comercio Interior informe incumplimientos por parte de las empresas que tienen convenios para el mercado local.","og_url":"https:\/\/informelitoral.com.ar\/carne-frenaran-exportaciones-a-frigorificos-que-no-cumplan-acuerdos-de-precios\/","og_site_name":"Informe Litoral","article_publisher":"https:\/\/www.facebook.com\/informelitoral\/","article_published_time":"2022-04-08T11:28:16+00:00","og_image":[{"width":769,"height":495,"url":"https:\/\/informelitoral.com.ar\/%77%70%2d%63%6f%6e%74%65%6e%74\/uploads\/2022\/04\/EJ43SZQORVADLKYNKWZJDYGDQA.jpg","type":"image\/jpeg"}],"author":"Sebastian","twitter_card":"summary_large_image","twitter_creator":"@InformeLitoral","twitter_site":"@InformeLitoral","twitter_misc":{"Escrito por":"Sebastian","Tiempo de lectura":"3 minutos"},"schema":{"@context":"https:\/\/schema.org","@graph":[{"@type":"Article","@id":"https:\/\/informelitoral.com.ar\/carne-frenaran-exportaciones-a-frigorificos-que-no-cumplan-acuerdos-de-precios\/#article","isPartOf":{"@id":"https:\/\/informelitoral.com.ar\/carne-frenaran-exportaciones-a-frigorificos-que-no-cumplan-acuerdos-de-precios\/"},"author":{"name":"Sebastian","@id":"https:\/\/informelitoral.com.ar\/#\/schema\/person\/f05f9f461677119578717524b127d6d5"},"headline":"Carne: frenar\u00e1n exportaciones a frigor\u00edficos que no cumplan acuerdos de precios","datePublished":"2022-04-08T11:28:16+00:00","mainEntityOfPage":{"@id":"https:\/\/informelitoral.com.ar\/carne-frenaran-exportaciones-a-frigorificos-que-no-cumplan-acuerdos-de-precios\/"},"wordCount":529,"commentCount":0,"publisher":{"@id":"https:\/\/informelitoral.com.ar\/#organization"},"image":{"@id":"https:\/\/informelitoral.com.ar\/carne-frenaran-exportaciones-a-frigorificos-que-no-cumplan-acuerdos-de-precios\/#primaryimage"},"thumbnailUrl":"https:\/\/informelitoral.com.ar\/%77%70%2d%63%6f%6e%74%65%6e%74\/uploads\/2022\/04\/EJ43SZQORVADLKYNKWZJDYGDQA.jpg","keywords":["Acuerdo de precio","Exportaciones","Frigor\u00edficos"],"articleSection":["Econom\u00eda"],"inLanguage":"es","potentialAction":[{"@type":"CommentAction","name":"Comment","target":["https:\/\/informelitoral.com.ar\/carne-frenaran-exportaciones-a-frigorificos-que-no-cumplan-acuerdos-de-precios\/#respond"]}]},{"@type":"WebPage","@id":"https:\/\/informelitoral.com.ar\/carne-frenaran-exportaciones-a-frigorificos-que-no-cumplan-acuerdos-de-precios\/","url":"https:\/\/informelitoral.com.ar\/carne-frenaran-exportaciones-a-frigorificos-que-no-cumplan-acuerdos-de-precios\/","name":"Carne: frenar\u00e1n exportaciones a frigor\u00edficos que no cumplan acuerdos de precios - Informe Litoral","isPartOf":{"@id":"https:\/\/informelitoral.com.ar\/#website"},"primaryImageOfPage":{"@id":"https:\/\/informelitoral.com.ar\/carne-frenaran-exportaciones-a-frigorificos-que-no-cumplan-acuerdos-de-precios\/#primaryimage"},"image":{"@id":"https:\/\/informelitoral.com.ar\/carne-frenaran-exportaciones-a-frigorificos-que-no-cumplan-acuerdos-de-precios\/#primaryimage"},"thumbnailUrl":"https:\/\/informelitoral.com.ar\/%77%70%2d%63%6f%6e%74%65%6e%74\/uploads\/2022\/04\/EJ43SZQORVADLKYNKWZJDYGDQA.jpg","datePublished":"2022-04-08T11:28:16+00:00","breadcrumb":{"@id":"https:\/\/informelitoral.com.ar\/carne-frenaran-exportaciones-a-frigorificos-que-no-cumplan-acuerdos-de-precios\/#breadcrumb"},"inLanguage":"es","potentialAction":[{"@type":"ReadAction","target":["https:\/\/informelitoral.com.ar\/carne-frenaran-exportaciones-a-frigorificos-que-no-cumplan-acuerdos-de-precios\/"]}]},{"@type":"ImageObject","inLanguage":"es","@id":"https:\/\/informelitoral.com.ar\/carne-frenaran-exportaciones-a-frigorificos-que-no-cumplan-acuerdos-de-precios\/#primaryimage","url":"https:\/\/informelitoral.com.ar\/%77%70%2d%63%6f%6e%74%65%6e%74\/uploads\/2022\/04\/EJ43SZQORVADLKYNKWZJDYGDQA.jpg","contentUrl":"https:\/\/informelitoral.com.ar\/%77%70%2d%63%6f%6e%74%65%6e%74\/uploads\/2022\/04\/EJ43SZQORVADLKYNKWZJDYGDQA.jpg","width":769,"height":495},{"@type":"BreadcrumbList","@id":"https:\/\/informelitoral.com.ar\/carne-frenaran-exportaciones-a-frigorificos-que-no-cumplan-acuerdos-de-precios\/#breadcrumb","itemListElement":[{"@type":"ListItem","position":1,"name":"Portada","item":"https:\/\/informelitoral.com.ar\/"},{"@type":"ListItem","position":2,"name":"Carne: frenar\u00e1n exportaciones a frigor\u00edficos que no cumplan acuerdos de precios"}]},{"@type":"WebSite","@id":"https:\/\/informelitoral.com.ar\/#website","url":"https:\/\/informelitoral.com.ar\/","name":"Informe Litoral","description":"&quot;Nos informamos&quot; ","publisher":{"@id":"https:\/\/informelitoral.com.ar\/#organization"},"potentialAction":[{"@type":"SearchAction","target":{"@type":"EntryPoint","urlTemplate":"https:\/\/informelitoral.com.ar\/?s={search_term_string}"},"query-input":{"@type":"PropertyValueSpecification","valueRequired":true,"valueName":"search_term_string"}}],"inLanguage":"es"},{"@type":"Organization","@id":"https:\/\/informelitoral.com.ar\/#organization","name":"Informe Litoral","url":"https:\/\/informelitoral.com.ar\/","logo":{"@type":"ImageObject","inLanguage":"es","@id":"https:\/\/informelitoral.com.ar\/#\/schema\/logo\/image\/","url":"https:\/\/informelitoral.com.ar\/%77%70%2d%63%6f%6e%74%65%6e%74\/uploads\/2021\/01\/circulo.png","contentUrl":"https:\/\/informelitoral.com.ar\/%77%70%2d%63%6f%6e%74%65%6e%74\/uploads\/2021\/01\/circulo.png","width":723,"height":731,"caption":"Informe Litoral"},"image":{"@id":"https:\/\/informelitoral.com.ar\/#\/schema\/logo\/image\/"},"sameAs":["https:\/\/www.facebook.com\/informelitoral\/","https:\/\/x.com\/InformeLitoral","https:\/\/www.instagram.com\/informelitoral\/","https:\/\/www.youtube.com\/channel\/UCua4Qvz8Icb6MYqhoq9xLXw"]},{"@type":"Person","@id":"https:\/\/informelitoral.com.ar\/#\/schema\/person\/f05f9f461677119578717524b127d6d5","name":"Sebastian","image":{"@type":"ImageObject","inLanguage":"es","@id":"https:\/\/secure.gravatar.com\/avatar\/b71bf7481d447dfb9583c7f2798e7cc64de6efb9067b74633ed8c31059a3bd82?s=96&d=mm&r=g","url":"https:\/\/secure.gravatar.com\/avatar\/b71bf7481d447dfb9583c7f2798e7cc64de6efb9067b74633ed8c31059a3bd82?s=96&d=mm&r=g","contentUrl":"https:\/\/secure.gravatar.com\/avatar\/b71bf7481d447dfb9583c7f2798e7cc64de6efb9067b74633ed8c31059a3bd82?s=96&d=mm&r=g","caption":"Sebastian"},"url":"https:\/\/informelitoral.com.ar\/author\/sebastian\/"}]}},"_links":{"self":[{"href":"https:\/\/informelitoral.com.ar\/%77%70%2d%6a%73%6f%6e\/wp\/v2\/posts\/75229","targetHints":{"allow":["GET"]}}],"collection":[{"href":"https:\/\/informelitoral.com.ar\/%77%70%2d%6a%73%6f%6e\/wp\/v2\/posts"}],"about":[{"href":"https:\/\/informelitoral.com.ar\/%77%70%2d%6a%73%6f%6e\/wp\/v2\/types\/post"}],"author":[{"embeddable":true,"href":"https:\/\/informelitoral.com.ar\/%77%70%2d%6a%73%6f%6e\/wp\/v2\/users\/8"}],"replies":[{"embeddable":true,"href":"https:\/\/informelitoral.com.ar\/%77%70%2d%6a%73%6f%6e\/wp\/v2\/comments?post=75229"}],"version-history":[{"count":0,"href":"https:\/\/informelitoral.com.ar\/%77%70%2d%6a%73%6f%6e\/wp\/v2\/posts\/75229\/revisions"}],"wp:featuredmedia":[{"embeddable":true,"href":"https:\/\/informelitoral.com.ar\/%77%70%2d%6a%73%6f%6e\/wp\/v2\/media\/75230"}],"wp:attachment":[{"href":"https:\/\/informelitoral.com.ar\/%77%70%2d%6a%73%6f%6e\/wp\/v2\/media?parent=75229"}],"wp:term":[{"taxonomy":"category","embeddable":true,"href":"https:\/\/informelitoral.com.ar\/%77%70%2d%6a%73%6f%6e\/wp\/v2\/categories?post=75229"},{"taxonomy":"post_tag","embeddable":true,"href":"https:\/\/informelitoral.com.ar\/%77%70%2d%6a%73%6f%6e\/wp\/v2\/tags?post=75229"}],"curies":[{"name":"wp","href":"https:\/\/api.w.org\/{rel}","templated":true}]}}