{"id":75131,"date":"2022-04-07T07:50:15","date_gmt":"2022-04-07T10:50:15","guid":{"rendered":"https:\/\/www.informelitoral.com.ar\/?p=75131"},"modified":"2022-04-07T08:23:06","modified_gmt":"2022-04-07T11:23:06","slug":"entre-rios-trabaja-con-nacion-para-que-mipymes-accedan-a-creditos-a-tasas-accesibles","status":"publish","type":"post","link":"https:\/\/informelitoral.com.ar\/entre-rios-trabaja-con-nacion-para-que-mipymes-accedan-a-creditos-a-tasas-accesibles\/","title":{"rendered":"Entre R\u00edos trabaja con Naci\u00f3n para que Mipymes accedan a cr\u00e9ditos a tasas accesibles"},"content":{"rendered":"<p>El encuentro se desarroll\u00f3 en las oficinas de la Comisi\u00f3n Nacional de Valores, en la ciudad de Buenos Aires y estuvo encabezado por el presidente de ese organismo, Adri\u00e1n Consentino, y el vicepresidente, Sebasti\u00e1n Negri. Participaron la C\u00e1mara de Fondos de Garant\u00eda que re\u00fane a los organismos provinciales, y el Fondo de Garant\u00eda de la Argentina (Fogar).<\/p>\n<p>\u201cEl acceso al cr\u00e9dito, a tasas razonables, es un factor determinante para consolidar el crecimiento econ\u00f3mico que experimenta la Argentina. Desde el Estado, provincial y nacional, estamos trabajando en nuevos caminos para que las empresas y las personas que deseen invertir en sus comercios, en sus talleres, f\u00e1bricas o en el campo, puedan contar con cr\u00e9ditos accesibles que le permitan ampliar la producci\u00f3n y contratar m\u00e1s empleados\u201d, expres\u00f3 al t\u00e9rmino del encuentro Labriola, que es presidente del Fondo de Garant\u00eda de Entre R\u00edos (Fogaer).<\/p>\n<p>El funcionario provincial se mostr\u00f3 muy satisfecho con el encuentro: \u201csabemos de la limitaci\u00f3n que representa para muchas personas y empresas de Entre R\u00edos las condiciones actuales del mercado financiero. Escuchamos esa demanda y creemos que a trav\u00e9s de estrategias mancomunadas con las entidades crediticias y las c\u00e1maras empresariales, vamos a lograr avances para dar respuesta a quienes quieren producir y generar puestos de trabajo\u201d.<\/p>\n<p>En ese sentido, Labriola se\u00f1al\u00f3 que \u201cdesde Entre R\u00edos venimos trabajando muy bien junto a otras provincias a trav\u00e9s de la C\u00e1mara de Fondos de Garant\u00eda\u201d, y precis\u00f3 que, justamente, \u201cel objetivo de esta reuni\u00f3n es delinear estrategias con la CNV y el Fogar para federalizar e incrementar el mercado de capitales y el acceso a financiamiento de las Pymes y Mipymes con tasas m\u00e1s accesibles\u201d.<\/p>\n<p><b>Fogaer<\/b><\/p>\n<p>A trav\u00e9s de la creaci\u00f3n y posterior capitalizaci\u00f3n del Fondo de Garant\u00edas de Entre R\u00edos (Fogaer), el gobierno provincial se propuso brindar una herramienta concreta para que las micro, peque\u00f1as y medianas empresas (Mipymes) con jurisdicci\u00f3n en la provincia puedan contar con \u201cgarant\u00edas preferidas A\u201d, y de esta manera acceder al financiamiento bancario tradicional y al mercado de capitales en busca de herramientas financieras para su desarrollo productivo.<\/p>\n<p>El Fogaer es uno de los pocos fondos de garant\u00edas de car\u00e1cter p\u00fablico del pa\u00eds en el que trabajan de manera integrada el sector estatal y el privado. Cuenta con un Fondo de Riesgo de cerca de 800 millones de pesos. Esto permite el otorgamiento de garant\u00edas individuales por hasta montos cercanos a los 39 millones de pesos y apalancar el Fondo hasta los 3.100 millones de pesos para el total de las garant\u00edas a otorgar, en beneficio de las Mipymes entrerrianas, que representan, aproximadamente, el 90 por ciento de las empresas de la provincia<\/p>\n<p>Actualmente el Fogaer cuenta con una l\u00ednea de cr\u00e9dito para integrados av\u00edcolas de Entre R\u00edos, por 1000 millones de pesos con tasa del 29,9 por ciento; el programa global de cr\u00e9dito para la reactivaci\u00f3n del sector productivo Fondep \u2013 l\u00ednea de pr\u00e9stamos directos para la reactivaci\u00f3n productiva, con una tasa del 18 por ciento; la l\u00ednea inversi\u00f3n productiva, por un monto total de 400 millones de pesos y tasa del 22 por ciento; una l\u00ednea mercado de capitales \u2013 cheques de pago diferido \u2013 pagar\u00e9s, por 600 millones de pesos, con tasa de mercado; y una l\u00ednea de cr\u00e9ditos del Banco Naci\u00f3n por un monto total de 1.000 millones de pesos para las micro, peque\u00f1as y medianas empresas entrerrianas, en la que el gobierno provincial subsidia cinco puntos de la tasa de inter\u00e9s durante el primer a\u00f1o.<\/p>\n","protected":false},"excerpt":{"rendered":"<p>En el marco de la promoci\u00f3n de acceso al cr\u00e9dito para la producci\u00f3n entrerriana, que lleva adelante el gobernador Gustavo Bordet, el secretario de Hacienda, Gustavo Labriola particip\u00f3 este mi\u00e9rcoles de una reuni\u00f3n con autoridades de la Comisi\u00f3n Nacional de Valores y los fondos de garant\u00edas p\u00fablicos.<\/p>\n","protected":false},"author":8,"featured_media":75132,"comment_status":"open","ping_status":"open","sticky":false,"template":"","format":"standard","meta":{"fifu_image_url":"","fifu_image_alt":"","footnotes":""},"categories":[1594],"tags":[553,3494],"class_list":{"0":"post-75131","1":"post","2":"type-post","3":"status-publish","4":"format-standard","5":"has-post-thumbnail","7":"category-economia","8":"tag-creditos","9":"tag-mipymes"},"yoast_head":"<title>Entre R\u00edos trabaja con Naci\u00f3n para que Mipymes accedan a cr\u00e9ditos a tasas accesibles - Informe Litoral<\/title>\n<meta name=\"robots\" content=\"index, follow, max-snippet:-1, max-image-preview:large, max-video-preview:-1\" \/>\n<link rel=\"canonical\" href=\"https:\/\/informelitoral.com.ar\/entre-rios-trabaja-con-nacion-para-que-mipymes-accedan-a-creditos-a-tasas-accesibles\/\" \/>\n<meta property=\"og:locale\" content=\"es_ES\" \/>\n<meta property=\"og:type\" content=\"article\" \/>\n<meta property=\"og:title\" content=\"Entre R\u00edos trabaja con Naci\u00f3n para que Mipymes accedan a cr\u00e9ditos a tasas accesibles - Informe Litoral\" \/>\n<meta property=\"og:description\" content=\"En el marco de la promoci\u00f3n de acceso al cr\u00e9dito para la producci\u00f3n entrerriana, que lleva adelante el gobernador Gustavo Bordet, el secretario de Hacienda, Gustavo Labriola particip\u00f3 este mi\u00e9rcoles de una reuni\u00f3n con autoridades de la Comisi\u00f3n Nacional de Valores y los fondos de garant\u00edas p\u00fablicos.\" \/>\n<meta property=\"og:url\" content=\"https:\/\/informelitoral.com.ar\/entre-rios-trabaja-con-nacion-para-que-mipymes-accedan-a-creditos-a-tasas-accesibles\/\" \/>\n<meta property=\"og:site_name\" content=\"Informe Litoral\" \/>\n<meta property=\"article:publisher\" content=\"https:\/\/www.facebook.com\/informelitoral\/\" \/>\n<meta property=\"article:published_time\" content=\"2022-04-07T10:50:15+00:00\" \/>\n<meta property=\"article:modified_time\" content=\"2022-04-07T11:23:06+00:00\" \/>\n<meta property=\"og:image\" content=\"https:\/\/informelitoral.com.ar\/%77%70%2d%63%6f%6e%74%65%6e%74\/uploads\/2022\/04\/x_1649283794.jpg\" \/>\n\t<meta property=\"og:image:width\" content=\"1920\" \/>\n\t<meta property=\"og:image:height\" content=\"1280\" \/>\n\t<meta property=\"og:image:type\" content=\"image\/jpeg\" \/>\n<meta name=\"author\" content=\"Sebastian\" \/>\n<meta name=\"twitter:card\" content=\"summary_large_image\" \/>\n<meta name=\"twitter:creator\" content=\"@InformeLitoral\" \/>\n<meta name=\"twitter:site\" content=\"@InformeLitoral\" \/>\n<meta name=\"twitter:label1\" content=\"Escrito por\" \/>\n\t<meta name=\"twitter:data1\" content=\"Sebastian\" \/>\n\t<meta name=\"twitter:label2\" content=\"Tiempo de lectura\" \/>\n\t<meta name=\"twitter:data2\" content=\"3 minutos\" \/>\n<script type=\"application\/ld+json\" class=\"yoast-schema-graph\">{\"@context\":\"https:\\\/\\\/schema.org\",\"@graph\":[{\"@type\":\"Article\",\"@id\":\"https:\\\/\\\/informelitoral.com.ar\\\/entre-rios-trabaja-con-nacion-para-que-mipymes-accedan-a-creditos-a-tasas-accesibles\\\/#article\",\"isPartOf\":{\"@id\":\"https:\\\/\\\/informelitoral.com.ar\\\/entre-rios-trabaja-con-nacion-para-que-mipymes-accedan-a-creditos-a-tasas-accesibles\\\/\"},\"author\":{\"name\":\"Sebastian\",\"@id\":\"https:\\\/\\\/informelitoral.com.ar\\\/#\\\/schema\\\/person\\\/f05f9f461677119578717524b127d6d5\"},\"headline\":\"Entre R\u00edos trabaja con Naci\u00f3n para que Mipymes accedan a cr\u00e9ditos a tasas accesibles\",\"datePublished\":\"2022-04-07T10:50:15+00:00\",\"dateModified\":\"2022-04-07T11:23:06+00:00\",\"mainEntityOfPage\":{\"@id\":\"https:\\\/\\\/informelitoral.com.ar\\\/entre-rios-trabaja-con-nacion-para-que-mipymes-accedan-a-creditos-a-tasas-accesibles\\\/\"},\"wordCount\":636,\"commentCount\":0,\"publisher\":{\"@id\":\"https:\\\/\\\/informelitoral.com.ar\\\/#organization\"},\"image\":{\"@id\":\"https:\\\/\\\/informelitoral.com.ar\\\/entre-rios-trabaja-con-nacion-para-que-mipymes-accedan-a-creditos-a-tasas-accesibles\\\/#primaryimage\"},\"thumbnailUrl\":\"https:\\\/\\\/informelitoral.com.ar\\\/%77%70%2d%63%6f%6e%74%65%6e%74\\\/uploads\\\/2022\\\/04\\\/x_1649283794.jpg\",\"keywords\":[\"Cr\u00e9ditos\",\"Mipymes\"],\"articleSection\":[\"Econom\u00eda\"],\"inLanguage\":\"es\",\"potentialAction\":[{\"@type\":\"CommentAction\",\"name\":\"Comment\",\"target\":[\"https:\\\/\\\/informelitoral.com.ar\\\/entre-rios-trabaja-con-nacion-para-que-mipymes-accedan-a-creditos-a-tasas-accesibles\\\/#respond\"]}]},{\"@type\":\"WebPage\",\"@id\":\"https:\\\/\\\/informelitoral.com.ar\\\/entre-rios-trabaja-con-nacion-para-que-mipymes-accedan-a-creditos-a-tasas-accesibles\\\/\",\"url\":\"https:\\\/\\\/informelitoral.com.ar\\\/entre-rios-trabaja-con-nacion-para-que-mipymes-accedan-a-creditos-a-tasas-accesibles\\\/\",\"name\":\"Entre R\u00edos trabaja con Naci\u00f3n para que Mipymes accedan a cr\u00e9ditos a tasas accesibles - Informe Litoral\",\"isPartOf\":{\"@id\":\"https:\\\/\\\/informelitoral.com.ar\\\/#website\"},\"primaryImageOfPage\":{\"@id\":\"https:\\\/\\\/informelitoral.com.ar\\\/entre-rios-trabaja-con-nacion-para-que-mipymes-accedan-a-creditos-a-tasas-accesibles\\\/#primaryimage\"},\"image\":{\"@id\":\"https:\\\/\\\/informelitoral.com.ar\\\/entre-rios-trabaja-con-nacion-para-que-mipymes-accedan-a-creditos-a-tasas-accesibles\\\/#primaryimage\"},\"thumbnailUrl\":\"https:\\\/\\\/informelitoral.com.ar\\\/%77%70%2d%63%6f%6e%74%65%6e%74\\\/uploads\\\/2022\\\/04\\\/x_1649283794.jpg\",\"datePublished\":\"2022-04-07T10:50:15+00:00\",\"dateModified\":\"2022-04-07T11:23:06+00:00\",\"breadcrumb\":{\"@id\":\"https:\\\/\\\/informelitoral.com.ar\\\/entre-rios-trabaja-con-nacion-para-que-mipymes-accedan-a-creditos-a-tasas-accesibles\\\/#breadcrumb\"},\"inLanguage\":\"es\",\"potentialAction\":[{\"@type\":\"ReadAction\",\"target\":[\"https:\\\/\\\/informelitoral.com.ar\\\/entre-rios-trabaja-con-nacion-para-que-mipymes-accedan-a-creditos-a-tasas-accesibles\\\/\"]}]},{\"@type\":\"ImageObject\",\"inLanguage\":\"es\",\"@id\":\"https:\\\/\\\/informelitoral.com.ar\\\/entre-rios-trabaja-con-nacion-para-que-mipymes-accedan-a-creditos-a-tasas-accesibles\\\/#primaryimage\",\"url\":\"https:\\\/\\\/informelitoral.com.ar\\\/%77%70%2d%63%6f%6e%74%65%6e%74\\\/uploads\\\/2022\\\/04\\\/x_1649283794.jpg\",\"contentUrl\":\"https:\\\/\\\/informelitoral.com.ar\\\/%77%70%2d%63%6f%6e%74%65%6e%74\\\/uploads\\\/2022\\\/04\\\/x_1649283794.jpg\",\"width\":1920,\"height\":1280},{\"@type\":\"BreadcrumbList\",\"@id\":\"https:\\\/\\\/informelitoral.com.ar\\\/entre-rios-trabaja-con-nacion-para-que-mipymes-accedan-a-creditos-a-tasas-accesibles\\\/#breadcrumb\",\"itemListElement\":[{\"@type\":\"ListItem\",\"position\":1,\"name\":\"Portada\",\"item\":\"https:\\\/\\\/informelitoral.com.ar\\\/\"},{\"@type\":\"ListItem\",\"position\":2,\"name\":\"Entre R\u00edos trabaja con Naci\u00f3n para que Mipymes accedan a cr\u00e9ditos a tasas accesibles\"}]},{\"@type\":\"WebSite\",\"@id\":\"https:\\\/\\\/informelitoral.com.ar\\\/#website\",\"url\":\"https:\\\/\\\/informelitoral.com.ar\\\/\",\"name\":\"Informe Litoral\",\"description\":\"&quot;Nos informamos&quot; \",\"publisher\":{\"@id\":\"https:\\\/\\\/informelitoral.com.ar\\\/#organization\"},\"potentialAction\":[{\"@type\":\"SearchAction\",\"target\":{\"@type\":\"EntryPoint\",\"urlTemplate\":\"https:\\\/\\\/informelitoral.com.ar\\\/?s={search_term_string}\"},\"query-input\":{\"@type\":\"PropertyValueSpecification\",\"valueRequired\":true,\"valueName\":\"search_term_string\"}}],\"inLanguage\":\"es\"},{\"@type\":\"Organization\",\"@id\":\"https:\\\/\\\/informelitoral.com.ar\\\/#organization\",\"name\":\"Informe Litoral\",\"url\":\"https:\\\/\\\/informelitoral.com.ar\\\/\",\"logo\":{\"@type\":\"ImageObject\",\"inLanguage\":\"es\",\"@id\":\"https:\\\/\\\/informelitoral.com.ar\\\/#\\\/schema\\\/logo\\\/image\\\/\",\"url\":\"https:\\\/\\\/informelitoral.com.ar\\\/%77%70%2d%63%6f%6e%74%65%6e%74\\\/uploads\\\/2021\\\/01\\\/circulo.png\",\"contentUrl\":\"https:\\\/\\\/informelitoral.com.ar\\\/%77%70%2d%63%6f%6e%74%65%6e%74\\\/uploads\\\/2021\\\/01\\\/circulo.png\",\"width\":723,\"height\":731,\"caption\":\"Informe Litoral\"},\"image\":{\"@id\":\"https:\\\/\\\/informelitoral.com.ar\\\/#\\\/schema\\\/logo\\\/image\\\/\"},\"sameAs\":[\"https:\\\/\\\/www.facebook.com\\\/informelitoral\\\/\",\"https:\\\/\\\/x.com\\\/InformeLitoral\",\"https:\\\/\\\/www.instagram.com\\\/informelitoral\\\/\",\"https:\\\/\\\/www.youtube.com\\\/channel\\\/UCua4Qvz8Icb6MYqhoq9xLXw\"]},{\"@type\":\"Person\",\"@id\":\"https:\\\/\\\/informelitoral.com.ar\\\/#\\\/schema\\\/person\\\/f05f9f461677119578717524b127d6d5\",\"name\":\"Sebastian\",\"image\":{\"@type\":\"ImageObject\",\"inLanguage\":\"es\",\"@id\":\"https:\\\/\\\/secure.gravatar.com\\\/avatar\\\/b71bf7481d447dfb9583c7f2798e7cc64de6efb9067b74633ed8c31059a3bd82?s=96&d=mm&r=g\",\"url\":\"https:\\\/\\\/secure.gravatar.com\\\/avatar\\\/b71bf7481d447dfb9583c7f2798e7cc64de6efb9067b74633ed8c31059a3bd82?s=96&d=mm&r=g\",\"contentUrl\":\"https:\\\/\\\/secure.gravatar.com\\\/avatar\\\/b71bf7481d447dfb9583c7f2798e7cc64de6efb9067b74633ed8c31059a3bd82?s=96&d=mm&r=g\",\"caption\":\"Sebastian\"},\"url\":\"https:\\\/\\\/informelitoral.com.ar\\\/author\\\/sebastian\\\/\"}]}<\/script>","yoast_head_json":{"title":"Entre R\u00edos trabaja con Naci\u00f3n para que Mipymes accedan a cr\u00e9ditos a tasas accesibles - Informe Litoral","robots":{"index":"index","follow":"follow","max-snippet":"max-snippet:-1","max-image-preview":"max-image-preview:large","max-video-preview":"max-video-preview:-1"},"canonical":"https:\/\/informelitoral.com.ar\/entre-rios-trabaja-con-nacion-para-que-mipymes-accedan-a-creditos-a-tasas-accesibles\/","og_locale":"es_ES","og_type":"article","og_title":"Entre R\u00edos trabaja con Naci\u00f3n para que Mipymes accedan a cr\u00e9ditos a tasas accesibles - Informe Litoral","og_description":"En el marco de la promoci\u00f3n de acceso al cr\u00e9dito para la producci\u00f3n entrerriana, que lleva adelante el gobernador Gustavo Bordet, el secretario de Hacienda, Gustavo Labriola particip\u00f3 este mi\u00e9rcoles de una reuni\u00f3n con autoridades de la Comisi\u00f3n Nacional de Valores y los fondos de garant\u00edas p\u00fablicos.","og_url":"https:\/\/informelitoral.com.ar\/entre-rios-trabaja-con-nacion-para-que-mipymes-accedan-a-creditos-a-tasas-accesibles\/","og_site_name":"Informe Litoral","article_publisher":"https:\/\/www.facebook.com\/informelitoral\/","article_published_time":"2022-04-07T10:50:15+00:00","article_modified_time":"2022-04-07T11:23:06+00:00","og_image":[{"width":1920,"height":1280,"url":"https:\/\/informelitoral.com.ar\/%77%70%2d%63%6f%6e%74%65%6e%74\/uploads\/2022\/04\/x_1649283794.jpg","type":"image\/jpeg"}],"author":"Sebastian","twitter_card":"summary_large_image","twitter_creator":"@InformeLitoral","twitter_site":"@InformeLitoral","twitter_misc":{"Escrito por":"Sebastian","Tiempo de lectura":"3 minutos"},"schema":{"@context":"https:\/\/schema.org","@graph":[{"@type":"Article","@id":"https:\/\/informelitoral.com.ar\/entre-rios-trabaja-con-nacion-para-que-mipymes-accedan-a-creditos-a-tasas-accesibles\/#article","isPartOf":{"@id":"https:\/\/informelitoral.com.ar\/entre-rios-trabaja-con-nacion-para-que-mipymes-accedan-a-creditos-a-tasas-accesibles\/"},"author":{"name":"Sebastian","@id":"https:\/\/informelitoral.com.ar\/#\/schema\/person\/f05f9f461677119578717524b127d6d5"},"headline":"Entre R\u00edos trabaja con Naci\u00f3n para que Mipymes accedan a cr\u00e9ditos a tasas accesibles","datePublished":"2022-04-07T10:50:15+00:00","dateModified":"2022-04-07T11:23:06+00:00","mainEntityOfPage":{"@id":"https:\/\/informelitoral.com.ar\/entre-rios-trabaja-con-nacion-para-que-mipymes-accedan-a-creditos-a-tasas-accesibles\/"},"wordCount":636,"commentCount":0,"publisher":{"@id":"https:\/\/informelitoral.com.ar\/#organization"},"image":{"@id":"https:\/\/informelitoral.com.ar\/entre-rios-trabaja-con-nacion-para-que-mipymes-accedan-a-creditos-a-tasas-accesibles\/#primaryimage"},"thumbnailUrl":"https:\/\/informelitoral.com.ar\/%77%70%2d%63%6f%6e%74%65%6e%74\/uploads\/2022\/04\/x_1649283794.jpg","keywords":["Cr\u00e9ditos","Mipymes"],"articleSection":["Econom\u00eda"],"inLanguage":"es","potentialAction":[{"@type":"CommentAction","name":"Comment","target":["https:\/\/informelitoral.com.ar\/entre-rios-trabaja-con-nacion-para-que-mipymes-accedan-a-creditos-a-tasas-accesibles\/#respond"]}]},{"@type":"WebPage","@id":"https:\/\/informelitoral.com.ar\/entre-rios-trabaja-con-nacion-para-que-mipymes-accedan-a-creditos-a-tasas-accesibles\/","url":"https:\/\/informelitoral.com.ar\/entre-rios-trabaja-con-nacion-para-que-mipymes-accedan-a-creditos-a-tasas-accesibles\/","name":"Entre R\u00edos trabaja con Naci\u00f3n para que Mipymes accedan a cr\u00e9ditos a tasas accesibles - Informe Litoral","isPartOf":{"@id":"https:\/\/informelitoral.com.ar\/#website"},"primaryImageOfPage":{"@id":"https:\/\/informelitoral.com.ar\/entre-rios-trabaja-con-nacion-para-que-mipymes-accedan-a-creditos-a-tasas-accesibles\/#primaryimage"},"image":{"@id":"https:\/\/informelitoral.com.ar\/entre-rios-trabaja-con-nacion-para-que-mipymes-accedan-a-creditos-a-tasas-accesibles\/#primaryimage"},"thumbnailUrl":"https:\/\/informelitoral.com.ar\/%77%70%2d%63%6f%6e%74%65%6e%74\/uploads\/2022\/04\/x_1649283794.jpg","datePublished":"2022-04-07T10:50:15+00:00","dateModified":"2022-04-07T11:23:06+00:00","breadcrumb":{"@id":"https:\/\/informelitoral.com.ar\/entre-rios-trabaja-con-nacion-para-que-mipymes-accedan-a-creditos-a-tasas-accesibles\/#breadcrumb"},"inLanguage":"es","potentialAction":[{"@type":"ReadAction","target":["https:\/\/informelitoral.com.ar\/entre-rios-trabaja-con-nacion-para-que-mipymes-accedan-a-creditos-a-tasas-accesibles\/"]}]},{"@type":"ImageObject","inLanguage":"es","@id":"https:\/\/informelitoral.com.ar\/entre-rios-trabaja-con-nacion-para-que-mipymes-accedan-a-creditos-a-tasas-accesibles\/#primaryimage","url":"https:\/\/informelitoral.com.ar\/%77%70%2d%63%6f%6e%74%65%6e%74\/uploads\/2022\/04\/x_1649283794.jpg","contentUrl":"https:\/\/informelitoral.com.ar\/%77%70%2d%63%6f%6e%74%65%6e%74\/uploads\/2022\/04\/x_1649283794.jpg","width":1920,"height":1280},{"@type":"BreadcrumbList","@id":"https:\/\/informelitoral.com.ar\/entre-rios-trabaja-con-nacion-para-que-mipymes-accedan-a-creditos-a-tasas-accesibles\/#breadcrumb","itemListElement":[{"@type":"ListItem","position":1,"name":"Portada","item":"https:\/\/informelitoral.com.ar\/"},{"@type":"ListItem","position":2,"name":"Entre R\u00edos trabaja con Naci\u00f3n para que Mipymes accedan a cr\u00e9ditos a tasas accesibles"}]},{"@type":"WebSite","@id":"https:\/\/informelitoral.com.ar\/#website","url":"https:\/\/informelitoral.com.ar\/","name":"Informe Litoral","description":"&quot;Nos informamos&quot; ","publisher":{"@id":"https:\/\/informelitoral.com.ar\/#organization"},"potentialAction":[{"@type":"SearchAction","target":{"@type":"EntryPoint","urlTemplate":"https:\/\/informelitoral.com.ar\/?s={search_term_string}"},"query-input":{"@type":"PropertyValueSpecification","valueRequired":true,"valueName":"search_term_string"}}],"inLanguage":"es"},{"@type":"Organization","@id":"https:\/\/informelitoral.com.ar\/#organization","name":"Informe Litoral","url":"https:\/\/informelitoral.com.ar\/","logo":{"@type":"ImageObject","inLanguage":"es","@id":"https:\/\/informelitoral.com.ar\/#\/schema\/logo\/image\/","url":"https:\/\/informelitoral.com.ar\/%77%70%2d%63%6f%6e%74%65%6e%74\/uploads\/2021\/01\/circulo.png","contentUrl":"https:\/\/informelitoral.com.ar\/%77%70%2d%63%6f%6e%74%65%6e%74\/uploads\/2021\/01\/circulo.png","width":723,"height":731,"caption":"Informe Litoral"},"image":{"@id":"https:\/\/informelitoral.com.ar\/#\/schema\/logo\/image\/"},"sameAs":["https:\/\/www.facebook.com\/informelitoral\/","https:\/\/x.com\/InformeLitoral","https:\/\/www.instagram.com\/informelitoral\/","https:\/\/www.youtube.com\/channel\/UCua4Qvz8Icb6MYqhoq9xLXw"]},{"@type":"Person","@id":"https:\/\/informelitoral.com.ar\/#\/schema\/person\/f05f9f461677119578717524b127d6d5","name":"Sebastian","image":{"@type":"ImageObject","inLanguage":"es","@id":"https:\/\/secure.gravatar.com\/avatar\/b71bf7481d447dfb9583c7f2798e7cc64de6efb9067b74633ed8c31059a3bd82?s=96&d=mm&r=g","url":"https:\/\/secure.gravatar.com\/avatar\/b71bf7481d447dfb9583c7f2798e7cc64de6efb9067b74633ed8c31059a3bd82?s=96&d=mm&r=g","contentUrl":"https:\/\/secure.gravatar.com\/avatar\/b71bf7481d447dfb9583c7f2798e7cc64de6efb9067b74633ed8c31059a3bd82?s=96&d=mm&r=g","caption":"Sebastian"},"url":"https:\/\/informelitoral.com.ar\/author\/sebastian\/"}]}},"_links":{"self":[{"href":"https:\/\/informelitoral.com.ar\/%77%70%2d%6a%73%6f%6e\/wp\/v2\/posts\/75131","targetHints":{"allow":["GET"]}}],"collection":[{"href":"https:\/\/informelitoral.com.ar\/%77%70%2d%6a%73%6f%6e\/wp\/v2\/posts"}],"about":[{"href":"https:\/\/informelitoral.com.ar\/%77%70%2d%6a%73%6f%6e\/wp\/v2\/types\/post"}],"author":[{"embeddable":true,"href":"https:\/\/informelitoral.com.ar\/%77%70%2d%6a%73%6f%6e\/wp\/v2\/users\/8"}],"replies":[{"embeddable":true,"href":"https:\/\/informelitoral.com.ar\/%77%70%2d%6a%73%6f%6e\/wp\/v2\/comments?post=75131"}],"version-history":[{"count":0,"href":"https:\/\/informelitoral.com.ar\/%77%70%2d%6a%73%6f%6e\/wp\/v2\/posts\/75131\/revisions"}],"wp:featuredmedia":[{"embeddable":true,"href":"https:\/\/informelitoral.com.ar\/%77%70%2d%6a%73%6f%6e\/wp\/v2\/media\/75132"}],"wp:attachment":[{"href":"https:\/\/informelitoral.com.ar\/%77%70%2d%6a%73%6f%6e\/wp\/v2\/media?parent=75131"}],"wp:term":[{"taxonomy":"category","embeddable":true,"href":"https:\/\/informelitoral.com.ar\/%77%70%2d%6a%73%6f%6e\/wp\/v2\/categories?post=75131"},{"taxonomy":"post_tag","embeddable":true,"href":"https:\/\/informelitoral.com.ar\/%77%70%2d%6a%73%6f%6e\/wp\/v2\/tags?post=75131"}],"curies":[{"name":"wp","href":"https:\/\/api.w.org\/{rel}","templated":true}]}}