{"id":75123,"date":"2022-04-07T08:14:15","date_gmt":"2022-04-07T11:14:15","guid":{"rendered":"https:\/\/www.informelitoral.com.ar\/?p=75123"},"modified":"2022-04-07T10:10:39","modified_gmt":"2022-04-07T13:10:39","slug":"incluyen-a-parana-y-otros-departamentos-entrerrianos-en-alerta-por-tormentas","status":"publish","type":"post","link":"https:\/\/informelitoral.com.ar\/incluyen-a-parana-y-otros-departamentos-entrerrianos-en-alerta-por-tormentas\/","title":{"rendered":"Incluyen a Paran\u00e1 y otros departamentos entrerrianos en alerta por tormentas"},"content":{"rendered":"<p>El mal tiempo que afecta a las provincias del noreste del pa\u00eds, podr\u00eda extenderse hasta algunos departamentos del centro-oeste de Entre R\u00edos, seg\u00fan el \u00faltimo informe del Servicio Meteorol\u00f3gico Nacional.<\/p>\n<p>La advertencia lanzada a las 6.08 de este martes incluye a Diamante, La Paz, Nogoy\u00e1, Paran\u00e1 y Villaguay.<\/p>\n<p>El informe da cuenta de que durante la ma\u00f1ana el \u00e1rea podr\u00eda ser \u201cafectada por tormentas de variada intensidad, pudiendo ser algunas fuertes, acompa\u00f1adas de intensas r\u00e1fagas, fuerte actividad el\u00e9ctrica, ocasional ca\u00edda de granizo, y fundamentalmente abundante ca\u00edda de agua en cortos per\u00edodos\u201d.<\/p>\n<p>En las zonas donde llegue el fen\u00f3meno \u201cse prev\u00e9n valores de precipitaci\u00f3n acumulada entre 30 y 70 mil\u00edmetros, pudiendo ser superados localmente\u201d.<\/p>\n<p><img decoding=\"async\" src=\"https:\/\/elonce-media.elonce.com\/fotos-nuevo\/2022\/04\/07\/o_1649316474.jpg\" \/><\/p>\n<p><img decoding=\"async\" src=\"https:\/\/elonce-media.elonce.com\/fotos-nuevo\/2022\/04\/07\/o_1649316475.jpg\" \/><\/p>\n","protected":false},"excerpt":{"rendered":"<p>El mal tiempo que afecta a las provincias del noreste del pa\u00eds, podr\u00eda extenderse hasta algunos departamentos entrerrianos. Alertan por \u201ctormentas, fuerte actividad el\u00e9ctrica, ocasional granizo y abundante ca\u00edda de agua en cortos per\u00edodos.<\/p>\n","protected":false},"author":8,"featured_media":75125,"comment_status":"open","ping_status":"open","sticky":false,"template":"","format":"standard","meta":{"fifu_image_url":"","fifu_image_alt":"","footnotes":""},"categories":[6],"tags":[38,113],"class_list":{"0":"post-75123","1":"post","2":"type-post","3":"status-publish","4":"format-standard","5":"has-post-thumbnail","7":"category-entre-rios","8":"tag-el-tiempo","9":"tag-smn"},"yoast_head":"<title>Incluyen a Paran\u00e1 y otros departamentos entrerrianos en alerta por tormentas - Informe Litoral<\/title>\n<meta name=\"robots\" content=\"index, follow, max-snippet:-1, max-image-preview:large, max-video-preview:-1\" \/>\n<link rel=\"canonical\" href=\"https:\/\/informelitoral.com.ar\/incluyen-a-parana-y-otros-departamentos-entrerrianos-en-alerta-por-tormentas\/\" \/>\n<meta property=\"og:locale\" content=\"es_ES\" \/>\n<meta property=\"og:type\" content=\"article\" \/>\n<meta property=\"og:title\" content=\"Incluyen a Paran\u00e1 y otros departamentos entrerrianos en alerta por tormentas - Informe Litoral\" \/>\n<meta property=\"og:description\" content=\"El mal tiempo que afecta a las provincias del noreste del pa\u00eds, podr\u00eda extenderse hasta algunos departamentos entrerrianos. Alertan por \u201ctormentas, fuerte actividad el\u00e9ctrica, ocasional granizo y abundante ca\u00edda de agua en cortos per\u00edodos.\" \/>\n<meta property=\"og:url\" content=\"https:\/\/informelitoral.com.ar\/incluyen-a-parana-y-otros-departamentos-entrerrianos-en-alerta-por-tormentas\/\" \/>\n<meta property=\"og:site_name\" content=\"Informe Litoral\" \/>\n<meta property=\"article:publisher\" content=\"https:\/\/www.facebook.com\/informelitoral\/\" \/>\n<meta property=\"article:published_time\" content=\"2022-04-07T11:14:15+00:00\" \/>\n<meta property=\"article:modified_time\" content=\"2022-04-07T13:10:39+00:00\" \/>\n<meta property=\"og:image\" content=\"https:\/\/informelitoral.com.ar\/%77%70%2d%63%6f%6e%74%65%6e%74\/uploads\/2022\/04\/Tormenta-1.jpg\" \/>\n\t<meta property=\"og:image:width\" content=\"791\" \/>\n\t<meta property=\"og:image:height\" content=\"445\" \/>\n\t<meta property=\"og:image:type\" content=\"image\/jpeg\" \/>\n<meta name=\"author\" content=\"Sebastian\" \/>\n<meta name=\"twitter:card\" content=\"summary_large_image\" \/>\n<meta name=\"twitter:creator\" content=\"@InformeLitoral\" \/>\n<meta name=\"twitter:site\" content=\"@InformeLitoral\" \/>\n<meta name=\"twitter:label1\" content=\"Escrito por\" \/>\n\t<meta name=\"twitter:data1\" content=\"Sebastian\" \/>\n\t<meta name=\"twitter:label2\" content=\"Tiempo de lectura\" \/>\n\t<meta name=\"twitter:data2\" content=\"1 minuto\" \/>\n<script type=\"application\/ld+json\" class=\"yoast-schema-graph\">{\"@context\":\"https:\\\/\\\/schema.org\",\"@graph\":[{\"@type\":\"Article\",\"@id\":\"https:\\\/\\\/informelitoral.com.ar\\\/incluyen-a-parana-y-otros-departamentos-entrerrianos-en-alerta-por-tormentas\\\/#article\",\"isPartOf\":{\"@id\":\"https:\\\/\\\/informelitoral.com.ar\\\/incluyen-a-parana-y-otros-departamentos-entrerrianos-en-alerta-por-tormentas\\\/\"},\"author\":{\"name\":\"Sebastian\",\"@id\":\"https:\\\/\\\/informelitoral.com.ar\\\/#\\\/schema\\\/person\\\/f05f9f461677119578717524b127d6d5\"},\"headline\":\"Incluyen a Paran\u00e1 y otros departamentos entrerrianos en alerta por tormentas\",\"datePublished\":\"2022-04-07T11:14:15+00:00\",\"dateModified\":\"2022-04-07T13:10:39+00:00\",\"mainEntityOfPage\":{\"@id\":\"https:\\\/\\\/informelitoral.com.ar\\\/incluyen-a-parana-y-otros-departamentos-entrerrianos-en-alerta-por-tormentas\\\/\"},\"wordCount\":138,\"commentCount\":0,\"publisher\":{\"@id\":\"https:\\\/\\\/informelitoral.com.ar\\\/#organization\"},\"image\":{\"@id\":\"https:\\\/\\\/informelitoral.com.ar\\\/incluyen-a-parana-y-otros-departamentos-entrerrianos-en-alerta-por-tormentas\\\/#primaryimage\"},\"thumbnailUrl\":\"https:\\\/\\\/informelitoral.com.ar\\\/%77%70%2d%63%6f%6e%74%65%6e%74\\\/uploads\\\/2022\\\/04\\\/Tormenta-1.jpg\",\"keywords\":[\"El tiempo\",\"SMN\"],\"articleSection\":[\"Entre R\u00edos\"],\"inLanguage\":\"es\",\"potentialAction\":[{\"@type\":\"CommentAction\",\"name\":\"Comment\",\"target\":[\"https:\\\/\\\/informelitoral.com.ar\\\/incluyen-a-parana-y-otros-departamentos-entrerrianos-en-alerta-por-tormentas\\\/#respond\"]}]},{\"@type\":\"WebPage\",\"@id\":\"https:\\\/\\\/informelitoral.com.ar\\\/incluyen-a-parana-y-otros-departamentos-entrerrianos-en-alerta-por-tormentas\\\/\",\"url\":\"https:\\\/\\\/informelitoral.com.ar\\\/incluyen-a-parana-y-otros-departamentos-entrerrianos-en-alerta-por-tormentas\\\/\",\"name\":\"Incluyen a Paran\u00e1 y otros departamentos entrerrianos en alerta por tormentas - Informe Litoral\",\"isPartOf\":{\"@id\":\"https:\\\/\\\/informelitoral.com.ar\\\/#website\"},\"primaryImageOfPage\":{\"@id\":\"https:\\\/\\\/informelitoral.com.ar\\\/incluyen-a-parana-y-otros-departamentos-entrerrianos-en-alerta-por-tormentas\\\/#primaryimage\"},\"image\":{\"@id\":\"https:\\\/\\\/informelitoral.com.ar\\\/incluyen-a-parana-y-otros-departamentos-entrerrianos-en-alerta-por-tormentas\\\/#primaryimage\"},\"thumbnailUrl\":\"https:\\\/\\\/informelitoral.com.ar\\\/%77%70%2d%63%6f%6e%74%65%6e%74\\\/uploads\\\/2022\\\/04\\\/Tormenta-1.jpg\",\"datePublished\":\"2022-04-07T11:14:15+00:00\",\"dateModified\":\"2022-04-07T13:10:39+00:00\",\"breadcrumb\":{\"@id\":\"https:\\\/\\\/informelitoral.com.ar\\\/incluyen-a-parana-y-otros-departamentos-entrerrianos-en-alerta-por-tormentas\\\/#breadcrumb\"},\"inLanguage\":\"es\",\"potentialAction\":[{\"@type\":\"ReadAction\",\"target\":[\"https:\\\/\\\/informelitoral.com.ar\\\/incluyen-a-parana-y-otros-departamentos-entrerrianos-en-alerta-por-tormentas\\\/\"]}]},{\"@type\":\"ImageObject\",\"inLanguage\":\"es\",\"@id\":\"https:\\\/\\\/informelitoral.com.ar\\\/incluyen-a-parana-y-otros-departamentos-entrerrianos-en-alerta-por-tormentas\\\/#primaryimage\",\"url\":\"https:\\\/\\\/informelitoral.com.ar\\\/%77%70%2d%63%6f%6e%74%65%6e%74\\\/uploads\\\/2022\\\/04\\\/Tormenta-1.jpg\",\"contentUrl\":\"https:\\\/\\\/informelitoral.com.ar\\\/%77%70%2d%63%6f%6e%74%65%6e%74\\\/uploads\\\/2022\\\/04\\\/Tormenta-1.jpg\",\"width\":791,\"height\":445},{\"@type\":\"BreadcrumbList\",\"@id\":\"https:\\\/\\\/informelitoral.com.ar\\\/incluyen-a-parana-y-otros-departamentos-entrerrianos-en-alerta-por-tormentas\\\/#breadcrumb\",\"itemListElement\":[{\"@type\":\"ListItem\",\"position\":1,\"name\":\"Portada\",\"item\":\"https:\\\/\\\/informelitoral.com.ar\\\/\"},{\"@type\":\"ListItem\",\"position\":2,\"name\":\"Incluyen a Paran\u00e1 y otros departamentos entrerrianos en alerta por tormentas\"}]},{\"@type\":\"WebSite\",\"@id\":\"https:\\\/\\\/informelitoral.com.ar\\\/#website\",\"url\":\"https:\\\/\\\/informelitoral.com.ar\\\/\",\"name\":\"Informe Litoral\",\"description\":\"&quot;Nos informamos&quot; \",\"publisher\":{\"@id\":\"https:\\\/\\\/informelitoral.com.ar\\\/#organization\"},\"potentialAction\":[{\"@type\":\"SearchAction\",\"target\":{\"@type\":\"EntryPoint\",\"urlTemplate\":\"https:\\\/\\\/informelitoral.com.ar\\\/?s={search_term_string}\"},\"query-input\":{\"@type\":\"PropertyValueSpecification\",\"valueRequired\":true,\"valueName\":\"search_term_string\"}}],\"inLanguage\":\"es\"},{\"@type\":\"Organization\",\"@id\":\"https:\\\/\\\/informelitoral.com.ar\\\/#organization\",\"name\":\"Informe Litoral\",\"url\":\"https:\\\/\\\/informelitoral.com.ar\\\/\",\"logo\":{\"@type\":\"ImageObject\",\"inLanguage\":\"es\",\"@id\":\"https:\\\/\\\/informelitoral.com.ar\\\/#\\\/schema\\\/logo\\\/image\\\/\",\"url\":\"https:\\\/\\\/informelitoral.com.ar\\\/%77%70%2d%63%6f%6e%74%65%6e%74\\\/uploads\\\/2021\\\/01\\\/circulo.png\",\"contentUrl\":\"https:\\\/\\\/informelitoral.com.ar\\\/%77%70%2d%63%6f%6e%74%65%6e%74\\\/uploads\\\/2021\\\/01\\\/circulo.png\",\"width\":723,\"height\":731,\"caption\":\"Informe Litoral\"},\"image\":{\"@id\":\"https:\\\/\\\/informelitoral.com.ar\\\/#\\\/schema\\\/logo\\\/image\\\/\"},\"sameAs\":[\"https:\\\/\\\/www.facebook.com\\\/informelitoral\\\/\",\"https:\\\/\\\/x.com\\\/InformeLitoral\",\"https:\\\/\\\/www.instagram.com\\\/informelitoral\\\/\",\"https:\\\/\\\/www.youtube.com\\\/channel\\\/UCua4Qvz8Icb6MYqhoq9xLXw\"]},{\"@type\":\"Person\",\"@id\":\"https:\\\/\\\/informelitoral.com.ar\\\/#\\\/schema\\\/person\\\/f05f9f461677119578717524b127d6d5\",\"name\":\"Sebastian\",\"image\":{\"@type\":\"ImageObject\",\"inLanguage\":\"es\",\"@id\":\"https:\\\/\\\/secure.gravatar.com\\\/avatar\\\/b71bf7481d447dfb9583c7f2798e7cc64de6efb9067b74633ed8c31059a3bd82?s=96&d=mm&r=g\",\"url\":\"https:\\\/\\\/secure.gravatar.com\\\/avatar\\\/b71bf7481d447dfb9583c7f2798e7cc64de6efb9067b74633ed8c31059a3bd82?s=96&d=mm&r=g\",\"contentUrl\":\"https:\\\/\\\/secure.gravatar.com\\\/avatar\\\/b71bf7481d447dfb9583c7f2798e7cc64de6efb9067b74633ed8c31059a3bd82?s=96&d=mm&r=g\",\"caption\":\"Sebastian\"},\"url\":\"https:\\\/\\\/informelitoral.com.ar\\\/author\\\/sebastian\\\/\"}]}<\/script>","yoast_head_json":{"title":"Incluyen a Paran\u00e1 y otros departamentos entrerrianos en alerta por tormentas - Informe Litoral","robots":{"index":"index","follow":"follow","max-snippet":"max-snippet:-1","max-image-preview":"max-image-preview:large","max-video-preview":"max-video-preview:-1"},"canonical":"https:\/\/informelitoral.com.ar\/incluyen-a-parana-y-otros-departamentos-entrerrianos-en-alerta-por-tormentas\/","og_locale":"es_ES","og_type":"article","og_title":"Incluyen a Paran\u00e1 y otros departamentos entrerrianos en alerta por tormentas - Informe Litoral","og_description":"El mal tiempo que afecta a las provincias del noreste del pa\u00eds, podr\u00eda extenderse hasta algunos departamentos entrerrianos. Alertan por \u201ctormentas, fuerte actividad el\u00e9ctrica, ocasional granizo y abundante ca\u00edda de agua en cortos per\u00edodos.","og_url":"https:\/\/informelitoral.com.ar\/incluyen-a-parana-y-otros-departamentos-entrerrianos-en-alerta-por-tormentas\/","og_site_name":"Informe Litoral","article_publisher":"https:\/\/www.facebook.com\/informelitoral\/","article_published_time":"2022-04-07T11:14:15+00:00","article_modified_time":"2022-04-07T13:10:39+00:00","og_image":[{"width":791,"height":445,"url":"https:\/\/informelitoral.com.ar\/%77%70%2d%63%6f%6e%74%65%6e%74\/uploads\/2022\/04\/Tormenta-1.jpg","type":"image\/jpeg"}],"author":"Sebastian","twitter_card":"summary_large_image","twitter_creator":"@InformeLitoral","twitter_site":"@InformeLitoral","twitter_misc":{"Escrito por":"Sebastian","Tiempo de lectura":"1 minuto"},"schema":{"@context":"https:\/\/schema.org","@graph":[{"@type":"Article","@id":"https:\/\/informelitoral.com.ar\/incluyen-a-parana-y-otros-departamentos-entrerrianos-en-alerta-por-tormentas\/#article","isPartOf":{"@id":"https:\/\/informelitoral.com.ar\/incluyen-a-parana-y-otros-departamentos-entrerrianos-en-alerta-por-tormentas\/"},"author":{"name":"Sebastian","@id":"https:\/\/informelitoral.com.ar\/#\/schema\/person\/f05f9f461677119578717524b127d6d5"},"headline":"Incluyen a Paran\u00e1 y otros departamentos entrerrianos en alerta por tormentas","datePublished":"2022-04-07T11:14:15+00:00","dateModified":"2022-04-07T13:10:39+00:00","mainEntityOfPage":{"@id":"https:\/\/informelitoral.com.ar\/incluyen-a-parana-y-otros-departamentos-entrerrianos-en-alerta-por-tormentas\/"},"wordCount":138,"commentCount":0,"publisher":{"@id":"https:\/\/informelitoral.com.ar\/#organization"},"image":{"@id":"https:\/\/informelitoral.com.ar\/incluyen-a-parana-y-otros-departamentos-entrerrianos-en-alerta-por-tormentas\/#primaryimage"},"thumbnailUrl":"https:\/\/informelitoral.com.ar\/%77%70%2d%63%6f%6e%74%65%6e%74\/uploads\/2022\/04\/Tormenta-1.jpg","keywords":["El tiempo","SMN"],"articleSection":["Entre R\u00edos"],"inLanguage":"es","potentialAction":[{"@type":"CommentAction","name":"Comment","target":["https:\/\/informelitoral.com.ar\/incluyen-a-parana-y-otros-departamentos-entrerrianos-en-alerta-por-tormentas\/#respond"]}]},{"@type":"WebPage","@id":"https:\/\/informelitoral.com.ar\/incluyen-a-parana-y-otros-departamentos-entrerrianos-en-alerta-por-tormentas\/","url":"https:\/\/informelitoral.com.ar\/incluyen-a-parana-y-otros-departamentos-entrerrianos-en-alerta-por-tormentas\/","name":"Incluyen a Paran\u00e1 y otros departamentos entrerrianos en alerta por tormentas - Informe Litoral","isPartOf":{"@id":"https:\/\/informelitoral.com.ar\/#website"},"primaryImageOfPage":{"@id":"https:\/\/informelitoral.com.ar\/incluyen-a-parana-y-otros-departamentos-entrerrianos-en-alerta-por-tormentas\/#primaryimage"},"image":{"@id":"https:\/\/informelitoral.com.ar\/incluyen-a-parana-y-otros-departamentos-entrerrianos-en-alerta-por-tormentas\/#primaryimage"},"thumbnailUrl":"https:\/\/informelitoral.com.ar\/%77%70%2d%63%6f%6e%74%65%6e%74\/uploads\/2022\/04\/Tormenta-1.jpg","datePublished":"2022-04-07T11:14:15+00:00","dateModified":"2022-04-07T13:10:39+00:00","breadcrumb":{"@id":"https:\/\/informelitoral.com.ar\/incluyen-a-parana-y-otros-departamentos-entrerrianos-en-alerta-por-tormentas\/#breadcrumb"},"inLanguage":"es","potentialAction":[{"@type":"ReadAction","target":["https:\/\/informelitoral.com.ar\/incluyen-a-parana-y-otros-departamentos-entrerrianos-en-alerta-por-tormentas\/"]}]},{"@type":"ImageObject","inLanguage":"es","@id":"https:\/\/informelitoral.com.ar\/incluyen-a-parana-y-otros-departamentos-entrerrianos-en-alerta-por-tormentas\/#primaryimage","url":"https:\/\/informelitoral.com.ar\/%77%70%2d%63%6f%6e%74%65%6e%74\/uploads\/2022\/04\/Tormenta-1.jpg","contentUrl":"https:\/\/informelitoral.com.ar\/%77%70%2d%63%6f%6e%74%65%6e%74\/uploads\/2022\/04\/Tormenta-1.jpg","width":791,"height":445},{"@type":"BreadcrumbList","@id":"https:\/\/informelitoral.com.ar\/incluyen-a-parana-y-otros-departamentos-entrerrianos-en-alerta-por-tormentas\/#breadcrumb","itemListElement":[{"@type":"ListItem","position":1,"name":"Portada","item":"https:\/\/informelitoral.com.ar\/"},{"@type":"ListItem","position":2,"name":"Incluyen a Paran\u00e1 y otros departamentos entrerrianos en alerta por tormentas"}]},{"@type":"WebSite","@id":"https:\/\/informelitoral.com.ar\/#website","url":"https:\/\/informelitoral.com.ar\/","name":"Informe Litoral","description":"&quot;Nos informamos&quot; ","publisher":{"@id":"https:\/\/informelitoral.com.ar\/#organization"},"potentialAction":[{"@type":"SearchAction","target":{"@type":"EntryPoint","urlTemplate":"https:\/\/informelitoral.com.ar\/?s={search_term_string}"},"query-input":{"@type":"PropertyValueSpecification","valueRequired":true,"valueName":"search_term_string"}}],"inLanguage":"es"},{"@type":"Organization","@id":"https:\/\/informelitoral.com.ar\/#organization","name":"Informe Litoral","url":"https:\/\/informelitoral.com.ar\/","logo":{"@type":"ImageObject","inLanguage":"es","@id":"https:\/\/informelitoral.com.ar\/#\/schema\/logo\/image\/","url":"https:\/\/informelitoral.com.ar\/%77%70%2d%63%6f%6e%74%65%6e%74\/uploads\/2021\/01\/circulo.png","contentUrl":"https:\/\/informelitoral.com.ar\/%77%70%2d%63%6f%6e%74%65%6e%74\/uploads\/2021\/01\/circulo.png","width":723,"height":731,"caption":"Informe Litoral"},"image":{"@id":"https:\/\/informelitoral.com.ar\/#\/schema\/logo\/image\/"},"sameAs":["https:\/\/www.facebook.com\/informelitoral\/","https:\/\/x.com\/InformeLitoral","https:\/\/www.instagram.com\/informelitoral\/","https:\/\/www.youtube.com\/channel\/UCua4Qvz8Icb6MYqhoq9xLXw"]},{"@type":"Person","@id":"https:\/\/informelitoral.com.ar\/#\/schema\/person\/f05f9f461677119578717524b127d6d5","name":"Sebastian","image":{"@type":"ImageObject","inLanguage":"es","@id":"https:\/\/secure.gravatar.com\/avatar\/b71bf7481d447dfb9583c7f2798e7cc64de6efb9067b74633ed8c31059a3bd82?s=96&d=mm&r=g","url":"https:\/\/secure.gravatar.com\/avatar\/b71bf7481d447dfb9583c7f2798e7cc64de6efb9067b74633ed8c31059a3bd82?s=96&d=mm&r=g","contentUrl":"https:\/\/secure.gravatar.com\/avatar\/b71bf7481d447dfb9583c7f2798e7cc64de6efb9067b74633ed8c31059a3bd82?s=96&d=mm&r=g","caption":"Sebastian"},"url":"https:\/\/informelitoral.com.ar\/author\/sebastian\/"}]}},"_links":{"self":[{"href":"https:\/\/informelitoral.com.ar\/%77%70%2d%6a%73%6f%6e\/wp\/v2\/posts\/75123","targetHints":{"allow":["GET"]}}],"collection":[{"href":"https:\/\/informelitoral.com.ar\/%77%70%2d%6a%73%6f%6e\/wp\/v2\/posts"}],"about":[{"href":"https:\/\/informelitoral.com.ar\/%77%70%2d%6a%73%6f%6e\/wp\/v2\/types\/post"}],"author":[{"embeddable":true,"href":"https:\/\/informelitoral.com.ar\/%77%70%2d%6a%73%6f%6e\/wp\/v2\/users\/8"}],"replies":[{"embeddable":true,"href":"https:\/\/informelitoral.com.ar\/%77%70%2d%6a%73%6f%6e\/wp\/v2\/comments?post=75123"}],"version-history":[{"count":0,"href":"https:\/\/informelitoral.com.ar\/%77%70%2d%6a%73%6f%6e\/wp\/v2\/posts\/75123\/revisions"}],"wp:featuredmedia":[{"embeddable":true,"href":"https:\/\/informelitoral.com.ar\/%77%70%2d%6a%73%6f%6e\/wp\/v2\/media\/75125"}],"wp:attachment":[{"href":"https:\/\/informelitoral.com.ar\/%77%70%2d%6a%73%6f%6e\/wp\/v2\/media?parent=75123"}],"wp:term":[{"taxonomy":"category","embeddable":true,"href":"https:\/\/informelitoral.com.ar\/%77%70%2d%6a%73%6f%6e\/wp\/v2\/categories?post=75123"},{"taxonomy":"post_tag","embeddable":true,"href":"https:\/\/informelitoral.com.ar\/%77%70%2d%6a%73%6f%6e\/wp\/v2\/tags?post=75123"}],"curies":[{"name":"wp","href":"https:\/\/api.w.org\/{rel}","templated":true}]}}