{"id":7510,"date":"2014-07-19T21:39:57","date_gmt":"2014-07-20T00:39:57","guid":{"rendered":"http:\/\/www.isletasnoticias.com.ar\/?p=7510"},"modified":"2014-07-19T21:42:07","modified_gmt":"2014-07-20T00:42:07","slug":"ascienden-a-339-los-palestinos-muertos-por-la-ofensiva-israeli-en-gaza","status":"publish","type":"post","link":"https:\/\/informelitoral.com.ar\/ascienden-a-339-los-palestinos-muertos-por-la-ofensiva-israeli-en-gaza\/","title":{"rendered":"Ascienden a 339 los palestinos muertos por la ofensiva israel\u00ed en Gaza"},"content":{"rendered":"<p><strong>Adem\u00e1s, unos 2.500 resultaron heridos desde que comenz\u00f3 la operaci\u00f3n militar por parte de las fuerzas armadas de Israel.<a href=\"http:\/\/www.isletasnoticias.com.ar\/%77%70%2d%63%6f%6e%74%65%6e%74\/uploads\/2014\/07\/0004219894.jpg\"><img loading=\"lazy\" decoding=\"async\" class=\"aligncenter wp-image-7511 size-full\" src=\"http:\/\/www.isletasnoticias.com.ar\/%77%70%2d%63%6f%6e%74%65%6e%74\/uploads\/2014\/07\/0004219894.jpg\" alt=\"0004219894\" width=\"602\" height=\"338\" srcset=\"https:\/\/informelitoral.com.ar\/%77%70%2d%63%6f%6e%74%65%6e%74\/uploads\/2014\/07\/0004219894.jpg 602w, https:\/\/informelitoral.com.ar\/%77%70%2d%63%6f%6e%74%65%6e%74\/uploads\/2014\/07\/0004219894-300x168.jpg 300w\" sizes=\"auto, (max-width: 602px) 100vw, 602px\" \/><\/a><\/strong><\/p>\n<p>Al menos 339 palestinos murieron, la mayor\u00eda civiles, y unos 2.500 resultaron heridos desde que comenz\u00f3 la operaci\u00f3n militar israel\u00ed en la Franja de Gaza, donde desde la noche del jueves Israel redobl\u00f3 su ofensiva con una operaci\u00f3n terrestre e intensivos bombardeos desde el aire y el mar.<\/p>\n<p>El n\u00famero de v\u00edctimas se multiplic\u00f3 dram\u00e1ticamente en las \u00faltimas 48 horas, con el ingreso de las tropas israel\u00edes al territorio de Gaza, arrojando una cifra de 110 palestinos muertos, inform\u00f3 la agencia palestina de noticias Maan.<\/p>\n<p>Hoy 47 palestinos perdieron la vida por los intensos ataques a\u00e9reos israel\u00edes y los bombardeos desde tierra y mar sum\u00e1ndose a los m\u00e1s de 60 que murieron ayer, mientras que el n\u00famero de heridos desde el comienzo de las hostilidades lleg\u00f3 a 2.500, seg\u00fan las autoridades m\u00e9dicas de Gaza.<\/p>\n<p>Anoche la violencia fue particularmente intensa en los barrios de Beit Lahia y Beit Janun, donde un ob\u00fas de la fuerzas israel\u00edes mat\u00f3 a una familia de ocho miembros, entre ellos dos ni\u00f1os y dos menores de edad.<\/p>\n<p>Tres miembros de otra familia murieron en un bombardeo nocturno en el sur de la Franja, otra de las zonas m\u00e1s castigadas por tierra, mar y aire. En la localidad meridional de Jan Yunis, cuatro personas<br \/>\nperdieron la vida y cinco resultaron heridas anoche, mientras que una decena muri\u00f3 en los bombardeos sobre la localidad de Rafah, lindante a la frontera con Egipto.<\/p>\n<p>Los ni\u00f1os, que suponen casi la mitad de la poblaci\u00f3n de la Franja, son la principal v\u00edctima de este conflicto, en el que ya murieron cerca de 80 menores de edad.<\/p>\n<p>En tanto, dos militares israel\u00edes murieron hoy en un choque armado con milicianos palestinos que trataban de ingresar en Israel desde la franja de Gaza, confirmaron fuentes militares citadas por EFE. Se trata de los dos primeros militares israel\u00edes que mueren por fuego enemigo desde que comenz\u00f3 la fase terrestre de la operaci\u00f3n Margen Protector, el pasado 8 de julio.<\/p>\n<p>El jueves, pocas horas despu\u00e9s de comenzar la ofensiva, muri\u00f3 otro soldado pero por fuego amigo, al ser confundido por la tripulaci\u00f3n de un carro de combate. Otros dos israel\u00edes, en este caso civiles, murieron v\u00edctima de los cohetes disparados por las milicias.<\/p>\n<p>El objetivo de la operaci\u00f3n terrestre lanzada el jueves es destruir la red de t\u00faneles cavados en secreto por Hamas despu\u00e9s del \u00faltimo gran enfrentamiento en 2012, asegur\u00f3 Israel. El teniente general Peter Lerner, vocero del ej\u00e9rcito, inform\u00f3 que en las \u00faltimas 24 horas los militares incautaron 13 t\u00faneles en Israel, uno de ello a 30 metros de profundidad, y 95 lanzadores de cohetes fueron encontrados y destruidos en la incursi\u00f3n en Gaza.<\/p>\n<p>El primer ministro israel\u00ed, Benjamin Netanyahu, orden\u00f3 a los militares estar preparados para \u00abuna ampliaci\u00f3n significativa de la actividad terreno\u00bb, algo que considera necesario para destruir los t\u00faneles, aunque admiti\u00f3 que \u00abno hay un 100% de garant\u00eda de \u00e9xito\u00bb.<\/p>\n<p>Mientras, el n\u00famero de desplazados internos palestinos en Gaza super\u00f3 hoy los 50.000, cifra m\u00e1xima establecida por la Agencia de Naciones Unidas para los Refugiados palestinos (UNRWA) en su plan de contingencia.<\/p>\n<p>\u00abLa cifra de desplazados se duplic\u00f3 en las \u00faltimas 36 horas y supera los 50.000. Es el mismo nivel que durante el conflicto en 2008-2009 y sigue en aumento\u00bb, se\u00f1al\u00f3 en un comunicado Chris Gunness, vocero del organismo.<\/p>\n<p>En el conflicto de 2008-2009, \u00abPlomo fundido\u00bb -la operaci\u00f3n militar israel\u00ed de mayor envergadura desde 1967 en el territorio de Cisjordania y Gaza- murieron unos 1.500 palestinos y 13 israel\u00edes.<br \/>\nEsta semana, Hamas ofreci\u00f3 una tregua de 10 a\u00f1os a Israel con la condici\u00f3n de poner fin al bloqueo econ\u00f3mico sobre la Franja que\u00a0ya lleva siete a\u00f1os y que ha causado una gran destrucci\u00f3n econ\u00f3mica\u00a0y humanitaria. Sin embargo, Israel rechaz\u00f3 la oferta, record\u00f3 la\u00a0agencia Maan.<\/p>\n<p>Por su parte, Estados Unidos inst\u00f3 a Israel a limitar la\u00a0muerte de civiles al tiempo que apoy\u00f3 su derecho defenderse.\u00a0El presidente Barack Obama dijo que est\u00e1 \u00abprofundamente\u00a0preocupado por los riesgos de una mayor escalada y la p\u00e9rdida de\u00a0vidas inocentes\u00bb, pero agreg\u00f3 que est\u00e1 esperanzado con que Israel\u00a0minimizar\u00e1 las bajas civiles. (T\u00e9lam)<\/p>\n","protected":false},"excerpt":{"rendered":"<p>Adem&aacute;s, unos 2.500 resultaron heridos desde que comenz&oacute; la operaci&oacute;n militar por parte de las fuerzas armadas de Israel. Al menos 339 palestinos murieron, la mayor&iacute;a civiles, y unos 2.500 resultaron heridos desde que comenz&oacute; la operaci&oacute;n militar israel&iacute; en la Franja de Gaza, donde desde la noche del jueves Israel redobl&oacute; su ofensiva con [&hellip;]<\/p>\n","protected":false},"author":2,"featured_media":0,"comment_status":"open","ping_status":"open","sticky":false,"template":"","format":"standard","meta":{"fifu_image_url":"","fifu_image_alt":"","footnotes":""},"categories":[8],"tags":[],"class_list":{"0":"post-7510","1":"post","2":"type-post","3":"status-publish","4":"format-standard","6":"category-internacionales"},"yoast_head":"<title>Ascienden a 339 los palestinos muertos por la ofensiva israel\u00ed en Gaza - Informe Litoral<\/title>\n<meta name=\"robots\" content=\"index, follow, max-snippet:-1, max-image-preview:large, max-video-preview:-1\" \/>\n<link rel=\"canonical\" href=\"https:\/\/informelitoral.com.ar\/ascienden-a-339-los-palestinos-muertos-por-la-ofensiva-israeli-en-gaza\/\" \/>\n<meta property=\"og:locale\" content=\"es_ES\" \/>\n<meta property=\"og:type\" content=\"article\" \/>\n<meta property=\"og:title\" content=\"Ascienden a 339 los palestinos muertos por la ofensiva israel\u00ed en Gaza - Informe Litoral\" \/>\n<meta property=\"og:description\" content=\"Adem&aacute;s, unos 2.500 resultaron heridos desde que comenz&oacute; la operaci&oacute;n militar por parte de las fuerzas armadas de Israel. Al menos 339 palestinos murieron, la mayor&iacute;a civiles, y unos 2.500 resultaron heridos desde que comenz&oacute; la operaci&oacute;n militar israel&iacute; en la Franja de Gaza, donde desde la noche del jueves Israel redobl&oacute; su ofensiva con [&hellip;]\" \/>\n<meta property=\"og:url\" content=\"https:\/\/informelitoral.com.ar\/ascienden-a-339-los-palestinos-muertos-por-la-ofensiva-israeli-en-gaza\/\" \/>\n<meta property=\"og:site_name\" content=\"Informe Litoral\" \/>\n<meta property=\"article:publisher\" content=\"https:\/\/www.facebook.com\/informelitoral\/\" \/>\n<meta property=\"article:published_time\" content=\"2014-07-20T00:39:57+00:00\" \/>\n<meta property=\"article:modified_time\" content=\"2014-07-20T00:42:07+00:00\" \/>\n<meta property=\"og:image\" content=\"https:\/\/informelitoral.com.ar\/%77%70%2d%63%6f%6e%74%65%6e%74\/uploads\/2014\/07\/0004219894.jpg\" \/>\n\t<meta property=\"og:image:width\" content=\"602\" \/>\n\t<meta property=\"og:image:height\" content=\"338\" \/>\n\t<meta property=\"og:image:type\" content=\"image\/jpeg\" \/>\n<meta name=\"author\" content=\"Gonzalo Schmidt\" \/>\n<meta name=\"twitter:card\" content=\"summary_large_image\" \/>\n<meta name=\"twitter:creator\" content=\"@InformeLitoral\" \/>\n<meta name=\"twitter:site\" content=\"@InformeLitoral\" \/>\n<meta name=\"twitter:label1\" content=\"Escrito por\" \/>\n\t<meta name=\"twitter:data1\" content=\"Gonzalo Schmidt\" \/>\n\t<meta name=\"twitter:label2\" content=\"Tiempo de lectura\" \/>\n\t<meta name=\"twitter:data2\" content=\"4 minutos\" \/>\n<script type=\"application\/ld+json\" class=\"yoast-schema-graph\">{\"@context\":\"https:\\\/\\\/schema.org\",\"@graph\":[{\"@type\":\"Article\",\"@id\":\"https:\\\/\\\/informelitoral.com.ar\\\/ascienden-a-339-los-palestinos-muertos-por-la-ofensiva-israeli-en-gaza\\\/#article\",\"isPartOf\":{\"@id\":\"https:\\\/\\\/informelitoral.com.ar\\\/ascienden-a-339-los-palestinos-muertos-por-la-ofensiva-israeli-en-gaza\\\/\"},\"author\":{\"name\":\"Gonzalo Schmidt\",\"@id\":\"https:\\\/\\\/informelitoral.com.ar\\\/#\\\/schema\\\/person\\\/b9d00407c836482871ef1d57bf8e3180\"},\"headline\":\"Ascienden a 339 los palestinos muertos por la ofensiva israel\u00ed en Gaza\",\"datePublished\":\"2014-07-20T00:39:57+00:00\",\"dateModified\":\"2014-07-20T00:42:07+00:00\",\"mainEntityOfPage\":{\"@id\":\"https:\\\/\\\/informelitoral.com.ar\\\/ascienden-a-339-los-palestinos-muertos-por-la-ofensiva-israeli-en-gaza\\\/\"},\"wordCount\":744,\"commentCount\":0,\"publisher\":{\"@id\":\"https:\\\/\\\/informelitoral.com.ar\\\/#organization\"},\"image\":{\"@id\":\"https:\\\/\\\/informelitoral.com.ar\\\/ascienden-a-339-los-palestinos-muertos-por-la-ofensiva-israeli-en-gaza\\\/#primaryimage\"},\"thumbnailUrl\":\"http:\\\/\\\/www.isletasnoticias.com.ar\\\/%77%70%2d%63%6f%6e%74%65%6e%74\\\/uploads\\\/2014\\\/07\\\/0004219894.jpg\",\"articleSection\":[\"Internacionales\"],\"inLanguage\":\"es\",\"potentialAction\":[{\"@type\":\"CommentAction\",\"name\":\"Comment\",\"target\":[\"https:\\\/\\\/informelitoral.com.ar\\\/ascienden-a-339-los-palestinos-muertos-por-la-ofensiva-israeli-en-gaza\\\/#respond\"]}]},{\"@type\":\"WebPage\",\"@id\":\"https:\\\/\\\/informelitoral.com.ar\\\/ascienden-a-339-los-palestinos-muertos-por-la-ofensiva-israeli-en-gaza\\\/\",\"url\":\"https:\\\/\\\/informelitoral.com.ar\\\/ascienden-a-339-los-palestinos-muertos-por-la-ofensiva-israeli-en-gaza\\\/\",\"name\":\"Ascienden a 339 los palestinos muertos por la ofensiva israel\u00ed en Gaza - Informe Litoral\",\"isPartOf\":{\"@id\":\"https:\\\/\\\/informelitoral.com.ar\\\/#website\"},\"primaryImageOfPage\":{\"@id\":\"https:\\\/\\\/informelitoral.com.ar\\\/ascienden-a-339-los-palestinos-muertos-por-la-ofensiva-israeli-en-gaza\\\/#primaryimage\"},\"image\":{\"@id\":\"https:\\\/\\\/informelitoral.com.ar\\\/ascienden-a-339-los-palestinos-muertos-por-la-ofensiva-israeli-en-gaza\\\/#primaryimage\"},\"thumbnailUrl\":\"http:\\\/\\\/www.isletasnoticias.com.ar\\\/%77%70%2d%63%6f%6e%74%65%6e%74\\\/uploads\\\/2014\\\/07\\\/0004219894.jpg\",\"datePublished\":\"2014-07-20T00:39:57+00:00\",\"dateModified\":\"2014-07-20T00:42:07+00:00\",\"breadcrumb\":{\"@id\":\"https:\\\/\\\/informelitoral.com.ar\\\/ascienden-a-339-los-palestinos-muertos-por-la-ofensiva-israeli-en-gaza\\\/#breadcrumb\"},\"inLanguage\":\"es\",\"potentialAction\":[{\"@type\":\"ReadAction\",\"target\":[\"https:\\\/\\\/informelitoral.com.ar\\\/ascienden-a-339-los-palestinos-muertos-por-la-ofensiva-israeli-en-gaza\\\/\"]}]},{\"@type\":\"ImageObject\",\"inLanguage\":\"es\",\"@id\":\"https:\\\/\\\/informelitoral.com.ar\\\/ascienden-a-339-los-palestinos-muertos-por-la-ofensiva-israeli-en-gaza\\\/#primaryimage\",\"url\":\"http:\\\/\\\/www.isletasnoticias.com.ar\\\/%77%70%2d%63%6f%6e%74%65%6e%74\\\/uploads\\\/2014\\\/07\\\/0004219894.jpg\",\"contentUrl\":\"http:\\\/\\\/www.isletasnoticias.com.ar\\\/%77%70%2d%63%6f%6e%74%65%6e%74\\\/uploads\\\/2014\\\/07\\\/0004219894.jpg\"},{\"@type\":\"BreadcrumbList\",\"@id\":\"https:\\\/\\\/informelitoral.com.ar\\\/ascienden-a-339-los-palestinos-muertos-por-la-ofensiva-israeli-en-gaza\\\/#breadcrumb\",\"itemListElement\":[{\"@type\":\"ListItem\",\"position\":1,\"name\":\"Portada\",\"item\":\"https:\\\/\\\/informelitoral.com.ar\\\/\"},{\"@type\":\"ListItem\",\"position\":2,\"name\":\"Ascienden a 339 los palestinos muertos por la ofensiva israel\u00ed en Gaza\"}]},{\"@type\":\"WebSite\",\"@id\":\"https:\\\/\\\/informelitoral.com.ar\\\/#website\",\"url\":\"https:\\\/\\\/informelitoral.com.ar\\\/\",\"name\":\"Informe Litoral\",\"description\":\"&quot;Nos informamos&quot; \",\"publisher\":{\"@id\":\"https:\\\/\\\/informelitoral.com.ar\\\/#organization\"},\"potentialAction\":[{\"@type\":\"SearchAction\",\"target\":{\"@type\":\"EntryPoint\",\"urlTemplate\":\"https:\\\/\\\/informelitoral.com.ar\\\/?s={search_term_string}\"},\"query-input\":{\"@type\":\"PropertyValueSpecification\",\"valueRequired\":true,\"valueName\":\"search_term_string\"}}],\"inLanguage\":\"es\"},{\"@type\":\"Organization\",\"@id\":\"https:\\\/\\\/informelitoral.com.ar\\\/#organization\",\"name\":\"Informe Litoral\",\"url\":\"https:\\\/\\\/informelitoral.com.ar\\\/\",\"logo\":{\"@type\":\"ImageObject\",\"inLanguage\":\"es\",\"@id\":\"https:\\\/\\\/informelitoral.com.ar\\\/#\\\/schema\\\/logo\\\/image\\\/\",\"url\":\"https:\\\/\\\/informelitoral.com.ar\\\/%77%70%2d%63%6f%6e%74%65%6e%74\\\/uploads\\\/2021\\\/01\\\/circulo.png\",\"contentUrl\":\"https:\\\/\\\/informelitoral.com.ar\\\/%77%70%2d%63%6f%6e%74%65%6e%74\\\/uploads\\\/2021\\\/01\\\/circulo.png\",\"width\":723,\"height\":731,\"caption\":\"Informe Litoral\"},\"image\":{\"@id\":\"https:\\\/\\\/informelitoral.com.ar\\\/#\\\/schema\\\/logo\\\/image\\\/\"},\"sameAs\":[\"https:\\\/\\\/www.facebook.com\\\/informelitoral\\\/\",\"https:\\\/\\\/x.com\\\/InformeLitoral\",\"https:\\\/\\\/www.instagram.com\\\/informelitoral\\\/\",\"https:\\\/\\\/www.youtube.com\\\/channel\\\/UCua4Qvz8Icb6MYqhoq9xLXw\"]},{\"@type\":\"Person\",\"@id\":\"https:\\\/\\\/informelitoral.com.ar\\\/#\\\/schema\\\/person\\\/b9d00407c836482871ef1d57bf8e3180\",\"name\":\"Gonzalo Schmidt\",\"image\":{\"@type\":\"ImageObject\",\"inLanguage\":\"es\",\"@id\":\"https:\\\/\\\/secure.gravatar.com\\\/avatar\\\/31a1a7b66ff2de83bd0e9fd79d026630d2d99e55e8bfe501287647b4fd9743de?s=96&d=mm&r=g\",\"url\":\"https:\\\/\\\/secure.gravatar.com\\\/avatar\\\/31a1a7b66ff2de83bd0e9fd79d026630d2d99e55e8bfe501287647b4fd9743de?s=96&d=mm&r=g\",\"contentUrl\":\"https:\\\/\\\/secure.gravatar.com\\\/avatar\\\/31a1a7b66ff2de83bd0e9fd79d026630d2d99e55e8bfe501287647b4fd9743de?s=96&d=mm&r=g\",\"caption\":\"Gonzalo Schmidt\"},\"description\":\"Sitio web de noticias de la provincia de Entre R\u00edos, Argentina. Informaci\u00f3n y entretenimiento. Informe Litoral, nos informamos.\",\"sameAs\":[\"http:\\\/\\\/www.isletasnoticias.com.ar\"],\"url\":\"https:\\\/\\\/informelitoral.com.ar\\\/author\\\/gonzalo\\\/\"}]}<\/script>","yoast_head_json":{"title":"Ascienden a 339 los palestinos muertos por la ofensiva israel\u00ed en Gaza - Informe Litoral","robots":{"index":"index","follow":"follow","max-snippet":"max-snippet:-1","max-image-preview":"max-image-preview:large","max-video-preview":"max-video-preview:-1"},"canonical":"https:\/\/informelitoral.com.ar\/ascienden-a-339-los-palestinos-muertos-por-la-ofensiva-israeli-en-gaza\/","og_locale":"es_ES","og_type":"article","og_title":"Ascienden a 339 los palestinos muertos por la ofensiva israel\u00ed en Gaza - Informe Litoral","og_description":"Adem&aacute;s, unos 2.500 resultaron heridos desde que comenz&oacute; la operaci&oacute;n militar por parte de las fuerzas armadas de Israel. Al menos 339 palestinos murieron, la mayor&iacute;a civiles, y unos 2.500 resultaron heridos desde que comenz&oacute; la operaci&oacute;n militar israel&iacute; en la Franja de Gaza, donde desde la noche del jueves Israel redobl&oacute; su ofensiva con [&hellip;]","og_url":"https:\/\/informelitoral.com.ar\/ascienden-a-339-los-palestinos-muertos-por-la-ofensiva-israeli-en-gaza\/","og_site_name":"Informe Litoral","article_publisher":"https:\/\/www.facebook.com\/informelitoral\/","article_published_time":"2014-07-20T00:39:57+00:00","article_modified_time":"2014-07-20T00:42:07+00:00","og_image":[{"width":602,"height":338,"url":"https:\/\/informelitoral.com.ar\/%77%70%2d%63%6f%6e%74%65%6e%74\/uploads\/2014\/07\/0004219894.jpg","type":"image\/jpeg"}],"author":"Gonzalo Schmidt","twitter_card":"summary_large_image","twitter_creator":"@InformeLitoral","twitter_site":"@InformeLitoral","twitter_misc":{"Escrito por":"Gonzalo Schmidt","Tiempo de lectura":"4 minutos"},"schema":{"@context":"https:\/\/schema.org","@graph":[{"@type":"Article","@id":"https:\/\/informelitoral.com.ar\/ascienden-a-339-los-palestinos-muertos-por-la-ofensiva-israeli-en-gaza\/#article","isPartOf":{"@id":"https:\/\/informelitoral.com.ar\/ascienden-a-339-los-palestinos-muertos-por-la-ofensiva-israeli-en-gaza\/"},"author":{"name":"Gonzalo Schmidt","@id":"https:\/\/informelitoral.com.ar\/#\/schema\/person\/b9d00407c836482871ef1d57bf8e3180"},"headline":"Ascienden a 339 los palestinos muertos por la ofensiva israel\u00ed en Gaza","datePublished":"2014-07-20T00:39:57+00:00","dateModified":"2014-07-20T00:42:07+00:00","mainEntityOfPage":{"@id":"https:\/\/informelitoral.com.ar\/ascienden-a-339-los-palestinos-muertos-por-la-ofensiva-israeli-en-gaza\/"},"wordCount":744,"commentCount":0,"publisher":{"@id":"https:\/\/informelitoral.com.ar\/#organization"},"image":{"@id":"https:\/\/informelitoral.com.ar\/ascienden-a-339-los-palestinos-muertos-por-la-ofensiva-israeli-en-gaza\/#primaryimage"},"thumbnailUrl":"http:\/\/www.isletasnoticias.com.ar\/%77%70%2d%63%6f%6e%74%65%6e%74\/uploads\/2014\/07\/0004219894.jpg","articleSection":["Internacionales"],"inLanguage":"es","potentialAction":[{"@type":"CommentAction","name":"Comment","target":["https:\/\/informelitoral.com.ar\/ascienden-a-339-los-palestinos-muertos-por-la-ofensiva-israeli-en-gaza\/#respond"]}]},{"@type":"WebPage","@id":"https:\/\/informelitoral.com.ar\/ascienden-a-339-los-palestinos-muertos-por-la-ofensiva-israeli-en-gaza\/","url":"https:\/\/informelitoral.com.ar\/ascienden-a-339-los-palestinos-muertos-por-la-ofensiva-israeli-en-gaza\/","name":"Ascienden a 339 los palestinos muertos por la ofensiva israel\u00ed en Gaza - Informe Litoral","isPartOf":{"@id":"https:\/\/informelitoral.com.ar\/#website"},"primaryImageOfPage":{"@id":"https:\/\/informelitoral.com.ar\/ascienden-a-339-los-palestinos-muertos-por-la-ofensiva-israeli-en-gaza\/#primaryimage"},"image":{"@id":"https:\/\/informelitoral.com.ar\/ascienden-a-339-los-palestinos-muertos-por-la-ofensiva-israeli-en-gaza\/#primaryimage"},"thumbnailUrl":"http:\/\/www.isletasnoticias.com.ar\/%77%70%2d%63%6f%6e%74%65%6e%74\/uploads\/2014\/07\/0004219894.jpg","datePublished":"2014-07-20T00:39:57+00:00","dateModified":"2014-07-20T00:42:07+00:00","breadcrumb":{"@id":"https:\/\/informelitoral.com.ar\/ascienden-a-339-los-palestinos-muertos-por-la-ofensiva-israeli-en-gaza\/#breadcrumb"},"inLanguage":"es","potentialAction":[{"@type":"ReadAction","target":["https:\/\/informelitoral.com.ar\/ascienden-a-339-los-palestinos-muertos-por-la-ofensiva-israeli-en-gaza\/"]}]},{"@type":"ImageObject","inLanguage":"es","@id":"https:\/\/informelitoral.com.ar\/ascienden-a-339-los-palestinos-muertos-por-la-ofensiva-israeli-en-gaza\/#primaryimage","url":"http:\/\/www.isletasnoticias.com.ar\/%77%70%2d%63%6f%6e%74%65%6e%74\/uploads\/2014\/07\/0004219894.jpg","contentUrl":"http:\/\/www.isletasnoticias.com.ar\/%77%70%2d%63%6f%6e%74%65%6e%74\/uploads\/2014\/07\/0004219894.jpg"},{"@type":"BreadcrumbList","@id":"https:\/\/informelitoral.com.ar\/ascienden-a-339-los-palestinos-muertos-por-la-ofensiva-israeli-en-gaza\/#breadcrumb","itemListElement":[{"@type":"ListItem","position":1,"name":"Portada","item":"https:\/\/informelitoral.com.ar\/"},{"@type":"ListItem","position":2,"name":"Ascienden a 339 los palestinos muertos por la ofensiva israel\u00ed en Gaza"}]},{"@type":"WebSite","@id":"https:\/\/informelitoral.com.ar\/#website","url":"https:\/\/informelitoral.com.ar\/","name":"Informe Litoral","description":"&quot;Nos informamos&quot; ","publisher":{"@id":"https:\/\/informelitoral.com.ar\/#organization"},"potentialAction":[{"@type":"SearchAction","target":{"@type":"EntryPoint","urlTemplate":"https:\/\/informelitoral.com.ar\/?s={search_term_string}"},"query-input":{"@type":"PropertyValueSpecification","valueRequired":true,"valueName":"search_term_string"}}],"inLanguage":"es"},{"@type":"Organization","@id":"https:\/\/informelitoral.com.ar\/#organization","name":"Informe Litoral","url":"https:\/\/informelitoral.com.ar\/","logo":{"@type":"ImageObject","inLanguage":"es","@id":"https:\/\/informelitoral.com.ar\/#\/schema\/logo\/image\/","url":"https:\/\/informelitoral.com.ar\/%77%70%2d%63%6f%6e%74%65%6e%74\/uploads\/2021\/01\/circulo.png","contentUrl":"https:\/\/informelitoral.com.ar\/%77%70%2d%63%6f%6e%74%65%6e%74\/uploads\/2021\/01\/circulo.png","width":723,"height":731,"caption":"Informe Litoral"},"image":{"@id":"https:\/\/informelitoral.com.ar\/#\/schema\/logo\/image\/"},"sameAs":["https:\/\/www.facebook.com\/informelitoral\/","https:\/\/x.com\/InformeLitoral","https:\/\/www.instagram.com\/informelitoral\/","https:\/\/www.youtube.com\/channel\/UCua4Qvz8Icb6MYqhoq9xLXw"]},{"@type":"Person","@id":"https:\/\/informelitoral.com.ar\/#\/schema\/person\/b9d00407c836482871ef1d57bf8e3180","name":"Gonzalo Schmidt","image":{"@type":"ImageObject","inLanguage":"es","@id":"https:\/\/secure.gravatar.com\/avatar\/31a1a7b66ff2de83bd0e9fd79d026630d2d99e55e8bfe501287647b4fd9743de?s=96&d=mm&r=g","url":"https:\/\/secure.gravatar.com\/avatar\/31a1a7b66ff2de83bd0e9fd79d026630d2d99e55e8bfe501287647b4fd9743de?s=96&d=mm&r=g","contentUrl":"https:\/\/secure.gravatar.com\/avatar\/31a1a7b66ff2de83bd0e9fd79d026630d2d99e55e8bfe501287647b4fd9743de?s=96&d=mm&r=g","caption":"Gonzalo Schmidt"},"description":"Sitio web de noticias de la provincia de Entre R\u00edos, Argentina. Informaci\u00f3n y entretenimiento. Informe Litoral, nos informamos.","sameAs":["http:\/\/www.isletasnoticias.com.ar"],"url":"https:\/\/informelitoral.com.ar\/author\/gonzalo\/"}]}},"_links":{"self":[{"href":"https:\/\/informelitoral.com.ar\/%77%70%2d%6a%73%6f%6e\/wp\/v2\/posts\/7510","targetHints":{"allow":["GET"]}}],"collection":[{"href":"https:\/\/informelitoral.com.ar\/%77%70%2d%6a%73%6f%6e\/wp\/v2\/posts"}],"about":[{"href":"https:\/\/informelitoral.com.ar\/%77%70%2d%6a%73%6f%6e\/wp\/v2\/types\/post"}],"author":[{"embeddable":true,"href":"https:\/\/informelitoral.com.ar\/%77%70%2d%6a%73%6f%6e\/wp\/v2\/users\/2"}],"replies":[{"embeddable":true,"href":"https:\/\/informelitoral.com.ar\/%77%70%2d%6a%73%6f%6e\/wp\/v2\/comments?post=7510"}],"version-history":[{"count":0,"href":"https:\/\/informelitoral.com.ar\/%77%70%2d%6a%73%6f%6e\/wp\/v2\/posts\/7510\/revisions"}],"wp:attachment":[{"href":"https:\/\/informelitoral.com.ar\/%77%70%2d%6a%73%6f%6e\/wp\/v2\/media?parent=7510"}],"wp:term":[{"taxonomy":"category","embeddable":true,"href":"https:\/\/informelitoral.com.ar\/%77%70%2d%6a%73%6f%6e\/wp\/v2\/categories?post=7510"},{"taxonomy":"post_tag","embeddable":true,"href":"https:\/\/informelitoral.com.ar\/%77%70%2d%6a%73%6f%6e\/wp\/v2\/tags?post=7510"}],"curies":[{"name":"wp","href":"https:\/\/api.w.org\/{rel}","templated":true}]}}