{"id":7504,"date":"2014-07-17T22:20:44","date_gmt":"2014-07-18T01:20:44","guid":{"rendered":"http:\/\/www.isletasnoticias.com.ar\/?p=7504"},"modified":"2014-07-17T22:20:57","modified_gmt":"2014-07-18T01:20:57","slug":"la-oposicion-celebro-la-restitucion-del-fiscal-campagnoli-y-apunto-contra-el-gobierno","status":"publish","type":"post","link":"https:\/\/informelitoral.com.ar\/la-oposicion-celebro-la-restitucion-del-fiscal-campagnoli-y-apunto-contra-el-gobierno\/","title":{"rendered":"La oposici\u00f3n celebr\u00f3 la restituci\u00f3n del fiscal Campagnoli y apunt\u00f3 contra el Gobierno"},"content":{"rendered":"<p><strong>Representantes de las principales fuerzas no kirchneristas manifestaron su satisfacci\u00f3n por la decisi\u00f3n del Tribunal de Enjuiciamiento sobre el funcionario suspendido tras investigar a <em>L\u00e1zaro B\u00e1ez<\/em>. Habr\u00eda un nuevo jury.<a href=\"http:\/\/www.isletasnoticias.com.ar\/%77%70%2d%63%6f%6e%74%65%6e%74\/uploads\/2014\/07\/0717_carrio_solanas_alonso_piumato_negri_g_ced.jpg_1853027552.jpg\"><img loading=\"lazy\" decoding=\"async\" class=\"aligncenter wp-image-7505 size-full\" src=\"http:\/\/www.isletasnoticias.com.ar\/%77%70%2d%63%6f%6e%74%65%6e%74\/uploads\/2014\/07\/0717_carrio_solanas_alonso_piumato_negri_g_ced.jpg_1853027552.jpg\" alt=\"0717_carrio_solanas_alonso_piumato_negri_g_ced.jpg_1853027552\" width=\"728\" height=\"500\" srcset=\"https:\/\/informelitoral.com.ar\/%77%70%2d%63%6f%6e%74%65%6e%74\/uploads\/2014\/07\/0717_carrio_solanas_alonso_piumato_negri_g_ced.jpg_1853027552.jpg 728w, https:\/\/informelitoral.com.ar\/%77%70%2d%63%6f%6e%74%65%6e%74\/uploads\/2014\/07\/0717_carrio_solanas_alonso_piumato_negri_g_ced.jpg_1853027552-300x206.jpg 300w\" sizes=\"auto, (max-width: 728px) 100vw, 728px\" \/><\/a><\/strong><\/p>\n<p>Tras una larga deliberaci\u00f3n, el Tribunal de Enjuiciamiento que investigaba la actuaci\u00f3n de <strong>Jos\u00e9 Mar\u00eda Campagnoli<\/strong> en la investigaci\u00f3n por lavado de dinero resolvi\u00f3 que el fiscal vuelva a su cargo mientras se resuelve si se iniciar\u00e1 un nuevo juicio en su contra. Lo hizo con los votos a favor de Juan Octavio Gauna, Francisco Panero, Adriana Donato y Leandro Mi\u00f1o, mientras que se opusieron Daniel Adler, Ernesto Kreplak y Rodolfo Ojea Quintana.<\/p>\n<p>A minutos de que se conozca el pronunciamiento, la oposici\u00f3n, que desde el inicio denunci\u00f3 que se trataba de una acci\u00f3n para amedrentarlo, celebr\u00f3 que vuelva a quedar al frente de la Fiscal\u00eda de Saavedra.<\/p>\n<p>\u00abEl desfile de testigos, las audiencias que se hicieron en Congreso y, fundamentalmente, los ciudadanos en la calle hicieron que Campagnoli vuelva a su cargo\u00bb, evalu\u00f3 el presidente del bloque de diputados por la UCR, Mario Negri. \u00abSe ha hecho justicia, esto d\u00e9 fuerza para ir ahora por una justicia independiente\u00bb, agreg\u00f3.<\/p>\n<p>Negri apunt\u00f3 contra la procuradora General, Alejandra Gils Carb\u00f3 por promover el jury y dijo que llevar\u00e1n a cabo \u00abtodas las acciones para determinar su responsabilidad\u00bb en el caso: \u00abVamos a redoblar la lucha frente a un Ministerio P\u00fablico que no es tal sino que se ha convertido desde un comienzo en una agrupaci\u00f3n militante del Gobierno\u00bb.<\/p>\n<p>La l\u00edder de la CC-ARI Elisa Carri\u00f3, socia de Negri en el Frente Amplio UNEN, dijo estar \u00abmuy feliz\u00bb con la noticia. \u00abCuando la ciudadan\u00eda tiene conciencia c\u00edvica no puede ser arrasada por el poder\u00bb, a\u00f1adi\u00f3.<\/p>\n<p>En tanto, el titular de la bancada del Frente Renovador en la C\u00e1mara baja, Dar\u00edo Giustozzi, afirm\u00f3 que con la restituci\u00f3n a su cargo del fiscal \u00abgana una justicia independiente\u00bb. \u00abEsto nos ayuda a pensar lo importante que es para la democracia una justicia independiente\u00bb, consider\u00f3, y advirti\u00f3 que \u00abel manoseo institucional y la interferencia en la justicia debe quedar definitivamente en el pasado\u00bb.<\/p>\n<p>Desde el PRO, el diputado Federico Sturzenegger se\u00f1al\u00f3 que con el regreso de Campagnoli a su cargo \u00abdevuelve la confianza en las instituciones\u00bb, y es \u00abextraordinario para la democracia\u00bb. \u00abEs una muestra de independencia del Poder Judicial contundente\u00bb, a\u00f1adi\u00f3.<\/p>\n<p>Roy Cortina, legislador del Partido Socialista, dijo que es \u00abuna buena noticia para la democracia\u00bb. Y a\u00f1adi\u00f3: \u00abEsto es lo que necesita respirar la gente ante tanta falta de credibilidad cuando una persona cumple con su labor\u00bb.<\/p>\n<p>Fuente: Infobae \/ Foto: Perfil<\/p>\n","protected":false},"excerpt":{"rendered":"<p>Representantes de las principales fuerzas no kirchneristas manifestaron su satisfacci&oacute;n por la decisi&oacute;n del Tribunal de Enjuiciamiento sobre el funcionario suspendido tras investigar a L&aacute;zaro B&aacute;ez. Habr&iacute;a un nuevo jury. Tras una larga deliberaci&oacute;n, el Tribunal de Enjuiciamiento que investigaba la actuaci&oacute;n de Jos&eacute; Mar&iacute;a Campagnoli en la investigaci&oacute;n por lavado de dinero resolvi&oacute; que [&hellip;]<\/p>\n","protected":false},"author":2,"featured_media":0,"comment_status":"open","ping_status":"open","sticky":false,"template":"","format":"standard","meta":{"fifu_image_url":"","fifu_image_alt":"","footnotes":""},"categories":[7,16],"tags":[],"class_list":{"0":"post-7504","1":"post","2":"type-post","3":"status-publish","4":"format-standard","6":"category-nacionales","7":"category-politi"},"yoast_head":"<title>La oposici\u00f3n celebr\u00f3 la restituci\u00f3n del fiscal Campagnoli y apunt\u00f3 contra el Gobierno - Informe Litoral<\/title>\n<meta name=\"robots\" content=\"index, follow, max-snippet:-1, max-image-preview:large, max-video-preview:-1\" \/>\n<link rel=\"canonical\" href=\"https:\/\/informelitoral.com.ar\/la-oposicion-celebro-la-restitucion-del-fiscal-campagnoli-y-apunto-contra-el-gobierno\/\" \/>\n<meta property=\"og:locale\" content=\"es_ES\" \/>\n<meta property=\"og:type\" content=\"article\" \/>\n<meta property=\"og:title\" content=\"La oposici\u00f3n celebr\u00f3 la restituci\u00f3n del fiscal Campagnoli y apunt\u00f3 contra el Gobierno - Informe Litoral\" \/>\n<meta property=\"og:description\" content=\"Representantes de las principales fuerzas no kirchneristas manifestaron su satisfacci&oacute;n por la decisi&oacute;n del Tribunal de Enjuiciamiento sobre el funcionario suspendido tras investigar a L&aacute;zaro B&aacute;ez. Habr&iacute;a un nuevo jury. Tras una larga deliberaci&oacute;n, el Tribunal de Enjuiciamiento que investigaba la actuaci&oacute;n de Jos&eacute; Mar&iacute;a Campagnoli en la investigaci&oacute;n por lavado de dinero resolvi&oacute; que [&hellip;]\" \/>\n<meta property=\"og:url\" content=\"https:\/\/informelitoral.com.ar\/la-oposicion-celebro-la-restitucion-del-fiscal-campagnoli-y-apunto-contra-el-gobierno\/\" \/>\n<meta property=\"og:site_name\" content=\"Informe Litoral\" \/>\n<meta property=\"article:publisher\" content=\"https:\/\/www.facebook.com\/informelitoral\/\" \/>\n<meta property=\"article:published_time\" content=\"2014-07-18T01:20:44+00:00\" \/>\n<meta property=\"article:modified_time\" content=\"2014-07-18T01:20:57+00:00\" \/>\n<meta property=\"og:image\" content=\"https:\/\/informelitoral.com.ar\/%77%70%2d%63%6f%6e%74%65%6e%74\/uploads\/2014\/07\/0717_carrio_solanas_alonso_piumato_negri_g_ced.jpg_1853027552.jpg\" \/>\n\t<meta property=\"og:image:width\" content=\"728\" \/>\n\t<meta property=\"og:image:height\" content=\"500\" \/>\n\t<meta property=\"og:image:type\" content=\"image\/jpeg\" \/>\n<meta name=\"author\" content=\"Gonzalo Schmidt\" \/>\n<meta name=\"twitter:card\" content=\"summary_large_image\" \/>\n<meta name=\"twitter:creator\" content=\"@InformeLitoral\" \/>\n<meta name=\"twitter:site\" content=\"@InformeLitoral\" \/>\n<meta name=\"twitter:label1\" content=\"Escrito por\" \/>\n\t<meta name=\"twitter:data1\" content=\"Gonzalo Schmidt\" \/>\n\t<meta name=\"twitter:label2\" content=\"Tiempo de lectura\" \/>\n\t<meta name=\"twitter:data2\" content=\"2 minutos\" \/>\n<script type=\"application\/ld+json\" class=\"yoast-schema-graph\">{\"@context\":\"https:\\\/\\\/schema.org\",\"@graph\":[{\"@type\":\"Article\",\"@id\":\"https:\\\/\\\/informelitoral.com.ar\\\/la-oposicion-celebro-la-restitucion-del-fiscal-campagnoli-y-apunto-contra-el-gobierno\\\/#article\",\"isPartOf\":{\"@id\":\"https:\\\/\\\/informelitoral.com.ar\\\/la-oposicion-celebro-la-restitucion-del-fiscal-campagnoli-y-apunto-contra-el-gobierno\\\/\"},\"author\":{\"name\":\"Gonzalo Schmidt\",\"@id\":\"https:\\\/\\\/informelitoral.com.ar\\\/#\\\/schema\\\/person\\\/b9d00407c836482871ef1d57bf8e3180\"},\"headline\":\"La oposici\u00f3n celebr\u00f3 la restituci\u00f3n del fiscal Campagnoli y apunt\u00f3 contra el Gobierno\",\"datePublished\":\"2014-07-18T01:20:44+00:00\",\"dateModified\":\"2014-07-18T01:20:57+00:00\",\"mainEntityOfPage\":{\"@id\":\"https:\\\/\\\/informelitoral.com.ar\\\/la-oposicion-celebro-la-restitucion-del-fiscal-campagnoli-y-apunto-contra-el-gobierno\\\/\"},\"wordCount\":468,\"commentCount\":0,\"publisher\":{\"@id\":\"https:\\\/\\\/informelitoral.com.ar\\\/#organization\"},\"image\":{\"@id\":\"https:\\\/\\\/informelitoral.com.ar\\\/la-oposicion-celebro-la-restitucion-del-fiscal-campagnoli-y-apunto-contra-el-gobierno\\\/#primaryimage\"},\"thumbnailUrl\":\"http:\\\/\\\/www.isletasnoticias.com.ar\\\/%77%70%2d%63%6f%6e%74%65%6e%74\\\/uploads\\\/2014\\\/07\\\/0717_carrio_solanas_alonso_piumato_negri_g_ced.jpg_1853027552.jpg\",\"articleSection\":[\"Nacionales\",\"Politica\"],\"inLanguage\":\"es\",\"potentialAction\":[{\"@type\":\"CommentAction\",\"name\":\"Comment\",\"target\":[\"https:\\\/\\\/informelitoral.com.ar\\\/la-oposicion-celebro-la-restitucion-del-fiscal-campagnoli-y-apunto-contra-el-gobierno\\\/#respond\"]}]},{\"@type\":\"WebPage\",\"@id\":\"https:\\\/\\\/informelitoral.com.ar\\\/la-oposicion-celebro-la-restitucion-del-fiscal-campagnoli-y-apunto-contra-el-gobierno\\\/\",\"url\":\"https:\\\/\\\/informelitoral.com.ar\\\/la-oposicion-celebro-la-restitucion-del-fiscal-campagnoli-y-apunto-contra-el-gobierno\\\/\",\"name\":\"La oposici\u00f3n celebr\u00f3 la restituci\u00f3n del fiscal Campagnoli y apunt\u00f3 contra el Gobierno - Informe Litoral\",\"isPartOf\":{\"@id\":\"https:\\\/\\\/informelitoral.com.ar\\\/#website\"},\"primaryImageOfPage\":{\"@id\":\"https:\\\/\\\/informelitoral.com.ar\\\/la-oposicion-celebro-la-restitucion-del-fiscal-campagnoli-y-apunto-contra-el-gobierno\\\/#primaryimage\"},\"image\":{\"@id\":\"https:\\\/\\\/informelitoral.com.ar\\\/la-oposicion-celebro-la-restitucion-del-fiscal-campagnoli-y-apunto-contra-el-gobierno\\\/#primaryimage\"},\"thumbnailUrl\":\"http:\\\/\\\/www.isletasnoticias.com.ar\\\/%77%70%2d%63%6f%6e%74%65%6e%74\\\/uploads\\\/2014\\\/07\\\/0717_carrio_solanas_alonso_piumato_negri_g_ced.jpg_1853027552.jpg\",\"datePublished\":\"2014-07-18T01:20:44+00:00\",\"dateModified\":\"2014-07-18T01:20:57+00:00\",\"breadcrumb\":{\"@id\":\"https:\\\/\\\/informelitoral.com.ar\\\/la-oposicion-celebro-la-restitucion-del-fiscal-campagnoli-y-apunto-contra-el-gobierno\\\/#breadcrumb\"},\"inLanguage\":\"es\",\"potentialAction\":[{\"@type\":\"ReadAction\",\"target\":[\"https:\\\/\\\/informelitoral.com.ar\\\/la-oposicion-celebro-la-restitucion-del-fiscal-campagnoli-y-apunto-contra-el-gobierno\\\/\"]}]},{\"@type\":\"ImageObject\",\"inLanguage\":\"es\",\"@id\":\"https:\\\/\\\/informelitoral.com.ar\\\/la-oposicion-celebro-la-restitucion-del-fiscal-campagnoli-y-apunto-contra-el-gobierno\\\/#primaryimage\",\"url\":\"http:\\\/\\\/www.isletasnoticias.com.ar\\\/%77%70%2d%63%6f%6e%74%65%6e%74\\\/uploads\\\/2014\\\/07\\\/0717_carrio_solanas_alonso_piumato_negri_g_ced.jpg_1853027552.jpg\",\"contentUrl\":\"http:\\\/\\\/www.isletasnoticias.com.ar\\\/%77%70%2d%63%6f%6e%74%65%6e%74\\\/uploads\\\/2014\\\/07\\\/0717_carrio_solanas_alonso_piumato_negri_g_ced.jpg_1853027552.jpg\"},{\"@type\":\"BreadcrumbList\",\"@id\":\"https:\\\/\\\/informelitoral.com.ar\\\/la-oposicion-celebro-la-restitucion-del-fiscal-campagnoli-y-apunto-contra-el-gobierno\\\/#breadcrumb\",\"itemListElement\":[{\"@type\":\"ListItem\",\"position\":1,\"name\":\"Portada\",\"item\":\"https:\\\/\\\/informelitoral.com.ar\\\/\"},{\"@type\":\"ListItem\",\"position\":2,\"name\":\"La oposici\u00f3n celebr\u00f3 la restituci\u00f3n del fiscal Campagnoli y apunt\u00f3 contra el Gobierno\"}]},{\"@type\":\"WebSite\",\"@id\":\"https:\\\/\\\/informelitoral.com.ar\\\/#website\",\"url\":\"https:\\\/\\\/informelitoral.com.ar\\\/\",\"name\":\"Informe Litoral\",\"description\":\"&quot;Nos informamos&quot; \",\"publisher\":{\"@id\":\"https:\\\/\\\/informelitoral.com.ar\\\/#organization\"},\"potentialAction\":[{\"@type\":\"SearchAction\",\"target\":{\"@type\":\"EntryPoint\",\"urlTemplate\":\"https:\\\/\\\/informelitoral.com.ar\\\/?s={search_term_string}\"},\"query-input\":{\"@type\":\"PropertyValueSpecification\",\"valueRequired\":true,\"valueName\":\"search_term_string\"}}],\"inLanguage\":\"es\"},{\"@type\":\"Organization\",\"@id\":\"https:\\\/\\\/informelitoral.com.ar\\\/#organization\",\"name\":\"Informe Litoral\",\"url\":\"https:\\\/\\\/informelitoral.com.ar\\\/\",\"logo\":{\"@type\":\"ImageObject\",\"inLanguage\":\"es\",\"@id\":\"https:\\\/\\\/informelitoral.com.ar\\\/#\\\/schema\\\/logo\\\/image\\\/\",\"url\":\"https:\\\/\\\/informelitoral.com.ar\\\/%77%70%2d%63%6f%6e%74%65%6e%74\\\/uploads\\\/2021\\\/01\\\/circulo.png\",\"contentUrl\":\"https:\\\/\\\/informelitoral.com.ar\\\/%77%70%2d%63%6f%6e%74%65%6e%74\\\/uploads\\\/2021\\\/01\\\/circulo.png\",\"width\":723,\"height\":731,\"caption\":\"Informe Litoral\"},\"image\":{\"@id\":\"https:\\\/\\\/informelitoral.com.ar\\\/#\\\/schema\\\/logo\\\/image\\\/\"},\"sameAs\":[\"https:\\\/\\\/www.facebook.com\\\/informelitoral\\\/\",\"https:\\\/\\\/x.com\\\/InformeLitoral\",\"https:\\\/\\\/www.instagram.com\\\/informelitoral\\\/\",\"https:\\\/\\\/www.youtube.com\\\/channel\\\/UCua4Qvz8Icb6MYqhoq9xLXw\"]},{\"@type\":\"Person\",\"@id\":\"https:\\\/\\\/informelitoral.com.ar\\\/#\\\/schema\\\/person\\\/b9d00407c836482871ef1d57bf8e3180\",\"name\":\"Gonzalo Schmidt\",\"image\":{\"@type\":\"ImageObject\",\"inLanguage\":\"es\",\"@id\":\"https:\\\/\\\/secure.gravatar.com\\\/avatar\\\/31a1a7b66ff2de83bd0e9fd79d026630d2d99e55e8bfe501287647b4fd9743de?s=96&d=mm&r=g\",\"url\":\"https:\\\/\\\/secure.gravatar.com\\\/avatar\\\/31a1a7b66ff2de83bd0e9fd79d026630d2d99e55e8bfe501287647b4fd9743de?s=96&d=mm&r=g\",\"contentUrl\":\"https:\\\/\\\/secure.gravatar.com\\\/avatar\\\/31a1a7b66ff2de83bd0e9fd79d026630d2d99e55e8bfe501287647b4fd9743de?s=96&d=mm&r=g\",\"caption\":\"Gonzalo Schmidt\"},\"description\":\"Sitio web de noticias de la provincia de Entre R\u00edos, Argentina. Informaci\u00f3n y entretenimiento. Informe Litoral, nos informamos.\",\"sameAs\":[\"http:\\\/\\\/www.isletasnoticias.com.ar\"],\"url\":\"https:\\\/\\\/informelitoral.com.ar\\\/author\\\/gonzalo\\\/\"}]}<\/script>","yoast_head_json":{"title":"La oposici\u00f3n celebr\u00f3 la restituci\u00f3n del fiscal Campagnoli y apunt\u00f3 contra el Gobierno - Informe Litoral","robots":{"index":"index","follow":"follow","max-snippet":"max-snippet:-1","max-image-preview":"max-image-preview:large","max-video-preview":"max-video-preview:-1"},"canonical":"https:\/\/informelitoral.com.ar\/la-oposicion-celebro-la-restitucion-del-fiscal-campagnoli-y-apunto-contra-el-gobierno\/","og_locale":"es_ES","og_type":"article","og_title":"La oposici\u00f3n celebr\u00f3 la restituci\u00f3n del fiscal Campagnoli y apunt\u00f3 contra el Gobierno - Informe Litoral","og_description":"Representantes de las principales fuerzas no kirchneristas manifestaron su satisfacci&oacute;n por la decisi&oacute;n del Tribunal de Enjuiciamiento sobre el funcionario suspendido tras investigar a L&aacute;zaro B&aacute;ez. Habr&iacute;a un nuevo jury. Tras una larga deliberaci&oacute;n, el Tribunal de Enjuiciamiento que investigaba la actuaci&oacute;n de Jos&eacute; Mar&iacute;a Campagnoli en la investigaci&oacute;n por lavado de dinero resolvi&oacute; que [&hellip;]","og_url":"https:\/\/informelitoral.com.ar\/la-oposicion-celebro-la-restitucion-del-fiscal-campagnoli-y-apunto-contra-el-gobierno\/","og_site_name":"Informe Litoral","article_publisher":"https:\/\/www.facebook.com\/informelitoral\/","article_published_time":"2014-07-18T01:20:44+00:00","article_modified_time":"2014-07-18T01:20:57+00:00","og_image":[{"width":728,"height":500,"url":"https:\/\/informelitoral.com.ar\/%77%70%2d%63%6f%6e%74%65%6e%74\/uploads\/2014\/07\/0717_carrio_solanas_alonso_piumato_negri_g_ced.jpg_1853027552.jpg","type":"image\/jpeg"}],"author":"Gonzalo Schmidt","twitter_card":"summary_large_image","twitter_creator":"@InformeLitoral","twitter_site":"@InformeLitoral","twitter_misc":{"Escrito por":"Gonzalo Schmidt","Tiempo de lectura":"2 minutos"},"schema":{"@context":"https:\/\/schema.org","@graph":[{"@type":"Article","@id":"https:\/\/informelitoral.com.ar\/la-oposicion-celebro-la-restitucion-del-fiscal-campagnoli-y-apunto-contra-el-gobierno\/#article","isPartOf":{"@id":"https:\/\/informelitoral.com.ar\/la-oposicion-celebro-la-restitucion-del-fiscal-campagnoli-y-apunto-contra-el-gobierno\/"},"author":{"name":"Gonzalo Schmidt","@id":"https:\/\/informelitoral.com.ar\/#\/schema\/person\/b9d00407c836482871ef1d57bf8e3180"},"headline":"La oposici\u00f3n celebr\u00f3 la restituci\u00f3n del fiscal Campagnoli y apunt\u00f3 contra el Gobierno","datePublished":"2014-07-18T01:20:44+00:00","dateModified":"2014-07-18T01:20:57+00:00","mainEntityOfPage":{"@id":"https:\/\/informelitoral.com.ar\/la-oposicion-celebro-la-restitucion-del-fiscal-campagnoli-y-apunto-contra-el-gobierno\/"},"wordCount":468,"commentCount":0,"publisher":{"@id":"https:\/\/informelitoral.com.ar\/#organization"},"image":{"@id":"https:\/\/informelitoral.com.ar\/la-oposicion-celebro-la-restitucion-del-fiscal-campagnoli-y-apunto-contra-el-gobierno\/#primaryimage"},"thumbnailUrl":"http:\/\/www.isletasnoticias.com.ar\/%77%70%2d%63%6f%6e%74%65%6e%74\/uploads\/2014\/07\/0717_carrio_solanas_alonso_piumato_negri_g_ced.jpg_1853027552.jpg","articleSection":["Nacionales","Politica"],"inLanguage":"es","potentialAction":[{"@type":"CommentAction","name":"Comment","target":["https:\/\/informelitoral.com.ar\/la-oposicion-celebro-la-restitucion-del-fiscal-campagnoli-y-apunto-contra-el-gobierno\/#respond"]}]},{"@type":"WebPage","@id":"https:\/\/informelitoral.com.ar\/la-oposicion-celebro-la-restitucion-del-fiscal-campagnoli-y-apunto-contra-el-gobierno\/","url":"https:\/\/informelitoral.com.ar\/la-oposicion-celebro-la-restitucion-del-fiscal-campagnoli-y-apunto-contra-el-gobierno\/","name":"La oposici\u00f3n celebr\u00f3 la restituci\u00f3n del fiscal Campagnoli y apunt\u00f3 contra el Gobierno - Informe Litoral","isPartOf":{"@id":"https:\/\/informelitoral.com.ar\/#website"},"primaryImageOfPage":{"@id":"https:\/\/informelitoral.com.ar\/la-oposicion-celebro-la-restitucion-del-fiscal-campagnoli-y-apunto-contra-el-gobierno\/#primaryimage"},"image":{"@id":"https:\/\/informelitoral.com.ar\/la-oposicion-celebro-la-restitucion-del-fiscal-campagnoli-y-apunto-contra-el-gobierno\/#primaryimage"},"thumbnailUrl":"http:\/\/www.isletasnoticias.com.ar\/%77%70%2d%63%6f%6e%74%65%6e%74\/uploads\/2014\/07\/0717_carrio_solanas_alonso_piumato_negri_g_ced.jpg_1853027552.jpg","datePublished":"2014-07-18T01:20:44+00:00","dateModified":"2014-07-18T01:20:57+00:00","breadcrumb":{"@id":"https:\/\/informelitoral.com.ar\/la-oposicion-celebro-la-restitucion-del-fiscal-campagnoli-y-apunto-contra-el-gobierno\/#breadcrumb"},"inLanguage":"es","potentialAction":[{"@type":"ReadAction","target":["https:\/\/informelitoral.com.ar\/la-oposicion-celebro-la-restitucion-del-fiscal-campagnoli-y-apunto-contra-el-gobierno\/"]}]},{"@type":"ImageObject","inLanguage":"es","@id":"https:\/\/informelitoral.com.ar\/la-oposicion-celebro-la-restitucion-del-fiscal-campagnoli-y-apunto-contra-el-gobierno\/#primaryimage","url":"http:\/\/www.isletasnoticias.com.ar\/%77%70%2d%63%6f%6e%74%65%6e%74\/uploads\/2014\/07\/0717_carrio_solanas_alonso_piumato_negri_g_ced.jpg_1853027552.jpg","contentUrl":"http:\/\/www.isletasnoticias.com.ar\/%77%70%2d%63%6f%6e%74%65%6e%74\/uploads\/2014\/07\/0717_carrio_solanas_alonso_piumato_negri_g_ced.jpg_1853027552.jpg"},{"@type":"BreadcrumbList","@id":"https:\/\/informelitoral.com.ar\/la-oposicion-celebro-la-restitucion-del-fiscal-campagnoli-y-apunto-contra-el-gobierno\/#breadcrumb","itemListElement":[{"@type":"ListItem","position":1,"name":"Portada","item":"https:\/\/informelitoral.com.ar\/"},{"@type":"ListItem","position":2,"name":"La oposici\u00f3n celebr\u00f3 la restituci\u00f3n del fiscal Campagnoli y apunt\u00f3 contra el Gobierno"}]},{"@type":"WebSite","@id":"https:\/\/informelitoral.com.ar\/#website","url":"https:\/\/informelitoral.com.ar\/","name":"Informe Litoral","description":"&quot;Nos informamos&quot; ","publisher":{"@id":"https:\/\/informelitoral.com.ar\/#organization"},"potentialAction":[{"@type":"SearchAction","target":{"@type":"EntryPoint","urlTemplate":"https:\/\/informelitoral.com.ar\/?s={search_term_string}"},"query-input":{"@type":"PropertyValueSpecification","valueRequired":true,"valueName":"search_term_string"}}],"inLanguage":"es"},{"@type":"Organization","@id":"https:\/\/informelitoral.com.ar\/#organization","name":"Informe Litoral","url":"https:\/\/informelitoral.com.ar\/","logo":{"@type":"ImageObject","inLanguage":"es","@id":"https:\/\/informelitoral.com.ar\/#\/schema\/logo\/image\/","url":"https:\/\/informelitoral.com.ar\/%77%70%2d%63%6f%6e%74%65%6e%74\/uploads\/2021\/01\/circulo.png","contentUrl":"https:\/\/informelitoral.com.ar\/%77%70%2d%63%6f%6e%74%65%6e%74\/uploads\/2021\/01\/circulo.png","width":723,"height":731,"caption":"Informe Litoral"},"image":{"@id":"https:\/\/informelitoral.com.ar\/#\/schema\/logo\/image\/"},"sameAs":["https:\/\/www.facebook.com\/informelitoral\/","https:\/\/x.com\/InformeLitoral","https:\/\/www.instagram.com\/informelitoral\/","https:\/\/www.youtube.com\/channel\/UCua4Qvz8Icb6MYqhoq9xLXw"]},{"@type":"Person","@id":"https:\/\/informelitoral.com.ar\/#\/schema\/person\/b9d00407c836482871ef1d57bf8e3180","name":"Gonzalo Schmidt","image":{"@type":"ImageObject","inLanguage":"es","@id":"https:\/\/secure.gravatar.com\/avatar\/31a1a7b66ff2de83bd0e9fd79d026630d2d99e55e8bfe501287647b4fd9743de?s=96&d=mm&r=g","url":"https:\/\/secure.gravatar.com\/avatar\/31a1a7b66ff2de83bd0e9fd79d026630d2d99e55e8bfe501287647b4fd9743de?s=96&d=mm&r=g","contentUrl":"https:\/\/secure.gravatar.com\/avatar\/31a1a7b66ff2de83bd0e9fd79d026630d2d99e55e8bfe501287647b4fd9743de?s=96&d=mm&r=g","caption":"Gonzalo Schmidt"},"description":"Sitio web de noticias de la provincia de Entre R\u00edos, Argentina. Informaci\u00f3n y entretenimiento. Informe Litoral, nos informamos.","sameAs":["http:\/\/www.isletasnoticias.com.ar"],"url":"https:\/\/informelitoral.com.ar\/author\/gonzalo\/"}]}},"_links":{"self":[{"href":"https:\/\/informelitoral.com.ar\/%77%70%2d%6a%73%6f%6e\/wp\/v2\/posts\/7504","targetHints":{"allow":["GET"]}}],"collection":[{"href":"https:\/\/informelitoral.com.ar\/%77%70%2d%6a%73%6f%6e\/wp\/v2\/posts"}],"about":[{"href":"https:\/\/informelitoral.com.ar\/%77%70%2d%6a%73%6f%6e\/wp\/v2\/types\/post"}],"author":[{"embeddable":true,"href":"https:\/\/informelitoral.com.ar\/%77%70%2d%6a%73%6f%6e\/wp\/v2\/users\/2"}],"replies":[{"embeddable":true,"href":"https:\/\/informelitoral.com.ar\/%77%70%2d%6a%73%6f%6e\/wp\/v2\/comments?post=7504"}],"version-history":[{"count":0,"href":"https:\/\/informelitoral.com.ar\/%77%70%2d%6a%73%6f%6e\/wp\/v2\/posts\/7504\/revisions"}],"wp:attachment":[{"href":"https:\/\/informelitoral.com.ar\/%77%70%2d%6a%73%6f%6e\/wp\/v2\/media?parent=7504"}],"wp:term":[{"taxonomy":"category","embeddable":true,"href":"https:\/\/informelitoral.com.ar\/%77%70%2d%6a%73%6f%6e\/wp\/v2\/categories?post=7504"},{"taxonomy":"post_tag","embeddable":true,"href":"https:\/\/informelitoral.com.ar\/%77%70%2d%6a%73%6f%6e\/wp\/v2\/tags?post=7504"}],"curies":[{"name":"wp","href":"https:\/\/api.w.org\/{rel}","templated":true}]}}